{"id":151482,"date":"2022-11-08T07:48:13","date_gmt":"2022-11-08T14:48:13","guid":{"rendered":"https:\/\/www.sonoraenequipo.com.mx\/?p=151482"},"modified":"2022-11-08T22:57:25","modified_gmt":"2022-11-09T05:57:25","slug":"los-estadounidenses-acuden-a-las-urnas-para-definir-el-futuro-politico-de-biden-y-trump","status":"publish","type":"post","link":"https:\/\/www.sonoraenequipo.com.mx\/los-estadounidenses-acuden-a-las-urnas-para-definir-el-futuro-politico-de-biden-y-trump\/","title":{"rendered":"Los estadounidenses acuden a las urnas para definir el futuro pol\u00edtico de Biden y Trump"},"content":{"rendered":"<p><strong>ESTADOS UNIDOS. \u2014<\/strong> Los estadounidenses votaban este martes en elecciones de mitad de mandato en las que est\u00e1n en juego las mayor\u00edas en el Congreso, lo que determinar\u00e1 el poder del presidente dem\u00f3crata Joe Biden durante los pr\u00f3ximos dos a\u00f1os pero tambi\u00e9n el futuro del republicano Donald Trump, impaciente por volver a la Casa Blanca.<\/p>\n<p>&nbsp;<\/p>\n<p> <\/p>\n<p>&nbsp;<\/p>\n<p><em><strong>\u201cHaz que tu voz se escuche hoy. Vota\u201d,<\/strong><\/em> tuite\u00f3 temprano Biden. Estos comicios que suelen ser desfavorables para el partido en el poder.<\/p>\n<p>&nbsp;<\/p>\n<p>Los primeros colegios electorales abrieron a las 06H00 (11H00 GMT) pero m\u00e1s de 40 millones de electores ya votaron de forma anticipada o por correo para renovar la totalidad de la C\u00e1mara de Representantes, un tercio del Senado y toda una serie de cargos municipales o regionales, incluidos varios gobernadores.<\/p>\n<p>&nbsp;<\/p>\n<p><em><strong>\u201cHay muchos temas importantes en las papeletas\u201d,<\/strong> <\/em>declar\u00f3 a la AFP Alexandra Ashley, una abogada de 30 a\u00f1os, en un centro electoral de Pittsburgh, en Pensilvania.<\/p>\n<p>&nbsp;<\/p>\n<p><strong><em>\u201cPara m\u00ed la prioridad es el aborto\u201d,<\/em><\/strong> agreg\u00f3 esta votante dem\u00f3crata. Este debate se impuso en la campa\u00f1a despu\u00e9s de que la Corte Suprema decidiera que cada estado debe decidir si lo autoriza o proh\u00edbe en su territorio. De hecho cinco estados celebran refer\u00e9ndums sobre el tema este martes.<\/p>\n<p>&nbsp;<\/p>\n<p>&nbsp;<\/p>\n<p>PUBLICADO EL 08\/NOVIEMBRE\/DE 2022 )<\/p>\n","protected":false},"excerpt":{"rendered":"<p>ESTADOS UNIDOS. \u2014 Los estadounidenses votaban este martes en elecciones de mitad de mandato en&#8230;<\/p>\n","protected":false},"author":1,"featured_media":151483,"comment_status":"open","ping_status":"open","sticky":false,"template":"","format":"standard","meta":{"_monsterinsights_skip_tracking":false,"_monsterinsights_sitenote_active":false,"_monsterinsights_sitenote_note":"","_monsterinsights_sitenote_category":0,"footnotes":""},"categories":[3],"tags":[],"class_list":["post"],"yoast_head":" \n<title>Sonora en Equipo. Los estadounidenses acuden a las urnas para definir el futuro pol\u00edtico de Biden y Trump MUNDO<\/title>\n<meta name=\"description\" content=\"ESTADOS UNIDOS. \u2014 Los estadounidenses votaban este martes en elecciones de mitad de mandato en las que est\u00e1n en juego las mayor\u00edas en el Congreso, lo que En Sonora en Equipo publicamos toda la informaci\u00f3n de Sonora, M\u00e9xico y el Mundo de manera oportuna y busca que la libertad de expresi\u00f3n sea real. Visita nuestro medio informativo publicado desde Hermosillo, Sonora. %\" \/>\n<meta name=\"robots\" content=\"index, follow, max-snippet:-1, max-image-preview:large, max-video-preview:-1\" \/>\n<link rel=\"canonical\" href=\"https:\/\/www.sonoraenequipo.com.mx\/los-estadounidenses-acuden-a-las-urnas-para-definir-el-futuro-politico-de-biden-y-trump\/\" \/>\n<meta property=\"og:locale\" content=\"es_ES\" \/>\n<meta property=\"og:type\" content=\"article\" \/>\n<meta property=\"og:title\" content=\"Sonora en Equipo. Los estadounidenses acuden a las urnas para definir el futuro pol\u00edtico de Biden y Trump MUNDO\" \/>\n<meta property=\"og:description\" content=\"ESTADOS UNIDOS. \u2014 Los estadounidenses votaban este martes en elecciones de mitad de mandato en las que est\u00e1n en juego las mayor\u00edas en el Congreso, lo que En Sonora en Equipo publicamos toda la informaci\u00f3n de Sonora, M\u00e9xico y el Mundo de manera oportuna y busca que la libertad de expresi\u00f3n sea real. Visita nuestro medio informativo publicado desde Hermosillo, Sonora. %\" \/>\n<meta property=\"og:url\" content=\"https:\/\/www.sonoraenequipo.com.mx\/los-estadounidenses-acuden-a-las-urnas-para-definir-el-futuro-politico-de-biden-y-trump\/\" \/>\n<meta property=\"og:site_name\" content=\"Sonora en Equipo.\" \/>\n<meta property=\"article:publisher\" content=\"https:\/\/www.facebook.com\/SonoraEE\/\" \/>\n<meta property=\"article:author\" content=\"https:\/\/www.facebook.com\/SonoraEE\" \/>\n<meta property=\"article:published_time\" content=\"2022-11-08T14:48:13+00:00\" \/>\n<meta property=\"article:modified_time\" content=\"2022-11-09T05:57:25+00:00\" \/>\n<meta property=\"og:image\" content=\"https:\/\/www.sonoraenequipo.com.mx\/storage\/2022\/11\/elecciones_en_eu.jpg\" \/>\n\t<meta property=\"og:image:width\" content=\"900\" \/>\n\t<meta property=\"og:image:height\" content=\"514\" \/>\n\t<meta property=\"og:image:type\" content=\"image\/jpeg\" \/>\n<meta name=\"author\" content=\"enequipo\" \/>\n<meta name=\"twitter:card\" content=\"summary_large_image\" \/>\n<meta name=\"twitter:creator\" content=\"@sonoraenequipo\" \/>\n<meta name=\"twitter:site\" content=\"@sonoraenequipo\" \/>\n<meta name=\"twitter:label1\" content=\"Escrito por\" \/>\n\t<meta name=\"twitter:data1\" content=\"enequipo\" \/>\n\t<meta name=\"twitter:label2\" content=\"Tiempo de lectura\" \/>\n\t<meta name=\"twitter:data2\" content=\"1 minuto\" \/>\n<script type=\"application\/ld+json\" class=\"yoast-schema-graph\">{\"@context\":\"https:\/\/schema.org\",\"@graph\":[{\"@type\":\"Article\",\"@id\":\"https:\/\/www.sonoraenequipo.com.mx\/los-estadounidenses-acuden-a-las-urnas-para-definir-el-futuro-politico-de-biden-y-trump\/#article\",\"isPartOf\":{\"@id\":\"https:\/\/www.sonoraenequipo.com.mx\/los-estadounidenses-acuden-a-las-urnas-para-definir-el-futuro-politico-de-biden-y-trump\/\"},\"author\":{\"name\":\"enequipo\",\"@id\":\"https:\/\/www.sonoraenequipo.com.mx\/#\/schema\/person\/50102df0fb23a8fa9e8effad8fa81386\"},\"headline\":\"Los estadounidenses acuden a las urnas para definir el futuro pol\u00edtico de Biden y Trump\",\"datePublished\":\"2022-11-08T14:48:13+00:00\",\"dateModified\":\"2022-11-09T05:57:25+00:00\",\"mainEntityOfPage\":{\"@id\":\"https:\/\/www.sonoraenequipo.com.mx\/los-estadounidenses-acuden-a-las-urnas-para-definir-el-futuro-politico-de-biden-y-trump\/\"},\"wordCount\":241,\"commentCount\":0,\"publisher\":{\"@id\":\"https:\/\/www.sonoraenequipo.com.mx\/#organization\"},\"image\":{\"@id\":\"https:\/\/www.sonoraenequipo.com.mx\/los-estadounidenses-acuden-a-las-urnas-para-definir-el-futuro-politico-de-biden-y-trump\/#primaryimage\"},\"thumbnailUrl\":\"https:\/\/www.sonoraenequipo.com.mx\/storage\/2022\/11\/elecciones_en_eu.jpg\",\"articleSection\":[\"MUNDO\"],\"inLanguage\":\"es\",\"potentialAction\":[{\"@type\":\"CommentAction\",\"name\":\"Comment\",\"target\":[\"https:\/\/www.sonoraenequipo.com.mx\/los-estadounidenses-acuden-a-las-urnas-para-definir-el-futuro-politico-de-biden-y-trump\/#respond\"]}]},{\"@type\":\"WebPage\",\"@id\":\"https:\/\/www.sonoraenequipo.com.mx\/los-estadounidenses-acuden-a-las-urnas-para-definir-el-futuro-politico-de-biden-y-trump\/\",\"url\":\"https:\/\/www.sonoraenequipo.com.mx\/los-estadounidenses-acuden-a-las-urnas-para-definir-el-futuro-politico-de-biden-y-trump\/\",\"name\":\"Sonora en Equipo. Los estadounidenses acuden a las urnas para definir el futuro pol\u00edtico de Biden y Trump MUNDO\",\"isPartOf\":{\"@id\":\"https:\/\/www.sonoraenequipo.com.mx\/#website\"},\"primaryImageOfPage\":{\"@id\":\"https:\/\/www.sonoraenequipo.com.mx\/los-estadounidenses-acuden-a-las-urnas-para-definir-el-futuro-politico-de-biden-y-trump\/#primaryimage\"},\"image\":{\"@id\":\"https:\/\/www.sonoraenequipo.com.mx\/los-estadounidenses-acuden-a-las-urnas-para-definir-el-futuro-politico-de-biden-y-trump\/#primaryimage\"},\"thumbnailUrl\":\"https:\/\/www.sonoraenequipo.com.mx\/storage\/2022\/11\/elecciones_en_eu.jpg\",\"datePublished\":\"2022-11-08T14:48:13+00:00\",\"dateModified\":\"2022-11-09T05:57:25+00:00\",\"description\":\"ESTADOS UNIDOS. \u2014 Los estadounidenses votaban este martes en elecciones de mitad de mandato en las que est\u00e1n en juego las mayor\u00edas en el Congreso, lo que En Sonora en Equipo publicamos toda la informaci\u00f3n de Sonora, M\u00e9xico y el Mundo de manera oportuna y busca que la libertad de expresi\u00f3n sea real. Visita nuestro medio informativo publicado desde Hermosillo, Sonora. %\",\"breadcrumb\":{\"@id\":\"https:\/\/www.sonoraenequipo.com.mx\/los-estadounidenses-acuden-a-las-urnas-para-definir-el-futuro-politico-de-biden-y-trump\/#breadcrumb\"},\"inLanguage\":\"es\",\"potentialAction\":[{\"@type\":\"ReadAction\",\"target\":[\"https:\/\/www.sonoraenequipo.com.mx\/los-estadounidenses-acuden-a-las-urnas-para-definir-el-futuro-politico-de-biden-y-trump\/\"]}]},{\"@type\":\"ImageObject\",\"inLanguage\":\"es\",\"@id\":\"https:\/\/www.sonoraenequipo.com.mx\/los-estadounidenses-acuden-a-las-urnas-para-definir-el-futuro-politico-de-biden-y-trump\/#primaryimage\",\"url\":\"https:\/\/www.sonoraenequipo.com.mx\/storage\/2022\/11\/elecciones_en_eu.jpg\",\"contentUrl\":\"https:\/\/www.sonoraenequipo.com.mx\/storage\/2022\/11\/elecciones_en_eu.jpg\",\"width\":900,\"height\":514},{\"@type\":\"BreadcrumbList\",\"@id\":\"https:\/\/www.sonoraenequipo.com.mx\/los-estadounidenses-acuden-a-las-urnas-para-definir-el-futuro-politico-de-biden-y-trump\/#breadcrumb\",\"itemListElement\":[{\"@type\":\"ListItem\",\"position\":1,\"name\":\"Portada\",\"item\":\"https:\/\/www.sonoraenequipo.com.mx\/\"},{\"@type\":\"ListItem\",\"position\":2,\"name\":\"Los estadounidenses acuden a las urnas para definir el futuro pol\u00edtico de Biden y Trump\"}]},{\"@type\":\"WebSite\",\"@id\":\"https:\/\/www.sonoraenequipo.com.mx\/#website\",\"url\":\"https:\/\/www.sonoraenequipo.com.mx\/\",\"name\":\"Sonora en Equipo.\",\"description\":\"Diario en l\u00ednea con Noticias desde Hermosillo, Sonora\",\"publisher\":{\"@id\":\"https:\/\/www.sonoraenequipo.com.mx\/#organization\"},\"potentialAction\":[{\"@type\":\"SearchAction\",\"target\":{\"@type\":\"EntryPoint\",\"urlTemplate\":\"https:\/\/www.sonoraenequipo.com.mx\/?s={search_term_string}\"},\"query-input\":{\"@type\":\"PropertyValueSpecification\",\"valueRequired\":true,\"valueName\":\"search_term_string\"}}],\"inLanguage\":\"es\"},{\"@type\":\"Organization\",\"@id\":\"https:\/\/www.sonoraenequipo.com.mx\/#organization\",\"name\":\"Sonoraenequipo.com.mx\",\"url\":\"https:\/\/www.sonoraenequipo.com.mx\/\",\"logo\":{\"@type\":\"ImageObject\",\"inLanguage\":\"es\",\"@id\":\"https:\/\/www.sonoraenequipo.com.mx\/#\/schema\/logo\/image\/\",\"url\":\"https:\/\/www.sonoraenequipo.com.mx\/storage\/2019\/01\/sonoraenequipo_opt.png\",\"contentUrl\":\"https:\/\/www.sonoraenequipo.com.mx\/storage\/2019\/01\/sonoraenequipo_opt.png\",\"width\":375,\"height\":125,\"caption\":\"Sonoraenequipo.com.mx\"},\"image\":{\"@id\":\"https:\/\/www.sonoraenequipo.com.mx\/#\/schema\/logo\/image\/\"},\"sameAs\":[\"https:\/\/www.facebook.com\/SonoraEE\/\",\"https:\/\/x.com\/sonoraenequipo\",\"https:\/\/www.youtube.com\/channel\/UC338nW-lPEYmJQs4ZABQ1SQ\"]},{\"@type\":\"Person\",\"@id\":\"https:\/\/www.sonoraenequipo.com.mx\/#\/schema\/person\/50102df0fb23a8fa9e8effad8fa81386\",\"name\":\"enequipo\",\"image\":{\"@type\":\"ImageObject\",\"inLanguage\":\"es\",\"@id\":\"https:\/\/www.sonoraenequipo.com.mx\/#\/schema\/person\/image\/\",\"url\":\"https:\/\/secure.gravatar.com\/avatar\/049821681b589dabc0bc20695993ccebb09f5b5d4d790cd9251b97faac7c652b?s=96&d=blank&r=g\",\"contentUrl\":\"https:\/\/secure.gravatar.com\/avatar\/049821681b589dabc0bc20695993ccebb09f5b5d4d790cd9251b97faac7c652b?s=96&d=blank&r=g\",\"caption\":\"enequipo\"},\"sameAs\":[\"https:\/\/www.facebook.com\/SonoraEE\"]}]}<\/script>\n ","yoast_head_json":{"title":"Sonora en Equipo. Los estadounidenses acuden a las urnas para definir el futuro pol\u00edtico de Biden y Trump MUNDO","description":"ESTADOS UNIDOS. \u2014 Los estadounidenses votaban este martes en elecciones de mitad de mandato en las que est\u00e1n en juego las mayor\u00edas en el Congreso, lo que En Sonora en Equipo publicamos toda la informaci\u00f3n de Sonora, M\u00e9xico y el Mundo de manera oportuna y busca que la libertad de expresi\u00f3n sea real. Visita nuestro medio informativo publicado desde Hermosillo, Sonora. %","robots":{"index":"index","follow":"follow","max-snippet":"max-snippet:-1","max-image-preview":"max-image-preview:large","max-video-preview":"max-video-preview:-1"},"canonical":"https:\/\/www.sonoraenequipo.com.mx\/los-estadounidenses-acuden-a-las-urnas-para-definir-el-futuro-politico-de-biden-y-trump\/","og_locale":"es_ES","og_type":"article","og_title":"Sonora en Equipo. Los estadounidenses acuden a las urnas para definir el futuro pol\u00edtico de Biden y Trump MUNDO","og_description":"ESTADOS UNIDOS. \u2014 Los estadounidenses votaban este martes en elecciones de mitad de mandato en las que est\u00e1n en juego las mayor\u00edas en el Congreso, lo que En Sonora en Equipo publicamos toda la informaci\u00f3n de Sonora, M\u00e9xico y el Mundo de manera oportuna y busca que la libertad de expresi\u00f3n sea real. Visita nuestro medio informativo publicado desde Hermosillo, Sonora. %","og_url":"https:\/\/www.sonoraenequipo.com.mx\/los-estadounidenses-acuden-a-las-urnas-para-definir-el-futuro-politico-de-biden-y-trump\/","og_site_name":"Sonora en Equipo.","article_publisher":"https:\/\/www.facebook.com\/SonoraEE\/","article_author":"https:\/\/www.facebook.com\/SonoraEE","article_published_time":"2022-11-08T14:48:13+00:00","article_modified_time":"2022-11-09T05:57:25+00:00","og_image":[{"width":900,"height":514,"url":"https:\/\/www.sonoraenequipo.com.mx\/storage\/2022\/11\/elecciones_en_eu.jpg","type":"image\/jpeg"}],"author":"enequipo","twitter_card":"summary_large_image","twitter_creator":"@sonoraenequipo","twitter_site":"@sonoraenequipo","twitter_misc":{"Escrito por":"enequipo","Tiempo de lectura":"1 minuto"},"schema":{"@context":"https:\/\/schema.org","@graph":[{"@type":"Article","@id":"https:\/\/www.sonoraenequipo.com.mx\/los-estadounidenses-acuden-a-las-urnas-para-definir-el-futuro-politico-de-biden-y-trump\/#article","isPartOf":{"@id":"https:\/\/www.sonoraenequipo.com.mx\/los-estadounidenses-acuden-a-las-urnas-para-definir-el-futuro-politico-de-biden-y-trump\/"},"author":{"name":"enequipo","@id":"https:\/\/www.sonoraenequipo.com.mx\/#\/schema\/person\/50102df0fb23a8fa9e8effad8fa81386"},"headline":"Los estadounidenses acuden a las urnas para definir el futuro pol\u00edtico de Biden y Trump","datePublished":"2022-11-08T14:48:13+00:00","dateModified":"2022-11-09T05:57:25+00:00","mainEntityOfPage":{"@id":"https:\/\/www.sonoraenequipo.com.mx\/los-estadounidenses-acuden-a-las-urnas-para-definir-el-futuro-politico-de-biden-y-trump\/"},"wordCount":241,"commentCount":0,"publisher":{"@id":"https:\/\/www.sonoraenequipo.com.mx\/#organization"},"image":{"@id":"https:\/\/www.sonoraenequipo.com.mx\/los-estadounidenses-acuden-a-las-urnas-para-definir-el-futuro-politico-de-biden-y-trump\/#primaryimage"},"thumbnailUrl":"https:\/\/www.sonoraenequipo.com.mx\/storage\/2022\/11\/elecciones_en_eu.jpg","articleSection":["MUNDO"],"inLanguage":"es","potentialAction":[{"@type":"CommentAction","name":"Comment","target":["https:\/\/www.sonoraenequipo.com.mx\/los-estadounidenses-acuden-a-las-urnas-para-definir-el-futuro-politico-de-biden-y-trump\/#respond"]}]},{"@type":"WebPage","@id":"https:\/\/www.sonoraenequipo.com.mx\/los-estadounidenses-acuden-a-las-urnas-para-definir-el-futuro-politico-de-biden-y-trump\/","url":"https:\/\/www.sonoraenequipo.com.mx\/los-estadounidenses-acuden-a-las-urnas-para-definir-el-futuro-politico-de-biden-y-trump\/","name":"Sonora en Equipo. Los estadounidenses acuden a las urnas para definir el futuro pol\u00edtico de Biden y Trump MUNDO","isPartOf":{"@id":"https:\/\/www.sonoraenequipo.com.mx\/#website"},"primaryImageOfPage":{"@id":"https:\/\/www.sonoraenequipo.com.mx\/los-estadounidenses-acuden-a-las-urnas-para-definir-el-futuro-politico-de-biden-y-trump\/#primaryimage"},"image":{"@id":"https:\/\/www.sonoraenequipo.com.mx\/los-estadounidenses-acuden-a-las-urnas-para-definir-el-futuro-politico-de-biden-y-trump\/#primaryimage"},"thumbnailUrl":"https:\/\/www.sonoraenequipo.com.mx\/storage\/2022\/11\/elecciones_en_eu.jpg","datePublished":"2022-11-08T14:48:13+00:00","dateModified":"2022-11-09T05:57:25+00:00","description":"ESTADOS UNIDOS. \u2014 Los estadounidenses votaban este martes en elecciones de mitad de mandato en las que est\u00e1n en juego las mayor\u00edas en el Congreso, lo que En Sonora en Equipo publicamos toda la informaci\u00f3n de Sonora, M\u00e9xico y el Mundo de manera oportuna y busca que la libertad de expresi\u00f3n sea real. Visita nuestro medio informativo publicado desde Hermosillo, Sonora. %","breadcrumb":{"@id":"https:\/\/www.sonoraenequipo.com.mx\/los-estadounidenses-acuden-a-las-urnas-para-definir-el-futuro-politico-de-biden-y-trump\/#breadcrumb"},"inLanguage":"es","potentialAction":[{"@type":"ReadAction","target":["https:\/\/www.sonoraenequipo.com.mx\/los-estadounidenses-acuden-a-las-urnas-para-definir-el-futuro-politico-de-biden-y-trump\/"]}]},{"@type":"ImageObject","inLanguage":"es","@id":"https:\/\/www.sonoraenequipo.com.mx\/los-estadounidenses-acuden-a-las-urnas-para-definir-el-futuro-politico-de-biden-y-trump\/#primaryimage","url":"https:\/\/www.sonoraenequipo.com.mx\/storage\/2022\/11\/elecciones_en_eu.jpg","contentUrl":"https:\/\/www.sonoraenequipo.com.mx\/storage\/2022\/11\/elecciones_en_eu.jpg","width":900,"height":514},{"@type":"BreadcrumbList","@id":"https:\/\/www.sonoraenequipo.com.mx\/los-estadounidenses-acuden-a-las-urnas-para-definir-el-futuro-politico-de-biden-y-trump\/#breadcrumb","itemListElement":[{"@type":"ListItem","position":1,"name":"Portada","item":"https:\/\/www.sonoraenequipo.com.mx\/"},{"@type":"ListItem","position":2,"name":"Los estadounidenses acuden a las urnas para definir el futuro pol\u00edtico de Biden y Trump"}]},{"@type":"WebSite","@id":"https:\/\/www.sonoraenequipo.com.mx\/#website","url":"https:\/\/www.sonoraenequipo.com.mx\/","name":"Sonora en Equipo.","description":"Diario en l\u00ednea con Noticias desde Hermosillo, Sonora","publisher":{"@id":"https:\/\/www.sonoraenequipo.com.mx\/#organization"},"potentialAction":[{"@type":"SearchAction","target":{"@type":"EntryPoint","urlTemplate":"https:\/\/www.sonoraenequipo.com.mx\/?s={search_term_string}"},"query-input":{"@type":"PropertyValueSpecification","valueRequired":true,"valueName":"search_term_string"}}],"inLanguage":"es"},{"@type":"Organization","@id":"https:\/\/www.sonoraenequipo.com.mx\/#organization","name":"Sonoraenequipo.com.mx","url":"https:\/\/www.sonoraenequipo.com.mx\/","logo":{"@type":"ImageObject","inLanguage":"es","@id":"https:\/\/www.sonoraenequipo.com.mx\/#\/schema\/logo\/image\/","url":"https:\/\/www.sonoraenequipo.com.mx\/storage\/2019\/01\/sonoraenequipo_opt.png","contentUrl":"https:\/\/www.sonoraenequipo.com.mx\/storage\/2019\/01\/sonoraenequipo_opt.png","width":375,"height":125,"caption":"Sonoraenequipo.com.mx"},"image":{"@id":"https:\/\/www.sonoraenequipo.com.mx\/#\/schema\/logo\/image\/"},"sameAs":["https:\/\/www.facebook.com\/SonoraEE\/","https:\/\/x.com\/sonoraenequipo","https:\/\/www.youtube.com\/channel\/UC338nW-lPEYmJQs4ZABQ1SQ"]},{"@type":"Person","@id":"https:\/\/www.sonoraenequipo.com.mx\/#\/schema\/person\/50102df0fb23a8fa9e8effad8fa81386","name":"enequipo","image":{"@type":"ImageObject","inLanguage":"es","@id":"https:\/\/www.sonoraenequipo.com.mx\/#\/schema\/person\/image\/","url":"https:\/\/secure.gravatar.com\/avatar\/049821681b589dabc0bc20695993ccebb09f5b5d4d790cd9251b97faac7c652b?s=96&d=blank&r=g","contentUrl":"https:\/\/secure.gravatar.com\/avatar\/049821681b589dabc0bc20695993ccebb09f5b5d4d790cd9251b97faac7c652b?s=96&d=blank&r=g","caption":"enequipo"},"sameAs":["https:\/\/www.facebook.com\/SonoraEE"]}]}},"jetpack_featured_media_url":"https:\/\/www.sonoraenequipo.com.mx\/storage\/2022\/11\/elecciones_en_eu.jpg","_links":{"self":[{"href":"https:\/\/www.sonoraenequipo.com.mx\/api\/wp\/v2\/posts\/151482","targetHints":{"allow":["GET"]}}],"collection":[{"href":"https:\/\/www.sonoraenequipo.com.mx\/api\/wp\/v2\/posts"}],"about":[{"href":"https:\/\/www.sonoraenequipo.com.mx\/api\/wp\/v2\/types\/post"}],"author":[{"embeddable":true,"href":"https:\/\/www.sonoraenequipo.com.mx\/api\/wp\/v2\/users\/1"}],"replies":[{"embeddable":true,"href":"https:\/\/www.sonoraenequipo.com.mx\/api\/wp\/v2\/comments?post=151482"}],"version-history":[{"count":1,"href":"https:\/\/www.sonoraenequipo.com.mx\/api\/wp\/v2\/posts\/151482\/revisions"}],"predecessor-version":[{"id":151484,"href":"https:\/\/www.sonoraenequipo.com.mx\/api\/wp\/v2\/posts\/151482\/revisions\/151484"}],"wp:featuredmedia":[{"embeddable":true,"href":"https:\/\/www.sonoraenequipo.com.mx\/api\/wp\/v2\/media\/151483"}],"wp:attachment":[{"href":"https:\/\/www.sonoraenequipo.com.mx\/api\/wp\/v2\/media?parent=151482"}],"wp:term":[{"taxonomy":"category","embeddable":true,"href":"https:\/\/www.sonoraenequipo.com.mx\/api\/wp\/v2\/categories?post=151482"},{"taxonomy":"post_tag","embeddable":true,"href":"https:\/\/www.sonoraenequipo.com.mx\/api\/wp\/v2\/tags?post=151482"}],"curies":[{"name":"wp","href":"https:\/\/api.w.org\/{rel}","templated":true}]}}