{"id":151496,"date":"2022-11-08T11:05:29","date_gmt":"2022-11-08T18:05:29","guid":{"rendered":"https:\/\/www.sonoraenequipo.com.mx\/?p=151496"},"modified":"2022-11-09T10:50:41","modified_gmt":"2022-11-09T17:50:41","slug":"joseph-blatter-culpa-a-platini-del-error-de-conceder-el-mundial-de-futbol-a-qatar","status":"publish","type":"post","link":"https:\/\/www.sonoraenequipo.com.mx\/joseph-blatter-culpa-a-platini-del-error-de-conceder-el-mundial-de-futbol-a-qatar\/","title":{"rendered":"Joseph Blatter culpa a Platini del \u201cerror\u201d de conceder el Mundial de f\u00fatbol a Qatar"},"content":{"rendered":"<p>El expresidente de la FIFA Joseph Blatter reiter\u00f3 hoy, a menos de dos semanas del inicio del Mundial de Qatar, que la elecci\u00f3n en 2010 de ese pa\u00eds como sede, cuando \u00e9l dirig\u00eda la organizaci\u00f3n rectora del f\u00fatbol global, fue un \u201cerror\u201d, del que responsabiliz\u00f3 al entonces presidente de la UEFA, Michel Platini.<\/p>\n<p>&nbsp;<\/p>\n<p> <\/p>\n<p><em><strong>\u201cGracias a los cuatro votos de Platini y su equipo, la Copa del Mundo fue a Qatar en vez de a Estados Unidos, esa es la verdad\u201d,<\/strong><\/em> se\u00f1al\u00f3 en una extensa entrevista publicada hoy por el diario Tribune de Gen\u00e8ve, donde indic\u00f3 que el emirato del Golfo P\u00e9rsico \u201c<strong><em>es un pa\u00eds demasiado peque\u00f1o, para el que el Mundial es demasiado grande\u201d.<\/em><\/strong><\/p>\n<p>&nbsp;<\/p>\n<p>Como ya revel\u00f3 el pasado a\u00f1o en otra entrevista, en esa ocasi\u00f3n al diario franc\u00e9s Le Monde, fue el entonces presidente de Francia, Nicolas Sarkozy, quien presion\u00f3 a Platini para que los votos de la UEFA fueran a Qatar, despu\u00e9s de que el jefe del El\u00edseo se reuniera con el pr\u00edncipe heredero qatar\u00ed.<\/p>\n<p>&nbsp;<\/p>\n<p><em><strong>\u201cSeis meses m\u00e1s tarde, Qatar compr\u00f3 aviones de combate a Francia por valor de 14.6 millones de d\u00f3lares, era por supuesto un asunto de dinero\u201d,<\/strong> <\/em>asegur\u00f3 hoy Blatter.<\/p>\n<p>&nbsp;<\/p>\n<p>&nbsp;<\/p>\n<p>PUBLICADO EL 08\/NOVIEMBRE\/DE 2022)<\/p>\n","protected":false},"excerpt":{"rendered":"<p>El expresidente de la FIFA Joseph Blatter reiter\u00f3 hoy, a menos de dos semanas del&#8230;<\/p>\n","protected":false},"author":1,"featured_media":151497,"comment_status":"open","ping_status":"open","sticky":false,"template":"","format":"standard","meta":{"_monsterinsights_skip_tracking":false,"_monsterinsights_sitenote_active":false,"_monsterinsights_sitenote_note":"","_monsterinsights_sitenote_category":0,"footnotes":""},"categories":[10],"tags":[],"class_list":["post"],"yoast_head":" \n<title>Sonora en Equipo. Joseph Blatter culpa a Platini del \u201cerror\u201d de conceder el Mundial de f\u00fatbol a Qatar Deportes<\/title>\n<meta name=\"description\" content=\"El expresidente de la FIFA Joseph Blatter reiter\u00f3 hoy, a menos de dos semanas del inicio del Mundial de Qatar, que la elecci\u00f3n en 2010 de ese pa\u00eds como En Sonora en Equipo publicamos toda la informaci\u00f3n de Sonora, M\u00e9xico y el Mundo de manera oportuna y busca que la libertad de expresi\u00f3n sea real. Visita nuestro medio informativo publicado desde Hermosillo, Sonora. %\" \/>\n<meta name=\"robots\" content=\"index, follow, max-snippet:-1, max-image-preview:large, max-video-preview:-1\" \/>\n<link rel=\"canonical\" href=\"https:\/\/www.sonoraenequipo.com.mx\/joseph-blatter-culpa-a-platini-del-error-de-conceder-el-mundial-de-futbol-a-qatar\/\" \/>\n<meta property=\"og:locale\" content=\"es_ES\" \/>\n<meta property=\"og:type\" content=\"article\" \/>\n<meta property=\"og:title\" content=\"Sonora en Equipo. Joseph Blatter culpa a Platini del \u201cerror\u201d de conceder el Mundial de f\u00fatbol a Qatar Deportes\" \/>\n<meta property=\"og:description\" content=\"El expresidente de la FIFA Joseph Blatter reiter\u00f3 hoy, a menos de dos semanas del inicio del Mundial de Qatar, que la elecci\u00f3n en 2010 de ese pa\u00eds como En Sonora en Equipo publicamos toda la informaci\u00f3n de Sonora, M\u00e9xico y el Mundo de manera oportuna y busca que la libertad de expresi\u00f3n sea real. Visita nuestro medio informativo publicado desde Hermosillo, Sonora. %\" \/>\n<meta property=\"og:url\" content=\"https:\/\/www.sonoraenequipo.com.mx\/joseph-blatter-culpa-a-platini-del-error-de-conceder-el-mundial-de-futbol-a-qatar\/\" \/>\n<meta property=\"og:site_name\" content=\"Sonora en Equipo.\" \/>\n<meta property=\"article:publisher\" content=\"https:\/\/www.facebook.com\/SonoraEE\/\" \/>\n<meta property=\"article:author\" content=\"https:\/\/www.facebook.com\/SonoraEE\" \/>\n<meta property=\"article:published_time\" content=\"2022-11-08T18:05:29+00:00\" \/>\n<meta property=\"article:modified_time\" content=\"2022-11-09T17:50:41+00:00\" \/>\n<meta property=\"og:image\" content=\"https:\/\/www.sonoraenequipo.com.mx\/storage\/2022\/11\/Blatter-Platini-Qatar-.jpg\" \/>\n\t<meta property=\"og:image:width\" content=\"900\" \/>\n\t<meta property=\"og:image:height\" content=\"575\" \/>\n\t<meta property=\"og:image:type\" content=\"image\/jpeg\" \/>\n<meta name=\"author\" content=\"enequipo\" \/>\n<meta name=\"twitter:card\" content=\"summary_large_image\" \/>\n<meta name=\"twitter:creator\" content=\"@sonoraenequipo\" \/>\n<meta name=\"twitter:site\" content=\"@sonoraenequipo\" \/>\n<meta name=\"twitter:label1\" content=\"Escrito por\" \/>\n\t<meta name=\"twitter:data1\" content=\"enequipo\" \/>\n\t<meta name=\"twitter:label2\" content=\"Tiempo de lectura\" \/>\n\t<meta name=\"twitter:data2\" content=\"1 minuto\" \/>\n<script type=\"application\/ld+json\" class=\"yoast-schema-graph\">{\"@context\":\"https:\/\/schema.org\",\"@graph\":[{\"@type\":\"Article\",\"@id\":\"https:\/\/www.sonoraenequipo.com.mx\/joseph-blatter-culpa-a-platini-del-error-de-conceder-el-mundial-de-futbol-a-qatar\/#article\",\"isPartOf\":{\"@id\":\"https:\/\/www.sonoraenequipo.com.mx\/joseph-blatter-culpa-a-platini-del-error-de-conceder-el-mundial-de-futbol-a-qatar\/\"},\"author\":{\"name\":\"enequipo\",\"@id\":\"https:\/\/www.sonoraenequipo.com.mx\/#\/schema\/person\/50102df0fb23a8fa9e8effad8fa81386\"},\"headline\":\"Joseph Blatter culpa a Platini del \u201cerror\u201d de conceder el Mundial de f\u00fatbol a Qatar\",\"datePublished\":\"2022-11-08T18:05:29+00:00\",\"dateModified\":\"2022-11-09T17:50:41+00:00\",\"mainEntityOfPage\":{\"@id\":\"https:\/\/www.sonoraenequipo.com.mx\/joseph-blatter-culpa-a-platini-del-error-de-conceder-el-mundial-de-futbol-a-qatar\/\"},\"wordCount\":236,\"commentCount\":0,\"publisher\":{\"@id\":\"https:\/\/www.sonoraenequipo.com.mx\/#organization\"},\"image\":{\"@id\":\"https:\/\/www.sonoraenequipo.com.mx\/joseph-blatter-culpa-a-platini-del-error-de-conceder-el-mundial-de-futbol-a-qatar\/#primaryimage\"},\"thumbnailUrl\":\"https:\/\/www.sonoraenequipo.com.mx\/storage\/2022\/11\/Blatter-Platini-Qatar-.jpg\",\"articleSection\":[\"Deportes\"],\"inLanguage\":\"es\",\"potentialAction\":[{\"@type\":\"CommentAction\",\"name\":\"Comment\",\"target\":[\"https:\/\/www.sonoraenequipo.com.mx\/joseph-blatter-culpa-a-platini-del-error-de-conceder-el-mundial-de-futbol-a-qatar\/#respond\"]}]},{\"@type\":\"WebPage\",\"@id\":\"https:\/\/www.sonoraenequipo.com.mx\/joseph-blatter-culpa-a-platini-del-error-de-conceder-el-mundial-de-futbol-a-qatar\/\",\"url\":\"https:\/\/www.sonoraenequipo.com.mx\/joseph-blatter-culpa-a-platini-del-error-de-conceder-el-mundial-de-futbol-a-qatar\/\",\"name\":\"Sonora en Equipo. Joseph Blatter culpa a Platini del \u201cerror\u201d de conceder el Mundial de f\u00fatbol a Qatar Deportes\",\"isPartOf\":{\"@id\":\"https:\/\/www.sonoraenequipo.com.mx\/#website\"},\"primaryImageOfPage\":{\"@id\":\"https:\/\/www.sonoraenequipo.com.mx\/joseph-blatter-culpa-a-platini-del-error-de-conceder-el-mundial-de-futbol-a-qatar\/#primaryimage\"},\"image\":{\"@id\":\"https:\/\/www.sonoraenequipo.com.mx\/joseph-blatter-culpa-a-platini-del-error-de-conceder-el-mundial-de-futbol-a-qatar\/#primaryimage\"},\"thumbnailUrl\":\"https:\/\/www.sonoraenequipo.com.mx\/storage\/2022\/11\/Blatter-Platini-Qatar-.jpg\",\"datePublished\":\"2022-11-08T18:05:29+00:00\",\"dateModified\":\"2022-11-09T17:50:41+00:00\",\"description\":\"El expresidente de la FIFA Joseph Blatter reiter\u00f3 hoy, a menos de dos semanas del inicio del Mundial de Qatar, que la elecci\u00f3n en 2010 de ese pa\u00eds como En Sonora en Equipo publicamos toda la informaci\u00f3n de Sonora, M\u00e9xico y el Mundo de manera oportuna y busca que la libertad de expresi\u00f3n sea real. Visita nuestro medio informativo publicado desde Hermosillo, Sonora. %\",\"breadcrumb\":{\"@id\":\"https:\/\/www.sonoraenequipo.com.mx\/joseph-blatter-culpa-a-platini-del-error-de-conceder-el-mundial-de-futbol-a-qatar\/#breadcrumb\"},\"inLanguage\":\"es\",\"potentialAction\":[{\"@type\":\"ReadAction\",\"target\":[\"https:\/\/www.sonoraenequipo.com.mx\/joseph-blatter-culpa-a-platini-del-error-de-conceder-el-mundial-de-futbol-a-qatar\/\"]}]},{\"@type\":\"ImageObject\",\"inLanguage\":\"es\",\"@id\":\"https:\/\/www.sonoraenequipo.com.mx\/joseph-blatter-culpa-a-platini-del-error-de-conceder-el-mundial-de-futbol-a-qatar\/#primaryimage\",\"url\":\"https:\/\/www.sonoraenequipo.com.mx\/storage\/2022\/11\/Blatter-Platini-Qatar-.jpg\",\"contentUrl\":\"https:\/\/www.sonoraenequipo.com.mx\/storage\/2022\/11\/Blatter-Platini-Qatar-.jpg\",\"width\":900,\"height\":575},{\"@type\":\"BreadcrumbList\",\"@id\":\"https:\/\/www.sonoraenequipo.com.mx\/joseph-blatter-culpa-a-platini-del-error-de-conceder-el-mundial-de-futbol-a-qatar\/#breadcrumb\",\"itemListElement\":[{\"@type\":\"ListItem\",\"position\":1,\"name\":\"Portada\",\"item\":\"https:\/\/www.sonoraenequipo.com.mx\/\"},{\"@type\":\"ListItem\",\"position\":2,\"name\":\"Joseph Blatter culpa a Platini del \u201cerror\u201d de conceder el Mundial de f\u00fatbol a Qatar\"}]},{\"@type\":\"WebSite\",\"@id\":\"https:\/\/www.sonoraenequipo.com.mx\/#website\",\"url\":\"https:\/\/www.sonoraenequipo.com.mx\/\",\"name\":\"Sonora en Equipo.\",\"description\":\"Diario en l\u00ednea con Noticias desde Hermosillo, Sonora\",\"publisher\":{\"@id\":\"https:\/\/www.sonoraenequipo.com.mx\/#organization\"},\"potentialAction\":[{\"@type\":\"SearchAction\",\"target\":{\"@type\":\"EntryPoint\",\"urlTemplate\":\"https:\/\/www.sonoraenequipo.com.mx\/?s={search_term_string}\"},\"query-input\":{\"@type\":\"PropertyValueSpecification\",\"valueRequired\":true,\"valueName\":\"search_term_string\"}}],\"inLanguage\":\"es\"},{\"@type\":\"Organization\",\"@id\":\"https:\/\/www.sonoraenequipo.com.mx\/#organization\",\"name\":\"Sonoraenequipo.com.mx\",\"url\":\"https:\/\/www.sonoraenequipo.com.mx\/\",\"logo\":{\"@type\":\"ImageObject\",\"inLanguage\":\"es\",\"@id\":\"https:\/\/www.sonoraenequipo.com.mx\/#\/schema\/logo\/image\/\",\"url\":\"https:\/\/www.sonoraenequipo.com.mx\/storage\/2019\/01\/sonoraenequipo_opt.png\",\"contentUrl\":\"https:\/\/www.sonoraenequipo.com.mx\/storage\/2019\/01\/sonoraenequipo_opt.png\",\"width\":375,\"height\":125,\"caption\":\"Sonoraenequipo.com.mx\"},\"image\":{\"@id\":\"https:\/\/www.sonoraenequipo.com.mx\/#\/schema\/logo\/image\/\"},\"sameAs\":[\"https:\/\/www.facebook.com\/SonoraEE\/\",\"https:\/\/x.com\/sonoraenequipo\",\"https:\/\/www.youtube.com\/channel\/UC338nW-lPEYmJQs4ZABQ1SQ\"]},{\"@type\":\"Person\",\"@id\":\"https:\/\/www.sonoraenequipo.com.mx\/#\/schema\/person\/50102df0fb23a8fa9e8effad8fa81386\",\"name\":\"enequipo\",\"image\":{\"@type\":\"ImageObject\",\"inLanguage\":\"es\",\"@id\":\"https:\/\/www.sonoraenequipo.com.mx\/#\/schema\/person\/image\/\",\"url\":\"https:\/\/secure.gravatar.com\/avatar\/049821681b589dabc0bc20695993ccebb09f5b5d4d790cd9251b97faac7c652b?s=96&d=blank&r=g\",\"contentUrl\":\"https:\/\/secure.gravatar.com\/avatar\/049821681b589dabc0bc20695993ccebb09f5b5d4d790cd9251b97faac7c652b?s=96&d=blank&r=g\",\"caption\":\"enequipo\"},\"sameAs\":[\"https:\/\/www.facebook.com\/SonoraEE\"]}]}<\/script>\n ","yoast_head_json":{"title":"Sonora en Equipo. Joseph Blatter culpa a Platini del \u201cerror\u201d de conceder el Mundial de f\u00fatbol a Qatar Deportes","description":"El expresidente de la FIFA Joseph Blatter reiter\u00f3 hoy, a menos de dos semanas del inicio del Mundial de Qatar, que la elecci\u00f3n en 2010 de ese pa\u00eds como En Sonora en Equipo publicamos toda la informaci\u00f3n de Sonora, M\u00e9xico y el Mundo de manera oportuna y busca que la libertad de expresi\u00f3n sea real. Visita nuestro medio informativo publicado desde Hermosillo, Sonora. %","robots":{"index":"index","follow":"follow","max-snippet":"max-snippet:-1","max-image-preview":"max-image-preview:large","max-video-preview":"max-video-preview:-1"},"canonical":"https:\/\/www.sonoraenequipo.com.mx\/joseph-blatter-culpa-a-platini-del-error-de-conceder-el-mundial-de-futbol-a-qatar\/","og_locale":"es_ES","og_type":"article","og_title":"Sonora en Equipo. Joseph Blatter culpa a Platini del \u201cerror\u201d de conceder el Mundial de f\u00fatbol a Qatar Deportes","og_description":"El expresidente de la FIFA Joseph Blatter reiter\u00f3 hoy, a menos de dos semanas del inicio del Mundial de Qatar, que la elecci\u00f3n en 2010 de ese pa\u00eds como En Sonora en Equipo publicamos toda la informaci\u00f3n de Sonora, M\u00e9xico y el Mundo de manera oportuna y busca que la libertad de expresi\u00f3n sea real. Visita nuestro medio informativo publicado desde Hermosillo, Sonora. %","og_url":"https:\/\/www.sonoraenequipo.com.mx\/joseph-blatter-culpa-a-platini-del-error-de-conceder-el-mundial-de-futbol-a-qatar\/","og_site_name":"Sonora en Equipo.","article_publisher":"https:\/\/www.facebook.com\/SonoraEE\/","article_author":"https:\/\/www.facebook.com\/SonoraEE","article_published_time":"2022-11-08T18:05:29+00:00","article_modified_time":"2022-11-09T17:50:41+00:00","og_image":[{"width":900,"height":575,"url":"https:\/\/www.sonoraenequipo.com.mx\/storage\/2022\/11\/Blatter-Platini-Qatar-.jpg","type":"image\/jpeg"}],"author":"enequipo","twitter_card":"summary_large_image","twitter_creator":"@sonoraenequipo","twitter_site":"@sonoraenequipo","twitter_misc":{"Escrito por":"enequipo","Tiempo de lectura":"1 minuto"},"schema":{"@context":"https:\/\/schema.org","@graph":[{"@type":"Article","@id":"https:\/\/www.sonoraenequipo.com.mx\/joseph-blatter-culpa-a-platini-del-error-de-conceder-el-mundial-de-futbol-a-qatar\/#article","isPartOf":{"@id":"https:\/\/www.sonoraenequipo.com.mx\/joseph-blatter-culpa-a-platini-del-error-de-conceder-el-mundial-de-futbol-a-qatar\/"},"author":{"name":"enequipo","@id":"https:\/\/www.sonoraenequipo.com.mx\/#\/schema\/person\/50102df0fb23a8fa9e8effad8fa81386"},"headline":"Joseph Blatter culpa a Platini del \u201cerror\u201d de conceder el Mundial de f\u00fatbol a Qatar","datePublished":"2022-11-08T18:05:29+00:00","dateModified":"2022-11-09T17:50:41+00:00","mainEntityOfPage":{"@id":"https:\/\/www.sonoraenequipo.com.mx\/joseph-blatter-culpa-a-platini-del-error-de-conceder-el-mundial-de-futbol-a-qatar\/"},"wordCount":236,"commentCount":0,"publisher":{"@id":"https:\/\/www.sonoraenequipo.com.mx\/#organization"},"image":{"@id":"https:\/\/www.sonoraenequipo.com.mx\/joseph-blatter-culpa-a-platini-del-error-de-conceder-el-mundial-de-futbol-a-qatar\/#primaryimage"},"thumbnailUrl":"https:\/\/www.sonoraenequipo.com.mx\/storage\/2022\/11\/Blatter-Platini-Qatar-.jpg","articleSection":["Deportes"],"inLanguage":"es","potentialAction":[{"@type":"CommentAction","name":"Comment","target":["https:\/\/www.sonoraenequipo.com.mx\/joseph-blatter-culpa-a-platini-del-error-de-conceder-el-mundial-de-futbol-a-qatar\/#respond"]}]},{"@type":"WebPage","@id":"https:\/\/www.sonoraenequipo.com.mx\/joseph-blatter-culpa-a-platini-del-error-de-conceder-el-mundial-de-futbol-a-qatar\/","url":"https:\/\/www.sonoraenequipo.com.mx\/joseph-blatter-culpa-a-platini-del-error-de-conceder-el-mundial-de-futbol-a-qatar\/","name":"Sonora en Equipo. Joseph Blatter culpa a Platini del \u201cerror\u201d de conceder el Mundial de f\u00fatbol a Qatar Deportes","isPartOf":{"@id":"https:\/\/www.sonoraenequipo.com.mx\/#website"},"primaryImageOfPage":{"@id":"https:\/\/www.sonoraenequipo.com.mx\/joseph-blatter-culpa-a-platini-del-error-de-conceder-el-mundial-de-futbol-a-qatar\/#primaryimage"},"image":{"@id":"https:\/\/www.sonoraenequipo.com.mx\/joseph-blatter-culpa-a-platini-del-error-de-conceder-el-mundial-de-futbol-a-qatar\/#primaryimage"},"thumbnailUrl":"https:\/\/www.sonoraenequipo.com.mx\/storage\/2022\/11\/Blatter-Platini-Qatar-.jpg","datePublished":"2022-11-08T18:05:29+00:00","dateModified":"2022-11-09T17:50:41+00:00","description":"El expresidente de la FIFA Joseph Blatter reiter\u00f3 hoy, a menos de dos semanas del inicio del Mundial de Qatar, que la elecci\u00f3n en 2010 de ese pa\u00eds como En Sonora en Equipo publicamos toda la informaci\u00f3n de Sonora, M\u00e9xico y el Mundo de manera oportuna y busca que la libertad de expresi\u00f3n sea real. Visita nuestro medio informativo publicado desde Hermosillo, Sonora. %","breadcrumb":{"@id":"https:\/\/www.sonoraenequipo.com.mx\/joseph-blatter-culpa-a-platini-del-error-de-conceder-el-mundial-de-futbol-a-qatar\/#breadcrumb"},"inLanguage":"es","potentialAction":[{"@type":"ReadAction","target":["https:\/\/www.sonoraenequipo.com.mx\/joseph-blatter-culpa-a-platini-del-error-de-conceder-el-mundial-de-futbol-a-qatar\/"]}]},{"@type":"ImageObject","inLanguage":"es","@id":"https:\/\/www.sonoraenequipo.com.mx\/joseph-blatter-culpa-a-platini-del-error-de-conceder-el-mundial-de-futbol-a-qatar\/#primaryimage","url":"https:\/\/www.sonoraenequipo.com.mx\/storage\/2022\/11\/Blatter-Platini-Qatar-.jpg","contentUrl":"https:\/\/www.sonoraenequipo.com.mx\/storage\/2022\/11\/Blatter-Platini-Qatar-.jpg","width":900,"height":575},{"@type":"BreadcrumbList","@id":"https:\/\/www.sonoraenequipo.com.mx\/joseph-blatter-culpa-a-platini-del-error-de-conceder-el-mundial-de-futbol-a-qatar\/#breadcrumb","itemListElement":[{"@type":"ListItem","position":1,"name":"Portada","item":"https:\/\/www.sonoraenequipo.com.mx\/"},{"@type":"ListItem","position":2,"name":"Joseph Blatter culpa a Platini del \u201cerror\u201d de conceder el Mundial de f\u00fatbol a Qatar"}]},{"@type":"WebSite","@id":"https:\/\/www.sonoraenequipo.com.mx\/#website","url":"https:\/\/www.sonoraenequipo.com.mx\/","name":"Sonora en Equipo.","description":"Diario en l\u00ednea con Noticias desde Hermosillo, Sonora","publisher":{"@id":"https:\/\/www.sonoraenequipo.com.mx\/#organization"},"potentialAction":[{"@type":"SearchAction","target":{"@type":"EntryPoint","urlTemplate":"https:\/\/www.sonoraenequipo.com.mx\/?s={search_term_string}"},"query-input":{"@type":"PropertyValueSpecification","valueRequired":true,"valueName":"search_term_string"}}],"inLanguage":"es"},{"@type":"Organization","@id":"https:\/\/www.sonoraenequipo.com.mx\/#organization","name":"Sonoraenequipo.com.mx","url":"https:\/\/www.sonoraenequipo.com.mx\/","logo":{"@type":"ImageObject","inLanguage":"es","@id":"https:\/\/www.sonoraenequipo.com.mx\/#\/schema\/logo\/image\/","url":"https:\/\/www.sonoraenequipo.com.mx\/storage\/2019\/01\/sonoraenequipo_opt.png","contentUrl":"https:\/\/www.sonoraenequipo.com.mx\/storage\/2019\/01\/sonoraenequipo_opt.png","width":375,"height":125,"caption":"Sonoraenequipo.com.mx"},"image":{"@id":"https:\/\/www.sonoraenequipo.com.mx\/#\/schema\/logo\/image\/"},"sameAs":["https:\/\/www.facebook.com\/SonoraEE\/","https:\/\/x.com\/sonoraenequipo","https:\/\/www.youtube.com\/channel\/UC338nW-lPEYmJQs4ZABQ1SQ"]},{"@type":"Person","@id":"https:\/\/www.sonoraenequipo.com.mx\/#\/schema\/person\/50102df0fb23a8fa9e8effad8fa81386","name":"enequipo","image":{"@type":"ImageObject","inLanguage":"es","@id":"https:\/\/www.sonoraenequipo.com.mx\/#\/schema\/person\/image\/","url":"https:\/\/secure.gravatar.com\/avatar\/049821681b589dabc0bc20695993ccebb09f5b5d4d790cd9251b97faac7c652b?s=96&d=blank&r=g","contentUrl":"https:\/\/secure.gravatar.com\/avatar\/049821681b589dabc0bc20695993ccebb09f5b5d4d790cd9251b97faac7c652b?s=96&d=blank&r=g","caption":"enequipo"},"sameAs":["https:\/\/www.facebook.com\/SonoraEE"]}]}},"jetpack_featured_media_url":"https:\/\/www.sonoraenequipo.com.mx\/storage\/2022\/11\/Blatter-Platini-Qatar-.jpg","_links":{"self":[{"href":"https:\/\/www.sonoraenequipo.com.mx\/api\/wp\/v2\/posts\/151496","targetHints":{"allow":["GET"]}}],"collection":[{"href":"https:\/\/www.sonoraenequipo.com.mx\/api\/wp\/v2\/posts"}],"about":[{"href":"https:\/\/www.sonoraenequipo.com.mx\/api\/wp\/v2\/types\/post"}],"author":[{"embeddable":true,"href":"https:\/\/www.sonoraenequipo.com.mx\/api\/wp\/v2\/users\/1"}],"replies":[{"embeddable":true,"href":"https:\/\/www.sonoraenequipo.com.mx\/api\/wp\/v2\/comments?post=151496"}],"version-history":[{"count":1,"href":"https:\/\/www.sonoraenequipo.com.mx\/api\/wp\/v2\/posts\/151496\/revisions"}],"predecessor-version":[{"id":151498,"href":"https:\/\/www.sonoraenequipo.com.mx\/api\/wp\/v2\/posts\/151496\/revisions\/151498"}],"wp:featuredmedia":[{"embeddable":true,"href":"https:\/\/www.sonoraenequipo.com.mx\/api\/wp\/v2\/media\/151497"}],"wp:attachment":[{"href":"https:\/\/www.sonoraenequipo.com.mx\/api\/wp\/v2\/media?parent=151496"}],"wp:term":[{"taxonomy":"category","embeddable":true,"href":"https:\/\/www.sonoraenequipo.com.mx\/api\/wp\/v2\/categories?post=151496"},{"taxonomy":"post_tag","embeddable":true,"href":"https:\/\/www.sonoraenequipo.com.mx\/api\/wp\/v2\/tags?post=151496"}],"curies":[{"name":"wp","href":"https:\/\/api.w.org\/{rel}","templated":true}]}}