{"id":151499,"date":"2022-11-08T14:26:05","date_gmt":"2022-11-08T21:26:05","guid":{"rendered":"https:\/\/www.sonoraenequipo.com.mx\/?p=151499"},"modified":"2022-11-09T10:58:28","modified_gmt":"2022-11-09T17:58:28","slug":"barcelona-y-osasuna-condenan-incidentes-con-seguidores-radicales-azulgrana","status":"publish","type":"post","link":"https:\/\/www.sonoraenequipo.com.mx\/barcelona-y-osasuna-condenan-incidentes-con-seguidores-radicales-azulgrana\/","title":{"rendered":"Barcelona y Osasuna condenan incidentes con seguidores radicales azulgrana"},"content":{"rendered":"<p><strong>ESPA\u00d1A. \u2014<\/strong> Barcelona y Osasuna, que se enfrentan este martes en la 14\u00aa jornada de Liga, condenaron los actos vand\u00e1licos cometidos por seguidores radicales azulgranas en Pamplona antes del partido.<\/p>\n<p>&nbsp;<\/p>\n<p> <\/p>\n<p>&nbsp;<\/p>\n<p>&nbsp;<\/p>\n<p>Osasuna <em><strong>\u201ccondena de forma rotunda los incidentes violentos protagonizados por ultras del F\u00fatbol Club Barcelona esta tarde en Pamplona\u201d,<\/strong> <\/em>afirm\u00f3 el club local en un comunicado.<\/p>\n<p>&nbsp;<\/p>\n<p>El Bar\u00e7a, por su parte, tambi\u00e9n <em><strong>\u201clamenta y condena los actos de vandalismo protagonizados esta tarde por aficionados ultras en la ciudad de Pamplona\u201d.<\/strong><\/em><\/p>\n<p>&nbsp;<\/p>\n<p>Seg\u00fan medios espa\u00f1oles, hinchas radicales del Barcelona provocaron incidentes en un bar frecuentado por aficionados de Osasuna.<\/p>\n<p>&nbsp;<\/p>\n<p>&nbsp;<\/p>\n<p>Los hinchas barcelonistas, seg\u00fan estos medios, causaron da\u00f1os materiales e hirieron a varias personas.<\/p>\n<blockquote class=\"twitter-tweet\" data-width=\"550\" data-dnt=\"true\">\n<p lang=\"es\" dir=\"ltr\">COMUNICADO OFICIAL | <a href=\"https:\/\/twitter.com\/hashtag\/Osasuna?src=hash&amp;ref_src=twsrc%5Etfw\">#Osasuna<\/a> condena los graves incidentes causados por ultras visitantes en Pamplona.<\/p>\n<p>&mdash; C. A. OSASUNA (@Osasuna) <a href=\"https:\/\/twitter.com\/Osasuna\/status\/1590039495809929217?ref_src=twsrc%5Etfw\">November 8, 2022<\/a><\/p><\/blockquote>\n<p><script async src=\"https:\/\/platform.twitter.com\/widgets.js\" charset=\"utf-8\"><\/script><\/p>\n<p>&nbsp;<\/p>\n<p>&nbsp;<\/p>\n<p>&nbsp;<\/p>\n<p>PUBLICADO EL 08\/NOVIEMBRE\/DE 2022 )<\/p>\n","protected":false},"excerpt":{"rendered":"<p>ESPA\u00d1A. \u2014 Barcelona y Osasuna, que se enfrentan este martes en la 14\u00aa jornada de&#8230;<\/p>\n","protected":false},"author":1,"featured_media":151500,"comment_status":"open","ping_status":"open","sticky":false,"template":"","format":"standard","meta":{"_monsterinsights_skip_tracking":false,"_monsterinsights_sitenote_active":false,"_monsterinsights_sitenote_note":"","_monsterinsights_sitenote_category":0,"footnotes":""},"categories":[10],"tags":[],"class_list":["post"],"yoast_head":" \n<title>Sonora en Equipo. Barcelona y Osasuna condenan incidentes con seguidores radicales azulgrana Deportes<\/title>\n<meta name=\"description\" content=\"ESPA\u00d1A. \u2014 Barcelona y Osasuna, que se enfrentan este martes en la 14\u00aa jornada de Liga, condenaron los actos vand\u00e1licos cometidos por seguidores radicales En Sonora en Equipo publicamos toda la informaci\u00f3n de Sonora, M\u00e9xico y el Mundo de manera oportuna y busca que la libertad de expresi\u00f3n sea real. Visita nuestro medio informativo publicado desde Hermosillo, Sonora. %\" \/>\n<meta name=\"robots\" content=\"index, follow, max-snippet:-1, max-image-preview:large, max-video-preview:-1\" \/>\n<link rel=\"canonical\" href=\"https:\/\/www.sonoraenequipo.com.mx\/barcelona-y-osasuna-condenan-incidentes-con-seguidores-radicales-azulgrana\/\" \/>\n<meta property=\"og:locale\" content=\"es_ES\" \/>\n<meta property=\"og:type\" content=\"article\" \/>\n<meta property=\"og:title\" content=\"Sonora en Equipo. Barcelona y Osasuna condenan incidentes con seguidores radicales azulgrana Deportes\" \/>\n<meta property=\"og:description\" content=\"ESPA\u00d1A. \u2014 Barcelona y Osasuna, que se enfrentan este martes en la 14\u00aa jornada de Liga, condenaron los actos vand\u00e1licos cometidos por seguidores radicales En Sonora en Equipo publicamos toda la informaci\u00f3n de Sonora, M\u00e9xico y el Mundo de manera oportuna y busca que la libertad de expresi\u00f3n sea real. Visita nuestro medio informativo publicado desde Hermosillo, Sonora. %\" \/>\n<meta property=\"og:url\" content=\"https:\/\/www.sonoraenequipo.com.mx\/barcelona-y-osasuna-condenan-incidentes-con-seguidores-radicales-azulgrana\/\" \/>\n<meta property=\"og:site_name\" content=\"Sonora en Equipo.\" \/>\n<meta property=\"article:publisher\" content=\"https:\/\/www.facebook.com\/SonoraEE\/\" \/>\n<meta property=\"article:author\" content=\"https:\/\/www.facebook.com\/SonoraEE\" \/>\n<meta property=\"article:published_time\" content=\"2022-11-08T21:26:05+00:00\" \/>\n<meta property=\"article:modified_time\" content=\"2022-11-09T17:58:28+00:00\" \/>\n<meta property=\"og:image\" content=\"https:\/\/www.sonoraenequipo.com.mx\/storage\/2022\/11\/Barcelona-condenan-incidentes-con-seguidores-radicales-azulgrana.jpg\" \/>\n\t<meta property=\"og:image:width\" content=\"814\" \/>\n\t<meta property=\"og:image:height\" content=\"465\" \/>\n\t<meta property=\"og:image:type\" content=\"image\/jpeg\" \/>\n<meta name=\"author\" content=\"enequipo\" \/>\n<meta name=\"twitter:card\" content=\"summary_large_image\" \/>\n<meta name=\"twitter:creator\" content=\"@sonoraenequipo\" \/>\n<meta name=\"twitter:site\" content=\"@sonoraenequipo\" \/>\n<meta name=\"twitter:label1\" content=\"Escrito por\" \/>\n\t<meta name=\"twitter:data1\" content=\"enequipo\" \/>\n\t<meta name=\"twitter:label2\" content=\"Tiempo de lectura\" \/>\n\t<meta name=\"twitter:data2\" content=\"1 minuto\" \/>\n<script type=\"application\/ld+json\" class=\"yoast-schema-graph\">{\"@context\":\"https:\/\/schema.org\",\"@graph\":[{\"@type\":\"Article\",\"@id\":\"https:\/\/www.sonoraenequipo.com.mx\/barcelona-y-osasuna-condenan-incidentes-con-seguidores-radicales-azulgrana\/#article\",\"isPartOf\":{\"@id\":\"https:\/\/www.sonoraenequipo.com.mx\/barcelona-y-osasuna-condenan-incidentes-con-seguidores-radicales-azulgrana\/\"},\"author\":{\"name\":\"enequipo\",\"@id\":\"https:\/\/www.sonoraenequipo.com.mx\/#\/schema\/person\/50102df0fb23a8fa9e8effad8fa81386\"},\"headline\":\"Barcelona y Osasuna condenan incidentes con seguidores radicales azulgrana\",\"datePublished\":\"2022-11-08T21:26:05+00:00\",\"dateModified\":\"2022-11-09T17:58:28+00:00\",\"mainEntityOfPage\":{\"@id\":\"https:\/\/www.sonoraenequipo.com.mx\/barcelona-y-osasuna-condenan-incidentes-con-seguidores-radicales-azulgrana\/\"},\"wordCount\":146,\"commentCount\":0,\"publisher\":{\"@id\":\"https:\/\/www.sonoraenequipo.com.mx\/#organization\"},\"image\":{\"@id\":\"https:\/\/www.sonoraenequipo.com.mx\/barcelona-y-osasuna-condenan-incidentes-con-seguidores-radicales-azulgrana\/#primaryimage\"},\"thumbnailUrl\":\"https:\/\/www.sonoraenequipo.com.mx\/storage\/2022\/11\/Barcelona-condenan-incidentes-con-seguidores-radicales-azulgrana.jpg\",\"articleSection\":[\"Deportes\"],\"inLanguage\":\"es\",\"potentialAction\":[{\"@type\":\"CommentAction\",\"name\":\"Comment\",\"target\":[\"https:\/\/www.sonoraenequipo.com.mx\/barcelona-y-osasuna-condenan-incidentes-con-seguidores-radicales-azulgrana\/#respond\"]}]},{\"@type\":\"WebPage\",\"@id\":\"https:\/\/www.sonoraenequipo.com.mx\/barcelona-y-osasuna-condenan-incidentes-con-seguidores-radicales-azulgrana\/\",\"url\":\"https:\/\/www.sonoraenequipo.com.mx\/barcelona-y-osasuna-condenan-incidentes-con-seguidores-radicales-azulgrana\/\",\"name\":\"Sonora en Equipo. Barcelona y Osasuna condenan incidentes con seguidores radicales azulgrana Deportes\",\"isPartOf\":{\"@id\":\"https:\/\/www.sonoraenequipo.com.mx\/#website\"},\"primaryImageOfPage\":{\"@id\":\"https:\/\/www.sonoraenequipo.com.mx\/barcelona-y-osasuna-condenan-incidentes-con-seguidores-radicales-azulgrana\/#primaryimage\"},\"image\":{\"@id\":\"https:\/\/www.sonoraenequipo.com.mx\/barcelona-y-osasuna-condenan-incidentes-con-seguidores-radicales-azulgrana\/#primaryimage\"},\"thumbnailUrl\":\"https:\/\/www.sonoraenequipo.com.mx\/storage\/2022\/11\/Barcelona-condenan-incidentes-con-seguidores-radicales-azulgrana.jpg\",\"datePublished\":\"2022-11-08T21:26:05+00:00\",\"dateModified\":\"2022-11-09T17:58:28+00:00\",\"description\":\"ESPA\u00d1A. \u2014 Barcelona y Osasuna, que se enfrentan este martes en la 14\u00aa jornada de Liga, condenaron los actos vand\u00e1licos cometidos por seguidores radicales En Sonora en Equipo publicamos toda la informaci\u00f3n de Sonora, M\u00e9xico y el Mundo de manera oportuna y busca que la libertad de expresi\u00f3n sea real. Visita nuestro medio informativo publicado desde Hermosillo, Sonora. %\",\"breadcrumb\":{\"@id\":\"https:\/\/www.sonoraenequipo.com.mx\/barcelona-y-osasuna-condenan-incidentes-con-seguidores-radicales-azulgrana\/#breadcrumb\"},\"inLanguage\":\"es\",\"potentialAction\":[{\"@type\":\"ReadAction\",\"target\":[\"https:\/\/www.sonoraenequipo.com.mx\/barcelona-y-osasuna-condenan-incidentes-con-seguidores-radicales-azulgrana\/\"]}]},{\"@type\":\"ImageObject\",\"inLanguage\":\"es\",\"@id\":\"https:\/\/www.sonoraenequipo.com.mx\/barcelona-y-osasuna-condenan-incidentes-con-seguidores-radicales-azulgrana\/#primaryimage\",\"url\":\"https:\/\/www.sonoraenequipo.com.mx\/storage\/2022\/11\/Barcelona-condenan-incidentes-con-seguidores-radicales-azulgrana.jpg\",\"contentUrl\":\"https:\/\/www.sonoraenequipo.com.mx\/storage\/2022\/11\/Barcelona-condenan-incidentes-con-seguidores-radicales-azulgrana.jpg\",\"width\":814,\"height\":465},{\"@type\":\"BreadcrumbList\",\"@id\":\"https:\/\/www.sonoraenequipo.com.mx\/barcelona-y-osasuna-condenan-incidentes-con-seguidores-radicales-azulgrana\/#breadcrumb\",\"itemListElement\":[{\"@type\":\"ListItem\",\"position\":1,\"name\":\"Portada\",\"item\":\"https:\/\/www.sonoraenequipo.com.mx\/\"},{\"@type\":\"ListItem\",\"position\":2,\"name\":\"Barcelona y Osasuna condenan incidentes con seguidores radicales azulgrana\"}]},{\"@type\":\"WebSite\",\"@id\":\"https:\/\/www.sonoraenequipo.com.mx\/#website\",\"url\":\"https:\/\/www.sonoraenequipo.com.mx\/\",\"name\":\"Sonora en Equipo.\",\"description\":\"Diario en l\u00ednea con Noticias desde Hermosillo, Sonora\",\"publisher\":{\"@id\":\"https:\/\/www.sonoraenequipo.com.mx\/#organization\"},\"potentialAction\":[{\"@type\":\"SearchAction\",\"target\":{\"@type\":\"EntryPoint\",\"urlTemplate\":\"https:\/\/www.sonoraenequipo.com.mx\/?s={search_term_string}\"},\"query-input\":{\"@type\":\"PropertyValueSpecification\",\"valueRequired\":true,\"valueName\":\"search_term_string\"}}],\"inLanguage\":\"es\"},{\"@type\":\"Organization\",\"@id\":\"https:\/\/www.sonoraenequipo.com.mx\/#organization\",\"name\":\"Sonoraenequipo.com.mx\",\"url\":\"https:\/\/www.sonoraenequipo.com.mx\/\",\"logo\":{\"@type\":\"ImageObject\",\"inLanguage\":\"es\",\"@id\":\"https:\/\/www.sonoraenequipo.com.mx\/#\/schema\/logo\/image\/\",\"url\":\"https:\/\/www.sonoraenequipo.com.mx\/storage\/2019\/01\/sonoraenequipo_opt.png\",\"contentUrl\":\"https:\/\/www.sonoraenequipo.com.mx\/storage\/2019\/01\/sonoraenequipo_opt.png\",\"width\":375,\"height\":125,\"caption\":\"Sonoraenequipo.com.mx\"},\"image\":{\"@id\":\"https:\/\/www.sonoraenequipo.com.mx\/#\/schema\/logo\/image\/\"},\"sameAs\":[\"https:\/\/www.facebook.com\/SonoraEE\/\",\"https:\/\/x.com\/sonoraenequipo\",\"https:\/\/www.youtube.com\/channel\/UC338nW-lPEYmJQs4ZABQ1SQ\"]},{\"@type\":\"Person\",\"@id\":\"https:\/\/www.sonoraenequipo.com.mx\/#\/schema\/person\/50102df0fb23a8fa9e8effad8fa81386\",\"name\":\"enequipo\",\"image\":{\"@type\":\"ImageObject\",\"inLanguage\":\"es\",\"@id\":\"https:\/\/www.sonoraenequipo.com.mx\/#\/schema\/person\/image\/\",\"url\":\"https:\/\/secure.gravatar.com\/avatar\/049821681b589dabc0bc20695993ccebb09f5b5d4d790cd9251b97faac7c652b?s=96&d=blank&r=g\",\"contentUrl\":\"https:\/\/secure.gravatar.com\/avatar\/049821681b589dabc0bc20695993ccebb09f5b5d4d790cd9251b97faac7c652b?s=96&d=blank&r=g\",\"caption\":\"enequipo\"},\"sameAs\":[\"https:\/\/www.facebook.com\/SonoraEE\"]}]}<\/script>\n ","yoast_head_json":{"title":"Sonora en Equipo. Barcelona y Osasuna condenan incidentes con seguidores radicales azulgrana Deportes","description":"ESPA\u00d1A. \u2014 Barcelona y Osasuna, que se enfrentan este martes en la 14\u00aa jornada de Liga, condenaron los actos vand\u00e1licos cometidos por seguidores radicales En Sonora en Equipo publicamos toda la informaci\u00f3n de Sonora, M\u00e9xico y el Mundo de manera oportuna y busca que la libertad de expresi\u00f3n sea real. Visita nuestro medio informativo publicado desde Hermosillo, Sonora. %","robots":{"index":"index","follow":"follow","max-snippet":"max-snippet:-1","max-image-preview":"max-image-preview:large","max-video-preview":"max-video-preview:-1"},"canonical":"https:\/\/www.sonoraenequipo.com.mx\/barcelona-y-osasuna-condenan-incidentes-con-seguidores-radicales-azulgrana\/","og_locale":"es_ES","og_type":"article","og_title":"Sonora en Equipo. Barcelona y Osasuna condenan incidentes con seguidores radicales azulgrana Deportes","og_description":"ESPA\u00d1A. \u2014 Barcelona y Osasuna, que se enfrentan este martes en la 14\u00aa jornada de Liga, condenaron los actos vand\u00e1licos cometidos por seguidores radicales En Sonora en Equipo publicamos toda la informaci\u00f3n de Sonora, M\u00e9xico y el Mundo de manera oportuna y busca que la libertad de expresi\u00f3n sea real. Visita nuestro medio informativo publicado desde Hermosillo, Sonora. %","og_url":"https:\/\/www.sonoraenequipo.com.mx\/barcelona-y-osasuna-condenan-incidentes-con-seguidores-radicales-azulgrana\/","og_site_name":"Sonora en Equipo.","article_publisher":"https:\/\/www.facebook.com\/SonoraEE\/","article_author":"https:\/\/www.facebook.com\/SonoraEE","article_published_time":"2022-11-08T21:26:05+00:00","article_modified_time":"2022-11-09T17:58:28+00:00","og_image":[{"width":814,"height":465,"url":"https:\/\/www.sonoraenequipo.com.mx\/storage\/2022\/11\/Barcelona-condenan-incidentes-con-seguidores-radicales-azulgrana.jpg","type":"image\/jpeg"}],"author":"enequipo","twitter_card":"summary_large_image","twitter_creator":"@sonoraenequipo","twitter_site":"@sonoraenequipo","twitter_misc":{"Escrito por":"enequipo","Tiempo de lectura":"1 minuto"},"schema":{"@context":"https:\/\/schema.org","@graph":[{"@type":"Article","@id":"https:\/\/www.sonoraenequipo.com.mx\/barcelona-y-osasuna-condenan-incidentes-con-seguidores-radicales-azulgrana\/#article","isPartOf":{"@id":"https:\/\/www.sonoraenequipo.com.mx\/barcelona-y-osasuna-condenan-incidentes-con-seguidores-radicales-azulgrana\/"},"author":{"name":"enequipo","@id":"https:\/\/www.sonoraenequipo.com.mx\/#\/schema\/person\/50102df0fb23a8fa9e8effad8fa81386"},"headline":"Barcelona y Osasuna condenan incidentes con seguidores radicales azulgrana","datePublished":"2022-11-08T21:26:05+00:00","dateModified":"2022-11-09T17:58:28+00:00","mainEntityOfPage":{"@id":"https:\/\/www.sonoraenequipo.com.mx\/barcelona-y-osasuna-condenan-incidentes-con-seguidores-radicales-azulgrana\/"},"wordCount":146,"commentCount":0,"publisher":{"@id":"https:\/\/www.sonoraenequipo.com.mx\/#organization"},"image":{"@id":"https:\/\/www.sonoraenequipo.com.mx\/barcelona-y-osasuna-condenan-incidentes-con-seguidores-radicales-azulgrana\/#primaryimage"},"thumbnailUrl":"https:\/\/www.sonoraenequipo.com.mx\/storage\/2022\/11\/Barcelona-condenan-incidentes-con-seguidores-radicales-azulgrana.jpg","articleSection":["Deportes"],"inLanguage":"es","potentialAction":[{"@type":"CommentAction","name":"Comment","target":["https:\/\/www.sonoraenequipo.com.mx\/barcelona-y-osasuna-condenan-incidentes-con-seguidores-radicales-azulgrana\/#respond"]}]},{"@type":"WebPage","@id":"https:\/\/www.sonoraenequipo.com.mx\/barcelona-y-osasuna-condenan-incidentes-con-seguidores-radicales-azulgrana\/","url":"https:\/\/www.sonoraenequipo.com.mx\/barcelona-y-osasuna-condenan-incidentes-con-seguidores-radicales-azulgrana\/","name":"Sonora en Equipo. Barcelona y Osasuna condenan incidentes con seguidores radicales azulgrana Deportes","isPartOf":{"@id":"https:\/\/www.sonoraenequipo.com.mx\/#website"},"primaryImageOfPage":{"@id":"https:\/\/www.sonoraenequipo.com.mx\/barcelona-y-osasuna-condenan-incidentes-con-seguidores-radicales-azulgrana\/#primaryimage"},"image":{"@id":"https:\/\/www.sonoraenequipo.com.mx\/barcelona-y-osasuna-condenan-incidentes-con-seguidores-radicales-azulgrana\/#primaryimage"},"thumbnailUrl":"https:\/\/www.sonoraenequipo.com.mx\/storage\/2022\/11\/Barcelona-condenan-incidentes-con-seguidores-radicales-azulgrana.jpg","datePublished":"2022-11-08T21:26:05+00:00","dateModified":"2022-11-09T17:58:28+00:00","description":"ESPA\u00d1A. \u2014 Barcelona y Osasuna, que se enfrentan este martes en la 14\u00aa jornada de Liga, condenaron los actos vand\u00e1licos cometidos por seguidores radicales En Sonora en Equipo publicamos toda la informaci\u00f3n de Sonora, M\u00e9xico y el Mundo de manera oportuna y busca que la libertad de expresi\u00f3n sea real. Visita nuestro medio informativo publicado desde Hermosillo, Sonora. %","breadcrumb":{"@id":"https:\/\/www.sonoraenequipo.com.mx\/barcelona-y-osasuna-condenan-incidentes-con-seguidores-radicales-azulgrana\/#breadcrumb"},"inLanguage":"es","potentialAction":[{"@type":"ReadAction","target":["https:\/\/www.sonoraenequipo.com.mx\/barcelona-y-osasuna-condenan-incidentes-con-seguidores-radicales-azulgrana\/"]}]},{"@type":"ImageObject","inLanguage":"es","@id":"https:\/\/www.sonoraenequipo.com.mx\/barcelona-y-osasuna-condenan-incidentes-con-seguidores-radicales-azulgrana\/#primaryimage","url":"https:\/\/www.sonoraenequipo.com.mx\/storage\/2022\/11\/Barcelona-condenan-incidentes-con-seguidores-radicales-azulgrana.jpg","contentUrl":"https:\/\/www.sonoraenequipo.com.mx\/storage\/2022\/11\/Barcelona-condenan-incidentes-con-seguidores-radicales-azulgrana.jpg","width":814,"height":465},{"@type":"BreadcrumbList","@id":"https:\/\/www.sonoraenequipo.com.mx\/barcelona-y-osasuna-condenan-incidentes-con-seguidores-radicales-azulgrana\/#breadcrumb","itemListElement":[{"@type":"ListItem","position":1,"name":"Portada","item":"https:\/\/www.sonoraenequipo.com.mx\/"},{"@type":"ListItem","position":2,"name":"Barcelona y Osasuna condenan incidentes con seguidores radicales azulgrana"}]},{"@type":"WebSite","@id":"https:\/\/www.sonoraenequipo.com.mx\/#website","url":"https:\/\/www.sonoraenequipo.com.mx\/","name":"Sonora en Equipo.","description":"Diario en l\u00ednea con Noticias desde Hermosillo, Sonora","publisher":{"@id":"https:\/\/www.sonoraenequipo.com.mx\/#organization"},"potentialAction":[{"@type":"SearchAction","target":{"@type":"EntryPoint","urlTemplate":"https:\/\/www.sonoraenequipo.com.mx\/?s={search_term_string}"},"query-input":{"@type":"PropertyValueSpecification","valueRequired":true,"valueName":"search_term_string"}}],"inLanguage":"es"},{"@type":"Organization","@id":"https:\/\/www.sonoraenequipo.com.mx\/#organization","name":"Sonoraenequipo.com.mx","url":"https:\/\/www.sonoraenequipo.com.mx\/","logo":{"@type":"ImageObject","inLanguage":"es","@id":"https:\/\/www.sonoraenequipo.com.mx\/#\/schema\/logo\/image\/","url":"https:\/\/www.sonoraenequipo.com.mx\/storage\/2019\/01\/sonoraenequipo_opt.png","contentUrl":"https:\/\/www.sonoraenequipo.com.mx\/storage\/2019\/01\/sonoraenequipo_opt.png","width":375,"height":125,"caption":"Sonoraenequipo.com.mx"},"image":{"@id":"https:\/\/www.sonoraenequipo.com.mx\/#\/schema\/logo\/image\/"},"sameAs":["https:\/\/www.facebook.com\/SonoraEE\/","https:\/\/x.com\/sonoraenequipo","https:\/\/www.youtube.com\/channel\/UC338nW-lPEYmJQs4ZABQ1SQ"]},{"@type":"Person","@id":"https:\/\/www.sonoraenequipo.com.mx\/#\/schema\/person\/50102df0fb23a8fa9e8effad8fa81386","name":"enequipo","image":{"@type":"ImageObject","inLanguage":"es","@id":"https:\/\/www.sonoraenequipo.com.mx\/#\/schema\/person\/image\/","url":"https:\/\/secure.gravatar.com\/avatar\/049821681b589dabc0bc20695993ccebb09f5b5d4d790cd9251b97faac7c652b?s=96&d=blank&r=g","contentUrl":"https:\/\/secure.gravatar.com\/avatar\/049821681b589dabc0bc20695993ccebb09f5b5d4d790cd9251b97faac7c652b?s=96&d=blank&r=g","caption":"enequipo"},"sameAs":["https:\/\/www.facebook.com\/SonoraEE"]}]}},"jetpack_featured_media_url":"https:\/\/www.sonoraenequipo.com.mx\/storage\/2022\/11\/Barcelona-condenan-incidentes-con-seguidores-radicales-azulgrana.jpg","_links":{"self":[{"href":"https:\/\/www.sonoraenequipo.com.mx\/api\/wp\/v2\/posts\/151499","targetHints":{"allow":["GET"]}}],"collection":[{"href":"https:\/\/www.sonoraenequipo.com.mx\/api\/wp\/v2\/posts"}],"about":[{"href":"https:\/\/www.sonoraenequipo.com.mx\/api\/wp\/v2\/types\/post"}],"author":[{"embeddable":true,"href":"https:\/\/www.sonoraenequipo.com.mx\/api\/wp\/v2\/users\/1"}],"replies":[{"embeddable":true,"href":"https:\/\/www.sonoraenequipo.com.mx\/api\/wp\/v2\/comments?post=151499"}],"version-history":[{"count":1,"href":"https:\/\/www.sonoraenequipo.com.mx\/api\/wp\/v2\/posts\/151499\/revisions"}],"predecessor-version":[{"id":151501,"href":"https:\/\/www.sonoraenequipo.com.mx\/api\/wp\/v2\/posts\/151499\/revisions\/151501"}],"wp:featuredmedia":[{"embeddable":true,"href":"https:\/\/www.sonoraenequipo.com.mx\/api\/wp\/v2\/media\/151500"}],"wp:attachment":[{"href":"https:\/\/www.sonoraenequipo.com.mx\/api\/wp\/v2\/media?parent=151499"}],"wp:term":[{"taxonomy":"category","embeddable":true,"href":"https:\/\/www.sonoraenequipo.com.mx\/api\/wp\/v2\/categories?post=151499"},{"taxonomy":"post_tag","embeddable":true,"href":"https:\/\/www.sonoraenequipo.com.mx\/api\/wp\/v2\/tags?post=151499"}],"curies":[{"name":"wp","href":"https:\/\/api.w.org\/{rel}","templated":true}]}}