{"id":151575,"date":"2022-11-09T10:30:14","date_gmt":"2022-11-09T17:30:14","guid":{"rendered":"https:\/\/www.sonoraenequipo.com.mx\/?p=151575"},"modified":"2022-11-09T19:31:13","modified_gmt":"2022-11-10T02:31:13","slug":"biden-hablara-hasta-manana-sobre-los-resultados-de-las-elecciones-intermedias-casa-blanca","status":"publish","type":"post","link":"https:\/\/www.sonoraenequipo.com.mx\/biden-hablara-hasta-manana-sobre-los-resultados-de-las-elecciones-intermedias-casa-blanca\/","title":{"rendered":"Biden hablar\u00e1 hasta ma\u00f1ana sobre los resultados de las elecciones intermedias: Casa Blanca"},"content":{"rendered":"<p><strong>ESTADOS UNIDOS. \u2014<\/strong> La Casa Blanca inform\u00f3 este martes que el presidente de Estados Unidos, Joe Biden, se pronunciara un d\u00eda despu\u00e9s de los resultados de las elecciones intermedias que siguen en curso.<\/p>\n<p>&nbsp;<\/p>\n<p> <\/p>\n<p>&nbsp;<\/p>\n<p><em><strong>\u201cEl presidente hablar\u00e1 al d\u00eda siguiente\u201d,<\/strong><\/em> comunic\u00f3 la vocera de Biden, Karine Jean-Pierre. Por otra parte, adelant\u00f3 que durante las intermedias no est\u00e1n previstas apariciones p\u00fablicas del presidente Biden mientras los votantes van a las urnas.<\/p>\n<p>&nbsp;<\/p>\n<p>&nbsp;<\/p>\n<p>La Casa Blanca explic\u00f3 que el presidente pasar\u00e1 la jornada en la residencia presidencial a la espera del recuento que decidir\u00e1 el control pol\u00edtico del Congreso y c\u00f3mo se desarrollar\u00e1n los dos a\u00f1os que restan de su mandato.<\/p>\n<p>&nbsp;<\/p>\n<p>Jean-Pierre, dijo en conferencia de prensa que el presidente estar\u00e1 ocupado con la preparaci\u00f3n de un viaje a cumbres internacionales en el norte de \u00c1frica y Asia y esperando los resultados electorales.<\/p>\n<p>&nbsp;<\/p>\n<p>Por otra parte, al tiempo que transcurren las intermedias, el presidente del condado de Maricopa, Bill Gates, report\u00f3 este martes problemas en algunas m\u00e1quinas tabuladoras que registran los votos de ciudadanos durante las elecciones intermedias en Arizona.<\/p>\n<p>&nbsp;<\/p>\n<p>De acuerdo con el presidente del condado, se han registrado 44 mil votantes en Maricopa para depositar su voto y asegur\u00f3 que el problema con las m\u00e1quinas ser\u00e1 arreglado a la brevedad.<\/p>\n<p>&nbsp;<\/p>\n<p><em><strong>\u201cLes queremos dar un avance de c\u00f3mo van las cosas aqu\u00ed en la elecci\u00f3n, 44 mil personas est\u00e1n aqu\u00ed desde la ma\u00f1ana checando su voto y que haya quedado registrado, pero hay una cosa que queremos recalcar para que la gente lo tenga en mente, y tiene que ver con nuestros tabuladores\u201c.<\/strong><\/em><\/p>\n<p>&nbsp;<\/p>\n<p>&nbsp;<\/p>\n<p><strong><em>\u201cHay un problema porque la gente intenta entrar al tabulador y no se les deja\u201d,<\/em> <\/strong>dijo el presidente del condado en un mensaje en Twitter.<\/p>\n<p>&nbsp;<\/p>\n<p>Gates dijo que hay alternativas para las personas que no puedan registrar su voto a trav\u00e9s de las m\u00e1quinas tabuladoras, y asegur\u00f3 que hay buzones para ejercer su derecho ciudadano.<\/p>\n<p>&nbsp;<\/p>\n<p>&nbsp;<\/p>\n<p>&nbsp;<\/p>\n<p>PUBLICADO EL 09\/NOVIEMBRE\/DE 2022 \/ Con informaci\u00f3n de AP)<\/p>\n","protected":false},"excerpt":{"rendered":"<p>ESTADOS UNIDOS. \u2014 La Casa Blanca inform\u00f3 este martes que el presidente de Estados Unidos,&#8230;<\/p>\n","protected":false},"author":1,"featured_media":151576,"comment_status":"open","ping_status":"open","sticky":false,"template":"","format":"standard","meta":{"_monsterinsights_skip_tracking":false,"_monsterinsights_sitenote_active":false,"_monsterinsights_sitenote_note":"","_monsterinsights_sitenote_category":0,"footnotes":""},"categories":[3],"tags":[],"class_list":["post"],"yoast_head":" \n<title>Sonora en Equipo. Biden hablar\u00e1 hasta ma\u00f1ana sobre los resultados de las elecciones intermedias: Casa Blanca MUNDO<\/title>\n<meta name=\"description\" content=\"ESTADOS UNIDOS. \u2014 La Casa Blanca inform\u00f3 este martes que el presidente de Estados Unidos, Joe Biden, se pronunciara un d\u00eda despu\u00e9s de los resultados de En Sonora en Equipo publicamos toda la informaci\u00f3n de Sonora, M\u00e9xico y el Mundo de manera oportuna y busca que la libertad de expresi\u00f3n sea real. Visita nuestro medio informativo publicado desde Hermosillo, Sonora. %\" \/>\n<meta name=\"robots\" content=\"index, follow, max-snippet:-1, max-image-preview:large, max-video-preview:-1\" \/>\n<link rel=\"canonical\" href=\"https:\/\/www.sonoraenequipo.com.mx\/biden-hablara-hasta-manana-sobre-los-resultados-de-las-elecciones-intermedias-casa-blanca\/\" \/>\n<meta property=\"og:locale\" content=\"es_ES\" \/>\n<meta property=\"og:type\" content=\"article\" \/>\n<meta property=\"og:title\" content=\"Sonora en Equipo. Biden hablar\u00e1 hasta ma\u00f1ana sobre los resultados de las elecciones intermedias: Casa Blanca MUNDO\" \/>\n<meta property=\"og:description\" content=\"ESTADOS UNIDOS. \u2014 La Casa Blanca inform\u00f3 este martes que el presidente de Estados Unidos, Joe Biden, se pronunciara un d\u00eda despu\u00e9s de los resultados de En Sonora en Equipo publicamos toda la informaci\u00f3n de Sonora, M\u00e9xico y el Mundo de manera oportuna y busca que la libertad de expresi\u00f3n sea real. Visita nuestro medio informativo publicado desde Hermosillo, Sonora. %\" \/>\n<meta property=\"og:url\" content=\"https:\/\/www.sonoraenequipo.com.mx\/biden-hablara-hasta-manana-sobre-los-resultados-de-las-elecciones-intermedias-casa-blanca\/\" \/>\n<meta property=\"og:site_name\" content=\"Sonora en Equipo.\" \/>\n<meta property=\"article:publisher\" content=\"https:\/\/www.facebook.com\/SonoraEE\/\" \/>\n<meta property=\"article:author\" content=\"https:\/\/www.facebook.com\/SonoraEE\" \/>\n<meta property=\"article:published_time\" content=\"2022-11-09T17:30:14+00:00\" \/>\n<meta property=\"article:modified_time\" content=\"2022-11-10T02:31:13+00:00\" \/>\n<meta property=\"og:image\" content=\"https:\/\/www.sonoraenequipo.com.mx\/storage\/2022\/11\/biden-casa-blanca.jpg\" \/>\n\t<meta property=\"og:image:width\" content=\"837\" \/>\n\t<meta property=\"og:image:height\" content=\"478\" \/>\n\t<meta property=\"og:image:type\" content=\"image\/jpeg\" \/>\n<meta name=\"author\" content=\"enequipo\" \/>\n<meta name=\"twitter:card\" content=\"summary_large_image\" \/>\n<meta name=\"twitter:creator\" content=\"@sonoraenequipo\" \/>\n<meta name=\"twitter:site\" content=\"@sonoraenequipo\" \/>\n<meta name=\"twitter:label1\" content=\"Escrito por\" \/>\n\t<meta name=\"twitter:data1\" content=\"enequipo\" \/>\n\t<meta name=\"twitter:label2\" content=\"Tiempo de lectura\" \/>\n\t<meta name=\"twitter:data2\" content=\"2 minutos\" \/>\n<script type=\"application\/ld+json\" class=\"yoast-schema-graph\">{\"@context\":\"https:\/\/schema.org\",\"@graph\":[{\"@type\":\"Article\",\"@id\":\"https:\/\/www.sonoraenequipo.com.mx\/biden-hablara-hasta-manana-sobre-los-resultados-de-las-elecciones-intermedias-casa-blanca\/#article\",\"isPartOf\":{\"@id\":\"https:\/\/www.sonoraenequipo.com.mx\/biden-hablara-hasta-manana-sobre-los-resultados-de-las-elecciones-intermedias-casa-blanca\/\"},\"author\":{\"name\":\"enequipo\",\"@id\":\"https:\/\/www.sonoraenequipo.com.mx\/#\/schema\/person\/50102df0fb23a8fa9e8effad8fa81386\"},\"headline\":\"Biden hablar\u00e1 hasta ma\u00f1ana sobre los resultados de las elecciones intermedias: Casa Blanca\",\"datePublished\":\"2022-11-09T17:30:14+00:00\",\"dateModified\":\"2022-11-10T02:31:13+00:00\",\"mainEntityOfPage\":{\"@id\":\"https:\/\/www.sonoraenequipo.com.mx\/biden-hablara-hasta-manana-sobre-los-resultados-de-las-elecciones-intermedias-casa-blanca\/\"},\"wordCount\":367,\"commentCount\":0,\"publisher\":{\"@id\":\"https:\/\/www.sonoraenequipo.com.mx\/#organization\"},\"image\":{\"@id\":\"https:\/\/www.sonoraenequipo.com.mx\/biden-hablara-hasta-manana-sobre-los-resultados-de-las-elecciones-intermedias-casa-blanca\/#primaryimage\"},\"thumbnailUrl\":\"https:\/\/www.sonoraenequipo.com.mx\/storage\/2022\/11\/biden-casa-blanca.jpg\",\"articleSection\":[\"MUNDO\"],\"inLanguage\":\"es\",\"potentialAction\":[{\"@type\":\"CommentAction\",\"name\":\"Comment\",\"target\":[\"https:\/\/www.sonoraenequipo.com.mx\/biden-hablara-hasta-manana-sobre-los-resultados-de-las-elecciones-intermedias-casa-blanca\/#respond\"]}]},{\"@type\":\"WebPage\",\"@id\":\"https:\/\/www.sonoraenequipo.com.mx\/biden-hablara-hasta-manana-sobre-los-resultados-de-las-elecciones-intermedias-casa-blanca\/\",\"url\":\"https:\/\/www.sonoraenequipo.com.mx\/biden-hablara-hasta-manana-sobre-los-resultados-de-las-elecciones-intermedias-casa-blanca\/\",\"name\":\"Sonora en Equipo. Biden hablar\u00e1 hasta ma\u00f1ana sobre los resultados de las elecciones intermedias: Casa Blanca MUNDO\",\"isPartOf\":{\"@id\":\"https:\/\/www.sonoraenequipo.com.mx\/#website\"},\"primaryImageOfPage\":{\"@id\":\"https:\/\/www.sonoraenequipo.com.mx\/biden-hablara-hasta-manana-sobre-los-resultados-de-las-elecciones-intermedias-casa-blanca\/#primaryimage\"},\"image\":{\"@id\":\"https:\/\/www.sonoraenequipo.com.mx\/biden-hablara-hasta-manana-sobre-los-resultados-de-las-elecciones-intermedias-casa-blanca\/#primaryimage\"},\"thumbnailUrl\":\"https:\/\/www.sonoraenequipo.com.mx\/storage\/2022\/11\/biden-casa-blanca.jpg\",\"datePublished\":\"2022-11-09T17:30:14+00:00\",\"dateModified\":\"2022-11-10T02:31:13+00:00\",\"description\":\"ESTADOS UNIDOS. \u2014 La Casa Blanca inform\u00f3 este martes que el presidente de Estados Unidos, Joe Biden, se pronunciara un d\u00eda despu\u00e9s de los resultados de En Sonora en Equipo publicamos toda la informaci\u00f3n de Sonora, M\u00e9xico y el Mundo de manera oportuna y busca que la libertad de expresi\u00f3n sea real. Visita nuestro medio informativo publicado desde Hermosillo, Sonora. %\",\"breadcrumb\":{\"@id\":\"https:\/\/www.sonoraenequipo.com.mx\/biden-hablara-hasta-manana-sobre-los-resultados-de-las-elecciones-intermedias-casa-blanca\/#breadcrumb\"},\"inLanguage\":\"es\",\"potentialAction\":[{\"@type\":\"ReadAction\",\"target\":[\"https:\/\/www.sonoraenequipo.com.mx\/biden-hablara-hasta-manana-sobre-los-resultados-de-las-elecciones-intermedias-casa-blanca\/\"]}]},{\"@type\":\"ImageObject\",\"inLanguage\":\"es\",\"@id\":\"https:\/\/www.sonoraenequipo.com.mx\/biden-hablara-hasta-manana-sobre-los-resultados-de-las-elecciones-intermedias-casa-blanca\/#primaryimage\",\"url\":\"https:\/\/www.sonoraenequipo.com.mx\/storage\/2022\/11\/biden-casa-blanca.jpg\",\"contentUrl\":\"https:\/\/www.sonoraenequipo.com.mx\/storage\/2022\/11\/biden-casa-blanca.jpg\",\"width\":837,\"height\":478},{\"@type\":\"BreadcrumbList\",\"@id\":\"https:\/\/www.sonoraenequipo.com.mx\/biden-hablara-hasta-manana-sobre-los-resultados-de-las-elecciones-intermedias-casa-blanca\/#breadcrumb\",\"itemListElement\":[{\"@type\":\"ListItem\",\"position\":1,\"name\":\"Portada\",\"item\":\"https:\/\/www.sonoraenequipo.com.mx\/\"},{\"@type\":\"ListItem\",\"position\":2,\"name\":\"Biden hablar\u00e1 hasta ma\u00f1ana sobre los resultados de las elecciones intermedias: Casa Blanca\"}]},{\"@type\":\"WebSite\",\"@id\":\"https:\/\/www.sonoraenequipo.com.mx\/#website\",\"url\":\"https:\/\/www.sonoraenequipo.com.mx\/\",\"name\":\"Sonora en Equipo.\",\"description\":\"Diario en l\u00ednea con Noticias desde Hermosillo, Sonora\",\"publisher\":{\"@id\":\"https:\/\/www.sonoraenequipo.com.mx\/#organization\"},\"potentialAction\":[{\"@type\":\"SearchAction\",\"target\":{\"@type\":\"EntryPoint\",\"urlTemplate\":\"https:\/\/www.sonoraenequipo.com.mx\/?s={search_term_string}\"},\"query-input\":{\"@type\":\"PropertyValueSpecification\",\"valueRequired\":true,\"valueName\":\"search_term_string\"}}],\"inLanguage\":\"es\"},{\"@type\":\"Organization\",\"@id\":\"https:\/\/www.sonoraenequipo.com.mx\/#organization\",\"name\":\"Sonoraenequipo.com.mx\",\"url\":\"https:\/\/www.sonoraenequipo.com.mx\/\",\"logo\":{\"@type\":\"ImageObject\",\"inLanguage\":\"es\",\"@id\":\"https:\/\/www.sonoraenequipo.com.mx\/#\/schema\/logo\/image\/\",\"url\":\"https:\/\/www.sonoraenequipo.com.mx\/storage\/2019\/01\/sonoraenequipo_opt.png\",\"contentUrl\":\"https:\/\/www.sonoraenequipo.com.mx\/storage\/2019\/01\/sonoraenequipo_opt.png\",\"width\":375,\"height\":125,\"caption\":\"Sonoraenequipo.com.mx\"},\"image\":{\"@id\":\"https:\/\/www.sonoraenequipo.com.mx\/#\/schema\/logo\/image\/\"},\"sameAs\":[\"https:\/\/www.facebook.com\/SonoraEE\/\",\"https:\/\/x.com\/sonoraenequipo\",\"https:\/\/www.youtube.com\/channel\/UC338nW-lPEYmJQs4ZABQ1SQ\"]},{\"@type\":\"Person\",\"@id\":\"https:\/\/www.sonoraenequipo.com.mx\/#\/schema\/person\/50102df0fb23a8fa9e8effad8fa81386\",\"name\":\"enequipo\",\"image\":{\"@type\":\"ImageObject\",\"inLanguage\":\"es\",\"@id\":\"https:\/\/www.sonoraenequipo.com.mx\/#\/schema\/person\/image\/\",\"url\":\"https:\/\/secure.gravatar.com\/avatar\/049821681b589dabc0bc20695993ccebb09f5b5d4d790cd9251b97faac7c652b?s=96&d=blank&r=g\",\"contentUrl\":\"https:\/\/secure.gravatar.com\/avatar\/049821681b589dabc0bc20695993ccebb09f5b5d4d790cd9251b97faac7c652b?s=96&d=blank&r=g\",\"caption\":\"enequipo\"},\"sameAs\":[\"https:\/\/www.facebook.com\/SonoraEE\"]}]}<\/script>\n ","yoast_head_json":{"title":"Sonora en Equipo. Biden hablar\u00e1 hasta ma\u00f1ana sobre los resultados de las elecciones intermedias: Casa Blanca MUNDO","description":"ESTADOS UNIDOS. \u2014 La Casa Blanca inform\u00f3 este martes que el presidente de Estados Unidos, Joe Biden, se pronunciara un d\u00eda despu\u00e9s de los resultados de En Sonora en Equipo publicamos toda la informaci\u00f3n de Sonora, M\u00e9xico y el Mundo de manera oportuna y busca que la libertad de expresi\u00f3n sea real. Visita nuestro medio informativo publicado desde Hermosillo, Sonora. %","robots":{"index":"index","follow":"follow","max-snippet":"max-snippet:-1","max-image-preview":"max-image-preview:large","max-video-preview":"max-video-preview:-1"},"canonical":"https:\/\/www.sonoraenequipo.com.mx\/biden-hablara-hasta-manana-sobre-los-resultados-de-las-elecciones-intermedias-casa-blanca\/","og_locale":"es_ES","og_type":"article","og_title":"Sonora en Equipo. Biden hablar\u00e1 hasta ma\u00f1ana sobre los resultados de las elecciones intermedias: Casa Blanca MUNDO","og_description":"ESTADOS UNIDOS. \u2014 La Casa Blanca inform\u00f3 este martes que el presidente de Estados Unidos, Joe Biden, se pronunciara un d\u00eda despu\u00e9s de los resultados de En Sonora en Equipo publicamos toda la informaci\u00f3n de Sonora, M\u00e9xico y el Mundo de manera oportuna y busca que la libertad de expresi\u00f3n sea real. Visita nuestro medio informativo publicado desde Hermosillo, Sonora. %","og_url":"https:\/\/www.sonoraenequipo.com.mx\/biden-hablara-hasta-manana-sobre-los-resultados-de-las-elecciones-intermedias-casa-blanca\/","og_site_name":"Sonora en Equipo.","article_publisher":"https:\/\/www.facebook.com\/SonoraEE\/","article_author":"https:\/\/www.facebook.com\/SonoraEE","article_published_time":"2022-11-09T17:30:14+00:00","article_modified_time":"2022-11-10T02:31:13+00:00","og_image":[{"width":837,"height":478,"url":"https:\/\/www.sonoraenequipo.com.mx\/storage\/2022\/11\/biden-casa-blanca.jpg","type":"image\/jpeg"}],"author":"enequipo","twitter_card":"summary_large_image","twitter_creator":"@sonoraenequipo","twitter_site":"@sonoraenequipo","twitter_misc":{"Escrito por":"enequipo","Tiempo de lectura":"2 minutos"},"schema":{"@context":"https:\/\/schema.org","@graph":[{"@type":"Article","@id":"https:\/\/www.sonoraenequipo.com.mx\/biden-hablara-hasta-manana-sobre-los-resultados-de-las-elecciones-intermedias-casa-blanca\/#article","isPartOf":{"@id":"https:\/\/www.sonoraenequipo.com.mx\/biden-hablara-hasta-manana-sobre-los-resultados-de-las-elecciones-intermedias-casa-blanca\/"},"author":{"name":"enequipo","@id":"https:\/\/www.sonoraenequipo.com.mx\/#\/schema\/person\/50102df0fb23a8fa9e8effad8fa81386"},"headline":"Biden hablar\u00e1 hasta ma\u00f1ana sobre los resultados de las elecciones intermedias: Casa Blanca","datePublished":"2022-11-09T17:30:14+00:00","dateModified":"2022-11-10T02:31:13+00:00","mainEntityOfPage":{"@id":"https:\/\/www.sonoraenequipo.com.mx\/biden-hablara-hasta-manana-sobre-los-resultados-de-las-elecciones-intermedias-casa-blanca\/"},"wordCount":367,"commentCount":0,"publisher":{"@id":"https:\/\/www.sonoraenequipo.com.mx\/#organization"},"image":{"@id":"https:\/\/www.sonoraenequipo.com.mx\/biden-hablara-hasta-manana-sobre-los-resultados-de-las-elecciones-intermedias-casa-blanca\/#primaryimage"},"thumbnailUrl":"https:\/\/www.sonoraenequipo.com.mx\/storage\/2022\/11\/biden-casa-blanca.jpg","articleSection":["MUNDO"],"inLanguage":"es","potentialAction":[{"@type":"CommentAction","name":"Comment","target":["https:\/\/www.sonoraenequipo.com.mx\/biden-hablara-hasta-manana-sobre-los-resultados-de-las-elecciones-intermedias-casa-blanca\/#respond"]}]},{"@type":"WebPage","@id":"https:\/\/www.sonoraenequipo.com.mx\/biden-hablara-hasta-manana-sobre-los-resultados-de-las-elecciones-intermedias-casa-blanca\/","url":"https:\/\/www.sonoraenequipo.com.mx\/biden-hablara-hasta-manana-sobre-los-resultados-de-las-elecciones-intermedias-casa-blanca\/","name":"Sonora en Equipo. Biden hablar\u00e1 hasta ma\u00f1ana sobre los resultados de las elecciones intermedias: Casa Blanca MUNDO","isPartOf":{"@id":"https:\/\/www.sonoraenequipo.com.mx\/#website"},"primaryImageOfPage":{"@id":"https:\/\/www.sonoraenequipo.com.mx\/biden-hablara-hasta-manana-sobre-los-resultados-de-las-elecciones-intermedias-casa-blanca\/#primaryimage"},"image":{"@id":"https:\/\/www.sonoraenequipo.com.mx\/biden-hablara-hasta-manana-sobre-los-resultados-de-las-elecciones-intermedias-casa-blanca\/#primaryimage"},"thumbnailUrl":"https:\/\/www.sonoraenequipo.com.mx\/storage\/2022\/11\/biden-casa-blanca.jpg","datePublished":"2022-11-09T17:30:14+00:00","dateModified":"2022-11-10T02:31:13+00:00","description":"ESTADOS UNIDOS. \u2014 La Casa Blanca inform\u00f3 este martes que el presidente de Estados Unidos, Joe Biden, se pronunciara un d\u00eda despu\u00e9s de los resultados de En Sonora en Equipo publicamos toda la informaci\u00f3n de Sonora, M\u00e9xico y el Mundo de manera oportuna y busca que la libertad de expresi\u00f3n sea real. Visita nuestro medio informativo publicado desde Hermosillo, Sonora. %","breadcrumb":{"@id":"https:\/\/www.sonoraenequipo.com.mx\/biden-hablara-hasta-manana-sobre-los-resultados-de-las-elecciones-intermedias-casa-blanca\/#breadcrumb"},"inLanguage":"es","potentialAction":[{"@type":"ReadAction","target":["https:\/\/www.sonoraenequipo.com.mx\/biden-hablara-hasta-manana-sobre-los-resultados-de-las-elecciones-intermedias-casa-blanca\/"]}]},{"@type":"ImageObject","inLanguage":"es","@id":"https:\/\/www.sonoraenequipo.com.mx\/biden-hablara-hasta-manana-sobre-los-resultados-de-las-elecciones-intermedias-casa-blanca\/#primaryimage","url":"https:\/\/www.sonoraenequipo.com.mx\/storage\/2022\/11\/biden-casa-blanca.jpg","contentUrl":"https:\/\/www.sonoraenequipo.com.mx\/storage\/2022\/11\/biden-casa-blanca.jpg","width":837,"height":478},{"@type":"BreadcrumbList","@id":"https:\/\/www.sonoraenequipo.com.mx\/biden-hablara-hasta-manana-sobre-los-resultados-de-las-elecciones-intermedias-casa-blanca\/#breadcrumb","itemListElement":[{"@type":"ListItem","position":1,"name":"Portada","item":"https:\/\/www.sonoraenequipo.com.mx\/"},{"@type":"ListItem","position":2,"name":"Biden hablar\u00e1 hasta ma\u00f1ana sobre los resultados de las elecciones intermedias: Casa Blanca"}]},{"@type":"WebSite","@id":"https:\/\/www.sonoraenequipo.com.mx\/#website","url":"https:\/\/www.sonoraenequipo.com.mx\/","name":"Sonora en Equipo.","description":"Diario en l\u00ednea con Noticias desde Hermosillo, Sonora","publisher":{"@id":"https:\/\/www.sonoraenequipo.com.mx\/#organization"},"potentialAction":[{"@type":"SearchAction","target":{"@type":"EntryPoint","urlTemplate":"https:\/\/www.sonoraenequipo.com.mx\/?s={search_term_string}"},"query-input":{"@type":"PropertyValueSpecification","valueRequired":true,"valueName":"search_term_string"}}],"inLanguage":"es"},{"@type":"Organization","@id":"https:\/\/www.sonoraenequipo.com.mx\/#organization","name":"Sonoraenequipo.com.mx","url":"https:\/\/www.sonoraenequipo.com.mx\/","logo":{"@type":"ImageObject","inLanguage":"es","@id":"https:\/\/www.sonoraenequipo.com.mx\/#\/schema\/logo\/image\/","url":"https:\/\/www.sonoraenequipo.com.mx\/storage\/2019\/01\/sonoraenequipo_opt.png","contentUrl":"https:\/\/www.sonoraenequipo.com.mx\/storage\/2019\/01\/sonoraenequipo_opt.png","width":375,"height":125,"caption":"Sonoraenequipo.com.mx"},"image":{"@id":"https:\/\/www.sonoraenequipo.com.mx\/#\/schema\/logo\/image\/"},"sameAs":["https:\/\/www.facebook.com\/SonoraEE\/","https:\/\/x.com\/sonoraenequipo","https:\/\/www.youtube.com\/channel\/UC338nW-lPEYmJQs4ZABQ1SQ"]},{"@type":"Person","@id":"https:\/\/www.sonoraenequipo.com.mx\/#\/schema\/person\/50102df0fb23a8fa9e8effad8fa81386","name":"enequipo","image":{"@type":"ImageObject","inLanguage":"es","@id":"https:\/\/www.sonoraenequipo.com.mx\/#\/schema\/person\/image\/","url":"https:\/\/secure.gravatar.com\/avatar\/049821681b589dabc0bc20695993ccebb09f5b5d4d790cd9251b97faac7c652b?s=96&d=blank&r=g","contentUrl":"https:\/\/secure.gravatar.com\/avatar\/049821681b589dabc0bc20695993ccebb09f5b5d4d790cd9251b97faac7c652b?s=96&d=blank&r=g","caption":"enequipo"},"sameAs":["https:\/\/www.facebook.com\/SonoraEE"]}]}},"jetpack_featured_media_url":"https:\/\/www.sonoraenequipo.com.mx\/storage\/2022\/11\/biden-casa-blanca.jpg","_links":{"self":[{"href":"https:\/\/www.sonoraenequipo.com.mx\/api\/wp\/v2\/posts\/151575","targetHints":{"allow":["GET"]}}],"collection":[{"href":"https:\/\/www.sonoraenequipo.com.mx\/api\/wp\/v2\/posts"}],"about":[{"href":"https:\/\/www.sonoraenequipo.com.mx\/api\/wp\/v2\/types\/post"}],"author":[{"embeddable":true,"href":"https:\/\/www.sonoraenequipo.com.mx\/api\/wp\/v2\/users\/1"}],"replies":[{"embeddable":true,"href":"https:\/\/www.sonoraenequipo.com.mx\/api\/wp\/v2\/comments?post=151575"}],"version-history":[{"count":1,"href":"https:\/\/www.sonoraenequipo.com.mx\/api\/wp\/v2\/posts\/151575\/revisions"}],"predecessor-version":[{"id":151577,"href":"https:\/\/www.sonoraenequipo.com.mx\/api\/wp\/v2\/posts\/151575\/revisions\/151577"}],"wp:featuredmedia":[{"embeddable":true,"href":"https:\/\/www.sonoraenequipo.com.mx\/api\/wp\/v2\/media\/151576"}],"wp:attachment":[{"href":"https:\/\/www.sonoraenequipo.com.mx\/api\/wp\/v2\/media?parent=151575"}],"wp:term":[{"taxonomy":"category","embeddable":true,"href":"https:\/\/www.sonoraenequipo.com.mx\/api\/wp\/v2\/categories?post=151575"},{"taxonomy":"post_tag","embeddable":true,"href":"https:\/\/www.sonoraenequipo.com.mx\/api\/wp\/v2\/tags?post=151575"}],"curies":[{"name":"wp","href":"https:\/\/api.w.org\/{rel}","templated":true}]}}