{"id":151579,"date":"2022-11-09T09:38:41","date_gmt":"2022-11-09T16:38:41","guid":{"rendered":"https:\/\/www.sonoraenequipo.com.mx\/?p=151579"},"modified":"2022-11-09T21:58:38","modified_gmt":"2022-11-10T04:58:38","slug":"inflacion-mantiene-tendencia-a-la-baja-registra-8-41-por-ciento-en-octubre","status":"publish","type":"post","link":"https:\/\/www.sonoraenequipo.com.mx\/inflacion-mantiene-tendencia-a-la-baja-registra-8-41-por-ciento-en-octubre\/","title":{"rendered":"Inflaci\u00f3n mantiene tendencia a la baja; registra 8.41 por ciento en octubre"},"content":{"rendered":"<p><strong>CIUDAD DE M\u00c9XICO. MX. \u2014<\/strong> El presidente Andr\u00e9s Manuel L\u00f3pez Obrador destac\u00f3 que en M\u00e9xico contin\u00faa la tendencia de descenso de la inflaci\u00f3n general anual; en octubre baj\u00f3 a 8.41 por ciento, de acuerdo con datos del Instituto Nacional de Estad\u00edstica y Geograf\u00eda (INEGI).<\/p>\n<p>&nbsp;<\/p>\n<p> <\/p>\n<p>&nbsp;<\/p>\n<p><em><strong>\u201cBaj\u00f3 poquito, lo importante es que ya hay una tendencia a la baja. (\u2026) Energ\u00e9ticos lo tenemos controlado, no nos aumenta el precio de combustibles, de gasolinas, del diesel, de energ\u00eda el\u00e9ctrica; esto es una pol\u00edtica que tomamos distinta a otros pa\u00edses\u201d,<\/strong><\/em> enfatiz\u00f3.<\/p>\n<p>&nbsp;<\/p>\n<p>En la primera quincena del mes anterior, la inflaci\u00f3n se redujo de 8.7 a 8.5 por ciento y en septiembre se contuvo el alza, seg\u00fan cifras del INEGI.<\/p>\n<p>&nbsp;<\/p>\n<p>En conferencia de prensa matutina, el mandatario reiter\u00f3 que el Gobierno de M\u00e9xico seguir\u00e1 impulsando la autosuficiencia energ\u00e9tica y alimentaria como medidas de control inflacionario.<\/p>\n<p>&nbsp;<\/p>\n<p>Al respecto, dijo, se fortalecer\u00e1 la producci\u00f3n en el campo a partir de la entrega gratuita de fertilizantes.<\/p>\n<p>&nbsp;<\/p>\n<p><em><strong>\u201cYa vamos a entregar fertilizantes gratuitos a todos los peque\u00f1os productores del pa\u00eds, a 2 millones de productores, y esto va a ayudar mucho a aumentar, sobre todo, la producci\u00f3n de granos b\u00e1sicos\u201d<\/strong><\/em>, resalt\u00f3.<\/p>\n<p>&nbsp;<\/p>\n<p>A\u00f1adi\u00f3 que la federaci\u00f3n busca las mejores alternativas en materia de fertilizantes para no afectar el ambiente ni la salud del pueblo de M\u00e9xico.<\/p>\n<p>&nbsp;<\/p>\n<p><em><strong>\u201cEstamos buscando combinar para que sean fertilizantes lo m\u00e1s org\u00e1nicos posible porque lo que quisi\u00e9ramos es que fuesen org\u00e1nicos, pero no tenemos la cantidad suficiente. Por ejemplo, en el programa Sembrando Vida, ah\u00ed todos los fertilizantes son org\u00e1nicos, incluso tienen peque\u00f1as f\u00e1bricas\u201d,<\/strong><\/em> asever\u00f3.<\/p>\n<p>&nbsp;<\/p>\n<p><em><strong>\u201cSe pone por delante la salud. M\u00e1s all\u00e1 de lo mercantil se tiene que cuidar la salud. Es lo que habl\u00e1bamos del uso del agua, lo mismo en el caso de los fertilizantes, sobre otros agroqu\u00edmicos y se tiene que ir avanzando en la elaboraci\u00f3n de sustancias no t\u00f3xicas para enfrentar plagas\u201d,<\/strong><\/em> agreg\u00f3.<\/p>\n<p>&nbsp;<\/p>\n<p>El programa Fertilizantes para el Bienestar, dijo, ya alcanz\u00f3 la meta de este a\u00f1o en Chiapas, Durango, Guerrero, Morelos, Nayarit, Oaxaca, Puebla, Tlaxcala y Zacatecas.<\/p>\n<p>&nbsp;<\/p>\n<p>Simult\u00e1neamente la federaci\u00f3n da seguimiento al Acuerdo de Apertura Contra la Inflaci\u00f3n y la Carest\u00eda (Apecic) con la participaci\u00f3n de productores y distribuidores de alimentos en aras de fortalecer la econom\u00eda popular ante la compra de 24 insumos de la canasta b\u00e1sica por un monto de mil 39 pesos.<\/p>\n<p>&nbsp;<\/p>\n<p><strong><em>\u201cVamos a mantener la canasta y vamos a la apertura de alimentos que se puedan conseguir a mejor precio, es decir, quitar aranceles para importaci\u00f3n. Va poco a poco, pero es lento el proceso porque hay muchas resistencias, pero nosotros somos muy perseverantes<\/em><\/strong>\u201d, expres\u00f3.<\/p>\n<p>&nbsp;<\/p>\n<p>Reconoci\u00f3 la colaboraci\u00f3n de las empresas que cumplen con los convenios establecidos en el Apecic, iniciativa que prioriza las necesidades de las y los consumidores.<\/p>\n<p>&nbsp;<\/p>\n<p>&nbsp;<\/p>\n<p><em><strong>\u201cNos est\u00e1n ayudando productores, distribuidores de tiendas departamentales. (\u2026) Esto es lo que vamos a seguir ahora atendiendo; ya est\u00e1n bajando los precios de alimentos a nivel internacional. De todas maneras, vamos a seguir con estas medidas que no son de control de precio de manera obligatoria, sino a partir de acuerdos\u201d<\/strong><\/em>, apunt\u00f3.<\/p>\n<p>&nbsp;<\/p>\n<p>&nbsp;<\/p>\n<p>PUBLICADO EL 09\/NOVIEMBRE\/DE 2022)<\/p>\n","protected":false},"excerpt":{"rendered":"<p>CIUDAD DE M\u00c9XICO. MX. \u2014 El presidente Andr\u00e9s Manuel L\u00f3pez Obrador destac\u00f3 que en M\u00e9xico&#8230;<\/p>\n","protected":false},"author":1,"featured_media":151594,"comment_status":"open","ping_status":"open","sticky":false,"template":"","format":"standard","meta":{"_monsterinsights_skip_tracking":false,"_monsterinsights_sitenote_active":false,"_monsterinsights_sitenote_note":"","_monsterinsights_sitenote_category":0,"footnotes":""},"categories":[5],"tags":[],"class_list":["post"],"yoast_head":" \n<title>Sonora en Equipo. Inflaci\u00f3n mantiene tendencia a la baja; registra 8.41 por ciento en octubre Rep\u00fablica<\/title>\n<meta name=\"description\" content=\"CIUDAD DE M\u00c9XICO. MX. \u2014 El presidente Andr\u00e9s Manuel L\u00f3pez Obrador destac\u00f3 que en M\u00e9xico contin\u00faa la tendencia de descenso de la inflaci\u00f3n general anual; En Sonora en Equipo publicamos toda la informaci\u00f3n de Sonora, M\u00e9xico y el Mundo de manera oportuna y busca que la libertad de expresi\u00f3n sea real. Visita nuestro medio informativo publicado desde Hermosillo, Sonora. %\" \/>\n<meta name=\"robots\" content=\"index, follow, max-snippet:-1, max-image-preview:large, max-video-preview:-1\" \/>\n<link rel=\"canonical\" href=\"https:\/\/www.sonoraenequipo.com.mx\/inflacion-mantiene-tendencia-a-la-baja-registra-8-41-por-ciento-en-octubre\/\" \/>\n<meta property=\"og:locale\" content=\"es_ES\" \/>\n<meta property=\"og:type\" content=\"article\" \/>\n<meta property=\"og:title\" content=\"Sonora en Equipo. Inflaci\u00f3n mantiene tendencia a la baja; registra 8.41 por ciento en octubre Rep\u00fablica\" \/>\n<meta property=\"og:description\" content=\"CIUDAD DE M\u00c9XICO. MX. \u2014 El presidente Andr\u00e9s Manuel L\u00f3pez Obrador destac\u00f3 que en M\u00e9xico contin\u00faa la tendencia de descenso de la inflaci\u00f3n general anual; En Sonora en Equipo publicamos toda la informaci\u00f3n de Sonora, M\u00e9xico y el Mundo de manera oportuna y busca que la libertad de expresi\u00f3n sea real. Visita nuestro medio informativo publicado desde Hermosillo, Sonora. %\" \/>\n<meta property=\"og:url\" content=\"https:\/\/www.sonoraenequipo.com.mx\/inflacion-mantiene-tendencia-a-la-baja-registra-8-41-por-ciento-en-octubre\/\" \/>\n<meta property=\"og:site_name\" content=\"Sonora en Equipo.\" \/>\n<meta property=\"article:publisher\" content=\"https:\/\/www.facebook.com\/SonoraEE\/\" \/>\n<meta property=\"article:author\" content=\"https:\/\/www.facebook.com\/SonoraEE\" \/>\n<meta property=\"article:published_time\" content=\"2022-11-09T16:38:41+00:00\" \/>\n<meta property=\"article:modified_time\" content=\"2022-11-10T04:58:38+00:00\" \/>\n<meta property=\"og:image\" content=\"https:\/\/www.sonoraenequipo.com.mx\/storage\/2022\/11\/amlo2022.11.09C.jpg\" \/>\n\t<meta property=\"og:image:width\" content=\"900\" \/>\n\t<meta property=\"og:image:height\" content=\"514\" \/>\n\t<meta property=\"og:image:type\" content=\"image\/jpeg\" \/>\n<meta name=\"author\" content=\"enequipo\" \/>\n<meta name=\"twitter:card\" content=\"summary_large_image\" \/>\n<meta name=\"twitter:creator\" content=\"@sonoraenequipo\" \/>\n<meta name=\"twitter:site\" content=\"@sonoraenequipo\" \/>\n<meta name=\"twitter:label1\" content=\"Escrito por\" \/>\n\t<meta name=\"twitter:data1\" content=\"enequipo\" \/>\n\t<meta name=\"twitter:label2\" content=\"Tiempo de lectura\" \/>\n\t<meta name=\"twitter:data2\" content=\"3 minutos\" \/>\n<script type=\"application\/ld+json\" class=\"yoast-schema-graph\">{\"@context\":\"https:\/\/schema.org\",\"@graph\":[{\"@type\":\"Article\",\"@id\":\"https:\/\/www.sonoraenequipo.com.mx\/inflacion-mantiene-tendencia-a-la-baja-registra-8-41-por-ciento-en-octubre\/#article\",\"isPartOf\":{\"@id\":\"https:\/\/www.sonoraenequipo.com.mx\/inflacion-mantiene-tendencia-a-la-baja-registra-8-41-por-ciento-en-octubre\/\"},\"author\":{\"name\":\"enequipo\",\"@id\":\"https:\/\/www.sonoraenequipo.com.mx\/#\/schema\/person\/50102df0fb23a8fa9e8effad8fa81386\"},\"headline\":\"Inflaci\u00f3n mantiene tendencia a la baja; registra 8.41 por ciento en octubre\",\"datePublished\":\"2022-11-09T16:38:41+00:00\",\"dateModified\":\"2022-11-10T04:58:38+00:00\",\"mainEntityOfPage\":{\"@id\":\"https:\/\/www.sonoraenequipo.com.mx\/inflacion-mantiene-tendencia-a-la-baja-registra-8-41-por-ciento-en-octubre\/\"},\"wordCount\":581,\"commentCount\":0,\"publisher\":{\"@id\":\"https:\/\/www.sonoraenequipo.com.mx\/#organization\"},\"image\":{\"@id\":\"https:\/\/www.sonoraenequipo.com.mx\/inflacion-mantiene-tendencia-a-la-baja-registra-8-41-por-ciento-en-octubre\/#primaryimage\"},\"thumbnailUrl\":\"https:\/\/www.sonoraenequipo.com.mx\/storage\/2022\/11\/amlo2022.11.09C.jpg\",\"articleSection\":[\"Rep\u00fablica\"],\"inLanguage\":\"es\",\"potentialAction\":[{\"@type\":\"CommentAction\",\"name\":\"Comment\",\"target\":[\"https:\/\/www.sonoraenequipo.com.mx\/inflacion-mantiene-tendencia-a-la-baja-registra-8-41-por-ciento-en-octubre\/#respond\"]}]},{\"@type\":\"WebPage\",\"@id\":\"https:\/\/www.sonoraenequipo.com.mx\/inflacion-mantiene-tendencia-a-la-baja-registra-8-41-por-ciento-en-octubre\/\",\"url\":\"https:\/\/www.sonoraenequipo.com.mx\/inflacion-mantiene-tendencia-a-la-baja-registra-8-41-por-ciento-en-octubre\/\",\"name\":\"Sonora en Equipo. Inflaci\u00f3n mantiene tendencia a la baja; registra 8.41 por ciento en octubre Rep\u00fablica\",\"isPartOf\":{\"@id\":\"https:\/\/www.sonoraenequipo.com.mx\/#website\"},\"primaryImageOfPage\":{\"@id\":\"https:\/\/www.sonoraenequipo.com.mx\/inflacion-mantiene-tendencia-a-la-baja-registra-8-41-por-ciento-en-octubre\/#primaryimage\"},\"image\":{\"@id\":\"https:\/\/www.sonoraenequipo.com.mx\/inflacion-mantiene-tendencia-a-la-baja-registra-8-41-por-ciento-en-octubre\/#primaryimage\"},\"thumbnailUrl\":\"https:\/\/www.sonoraenequipo.com.mx\/storage\/2022\/11\/amlo2022.11.09C.jpg\",\"datePublished\":\"2022-11-09T16:38:41+00:00\",\"dateModified\":\"2022-11-10T04:58:38+00:00\",\"description\":\"CIUDAD DE M\u00c9XICO. MX. \u2014 El presidente Andr\u00e9s Manuel L\u00f3pez Obrador destac\u00f3 que en M\u00e9xico contin\u00faa la tendencia de descenso de la inflaci\u00f3n general anual; En Sonora en Equipo publicamos toda la informaci\u00f3n de Sonora, M\u00e9xico y el Mundo de manera oportuna y busca que la libertad de expresi\u00f3n sea real. Visita nuestro medio informativo publicado desde Hermosillo, Sonora. %\",\"breadcrumb\":{\"@id\":\"https:\/\/www.sonoraenequipo.com.mx\/inflacion-mantiene-tendencia-a-la-baja-registra-8-41-por-ciento-en-octubre\/#breadcrumb\"},\"inLanguage\":\"es\",\"potentialAction\":[{\"@type\":\"ReadAction\",\"target\":[\"https:\/\/www.sonoraenequipo.com.mx\/inflacion-mantiene-tendencia-a-la-baja-registra-8-41-por-ciento-en-octubre\/\"]}]},{\"@type\":\"ImageObject\",\"inLanguage\":\"es\",\"@id\":\"https:\/\/www.sonoraenequipo.com.mx\/inflacion-mantiene-tendencia-a-la-baja-registra-8-41-por-ciento-en-octubre\/#primaryimage\",\"url\":\"https:\/\/www.sonoraenequipo.com.mx\/storage\/2022\/11\/amlo2022.11.09C.jpg\",\"contentUrl\":\"https:\/\/www.sonoraenequipo.com.mx\/storage\/2022\/11\/amlo2022.11.09C.jpg\",\"width\":900,\"height\":514},{\"@type\":\"BreadcrumbList\",\"@id\":\"https:\/\/www.sonoraenequipo.com.mx\/inflacion-mantiene-tendencia-a-la-baja-registra-8-41-por-ciento-en-octubre\/#breadcrumb\",\"itemListElement\":[{\"@type\":\"ListItem\",\"position\":1,\"name\":\"Portada\",\"item\":\"https:\/\/www.sonoraenequipo.com.mx\/\"},{\"@type\":\"ListItem\",\"position\":2,\"name\":\"Inflaci\u00f3n mantiene tendencia a la baja; registra 8.41 por ciento en octubre\"}]},{\"@type\":\"WebSite\",\"@id\":\"https:\/\/www.sonoraenequipo.com.mx\/#website\",\"url\":\"https:\/\/www.sonoraenequipo.com.mx\/\",\"name\":\"Sonora en Equipo.\",\"description\":\"Diario en l\u00ednea con Noticias desde Hermosillo, Sonora\",\"publisher\":{\"@id\":\"https:\/\/www.sonoraenequipo.com.mx\/#organization\"},\"potentialAction\":[{\"@type\":\"SearchAction\",\"target\":{\"@type\":\"EntryPoint\",\"urlTemplate\":\"https:\/\/www.sonoraenequipo.com.mx\/?s={search_term_string}\"},\"query-input\":{\"@type\":\"PropertyValueSpecification\",\"valueRequired\":true,\"valueName\":\"search_term_string\"}}],\"inLanguage\":\"es\"},{\"@type\":\"Organization\",\"@id\":\"https:\/\/www.sonoraenequipo.com.mx\/#organization\",\"name\":\"Sonoraenequipo.com.mx\",\"url\":\"https:\/\/www.sonoraenequipo.com.mx\/\",\"logo\":{\"@type\":\"ImageObject\",\"inLanguage\":\"es\",\"@id\":\"https:\/\/www.sonoraenequipo.com.mx\/#\/schema\/logo\/image\/\",\"url\":\"https:\/\/www.sonoraenequipo.com.mx\/storage\/2019\/01\/sonoraenequipo_opt.png\",\"contentUrl\":\"https:\/\/www.sonoraenequipo.com.mx\/storage\/2019\/01\/sonoraenequipo_opt.png\",\"width\":375,\"height\":125,\"caption\":\"Sonoraenequipo.com.mx\"},\"image\":{\"@id\":\"https:\/\/www.sonoraenequipo.com.mx\/#\/schema\/logo\/image\/\"},\"sameAs\":[\"https:\/\/www.facebook.com\/SonoraEE\/\",\"https:\/\/x.com\/sonoraenequipo\",\"https:\/\/www.youtube.com\/channel\/UC338nW-lPEYmJQs4ZABQ1SQ\"]},{\"@type\":\"Person\",\"@id\":\"https:\/\/www.sonoraenequipo.com.mx\/#\/schema\/person\/50102df0fb23a8fa9e8effad8fa81386\",\"name\":\"enequipo\",\"image\":{\"@type\":\"ImageObject\",\"inLanguage\":\"es\",\"@id\":\"https:\/\/www.sonoraenequipo.com.mx\/#\/schema\/person\/image\/\",\"url\":\"https:\/\/secure.gravatar.com\/avatar\/049821681b589dabc0bc20695993ccebb09f5b5d4d790cd9251b97faac7c652b?s=96&d=blank&r=g\",\"contentUrl\":\"https:\/\/secure.gravatar.com\/avatar\/049821681b589dabc0bc20695993ccebb09f5b5d4d790cd9251b97faac7c652b?s=96&d=blank&r=g\",\"caption\":\"enequipo\"},\"sameAs\":[\"https:\/\/www.facebook.com\/SonoraEE\"]}]}<\/script>\n ","yoast_head_json":{"title":"Sonora en Equipo. Inflaci\u00f3n mantiene tendencia a la baja; registra 8.41 por ciento en octubre Rep\u00fablica","description":"CIUDAD DE M\u00c9XICO. MX. \u2014 El presidente Andr\u00e9s Manuel L\u00f3pez Obrador destac\u00f3 que en M\u00e9xico contin\u00faa la tendencia de descenso de la inflaci\u00f3n general anual; En Sonora en Equipo publicamos toda la informaci\u00f3n de Sonora, M\u00e9xico y el Mundo de manera oportuna y busca que la libertad de expresi\u00f3n sea real. Visita nuestro medio informativo publicado desde Hermosillo, Sonora. %","robots":{"index":"index","follow":"follow","max-snippet":"max-snippet:-1","max-image-preview":"max-image-preview:large","max-video-preview":"max-video-preview:-1"},"canonical":"https:\/\/www.sonoraenequipo.com.mx\/inflacion-mantiene-tendencia-a-la-baja-registra-8-41-por-ciento-en-octubre\/","og_locale":"es_ES","og_type":"article","og_title":"Sonora en Equipo. Inflaci\u00f3n mantiene tendencia a la baja; registra 8.41 por ciento en octubre Rep\u00fablica","og_description":"CIUDAD DE M\u00c9XICO. MX. \u2014 El presidente Andr\u00e9s Manuel L\u00f3pez Obrador destac\u00f3 que en M\u00e9xico contin\u00faa la tendencia de descenso de la inflaci\u00f3n general anual; En Sonora en Equipo publicamos toda la informaci\u00f3n de Sonora, M\u00e9xico y el Mundo de manera oportuna y busca que la libertad de expresi\u00f3n sea real. Visita nuestro medio informativo publicado desde Hermosillo, Sonora. %","og_url":"https:\/\/www.sonoraenequipo.com.mx\/inflacion-mantiene-tendencia-a-la-baja-registra-8-41-por-ciento-en-octubre\/","og_site_name":"Sonora en Equipo.","article_publisher":"https:\/\/www.facebook.com\/SonoraEE\/","article_author":"https:\/\/www.facebook.com\/SonoraEE","article_published_time":"2022-11-09T16:38:41+00:00","article_modified_time":"2022-11-10T04:58:38+00:00","og_image":[{"width":900,"height":514,"url":"https:\/\/www.sonoraenequipo.com.mx\/storage\/2022\/11\/amlo2022.11.09C.jpg","type":"image\/jpeg"}],"author":"enequipo","twitter_card":"summary_large_image","twitter_creator":"@sonoraenequipo","twitter_site":"@sonoraenequipo","twitter_misc":{"Escrito por":"enequipo","Tiempo de lectura":"3 minutos"},"schema":{"@context":"https:\/\/schema.org","@graph":[{"@type":"Article","@id":"https:\/\/www.sonoraenequipo.com.mx\/inflacion-mantiene-tendencia-a-la-baja-registra-8-41-por-ciento-en-octubre\/#article","isPartOf":{"@id":"https:\/\/www.sonoraenequipo.com.mx\/inflacion-mantiene-tendencia-a-la-baja-registra-8-41-por-ciento-en-octubre\/"},"author":{"name":"enequipo","@id":"https:\/\/www.sonoraenequipo.com.mx\/#\/schema\/person\/50102df0fb23a8fa9e8effad8fa81386"},"headline":"Inflaci\u00f3n mantiene tendencia a la baja; registra 8.41 por ciento en octubre","datePublished":"2022-11-09T16:38:41+00:00","dateModified":"2022-11-10T04:58:38+00:00","mainEntityOfPage":{"@id":"https:\/\/www.sonoraenequipo.com.mx\/inflacion-mantiene-tendencia-a-la-baja-registra-8-41-por-ciento-en-octubre\/"},"wordCount":581,"commentCount":0,"publisher":{"@id":"https:\/\/www.sonoraenequipo.com.mx\/#organization"},"image":{"@id":"https:\/\/www.sonoraenequipo.com.mx\/inflacion-mantiene-tendencia-a-la-baja-registra-8-41-por-ciento-en-octubre\/#primaryimage"},"thumbnailUrl":"https:\/\/www.sonoraenequipo.com.mx\/storage\/2022\/11\/amlo2022.11.09C.jpg","articleSection":["Rep\u00fablica"],"inLanguage":"es","potentialAction":[{"@type":"CommentAction","name":"Comment","target":["https:\/\/www.sonoraenequipo.com.mx\/inflacion-mantiene-tendencia-a-la-baja-registra-8-41-por-ciento-en-octubre\/#respond"]}]},{"@type":"WebPage","@id":"https:\/\/www.sonoraenequipo.com.mx\/inflacion-mantiene-tendencia-a-la-baja-registra-8-41-por-ciento-en-octubre\/","url":"https:\/\/www.sonoraenequipo.com.mx\/inflacion-mantiene-tendencia-a-la-baja-registra-8-41-por-ciento-en-octubre\/","name":"Sonora en Equipo. Inflaci\u00f3n mantiene tendencia a la baja; registra 8.41 por ciento en octubre Rep\u00fablica","isPartOf":{"@id":"https:\/\/www.sonoraenequipo.com.mx\/#website"},"primaryImageOfPage":{"@id":"https:\/\/www.sonoraenequipo.com.mx\/inflacion-mantiene-tendencia-a-la-baja-registra-8-41-por-ciento-en-octubre\/#primaryimage"},"image":{"@id":"https:\/\/www.sonoraenequipo.com.mx\/inflacion-mantiene-tendencia-a-la-baja-registra-8-41-por-ciento-en-octubre\/#primaryimage"},"thumbnailUrl":"https:\/\/www.sonoraenequipo.com.mx\/storage\/2022\/11\/amlo2022.11.09C.jpg","datePublished":"2022-11-09T16:38:41+00:00","dateModified":"2022-11-10T04:58:38+00:00","description":"CIUDAD DE M\u00c9XICO. MX. \u2014 El presidente Andr\u00e9s Manuel L\u00f3pez Obrador destac\u00f3 que en M\u00e9xico contin\u00faa la tendencia de descenso de la inflaci\u00f3n general anual; En Sonora en Equipo publicamos toda la informaci\u00f3n de Sonora, M\u00e9xico y el Mundo de manera oportuna y busca que la libertad de expresi\u00f3n sea real. Visita nuestro medio informativo publicado desde Hermosillo, Sonora. %","breadcrumb":{"@id":"https:\/\/www.sonoraenequipo.com.mx\/inflacion-mantiene-tendencia-a-la-baja-registra-8-41-por-ciento-en-octubre\/#breadcrumb"},"inLanguage":"es","potentialAction":[{"@type":"ReadAction","target":["https:\/\/www.sonoraenequipo.com.mx\/inflacion-mantiene-tendencia-a-la-baja-registra-8-41-por-ciento-en-octubre\/"]}]},{"@type":"ImageObject","inLanguage":"es","@id":"https:\/\/www.sonoraenequipo.com.mx\/inflacion-mantiene-tendencia-a-la-baja-registra-8-41-por-ciento-en-octubre\/#primaryimage","url":"https:\/\/www.sonoraenequipo.com.mx\/storage\/2022\/11\/amlo2022.11.09C.jpg","contentUrl":"https:\/\/www.sonoraenequipo.com.mx\/storage\/2022\/11\/amlo2022.11.09C.jpg","width":900,"height":514},{"@type":"BreadcrumbList","@id":"https:\/\/www.sonoraenequipo.com.mx\/inflacion-mantiene-tendencia-a-la-baja-registra-8-41-por-ciento-en-octubre\/#breadcrumb","itemListElement":[{"@type":"ListItem","position":1,"name":"Portada","item":"https:\/\/www.sonoraenequipo.com.mx\/"},{"@type":"ListItem","position":2,"name":"Inflaci\u00f3n mantiene tendencia a la baja; registra 8.41 por ciento en octubre"}]},{"@type":"WebSite","@id":"https:\/\/www.sonoraenequipo.com.mx\/#website","url":"https:\/\/www.sonoraenequipo.com.mx\/","name":"Sonora en Equipo.","description":"Diario en l\u00ednea con Noticias desde Hermosillo, Sonora","publisher":{"@id":"https:\/\/www.sonoraenequipo.com.mx\/#organization"},"potentialAction":[{"@type":"SearchAction","target":{"@type":"EntryPoint","urlTemplate":"https:\/\/www.sonoraenequipo.com.mx\/?s={search_term_string}"},"query-input":{"@type":"PropertyValueSpecification","valueRequired":true,"valueName":"search_term_string"}}],"inLanguage":"es"},{"@type":"Organization","@id":"https:\/\/www.sonoraenequipo.com.mx\/#organization","name":"Sonoraenequipo.com.mx","url":"https:\/\/www.sonoraenequipo.com.mx\/","logo":{"@type":"ImageObject","inLanguage":"es","@id":"https:\/\/www.sonoraenequipo.com.mx\/#\/schema\/logo\/image\/","url":"https:\/\/www.sonoraenequipo.com.mx\/storage\/2019\/01\/sonoraenequipo_opt.png","contentUrl":"https:\/\/www.sonoraenequipo.com.mx\/storage\/2019\/01\/sonoraenequipo_opt.png","width":375,"height":125,"caption":"Sonoraenequipo.com.mx"},"image":{"@id":"https:\/\/www.sonoraenequipo.com.mx\/#\/schema\/logo\/image\/"},"sameAs":["https:\/\/www.facebook.com\/SonoraEE\/","https:\/\/x.com\/sonoraenequipo","https:\/\/www.youtube.com\/channel\/UC338nW-lPEYmJQs4ZABQ1SQ"]},{"@type":"Person","@id":"https:\/\/www.sonoraenequipo.com.mx\/#\/schema\/person\/50102df0fb23a8fa9e8effad8fa81386","name":"enequipo","image":{"@type":"ImageObject","inLanguage":"es","@id":"https:\/\/www.sonoraenequipo.com.mx\/#\/schema\/person\/image\/","url":"https:\/\/secure.gravatar.com\/avatar\/049821681b589dabc0bc20695993ccebb09f5b5d4d790cd9251b97faac7c652b?s=96&d=blank&r=g","contentUrl":"https:\/\/secure.gravatar.com\/avatar\/049821681b589dabc0bc20695993ccebb09f5b5d4d790cd9251b97faac7c652b?s=96&d=blank&r=g","caption":"enequipo"},"sameAs":["https:\/\/www.facebook.com\/SonoraEE"]}]}},"jetpack_featured_media_url":"https:\/\/www.sonoraenequipo.com.mx\/storage\/2022\/11\/amlo2022.11.09C.jpg","_links":{"self":[{"href":"https:\/\/www.sonoraenequipo.com.mx\/api\/wp\/v2\/posts\/151579","targetHints":{"allow":["GET"]}}],"collection":[{"href":"https:\/\/www.sonoraenequipo.com.mx\/api\/wp\/v2\/posts"}],"about":[{"href":"https:\/\/www.sonoraenequipo.com.mx\/api\/wp\/v2\/types\/post"}],"author":[{"embeddable":true,"href":"https:\/\/www.sonoraenequipo.com.mx\/api\/wp\/v2\/users\/1"}],"replies":[{"embeddable":true,"href":"https:\/\/www.sonoraenequipo.com.mx\/api\/wp\/v2\/comments?post=151579"}],"version-history":[{"count":1,"href":"https:\/\/www.sonoraenequipo.com.mx\/api\/wp\/v2\/posts\/151579\/revisions"}],"predecessor-version":[{"id":151597,"href":"https:\/\/www.sonoraenequipo.com.mx\/api\/wp\/v2\/posts\/151579\/revisions\/151597"}],"wp:featuredmedia":[{"embeddable":true,"href":"https:\/\/www.sonoraenequipo.com.mx\/api\/wp\/v2\/media\/151594"}],"wp:attachment":[{"href":"https:\/\/www.sonoraenequipo.com.mx\/api\/wp\/v2\/media?parent=151579"}],"wp:term":[{"taxonomy":"category","embeddable":true,"href":"https:\/\/www.sonoraenequipo.com.mx\/api\/wp\/v2\/categories?post=151579"},{"taxonomy":"post_tag","embeddable":true,"href":"https:\/\/www.sonoraenequipo.com.mx\/api\/wp\/v2\/tags?post=151579"}],"curies":[{"name":"wp","href":"https:\/\/api.w.org\/{rel}","templated":true}]}}