{"id":151636,"date":"2022-11-10T09:15:26","date_gmt":"2022-11-10T16:15:26","guid":{"rendered":"https:\/\/www.sonoraenequipo.com.mx\/?p=151636"},"modified":"2022-11-10T12:27:36","modified_gmt":"2022-11-10T19:27:36","slug":"millones-de-afectados-por-la-huelga-de-transportes-en-paris-y-londres","status":"publish","type":"post","link":"https:\/\/www.sonoraenequipo.com.mx\/millones-de-afectados-por-la-huelga-de-transportes-en-paris-y-londres\/","title":{"rendered":"Millones de afectados por la huelga de transportes en Par\u00eds y Londres"},"content":{"rendered":"<p><strong>EUROPA. \u2014<\/strong> Millones de personas en Par\u00eds y Londres tuvieron que buscar alternativas para ir a trabajar, o simplemente quedarse en casa, el jueves debido a una huelga en los transportes p\u00fablicos para reclamar alzas salariales en un contexto de alta inflaci\u00f3n en toda Europa.<\/p>\n<p>&nbsp;<\/p>\n<p> <\/p>\n<p>&nbsp;<\/p>\n<p>Toda la regi\u00f3n enfrenta un aumento exponencial en los costos de la energ\u00eda en momentos en que se aproxima el invierno, provocando un alza global de precios del 10% que genera preocupaci\u00f3n en la poblaci\u00f3n y aviva las tensiones sociales.<\/p>\n<p>&nbsp;<\/p>\n<p>&nbsp;<\/p>\n<p>En Francia, la huelga pretende tambi\u00e9n aumentar la presi\u00f3n sobre el presidente Emmanuel Macron antes de que presente al Parlamento un pol\u00e9mico proyecto de ley que busca retrasar la edad de jubilaci\u00f3n de los 62 a los 65 a\u00f1os.<\/p>\n<p>&nbsp;<\/p>\n<p>&nbsp;<\/p>\n<p><strong><em>\u201cQueremos demostrar que si queremos movilizarnos, sabemos c\u00f3mo hacerlo\u201d<\/em><\/strong>, dijo Fr\u00e9d\u00e9ric Souillot, secretario general del sindicato franc\u00e9s FO.<\/p>\n<blockquote class=\"twitter-tweet\" data-width=\"550\" data-dnt=\"true\">\n<p lang=\"es\" dir=\"ltr\"><a href=\"https:\/\/twitter.com\/hashtag\/Francia?src=hash&amp;ref_src=twsrc%5Etfw\">#Francia<\/a> tercera jornada de huelga en los \u00faltimos 23 d\u00edas. En Par\u00eds, 5 l\u00edneas de Metro totalmente cerradas como esta en la que nos encontramos preparando directo para <a href=\"https:\/\/twitter.com\/LaHoraTVE?ref_src=twsrc%5Etfw\">@LaHoraTVE<\/a> <a href=\"https:\/\/t.co\/15gAOU07vK\">pic.twitter.com\/15gAOU07vK<\/a><\/p>\n<p>&mdash; Mavi Do\u00f1ate (@mavidonate) <a href=\"https:\/\/twitter.com\/mavidonate\/status\/1590619000383606785?ref_src=twsrc%5Etfw\">November 10, 2022<\/a><\/p><\/blockquote>\n<p><script async src=\"https:\/\/platform.twitter.com\/widgets.js\" charset=\"utf-8\"><\/script><\/p>\n<p>&nbsp;<\/p>\n<p>&nbsp;<\/p>\n<p>&nbsp;<\/p>\n<p>Francia tercera jornada de huelga en los \u00faltimos 23 d\u00edas. En Par\u00eds, 5 l\u00edneas de Metro totalmente cerradas como esta en la que nos encontramos preparando directo para @LaHoraTVE pic.twitter.com\/15gAOU07vK<\/p>\n<p>\u2014 Mavi Do\u00f1ate (@mavidonate) November 10, 2022<\/p>\n<p>&nbsp;<\/p>\n<p>PUBLICADO EL10\/NOVIEMBRE\/DE 2022 )<\/p>\n","protected":false},"excerpt":{"rendered":"<p>EUROPA. \u2014 Millones de personas en Par\u00eds y Londres tuvieron que buscar alternativas para ir&#8230;<\/p>\n","protected":false},"author":1,"featured_media":151647,"comment_status":"open","ping_status":"open","sticky":false,"template":"","format":"standard","meta":{"_monsterinsights_skip_tracking":false,"_monsterinsights_sitenote_active":false,"_monsterinsights_sitenote_note":"","_monsterinsights_sitenote_category":0,"footnotes":""},"categories":[3],"tags":[],"class_list":["post"],"yoast_head":" \n<title>Sonora en Equipo. Millones de afectados por la huelga de transportes en Par\u00eds y Londres MUNDO<\/title>\n<meta name=\"description\" content=\"EUROPA. \u2014 Millones de personas en Par\u00eds y Londres tuvieron que buscar alternativas para ir a trabajar, o simplemente quedarse en casa, el jueves debido a En Sonora en Equipo publicamos toda la informaci\u00f3n de Sonora, M\u00e9xico y el Mundo de manera oportuna y busca que la libertad de expresi\u00f3n sea real. Visita nuestro medio informativo publicado desde Hermosillo, Sonora. %\" \/>\n<meta name=\"robots\" content=\"index, follow, max-snippet:-1, max-image-preview:large, max-video-preview:-1\" \/>\n<link rel=\"canonical\" href=\"https:\/\/www.sonoraenequipo.com.mx\/millones-de-afectados-por-la-huelga-de-transportes-en-paris-y-londres\/\" \/>\n<meta property=\"og:locale\" content=\"es_ES\" \/>\n<meta property=\"og:type\" content=\"article\" \/>\n<meta property=\"og:title\" content=\"Sonora en Equipo. Millones de afectados por la huelga de transportes en Par\u00eds y Londres MUNDO\" \/>\n<meta property=\"og:description\" content=\"EUROPA. \u2014 Millones de personas en Par\u00eds y Londres tuvieron que buscar alternativas para ir a trabajar, o simplemente quedarse en casa, el jueves debido a En Sonora en Equipo publicamos toda la informaci\u00f3n de Sonora, M\u00e9xico y el Mundo de manera oportuna y busca que la libertad de expresi\u00f3n sea real. Visita nuestro medio informativo publicado desde Hermosillo, Sonora. %\" \/>\n<meta property=\"og:url\" content=\"https:\/\/www.sonoraenequipo.com.mx\/millones-de-afectados-por-la-huelga-de-transportes-en-paris-y-londres\/\" \/>\n<meta property=\"og:site_name\" content=\"Sonora en Equipo.\" \/>\n<meta property=\"article:publisher\" content=\"https:\/\/www.facebook.com\/SonoraEE\/\" \/>\n<meta property=\"article:author\" content=\"https:\/\/www.facebook.com\/SonoraEE\" \/>\n<meta property=\"article:published_time\" content=\"2022-11-10T16:15:26+00:00\" \/>\n<meta property=\"article:modified_time\" content=\"2022-11-10T19:27:36+00:00\" \/>\n<meta property=\"og:image\" content=\"https:\/\/www.sonoraenequipo.com.mx\/storage\/2022\/11\/huelga-del-transporte-en-paris-y-londres.jpg\" \/>\n\t<meta property=\"og:image:width\" content=\"900\" \/>\n\t<meta property=\"og:image:height\" content=\"515\" \/>\n\t<meta property=\"og:image:type\" content=\"image\/jpeg\" \/>\n<meta name=\"author\" content=\"enequipo\" \/>\n<meta name=\"twitter:card\" content=\"summary_large_image\" \/>\n<meta name=\"twitter:creator\" content=\"@sonoraenequipo\" \/>\n<meta name=\"twitter:site\" content=\"@sonoraenequipo\" \/>\n<meta name=\"twitter:label1\" content=\"Escrito por\" \/>\n\t<meta name=\"twitter:data1\" content=\"enequipo\" \/>\n\t<meta name=\"twitter:label2\" content=\"Tiempo de lectura\" \/>\n\t<meta name=\"twitter:data2\" content=\"1 minuto\" \/>\n<script type=\"application\/ld+json\" class=\"yoast-schema-graph\">{\"@context\":\"https:\/\/schema.org\",\"@graph\":[{\"@type\":\"Article\",\"@id\":\"https:\/\/www.sonoraenequipo.com.mx\/millones-de-afectados-por-la-huelga-de-transportes-en-paris-y-londres\/#article\",\"isPartOf\":{\"@id\":\"https:\/\/www.sonoraenequipo.com.mx\/millones-de-afectados-por-la-huelga-de-transportes-en-paris-y-londres\/\"},\"author\":{\"name\":\"enequipo\",\"@id\":\"https:\/\/www.sonoraenequipo.com.mx\/#\/schema\/person\/50102df0fb23a8fa9e8effad8fa81386\"},\"headline\":\"Millones de afectados por la huelga de transportes en Par\u00eds y Londres\",\"datePublished\":\"2022-11-10T16:15:26+00:00\",\"dateModified\":\"2022-11-10T19:27:36+00:00\",\"mainEntityOfPage\":{\"@id\":\"https:\/\/www.sonoraenequipo.com.mx\/millones-de-afectados-por-la-huelga-de-transportes-en-paris-y-londres\/\"},\"wordCount\":226,\"commentCount\":0,\"publisher\":{\"@id\":\"https:\/\/www.sonoraenequipo.com.mx\/#organization\"},\"image\":{\"@id\":\"https:\/\/www.sonoraenequipo.com.mx\/millones-de-afectados-por-la-huelga-de-transportes-en-paris-y-londres\/#primaryimage\"},\"thumbnailUrl\":\"https:\/\/www.sonoraenequipo.com.mx\/storage\/2022\/11\/huelga-del-transporte-en-paris-y-londres.jpg\",\"articleSection\":[\"MUNDO\"],\"inLanguage\":\"es\",\"potentialAction\":[{\"@type\":\"CommentAction\",\"name\":\"Comment\",\"target\":[\"https:\/\/www.sonoraenequipo.com.mx\/millones-de-afectados-por-la-huelga-de-transportes-en-paris-y-londres\/#respond\"]}]},{\"@type\":\"WebPage\",\"@id\":\"https:\/\/www.sonoraenequipo.com.mx\/millones-de-afectados-por-la-huelga-de-transportes-en-paris-y-londres\/\",\"url\":\"https:\/\/www.sonoraenequipo.com.mx\/millones-de-afectados-por-la-huelga-de-transportes-en-paris-y-londres\/\",\"name\":\"Sonora en Equipo. Millones de afectados por la huelga de transportes en Par\u00eds y Londres MUNDO\",\"isPartOf\":{\"@id\":\"https:\/\/www.sonoraenequipo.com.mx\/#website\"},\"primaryImageOfPage\":{\"@id\":\"https:\/\/www.sonoraenequipo.com.mx\/millones-de-afectados-por-la-huelga-de-transportes-en-paris-y-londres\/#primaryimage\"},\"image\":{\"@id\":\"https:\/\/www.sonoraenequipo.com.mx\/millones-de-afectados-por-la-huelga-de-transportes-en-paris-y-londres\/#primaryimage\"},\"thumbnailUrl\":\"https:\/\/www.sonoraenequipo.com.mx\/storage\/2022\/11\/huelga-del-transporte-en-paris-y-londres.jpg\",\"datePublished\":\"2022-11-10T16:15:26+00:00\",\"dateModified\":\"2022-11-10T19:27:36+00:00\",\"description\":\"EUROPA. \u2014 Millones de personas en Par\u00eds y Londres tuvieron que buscar alternativas para ir a trabajar, o simplemente quedarse en casa, el jueves debido a En Sonora en Equipo publicamos toda la informaci\u00f3n de Sonora, M\u00e9xico y el Mundo de manera oportuna y busca que la libertad de expresi\u00f3n sea real. Visita nuestro medio informativo publicado desde Hermosillo, Sonora. %\",\"breadcrumb\":{\"@id\":\"https:\/\/www.sonoraenequipo.com.mx\/millones-de-afectados-por-la-huelga-de-transportes-en-paris-y-londres\/#breadcrumb\"},\"inLanguage\":\"es\",\"potentialAction\":[{\"@type\":\"ReadAction\",\"target\":[\"https:\/\/www.sonoraenequipo.com.mx\/millones-de-afectados-por-la-huelga-de-transportes-en-paris-y-londres\/\"]}]},{\"@type\":\"ImageObject\",\"inLanguage\":\"es\",\"@id\":\"https:\/\/www.sonoraenequipo.com.mx\/millones-de-afectados-por-la-huelga-de-transportes-en-paris-y-londres\/#primaryimage\",\"url\":\"https:\/\/www.sonoraenequipo.com.mx\/storage\/2022\/11\/huelga-del-transporte-en-paris-y-londres.jpg\",\"contentUrl\":\"https:\/\/www.sonoraenequipo.com.mx\/storage\/2022\/11\/huelga-del-transporte-en-paris-y-londres.jpg\",\"width\":900,\"height\":515},{\"@type\":\"BreadcrumbList\",\"@id\":\"https:\/\/www.sonoraenequipo.com.mx\/millones-de-afectados-por-la-huelga-de-transportes-en-paris-y-londres\/#breadcrumb\",\"itemListElement\":[{\"@type\":\"ListItem\",\"position\":1,\"name\":\"Portada\",\"item\":\"https:\/\/www.sonoraenequipo.com.mx\/\"},{\"@type\":\"ListItem\",\"position\":2,\"name\":\"Millones de afectados por la huelga de transportes en Par\u00eds y Londres\"}]},{\"@type\":\"WebSite\",\"@id\":\"https:\/\/www.sonoraenequipo.com.mx\/#website\",\"url\":\"https:\/\/www.sonoraenequipo.com.mx\/\",\"name\":\"Sonora en Equipo.\",\"description\":\"Diario en l\u00ednea con Noticias desde Hermosillo, Sonora\",\"publisher\":{\"@id\":\"https:\/\/www.sonoraenequipo.com.mx\/#organization\"},\"potentialAction\":[{\"@type\":\"SearchAction\",\"target\":{\"@type\":\"EntryPoint\",\"urlTemplate\":\"https:\/\/www.sonoraenequipo.com.mx\/?s={search_term_string}\"},\"query-input\":{\"@type\":\"PropertyValueSpecification\",\"valueRequired\":true,\"valueName\":\"search_term_string\"}}],\"inLanguage\":\"es\"},{\"@type\":\"Organization\",\"@id\":\"https:\/\/www.sonoraenequipo.com.mx\/#organization\",\"name\":\"Sonoraenequipo.com.mx\",\"url\":\"https:\/\/www.sonoraenequipo.com.mx\/\",\"logo\":{\"@type\":\"ImageObject\",\"inLanguage\":\"es\",\"@id\":\"https:\/\/www.sonoraenequipo.com.mx\/#\/schema\/logo\/image\/\",\"url\":\"https:\/\/www.sonoraenequipo.com.mx\/storage\/2019\/01\/sonoraenequipo_opt.png\",\"contentUrl\":\"https:\/\/www.sonoraenequipo.com.mx\/storage\/2019\/01\/sonoraenequipo_opt.png\",\"width\":375,\"height\":125,\"caption\":\"Sonoraenequipo.com.mx\"},\"image\":{\"@id\":\"https:\/\/www.sonoraenequipo.com.mx\/#\/schema\/logo\/image\/\"},\"sameAs\":[\"https:\/\/www.facebook.com\/SonoraEE\/\",\"https:\/\/x.com\/sonoraenequipo\",\"https:\/\/www.youtube.com\/channel\/UC338nW-lPEYmJQs4ZABQ1SQ\"]},{\"@type\":\"Person\",\"@id\":\"https:\/\/www.sonoraenequipo.com.mx\/#\/schema\/person\/50102df0fb23a8fa9e8effad8fa81386\",\"name\":\"enequipo\",\"image\":{\"@type\":\"ImageObject\",\"inLanguage\":\"es\",\"@id\":\"https:\/\/www.sonoraenequipo.com.mx\/#\/schema\/person\/image\/\",\"url\":\"https:\/\/secure.gravatar.com\/avatar\/049821681b589dabc0bc20695993ccebb09f5b5d4d790cd9251b97faac7c652b?s=96&d=blank&r=g\",\"contentUrl\":\"https:\/\/secure.gravatar.com\/avatar\/049821681b589dabc0bc20695993ccebb09f5b5d4d790cd9251b97faac7c652b?s=96&d=blank&r=g\",\"caption\":\"enequipo\"},\"sameAs\":[\"https:\/\/www.facebook.com\/SonoraEE\"]}]}<\/script>\n ","yoast_head_json":{"title":"Sonora en Equipo. Millones de afectados por la huelga de transportes en Par\u00eds y Londres MUNDO","description":"EUROPA. \u2014 Millones de personas en Par\u00eds y Londres tuvieron que buscar alternativas para ir a trabajar, o simplemente quedarse en casa, el jueves debido a En Sonora en Equipo publicamos toda la informaci\u00f3n de Sonora, M\u00e9xico y el Mundo de manera oportuna y busca que la libertad de expresi\u00f3n sea real. Visita nuestro medio informativo publicado desde Hermosillo, Sonora. %","robots":{"index":"index","follow":"follow","max-snippet":"max-snippet:-1","max-image-preview":"max-image-preview:large","max-video-preview":"max-video-preview:-1"},"canonical":"https:\/\/www.sonoraenequipo.com.mx\/millones-de-afectados-por-la-huelga-de-transportes-en-paris-y-londres\/","og_locale":"es_ES","og_type":"article","og_title":"Sonora en Equipo. Millones de afectados por la huelga de transportes en Par\u00eds y Londres MUNDO","og_description":"EUROPA. \u2014 Millones de personas en Par\u00eds y Londres tuvieron que buscar alternativas para ir a trabajar, o simplemente quedarse en casa, el jueves debido a En Sonora en Equipo publicamos toda la informaci\u00f3n de Sonora, M\u00e9xico y el Mundo de manera oportuna y busca que la libertad de expresi\u00f3n sea real. Visita nuestro medio informativo publicado desde Hermosillo, Sonora. %","og_url":"https:\/\/www.sonoraenequipo.com.mx\/millones-de-afectados-por-la-huelga-de-transportes-en-paris-y-londres\/","og_site_name":"Sonora en Equipo.","article_publisher":"https:\/\/www.facebook.com\/SonoraEE\/","article_author":"https:\/\/www.facebook.com\/SonoraEE","article_published_time":"2022-11-10T16:15:26+00:00","article_modified_time":"2022-11-10T19:27:36+00:00","og_image":[{"width":900,"height":515,"url":"https:\/\/www.sonoraenequipo.com.mx\/storage\/2022\/11\/huelga-del-transporte-en-paris-y-londres.jpg","type":"image\/jpeg"}],"author":"enequipo","twitter_card":"summary_large_image","twitter_creator":"@sonoraenequipo","twitter_site":"@sonoraenequipo","twitter_misc":{"Escrito por":"enequipo","Tiempo de lectura":"1 minuto"},"schema":{"@context":"https:\/\/schema.org","@graph":[{"@type":"Article","@id":"https:\/\/www.sonoraenequipo.com.mx\/millones-de-afectados-por-la-huelga-de-transportes-en-paris-y-londres\/#article","isPartOf":{"@id":"https:\/\/www.sonoraenequipo.com.mx\/millones-de-afectados-por-la-huelga-de-transportes-en-paris-y-londres\/"},"author":{"name":"enequipo","@id":"https:\/\/www.sonoraenequipo.com.mx\/#\/schema\/person\/50102df0fb23a8fa9e8effad8fa81386"},"headline":"Millones de afectados por la huelga de transportes en Par\u00eds y Londres","datePublished":"2022-11-10T16:15:26+00:00","dateModified":"2022-11-10T19:27:36+00:00","mainEntityOfPage":{"@id":"https:\/\/www.sonoraenequipo.com.mx\/millones-de-afectados-por-la-huelga-de-transportes-en-paris-y-londres\/"},"wordCount":226,"commentCount":0,"publisher":{"@id":"https:\/\/www.sonoraenequipo.com.mx\/#organization"},"image":{"@id":"https:\/\/www.sonoraenequipo.com.mx\/millones-de-afectados-por-la-huelga-de-transportes-en-paris-y-londres\/#primaryimage"},"thumbnailUrl":"https:\/\/www.sonoraenequipo.com.mx\/storage\/2022\/11\/huelga-del-transporte-en-paris-y-londres.jpg","articleSection":["MUNDO"],"inLanguage":"es","potentialAction":[{"@type":"CommentAction","name":"Comment","target":["https:\/\/www.sonoraenequipo.com.mx\/millones-de-afectados-por-la-huelga-de-transportes-en-paris-y-londres\/#respond"]}]},{"@type":"WebPage","@id":"https:\/\/www.sonoraenequipo.com.mx\/millones-de-afectados-por-la-huelga-de-transportes-en-paris-y-londres\/","url":"https:\/\/www.sonoraenequipo.com.mx\/millones-de-afectados-por-la-huelga-de-transportes-en-paris-y-londres\/","name":"Sonora en Equipo. Millones de afectados por la huelga de transportes en Par\u00eds y Londres MUNDO","isPartOf":{"@id":"https:\/\/www.sonoraenequipo.com.mx\/#website"},"primaryImageOfPage":{"@id":"https:\/\/www.sonoraenequipo.com.mx\/millones-de-afectados-por-la-huelga-de-transportes-en-paris-y-londres\/#primaryimage"},"image":{"@id":"https:\/\/www.sonoraenequipo.com.mx\/millones-de-afectados-por-la-huelga-de-transportes-en-paris-y-londres\/#primaryimage"},"thumbnailUrl":"https:\/\/www.sonoraenequipo.com.mx\/storage\/2022\/11\/huelga-del-transporte-en-paris-y-londres.jpg","datePublished":"2022-11-10T16:15:26+00:00","dateModified":"2022-11-10T19:27:36+00:00","description":"EUROPA. \u2014 Millones de personas en Par\u00eds y Londres tuvieron que buscar alternativas para ir a trabajar, o simplemente quedarse en casa, el jueves debido a En Sonora en Equipo publicamos toda la informaci\u00f3n de Sonora, M\u00e9xico y el Mundo de manera oportuna y busca que la libertad de expresi\u00f3n sea real. Visita nuestro medio informativo publicado desde Hermosillo, Sonora. %","breadcrumb":{"@id":"https:\/\/www.sonoraenequipo.com.mx\/millones-de-afectados-por-la-huelga-de-transportes-en-paris-y-londres\/#breadcrumb"},"inLanguage":"es","potentialAction":[{"@type":"ReadAction","target":["https:\/\/www.sonoraenequipo.com.mx\/millones-de-afectados-por-la-huelga-de-transportes-en-paris-y-londres\/"]}]},{"@type":"ImageObject","inLanguage":"es","@id":"https:\/\/www.sonoraenequipo.com.mx\/millones-de-afectados-por-la-huelga-de-transportes-en-paris-y-londres\/#primaryimage","url":"https:\/\/www.sonoraenequipo.com.mx\/storage\/2022\/11\/huelga-del-transporte-en-paris-y-londres.jpg","contentUrl":"https:\/\/www.sonoraenequipo.com.mx\/storage\/2022\/11\/huelga-del-transporte-en-paris-y-londres.jpg","width":900,"height":515},{"@type":"BreadcrumbList","@id":"https:\/\/www.sonoraenequipo.com.mx\/millones-de-afectados-por-la-huelga-de-transportes-en-paris-y-londres\/#breadcrumb","itemListElement":[{"@type":"ListItem","position":1,"name":"Portada","item":"https:\/\/www.sonoraenequipo.com.mx\/"},{"@type":"ListItem","position":2,"name":"Millones de afectados por la huelga de transportes en Par\u00eds y Londres"}]},{"@type":"WebSite","@id":"https:\/\/www.sonoraenequipo.com.mx\/#website","url":"https:\/\/www.sonoraenequipo.com.mx\/","name":"Sonora en Equipo.","description":"Diario en l\u00ednea con Noticias desde Hermosillo, Sonora","publisher":{"@id":"https:\/\/www.sonoraenequipo.com.mx\/#organization"},"potentialAction":[{"@type":"SearchAction","target":{"@type":"EntryPoint","urlTemplate":"https:\/\/www.sonoraenequipo.com.mx\/?s={search_term_string}"},"query-input":{"@type":"PropertyValueSpecification","valueRequired":true,"valueName":"search_term_string"}}],"inLanguage":"es"},{"@type":"Organization","@id":"https:\/\/www.sonoraenequipo.com.mx\/#organization","name":"Sonoraenequipo.com.mx","url":"https:\/\/www.sonoraenequipo.com.mx\/","logo":{"@type":"ImageObject","inLanguage":"es","@id":"https:\/\/www.sonoraenequipo.com.mx\/#\/schema\/logo\/image\/","url":"https:\/\/www.sonoraenequipo.com.mx\/storage\/2019\/01\/sonoraenequipo_opt.png","contentUrl":"https:\/\/www.sonoraenequipo.com.mx\/storage\/2019\/01\/sonoraenequipo_opt.png","width":375,"height":125,"caption":"Sonoraenequipo.com.mx"},"image":{"@id":"https:\/\/www.sonoraenequipo.com.mx\/#\/schema\/logo\/image\/"},"sameAs":["https:\/\/www.facebook.com\/SonoraEE\/","https:\/\/x.com\/sonoraenequipo","https:\/\/www.youtube.com\/channel\/UC338nW-lPEYmJQs4ZABQ1SQ"]},{"@type":"Person","@id":"https:\/\/www.sonoraenequipo.com.mx\/#\/schema\/person\/50102df0fb23a8fa9e8effad8fa81386","name":"enequipo","image":{"@type":"ImageObject","inLanguage":"es","@id":"https:\/\/www.sonoraenequipo.com.mx\/#\/schema\/person\/image\/","url":"https:\/\/secure.gravatar.com\/avatar\/049821681b589dabc0bc20695993ccebb09f5b5d4d790cd9251b97faac7c652b?s=96&d=blank&r=g","contentUrl":"https:\/\/secure.gravatar.com\/avatar\/049821681b589dabc0bc20695993ccebb09f5b5d4d790cd9251b97faac7c652b?s=96&d=blank&r=g","caption":"enequipo"},"sameAs":["https:\/\/www.facebook.com\/SonoraEE"]}]}},"jetpack_featured_media_url":"https:\/\/www.sonoraenequipo.com.mx\/storage\/2022\/11\/huelga-del-transporte-en-paris-y-londres.jpg","_links":{"self":[{"href":"https:\/\/www.sonoraenequipo.com.mx\/api\/wp\/v2\/posts\/151636","targetHints":{"allow":["GET"]}}],"collection":[{"href":"https:\/\/www.sonoraenequipo.com.mx\/api\/wp\/v2\/posts"}],"about":[{"href":"https:\/\/www.sonoraenequipo.com.mx\/api\/wp\/v2\/types\/post"}],"author":[{"embeddable":true,"href":"https:\/\/www.sonoraenequipo.com.mx\/api\/wp\/v2\/users\/1"}],"replies":[{"embeddable":true,"href":"https:\/\/www.sonoraenequipo.com.mx\/api\/wp\/v2\/comments?post=151636"}],"version-history":[{"count":1,"href":"https:\/\/www.sonoraenequipo.com.mx\/api\/wp\/v2\/posts\/151636\/revisions"}],"predecessor-version":[{"id":151649,"href":"https:\/\/www.sonoraenequipo.com.mx\/api\/wp\/v2\/posts\/151636\/revisions\/151649"}],"wp:featuredmedia":[{"embeddable":true,"href":"https:\/\/www.sonoraenequipo.com.mx\/api\/wp\/v2\/media\/151647"}],"wp:attachment":[{"href":"https:\/\/www.sonoraenequipo.com.mx\/api\/wp\/v2\/media?parent=151636"}],"wp:term":[{"taxonomy":"category","embeddable":true,"href":"https:\/\/www.sonoraenequipo.com.mx\/api\/wp\/v2\/categories?post=151636"},{"taxonomy":"post_tag","embeddable":true,"href":"https:\/\/www.sonoraenequipo.com.mx\/api\/wp\/v2\/tags?post=151636"}],"curies":[{"name":"wp","href":"https:\/\/api.w.org\/{rel}","templated":true}]}}