{"id":151650,"date":"2022-11-10T12:33:35","date_gmt":"2022-11-10T19:33:35","guid":{"rendered":"https:\/\/www.sonoraenequipo.com.mx\/?p=151650"},"modified":"2022-11-10T12:33:35","modified_gmt":"2022-11-10T19:33:35","slug":"a-punto-de-iniciar-paranacionales-2022-en-sonora-con-once-disciplinas","status":"publish","type":"post","link":"https:\/\/www.sonoraenequipo.com.mx\/a-punto-de-iniciar-paranacionales-2022-en-sonora-con-once-disciplinas\/","title":{"rendered":"A punto de iniciar Paranacionales 2022 en Sonora con once disciplinas"},"content":{"rendered":"<p>\u25baEl certamen para deportistas discapacitados ser\u00e1 hasta el 24 de noviembre, en once disciplinas, en su mayor\u00eda en la Unidad Deportiva del Noroeste<\/p>\n<p>&nbsp;<\/p>\n<p><strong>HERMOSILLO, SONORA,MX.<\/strong><strong>\u2500\u2500<\/strong> La fiesta deportiva de los Paranacionales Conade 2022 iniciar\u00e1 este jueves en la capital sonorense con la presencia de m\u00e1s de dos mil paratletas, de 28 entidades del pa\u00eds, que competir\u00e1n en once disciplinas a realizarse, la mayor\u00eda, en la Unidad Deportiva del Noroeste.<\/p>\n<p>&nbsp;<\/p>\n<p>Desde este mi\u00e9rcoles empezaron a arribar las delegaciones de las diferentes entidades que abrir\u00e1n las acciones en los deportes de boccia, paratenis de mesa y paranataci\u00f3n, quienes fueron acreditados para llevar a cabo sus competencias del jueves al s\u00e1bado, en la primera etapa del certamen destinado a deportistas con discapacidad.<\/p>\n<p>&nbsp;<\/p>\n<p>El boccia, con sede en el Centro de Usos M\u00faltiples (CUM) arrancar\u00e1 a las 8:00 de la ma\u00f1ana del jueves, mientras que la nataci\u00f3n abre acciones en la alberca \u201cH\u00e9roes de Caborca\u201d, a las 9:00 horas, y a las 10:00 inicia el tenis de mesa en el Pabell\u00f3n de Pelota.<\/p>\n<p>&nbsp;<\/p>\n<p>Las otras ocho disciplinas son las de futbol 5 para ciegos, golbol, paratletismo, baloncesto sobre silla de ruedas, paradanza deportiva, paraciclismo, parapowerlifting y paratriatl\u00f3n.<\/p>\n<p>&nbsp;<\/p>\n<p>Por lo tanto, el certamen iniciar\u00e1 con tres deportes, entre el 10 y 12 de noviembre: paranataci\u00f3n, paratenis de mesa y boccia; luego seguir\u00e1n el futbol 5 para ciegos, y el golbol, entre los d\u00edas 14 y 16.<\/p>\n<p>&nbsp;<\/p>\n<p>Tambi\u00e9n, del 14 al 16 de noviembre, tendr\u00e1 lugar la primera etapa del paratletismo, que comprende a competidores entre 13 y 18 a\u00f1os; mientras que, en la segunda fase, pactada del d\u00eda 18 al 20, participar\u00e1n las categor\u00edas de 19, 20 y 21.<\/p>\n<p>&nbsp;<\/p>\n<p>Las actividades del baloncesto en silla de ruedas habr\u00e1n de realizarse del 18 al 20 de noviembre; paradanza deportiva, y paraciclismo, los d\u00edas 19 y 20, mientras que el cierre del certamen quedar\u00e1 en las disciplinas de parapowerlifting y paratriatl\u00f3n, ambas a realizarse el 23 de noviembre.<\/p>\n<p>&nbsp;<\/p>\n<p>De tal manera, en el certamen ver\u00e1n acci\u00f3n paratletas de las discapacidades de ciegos y d\u00e9biles visuales, par\u00e1lisis cerebral, especiales, y sordos, adem\u00e1s participar\u00e1n paradeportistas sobre silla de ruedas y amputados.<\/p>\n<p><strong><u>Fecha de publicaci\u00f3n\u00a0 jueves 10 de noviembre de 2022<\/u><\/strong><\/p>\n<p>&nbsp;<\/p>\n","protected":false},"excerpt":{"rendered":"<p>\u25baEl certamen para deportistas discapacitados ser\u00e1 hasta el 24 de noviembre, en once disciplinas, en&#8230;<\/p>\n","protected":false},"author":1,"featured_media":151652,"comment_status":"open","ping_status":"open","sticky":false,"template":"","format":"standard","meta":{"_monsterinsights_skip_tracking":false,"_monsterinsights_sitenote_active":false,"_monsterinsights_sitenote_note":"","_monsterinsights_sitenote_category":0,"footnotes":""},"categories":[10],"tags":[7781],"class_list":["post"],"yoast_head":" \n<title>Sonora en Equipo. A punto de iniciar Paranacionales 2022 en Sonora con once disciplinas Deportes<\/title>\n<meta name=\"description\" content=\"\u25baEl certamen para deportistas discapacitados ser\u00e1 hasta el 24 de noviembre, en once disciplinas, en su mayor\u00eda en la Unidad Deportiva del Noroeste &nbsp; En Sonora en Equipo publicamos toda la informaci\u00f3n de Sonora, M\u00e9xico y el Mundo de manera oportuna y busca que la libertad de expresi\u00f3n sea real. Visita nuestro medio informativo publicado desde Hermosillo, Sonora. %\" \/>\n<meta name=\"robots\" content=\"index, follow, max-snippet:-1, max-image-preview:large, max-video-preview:-1\" \/>\n<link rel=\"canonical\" href=\"https:\/\/www.sonoraenequipo.com.mx\/a-punto-de-iniciar-paranacionales-2022-en-sonora-con-once-disciplinas\/\" \/>\n<meta property=\"og:locale\" content=\"es_ES\" \/>\n<meta property=\"og:type\" content=\"article\" \/>\n<meta property=\"og:title\" content=\"Sonora en Equipo. A punto de iniciar Paranacionales 2022 en Sonora con once disciplinas Deportes\" \/>\n<meta property=\"og:description\" content=\"\u25baEl certamen para deportistas discapacitados ser\u00e1 hasta el 24 de noviembre, en once disciplinas, en su mayor\u00eda en la Unidad Deportiva del Noroeste &nbsp; En Sonora en Equipo publicamos toda la informaci\u00f3n de Sonora, M\u00e9xico y el Mundo de manera oportuna y busca que la libertad de expresi\u00f3n sea real. Visita nuestro medio informativo publicado desde Hermosillo, Sonora. %\" \/>\n<meta property=\"og:url\" content=\"https:\/\/www.sonoraenequipo.com.mx\/a-punto-de-iniciar-paranacionales-2022-en-sonora-con-once-disciplinas\/\" \/>\n<meta property=\"og:site_name\" content=\"Sonora en Equipo.\" \/>\n<meta property=\"article:publisher\" content=\"https:\/\/www.facebook.com\/SonoraEE\/\" \/>\n<meta property=\"article:author\" content=\"https:\/\/www.facebook.com\/SonoraEE\" \/>\n<meta property=\"article:published_time\" content=\"2022-11-10T19:33:35+00:00\" \/>\n<meta property=\"og:image\" content=\"https:\/\/www.sonoraenequipo.com.mx\/storage\/2022\/11\/cum.jpg\" \/>\n\t<meta property=\"og:image:width\" content=\"800\" \/>\n\t<meta property=\"og:image:height\" content=\"500\" \/>\n\t<meta property=\"og:image:type\" content=\"image\/jpeg\" \/>\n<meta name=\"author\" content=\"enequipo\" \/>\n<meta name=\"twitter:card\" content=\"summary_large_image\" \/>\n<meta name=\"twitter:creator\" content=\"@sonoraenequipo\" \/>\n<meta name=\"twitter:site\" content=\"@sonoraenequipo\" \/>\n<meta name=\"twitter:label1\" content=\"Escrito por\" \/>\n\t<meta name=\"twitter:data1\" content=\"enequipo\" \/>\n\t<meta name=\"twitter:label2\" content=\"Tiempo de lectura\" \/>\n\t<meta name=\"twitter:data2\" content=\"2 minutos\" \/>\n<script type=\"application\/ld+json\" class=\"yoast-schema-graph\">{\"@context\":\"https:\/\/schema.org\",\"@graph\":[{\"@type\":\"Article\",\"@id\":\"https:\/\/www.sonoraenequipo.com.mx\/a-punto-de-iniciar-paranacionales-2022-en-sonora-con-once-disciplinas\/#article\",\"isPartOf\":{\"@id\":\"https:\/\/www.sonoraenequipo.com.mx\/a-punto-de-iniciar-paranacionales-2022-en-sonora-con-once-disciplinas\/\"},\"author\":{\"name\":\"enequipo\",\"@id\":\"https:\/\/www.sonoraenequipo.com.mx\/#\/schema\/person\/50102df0fb23a8fa9e8effad8fa81386\"},\"headline\":\"A punto de iniciar Paranacionales 2022 en Sonora con once disciplinas\",\"datePublished\":\"2022-11-10T19:33:35+00:00\",\"mainEntityOfPage\":{\"@id\":\"https:\/\/www.sonoraenequipo.com.mx\/a-punto-de-iniciar-paranacionales-2022-en-sonora-con-once-disciplinas\/\"},\"wordCount\":386,\"commentCount\":0,\"publisher\":{\"@id\":\"https:\/\/www.sonoraenequipo.com.mx\/#organization\"},\"image\":{\"@id\":\"https:\/\/www.sonoraenequipo.com.mx\/a-punto-de-iniciar-paranacionales-2022-en-sonora-con-once-disciplinas\/#primaryimage\"},\"thumbnailUrl\":\"https:\/\/www.sonoraenequipo.com.mx\/storage\/2022\/11\/cum.jpg\",\"keywords\":[\"paranacionales\"],\"articleSection\":[\"Deportes\"],\"inLanguage\":\"es\",\"potentialAction\":[{\"@type\":\"CommentAction\",\"name\":\"Comment\",\"target\":[\"https:\/\/www.sonoraenequipo.com.mx\/a-punto-de-iniciar-paranacionales-2022-en-sonora-con-once-disciplinas\/#respond\"]}]},{\"@type\":\"WebPage\",\"@id\":\"https:\/\/www.sonoraenequipo.com.mx\/a-punto-de-iniciar-paranacionales-2022-en-sonora-con-once-disciplinas\/\",\"url\":\"https:\/\/www.sonoraenequipo.com.mx\/a-punto-de-iniciar-paranacionales-2022-en-sonora-con-once-disciplinas\/\",\"name\":\"Sonora en Equipo. A punto de iniciar Paranacionales 2022 en Sonora con once disciplinas Deportes\",\"isPartOf\":{\"@id\":\"https:\/\/www.sonoraenequipo.com.mx\/#website\"},\"primaryImageOfPage\":{\"@id\":\"https:\/\/www.sonoraenequipo.com.mx\/a-punto-de-iniciar-paranacionales-2022-en-sonora-con-once-disciplinas\/#primaryimage\"},\"image\":{\"@id\":\"https:\/\/www.sonoraenequipo.com.mx\/a-punto-de-iniciar-paranacionales-2022-en-sonora-con-once-disciplinas\/#primaryimage\"},\"thumbnailUrl\":\"https:\/\/www.sonoraenequipo.com.mx\/storage\/2022\/11\/cum.jpg\",\"datePublished\":\"2022-11-10T19:33:35+00:00\",\"description\":\"\u25baEl certamen para deportistas discapacitados ser\u00e1 hasta el 24 de noviembre, en once disciplinas, en su mayor\u00eda en la Unidad Deportiva del Noroeste &nbsp; En Sonora en Equipo publicamos toda la informaci\u00f3n de Sonora, M\u00e9xico y el Mundo de manera oportuna y busca que la libertad de expresi\u00f3n sea real. Visita nuestro medio informativo publicado desde Hermosillo, Sonora. %\",\"breadcrumb\":{\"@id\":\"https:\/\/www.sonoraenequipo.com.mx\/a-punto-de-iniciar-paranacionales-2022-en-sonora-con-once-disciplinas\/#breadcrumb\"},\"inLanguage\":\"es\",\"potentialAction\":[{\"@type\":\"ReadAction\",\"target\":[\"https:\/\/www.sonoraenequipo.com.mx\/a-punto-de-iniciar-paranacionales-2022-en-sonora-con-once-disciplinas\/\"]}]},{\"@type\":\"ImageObject\",\"inLanguage\":\"es\",\"@id\":\"https:\/\/www.sonoraenequipo.com.mx\/a-punto-de-iniciar-paranacionales-2022-en-sonora-con-once-disciplinas\/#primaryimage\",\"url\":\"https:\/\/www.sonoraenequipo.com.mx\/storage\/2022\/11\/cum.jpg\",\"contentUrl\":\"https:\/\/www.sonoraenequipo.com.mx\/storage\/2022\/11\/cum.jpg\",\"width\":800,\"height\":500},{\"@type\":\"BreadcrumbList\",\"@id\":\"https:\/\/www.sonoraenequipo.com.mx\/a-punto-de-iniciar-paranacionales-2022-en-sonora-con-once-disciplinas\/#breadcrumb\",\"itemListElement\":[{\"@type\":\"ListItem\",\"position\":1,\"name\":\"Portada\",\"item\":\"https:\/\/www.sonoraenequipo.com.mx\/\"},{\"@type\":\"ListItem\",\"position\":2,\"name\":\"A punto de iniciar Paranacionales 2022 en Sonora con once disciplinas\"}]},{\"@type\":\"WebSite\",\"@id\":\"https:\/\/www.sonoraenequipo.com.mx\/#website\",\"url\":\"https:\/\/www.sonoraenequipo.com.mx\/\",\"name\":\"Sonora en Equipo.\",\"description\":\"Diario en l\u00ednea con Noticias desde Hermosillo, Sonora\",\"publisher\":{\"@id\":\"https:\/\/www.sonoraenequipo.com.mx\/#organization\"},\"potentialAction\":[{\"@type\":\"SearchAction\",\"target\":{\"@type\":\"EntryPoint\",\"urlTemplate\":\"https:\/\/www.sonoraenequipo.com.mx\/?s={search_term_string}\"},\"query-input\":{\"@type\":\"PropertyValueSpecification\",\"valueRequired\":true,\"valueName\":\"search_term_string\"}}],\"inLanguage\":\"es\"},{\"@type\":\"Organization\",\"@id\":\"https:\/\/www.sonoraenequipo.com.mx\/#organization\",\"name\":\"Sonoraenequipo.com.mx\",\"url\":\"https:\/\/www.sonoraenequipo.com.mx\/\",\"logo\":{\"@type\":\"ImageObject\",\"inLanguage\":\"es\",\"@id\":\"https:\/\/www.sonoraenequipo.com.mx\/#\/schema\/logo\/image\/\",\"url\":\"https:\/\/www.sonoraenequipo.com.mx\/storage\/2019\/01\/sonoraenequipo_opt.png\",\"contentUrl\":\"https:\/\/www.sonoraenequipo.com.mx\/storage\/2019\/01\/sonoraenequipo_opt.png\",\"width\":375,\"height\":125,\"caption\":\"Sonoraenequipo.com.mx\"},\"image\":{\"@id\":\"https:\/\/www.sonoraenequipo.com.mx\/#\/schema\/logo\/image\/\"},\"sameAs\":[\"https:\/\/www.facebook.com\/SonoraEE\/\",\"https:\/\/x.com\/sonoraenequipo\",\"https:\/\/www.youtube.com\/channel\/UC338nW-lPEYmJQs4ZABQ1SQ\"]},{\"@type\":\"Person\",\"@id\":\"https:\/\/www.sonoraenequipo.com.mx\/#\/schema\/person\/50102df0fb23a8fa9e8effad8fa81386\",\"name\":\"enequipo\",\"image\":{\"@type\":\"ImageObject\",\"inLanguage\":\"es\",\"@id\":\"https:\/\/www.sonoraenequipo.com.mx\/#\/schema\/person\/image\/\",\"url\":\"https:\/\/secure.gravatar.com\/avatar\/049821681b589dabc0bc20695993ccebb09f5b5d4d790cd9251b97faac7c652b?s=96&d=blank&r=g\",\"contentUrl\":\"https:\/\/secure.gravatar.com\/avatar\/049821681b589dabc0bc20695993ccebb09f5b5d4d790cd9251b97faac7c652b?s=96&d=blank&r=g\",\"caption\":\"enequipo\"},\"sameAs\":[\"https:\/\/www.facebook.com\/SonoraEE\"]}]}<\/script>\n ","yoast_head_json":{"title":"Sonora en Equipo. A punto de iniciar Paranacionales 2022 en Sonora con once disciplinas Deportes","description":"\u25baEl certamen para deportistas discapacitados ser\u00e1 hasta el 24 de noviembre, en once disciplinas, en su mayor\u00eda en la Unidad Deportiva del Noroeste &nbsp; En Sonora en Equipo publicamos toda la informaci\u00f3n de Sonora, M\u00e9xico y el Mundo de manera oportuna y busca que la libertad de expresi\u00f3n sea real. Visita nuestro medio informativo publicado desde Hermosillo, Sonora. %","robots":{"index":"index","follow":"follow","max-snippet":"max-snippet:-1","max-image-preview":"max-image-preview:large","max-video-preview":"max-video-preview:-1"},"canonical":"https:\/\/www.sonoraenequipo.com.mx\/a-punto-de-iniciar-paranacionales-2022-en-sonora-con-once-disciplinas\/","og_locale":"es_ES","og_type":"article","og_title":"Sonora en Equipo. A punto de iniciar Paranacionales 2022 en Sonora con once disciplinas Deportes","og_description":"\u25baEl certamen para deportistas discapacitados ser\u00e1 hasta el 24 de noviembre, en once disciplinas, en su mayor\u00eda en la Unidad Deportiva del Noroeste &nbsp; En Sonora en Equipo publicamos toda la informaci\u00f3n de Sonora, M\u00e9xico y el Mundo de manera oportuna y busca que la libertad de expresi\u00f3n sea real. Visita nuestro medio informativo publicado desde Hermosillo, Sonora. %","og_url":"https:\/\/www.sonoraenequipo.com.mx\/a-punto-de-iniciar-paranacionales-2022-en-sonora-con-once-disciplinas\/","og_site_name":"Sonora en Equipo.","article_publisher":"https:\/\/www.facebook.com\/SonoraEE\/","article_author":"https:\/\/www.facebook.com\/SonoraEE","article_published_time":"2022-11-10T19:33:35+00:00","og_image":[{"width":800,"height":500,"url":"https:\/\/www.sonoraenequipo.com.mx\/storage\/2022\/11\/cum.jpg","type":"image\/jpeg"}],"author":"enequipo","twitter_card":"summary_large_image","twitter_creator":"@sonoraenequipo","twitter_site":"@sonoraenequipo","twitter_misc":{"Escrito por":"enequipo","Tiempo de lectura":"2 minutos"},"schema":{"@context":"https:\/\/schema.org","@graph":[{"@type":"Article","@id":"https:\/\/www.sonoraenequipo.com.mx\/a-punto-de-iniciar-paranacionales-2022-en-sonora-con-once-disciplinas\/#article","isPartOf":{"@id":"https:\/\/www.sonoraenequipo.com.mx\/a-punto-de-iniciar-paranacionales-2022-en-sonora-con-once-disciplinas\/"},"author":{"name":"enequipo","@id":"https:\/\/www.sonoraenequipo.com.mx\/#\/schema\/person\/50102df0fb23a8fa9e8effad8fa81386"},"headline":"A punto de iniciar Paranacionales 2022 en Sonora con once disciplinas","datePublished":"2022-11-10T19:33:35+00:00","mainEntityOfPage":{"@id":"https:\/\/www.sonoraenequipo.com.mx\/a-punto-de-iniciar-paranacionales-2022-en-sonora-con-once-disciplinas\/"},"wordCount":386,"commentCount":0,"publisher":{"@id":"https:\/\/www.sonoraenequipo.com.mx\/#organization"},"image":{"@id":"https:\/\/www.sonoraenequipo.com.mx\/a-punto-de-iniciar-paranacionales-2022-en-sonora-con-once-disciplinas\/#primaryimage"},"thumbnailUrl":"https:\/\/www.sonoraenequipo.com.mx\/storage\/2022\/11\/cum.jpg","keywords":["paranacionales"],"articleSection":["Deportes"],"inLanguage":"es","potentialAction":[{"@type":"CommentAction","name":"Comment","target":["https:\/\/www.sonoraenequipo.com.mx\/a-punto-de-iniciar-paranacionales-2022-en-sonora-con-once-disciplinas\/#respond"]}]},{"@type":"WebPage","@id":"https:\/\/www.sonoraenequipo.com.mx\/a-punto-de-iniciar-paranacionales-2022-en-sonora-con-once-disciplinas\/","url":"https:\/\/www.sonoraenequipo.com.mx\/a-punto-de-iniciar-paranacionales-2022-en-sonora-con-once-disciplinas\/","name":"Sonora en Equipo. A punto de iniciar Paranacionales 2022 en Sonora con once disciplinas Deportes","isPartOf":{"@id":"https:\/\/www.sonoraenequipo.com.mx\/#website"},"primaryImageOfPage":{"@id":"https:\/\/www.sonoraenequipo.com.mx\/a-punto-de-iniciar-paranacionales-2022-en-sonora-con-once-disciplinas\/#primaryimage"},"image":{"@id":"https:\/\/www.sonoraenequipo.com.mx\/a-punto-de-iniciar-paranacionales-2022-en-sonora-con-once-disciplinas\/#primaryimage"},"thumbnailUrl":"https:\/\/www.sonoraenequipo.com.mx\/storage\/2022\/11\/cum.jpg","datePublished":"2022-11-10T19:33:35+00:00","description":"\u25baEl certamen para deportistas discapacitados ser\u00e1 hasta el 24 de noviembre, en once disciplinas, en su mayor\u00eda en la Unidad Deportiva del Noroeste &nbsp; En Sonora en Equipo publicamos toda la informaci\u00f3n de Sonora, M\u00e9xico y el Mundo de manera oportuna y busca que la libertad de expresi\u00f3n sea real. Visita nuestro medio informativo publicado desde Hermosillo, Sonora. %","breadcrumb":{"@id":"https:\/\/www.sonoraenequipo.com.mx\/a-punto-de-iniciar-paranacionales-2022-en-sonora-con-once-disciplinas\/#breadcrumb"},"inLanguage":"es","potentialAction":[{"@type":"ReadAction","target":["https:\/\/www.sonoraenequipo.com.mx\/a-punto-de-iniciar-paranacionales-2022-en-sonora-con-once-disciplinas\/"]}]},{"@type":"ImageObject","inLanguage":"es","@id":"https:\/\/www.sonoraenequipo.com.mx\/a-punto-de-iniciar-paranacionales-2022-en-sonora-con-once-disciplinas\/#primaryimage","url":"https:\/\/www.sonoraenequipo.com.mx\/storage\/2022\/11\/cum.jpg","contentUrl":"https:\/\/www.sonoraenequipo.com.mx\/storage\/2022\/11\/cum.jpg","width":800,"height":500},{"@type":"BreadcrumbList","@id":"https:\/\/www.sonoraenequipo.com.mx\/a-punto-de-iniciar-paranacionales-2022-en-sonora-con-once-disciplinas\/#breadcrumb","itemListElement":[{"@type":"ListItem","position":1,"name":"Portada","item":"https:\/\/www.sonoraenequipo.com.mx\/"},{"@type":"ListItem","position":2,"name":"A punto de iniciar Paranacionales 2022 en Sonora con once disciplinas"}]},{"@type":"WebSite","@id":"https:\/\/www.sonoraenequipo.com.mx\/#website","url":"https:\/\/www.sonoraenequipo.com.mx\/","name":"Sonora en Equipo.","description":"Diario en l\u00ednea con Noticias desde Hermosillo, Sonora","publisher":{"@id":"https:\/\/www.sonoraenequipo.com.mx\/#organization"},"potentialAction":[{"@type":"SearchAction","target":{"@type":"EntryPoint","urlTemplate":"https:\/\/www.sonoraenequipo.com.mx\/?s={search_term_string}"},"query-input":{"@type":"PropertyValueSpecification","valueRequired":true,"valueName":"search_term_string"}}],"inLanguage":"es"},{"@type":"Organization","@id":"https:\/\/www.sonoraenequipo.com.mx\/#organization","name":"Sonoraenequipo.com.mx","url":"https:\/\/www.sonoraenequipo.com.mx\/","logo":{"@type":"ImageObject","inLanguage":"es","@id":"https:\/\/www.sonoraenequipo.com.mx\/#\/schema\/logo\/image\/","url":"https:\/\/www.sonoraenequipo.com.mx\/storage\/2019\/01\/sonoraenequipo_opt.png","contentUrl":"https:\/\/www.sonoraenequipo.com.mx\/storage\/2019\/01\/sonoraenequipo_opt.png","width":375,"height":125,"caption":"Sonoraenequipo.com.mx"},"image":{"@id":"https:\/\/www.sonoraenequipo.com.mx\/#\/schema\/logo\/image\/"},"sameAs":["https:\/\/www.facebook.com\/SonoraEE\/","https:\/\/x.com\/sonoraenequipo","https:\/\/www.youtube.com\/channel\/UC338nW-lPEYmJQs4ZABQ1SQ"]},{"@type":"Person","@id":"https:\/\/www.sonoraenequipo.com.mx\/#\/schema\/person\/50102df0fb23a8fa9e8effad8fa81386","name":"enequipo","image":{"@type":"ImageObject","inLanguage":"es","@id":"https:\/\/www.sonoraenequipo.com.mx\/#\/schema\/person\/image\/","url":"https:\/\/secure.gravatar.com\/avatar\/049821681b589dabc0bc20695993ccebb09f5b5d4d790cd9251b97faac7c652b?s=96&d=blank&r=g","contentUrl":"https:\/\/secure.gravatar.com\/avatar\/049821681b589dabc0bc20695993ccebb09f5b5d4d790cd9251b97faac7c652b?s=96&d=blank&r=g","caption":"enequipo"},"sameAs":["https:\/\/www.facebook.com\/SonoraEE"]}]}},"jetpack_featured_media_url":"https:\/\/www.sonoraenequipo.com.mx\/storage\/2022\/11\/cum.jpg","_links":{"self":[{"href":"https:\/\/www.sonoraenequipo.com.mx\/api\/wp\/v2\/posts\/151650","targetHints":{"allow":["GET"]}}],"collection":[{"href":"https:\/\/www.sonoraenequipo.com.mx\/api\/wp\/v2\/posts"}],"about":[{"href":"https:\/\/www.sonoraenequipo.com.mx\/api\/wp\/v2\/types\/post"}],"author":[{"embeddable":true,"href":"https:\/\/www.sonoraenequipo.com.mx\/api\/wp\/v2\/users\/1"}],"replies":[{"embeddable":true,"href":"https:\/\/www.sonoraenequipo.com.mx\/api\/wp\/v2\/comments?post=151650"}],"version-history":[{"count":1,"href":"https:\/\/www.sonoraenequipo.com.mx\/api\/wp\/v2\/posts\/151650\/revisions"}],"predecessor-version":[{"id":151653,"href":"https:\/\/www.sonoraenequipo.com.mx\/api\/wp\/v2\/posts\/151650\/revisions\/151653"}],"wp:featuredmedia":[{"embeddable":true,"href":"https:\/\/www.sonoraenequipo.com.mx\/api\/wp\/v2\/media\/151652"}],"wp:attachment":[{"href":"https:\/\/www.sonoraenequipo.com.mx\/api\/wp\/v2\/media?parent=151650"}],"wp:term":[{"taxonomy":"category","embeddable":true,"href":"https:\/\/www.sonoraenequipo.com.mx\/api\/wp\/v2\/categories?post=151650"},{"taxonomy":"post_tag","embeddable":true,"href":"https:\/\/www.sonoraenequipo.com.mx\/api\/wp\/v2\/tags?post=151650"}],"curies":[{"name":"wp","href":"https:\/\/api.w.org\/{rel}","templated":true}]}}