{"id":151689,"date":"2022-11-10T10:22:00","date_gmt":"2022-11-10T17:22:00","guid":{"rendered":"https:\/\/www.sonoraenequipo.com.mx\/?p=151689"},"modified":"2022-11-11T07:49:15","modified_gmt":"2022-11-11T14:49:15","slug":"estudiantes-de-cecyte-y-cobach-sonora-participaran-en-concurso-nacional-de-dibujo-y-pintura-infantil-y-juvenil-2022","status":"publish","type":"post","link":"https:\/\/www.sonoraenequipo.com.mx\/estudiantes-de-cecyte-y-cobach-sonora-participaran-en-concurso-nacional-de-dibujo-y-pintura-infantil-y-juvenil-2022\/","title":{"rendered":"Estudiantes de Cecyte y Cobach Sonora participar\u00e1n en Concurso Nacional de Dibujo y Pintura Infantil y Juvenil 2022"},"content":{"rendered":"<p><strong>HERMOSILLO, SONORA. MX. \u2014<\/strong> La alumna Ana Joselyn Gama Hern\u00e1ndez, del plantel Caborca del Colegio de Bachilleres del Estado de Sonora (Cobach) y Didier Lerma Cort\u00e9s, del Colegio de Estudios Cient\u00edficos y Tecnol\u00f3gicos del Estado de Sonora (Cecyte), de Puerto Libertad, participar\u00e1n en el Concurso Nacional de Dibujo y Pintura Infantil y Juvenil 2022.<\/p>\n<p>&nbsp;<\/p>\n<p> <\/p>\n<p>&nbsp;<\/p>\n<p>Los directores generales de ambos subsistemas, Gracia Alicia Anduro Grijalva de Cecyte Sonora y Rodrigo Arturo Rosas Burgos de Cobach Sonora, felicitaron a los j\u00f3venes por su talento y aseguraron que son un orgullo, adem\u00e1s de un ejemplo, para la comunidad escolar.<\/p>\n<p>&nbsp;<\/p>\n<p>Gama Hern\u00e1ndez obtuvo el primer lugar en la categor\u00eda C, de 13-15 a\u00f1os, en el Concurso Estatal de Dibujo y Pintura Infantil y Juvenil 2022, mientras que Lerma Cort\u00e9s particip\u00f3 en la categor\u00eda D, de 16- 19 a\u00f1os, donde tambi\u00e9n ocup\u00f3 el primer lugar.<\/p>\n<p>&nbsp;<\/p>\n<p><img loading=\"lazy\" decoding=\"async\" class=\"x-none  size-large x-right\" src=\"https:\/\/www.sonoraenequipo.com.mx\/storage\/2022\/11\/Cecyte-y-Cobach-Sonora2-361x480.jpg\" alt=\"\" width=\"361\" height=\"480\" \/>Ana Joselyn Gama Hern\u00e1ndez cursa actualmente el primer semestre del Grupo 102 Matutino y es una alumna destacada tanto en el \u00e1mbito art\u00edstico como en el acad\u00e9mico.<\/p>\n<p>&nbsp;<\/p>\n<p>Por su parte, Didier, de 17 a\u00f1os, cursa el quinto semestre y desde los cuatro a\u00f1os se apasion\u00f3 por el dibujo. Aunque nunca ha tomado un curso, aprendi\u00f3 a trav\u00e9s de tutoriales por internet y lo que m\u00e1s le gusta dibujar son rostros.<\/p>\n<p>&nbsp;<\/p>\n<p>La Secretar\u00eda General del Consejo Nacional de Poblaci\u00f3n (SG Conapo), en coordinaci\u00f3n con el Fondo de Poblaci\u00f3n de las Naciones Unidas (Unfpa), convoc\u00f3 a ni\u00f1as, ni\u00f1os, adolescentes y j\u00f3venes de 6 a 24 a\u00f1os de edad, residentes en M\u00e9xico, a participar en el 29\u00b0 Concurso Nacional de Dibujo y Pintura Infantil y Juvenil 2022.<\/p>\n<p>&nbsp;<\/p>\n<p>El tema de este a\u00f1o fue \u201cMatrimonios y uniones infantiles, tempranas y forzadas. Pintando un presente y un futuro mejor\u201d y los resultados del concurso nacional se dar\u00e1n a conocer el 25 de noviembre del 2022 en los sitios de internet htpp:\/\/www.gob.mx\/conapo y mexico.unfpa.org, mientras que la ceremonia de premiaci\u00f3n se realizar\u00e1 el 2 de diciembre del 2022.<\/p>\n<p>&nbsp;<\/p>\n<p>&nbsp;<\/p>\n<p>PUBLICADO EL10\/NOVIEMBRE\/DE 2022 \/Con informaci\u00f3n de GOBOSON 1122-082)<\/p>\n","protected":false},"excerpt":{"rendered":"<p>HERMOSILLO, SONORA. MX. \u2014 La alumna Ana Joselyn Gama Hern\u00e1ndez, del plantel Caborca del Colegio&#8230;<\/p>\n","protected":false},"author":1,"featured_media":151691,"comment_status":"open","ping_status":"open","sticky":false,"template":"","format":"standard","meta":{"_monsterinsights_skip_tracking":false,"_monsterinsights_sitenote_active":false,"_monsterinsights_sitenote_note":"","_monsterinsights_sitenote_category":0,"footnotes":""},"categories":[22],"tags":[],"class_list":["post"],"yoast_head":" \n<title>Sonora en Equipo. Estudiantes de Cecyte y Cobach Sonora participar\u00e1n en Concurso Nacional de Dibujo y Pintura Infantil y Juvenil 2022 Sonora<\/title>\n<meta name=\"description\" content=\"HERMOSILLO, SONORA. MX. \u2014 La alumna Ana Joselyn Gama Hern\u00e1ndez, del plantel Caborca del Colegio de Bachilleres del Estado de Sonora (Cobach) y Didier En Sonora en Equipo publicamos toda la informaci\u00f3n de Sonora, M\u00e9xico y el Mundo de manera oportuna y busca que la libertad de expresi\u00f3n sea real. Visita nuestro medio informativo publicado desde Hermosillo, Sonora. %\" \/>\n<meta name=\"robots\" content=\"index, follow, max-snippet:-1, max-image-preview:large, max-video-preview:-1\" \/>\n<link rel=\"canonical\" href=\"https:\/\/www.sonoraenequipo.com.mx\/estudiantes-de-cecyte-y-cobach-sonora-participaran-en-concurso-nacional-de-dibujo-y-pintura-infantil-y-juvenil-2022\/\" \/>\n<meta property=\"og:locale\" content=\"es_ES\" \/>\n<meta property=\"og:type\" content=\"article\" \/>\n<meta property=\"og:title\" content=\"Sonora en Equipo. Estudiantes de Cecyte y Cobach Sonora participar\u00e1n en Concurso Nacional de Dibujo y Pintura Infantil y Juvenil 2022 Sonora\" \/>\n<meta property=\"og:description\" content=\"HERMOSILLO, SONORA. MX. \u2014 La alumna Ana Joselyn Gama Hern\u00e1ndez, del plantel Caborca del Colegio de Bachilleres del Estado de Sonora (Cobach) y Didier En Sonora en Equipo publicamos toda la informaci\u00f3n de Sonora, M\u00e9xico y el Mundo de manera oportuna y busca que la libertad de expresi\u00f3n sea real. Visita nuestro medio informativo publicado desde Hermosillo, Sonora. %\" \/>\n<meta property=\"og:url\" content=\"https:\/\/www.sonoraenequipo.com.mx\/estudiantes-de-cecyte-y-cobach-sonora-participaran-en-concurso-nacional-de-dibujo-y-pintura-infantil-y-juvenil-2022\/\" \/>\n<meta property=\"og:site_name\" content=\"Sonora en Equipo.\" \/>\n<meta property=\"article:publisher\" content=\"https:\/\/www.facebook.com\/SonoraEE\/\" \/>\n<meta property=\"article:author\" content=\"https:\/\/www.facebook.com\/SonoraEE\" \/>\n<meta property=\"article:published_time\" content=\"2022-11-10T17:22:00+00:00\" \/>\n<meta property=\"article:modified_time\" content=\"2022-11-11T14:49:15+00:00\" \/>\n<meta property=\"og:image\" content=\"https:\/\/www.sonoraenequipo.com.mx\/storage\/2022\/11\/Cecyte-y-Cobach-Sonora.jpg\" \/>\n\t<meta property=\"og:image:width\" content=\"900\" \/>\n\t<meta property=\"og:image:height\" content=\"514\" \/>\n\t<meta property=\"og:image:type\" content=\"image\/jpeg\" \/>\n<meta name=\"author\" content=\"enequipo\" \/>\n<meta name=\"twitter:card\" content=\"summary_large_image\" \/>\n<meta name=\"twitter:creator\" content=\"@sonoraenequipo\" \/>\n<meta name=\"twitter:site\" content=\"@sonoraenequipo\" \/>\n<meta name=\"twitter:label1\" content=\"Escrito por\" \/>\n\t<meta name=\"twitter:data1\" content=\"enequipo\" \/>\n\t<meta name=\"twitter:label2\" content=\"Tiempo de lectura\" \/>\n\t<meta name=\"twitter:data2\" content=\"2 minutos\" \/>\n<script type=\"application\/ld+json\" class=\"yoast-schema-graph\">{\"@context\":\"https:\/\/schema.org\",\"@graph\":[{\"@type\":\"Article\",\"@id\":\"https:\/\/www.sonoraenequipo.com.mx\/estudiantes-de-cecyte-y-cobach-sonora-participaran-en-concurso-nacional-de-dibujo-y-pintura-infantil-y-juvenil-2022\/#article\",\"isPartOf\":{\"@id\":\"https:\/\/www.sonoraenequipo.com.mx\/estudiantes-de-cecyte-y-cobach-sonora-participaran-en-concurso-nacional-de-dibujo-y-pintura-infantil-y-juvenil-2022\/\"},\"author\":{\"name\":\"enequipo\",\"@id\":\"https:\/\/www.sonoraenequipo.com.mx\/#\/schema\/person\/50102df0fb23a8fa9e8effad8fa81386\"},\"headline\":\"Estudiantes de Cecyte y Cobach Sonora participar\u00e1n en Concurso Nacional de Dibujo y Pintura Infantil y Juvenil 2022\",\"datePublished\":\"2022-11-10T17:22:00+00:00\",\"dateModified\":\"2022-11-11T14:49:15+00:00\",\"mainEntityOfPage\":{\"@id\":\"https:\/\/www.sonoraenequipo.com.mx\/estudiantes-de-cecyte-y-cobach-sonora-participaran-en-concurso-nacional-de-dibujo-y-pintura-infantil-y-juvenil-2022\/\"},\"wordCount\":384,\"commentCount\":0,\"publisher\":{\"@id\":\"https:\/\/www.sonoraenequipo.com.mx\/#organization\"},\"image\":{\"@id\":\"https:\/\/www.sonoraenequipo.com.mx\/estudiantes-de-cecyte-y-cobach-sonora-participaran-en-concurso-nacional-de-dibujo-y-pintura-infantil-y-juvenil-2022\/#primaryimage\"},\"thumbnailUrl\":\"https:\/\/www.sonoraenequipo.com.mx\/storage\/2022\/11\/Cecyte-y-Cobach-Sonora.jpg\",\"articleSection\":[\"Sonora\"],\"inLanguage\":\"es\",\"potentialAction\":[{\"@type\":\"CommentAction\",\"name\":\"Comment\",\"target\":[\"https:\/\/www.sonoraenequipo.com.mx\/estudiantes-de-cecyte-y-cobach-sonora-participaran-en-concurso-nacional-de-dibujo-y-pintura-infantil-y-juvenil-2022\/#respond\"]}]},{\"@type\":\"WebPage\",\"@id\":\"https:\/\/www.sonoraenequipo.com.mx\/estudiantes-de-cecyte-y-cobach-sonora-participaran-en-concurso-nacional-de-dibujo-y-pintura-infantil-y-juvenil-2022\/\",\"url\":\"https:\/\/www.sonoraenequipo.com.mx\/estudiantes-de-cecyte-y-cobach-sonora-participaran-en-concurso-nacional-de-dibujo-y-pintura-infantil-y-juvenil-2022\/\",\"name\":\"Sonora en Equipo. Estudiantes de Cecyte y Cobach Sonora participar\u00e1n en Concurso Nacional de Dibujo y Pintura Infantil y Juvenil 2022 Sonora\",\"isPartOf\":{\"@id\":\"https:\/\/www.sonoraenequipo.com.mx\/#website\"},\"primaryImageOfPage\":{\"@id\":\"https:\/\/www.sonoraenequipo.com.mx\/estudiantes-de-cecyte-y-cobach-sonora-participaran-en-concurso-nacional-de-dibujo-y-pintura-infantil-y-juvenil-2022\/#primaryimage\"},\"image\":{\"@id\":\"https:\/\/www.sonoraenequipo.com.mx\/estudiantes-de-cecyte-y-cobach-sonora-participaran-en-concurso-nacional-de-dibujo-y-pintura-infantil-y-juvenil-2022\/#primaryimage\"},\"thumbnailUrl\":\"https:\/\/www.sonoraenequipo.com.mx\/storage\/2022\/11\/Cecyte-y-Cobach-Sonora.jpg\",\"datePublished\":\"2022-11-10T17:22:00+00:00\",\"dateModified\":\"2022-11-11T14:49:15+00:00\",\"description\":\"HERMOSILLO, SONORA. MX. \u2014 La alumna Ana Joselyn Gama Hern\u00e1ndez, del plantel Caborca del Colegio de Bachilleres del Estado de Sonora (Cobach) y Didier En Sonora en Equipo publicamos toda la informaci\u00f3n de Sonora, M\u00e9xico y el Mundo de manera oportuna y busca que la libertad de expresi\u00f3n sea real. Visita nuestro medio informativo publicado desde Hermosillo, Sonora. %\",\"breadcrumb\":{\"@id\":\"https:\/\/www.sonoraenequipo.com.mx\/estudiantes-de-cecyte-y-cobach-sonora-participaran-en-concurso-nacional-de-dibujo-y-pintura-infantil-y-juvenil-2022\/#breadcrumb\"},\"inLanguage\":\"es\",\"potentialAction\":[{\"@type\":\"ReadAction\",\"target\":[\"https:\/\/www.sonoraenequipo.com.mx\/estudiantes-de-cecyte-y-cobach-sonora-participaran-en-concurso-nacional-de-dibujo-y-pintura-infantil-y-juvenil-2022\/\"]}]},{\"@type\":\"ImageObject\",\"inLanguage\":\"es\",\"@id\":\"https:\/\/www.sonoraenequipo.com.mx\/estudiantes-de-cecyte-y-cobach-sonora-participaran-en-concurso-nacional-de-dibujo-y-pintura-infantil-y-juvenil-2022\/#primaryimage\",\"url\":\"https:\/\/www.sonoraenequipo.com.mx\/storage\/2022\/11\/Cecyte-y-Cobach-Sonora.jpg\",\"contentUrl\":\"https:\/\/www.sonoraenequipo.com.mx\/storage\/2022\/11\/Cecyte-y-Cobach-Sonora.jpg\",\"width\":900,\"height\":514},{\"@type\":\"BreadcrumbList\",\"@id\":\"https:\/\/www.sonoraenequipo.com.mx\/estudiantes-de-cecyte-y-cobach-sonora-participaran-en-concurso-nacional-de-dibujo-y-pintura-infantil-y-juvenil-2022\/#breadcrumb\",\"itemListElement\":[{\"@type\":\"ListItem\",\"position\":1,\"name\":\"Portada\",\"item\":\"https:\/\/www.sonoraenequipo.com.mx\/\"},{\"@type\":\"ListItem\",\"position\":2,\"name\":\"Estudiantes de Cecyte y Cobach Sonora participar\u00e1n en Concurso Nacional de Dibujo y Pintura Infantil y Juvenil 2022\"}]},{\"@type\":\"WebSite\",\"@id\":\"https:\/\/www.sonoraenequipo.com.mx\/#website\",\"url\":\"https:\/\/www.sonoraenequipo.com.mx\/\",\"name\":\"Sonora en Equipo.\",\"description\":\"Diario en l\u00ednea con Noticias desde Hermosillo, Sonora\",\"publisher\":{\"@id\":\"https:\/\/www.sonoraenequipo.com.mx\/#organization\"},\"potentialAction\":[{\"@type\":\"SearchAction\",\"target\":{\"@type\":\"EntryPoint\",\"urlTemplate\":\"https:\/\/www.sonoraenequipo.com.mx\/?s={search_term_string}\"},\"query-input\":{\"@type\":\"PropertyValueSpecification\",\"valueRequired\":true,\"valueName\":\"search_term_string\"}}],\"inLanguage\":\"es\"},{\"@type\":\"Organization\",\"@id\":\"https:\/\/www.sonoraenequipo.com.mx\/#organization\",\"name\":\"Sonoraenequipo.com.mx\",\"url\":\"https:\/\/www.sonoraenequipo.com.mx\/\",\"logo\":{\"@type\":\"ImageObject\",\"inLanguage\":\"es\",\"@id\":\"https:\/\/www.sonoraenequipo.com.mx\/#\/schema\/logo\/image\/\",\"url\":\"https:\/\/www.sonoraenequipo.com.mx\/storage\/2019\/01\/sonoraenequipo_opt.png\",\"contentUrl\":\"https:\/\/www.sonoraenequipo.com.mx\/storage\/2019\/01\/sonoraenequipo_opt.png\",\"width\":375,\"height\":125,\"caption\":\"Sonoraenequipo.com.mx\"},\"image\":{\"@id\":\"https:\/\/www.sonoraenequipo.com.mx\/#\/schema\/logo\/image\/\"},\"sameAs\":[\"https:\/\/www.facebook.com\/SonoraEE\/\",\"https:\/\/x.com\/sonoraenequipo\",\"https:\/\/www.youtube.com\/channel\/UC338nW-lPEYmJQs4ZABQ1SQ\"]},{\"@type\":\"Person\",\"@id\":\"https:\/\/www.sonoraenequipo.com.mx\/#\/schema\/person\/50102df0fb23a8fa9e8effad8fa81386\",\"name\":\"enequipo\",\"image\":{\"@type\":\"ImageObject\",\"inLanguage\":\"es\",\"@id\":\"https:\/\/www.sonoraenequipo.com.mx\/#\/schema\/person\/image\/\",\"url\":\"https:\/\/secure.gravatar.com\/avatar\/049821681b589dabc0bc20695993ccebb09f5b5d4d790cd9251b97faac7c652b?s=96&d=blank&r=g\",\"contentUrl\":\"https:\/\/secure.gravatar.com\/avatar\/049821681b589dabc0bc20695993ccebb09f5b5d4d790cd9251b97faac7c652b?s=96&d=blank&r=g\",\"caption\":\"enequipo\"},\"sameAs\":[\"https:\/\/www.facebook.com\/SonoraEE\"]}]}<\/script>\n ","yoast_head_json":{"title":"Sonora en Equipo. Estudiantes de Cecyte y Cobach Sonora participar\u00e1n en Concurso Nacional de Dibujo y Pintura Infantil y Juvenil 2022 Sonora","description":"HERMOSILLO, SONORA. MX. \u2014 La alumna Ana Joselyn Gama Hern\u00e1ndez, del plantel Caborca del Colegio de Bachilleres del Estado de Sonora (Cobach) y Didier En Sonora en Equipo publicamos toda la informaci\u00f3n de Sonora, M\u00e9xico y el Mundo de manera oportuna y busca que la libertad de expresi\u00f3n sea real. Visita nuestro medio informativo publicado desde Hermosillo, Sonora. %","robots":{"index":"index","follow":"follow","max-snippet":"max-snippet:-1","max-image-preview":"max-image-preview:large","max-video-preview":"max-video-preview:-1"},"canonical":"https:\/\/www.sonoraenequipo.com.mx\/estudiantes-de-cecyte-y-cobach-sonora-participaran-en-concurso-nacional-de-dibujo-y-pintura-infantil-y-juvenil-2022\/","og_locale":"es_ES","og_type":"article","og_title":"Sonora en Equipo. Estudiantes de Cecyte y Cobach Sonora participar\u00e1n en Concurso Nacional de Dibujo y Pintura Infantil y Juvenil 2022 Sonora","og_description":"HERMOSILLO, SONORA. MX. \u2014 La alumna Ana Joselyn Gama Hern\u00e1ndez, del plantel Caborca del Colegio de Bachilleres del Estado de Sonora (Cobach) y Didier En Sonora en Equipo publicamos toda la informaci\u00f3n de Sonora, M\u00e9xico y el Mundo de manera oportuna y busca que la libertad de expresi\u00f3n sea real. Visita nuestro medio informativo publicado desde Hermosillo, Sonora. %","og_url":"https:\/\/www.sonoraenequipo.com.mx\/estudiantes-de-cecyte-y-cobach-sonora-participaran-en-concurso-nacional-de-dibujo-y-pintura-infantil-y-juvenil-2022\/","og_site_name":"Sonora en Equipo.","article_publisher":"https:\/\/www.facebook.com\/SonoraEE\/","article_author":"https:\/\/www.facebook.com\/SonoraEE","article_published_time":"2022-11-10T17:22:00+00:00","article_modified_time":"2022-11-11T14:49:15+00:00","og_image":[{"width":900,"height":514,"url":"https:\/\/www.sonoraenequipo.com.mx\/storage\/2022\/11\/Cecyte-y-Cobach-Sonora.jpg","type":"image\/jpeg"}],"author":"enequipo","twitter_card":"summary_large_image","twitter_creator":"@sonoraenequipo","twitter_site":"@sonoraenequipo","twitter_misc":{"Escrito por":"enequipo","Tiempo de lectura":"2 minutos"},"schema":{"@context":"https:\/\/schema.org","@graph":[{"@type":"Article","@id":"https:\/\/www.sonoraenequipo.com.mx\/estudiantes-de-cecyte-y-cobach-sonora-participaran-en-concurso-nacional-de-dibujo-y-pintura-infantil-y-juvenil-2022\/#article","isPartOf":{"@id":"https:\/\/www.sonoraenequipo.com.mx\/estudiantes-de-cecyte-y-cobach-sonora-participaran-en-concurso-nacional-de-dibujo-y-pintura-infantil-y-juvenil-2022\/"},"author":{"name":"enequipo","@id":"https:\/\/www.sonoraenequipo.com.mx\/#\/schema\/person\/50102df0fb23a8fa9e8effad8fa81386"},"headline":"Estudiantes de Cecyte y Cobach Sonora participar\u00e1n en Concurso Nacional de Dibujo y Pintura Infantil y Juvenil 2022","datePublished":"2022-11-10T17:22:00+00:00","dateModified":"2022-11-11T14:49:15+00:00","mainEntityOfPage":{"@id":"https:\/\/www.sonoraenequipo.com.mx\/estudiantes-de-cecyte-y-cobach-sonora-participaran-en-concurso-nacional-de-dibujo-y-pintura-infantil-y-juvenil-2022\/"},"wordCount":384,"commentCount":0,"publisher":{"@id":"https:\/\/www.sonoraenequipo.com.mx\/#organization"},"image":{"@id":"https:\/\/www.sonoraenequipo.com.mx\/estudiantes-de-cecyte-y-cobach-sonora-participaran-en-concurso-nacional-de-dibujo-y-pintura-infantil-y-juvenil-2022\/#primaryimage"},"thumbnailUrl":"https:\/\/www.sonoraenequipo.com.mx\/storage\/2022\/11\/Cecyte-y-Cobach-Sonora.jpg","articleSection":["Sonora"],"inLanguage":"es","potentialAction":[{"@type":"CommentAction","name":"Comment","target":["https:\/\/www.sonoraenequipo.com.mx\/estudiantes-de-cecyte-y-cobach-sonora-participaran-en-concurso-nacional-de-dibujo-y-pintura-infantil-y-juvenil-2022\/#respond"]}]},{"@type":"WebPage","@id":"https:\/\/www.sonoraenequipo.com.mx\/estudiantes-de-cecyte-y-cobach-sonora-participaran-en-concurso-nacional-de-dibujo-y-pintura-infantil-y-juvenil-2022\/","url":"https:\/\/www.sonoraenequipo.com.mx\/estudiantes-de-cecyte-y-cobach-sonora-participaran-en-concurso-nacional-de-dibujo-y-pintura-infantil-y-juvenil-2022\/","name":"Sonora en Equipo. Estudiantes de Cecyte y Cobach Sonora participar\u00e1n en Concurso Nacional de Dibujo y Pintura Infantil y Juvenil 2022 Sonora","isPartOf":{"@id":"https:\/\/www.sonoraenequipo.com.mx\/#website"},"primaryImageOfPage":{"@id":"https:\/\/www.sonoraenequipo.com.mx\/estudiantes-de-cecyte-y-cobach-sonora-participaran-en-concurso-nacional-de-dibujo-y-pintura-infantil-y-juvenil-2022\/#primaryimage"},"image":{"@id":"https:\/\/www.sonoraenequipo.com.mx\/estudiantes-de-cecyte-y-cobach-sonora-participaran-en-concurso-nacional-de-dibujo-y-pintura-infantil-y-juvenil-2022\/#primaryimage"},"thumbnailUrl":"https:\/\/www.sonoraenequipo.com.mx\/storage\/2022\/11\/Cecyte-y-Cobach-Sonora.jpg","datePublished":"2022-11-10T17:22:00+00:00","dateModified":"2022-11-11T14:49:15+00:00","description":"HERMOSILLO, SONORA. MX. \u2014 La alumna Ana Joselyn Gama Hern\u00e1ndez, del plantel Caborca del Colegio de Bachilleres del Estado de Sonora (Cobach) y Didier En Sonora en Equipo publicamos toda la informaci\u00f3n de Sonora, M\u00e9xico y el Mundo de manera oportuna y busca que la libertad de expresi\u00f3n sea real. Visita nuestro medio informativo publicado desde Hermosillo, Sonora. %","breadcrumb":{"@id":"https:\/\/www.sonoraenequipo.com.mx\/estudiantes-de-cecyte-y-cobach-sonora-participaran-en-concurso-nacional-de-dibujo-y-pintura-infantil-y-juvenil-2022\/#breadcrumb"},"inLanguage":"es","potentialAction":[{"@type":"ReadAction","target":["https:\/\/www.sonoraenequipo.com.mx\/estudiantes-de-cecyte-y-cobach-sonora-participaran-en-concurso-nacional-de-dibujo-y-pintura-infantil-y-juvenil-2022\/"]}]},{"@type":"ImageObject","inLanguage":"es","@id":"https:\/\/www.sonoraenequipo.com.mx\/estudiantes-de-cecyte-y-cobach-sonora-participaran-en-concurso-nacional-de-dibujo-y-pintura-infantil-y-juvenil-2022\/#primaryimage","url":"https:\/\/www.sonoraenequipo.com.mx\/storage\/2022\/11\/Cecyte-y-Cobach-Sonora.jpg","contentUrl":"https:\/\/www.sonoraenequipo.com.mx\/storage\/2022\/11\/Cecyte-y-Cobach-Sonora.jpg","width":900,"height":514},{"@type":"BreadcrumbList","@id":"https:\/\/www.sonoraenequipo.com.mx\/estudiantes-de-cecyte-y-cobach-sonora-participaran-en-concurso-nacional-de-dibujo-y-pintura-infantil-y-juvenil-2022\/#breadcrumb","itemListElement":[{"@type":"ListItem","position":1,"name":"Portada","item":"https:\/\/www.sonoraenequipo.com.mx\/"},{"@type":"ListItem","position":2,"name":"Estudiantes de Cecyte y Cobach Sonora participar\u00e1n en Concurso Nacional de Dibujo y Pintura Infantil y Juvenil 2022"}]},{"@type":"WebSite","@id":"https:\/\/www.sonoraenequipo.com.mx\/#website","url":"https:\/\/www.sonoraenequipo.com.mx\/","name":"Sonora en Equipo.","description":"Diario en l\u00ednea con Noticias desde Hermosillo, Sonora","publisher":{"@id":"https:\/\/www.sonoraenequipo.com.mx\/#organization"},"potentialAction":[{"@type":"SearchAction","target":{"@type":"EntryPoint","urlTemplate":"https:\/\/www.sonoraenequipo.com.mx\/?s={search_term_string}"},"query-input":{"@type":"PropertyValueSpecification","valueRequired":true,"valueName":"search_term_string"}}],"inLanguage":"es"},{"@type":"Organization","@id":"https:\/\/www.sonoraenequipo.com.mx\/#organization","name":"Sonoraenequipo.com.mx","url":"https:\/\/www.sonoraenequipo.com.mx\/","logo":{"@type":"ImageObject","inLanguage":"es","@id":"https:\/\/www.sonoraenequipo.com.mx\/#\/schema\/logo\/image\/","url":"https:\/\/www.sonoraenequipo.com.mx\/storage\/2019\/01\/sonoraenequipo_opt.png","contentUrl":"https:\/\/www.sonoraenequipo.com.mx\/storage\/2019\/01\/sonoraenequipo_opt.png","width":375,"height":125,"caption":"Sonoraenequipo.com.mx"},"image":{"@id":"https:\/\/www.sonoraenequipo.com.mx\/#\/schema\/logo\/image\/"},"sameAs":["https:\/\/www.facebook.com\/SonoraEE\/","https:\/\/x.com\/sonoraenequipo","https:\/\/www.youtube.com\/channel\/UC338nW-lPEYmJQs4ZABQ1SQ"]},{"@type":"Person","@id":"https:\/\/www.sonoraenequipo.com.mx\/#\/schema\/person\/50102df0fb23a8fa9e8effad8fa81386","name":"enequipo","image":{"@type":"ImageObject","inLanguage":"es","@id":"https:\/\/www.sonoraenequipo.com.mx\/#\/schema\/person\/image\/","url":"https:\/\/secure.gravatar.com\/avatar\/049821681b589dabc0bc20695993ccebb09f5b5d4d790cd9251b97faac7c652b?s=96&d=blank&r=g","contentUrl":"https:\/\/secure.gravatar.com\/avatar\/049821681b589dabc0bc20695993ccebb09f5b5d4d790cd9251b97faac7c652b?s=96&d=blank&r=g","caption":"enequipo"},"sameAs":["https:\/\/www.facebook.com\/SonoraEE"]}]}},"jetpack_featured_media_url":"https:\/\/www.sonoraenequipo.com.mx\/storage\/2022\/11\/Cecyte-y-Cobach-Sonora.jpg","_links":{"self":[{"href":"https:\/\/www.sonoraenequipo.com.mx\/api\/wp\/v2\/posts\/151689","targetHints":{"allow":["GET"]}}],"collection":[{"href":"https:\/\/www.sonoraenequipo.com.mx\/api\/wp\/v2\/posts"}],"about":[{"href":"https:\/\/www.sonoraenequipo.com.mx\/api\/wp\/v2\/types\/post"}],"author":[{"embeddable":true,"href":"https:\/\/www.sonoraenequipo.com.mx\/api\/wp\/v2\/users\/1"}],"replies":[{"embeddable":true,"href":"https:\/\/www.sonoraenequipo.com.mx\/api\/wp\/v2\/comments?post=151689"}],"version-history":[{"count":3,"href":"https:\/\/www.sonoraenequipo.com.mx\/api\/wp\/v2\/posts\/151689\/revisions"}],"predecessor-version":[{"id":151694,"href":"https:\/\/www.sonoraenequipo.com.mx\/api\/wp\/v2\/posts\/151689\/revisions\/151694"}],"wp:featuredmedia":[{"embeddable":true,"href":"https:\/\/www.sonoraenequipo.com.mx\/api\/wp\/v2\/media\/151691"}],"wp:attachment":[{"href":"https:\/\/www.sonoraenequipo.com.mx\/api\/wp\/v2\/media?parent=151689"}],"wp:term":[{"taxonomy":"category","embeddable":true,"href":"https:\/\/www.sonoraenequipo.com.mx\/api\/wp\/v2\/categories?post=151689"},{"taxonomy":"post_tag","embeddable":true,"href":"https:\/\/www.sonoraenequipo.com.mx\/api\/wp\/v2\/tags?post=151689"}],"curies":[{"name":"wp","href":"https:\/\/api.w.org\/{rel}","templated":true}]}}