{"id":151720,"date":"2022-11-11T11:35:03","date_gmt":"2022-11-11T18:35:03","guid":{"rendered":"https:\/\/www.sonoraenequipo.com.mx\/?p=151720"},"modified":"2022-11-11T11:35:03","modified_gmt":"2022-11-11T18:35:03","slug":"cajeme-capturan-policia-municipal-y-semar-a-tres-sujetos-armados","status":"publish","type":"post","link":"https:\/\/www.sonoraenequipo.com.mx\/cajeme-capturan-policia-municipal-y-semar-a-tres-sujetos-armados\/","title":{"rendered":"CAJEME. Capturan Polic\u00eda Municipal y SEMAR \u00a0a tres sujetos armados"},"content":{"rendered":"<p><strong>CAJEME, SONORA,MX.<\/strong><strong>\u2500\u2500<\/strong> Tres personas del sexo masculino en posesi\u00f3n de armas de fuego fueron detenidas por agentes de la Polic\u00eda Municipal y Marina, durante la tarde del lunes en el fraccionamiento Primavera.<\/p>\n<p>&nbsp;<\/p>\n<p>La detenci\u00f3n se origin\u00f3 a ra\u00edz de un barrido de vigilancia alrededor de las 15:56 horas, en la calle Paseo Miravalle y Pistilo de mencionado sector, a las afueras de un reconocido supermercado.<\/p>\n<p>&nbsp;<\/p>\n<p>Los detenidos fueron identificados como Jes\u00fas Omar \u201cN.\u201d, de 18 a\u00f1os; Ernesto \u201cN.\u201d, de 22 y Carlos \u201cN.\u201d, de 20 a\u00f1os de edad, a quienes se les aseguraron tres armas de fuego cortas, adem\u00e1s de dos cargadores y 20 cartuchos \u00fatiles.<\/p>\n<p>&nbsp;<\/p>\n<p>Los objetos decomisados y las personas aprehendidas fueron trasladados a las instalaciones de Seguridad P\u00fablica Municipal para la elaboraci\u00f3n del Informe Policial Homologado y posteriormente se pusieron a disposici\u00f3n de las autoridades correspondientes para la investigaci\u00f3n del caso conforme a la ley.<\/p>\n<p>NOTA: Toda persona se presume inocente y ser\u00e1 tratada como tal en todas las etapas del procedimiento, mientras no se declare su responsabilidad mediante sentencia emitida por el \u00d3rgano jurisdiccional, en los t\u00e9rminos se\u00f1alados en el C\u00f3digo.\u00a0 (Art.13 CNPP).<\/p>\n<p><strong><u>Fecha de publicaci\u00f3n\u00a0 viernes 11 de noviembre de 2022<\/u><\/strong><\/p>\n","protected":false},"excerpt":{"rendered":"<p>CAJEME, SONORA,MX.\u2500\u2500 Tres personas del sexo masculino en posesi\u00f3n de armas de fuego fueron detenidas&#8230;<\/p>\n","protected":false},"author":1,"featured_media":151721,"comment_status":"open","ping_status":"open","sticky":false,"template":"","format":"standard","meta":{"_monsterinsights_skip_tracking":false,"_monsterinsights_sitenote_active":false,"_monsterinsights_sitenote_note":"","_monsterinsights_sitenote_category":0,"footnotes":""},"categories":[3144],"tags":[476,299],"class_list":["post"],"yoast_head":" \n<title>Sonora en Equipo. CAJEME. Capturan Polic\u00eda Municipal y SEMAR \u00a0a tres sujetos armados Polic\u00edaca<\/title>\n<meta name=\"description\" content=\"CAJEME, SONORA,MX.\u2500\u2500 Tres personas del sexo masculino en posesi\u00f3n de armas de fuego fueron detenidas por agentes de la Polic\u00eda Municipal y Marina, durante En Sonora en Equipo publicamos toda la informaci\u00f3n de Sonora, M\u00e9xico y el Mundo de manera oportuna y busca que la libertad de expresi\u00f3n sea real. Visita nuestro medio informativo publicado desde Hermosillo, Sonora. %\" \/>\n<meta name=\"robots\" content=\"index, follow, max-snippet:-1, max-image-preview:large, max-video-preview:-1\" \/>\n<link rel=\"canonical\" href=\"https:\/\/www.sonoraenequipo.com.mx\/cajeme-capturan-policia-municipal-y-semar-a-tres-sujetos-armados\/\" \/>\n<meta property=\"og:locale\" content=\"es_ES\" \/>\n<meta property=\"og:type\" content=\"article\" \/>\n<meta property=\"og:title\" content=\"Sonora en Equipo. CAJEME. Capturan Polic\u00eda Municipal y SEMAR \u00a0a tres sujetos armados Polic\u00edaca\" \/>\n<meta property=\"og:description\" content=\"CAJEME, SONORA,MX.\u2500\u2500 Tres personas del sexo masculino en posesi\u00f3n de armas de fuego fueron detenidas por agentes de la Polic\u00eda Municipal y Marina, durante En Sonora en Equipo publicamos toda la informaci\u00f3n de Sonora, M\u00e9xico y el Mundo de manera oportuna y busca que la libertad de expresi\u00f3n sea real. Visita nuestro medio informativo publicado desde Hermosillo, Sonora. %\" \/>\n<meta property=\"og:url\" content=\"https:\/\/www.sonoraenequipo.com.mx\/cajeme-capturan-policia-municipal-y-semar-a-tres-sujetos-armados\/\" \/>\n<meta property=\"og:site_name\" content=\"Sonora en Equipo.\" \/>\n<meta property=\"article:publisher\" content=\"https:\/\/www.facebook.com\/SonoraEE\/\" \/>\n<meta property=\"article:author\" content=\"https:\/\/www.facebook.com\/SonoraEE\" \/>\n<meta property=\"article:published_time\" content=\"2022-11-11T18:35:03+00:00\" \/>\n<meta property=\"og:image\" content=\"https:\/\/www.sonoraenequipo.com.mx\/storage\/2022\/11\/armados.jpg\" \/>\n\t<meta property=\"og:image:width\" content=\"800\" \/>\n\t<meta property=\"og:image:height\" content=\"500\" \/>\n\t<meta property=\"og:image:type\" content=\"image\/jpeg\" \/>\n<meta name=\"author\" content=\"enequipo\" \/>\n<meta name=\"twitter:card\" content=\"summary_large_image\" \/>\n<meta name=\"twitter:creator\" content=\"@sonoraenequipo\" \/>\n<meta name=\"twitter:site\" content=\"@sonoraenequipo\" \/>\n<meta name=\"twitter:label1\" content=\"Escrito por\" \/>\n\t<meta name=\"twitter:data1\" content=\"enequipo\" \/>\n\t<meta name=\"twitter:label2\" content=\"Tiempo de lectura\" \/>\n\t<meta name=\"twitter:data2\" content=\"1 minuto\" \/>\n<script type=\"application\/ld+json\" class=\"yoast-schema-graph\">{\"@context\":\"https:\/\/schema.org\",\"@graph\":[{\"@type\":\"Article\",\"@id\":\"https:\/\/www.sonoraenequipo.com.mx\/cajeme-capturan-policia-municipal-y-semar-a-tres-sujetos-armados\/#article\",\"isPartOf\":{\"@id\":\"https:\/\/www.sonoraenequipo.com.mx\/cajeme-capturan-policia-municipal-y-semar-a-tres-sujetos-armados\/\"},\"author\":{\"name\":\"enequipo\",\"@id\":\"https:\/\/www.sonoraenequipo.com.mx\/#\/schema\/person\/50102df0fb23a8fa9e8effad8fa81386\"},\"headline\":\"CAJEME. Capturan Polic\u00eda Municipal y SEMAR \u00a0a tres sujetos armados\",\"datePublished\":\"2022-11-11T18:35:03+00:00\",\"mainEntityOfPage\":{\"@id\":\"https:\/\/www.sonoraenequipo.com.mx\/cajeme-capturan-policia-municipal-y-semar-a-tres-sujetos-armados\/\"},\"wordCount\":220,\"commentCount\":0,\"publisher\":{\"@id\":\"https:\/\/www.sonoraenequipo.com.mx\/#organization\"},\"image\":{\"@id\":\"https:\/\/www.sonoraenequipo.com.mx\/cajeme-capturan-policia-municipal-y-semar-a-tres-sujetos-armados\/#primaryimage\"},\"thumbnailUrl\":\"https:\/\/www.sonoraenequipo.com.mx\/storage\/2022\/11\/armados.jpg\",\"keywords\":[\"Cajeme\",\"inseguridad\"],\"articleSection\":[\"Polic\u00edaca\"],\"inLanguage\":\"es\",\"potentialAction\":[{\"@type\":\"CommentAction\",\"name\":\"Comment\",\"target\":[\"https:\/\/www.sonoraenequipo.com.mx\/cajeme-capturan-policia-municipal-y-semar-a-tres-sujetos-armados\/#respond\"]}]},{\"@type\":\"WebPage\",\"@id\":\"https:\/\/www.sonoraenequipo.com.mx\/cajeme-capturan-policia-municipal-y-semar-a-tres-sujetos-armados\/\",\"url\":\"https:\/\/www.sonoraenequipo.com.mx\/cajeme-capturan-policia-municipal-y-semar-a-tres-sujetos-armados\/\",\"name\":\"Sonora en Equipo. CAJEME. Capturan Polic\u00eda Municipal y SEMAR \u00a0a tres sujetos armados Polic\u00edaca\",\"isPartOf\":{\"@id\":\"https:\/\/www.sonoraenequipo.com.mx\/#website\"},\"primaryImageOfPage\":{\"@id\":\"https:\/\/www.sonoraenequipo.com.mx\/cajeme-capturan-policia-municipal-y-semar-a-tres-sujetos-armados\/#primaryimage\"},\"image\":{\"@id\":\"https:\/\/www.sonoraenequipo.com.mx\/cajeme-capturan-policia-municipal-y-semar-a-tres-sujetos-armados\/#primaryimage\"},\"thumbnailUrl\":\"https:\/\/www.sonoraenequipo.com.mx\/storage\/2022\/11\/armados.jpg\",\"datePublished\":\"2022-11-11T18:35:03+00:00\",\"description\":\"CAJEME, SONORA,MX.\u2500\u2500 Tres personas del sexo masculino en posesi\u00f3n de armas de fuego fueron detenidas por agentes de la Polic\u00eda Municipal y Marina, durante En Sonora en Equipo publicamos toda la informaci\u00f3n de Sonora, M\u00e9xico y el Mundo de manera oportuna y busca que la libertad de expresi\u00f3n sea real. Visita nuestro medio informativo publicado desde Hermosillo, Sonora. %\",\"breadcrumb\":{\"@id\":\"https:\/\/www.sonoraenequipo.com.mx\/cajeme-capturan-policia-municipal-y-semar-a-tres-sujetos-armados\/#breadcrumb\"},\"inLanguage\":\"es\",\"potentialAction\":[{\"@type\":\"ReadAction\",\"target\":[\"https:\/\/www.sonoraenequipo.com.mx\/cajeme-capturan-policia-municipal-y-semar-a-tres-sujetos-armados\/\"]}]},{\"@type\":\"ImageObject\",\"inLanguage\":\"es\",\"@id\":\"https:\/\/www.sonoraenequipo.com.mx\/cajeme-capturan-policia-municipal-y-semar-a-tres-sujetos-armados\/#primaryimage\",\"url\":\"https:\/\/www.sonoraenequipo.com.mx\/storage\/2022\/11\/armados.jpg\",\"contentUrl\":\"https:\/\/www.sonoraenequipo.com.mx\/storage\/2022\/11\/armados.jpg\",\"width\":800,\"height\":500},{\"@type\":\"BreadcrumbList\",\"@id\":\"https:\/\/www.sonoraenequipo.com.mx\/cajeme-capturan-policia-municipal-y-semar-a-tres-sujetos-armados\/#breadcrumb\",\"itemListElement\":[{\"@type\":\"ListItem\",\"position\":1,\"name\":\"Portada\",\"item\":\"https:\/\/www.sonoraenequipo.com.mx\/\"},{\"@type\":\"ListItem\",\"position\":2,\"name\":\"CAJEME. Capturan Polic\u00eda Municipal y SEMAR \u00a0a tres sujetos armados\"}]},{\"@type\":\"WebSite\",\"@id\":\"https:\/\/www.sonoraenequipo.com.mx\/#website\",\"url\":\"https:\/\/www.sonoraenequipo.com.mx\/\",\"name\":\"Sonora en Equipo.\",\"description\":\"Diario en l\u00ednea con Noticias desde Hermosillo, Sonora\",\"publisher\":{\"@id\":\"https:\/\/www.sonoraenequipo.com.mx\/#organization\"},\"potentialAction\":[{\"@type\":\"SearchAction\",\"target\":{\"@type\":\"EntryPoint\",\"urlTemplate\":\"https:\/\/www.sonoraenequipo.com.mx\/?s={search_term_string}\"},\"query-input\":{\"@type\":\"PropertyValueSpecification\",\"valueRequired\":true,\"valueName\":\"search_term_string\"}}],\"inLanguage\":\"es\"},{\"@type\":\"Organization\",\"@id\":\"https:\/\/www.sonoraenequipo.com.mx\/#organization\",\"name\":\"Sonoraenequipo.com.mx\",\"url\":\"https:\/\/www.sonoraenequipo.com.mx\/\",\"logo\":{\"@type\":\"ImageObject\",\"inLanguage\":\"es\",\"@id\":\"https:\/\/www.sonoraenequipo.com.mx\/#\/schema\/logo\/image\/\",\"url\":\"https:\/\/www.sonoraenequipo.com.mx\/storage\/2019\/01\/sonoraenequipo_opt.png\",\"contentUrl\":\"https:\/\/www.sonoraenequipo.com.mx\/storage\/2019\/01\/sonoraenequipo_opt.png\",\"width\":375,\"height\":125,\"caption\":\"Sonoraenequipo.com.mx\"},\"image\":{\"@id\":\"https:\/\/www.sonoraenequipo.com.mx\/#\/schema\/logo\/image\/\"},\"sameAs\":[\"https:\/\/www.facebook.com\/SonoraEE\/\",\"https:\/\/x.com\/sonoraenequipo\",\"https:\/\/www.youtube.com\/channel\/UC338nW-lPEYmJQs4ZABQ1SQ\"]},{\"@type\":\"Person\",\"@id\":\"https:\/\/www.sonoraenequipo.com.mx\/#\/schema\/person\/50102df0fb23a8fa9e8effad8fa81386\",\"name\":\"enequipo\",\"image\":{\"@type\":\"ImageObject\",\"inLanguage\":\"es\",\"@id\":\"https:\/\/www.sonoraenequipo.com.mx\/#\/schema\/person\/image\/\",\"url\":\"https:\/\/secure.gravatar.com\/avatar\/049821681b589dabc0bc20695993ccebb09f5b5d4d790cd9251b97faac7c652b?s=96&d=blank&r=g\",\"contentUrl\":\"https:\/\/secure.gravatar.com\/avatar\/049821681b589dabc0bc20695993ccebb09f5b5d4d790cd9251b97faac7c652b?s=96&d=blank&r=g\",\"caption\":\"enequipo\"},\"sameAs\":[\"https:\/\/www.facebook.com\/SonoraEE\"]}]}<\/script>\n ","yoast_head_json":{"title":"Sonora en Equipo. CAJEME. Capturan Polic\u00eda Municipal y SEMAR \u00a0a tres sujetos armados Polic\u00edaca","description":"CAJEME, SONORA,MX.\u2500\u2500 Tres personas del sexo masculino en posesi\u00f3n de armas de fuego fueron detenidas por agentes de la Polic\u00eda Municipal y Marina, durante En Sonora en Equipo publicamos toda la informaci\u00f3n de Sonora, M\u00e9xico y el Mundo de manera oportuna y busca que la libertad de expresi\u00f3n sea real. Visita nuestro medio informativo publicado desde Hermosillo, Sonora. %","robots":{"index":"index","follow":"follow","max-snippet":"max-snippet:-1","max-image-preview":"max-image-preview:large","max-video-preview":"max-video-preview:-1"},"canonical":"https:\/\/www.sonoraenequipo.com.mx\/cajeme-capturan-policia-municipal-y-semar-a-tres-sujetos-armados\/","og_locale":"es_ES","og_type":"article","og_title":"Sonora en Equipo. CAJEME. Capturan Polic\u00eda Municipal y SEMAR \u00a0a tres sujetos armados Polic\u00edaca","og_description":"CAJEME, SONORA,MX.\u2500\u2500 Tres personas del sexo masculino en posesi\u00f3n de armas de fuego fueron detenidas por agentes de la Polic\u00eda Municipal y Marina, durante En Sonora en Equipo publicamos toda la informaci\u00f3n de Sonora, M\u00e9xico y el Mundo de manera oportuna y busca que la libertad de expresi\u00f3n sea real. Visita nuestro medio informativo publicado desde Hermosillo, Sonora. %","og_url":"https:\/\/www.sonoraenequipo.com.mx\/cajeme-capturan-policia-municipal-y-semar-a-tres-sujetos-armados\/","og_site_name":"Sonora en Equipo.","article_publisher":"https:\/\/www.facebook.com\/SonoraEE\/","article_author":"https:\/\/www.facebook.com\/SonoraEE","article_published_time":"2022-11-11T18:35:03+00:00","og_image":[{"width":800,"height":500,"url":"https:\/\/www.sonoraenequipo.com.mx\/storage\/2022\/11\/armados.jpg","type":"image\/jpeg"}],"author":"enequipo","twitter_card":"summary_large_image","twitter_creator":"@sonoraenequipo","twitter_site":"@sonoraenequipo","twitter_misc":{"Escrito por":"enequipo","Tiempo de lectura":"1 minuto"},"schema":{"@context":"https:\/\/schema.org","@graph":[{"@type":"Article","@id":"https:\/\/www.sonoraenequipo.com.mx\/cajeme-capturan-policia-municipal-y-semar-a-tres-sujetos-armados\/#article","isPartOf":{"@id":"https:\/\/www.sonoraenequipo.com.mx\/cajeme-capturan-policia-municipal-y-semar-a-tres-sujetos-armados\/"},"author":{"name":"enequipo","@id":"https:\/\/www.sonoraenequipo.com.mx\/#\/schema\/person\/50102df0fb23a8fa9e8effad8fa81386"},"headline":"CAJEME. Capturan Polic\u00eda Municipal y SEMAR \u00a0a tres sujetos armados","datePublished":"2022-11-11T18:35:03+00:00","mainEntityOfPage":{"@id":"https:\/\/www.sonoraenequipo.com.mx\/cajeme-capturan-policia-municipal-y-semar-a-tres-sujetos-armados\/"},"wordCount":220,"commentCount":0,"publisher":{"@id":"https:\/\/www.sonoraenequipo.com.mx\/#organization"},"image":{"@id":"https:\/\/www.sonoraenequipo.com.mx\/cajeme-capturan-policia-municipal-y-semar-a-tres-sujetos-armados\/#primaryimage"},"thumbnailUrl":"https:\/\/www.sonoraenequipo.com.mx\/storage\/2022\/11\/armados.jpg","keywords":["Cajeme","inseguridad"],"articleSection":["Polic\u00edaca"],"inLanguage":"es","potentialAction":[{"@type":"CommentAction","name":"Comment","target":["https:\/\/www.sonoraenequipo.com.mx\/cajeme-capturan-policia-municipal-y-semar-a-tres-sujetos-armados\/#respond"]}]},{"@type":"WebPage","@id":"https:\/\/www.sonoraenequipo.com.mx\/cajeme-capturan-policia-municipal-y-semar-a-tres-sujetos-armados\/","url":"https:\/\/www.sonoraenequipo.com.mx\/cajeme-capturan-policia-municipal-y-semar-a-tres-sujetos-armados\/","name":"Sonora en Equipo. CAJEME. Capturan Polic\u00eda Municipal y SEMAR \u00a0a tres sujetos armados Polic\u00edaca","isPartOf":{"@id":"https:\/\/www.sonoraenequipo.com.mx\/#website"},"primaryImageOfPage":{"@id":"https:\/\/www.sonoraenequipo.com.mx\/cajeme-capturan-policia-municipal-y-semar-a-tres-sujetos-armados\/#primaryimage"},"image":{"@id":"https:\/\/www.sonoraenequipo.com.mx\/cajeme-capturan-policia-municipal-y-semar-a-tres-sujetos-armados\/#primaryimage"},"thumbnailUrl":"https:\/\/www.sonoraenequipo.com.mx\/storage\/2022\/11\/armados.jpg","datePublished":"2022-11-11T18:35:03+00:00","description":"CAJEME, SONORA,MX.\u2500\u2500 Tres personas del sexo masculino en posesi\u00f3n de armas de fuego fueron detenidas por agentes de la Polic\u00eda Municipal y Marina, durante En Sonora en Equipo publicamos toda la informaci\u00f3n de Sonora, M\u00e9xico y el Mundo de manera oportuna y busca que la libertad de expresi\u00f3n sea real. Visita nuestro medio informativo publicado desde Hermosillo, Sonora. %","breadcrumb":{"@id":"https:\/\/www.sonoraenequipo.com.mx\/cajeme-capturan-policia-municipal-y-semar-a-tres-sujetos-armados\/#breadcrumb"},"inLanguage":"es","potentialAction":[{"@type":"ReadAction","target":["https:\/\/www.sonoraenequipo.com.mx\/cajeme-capturan-policia-municipal-y-semar-a-tres-sujetos-armados\/"]}]},{"@type":"ImageObject","inLanguage":"es","@id":"https:\/\/www.sonoraenequipo.com.mx\/cajeme-capturan-policia-municipal-y-semar-a-tres-sujetos-armados\/#primaryimage","url":"https:\/\/www.sonoraenequipo.com.mx\/storage\/2022\/11\/armados.jpg","contentUrl":"https:\/\/www.sonoraenequipo.com.mx\/storage\/2022\/11\/armados.jpg","width":800,"height":500},{"@type":"BreadcrumbList","@id":"https:\/\/www.sonoraenequipo.com.mx\/cajeme-capturan-policia-municipal-y-semar-a-tres-sujetos-armados\/#breadcrumb","itemListElement":[{"@type":"ListItem","position":1,"name":"Portada","item":"https:\/\/www.sonoraenequipo.com.mx\/"},{"@type":"ListItem","position":2,"name":"CAJEME. Capturan Polic\u00eda Municipal y SEMAR \u00a0a tres sujetos armados"}]},{"@type":"WebSite","@id":"https:\/\/www.sonoraenequipo.com.mx\/#website","url":"https:\/\/www.sonoraenequipo.com.mx\/","name":"Sonora en Equipo.","description":"Diario en l\u00ednea con Noticias desde Hermosillo, Sonora","publisher":{"@id":"https:\/\/www.sonoraenequipo.com.mx\/#organization"},"potentialAction":[{"@type":"SearchAction","target":{"@type":"EntryPoint","urlTemplate":"https:\/\/www.sonoraenequipo.com.mx\/?s={search_term_string}"},"query-input":{"@type":"PropertyValueSpecification","valueRequired":true,"valueName":"search_term_string"}}],"inLanguage":"es"},{"@type":"Organization","@id":"https:\/\/www.sonoraenequipo.com.mx\/#organization","name":"Sonoraenequipo.com.mx","url":"https:\/\/www.sonoraenequipo.com.mx\/","logo":{"@type":"ImageObject","inLanguage":"es","@id":"https:\/\/www.sonoraenequipo.com.mx\/#\/schema\/logo\/image\/","url":"https:\/\/www.sonoraenequipo.com.mx\/storage\/2019\/01\/sonoraenequipo_opt.png","contentUrl":"https:\/\/www.sonoraenequipo.com.mx\/storage\/2019\/01\/sonoraenequipo_opt.png","width":375,"height":125,"caption":"Sonoraenequipo.com.mx"},"image":{"@id":"https:\/\/www.sonoraenequipo.com.mx\/#\/schema\/logo\/image\/"},"sameAs":["https:\/\/www.facebook.com\/SonoraEE\/","https:\/\/x.com\/sonoraenequipo","https:\/\/www.youtube.com\/channel\/UC338nW-lPEYmJQs4ZABQ1SQ"]},{"@type":"Person","@id":"https:\/\/www.sonoraenequipo.com.mx\/#\/schema\/person\/50102df0fb23a8fa9e8effad8fa81386","name":"enequipo","image":{"@type":"ImageObject","inLanguage":"es","@id":"https:\/\/www.sonoraenequipo.com.mx\/#\/schema\/person\/image\/","url":"https:\/\/secure.gravatar.com\/avatar\/049821681b589dabc0bc20695993ccebb09f5b5d4d790cd9251b97faac7c652b?s=96&d=blank&r=g","contentUrl":"https:\/\/secure.gravatar.com\/avatar\/049821681b589dabc0bc20695993ccebb09f5b5d4d790cd9251b97faac7c652b?s=96&d=blank&r=g","caption":"enequipo"},"sameAs":["https:\/\/www.facebook.com\/SonoraEE"]}]}},"jetpack_featured_media_url":"https:\/\/www.sonoraenequipo.com.mx\/storage\/2022\/11\/armados.jpg","_links":{"self":[{"href":"https:\/\/www.sonoraenequipo.com.mx\/api\/wp\/v2\/posts\/151720","targetHints":{"allow":["GET"]}}],"collection":[{"href":"https:\/\/www.sonoraenequipo.com.mx\/api\/wp\/v2\/posts"}],"about":[{"href":"https:\/\/www.sonoraenequipo.com.mx\/api\/wp\/v2\/types\/post"}],"author":[{"embeddable":true,"href":"https:\/\/www.sonoraenequipo.com.mx\/api\/wp\/v2\/users\/1"}],"replies":[{"embeddable":true,"href":"https:\/\/www.sonoraenequipo.com.mx\/api\/wp\/v2\/comments?post=151720"}],"version-history":[{"count":1,"href":"https:\/\/www.sonoraenequipo.com.mx\/api\/wp\/v2\/posts\/151720\/revisions"}],"predecessor-version":[{"id":151722,"href":"https:\/\/www.sonoraenequipo.com.mx\/api\/wp\/v2\/posts\/151720\/revisions\/151722"}],"wp:featuredmedia":[{"embeddable":true,"href":"https:\/\/www.sonoraenequipo.com.mx\/api\/wp\/v2\/media\/151721"}],"wp:attachment":[{"href":"https:\/\/www.sonoraenequipo.com.mx\/api\/wp\/v2\/media?parent=151720"}],"wp:term":[{"taxonomy":"category","embeddable":true,"href":"https:\/\/www.sonoraenequipo.com.mx\/api\/wp\/v2\/categories?post=151720"},{"taxonomy":"post_tag","embeddable":true,"href":"https:\/\/www.sonoraenequipo.com.mx\/api\/wp\/v2\/tags?post=151720"}],"curies":[{"name":"wp","href":"https:\/\/api.w.org\/{rel}","templated":true}]}}