{"id":151726,"date":"2022-11-11T12:13:21","date_gmt":"2022-11-11T19:13:21","guid":{"rendered":"https:\/\/www.sonoraenequipo.com.mx\/?p=151726"},"modified":"2022-11-11T12:13:21","modified_gmt":"2022-11-11T19:13:21","slug":"disminuye-imai-0-2-en-septiembre-construccion-el-mas-afectado-inegi","status":"publish","type":"post","link":"https:\/\/www.sonoraenequipo.com.mx\/disminuye-imai-0-2-en-septiembre-construccion-el-mas-afectado-inegi\/","title":{"rendered":"Disminuye IMAI 0.2% en septiembre; Construcci\u00f3n el m\u00e1s afectado: INEGI"},"content":{"rendered":"<p><strong>CIUDAD DE M\u00c9XICO,MX.<\/strong><strong>\u2500\u2500<\/strong> En septiembre de 2022 y con cifras desestacionalizadas, el Indicador Mensual de la Actividad Industrial (IMAI) disminuy\u00f3 0.2 % a tasa mensual.<\/p>\n<p>&nbsp;<\/p>\n<p>Por componente y con series ajustadas por estacionalidad, en septiembre de 2022 la variaci\u00f3n mensual fue la siguiente: Miner\u00eda se redujo 1.2 %; Generaci\u00f3n, transmisi\u00f3n y distribuci\u00f3n de energ\u00eda el\u00e9ctrica, suministro de agua y de gas por ductos al consumidor final, 0.6 %; Industrias manufactureras, 0.3 % y Construcci\u00f3n aument\u00f3 0.2 por ciento.<\/p>\n<p>&nbsp;<\/p>\n<p>A tasa anual y con series desestacionalizadas, el IMAI increment\u00f3 4.3 % en t\u00e9rminos reales en septiembre pasado. Por sector de actividad econ\u00f3mica, Industrias manufactureras creci\u00f3 8.3 %; Generaci\u00f3n, transmisi\u00f3n y distribuci\u00f3n de energ\u00eda el\u00e9ctrica, suministro de agua y de gas por ductos al consumidor final, 6.7 %; Construcci\u00f3n se redujo 3.3 % y Miner\u00eda, 1.8 por ciento.<\/p>\n<p>&nbsp;<\/p>\n<p><strong>NOTA AL USUARIO<\/strong><\/p>\n<p>&nbsp;<\/p>\n<p>Este indicador se actualiza una vez que se dispone de la informaci\u00f3n estad\u00edstica m\u00e1s reciente de las Cuentas de Bienes y Servicios 2021 versi\u00f3n preliminar y de las encuestas, los registros administrativos y los datos primarios de los a\u00f1os 2021 y 2022. Como resultado de incorporar dicha informaci\u00f3n, se identifican diferencias en los niveles de los \u00edndices y variaciones que se publicaron oportunamente. La actualizaci\u00f3n se hace con base en los \u00abLineamientos de cambios a la informaci\u00f3n divulgada en las publicaciones estad\u00edsticas y geogr\u00e1ficas del Instituto Nacional de Estad\u00edstica y Geograf\u00eda\u00bb que se complementan con las Normas Especiales para la Divulgaci\u00f3n de Datos del Fondo Monetario Internacional (FMI).<\/p>\n<p>&nbsp;<\/p>\n<p>La tasa de no respuesta en la captaci\u00f3n de las encuestas econ\u00f3micas que se consideraron para la integraci\u00f3n del IMAI, en septiembre de 2022, registr\u00f3 porcentajes apropiados de acuerdo con el dise\u00f1o estad\u00edstico de las muestras. Asimismo, la captaci\u00f3n de la Estad\u00edstica de la Industria Minerometal\u00fargica (EIMM), de los registros administrativos y los datos primarios que divulga el Instituto permiti\u00f3 la generaci\u00f3n de estad\u00edsticas con niveles altos de cobertura y precisi\u00f3n estad\u00edstica. Para las actividades petroleras, de energ\u00eda, gas y agua, se incluyeron los registros administrativos provenientes de las empresas y Unidades del Estado que se recibieron oportunamente v\u00eda correo electr\u00f3nico y por \u00a0internet<\/p>\n<p>Fuente INEGI (Instituto nacional de estad\u00edstica geograf\u00eda e inform\u00e1tica)<\/p>\n<p><strong><u>Fecha de publicaci\u00f3n\u00a0 viernes 11 de noviembre de 2022<\/u><\/strong><\/p>\n","protected":false},"excerpt":{"rendered":"<p>CIUDAD DE M\u00c9XICO,MX.\u2500\u2500 En septiembre de 2022 y con cifras desestacionalizadas, el Indicador Mensual de&#8230;<\/p>\n","protected":false},"author":1,"featured_media":151727,"comment_status":"open","ping_status":"open","sticky":false,"template":"","format":"standard","meta":{"_monsterinsights_skip_tracking":false,"_monsterinsights_sitenote_active":false,"_monsterinsights_sitenote_note":"","_monsterinsights_sitenote_category":0,"footnotes":""},"categories":[6493],"tags":[93,53],"class_list":["post"],"yoast_head":" \n<title>Sonora en Equipo. Disminuye IMAI 0.2% en septiembre; Construcci\u00f3n el m\u00e1s afectado: INEGI PALABRAS Y N\u00daMEROS<\/title>\n<meta name=\"description\" content=\"CIUDAD DE M\u00c9XICO,MX.\u2500\u2500 En septiembre de 2022 y con cifras desestacionalizadas, el Indicador Mensual de la Actividad Industrial (IMAI) disminuy\u00f3 0.2 % a En Sonora en Equipo publicamos toda la informaci\u00f3n de Sonora, M\u00e9xico y el Mundo de manera oportuna y busca que la libertad de expresi\u00f3n sea real. Visita nuestro medio informativo publicado desde Hermosillo, Sonora. %\" \/>\n<meta name=\"robots\" content=\"index, follow, max-snippet:-1, max-image-preview:large, max-video-preview:-1\" \/>\n<link rel=\"canonical\" href=\"https:\/\/www.sonoraenequipo.com.mx\/disminuye-imai-0-2-en-septiembre-construccion-el-mas-afectado-inegi\/\" \/>\n<meta property=\"og:locale\" content=\"es_ES\" \/>\n<meta property=\"og:type\" content=\"article\" \/>\n<meta property=\"og:title\" content=\"Sonora en Equipo. Disminuye IMAI 0.2% en septiembre; Construcci\u00f3n el m\u00e1s afectado: INEGI PALABRAS Y N\u00daMEROS\" \/>\n<meta property=\"og:description\" content=\"CIUDAD DE M\u00c9XICO,MX.\u2500\u2500 En septiembre de 2022 y con cifras desestacionalizadas, el Indicador Mensual de la Actividad Industrial (IMAI) disminuy\u00f3 0.2 % a En Sonora en Equipo publicamos toda la informaci\u00f3n de Sonora, M\u00e9xico y el Mundo de manera oportuna y busca que la libertad de expresi\u00f3n sea real. Visita nuestro medio informativo publicado desde Hermosillo, Sonora. %\" \/>\n<meta property=\"og:url\" content=\"https:\/\/www.sonoraenequipo.com.mx\/disminuye-imai-0-2-en-septiembre-construccion-el-mas-afectado-inegi\/\" \/>\n<meta property=\"og:site_name\" content=\"Sonora en Equipo.\" \/>\n<meta property=\"article:publisher\" content=\"https:\/\/www.facebook.com\/SonoraEE\/\" \/>\n<meta property=\"article:author\" content=\"https:\/\/www.facebook.com\/SonoraEE\" \/>\n<meta property=\"article:published_time\" content=\"2022-11-11T19:13:21+00:00\" \/>\n<meta property=\"og:image\" content=\"https:\/\/www.sonoraenequipo.com.mx\/storage\/2022\/11\/industria.jpg\" \/>\n\t<meta property=\"og:image:width\" content=\"800\" \/>\n\t<meta property=\"og:image:height\" content=\"500\" \/>\n\t<meta property=\"og:image:type\" content=\"image\/jpeg\" \/>\n<meta name=\"author\" content=\"enequipo\" \/>\n<meta name=\"twitter:card\" content=\"summary_large_image\" \/>\n<meta name=\"twitter:creator\" content=\"@sonoraenequipo\" \/>\n<meta name=\"twitter:site\" content=\"@sonoraenequipo\" \/>\n<meta name=\"twitter:label1\" content=\"Escrito por\" \/>\n\t<meta name=\"twitter:data1\" content=\"enequipo\" \/>\n\t<meta name=\"twitter:label2\" content=\"Tiempo de lectura\" \/>\n\t<meta name=\"twitter:data2\" content=\"2 minutos\" \/>\n<script type=\"application\/ld+json\" class=\"yoast-schema-graph\">{\"@context\":\"https:\/\/schema.org\",\"@graph\":[{\"@type\":\"Article\",\"@id\":\"https:\/\/www.sonoraenequipo.com.mx\/disminuye-imai-0-2-en-septiembre-construccion-el-mas-afectado-inegi\/#article\",\"isPartOf\":{\"@id\":\"https:\/\/www.sonoraenequipo.com.mx\/disminuye-imai-0-2-en-septiembre-construccion-el-mas-afectado-inegi\/\"},\"author\":{\"name\":\"enequipo\",\"@id\":\"https:\/\/www.sonoraenequipo.com.mx\/#\/schema\/person\/50102df0fb23a8fa9e8effad8fa81386\"},\"headline\":\"Disminuye IMAI 0.2% en septiembre; Construcci\u00f3n el m\u00e1s afectado: INEGI\",\"datePublished\":\"2022-11-11T19:13:21+00:00\",\"mainEntityOfPage\":{\"@id\":\"https:\/\/www.sonoraenequipo.com.mx\/disminuye-imai-0-2-en-septiembre-construccion-el-mas-afectado-inegi\/\"},\"wordCount\":410,\"commentCount\":0,\"publisher\":{\"@id\":\"https:\/\/www.sonoraenequipo.com.mx\/#organization\"},\"image\":{\"@id\":\"https:\/\/www.sonoraenequipo.com.mx\/disminuye-imai-0-2-en-septiembre-construccion-el-mas-afectado-inegi\/#primaryimage\"},\"thumbnailUrl\":\"https:\/\/www.sonoraenequipo.com.mx\/storage\/2022\/11\/industria.jpg\",\"keywords\":[\"econom\u00eda\",\"mexico\"],\"articleSection\":[\"PALABRAS Y N\u00daMEROS\"],\"inLanguage\":\"es\",\"potentialAction\":[{\"@type\":\"CommentAction\",\"name\":\"Comment\",\"target\":[\"https:\/\/www.sonoraenequipo.com.mx\/disminuye-imai-0-2-en-septiembre-construccion-el-mas-afectado-inegi\/#respond\"]}]},{\"@type\":\"WebPage\",\"@id\":\"https:\/\/www.sonoraenequipo.com.mx\/disminuye-imai-0-2-en-septiembre-construccion-el-mas-afectado-inegi\/\",\"url\":\"https:\/\/www.sonoraenequipo.com.mx\/disminuye-imai-0-2-en-septiembre-construccion-el-mas-afectado-inegi\/\",\"name\":\"Sonora en Equipo. Disminuye IMAI 0.2% en septiembre; Construcci\u00f3n el m\u00e1s afectado: INEGI PALABRAS Y N\u00daMEROS\",\"isPartOf\":{\"@id\":\"https:\/\/www.sonoraenequipo.com.mx\/#website\"},\"primaryImageOfPage\":{\"@id\":\"https:\/\/www.sonoraenequipo.com.mx\/disminuye-imai-0-2-en-septiembre-construccion-el-mas-afectado-inegi\/#primaryimage\"},\"image\":{\"@id\":\"https:\/\/www.sonoraenequipo.com.mx\/disminuye-imai-0-2-en-septiembre-construccion-el-mas-afectado-inegi\/#primaryimage\"},\"thumbnailUrl\":\"https:\/\/www.sonoraenequipo.com.mx\/storage\/2022\/11\/industria.jpg\",\"datePublished\":\"2022-11-11T19:13:21+00:00\",\"description\":\"CIUDAD DE M\u00c9XICO,MX.\u2500\u2500 En septiembre de 2022 y con cifras desestacionalizadas, el Indicador Mensual de la Actividad Industrial (IMAI) disminuy\u00f3 0.2 % a En Sonora en Equipo publicamos toda la informaci\u00f3n de Sonora, M\u00e9xico y el Mundo de manera oportuna y busca que la libertad de expresi\u00f3n sea real. Visita nuestro medio informativo publicado desde Hermosillo, Sonora. %\",\"breadcrumb\":{\"@id\":\"https:\/\/www.sonoraenequipo.com.mx\/disminuye-imai-0-2-en-septiembre-construccion-el-mas-afectado-inegi\/#breadcrumb\"},\"inLanguage\":\"es\",\"potentialAction\":[{\"@type\":\"ReadAction\",\"target\":[\"https:\/\/www.sonoraenequipo.com.mx\/disminuye-imai-0-2-en-septiembre-construccion-el-mas-afectado-inegi\/\"]}]},{\"@type\":\"ImageObject\",\"inLanguage\":\"es\",\"@id\":\"https:\/\/www.sonoraenequipo.com.mx\/disminuye-imai-0-2-en-septiembre-construccion-el-mas-afectado-inegi\/#primaryimage\",\"url\":\"https:\/\/www.sonoraenequipo.com.mx\/storage\/2022\/11\/industria.jpg\",\"contentUrl\":\"https:\/\/www.sonoraenequipo.com.mx\/storage\/2022\/11\/industria.jpg\",\"width\":800,\"height\":500},{\"@type\":\"BreadcrumbList\",\"@id\":\"https:\/\/www.sonoraenequipo.com.mx\/disminuye-imai-0-2-en-septiembre-construccion-el-mas-afectado-inegi\/#breadcrumb\",\"itemListElement\":[{\"@type\":\"ListItem\",\"position\":1,\"name\":\"Portada\",\"item\":\"https:\/\/www.sonoraenequipo.com.mx\/\"},{\"@type\":\"ListItem\",\"position\":2,\"name\":\"Disminuye IMAI 0.2% en septiembre; Construcci\u00f3n el m\u00e1s afectado: INEGI\"}]},{\"@type\":\"WebSite\",\"@id\":\"https:\/\/www.sonoraenequipo.com.mx\/#website\",\"url\":\"https:\/\/www.sonoraenequipo.com.mx\/\",\"name\":\"Sonora en Equipo.\",\"description\":\"Diario en l\u00ednea con Noticias desde Hermosillo, Sonora\",\"publisher\":{\"@id\":\"https:\/\/www.sonoraenequipo.com.mx\/#organization\"},\"potentialAction\":[{\"@type\":\"SearchAction\",\"target\":{\"@type\":\"EntryPoint\",\"urlTemplate\":\"https:\/\/www.sonoraenequipo.com.mx\/?s={search_term_string}\"},\"query-input\":{\"@type\":\"PropertyValueSpecification\",\"valueRequired\":true,\"valueName\":\"search_term_string\"}}],\"inLanguage\":\"es\"},{\"@type\":\"Organization\",\"@id\":\"https:\/\/www.sonoraenequipo.com.mx\/#organization\",\"name\":\"Sonoraenequipo.com.mx\",\"url\":\"https:\/\/www.sonoraenequipo.com.mx\/\",\"logo\":{\"@type\":\"ImageObject\",\"inLanguage\":\"es\",\"@id\":\"https:\/\/www.sonoraenequipo.com.mx\/#\/schema\/logo\/image\/\",\"url\":\"https:\/\/www.sonoraenequipo.com.mx\/storage\/2019\/01\/sonoraenequipo_opt.png\",\"contentUrl\":\"https:\/\/www.sonoraenequipo.com.mx\/storage\/2019\/01\/sonoraenequipo_opt.png\",\"width\":375,\"height\":125,\"caption\":\"Sonoraenequipo.com.mx\"},\"image\":{\"@id\":\"https:\/\/www.sonoraenequipo.com.mx\/#\/schema\/logo\/image\/\"},\"sameAs\":[\"https:\/\/www.facebook.com\/SonoraEE\/\",\"https:\/\/x.com\/sonoraenequipo\",\"https:\/\/www.youtube.com\/channel\/UC338nW-lPEYmJQs4ZABQ1SQ\"]},{\"@type\":\"Person\",\"@id\":\"https:\/\/www.sonoraenequipo.com.mx\/#\/schema\/person\/50102df0fb23a8fa9e8effad8fa81386\",\"name\":\"enequipo\",\"image\":{\"@type\":\"ImageObject\",\"inLanguage\":\"es\",\"@id\":\"https:\/\/www.sonoraenequipo.com.mx\/#\/schema\/person\/image\/\",\"url\":\"https:\/\/secure.gravatar.com\/avatar\/049821681b589dabc0bc20695993ccebb09f5b5d4d790cd9251b97faac7c652b?s=96&d=blank&r=g\",\"contentUrl\":\"https:\/\/secure.gravatar.com\/avatar\/049821681b589dabc0bc20695993ccebb09f5b5d4d790cd9251b97faac7c652b?s=96&d=blank&r=g\",\"caption\":\"enequipo\"},\"sameAs\":[\"https:\/\/www.facebook.com\/SonoraEE\"]}]}<\/script>\n ","yoast_head_json":{"title":"Sonora en Equipo. Disminuye IMAI 0.2% en septiembre; Construcci\u00f3n el m\u00e1s afectado: INEGI PALABRAS Y N\u00daMEROS","description":"CIUDAD DE M\u00c9XICO,MX.\u2500\u2500 En septiembre de 2022 y con cifras desestacionalizadas, el Indicador Mensual de la Actividad Industrial (IMAI) disminuy\u00f3 0.2 % a En Sonora en Equipo publicamos toda la informaci\u00f3n de Sonora, M\u00e9xico y el Mundo de manera oportuna y busca que la libertad de expresi\u00f3n sea real. Visita nuestro medio informativo publicado desde Hermosillo, Sonora. %","robots":{"index":"index","follow":"follow","max-snippet":"max-snippet:-1","max-image-preview":"max-image-preview:large","max-video-preview":"max-video-preview:-1"},"canonical":"https:\/\/www.sonoraenequipo.com.mx\/disminuye-imai-0-2-en-septiembre-construccion-el-mas-afectado-inegi\/","og_locale":"es_ES","og_type":"article","og_title":"Sonora en Equipo. Disminuye IMAI 0.2% en septiembre; Construcci\u00f3n el m\u00e1s afectado: INEGI PALABRAS Y N\u00daMEROS","og_description":"CIUDAD DE M\u00c9XICO,MX.\u2500\u2500 En septiembre de 2022 y con cifras desestacionalizadas, el Indicador Mensual de la Actividad Industrial (IMAI) disminuy\u00f3 0.2 % a En Sonora en Equipo publicamos toda la informaci\u00f3n de Sonora, M\u00e9xico y el Mundo de manera oportuna y busca que la libertad de expresi\u00f3n sea real. Visita nuestro medio informativo publicado desde Hermosillo, Sonora. %","og_url":"https:\/\/www.sonoraenequipo.com.mx\/disminuye-imai-0-2-en-septiembre-construccion-el-mas-afectado-inegi\/","og_site_name":"Sonora en Equipo.","article_publisher":"https:\/\/www.facebook.com\/SonoraEE\/","article_author":"https:\/\/www.facebook.com\/SonoraEE","article_published_time":"2022-11-11T19:13:21+00:00","og_image":[{"width":800,"height":500,"url":"https:\/\/www.sonoraenequipo.com.mx\/storage\/2022\/11\/industria.jpg","type":"image\/jpeg"}],"author":"enequipo","twitter_card":"summary_large_image","twitter_creator":"@sonoraenequipo","twitter_site":"@sonoraenequipo","twitter_misc":{"Escrito por":"enequipo","Tiempo de lectura":"2 minutos"},"schema":{"@context":"https:\/\/schema.org","@graph":[{"@type":"Article","@id":"https:\/\/www.sonoraenequipo.com.mx\/disminuye-imai-0-2-en-septiembre-construccion-el-mas-afectado-inegi\/#article","isPartOf":{"@id":"https:\/\/www.sonoraenequipo.com.mx\/disminuye-imai-0-2-en-septiembre-construccion-el-mas-afectado-inegi\/"},"author":{"name":"enequipo","@id":"https:\/\/www.sonoraenequipo.com.mx\/#\/schema\/person\/50102df0fb23a8fa9e8effad8fa81386"},"headline":"Disminuye IMAI 0.2% en septiembre; Construcci\u00f3n el m\u00e1s afectado: INEGI","datePublished":"2022-11-11T19:13:21+00:00","mainEntityOfPage":{"@id":"https:\/\/www.sonoraenequipo.com.mx\/disminuye-imai-0-2-en-septiembre-construccion-el-mas-afectado-inegi\/"},"wordCount":410,"commentCount":0,"publisher":{"@id":"https:\/\/www.sonoraenequipo.com.mx\/#organization"},"image":{"@id":"https:\/\/www.sonoraenequipo.com.mx\/disminuye-imai-0-2-en-septiembre-construccion-el-mas-afectado-inegi\/#primaryimage"},"thumbnailUrl":"https:\/\/www.sonoraenequipo.com.mx\/storage\/2022\/11\/industria.jpg","keywords":["econom\u00eda","mexico"],"articleSection":["PALABRAS Y N\u00daMEROS"],"inLanguage":"es","potentialAction":[{"@type":"CommentAction","name":"Comment","target":["https:\/\/www.sonoraenequipo.com.mx\/disminuye-imai-0-2-en-septiembre-construccion-el-mas-afectado-inegi\/#respond"]}]},{"@type":"WebPage","@id":"https:\/\/www.sonoraenequipo.com.mx\/disminuye-imai-0-2-en-septiembre-construccion-el-mas-afectado-inegi\/","url":"https:\/\/www.sonoraenequipo.com.mx\/disminuye-imai-0-2-en-septiembre-construccion-el-mas-afectado-inegi\/","name":"Sonora en Equipo. Disminuye IMAI 0.2% en septiembre; Construcci\u00f3n el m\u00e1s afectado: INEGI PALABRAS Y N\u00daMEROS","isPartOf":{"@id":"https:\/\/www.sonoraenequipo.com.mx\/#website"},"primaryImageOfPage":{"@id":"https:\/\/www.sonoraenequipo.com.mx\/disminuye-imai-0-2-en-septiembre-construccion-el-mas-afectado-inegi\/#primaryimage"},"image":{"@id":"https:\/\/www.sonoraenequipo.com.mx\/disminuye-imai-0-2-en-septiembre-construccion-el-mas-afectado-inegi\/#primaryimage"},"thumbnailUrl":"https:\/\/www.sonoraenequipo.com.mx\/storage\/2022\/11\/industria.jpg","datePublished":"2022-11-11T19:13:21+00:00","description":"CIUDAD DE M\u00c9XICO,MX.\u2500\u2500 En septiembre de 2022 y con cifras desestacionalizadas, el Indicador Mensual de la Actividad Industrial (IMAI) disminuy\u00f3 0.2 % a En Sonora en Equipo publicamos toda la informaci\u00f3n de Sonora, M\u00e9xico y el Mundo de manera oportuna y busca que la libertad de expresi\u00f3n sea real. Visita nuestro medio informativo publicado desde Hermosillo, Sonora. %","breadcrumb":{"@id":"https:\/\/www.sonoraenequipo.com.mx\/disminuye-imai-0-2-en-septiembre-construccion-el-mas-afectado-inegi\/#breadcrumb"},"inLanguage":"es","potentialAction":[{"@type":"ReadAction","target":["https:\/\/www.sonoraenequipo.com.mx\/disminuye-imai-0-2-en-septiembre-construccion-el-mas-afectado-inegi\/"]}]},{"@type":"ImageObject","inLanguage":"es","@id":"https:\/\/www.sonoraenequipo.com.mx\/disminuye-imai-0-2-en-septiembre-construccion-el-mas-afectado-inegi\/#primaryimage","url":"https:\/\/www.sonoraenequipo.com.mx\/storage\/2022\/11\/industria.jpg","contentUrl":"https:\/\/www.sonoraenequipo.com.mx\/storage\/2022\/11\/industria.jpg","width":800,"height":500},{"@type":"BreadcrumbList","@id":"https:\/\/www.sonoraenequipo.com.mx\/disminuye-imai-0-2-en-septiembre-construccion-el-mas-afectado-inegi\/#breadcrumb","itemListElement":[{"@type":"ListItem","position":1,"name":"Portada","item":"https:\/\/www.sonoraenequipo.com.mx\/"},{"@type":"ListItem","position":2,"name":"Disminuye IMAI 0.2% en septiembre; Construcci\u00f3n el m\u00e1s afectado: INEGI"}]},{"@type":"WebSite","@id":"https:\/\/www.sonoraenequipo.com.mx\/#website","url":"https:\/\/www.sonoraenequipo.com.mx\/","name":"Sonora en Equipo.","description":"Diario en l\u00ednea con Noticias desde Hermosillo, Sonora","publisher":{"@id":"https:\/\/www.sonoraenequipo.com.mx\/#organization"},"potentialAction":[{"@type":"SearchAction","target":{"@type":"EntryPoint","urlTemplate":"https:\/\/www.sonoraenequipo.com.mx\/?s={search_term_string}"},"query-input":{"@type":"PropertyValueSpecification","valueRequired":true,"valueName":"search_term_string"}}],"inLanguage":"es"},{"@type":"Organization","@id":"https:\/\/www.sonoraenequipo.com.mx\/#organization","name":"Sonoraenequipo.com.mx","url":"https:\/\/www.sonoraenequipo.com.mx\/","logo":{"@type":"ImageObject","inLanguage":"es","@id":"https:\/\/www.sonoraenequipo.com.mx\/#\/schema\/logo\/image\/","url":"https:\/\/www.sonoraenequipo.com.mx\/storage\/2019\/01\/sonoraenequipo_opt.png","contentUrl":"https:\/\/www.sonoraenequipo.com.mx\/storage\/2019\/01\/sonoraenequipo_opt.png","width":375,"height":125,"caption":"Sonoraenequipo.com.mx"},"image":{"@id":"https:\/\/www.sonoraenequipo.com.mx\/#\/schema\/logo\/image\/"},"sameAs":["https:\/\/www.facebook.com\/SonoraEE\/","https:\/\/x.com\/sonoraenequipo","https:\/\/www.youtube.com\/channel\/UC338nW-lPEYmJQs4ZABQ1SQ"]},{"@type":"Person","@id":"https:\/\/www.sonoraenequipo.com.mx\/#\/schema\/person\/50102df0fb23a8fa9e8effad8fa81386","name":"enequipo","image":{"@type":"ImageObject","inLanguage":"es","@id":"https:\/\/www.sonoraenequipo.com.mx\/#\/schema\/person\/image\/","url":"https:\/\/secure.gravatar.com\/avatar\/049821681b589dabc0bc20695993ccebb09f5b5d4d790cd9251b97faac7c652b?s=96&d=blank&r=g","contentUrl":"https:\/\/secure.gravatar.com\/avatar\/049821681b589dabc0bc20695993ccebb09f5b5d4d790cd9251b97faac7c652b?s=96&d=blank&r=g","caption":"enequipo"},"sameAs":["https:\/\/www.facebook.com\/SonoraEE"]}]}},"jetpack_featured_media_url":"https:\/\/www.sonoraenequipo.com.mx\/storage\/2022\/11\/industria.jpg","_links":{"self":[{"href":"https:\/\/www.sonoraenequipo.com.mx\/api\/wp\/v2\/posts\/151726","targetHints":{"allow":["GET"]}}],"collection":[{"href":"https:\/\/www.sonoraenequipo.com.mx\/api\/wp\/v2\/posts"}],"about":[{"href":"https:\/\/www.sonoraenequipo.com.mx\/api\/wp\/v2\/types\/post"}],"author":[{"embeddable":true,"href":"https:\/\/www.sonoraenequipo.com.mx\/api\/wp\/v2\/users\/1"}],"replies":[{"embeddable":true,"href":"https:\/\/www.sonoraenequipo.com.mx\/api\/wp\/v2\/comments?post=151726"}],"version-history":[{"count":1,"href":"https:\/\/www.sonoraenequipo.com.mx\/api\/wp\/v2\/posts\/151726\/revisions"}],"predecessor-version":[{"id":151728,"href":"https:\/\/www.sonoraenequipo.com.mx\/api\/wp\/v2\/posts\/151726\/revisions\/151728"}],"wp:featuredmedia":[{"embeddable":true,"href":"https:\/\/www.sonoraenequipo.com.mx\/api\/wp\/v2\/media\/151727"}],"wp:attachment":[{"href":"https:\/\/www.sonoraenequipo.com.mx\/api\/wp\/v2\/media?parent=151726"}],"wp:term":[{"taxonomy":"category","embeddable":true,"href":"https:\/\/www.sonoraenequipo.com.mx\/api\/wp\/v2\/categories?post=151726"},{"taxonomy":"post_tag","embeddable":true,"href":"https:\/\/www.sonoraenequipo.com.mx\/api\/wp\/v2\/tags?post=151726"}],"curies":[{"name":"wp","href":"https:\/\/api.w.org\/{rel}","templated":true}]}}