{"id":1525,"date":"2015-12-17T04:22:35","date_gmt":"2015-12-17T04:22:35","guid":{"rendered":"http:\/\/www.sonoraenequipo.com.mx\/?p=1525"},"modified":"2015-12-17T04:22:35","modified_gmt":"2015-12-17T04:22:35","slug":"rusia-confia-en-progreso-de-cita-en-nueva-york-sobre-siria","status":"publish","type":"post","link":"https:\/\/www.sonoraenequipo.com.mx\/rusia-confia-en-progreso-de-cita-en-nueva-york-sobre-siria\/","title":{"rendered":"Rusia conf\u00eda en progreso de cita en Nueva York sobre Siria"},"content":{"rendered":"<p>16122015. MOSC\u00da, RUSIA.\u2014 La vocera de la canciller\u00eda rusa, Mar\u00eda Zajarova, expres\u00f3 hoy esperanza en que la reuni\u00f3n programada para el viernes en Nueva York del Grupo de Apoyo a Siria redunde en progresos de cara a las negociaciones entre las partes beligerantes. <br \/>\nConfirm\u00f3 Zajarova la participaci\u00f3n del canciller Serguei Lavrov al frente de la delegaci\u00f3n rusa en ese formato, el cual efectuar\u00e1 su tercer encuentro desde fines de octubre en procura de una soluci\u00f3n pol\u00edtica de la crisis siria.<\/p>\n<p>Manifest\u00f3 la portavoz confianza en que la reuni\u00f3n en Nueva York insufle celeridad al proyectado proceso de di\u00e1logo directo entre el gobierno del presidente Bashar Al Assad y representantes de la variopinta oposici\u00f3n del pa\u00eds \u00e1rabe.<\/p>\n<p>Todas las cuestiones relacionadas con el lanzamiento de ese proceso tentativamente el 1 de enero de 2016 son objeto de permanente an\u00e1lisis y discusi\u00f3n, y estamos por un pronto acuerdo en ese tema, aclar\u00f3 Zajarova ante preguntas de la prensa.<\/p>\n<p>Ratific\u00f3 las expectativas de que la cita del Grupo de Apoyo -con amplia participaci\u00f3n internacional- permita acercar posiciones y adoptar tambi\u00e9n decisiones para el logro de un amplio acuerdo de soluci\u00f3n del conflicto sirio, ampli\u00f3.<\/p>\n<p>El canciller Serguei Lavrov adelant\u00f3 ayer que esperaba como resultado de la reuni\u00f3n del viernes la conciliaci\u00f3n de un proyecto de resoluci\u00f3n al Consejo de Seguridad de la ONU, en el cual se refrenden los principios b\u00e1sicos recogidos en los documentos de Viena.<\/p>\n<p>Se refiri\u00f3 el ministro a los acuerdos adoptados tras los encuentros en la capital austriaca el 30 de octubre y el 14 de noviembre del denominado<br \/>\nGrupo de Apoyo a Siria, auspiciado por Rusia y Estados Unidos.<\/p>\n<p>Inform\u00f3 asimismo Lavrov que acord\u00f3 con el secretario norteamericano de Estado, John Kerry, la continuidad del trabajo en torno a la lucha contra el terrorismo, \u201ccomo la amenaza com\u00fan\u201d y la organizaci\u00f3n de las negociaciones entre Damasco y la oposici\u00f3n.<\/p>\n<p>Dej\u00f3 en claro el jefe de la diplomacia rusa la posici\u00f3n de Mosc\u00fa de que se respete la Declaraci\u00f3n de Ginebra del 30 de junio de 2012 como base de los acuerdos sobre Siria, que sustenta el derecho de los sirios a decidir su futuro y de guiar el proceso de reconciliaci\u00f3n nacional sin injerencias externas.<\/p>\n<p>Seg\u00fan Lavrov, Kerry ratific\u00f3 el compromiso de Estados Unidos de participar en la confecci\u00f3n de la lista de organizaciones terroristas y en el apoyo a la ONU en la conformaci\u00f3n de la delegaci\u00f3n de opositores sirios a las conversaciones con el Gobierno leg\u00edtimo, que debe ser representativa, subray\u00f3 el ministro ruso.<\/p>\n","protected":false},"excerpt":{"rendered":"<p>16122015. MOSC\u00da, RUSIA.\u2014 La vocera de la canciller\u00eda rusa, Mar\u00eda Zajarova, expres\u00f3 hoy esperanza en&#8230;<\/p>\n","protected":false},"author":1,"featured_media":0,"comment_status":"open","ping_status":"open","sticky":false,"template":"","format":"standard","meta":{"_monsterinsights_skip_tracking":false,"_monsterinsights_sitenote_active":false,"_monsterinsights_sitenote_note":"","_monsterinsights_sitenote_category":0,"footnotes":""},"categories":[1],"tags":[],"class_list":["post"],"yoast_head":" \n<title>Sonora en Equipo. Rusia conf\u00eda en progreso de cita en Nueva York sobre Siria<\/title>\n<meta name=\"description\" content=\"16122015. MOSC\u00da, RUSIA.\u2014 La vocera de la canciller\u00eda rusa, Mar\u00eda Zajarova, expres\u00f3 hoy esperanza en que la reuni\u00f3n programada para el viernes en Nueva En Sonora en Equipo publicamos toda la informaci\u00f3n de Sonora, M\u00e9xico y el Mundo de manera oportuna y busca que la libertad de expresi\u00f3n sea real. Visita nuestro medio informativo publicado desde Hermosillo, Sonora. %\" \/>\n<meta name=\"robots\" content=\"index, follow, max-snippet:-1, max-image-preview:large, max-video-preview:-1\" \/>\n<link rel=\"canonical\" href=\"https:\/\/www.sonoraenequipo.com.mx\/rusia-confia-en-progreso-de-cita-en-nueva-york-sobre-siria\/\" \/>\n<meta property=\"og:locale\" content=\"es_ES\" \/>\n<meta property=\"og:type\" content=\"article\" \/>\n<meta property=\"og:title\" content=\"Sonora en Equipo. Rusia conf\u00eda en progreso de cita en Nueva York sobre Siria\" \/>\n<meta property=\"og:description\" content=\"16122015. MOSC\u00da, RUSIA.\u2014 La vocera de la canciller\u00eda rusa, Mar\u00eda Zajarova, expres\u00f3 hoy esperanza en que la reuni\u00f3n programada para el viernes en Nueva En Sonora en Equipo publicamos toda la informaci\u00f3n de Sonora, M\u00e9xico y el Mundo de manera oportuna y busca que la libertad de expresi\u00f3n sea real. Visita nuestro medio informativo publicado desde Hermosillo, Sonora. %\" \/>\n<meta property=\"og:url\" content=\"https:\/\/www.sonoraenequipo.com.mx\/rusia-confia-en-progreso-de-cita-en-nueva-york-sobre-siria\/\" \/>\n<meta property=\"og:site_name\" content=\"Sonora en Equipo.\" \/>\n<meta property=\"article:publisher\" content=\"https:\/\/www.facebook.com\/SonoraEE\/\" \/>\n<meta property=\"article:author\" content=\"https:\/\/www.facebook.com\/SonoraEE\" \/>\n<meta property=\"article:published_time\" content=\"2015-12-17T04:22:35+00:00\" \/>\n<meta name=\"author\" content=\"enequipo\" \/>\n<meta name=\"twitter:card\" content=\"summary_large_image\" \/>\n<meta name=\"twitter:creator\" content=\"@sonoraenequipo\" \/>\n<meta name=\"twitter:site\" content=\"@sonoraenequipo\" \/>\n<meta name=\"twitter:label1\" content=\"Escrito por\" \/>\n\t<meta name=\"twitter:data1\" content=\"enequipo\" \/>\n\t<meta name=\"twitter:label2\" content=\"Tiempo de lectura\" \/>\n\t<meta name=\"twitter:data2\" content=\"2 minutos\" \/>\n<script type=\"application\/ld+json\" class=\"yoast-schema-graph\">{\"@context\":\"https:\/\/schema.org\",\"@graph\":[{\"@type\":\"Article\",\"@id\":\"https:\/\/www.sonoraenequipo.com.mx\/rusia-confia-en-progreso-de-cita-en-nueva-york-sobre-siria\/#article\",\"isPartOf\":{\"@id\":\"https:\/\/www.sonoraenequipo.com.mx\/rusia-confia-en-progreso-de-cita-en-nueva-york-sobre-siria\/\"},\"author\":{\"name\":\"enequipo\",\"@id\":\"https:\/\/www.sonoraenequipo.com.mx\/#\/schema\/person\/50102df0fb23a8fa9e8effad8fa81386\"},\"headline\":\"Rusia conf\u00eda en progreso de cita en Nueva York sobre Siria\",\"datePublished\":\"2015-12-17T04:22:35+00:00\",\"mainEntityOfPage\":{\"@id\":\"https:\/\/www.sonoraenequipo.com.mx\/rusia-confia-en-progreso-de-cita-en-nueva-york-sobre-siria\/\"},\"wordCount\":454,\"commentCount\":0,\"publisher\":{\"@id\":\"https:\/\/www.sonoraenequipo.com.mx\/#organization\"},\"articleSection\":[\"Sin categorizar\"],\"inLanguage\":\"es\",\"potentialAction\":[{\"@type\":\"CommentAction\",\"name\":\"Comment\",\"target\":[\"https:\/\/www.sonoraenequipo.com.mx\/rusia-confia-en-progreso-de-cita-en-nueva-york-sobre-siria\/#respond\"]}]},{\"@type\":\"WebPage\",\"@id\":\"https:\/\/www.sonoraenequipo.com.mx\/rusia-confia-en-progreso-de-cita-en-nueva-york-sobre-siria\/\",\"url\":\"https:\/\/www.sonoraenequipo.com.mx\/rusia-confia-en-progreso-de-cita-en-nueva-york-sobre-siria\/\",\"name\":\"Sonora en Equipo. Rusia conf\u00eda en progreso de cita en Nueva York sobre Siria\",\"isPartOf\":{\"@id\":\"https:\/\/www.sonoraenequipo.com.mx\/#website\"},\"datePublished\":\"2015-12-17T04:22:35+00:00\",\"description\":\"16122015. MOSC\u00da, RUSIA.\u2014 La vocera de la canciller\u00eda rusa, Mar\u00eda Zajarova, expres\u00f3 hoy esperanza en que la reuni\u00f3n programada para el viernes en Nueva En Sonora en Equipo publicamos toda la informaci\u00f3n de Sonora, M\u00e9xico y el Mundo de manera oportuna y busca que la libertad de expresi\u00f3n sea real. Visita nuestro medio informativo publicado desde Hermosillo, Sonora. %\",\"breadcrumb\":{\"@id\":\"https:\/\/www.sonoraenequipo.com.mx\/rusia-confia-en-progreso-de-cita-en-nueva-york-sobre-siria\/#breadcrumb\"},\"inLanguage\":\"es\",\"potentialAction\":[{\"@type\":\"ReadAction\",\"target\":[\"https:\/\/www.sonoraenequipo.com.mx\/rusia-confia-en-progreso-de-cita-en-nueva-york-sobre-siria\/\"]}]},{\"@type\":\"BreadcrumbList\",\"@id\":\"https:\/\/www.sonoraenequipo.com.mx\/rusia-confia-en-progreso-de-cita-en-nueva-york-sobre-siria\/#breadcrumb\",\"itemListElement\":[{\"@type\":\"ListItem\",\"position\":1,\"name\":\"Portada\",\"item\":\"https:\/\/www.sonoraenequipo.com.mx\/\"},{\"@type\":\"ListItem\",\"position\":2,\"name\":\"Rusia conf\u00eda en progreso de cita en Nueva York sobre Siria\"}]},{\"@type\":\"WebSite\",\"@id\":\"https:\/\/www.sonoraenequipo.com.mx\/#website\",\"url\":\"https:\/\/www.sonoraenequipo.com.mx\/\",\"name\":\"Sonora en Equipo.\",\"description\":\"Diario en l\u00ednea con Noticias desde Hermosillo, Sonora\",\"publisher\":{\"@id\":\"https:\/\/www.sonoraenequipo.com.mx\/#organization\"},\"potentialAction\":[{\"@type\":\"SearchAction\",\"target\":{\"@type\":\"EntryPoint\",\"urlTemplate\":\"https:\/\/www.sonoraenequipo.com.mx\/?s={search_term_string}\"},\"query-input\":{\"@type\":\"PropertyValueSpecification\",\"valueRequired\":true,\"valueName\":\"search_term_string\"}}],\"inLanguage\":\"es\"},{\"@type\":\"Organization\",\"@id\":\"https:\/\/www.sonoraenequipo.com.mx\/#organization\",\"name\":\"Sonoraenequipo.com.mx\",\"url\":\"https:\/\/www.sonoraenequipo.com.mx\/\",\"logo\":{\"@type\":\"ImageObject\",\"inLanguage\":\"es\",\"@id\":\"https:\/\/www.sonoraenequipo.com.mx\/#\/schema\/logo\/image\/\",\"url\":\"https:\/\/www.sonoraenequipo.com.mx\/storage\/2019\/01\/sonoraenequipo_opt.png\",\"contentUrl\":\"https:\/\/www.sonoraenequipo.com.mx\/storage\/2019\/01\/sonoraenequipo_opt.png\",\"width\":375,\"height\":125,\"caption\":\"Sonoraenequipo.com.mx\"},\"image\":{\"@id\":\"https:\/\/www.sonoraenequipo.com.mx\/#\/schema\/logo\/image\/\"},\"sameAs\":[\"https:\/\/www.facebook.com\/SonoraEE\/\",\"https:\/\/x.com\/sonoraenequipo\",\"https:\/\/www.youtube.com\/channel\/UC338nW-lPEYmJQs4ZABQ1SQ\"]},{\"@type\":\"Person\",\"@id\":\"https:\/\/www.sonoraenequipo.com.mx\/#\/schema\/person\/50102df0fb23a8fa9e8effad8fa81386\",\"name\":\"enequipo\",\"image\":{\"@type\":\"ImageObject\",\"inLanguage\":\"es\",\"@id\":\"https:\/\/www.sonoraenequipo.com.mx\/#\/schema\/person\/image\/\",\"url\":\"https:\/\/secure.gravatar.com\/avatar\/049821681b589dabc0bc20695993ccebb09f5b5d4d790cd9251b97faac7c652b?s=96&d=blank&r=g\",\"contentUrl\":\"https:\/\/secure.gravatar.com\/avatar\/049821681b589dabc0bc20695993ccebb09f5b5d4d790cd9251b97faac7c652b?s=96&d=blank&r=g\",\"caption\":\"enequipo\"},\"sameAs\":[\"https:\/\/www.facebook.com\/SonoraEE\"]}]}<\/script>\n ","yoast_head_json":{"title":"Sonora en Equipo. Rusia conf\u00eda en progreso de cita en Nueva York sobre Siria","description":"16122015. MOSC\u00da, RUSIA.\u2014 La vocera de la canciller\u00eda rusa, Mar\u00eda Zajarova, expres\u00f3 hoy esperanza en que la reuni\u00f3n programada para el viernes en Nueva En Sonora en Equipo publicamos toda la informaci\u00f3n de Sonora, M\u00e9xico y el Mundo de manera oportuna y busca que la libertad de expresi\u00f3n sea real. Visita nuestro medio informativo publicado desde Hermosillo, Sonora. %","robots":{"index":"index","follow":"follow","max-snippet":"max-snippet:-1","max-image-preview":"max-image-preview:large","max-video-preview":"max-video-preview:-1"},"canonical":"https:\/\/www.sonoraenequipo.com.mx\/rusia-confia-en-progreso-de-cita-en-nueva-york-sobre-siria\/","og_locale":"es_ES","og_type":"article","og_title":"Sonora en Equipo. Rusia conf\u00eda en progreso de cita en Nueva York sobre Siria","og_description":"16122015. MOSC\u00da, RUSIA.\u2014 La vocera de la canciller\u00eda rusa, Mar\u00eda Zajarova, expres\u00f3 hoy esperanza en que la reuni\u00f3n programada para el viernes en Nueva En Sonora en Equipo publicamos toda la informaci\u00f3n de Sonora, M\u00e9xico y el Mundo de manera oportuna y busca que la libertad de expresi\u00f3n sea real. Visita nuestro medio informativo publicado desde Hermosillo, Sonora. %","og_url":"https:\/\/www.sonoraenequipo.com.mx\/rusia-confia-en-progreso-de-cita-en-nueva-york-sobre-siria\/","og_site_name":"Sonora en Equipo.","article_publisher":"https:\/\/www.facebook.com\/SonoraEE\/","article_author":"https:\/\/www.facebook.com\/SonoraEE","article_published_time":"2015-12-17T04:22:35+00:00","author":"enequipo","twitter_card":"summary_large_image","twitter_creator":"@sonoraenequipo","twitter_site":"@sonoraenequipo","twitter_misc":{"Escrito por":"enequipo","Tiempo de lectura":"2 minutos"},"schema":{"@context":"https:\/\/schema.org","@graph":[{"@type":"Article","@id":"https:\/\/www.sonoraenequipo.com.mx\/rusia-confia-en-progreso-de-cita-en-nueva-york-sobre-siria\/#article","isPartOf":{"@id":"https:\/\/www.sonoraenequipo.com.mx\/rusia-confia-en-progreso-de-cita-en-nueva-york-sobre-siria\/"},"author":{"name":"enequipo","@id":"https:\/\/www.sonoraenequipo.com.mx\/#\/schema\/person\/50102df0fb23a8fa9e8effad8fa81386"},"headline":"Rusia conf\u00eda en progreso de cita en Nueva York sobre Siria","datePublished":"2015-12-17T04:22:35+00:00","mainEntityOfPage":{"@id":"https:\/\/www.sonoraenequipo.com.mx\/rusia-confia-en-progreso-de-cita-en-nueva-york-sobre-siria\/"},"wordCount":454,"commentCount":0,"publisher":{"@id":"https:\/\/www.sonoraenequipo.com.mx\/#organization"},"articleSection":["Sin categorizar"],"inLanguage":"es","potentialAction":[{"@type":"CommentAction","name":"Comment","target":["https:\/\/www.sonoraenequipo.com.mx\/rusia-confia-en-progreso-de-cita-en-nueva-york-sobre-siria\/#respond"]}]},{"@type":"WebPage","@id":"https:\/\/www.sonoraenequipo.com.mx\/rusia-confia-en-progreso-de-cita-en-nueva-york-sobre-siria\/","url":"https:\/\/www.sonoraenequipo.com.mx\/rusia-confia-en-progreso-de-cita-en-nueva-york-sobre-siria\/","name":"Sonora en Equipo. Rusia conf\u00eda en progreso de cita en Nueva York sobre Siria","isPartOf":{"@id":"https:\/\/www.sonoraenequipo.com.mx\/#website"},"datePublished":"2015-12-17T04:22:35+00:00","description":"16122015. MOSC\u00da, RUSIA.\u2014 La vocera de la canciller\u00eda rusa, Mar\u00eda Zajarova, expres\u00f3 hoy esperanza en que la reuni\u00f3n programada para el viernes en Nueva En Sonora en Equipo publicamos toda la informaci\u00f3n de Sonora, M\u00e9xico y el Mundo de manera oportuna y busca que la libertad de expresi\u00f3n sea real. Visita nuestro medio informativo publicado desde Hermosillo, Sonora. %","breadcrumb":{"@id":"https:\/\/www.sonoraenequipo.com.mx\/rusia-confia-en-progreso-de-cita-en-nueva-york-sobre-siria\/#breadcrumb"},"inLanguage":"es","potentialAction":[{"@type":"ReadAction","target":["https:\/\/www.sonoraenequipo.com.mx\/rusia-confia-en-progreso-de-cita-en-nueva-york-sobre-siria\/"]}]},{"@type":"BreadcrumbList","@id":"https:\/\/www.sonoraenequipo.com.mx\/rusia-confia-en-progreso-de-cita-en-nueva-york-sobre-siria\/#breadcrumb","itemListElement":[{"@type":"ListItem","position":1,"name":"Portada","item":"https:\/\/www.sonoraenequipo.com.mx\/"},{"@type":"ListItem","position":2,"name":"Rusia conf\u00eda en progreso de cita en Nueva York sobre Siria"}]},{"@type":"WebSite","@id":"https:\/\/www.sonoraenequipo.com.mx\/#website","url":"https:\/\/www.sonoraenequipo.com.mx\/","name":"Sonora en Equipo.","description":"Diario en l\u00ednea con Noticias desde Hermosillo, Sonora","publisher":{"@id":"https:\/\/www.sonoraenequipo.com.mx\/#organization"},"potentialAction":[{"@type":"SearchAction","target":{"@type":"EntryPoint","urlTemplate":"https:\/\/www.sonoraenequipo.com.mx\/?s={search_term_string}"},"query-input":{"@type":"PropertyValueSpecification","valueRequired":true,"valueName":"search_term_string"}}],"inLanguage":"es"},{"@type":"Organization","@id":"https:\/\/www.sonoraenequipo.com.mx\/#organization","name":"Sonoraenequipo.com.mx","url":"https:\/\/www.sonoraenequipo.com.mx\/","logo":{"@type":"ImageObject","inLanguage":"es","@id":"https:\/\/www.sonoraenequipo.com.mx\/#\/schema\/logo\/image\/","url":"https:\/\/www.sonoraenequipo.com.mx\/storage\/2019\/01\/sonoraenequipo_opt.png","contentUrl":"https:\/\/www.sonoraenequipo.com.mx\/storage\/2019\/01\/sonoraenequipo_opt.png","width":375,"height":125,"caption":"Sonoraenequipo.com.mx"},"image":{"@id":"https:\/\/www.sonoraenequipo.com.mx\/#\/schema\/logo\/image\/"},"sameAs":["https:\/\/www.facebook.com\/SonoraEE\/","https:\/\/x.com\/sonoraenequipo","https:\/\/www.youtube.com\/channel\/UC338nW-lPEYmJQs4ZABQ1SQ"]},{"@type":"Person","@id":"https:\/\/www.sonoraenequipo.com.mx\/#\/schema\/person\/50102df0fb23a8fa9e8effad8fa81386","name":"enequipo","image":{"@type":"ImageObject","inLanguage":"es","@id":"https:\/\/www.sonoraenequipo.com.mx\/#\/schema\/person\/image\/","url":"https:\/\/secure.gravatar.com\/avatar\/049821681b589dabc0bc20695993ccebb09f5b5d4d790cd9251b97faac7c652b?s=96&d=blank&r=g","contentUrl":"https:\/\/secure.gravatar.com\/avatar\/049821681b589dabc0bc20695993ccebb09f5b5d4d790cd9251b97faac7c652b?s=96&d=blank&r=g","caption":"enequipo"},"sameAs":["https:\/\/www.facebook.com\/SonoraEE"]}]}},"jetpack_featured_media_url":"","_links":{"self":[{"href":"https:\/\/www.sonoraenequipo.com.mx\/api\/wp\/v2\/posts\/1525","targetHints":{"allow":["GET"]}}],"collection":[{"href":"https:\/\/www.sonoraenequipo.com.mx\/api\/wp\/v2\/posts"}],"about":[{"href":"https:\/\/www.sonoraenequipo.com.mx\/api\/wp\/v2\/types\/post"}],"author":[{"embeddable":true,"href":"https:\/\/www.sonoraenequipo.com.mx\/api\/wp\/v2\/users\/1"}],"replies":[{"embeddable":true,"href":"https:\/\/www.sonoraenequipo.com.mx\/api\/wp\/v2\/comments?post=1525"}],"version-history":[{"count":0,"href":"https:\/\/www.sonoraenequipo.com.mx\/api\/wp\/v2\/posts\/1525\/revisions"}],"wp:attachment":[{"href":"https:\/\/www.sonoraenequipo.com.mx\/api\/wp\/v2\/media?parent=1525"}],"wp:term":[{"taxonomy":"category","embeddable":true,"href":"https:\/\/www.sonoraenequipo.com.mx\/api\/wp\/v2\/categories?post=1525"},{"taxonomy":"post_tag","embeddable":true,"href":"https:\/\/www.sonoraenequipo.com.mx\/api\/wp\/v2\/tags?post=1525"}],"curies":[{"name":"wp","href":"https:\/\/api.w.org\/{rel}","templated":true}]}}