{"id":1528,"date":"2015-12-16T04:22:52","date_gmt":"2015-12-16T04:22:52","guid":{"rendered":"http:\/\/www.sonoraenequipo.com.mx\/?p=1528"},"modified":"2015-12-17T04:25:08","modified_gmt":"2015-12-17T04:25:08","slug":"este-miercoles-iniciaron-las-vacaciones-para-11-mil-burocratas","status":"publish","type":"post","link":"https:\/\/www.sonoraenequipo.com.mx\/este-miercoles-iniciaron-las-vacaciones-para-11-mil-burocratas\/","title":{"rendered":"Este mi\u00e9rcoles iniciaron las vacaciones para 11 mil bur\u00f3cratas"},"content":{"rendered":"<p>16122015.HERMOSILLO, SONORA.MX.\u2014 A partir de este jueves 17 de diciembre alrededor de 11 mil trabajadores de gobierno se ausentar\u00e1n de las oficinas para gozar del periodo vacacional correspondiente a la \u00e9poca, inform\u00f3 el l\u00edder del Sindicato \u00danico de Trabajadores al Servicio de los Poderes del Estado de Sonora (SUTSPES). <\/p>\n<p>Luis Antonio Castro Ru\u00edz se\u00f1al\u00f3 que todo este personal se reincorporar\u00e1 a sus funciones el d\u00eda lunes 4 de enero, por lo que a partir del 6 tomar\u00e1n sus vacaciones poco m\u00e1s de mil trabajadores que se queden de guardia en dependencias como Registro Civil y Agencias Fiscales, mientras que en el sector salud y seguridad p\u00fablica se mantendr\u00e1n laborando de manera normal, pues ellos disfrutan de sus vacaciones de manera escalonada durante el a\u00f1o.<\/p>\n<p>Con respecto al cierre del a\u00f1o y su relaci\u00f3n con la autoridad Castro Ru\u00edz detall\u00f3 que pese a la dif\u00edcil situaci\u00f3n econ\u00f3mica que prevalece debido al cambio de gobierno, existe una armon\u00eda laboral y sobre todo que se ha cumplido en tiempo y forma con los pagos de aguinaldo, primas vacacionales y bonos lo que compromete a iniciar un a\u00f1o con mucha m\u00e1s entrega por parte del servidor p\u00fablico.<\/p>\n<p>Pendiente esta, dijo, la revisi\u00f3n de un aumento salarial superior al 4.3 porciento que fue autorizado para el 2016.<\/p>\n","protected":false},"excerpt":{"rendered":"<p>16122015.HERMOSILLO, SONORA.MX.\u2014 A partir de este jueves 17 de diciembre alrededor de 11 mil trabajadores&#8230;<\/p>\n","protected":false},"author":1,"featured_media":0,"comment_status":"open","ping_status":"open","sticky":false,"template":"","format":"standard","meta":{"_monsterinsights_skip_tracking":false,"_monsterinsights_sitenote_active":false,"_monsterinsights_sitenote_note":"","_monsterinsights_sitenote_category":0,"footnotes":""},"categories":[13,4],"tags":[],"class_list":["post"],"yoast_head":" \n<title>Sonora en Equipo. Este mi\u00e9rcoles iniciaron las vacaciones para 11 mil bur\u00f3cratas<\/title>\n<meta name=\"description\" content=\"16122015.HERMOSILLO, SONORA.MX.\u2014 A partir de este jueves 17 de diciembre alrededor de 11 mil trabajadores de gobierno se ausentar\u00e1n de las oficinas para En Sonora en Equipo publicamos toda la informaci\u00f3n de Sonora, M\u00e9xico y el Mundo de manera oportuna y busca que la libertad de expresi\u00f3n sea real. Visita nuestro medio informativo publicado desde Hermosillo, Sonora. %\" \/>\n<meta name=\"robots\" content=\"index, follow, max-snippet:-1, max-image-preview:large, max-video-preview:-1\" \/>\n<link rel=\"canonical\" href=\"https:\/\/www.sonoraenequipo.com.mx\/este-miercoles-iniciaron-las-vacaciones-para-11-mil-burocratas\/\" \/>\n<meta property=\"og:locale\" content=\"es_ES\" \/>\n<meta property=\"og:type\" content=\"article\" \/>\n<meta property=\"og:title\" content=\"Sonora en Equipo. Este mi\u00e9rcoles iniciaron las vacaciones para 11 mil bur\u00f3cratas\" \/>\n<meta property=\"og:description\" content=\"16122015.HERMOSILLO, SONORA.MX.\u2014 A partir de este jueves 17 de diciembre alrededor de 11 mil trabajadores de gobierno se ausentar\u00e1n de las oficinas para En Sonora en Equipo publicamos toda la informaci\u00f3n de Sonora, M\u00e9xico y el Mundo de manera oportuna y busca que la libertad de expresi\u00f3n sea real. Visita nuestro medio informativo publicado desde Hermosillo, Sonora. %\" \/>\n<meta property=\"og:url\" content=\"https:\/\/www.sonoraenequipo.com.mx\/este-miercoles-iniciaron-las-vacaciones-para-11-mil-burocratas\/\" \/>\n<meta property=\"og:site_name\" content=\"Sonora en Equipo.\" \/>\n<meta property=\"article:publisher\" content=\"https:\/\/www.facebook.com\/SonoraEE\/\" \/>\n<meta property=\"article:author\" content=\"https:\/\/www.facebook.com\/SonoraEE\" \/>\n<meta property=\"article:published_time\" content=\"2015-12-16T04:22:52+00:00\" \/>\n<meta property=\"article:modified_time\" content=\"2015-12-17T04:25:08+00:00\" \/>\n<meta name=\"author\" content=\"enequipo\" \/>\n<meta name=\"twitter:card\" content=\"summary_large_image\" \/>\n<meta name=\"twitter:creator\" content=\"@sonoraenequipo\" \/>\n<meta name=\"twitter:site\" content=\"@sonoraenequipo\" \/>\n<meta name=\"twitter:label1\" content=\"Escrito por\" \/>\n\t<meta name=\"twitter:data1\" content=\"enequipo\" \/>\n\t<meta name=\"twitter:label2\" content=\"Tiempo de lectura\" \/>\n\t<meta name=\"twitter:data2\" content=\"1 minuto\" \/>\n<script type=\"application\/ld+json\" class=\"yoast-schema-graph\">{\"@context\":\"https:\/\/schema.org\",\"@graph\":[{\"@type\":\"Article\",\"@id\":\"https:\/\/www.sonoraenequipo.com.mx\/este-miercoles-iniciaron-las-vacaciones-para-11-mil-burocratas\/#article\",\"isPartOf\":{\"@id\":\"https:\/\/www.sonoraenequipo.com.mx\/este-miercoles-iniciaron-las-vacaciones-para-11-mil-burocratas\/\"},\"author\":{\"name\":\"enequipo\",\"@id\":\"https:\/\/www.sonoraenequipo.com.mx\/#\/schema\/person\/50102df0fb23a8fa9e8effad8fa81386\"},\"headline\":\"Este mi\u00e9rcoles iniciaron las vacaciones para 11 mil bur\u00f3cratas\",\"datePublished\":\"2015-12-16T04:22:52+00:00\",\"dateModified\":\"2015-12-17T04:25:08+00:00\",\"mainEntityOfPage\":{\"@id\":\"https:\/\/www.sonoraenequipo.com.mx\/este-miercoles-iniciaron-las-vacaciones-para-11-mil-burocratas\/\"},\"wordCount\":238,\"commentCount\":0,\"publisher\":{\"@id\":\"https:\/\/www.sonoraenequipo.com.mx\/#organization\"},\"articleSection\":[\"Destacadas\",\"Municipios\"],\"inLanguage\":\"es\",\"potentialAction\":[{\"@type\":\"CommentAction\",\"name\":\"Comment\",\"target\":[\"https:\/\/www.sonoraenequipo.com.mx\/este-miercoles-iniciaron-las-vacaciones-para-11-mil-burocratas\/#respond\"]}]},{\"@type\":\"WebPage\",\"@id\":\"https:\/\/www.sonoraenequipo.com.mx\/este-miercoles-iniciaron-las-vacaciones-para-11-mil-burocratas\/\",\"url\":\"https:\/\/www.sonoraenequipo.com.mx\/este-miercoles-iniciaron-las-vacaciones-para-11-mil-burocratas\/\",\"name\":\"Sonora en Equipo. Este mi\u00e9rcoles iniciaron las vacaciones para 11 mil bur\u00f3cratas\",\"isPartOf\":{\"@id\":\"https:\/\/www.sonoraenequipo.com.mx\/#website\"},\"datePublished\":\"2015-12-16T04:22:52+00:00\",\"dateModified\":\"2015-12-17T04:25:08+00:00\",\"description\":\"16122015.HERMOSILLO, SONORA.MX.\u2014 A partir de este jueves 17 de diciembre alrededor de 11 mil trabajadores de gobierno se ausentar\u00e1n de las oficinas para En Sonora en Equipo publicamos toda la informaci\u00f3n de Sonora, M\u00e9xico y el Mundo de manera oportuna y busca que la libertad de expresi\u00f3n sea real. Visita nuestro medio informativo publicado desde Hermosillo, Sonora. %\",\"breadcrumb\":{\"@id\":\"https:\/\/www.sonoraenequipo.com.mx\/este-miercoles-iniciaron-las-vacaciones-para-11-mil-burocratas\/#breadcrumb\"},\"inLanguage\":\"es\",\"potentialAction\":[{\"@type\":\"ReadAction\",\"target\":[\"https:\/\/www.sonoraenequipo.com.mx\/este-miercoles-iniciaron-las-vacaciones-para-11-mil-burocratas\/\"]}]},{\"@type\":\"BreadcrumbList\",\"@id\":\"https:\/\/www.sonoraenequipo.com.mx\/este-miercoles-iniciaron-las-vacaciones-para-11-mil-burocratas\/#breadcrumb\",\"itemListElement\":[{\"@type\":\"ListItem\",\"position\":1,\"name\":\"Portada\",\"item\":\"https:\/\/www.sonoraenequipo.com.mx\/\"},{\"@type\":\"ListItem\",\"position\":2,\"name\":\"Este mi\u00e9rcoles iniciaron las vacaciones para 11 mil bur\u00f3cratas\"}]},{\"@type\":\"WebSite\",\"@id\":\"https:\/\/www.sonoraenequipo.com.mx\/#website\",\"url\":\"https:\/\/www.sonoraenequipo.com.mx\/\",\"name\":\"Sonora en Equipo.\",\"description\":\"Diario en l\u00ednea con Noticias desde Hermosillo, Sonora\",\"publisher\":{\"@id\":\"https:\/\/www.sonoraenequipo.com.mx\/#organization\"},\"potentialAction\":[{\"@type\":\"SearchAction\",\"target\":{\"@type\":\"EntryPoint\",\"urlTemplate\":\"https:\/\/www.sonoraenequipo.com.mx\/?s={search_term_string}\"},\"query-input\":{\"@type\":\"PropertyValueSpecification\",\"valueRequired\":true,\"valueName\":\"search_term_string\"}}],\"inLanguage\":\"es\"},{\"@type\":\"Organization\",\"@id\":\"https:\/\/www.sonoraenequipo.com.mx\/#organization\",\"name\":\"Sonoraenequipo.com.mx\",\"url\":\"https:\/\/www.sonoraenequipo.com.mx\/\",\"logo\":{\"@type\":\"ImageObject\",\"inLanguage\":\"es\",\"@id\":\"https:\/\/www.sonoraenequipo.com.mx\/#\/schema\/logo\/image\/\",\"url\":\"https:\/\/www.sonoraenequipo.com.mx\/storage\/2019\/01\/sonoraenequipo_opt.png\",\"contentUrl\":\"https:\/\/www.sonoraenequipo.com.mx\/storage\/2019\/01\/sonoraenequipo_opt.png\",\"width\":375,\"height\":125,\"caption\":\"Sonoraenequipo.com.mx\"},\"image\":{\"@id\":\"https:\/\/www.sonoraenequipo.com.mx\/#\/schema\/logo\/image\/\"},\"sameAs\":[\"https:\/\/www.facebook.com\/SonoraEE\/\",\"https:\/\/x.com\/sonoraenequipo\",\"https:\/\/www.youtube.com\/channel\/UC338nW-lPEYmJQs4ZABQ1SQ\"]},{\"@type\":\"Person\",\"@id\":\"https:\/\/www.sonoraenequipo.com.mx\/#\/schema\/person\/50102df0fb23a8fa9e8effad8fa81386\",\"name\":\"enequipo\",\"image\":{\"@type\":\"ImageObject\",\"inLanguage\":\"es\",\"@id\":\"https:\/\/www.sonoraenequipo.com.mx\/#\/schema\/person\/image\/\",\"url\":\"https:\/\/secure.gravatar.com\/avatar\/049821681b589dabc0bc20695993ccebb09f5b5d4d790cd9251b97faac7c652b?s=96&d=blank&r=g\",\"contentUrl\":\"https:\/\/secure.gravatar.com\/avatar\/049821681b589dabc0bc20695993ccebb09f5b5d4d790cd9251b97faac7c652b?s=96&d=blank&r=g\",\"caption\":\"enequipo\"},\"sameAs\":[\"https:\/\/www.facebook.com\/SonoraEE\"]}]}<\/script>\n ","yoast_head_json":{"title":"Sonora en Equipo. Este mi\u00e9rcoles iniciaron las vacaciones para 11 mil bur\u00f3cratas","description":"16122015.HERMOSILLO, SONORA.MX.\u2014 A partir de este jueves 17 de diciembre alrededor de 11 mil trabajadores de gobierno se ausentar\u00e1n de las oficinas para En Sonora en Equipo publicamos toda la informaci\u00f3n de Sonora, M\u00e9xico y el Mundo de manera oportuna y busca que la libertad de expresi\u00f3n sea real. Visita nuestro medio informativo publicado desde Hermosillo, Sonora. %","robots":{"index":"index","follow":"follow","max-snippet":"max-snippet:-1","max-image-preview":"max-image-preview:large","max-video-preview":"max-video-preview:-1"},"canonical":"https:\/\/www.sonoraenequipo.com.mx\/este-miercoles-iniciaron-las-vacaciones-para-11-mil-burocratas\/","og_locale":"es_ES","og_type":"article","og_title":"Sonora en Equipo. Este mi\u00e9rcoles iniciaron las vacaciones para 11 mil bur\u00f3cratas","og_description":"16122015.HERMOSILLO, SONORA.MX.\u2014 A partir de este jueves 17 de diciembre alrededor de 11 mil trabajadores de gobierno se ausentar\u00e1n de las oficinas para En Sonora en Equipo publicamos toda la informaci\u00f3n de Sonora, M\u00e9xico y el Mundo de manera oportuna y busca que la libertad de expresi\u00f3n sea real. Visita nuestro medio informativo publicado desde Hermosillo, Sonora. %","og_url":"https:\/\/www.sonoraenequipo.com.mx\/este-miercoles-iniciaron-las-vacaciones-para-11-mil-burocratas\/","og_site_name":"Sonora en Equipo.","article_publisher":"https:\/\/www.facebook.com\/SonoraEE\/","article_author":"https:\/\/www.facebook.com\/SonoraEE","article_published_time":"2015-12-16T04:22:52+00:00","article_modified_time":"2015-12-17T04:25:08+00:00","author":"enequipo","twitter_card":"summary_large_image","twitter_creator":"@sonoraenequipo","twitter_site":"@sonoraenequipo","twitter_misc":{"Escrito por":"enequipo","Tiempo de lectura":"1 minuto"},"schema":{"@context":"https:\/\/schema.org","@graph":[{"@type":"Article","@id":"https:\/\/www.sonoraenequipo.com.mx\/este-miercoles-iniciaron-las-vacaciones-para-11-mil-burocratas\/#article","isPartOf":{"@id":"https:\/\/www.sonoraenequipo.com.mx\/este-miercoles-iniciaron-las-vacaciones-para-11-mil-burocratas\/"},"author":{"name":"enequipo","@id":"https:\/\/www.sonoraenequipo.com.mx\/#\/schema\/person\/50102df0fb23a8fa9e8effad8fa81386"},"headline":"Este mi\u00e9rcoles iniciaron las vacaciones para 11 mil bur\u00f3cratas","datePublished":"2015-12-16T04:22:52+00:00","dateModified":"2015-12-17T04:25:08+00:00","mainEntityOfPage":{"@id":"https:\/\/www.sonoraenequipo.com.mx\/este-miercoles-iniciaron-las-vacaciones-para-11-mil-burocratas\/"},"wordCount":238,"commentCount":0,"publisher":{"@id":"https:\/\/www.sonoraenequipo.com.mx\/#organization"},"articleSection":["Destacadas","Municipios"],"inLanguage":"es","potentialAction":[{"@type":"CommentAction","name":"Comment","target":["https:\/\/www.sonoraenequipo.com.mx\/este-miercoles-iniciaron-las-vacaciones-para-11-mil-burocratas\/#respond"]}]},{"@type":"WebPage","@id":"https:\/\/www.sonoraenequipo.com.mx\/este-miercoles-iniciaron-las-vacaciones-para-11-mil-burocratas\/","url":"https:\/\/www.sonoraenequipo.com.mx\/este-miercoles-iniciaron-las-vacaciones-para-11-mil-burocratas\/","name":"Sonora en Equipo. Este mi\u00e9rcoles iniciaron las vacaciones para 11 mil bur\u00f3cratas","isPartOf":{"@id":"https:\/\/www.sonoraenequipo.com.mx\/#website"},"datePublished":"2015-12-16T04:22:52+00:00","dateModified":"2015-12-17T04:25:08+00:00","description":"16122015.HERMOSILLO, SONORA.MX.\u2014 A partir de este jueves 17 de diciembre alrededor de 11 mil trabajadores de gobierno se ausentar\u00e1n de las oficinas para En Sonora en Equipo publicamos toda la informaci\u00f3n de Sonora, M\u00e9xico y el Mundo de manera oportuna y busca que la libertad de expresi\u00f3n sea real. Visita nuestro medio informativo publicado desde Hermosillo, Sonora. %","breadcrumb":{"@id":"https:\/\/www.sonoraenequipo.com.mx\/este-miercoles-iniciaron-las-vacaciones-para-11-mil-burocratas\/#breadcrumb"},"inLanguage":"es","potentialAction":[{"@type":"ReadAction","target":["https:\/\/www.sonoraenequipo.com.mx\/este-miercoles-iniciaron-las-vacaciones-para-11-mil-burocratas\/"]}]},{"@type":"BreadcrumbList","@id":"https:\/\/www.sonoraenequipo.com.mx\/este-miercoles-iniciaron-las-vacaciones-para-11-mil-burocratas\/#breadcrumb","itemListElement":[{"@type":"ListItem","position":1,"name":"Portada","item":"https:\/\/www.sonoraenequipo.com.mx\/"},{"@type":"ListItem","position":2,"name":"Este mi\u00e9rcoles iniciaron las vacaciones para 11 mil bur\u00f3cratas"}]},{"@type":"WebSite","@id":"https:\/\/www.sonoraenequipo.com.mx\/#website","url":"https:\/\/www.sonoraenequipo.com.mx\/","name":"Sonora en Equipo.","description":"Diario en l\u00ednea con Noticias desde Hermosillo, Sonora","publisher":{"@id":"https:\/\/www.sonoraenequipo.com.mx\/#organization"},"potentialAction":[{"@type":"SearchAction","target":{"@type":"EntryPoint","urlTemplate":"https:\/\/www.sonoraenequipo.com.mx\/?s={search_term_string}"},"query-input":{"@type":"PropertyValueSpecification","valueRequired":true,"valueName":"search_term_string"}}],"inLanguage":"es"},{"@type":"Organization","@id":"https:\/\/www.sonoraenequipo.com.mx\/#organization","name":"Sonoraenequipo.com.mx","url":"https:\/\/www.sonoraenequipo.com.mx\/","logo":{"@type":"ImageObject","inLanguage":"es","@id":"https:\/\/www.sonoraenequipo.com.mx\/#\/schema\/logo\/image\/","url":"https:\/\/www.sonoraenequipo.com.mx\/storage\/2019\/01\/sonoraenequipo_opt.png","contentUrl":"https:\/\/www.sonoraenequipo.com.mx\/storage\/2019\/01\/sonoraenequipo_opt.png","width":375,"height":125,"caption":"Sonoraenequipo.com.mx"},"image":{"@id":"https:\/\/www.sonoraenequipo.com.mx\/#\/schema\/logo\/image\/"},"sameAs":["https:\/\/www.facebook.com\/SonoraEE\/","https:\/\/x.com\/sonoraenequipo","https:\/\/www.youtube.com\/channel\/UC338nW-lPEYmJQs4ZABQ1SQ"]},{"@type":"Person","@id":"https:\/\/www.sonoraenequipo.com.mx\/#\/schema\/person\/50102df0fb23a8fa9e8effad8fa81386","name":"enequipo","image":{"@type":"ImageObject","inLanguage":"es","@id":"https:\/\/www.sonoraenequipo.com.mx\/#\/schema\/person\/image\/","url":"https:\/\/secure.gravatar.com\/avatar\/049821681b589dabc0bc20695993ccebb09f5b5d4d790cd9251b97faac7c652b?s=96&d=blank&r=g","contentUrl":"https:\/\/secure.gravatar.com\/avatar\/049821681b589dabc0bc20695993ccebb09f5b5d4d790cd9251b97faac7c652b?s=96&d=blank&r=g","caption":"enequipo"},"sameAs":["https:\/\/www.facebook.com\/SonoraEE"]}]}},"jetpack_featured_media_url":"","_links":{"self":[{"href":"https:\/\/www.sonoraenequipo.com.mx\/api\/wp\/v2\/posts\/1528","targetHints":{"allow":["GET"]}}],"collection":[{"href":"https:\/\/www.sonoraenequipo.com.mx\/api\/wp\/v2\/posts"}],"about":[{"href":"https:\/\/www.sonoraenequipo.com.mx\/api\/wp\/v2\/types\/post"}],"author":[{"embeddable":true,"href":"https:\/\/www.sonoraenequipo.com.mx\/api\/wp\/v2\/users\/1"}],"replies":[{"embeddable":true,"href":"https:\/\/www.sonoraenequipo.com.mx\/api\/wp\/v2\/comments?post=1528"}],"version-history":[{"count":0,"href":"https:\/\/www.sonoraenequipo.com.mx\/api\/wp\/v2\/posts\/1528\/revisions"}],"wp:attachment":[{"href":"https:\/\/www.sonoraenequipo.com.mx\/api\/wp\/v2\/media?parent=1528"}],"wp:term":[{"taxonomy":"category","embeddable":true,"href":"https:\/\/www.sonoraenequipo.com.mx\/api\/wp\/v2\/categories?post=1528"},{"taxonomy":"post_tag","embeddable":true,"href":"https:\/\/www.sonoraenequipo.com.mx\/api\/wp\/v2\/tags?post=1528"}],"curies":[{"name":"wp","href":"https:\/\/api.w.org\/{rel}","templated":true}]}}