{"id":152869,"date":"2022-11-23T11:42:15","date_gmt":"2022-11-23T18:42:15","guid":{"rendered":"https:\/\/www.sonoraenequipo.com.mx\/?p=152869"},"modified":"2022-11-23T11:42:15","modified_gmt":"2022-11-23T18:42:15","slug":"acuerda-pleno-del-congreso-habilitar-lugares-distintos-para-sesionar","status":"publish","type":"post","link":"https:\/\/www.sonoraenequipo.com.mx\/acuerda-pleno-del-congreso-habilitar-lugares-distintos-para-sesionar\/","title":{"rendered":"Acuerda Pleno del Congreso habilitar lugares distintos para sesionar"},"content":{"rendered":"<p><strong>HERMOSILLO, SONORA,MX.<\/strong><strong>\u2500\u2500<\/strong> El Congreso del Estado acord\u00f3 anoche habilitar lugares distintos a la sede del Poder Legislativo para celebrar sesiones ordinarias, adem\u00e1s design\u00f3 una comisi\u00f3n especial que atender\u00e1 las demandas que plantean un grupo de ciudadanas que se encuentran apostadas en las inmediaciones del recinto legislativo.<\/p>\n<p>&nbsp;<\/p>\n<p>&nbsp;<\/p>\n<p>&nbsp;<\/p>\n<p>En\u00a0 sesi\u00f3n ordinaria que inici\u00f3 pasadas las 21:30 horas del martes 22, el Pleno aprob\u00f3 un orden del d\u00eda alternativo al publicado en la Gaceta Parlamentaria, con un punto que se fundamenta en el Art\u00edculo 21 de la Ley Org\u00e1nica del Poder Legislativo, mediante el cual la Presidencia de la mesa directiva, en acuerdo con la Comisi\u00f3n de R\u00e9gimen Interno y Concertaci\u00f3n Pol\u00edtica, propuso realizar las ordinarias en lugares distintos al sal\u00f3n de sesiones.<\/p>\n<p>&nbsp;<\/p>\n<p>&nbsp;<\/p>\n<p>&nbsp;<\/p>\n<p>Del Acuerdo, al que dio lectura el diputado Ernesto Roger Munro Junior, destaca que la Ley Org\u00e1nica del Poder Legislativo establece en su Art\u00edculo 8, p\u00e1rrafos primero y segundo, que \u201cla residencia del Congreso del Estado se signa en su capital, con excepci\u00f3n de los casos que, por circunstancias especiales, graves o extraordinarias, resuelva trasladarse provisionalmente a otro lugar de la entidad\u201d.<\/p>\n<p>&nbsp;<\/p>\n<p>&nbsp;<\/p>\n<p>&nbsp;<\/p>\n<p>Agrega que, la Legislatura sesionar\u00e1 en su lugar habitual o en el que, por acuerdo del Pleno del Congreso o de la Diputaci\u00f3n Permanente, se habilite transitoriamente, d\u00e1ndose a conocer de manera p\u00fablica tal determinaci\u00f3n, debiendo desahogarse solo los asuntos concretos previstos en el Decreto o Acuerdo correspondiente, hecho lo cual, el Poder Legislativo regresar\u00e1 a su recinto oficial.<\/p>\n<p>&nbsp;<\/p>\n<p>&nbsp;<\/p>\n<p>&nbsp;<\/p>\n<p>Con base en lo anterior se aprob\u00f3 facultar a la CRICP para que, en acuerdo con la Presidencia del Congreso del Estado, determinen habilitar, en caso de ser necesario, un recinto distinto al habitual, as\u00ed como sesionar de manera virtual, en t\u00e9rminos del Art\u00edculo 8 de la Ley Org\u00e1nica del Poder Legislativo.<\/p>\n<p>&nbsp;<\/p>\n<p>&nbsp;<\/p>\n<p>&nbsp;<\/p>\n<p>El asunto fue considerado de urgente y obvia resoluci\u00f3n, previa participaci\u00f3n de la diputada Rosa Elena Trujillo Llanes, quien propuso se eliminara lo relativo a sesionar de manera virtual, por considerar que el referido Art\u00edculo 8 es claro al se\u00f1alar que lo anterior ocurrir\u00eda solo en caso de una declaratoria de emergencia que haya sido decretada por autoridad federal o estatal, y aqu\u00ed no es el caso, sostuvo.<\/p>\n<p>&nbsp;<\/p>\n<p>&nbsp;<\/p>\n<p>&nbsp;<\/p>\n<p>Agreg\u00f3 que ser\u00eda tomar facultades intra legislativas que no est\u00e1n presentes en el Art\u00edculo 8, postura que fue apoyada por la diputada Natalia Rivera Grijalva, quien advirti\u00f3 que la aprobaci\u00f3n del Acuerdo original, sin realizar el cambio propuesto, ocasionar\u00e1 que acudan a tribunales porque se trata de algo que tiene que ver con la gobernabilidad del Congreso y en ese sentido ser\u00e1 la postura del grupo parlamentario de Movimiento Ciudadano.<\/p>\n<p>&nbsp;<\/p>\n<p>&nbsp;<\/p>\n<p>&nbsp;<\/p>\n<p>En esta sesi\u00f3n ordinaria se aprob\u00f3 por mayor\u00eda que una comisi\u00f3n especial que integrar\u00e1n las presidentas de las comisiones de Hacienda, de Educaci\u00f3n y Cultura, y de los Derechos de Ni\u00f1as, Ni\u00f1os y Adolescentes, diputadas Ivana Celeste Taddei Arriola, Beatriz Cota Ponce y Karina Teresita Z\u00e1rate F\u00e9lix, respectivamente, se aboque a atender las peticiones del grupo de ciudadanas que se encuentran apostadas en las inmediaciones de la sede del Poder Legislativo.<\/p>\n<p>&nbsp;<\/p>\n<p>&nbsp;<\/p>\n<p>&nbsp;<\/p>\n<p>La pr\u00f3xima sesi\u00f3n ordinaria del Pleno se cit\u00f3 para este jueves 24 de noviembre, a las 11:00 horas, en atenci\u00f3n a los acuerdos aprobados en la plenaria la noche del martes 22.<\/p>\n<p><strong><u>Fecha de publicaci\u00f3n\u00a0 mi\u00e9rcoles 23 \u00a0de noviembre de 2022<\/u><\/strong><\/p>\n","protected":false},"excerpt":{"rendered":"<p>HERMOSILLO, SONORA,MX.\u2500\u2500 El Congreso del Estado acord\u00f3 anoche habilitar lugares distintos a la sede del&#8230;<\/p>\n","protected":false},"author":1,"featured_media":138389,"comment_status":"open","ping_status":"open","sticky":false,"template":"","format":"standard","meta":{"_monsterinsights_skip_tracking":false,"_monsterinsights_sitenote_active":false,"_monsterinsights_sitenote_note":"","_monsterinsights_sitenote_category":0,"footnotes":""},"categories":[3281],"tags":[1248,7865,15],"class_list":["post"],"yoast_head":" \n<title>Sonora en Equipo. Acuerda Pleno del Congreso habilitar lugares distintos para sesionar Congreso<\/title>\n<meta name=\"description\" content=\"HERMOSILLO, SONORA,MX.\u2500\u2500 El Congreso del Estado acord\u00f3 anoche habilitar lugares distintos a la sede del Poder Legislativo para celebrar sesiones En Sonora en Equipo publicamos toda la informaci\u00f3n de Sonora, M\u00e9xico y el Mundo de manera oportuna y busca que la libertad de expresi\u00f3n sea real. Visita nuestro medio informativo publicado desde Hermosillo, Sonora. %\" \/>\n<meta name=\"robots\" content=\"index, follow, max-snippet:-1, max-image-preview:large, max-video-preview:-1\" \/>\n<link rel=\"canonical\" href=\"https:\/\/www.sonoraenequipo.com.mx\/acuerda-pleno-del-congreso-habilitar-lugares-distintos-para-sesionar\/\" \/>\n<meta property=\"og:locale\" content=\"es_ES\" \/>\n<meta property=\"og:type\" content=\"article\" \/>\n<meta property=\"og:title\" content=\"Sonora en Equipo. Acuerda Pleno del Congreso habilitar lugares distintos para sesionar Congreso\" \/>\n<meta property=\"og:description\" content=\"HERMOSILLO, SONORA,MX.\u2500\u2500 El Congreso del Estado acord\u00f3 anoche habilitar lugares distintos a la sede del Poder Legislativo para celebrar sesiones En Sonora en Equipo publicamos toda la informaci\u00f3n de Sonora, M\u00e9xico y el Mundo de manera oportuna y busca que la libertad de expresi\u00f3n sea real. Visita nuestro medio informativo publicado desde Hermosillo, Sonora. %\" \/>\n<meta property=\"og:url\" content=\"https:\/\/www.sonoraenequipo.com.mx\/acuerda-pleno-del-congreso-habilitar-lugares-distintos-para-sesionar\/\" \/>\n<meta property=\"og:site_name\" content=\"Sonora en Equipo.\" \/>\n<meta property=\"article:publisher\" content=\"https:\/\/www.facebook.com\/SonoraEE\/\" \/>\n<meta property=\"article:author\" content=\"https:\/\/www.facebook.com\/SonoraEE\" \/>\n<meta property=\"article:published_time\" content=\"2022-11-23T18:42:15+00:00\" \/>\n<meta property=\"og:image\" content=\"https:\/\/www.sonoraenequipo.com.mx\/storage\/2022\/05\/congreso-edificio.jpg\" \/>\n\t<meta property=\"og:image:width\" content=\"700\" \/>\n\t<meta property=\"og:image:height\" content=\"400\" \/>\n\t<meta property=\"og:image:type\" content=\"image\/jpeg\" \/>\n<meta name=\"author\" content=\"enequipo\" \/>\n<meta name=\"twitter:card\" content=\"summary_large_image\" \/>\n<meta name=\"twitter:creator\" content=\"@sonoraenequipo\" \/>\n<meta name=\"twitter:site\" content=\"@sonoraenequipo\" \/>\n<meta name=\"twitter:label1\" content=\"Escrito por\" \/>\n\t<meta name=\"twitter:data1\" content=\"enequipo\" \/>\n\t<meta name=\"twitter:label2\" content=\"Tiempo de lectura\" \/>\n\t<meta name=\"twitter:data2\" content=\"3 minutos\" \/>\n<script type=\"application\/ld+json\" class=\"yoast-schema-graph\">{\"@context\":\"https:\/\/schema.org\",\"@graph\":[{\"@type\":\"Article\",\"@id\":\"https:\/\/www.sonoraenequipo.com.mx\/acuerda-pleno-del-congreso-habilitar-lugares-distintos-para-sesionar\/#article\",\"isPartOf\":{\"@id\":\"https:\/\/www.sonoraenequipo.com.mx\/acuerda-pleno-del-congreso-habilitar-lugares-distintos-para-sesionar\/\"},\"author\":{\"name\":\"enequipo\",\"@id\":\"https:\/\/www.sonoraenequipo.com.mx\/#\/schema\/person\/50102df0fb23a8fa9e8effad8fa81386\"},\"headline\":\"Acuerda Pleno del Congreso habilitar lugares distintos para sesionar\",\"datePublished\":\"2022-11-23T18:42:15+00:00\",\"mainEntityOfPage\":{\"@id\":\"https:\/\/www.sonoraenequipo.com.mx\/acuerda-pleno-del-congreso-habilitar-lugares-distintos-para-sesionar\/\"},\"wordCount\":610,\"commentCount\":0,\"publisher\":{\"@id\":\"https:\/\/www.sonoraenequipo.com.mx\/#organization\"},\"image\":{\"@id\":\"https:\/\/www.sonoraenequipo.com.mx\/acuerda-pleno-del-congreso-habilitar-lugares-distintos-para-sesionar\/#primaryimage\"},\"thumbnailUrl\":\"https:\/\/www.sonoraenequipo.com.mx\/storage\/2022\/05\/congreso-edificio.jpg\",\"keywords\":[\"CONGRESO\",\"lugares para sesionar\",\"Sonora\"],\"articleSection\":[\"Congreso\"],\"inLanguage\":\"es\",\"potentialAction\":[{\"@type\":\"CommentAction\",\"name\":\"Comment\",\"target\":[\"https:\/\/www.sonoraenequipo.com.mx\/acuerda-pleno-del-congreso-habilitar-lugares-distintos-para-sesionar\/#respond\"]}]},{\"@type\":\"WebPage\",\"@id\":\"https:\/\/www.sonoraenequipo.com.mx\/acuerda-pleno-del-congreso-habilitar-lugares-distintos-para-sesionar\/\",\"url\":\"https:\/\/www.sonoraenequipo.com.mx\/acuerda-pleno-del-congreso-habilitar-lugares-distintos-para-sesionar\/\",\"name\":\"Sonora en Equipo. Acuerda Pleno del Congreso habilitar lugares distintos para sesionar Congreso\",\"isPartOf\":{\"@id\":\"https:\/\/www.sonoraenequipo.com.mx\/#website\"},\"primaryImageOfPage\":{\"@id\":\"https:\/\/www.sonoraenequipo.com.mx\/acuerda-pleno-del-congreso-habilitar-lugares-distintos-para-sesionar\/#primaryimage\"},\"image\":{\"@id\":\"https:\/\/www.sonoraenequipo.com.mx\/acuerda-pleno-del-congreso-habilitar-lugares-distintos-para-sesionar\/#primaryimage\"},\"thumbnailUrl\":\"https:\/\/www.sonoraenequipo.com.mx\/storage\/2022\/05\/congreso-edificio.jpg\",\"datePublished\":\"2022-11-23T18:42:15+00:00\",\"description\":\"HERMOSILLO, SONORA,MX.\u2500\u2500 El Congreso del Estado acord\u00f3 anoche habilitar lugares distintos a la sede del Poder Legislativo para celebrar sesiones En Sonora en Equipo publicamos toda la informaci\u00f3n de Sonora, M\u00e9xico y el Mundo de manera oportuna y busca que la libertad de expresi\u00f3n sea real. Visita nuestro medio informativo publicado desde Hermosillo, Sonora. %\",\"breadcrumb\":{\"@id\":\"https:\/\/www.sonoraenequipo.com.mx\/acuerda-pleno-del-congreso-habilitar-lugares-distintos-para-sesionar\/#breadcrumb\"},\"inLanguage\":\"es\",\"potentialAction\":[{\"@type\":\"ReadAction\",\"target\":[\"https:\/\/www.sonoraenequipo.com.mx\/acuerda-pleno-del-congreso-habilitar-lugares-distintos-para-sesionar\/\"]}]},{\"@type\":\"ImageObject\",\"inLanguage\":\"es\",\"@id\":\"https:\/\/www.sonoraenequipo.com.mx\/acuerda-pleno-del-congreso-habilitar-lugares-distintos-para-sesionar\/#primaryimage\",\"url\":\"https:\/\/www.sonoraenequipo.com.mx\/storage\/2022\/05\/congreso-edificio.jpg\",\"contentUrl\":\"https:\/\/www.sonoraenequipo.com.mx\/storage\/2022\/05\/congreso-edificio.jpg\",\"width\":700,\"height\":400},{\"@type\":\"BreadcrumbList\",\"@id\":\"https:\/\/www.sonoraenequipo.com.mx\/acuerda-pleno-del-congreso-habilitar-lugares-distintos-para-sesionar\/#breadcrumb\",\"itemListElement\":[{\"@type\":\"ListItem\",\"position\":1,\"name\":\"Portada\",\"item\":\"https:\/\/www.sonoraenequipo.com.mx\/\"},{\"@type\":\"ListItem\",\"position\":2,\"name\":\"Acuerda Pleno del Congreso habilitar lugares distintos para sesionar\"}]},{\"@type\":\"WebSite\",\"@id\":\"https:\/\/www.sonoraenequipo.com.mx\/#website\",\"url\":\"https:\/\/www.sonoraenequipo.com.mx\/\",\"name\":\"Sonora en Equipo.\",\"description\":\"Diario en l\u00ednea con Noticias desde Hermosillo, Sonora\",\"publisher\":{\"@id\":\"https:\/\/www.sonoraenequipo.com.mx\/#organization\"},\"potentialAction\":[{\"@type\":\"SearchAction\",\"target\":{\"@type\":\"EntryPoint\",\"urlTemplate\":\"https:\/\/www.sonoraenequipo.com.mx\/?s={search_term_string}\"},\"query-input\":{\"@type\":\"PropertyValueSpecification\",\"valueRequired\":true,\"valueName\":\"search_term_string\"}}],\"inLanguage\":\"es\"},{\"@type\":\"Organization\",\"@id\":\"https:\/\/www.sonoraenequipo.com.mx\/#organization\",\"name\":\"Sonoraenequipo.com.mx\",\"url\":\"https:\/\/www.sonoraenequipo.com.mx\/\",\"logo\":{\"@type\":\"ImageObject\",\"inLanguage\":\"es\",\"@id\":\"https:\/\/www.sonoraenequipo.com.mx\/#\/schema\/logo\/image\/\",\"url\":\"https:\/\/www.sonoraenequipo.com.mx\/storage\/2019\/01\/sonoraenequipo_opt.png\",\"contentUrl\":\"https:\/\/www.sonoraenequipo.com.mx\/storage\/2019\/01\/sonoraenequipo_opt.png\",\"width\":375,\"height\":125,\"caption\":\"Sonoraenequipo.com.mx\"},\"image\":{\"@id\":\"https:\/\/www.sonoraenequipo.com.mx\/#\/schema\/logo\/image\/\"},\"sameAs\":[\"https:\/\/www.facebook.com\/SonoraEE\/\",\"https:\/\/x.com\/sonoraenequipo\",\"https:\/\/www.youtube.com\/channel\/UC338nW-lPEYmJQs4ZABQ1SQ\"]},{\"@type\":\"Person\",\"@id\":\"https:\/\/www.sonoraenequipo.com.mx\/#\/schema\/person\/50102df0fb23a8fa9e8effad8fa81386\",\"name\":\"enequipo\",\"image\":{\"@type\":\"ImageObject\",\"inLanguage\":\"es\",\"@id\":\"https:\/\/www.sonoraenequipo.com.mx\/#\/schema\/person\/image\/\",\"url\":\"https:\/\/secure.gravatar.com\/avatar\/049821681b589dabc0bc20695993ccebb09f5b5d4d790cd9251b97faac7c652b?s=96&d=blank&r=g\",\"contentUrl\":\"https:\/\/secure.gravatar.com\/avatar\/049821681b589dabc0bc20695993ccebb09f5b5d4d790cd9251b97faac7c652b?s=96&d=blank&r=g\",\"caption\":\"enequipo\"},\"sameAs\":[\"https:\/\/www.facebook.com\/SonoraEE\"]}]}<\/script>\n ","yoast_head_json":{"title":"Sonora en Equipo. Acuerda Pleno del Congreso habilitar lugares distintos para sesionar Congreso","description":"HERMOSILLO, SONORA,MX.\u2500\u2500 El Congreso del Estado acord\u00f3 anoche habilitar lugares distintos a la sede del Poder Legislativo para celebrar sesiones En Sonora en Equipo publicamos toda la informaci\u00f3n de Sonora, M\u00e9xico y el Mundo de manera oportuna y busca que la libertad de expresi\u00f3n sea real. Visita nuestro medio informativo publicado desde Hermosillo, Sonora. %","robots":{"index":"index","follow":"follow","max-snippet":"max-snippet:-1","max-image-preview":"max-image-preview:large","max-video-preview":"max-video-preview:-1"},"canonical":"https:\/\/www.sonoraenequipo.com.mx\/acuerda-pleno-del-congreso-habilitar-lugares-distintos-para-sesionar\/","og_locale":"es_ES","og_type":"article","og_title":"Sonora en Equipo. Acuerda Pleno del Congreso habilitar lugares distintos para sesionar Congreso","og_description":"HERMOSILLO, SONORA,MX.\u2500\u2500 El Congreso del Estado acord\u00f3 anoche habilitar lugares distintos a la sede del Poder Legislativo para celebrar sesiones En Sonora en Equipo publicamos toda la informaci\u00f3n de Sonora, M\u00e9xico y el Mundo de manera oportuna y busca que la libertad de expresi\u00f3n sea real. Visita nuestro medio informativo publicado desde Hermosillo, Sonora. %","og_url":"https:\/\/www.sonoraenequipo.com.mx\/acuerda-pleno-del-congreso-habilitar-lugares-distintos-para-sesionar\/","og_site_name":"Sonora en Equipo.","article_publisher":"https:\/\/www.facebook.com\/SonoraEE\/","article_author":"https:\/\/www.facebook.com\/SonoraEE","article_published_time":"2022-11-23T18:42:15+00:00","og_image":[{"width":700,"height":400,"url":"https:\/\/www.sonoraenequipo.com.mx\/storage\/2022\/05\/congreso-edificio.jpg","type":"image\/jpeg"}],"author":"enequipo","twitter_card":"summary_large_image","twitter_creator":"@sonoraenequipo","twitter_site":"@sonoraenequipo","twitter_misc":{"Escrito por":"enequipo","Tiempo de lectura":"3 minutos"},"schema":{"@context":"https:\/\/schema.org","@graph":[{"@type":"Article","@id":"https:\/\/www.sonoraenequipo.com.mx\/acuerda-pleno-del-congreso-habilitar-lugares-distintos-para-sesionar\/#article","isPartOf":{"@id":"https:\/\/www.sonoraenequipo.com.mx\/acuerda-pleno-del-congreso-habilitar-lugares-distintos-para-sesionar\/"},"author":{"name":"enequipo","@id":"https:\/\/www.sonoraenequipo.com.mx\/#\/schema\/person\/50102df0fb23a8fa9e8effad8fa81386"},"headline":"Acuerda Pleno del Congreso habilitar lugares distintos para sesionar","datePublished":"2022-11-23T18:42:15+00:00","mainEntityOfPage":{"@id":"https:\/\/www.sonoraenequipo.com.mx\/acuerda-pleno-del-congreso-habilitar-lugares-distintos-para-sesionar\/"},"wordCount":610,"commentCount":0,"publisher":{"@id":"https:\/\/www.sonoraenequipo.com.mx\/#organization"},"image":{"@id":"https:\/\/www.sonoraenequipo.com.mx\/acuerda-pleno-del-congreso-habilitar-lugares-distintos-para-sesionar\/#primaryimage"},"thumbnailUrl":"https:\/\/www.sonoraenequipo.com.mx\/storage\/2022\/05\/congreso-edificio.jpg","keywords":["CONGRESO","lugares para sesionar","Sonora"],"articleSection":["Congreso"],"inLanguage":"es","potentialAction":[{"@type":"CommentAction","name":"Comment","target":["https:\/\/www.sonoraenequipo.com.mx\/acuerda-pleno-del-congreso-habilitar-lugares-distintos-para-sesionar\/#respond"]}]},{"@type":"WebPage","@id":"https:\/\/www.sonoraenequipo.com.mx\/acuerda-pleno-del-congreso-habilitar-lugares-distintos-para-sesionar\/","url":"https:\/\/www.sonoraenequipo.com.mx\/acuerda-pleno-del-congreso-habilitar-lugares-distintos-para-sesionar\/","name":"Sonora en Equipo. Acuerda Pleno del Congreso habilitar lugares distintos para sesionar Congreso","isPartOf":{"@id":"https:\/\/www.sonoraenequipo.com.mx\/#website"},"primaryImageOfPage":{"@id":"https:\/\/www.sonoraenequipo.com.mx\/acuerda-pleno-del-congreso-habilitar-lugares-distintos-para-sesionar\/#primaryimage"},"image":{"@id":"https:\/\/www.sonoraenequipo.com.mx\/acuerda-pleno-del-congreso-habilitar-lugares-distintos-para-sesionar\/#primaryimage"},"thumbnailUrl":"https:\/\/www.sonoraenequipo.com.mx\/storage\/2022\/05\/congreso-edificio.jpg","datePublished":"2022-11-23T18:42:15+00:00","description":"HERMOSILLO, SONORA,MX.\u2500\u2500 El Congreso del Estado acord\u00f3 anoche habilitar lugares distintos a la sede del Poder Legislativo para celebrar sesiones En Sonora en Equipo publicamos toda la informaci\u00f3n de Sonora, M\u00e9xico y el Mundo de manera oportuna y busca que la libertad de expresi\u00f3n sea real. Visita nuestro medio informativo publicado desde Hermosillo, Sonora. %","breadcrumb":{"@id":"https:\/\/www.sonoraenequipo.com.mx\/acuerda-pleno-del-congreso-habilitar-lugares-distintos-para-sesionar\/#breadcrumb"},"inLanguage":"es","potentialAction":[{"@type":"ReadAction","target":["https:\/\/www.sonoraenequipo.com.mx\/acuerda-pleno-del-congreso-habilitar-lugares-distintos-para-sesionar\/"]}]},{"@type":"ImageObject","inLanguage":"es","@id":"https:\/\/www.sonoraenequipo.com.mx\/acuerda-pleno-del-congreso-habilitar-lugares-distintos-para-sesionar\/#primaryimage","url":"https:\/\/www.sonoraenequipo.com.mx\/storage\/2022\/05\/congreso-edificio.jpg","contentUrl":"https:\/\/www.sonoraenequipo.com.mx\/storage\/2022\/05\/congreso-edificio.jpg","width":700,"height":400},{"@type":"BreadcrumbList","@id":"https:\/\/www.sonoraenequipo.com.mx\/acuerda-pleno-del-congreso-habilitar-lugares-distintos-para-sesionar\/#breadcrumb","itemListElement":[{"@type":"ListItem","position":1,"name":"Portada","item":"https:\/\/www.sonoraenequipo.com.mx\/"},{"@type":"ListItem","position":2,"name":"Acuerda Pleno del Congreso habilitar lugares distintos para sesionar"}]},{"@type":"WebSite","@id":"https:\/\/www.sonoraenequipo.com.mx\/#website","url":"https:\/\/www.sonoraenequipo.com.mx\/","name":"Sonora en Equipo.","description":"Diario en l\u00ednea con Noticias desde Hermosillo, Sonora","publisher":{"@id":"https:\/\/www.sonoraenequipo.com.mx\/#organization"},"potentialAction":[{"@type":"SearchAction","target":{"@type":"EntryPoint","urlTemplate":"https:\/\/www.sonoraenequipo.com.mx\/?s={search_term_string}"},"query-input":{"@type":"PropertyValueSpecification","valueRequired":true,"valueName":"search_term_string"}}],"inLanguage":"es"},{"@type":"Organization","@id":"https:\/\/www.sonoraenequipo.com.mx\/#organization","name":"Sonoraenequipo.com.mx","url":"https:\/\/www.sonoraenequipo.com.mx\/","logo":{"@type":"ImageObject","inLanguage":"es","@id":"https:\/\/www.sonoraenequipo.com.mx\/#\/schema\/logo\/image\/","url":"https:\/\/www.sonoraenequipo.com.mx\/storage\/2019\/01\/sonoraenequipo_opt.png","contentUrl":"https:\/\/www.sonoraenequipo.com.mx\/storage\/2019\/01\/sonoraenequipo_opt.png","width":375,"height":125,"caption":"Sonoraenequipo.com.mx"},"image":{"@id":"https:\/\/www.sonoraenequipo.com.mx\/#\/schema\/logo\/image\/"},"sameAs":["https:\/\/www.facebook.com\/SonoraEE\/","https:\/\/x.com\/sonoraenequipo","https:\/\/www.youtube.com\/channel\/UC338nW-lPEYmJQs4ZABQ1SQ"]},{"@type":"Person","@id":"https:\/\/www.sonoraenequipo.com.mx\/#\/schema\/person\/50102df0fb23a8fa9e8effad8fa81386","name":"enequipo","image":{"@type":"ImageObject","inLanguage":"es","@id":"https:\/\/www.sonoraenequipo.com.mx\/#\/schema\/person\/image\/","url":"https:\/\/secure.gravatar.com\/avatar\/049821681b589dabc0bc20695993ccebb09f5b5d4d790cd9251b97faac7c652b?s=96&d=blank&r=g","contentUrl":"https:\/\/secure.gravatar.com\/avatar\/049821681b589dabc0bc20695993ccebb09f5b5d4d790cd9251b97faac7c652b?s=96&d=blank&r=g","caption":"enequipo"},"sameAs":["https:\/\/www.facebook.com\/SonoraEE"]}]}},"jetpack_featured_media_url":"https:\/\/www.sonoraenequipo.com.mx\/storage\/2022\/05\/congreso-edificio.jpg","_links":{"self":[{"href":"https:\/\/www.sonoraenequipo.com.mx\/api\/wp\/v2\/posts\/152869","targetHints":{"allow":["GET"]}}],"collection":[{"href":"https:\/\/www.sonoraenequipo.com.mx\/api\/wp\/v2\/posts"}],"about":[{"href":"https:\/\/www.sonoraenequipo.com.mx\/api\/wp\/v2\/types\/post"}],"author":[{"embeddable":true,"href":"https:\/\/www.sonoraenequipo.com.mx\/api\/wp\/v2\/users\/1"}],"replies":[{"embeddable":true,"href":"https:\/\/www.sonoraenequipo.com.mx\/api\/wp\/v2\/comments?post=152869"}],"version-history":[{"count":1,"href":"https:\/\/www.sonoraenequipo.com.mx\/api\/wp\/v2\/posts\/152869\/revisions"}],"predecessor-version":[{"id":152870,"href":"https:\/\/www.sonoraenequipo.com.mx\/api\/wp\/v2\/posts\/152869\/revisions\/152870"}],"wp:featuredmedia":[{"embeddable":true,"href":"https:\/\/www.sonoraenequipo.com.mx\/api\/wp\/v2\/media\/138389"}],"wp:attachment":[{"href":"https:\/\/www.sonoraenequipo.com.mx\/api\/wp\/v2\/media?parent=152869"}],"wp:term":[{"taxonomy":"category","embeddable":true,"href":"https:\/\/www.sonoraenequipo.com.mx\/api\/wp\/v2\/categories?post=152869"},{"taxonomy":"post_tag","embeddable":true,"href":"https:\/\/www.sonoraenequipo.com.mx\/api\/wp\/v2\/tags?post=152869"}],"curies":[{"name":"wp","href":"https:\/\/api.w.org\/{rel}","templated":true}]}}