{"id":152875,"date":"2022-11-23T09:10:41","date_gmt":"2022-11-23T16:10:41","guid":{"rendered":"https:\/\/www.sonoraenequipo.com.mx\/?p=152875"},"modified":"2022-11-23T14:55:05","modified_gmt":"2022-11-23T21:55:05","slug":"el-presidente-gustavo-petro-explico-su-decision-de-eliminar-el-dia-sin-iva","status":"publish","type":"post","link":"https:\/\/www.sonoraenequipo.com.mx\/el-presidente-gustavo-petro-explico-su-decision-de-eliminar-el-dia-sin-iva\/","title":{"rendered":"El presidente Gustavo Petro explic\u00f3 su decisi\u00f3n de eliminar el D\u00eda sin IVA"},"content":{"rendered":"<p><strong>BOGOTA, COLOMBIA. \u2014<\/strong> Ayer martes 22 de noviembre el ministro de Hacienda, Jos\u00e9 Antonio Ocampo le anunci\u00f3 al pa\u00eds la eliminaci\u00f3n de la tercera jornada del D\u00eda sin IVA de 2022. Aunque los tres d\u00edas sin IVA del a\u00f1o hab\u00edan sido decretadas por el expresidente Iv\u00e1n Duque. Sin embargo, el Gobierno Nacional tumb\u00f3 esta medida de restablecimiento econ\u00f3mico para el comercio en el pa\u00eds para la \u00faltima fecha que estaba fijada para el 2 de diciembre.<\/p>\n<p>&nbsp;<\/p>\n<p> <\/p>\n<p>&nbsp;<\/p>\n<p>Ante esta situaci\u00f3n que fue informada por el jefe de los recursos p\u00fablicos del pa\u00eds, el presidente Gustavo Petro se refiri\u00f3 a la decisi\u00f3n de eliminar el D\u00eda sin IVA. Afirm\u00f3 que si en una jornada como esa, no se separa la venta de productos nacionales de importados, se generar\u00eda un fuerte da\u00f1o a la econom\u00eda.<\/p>\n<p>&nbsp;<\/p>\n<p>&nbsp;<\/p>\n<p>Por su parte, Mar\u00eda Fernanda Qui\u00f1ones, presidenta de la C\u00e1mara de Comercio Electr\u00f3nico, tambi\u00e9n fijo su posici\u00f3n frente a esta decisi\u00f3n:<\/p>\n<p>&nbsp;<\/p>\n<p><strong><em>\u00abLuego de que habilitara el marco jur\u00eddico en las discusiones de la reforma tributaria para que pudiera tener vigencia esta tercera jornada pensamos que pod\u00eda realizarse ya que este tema estuvo sobre la mesa y fue avalado. Entonces s\u00ed tenemos una gran preocupaci\u00f3n porque por supuesto que est\u00e1bamos listos para esta tercera jornada\u00bb.\u00a0<\/em><\/strong><\/p>\n<p>&nbsp;<\/p>\n<p>&nbsp;<\/p>\n<p>Se espera que en los pr\u00f3ximos d\u00edas sea expedido el decreto de eliminaci\u00f3n del tercer D\u00eda sin IVA de 2022.<\/p>\n<p>&nbsp;<\/p>\n<p>En el marco de la pol\u00e9mica por la propuesta de eliminar el d\u00eda sin IVA, distintos sectores estaban de acuerdo, argumentando que <strong><em>\u201cpospone el consumo\u201d.<\/em><\/strong><\/p>\n<p>&nbsp;<\/p>\n<p><em><strong>\u201cEl d\u00eda sin IVA no es algo bueno, solo pospone el consumo. La gente que tiene que comprar un producto en x d\u00eda, al saber que hay una fecha en las que hay descuentos, pues el consumo de hoy lo pospone para la fecha de descuento. Lo que estamos viendo es que el p\u00fablico pospone el consumo, porque en teor\u00eda encontrar\u00e1 mejores precios\u201d<\/strong><\/em>, dijo en su momento a Noticias RCN Diego Franco, especialista en econom\u00eda y Jefe de Inversiones de Franco Capital Management.<\/p>\n<p>&nbsp;<\/p>\n<p>Sin embargo, es importante recordar que durante su gobierno, el expresidente Iv\u00e1n Duque vio como una gran alternativa la creaci\u00f3n del d\u00eda sin IVA con el objetivo de lograr la recuperaci\u00f3n econ\u00f3mica del pa\u00eds tras el golpe econ\u00f3mico de la pandemia.<\/p>\n<p>&nbsp;<\/p>\n<p>La Dian report\u00f3 que solo en la primera jornada del d\u00eda sin IVA del 2022, se registr\u00f3 un total de ventas por 9,1 billones de pesos en transacciones.<\/p>\n<p>&nbsp;<\/p>\n<p>No obstante, el gobierno Petro manifest\u00f3 que se eliminar\u00eda debido a que no fue una buena pol\u00edtica y nunca benefici\u00f3 a los hogares pobres.<\/p>\n<p>&nbsp;<\/p>\n<p>&nbsp;<\/p>\n<p>La noticia fue dada a conocer durante una rueda de prensa en la que tambi\u00e9n se anunci\u00f3 un descuento del 50% en el SOAT para motos de bajo cilindraje, autos de negocio, taxis, microbuses urbanos y servicio p\u00fablico urbano e intermunicipal.<\/p>\n<p>&nbsp;<\/p>\n<p>Entre otras cosas, el ministro celebr\u00f3 el pron\u00f3stico sobre el crecimiento de la econom\u00eda en Colombia parta 2023.<\/p>\n<p>&nbsp;<\/p>\n<p><strong><em>\u201cEn realidad celebro que la OCDE, al igual que el Fondo Monetario, el Banco Mundial y la Cepal, est\u00e9n pronosticando un crecimiento del 2% el a\u00f1o entrante, que como ustedes vendr\u00e1n comparando, en medio de esta desaceleraci\u00f3n de la econom\u00eda mundial, es uno de los mejores registros\u201d.<\/em><\/strong><\/p>\n<blockquote class=\"twitter-tweet\" data-width=\"550\" data-dnt=\"true\">\n<p lang=\"es\" dir=\"ltr\">En la medida que el dia sin IVA no separa la venta de productos nacionales de importados, genera un fuerte da\u00f1o a la econom\u00eda.<\/p>\n<p>Si queremos mejorar la situaci\u00f3n econ\u00f3mica hay que dejar de comprar productos importados si se producen en Colombia. <a href=\"https:\/\/t.co\/NAhnvDn8B1\">https:\/\/t.co\/NAhnvDn8B1<\/a><\/p>\n<p>&mdash; Gustavo Petro (@petrogustavo) <a href=\"https:\/\/twitter.com\/petrogustavo\/status\/1595384287062376454?ref_src=twsrc%5Etfw\">November 23, 2022<\/a><\/p><\/blockquote>\n<p><script async src=\"https:\/\/platform.twitter.com\/widgets.js\" charset=\"utf-8\"><\/script><\/p>\n<p>&nbsp;<\/p>\n<p>PUBLICADO EL 23\/NOVIEMBRE\/DE 2022)<\/p>\n","protected":false},"excerpt":{"rendered":"<p>BOGOTA, COLOMBIA. \u2014 Ayer martes 22 de noviembre el ministro de Hacienda, Jos\u00e9 Antonio Ocampo&#8230;<\/p>\n","protected":false},"author":1,"featured_media":152896,"comment_status":"open","ping_status":"open","sticky":false,"template":"","format":"standard","meta":{"_monsterinsights_skip_tracking":false,"_monsterinsights_sitenote_active":false,"_monsterinsights_sitenote_note":"","_monsterinsights_sitenote_category":0,"footnotes":""},"categories":[3],"tags":[],"class_list":["post"],"yoast_head":" \n<title>Sonora en Equipo. El presidente Gustavo Petro explic\u00f3 su decisi\u00f3n de eliminar el D\u00eda sin IVA MUNDO<\/title>\n<meta name=\"description\" content=\"BOGOTA, COLOMBIA. \u2014 Ayer martes 22 de noviembre el ministro de Hacienda, Jos\u00e9 Antonio Ocampo le anunci\u00f3 al pa\u00eds la eliminaci\u00f3n de la tercera jornada del En Sonora en Equipo publicamos toda la informaci\u00f3n de Sonora, M\u00e9xico y el Mundo de manera oportuna y busca que la libertad de expresi\u00f3n sea real. Visita nuestro medio informativo publicado desde Hermosillo, Sonora. %\" \/>\n<meta name=\"robots\" content=\"index, follow, max-snippet:-1, max-image-preview:large, max-video-preview:-1\" \/>\n<link rel=\"canonical\" href=\"https:\/\/www.sonoraenequipo.com.mx\/el-presidente-gustavo-petro-explico-su-decision-de-eliminar-el-dia-sin-iva\/\" \/>\n<meta property=\"og:locale\" content=\"es_ES\" \/>\n<meta property=\"og:type\" content=\"article\" \/>\n<meta property=\"og:title\" content=\"Sonora en Equipo. El presidente Gustavo Petro explic\u00f3 su decisi\u00f3n de eliminar el D\u00eda sin IVA MUNDO\" \/>\n<meta property=\"og:description\" content=\"BOGOTA, COLOMBIA. \u2014 Ayer martes 22 de noviembre el ministro de Hacienda, Jos\u00e9 Antonio Ocampo le anunci\u00f3 al pa\u00eds la eliminaci\u00f3n de la tercera jornada del En Sonora en Equipo publicamos toda la informaci\u00f3n de Sonora, M\u00e9xico y el Mundo de manera oportuna y busca que la libertad de expresi\u00f3n sea real. Visita nuestro medio informativo publicado desde Hermosillo, Sonora. %\" \/>\n<meta property=\"og:url\" content=\"https:\/\/www.sonoraenequipo.com.mx\/el-presidente-gustavo-petro-explico-su-decision-de-eliminar-el-dia-sin-iva\/\" \/>\n<meta property=\"og:site_name\" content=\"Sonora en Equipo.\" \/>\n<meta property=\"article:publisher\" content=\"https:\/\/www.facebook.com\/SonoraEE\/\" \/>\n<meta property=\"article:author\" content=\"https:\/\/www.facebook.com\/SonoraEE\" \/>\n<meta property=\"article:published_time\" content=\"2022-11-23T16:10:41+00:00\" \/>\n<meta property=\"article:modified_time\" content=\"2022-11-23T21:55:05+00:00\" \/>\n<meta property=\"og:image\" content=\"https:\/\/www.sonoraenequipo.com.mx\/storage\/2022\/11\/dia-sin-iva-en-colombia.jpg\" \/>\n\t<meta property=\"og:image:width\" content=\"900\" \/>\n\t<meta property=\"og:image:height\" content=\"514\" \/>\n\t<meta property=\"og:image:type\" content=\"image\/jpeg\" \/>\n<meta name=\"author\" content=\"enequipo\" \/>\n<meta name=\"twitter:card\" content=\"summary_large_image\" \/>\n<meta name=\"twitter:creator\" content=\"@sonoraenequipo\" \/>\n<meta name=\"twitter:site\" content=\"@sonoraenequipo\" \/>\n<meta name=\"twitter:label1\" content=\"Escrito por\" \/>\n\t<meta name=\"twitter:data1\" content=\"enequipo\" \/>\n\t<meta name=\"twitter:label2\" content=\"Tiempo de lectura\" \/>\n\t<meta name=\"twitter:data2\" content=\"3 minutos\" \/>\n<script type=\"application\/ld+json\" class=\"yoast-schema-graph\">{\"@context\":\"https:\/\/schema.org\",\"@graph\":[{\"@type\":\"Article\",\"@id\":\"https:\/\/www.sonoraenequipo.com.mx\/el-presidente-gustavo-petro-explico-su-decision-de-eliminar-el-dia-sin-iva\/#article\",\"isPartOf\":{\"@id\":\"https:\/\/www.sonoraenequipo.com.mx\/el-presidente-gustavo-petro-explico-su-decision-de-eliminar-el-dia-sin-iva\/\"},\"author\":{\"name\":\"enequipo\",\"@id\":\"https:\/\/www.sonoraenequipo.com.mx\/#\/schema\/person\/50102df0fb23a8fa9e8effad8fa81386\"},\"headline\":\"El presidente Gustavo Petro explic\u00f3 su decisi\u00f3n de eliminar el D\u00eda sin IVA\",\"datePublished\":\"2022-11-23T16:10:41+00:00\",\"dateModified\":\"2022-11-23T21:55:05+00:00\",\"mainEntityOfPage\":{\"@id\":\"https:\/\/www.sonoraenequipo.com.mx\/el-presidente-gustavo-petro-explico-su-decision-de-eliminar-el-dia-sin-iva\/\"},\"wordCount\":622,\"commentCount\":0,\"publisher\":{\"@id\":\"https:\/\/www.sonoraenequipo.com.mx\/#organization\"},\"image\":{\"@id\":\"https:\/\/www.sonoraenequipo.com.mx\/el-presidente-gustavo-petro-explico-su-decision-de-eliminar-el-dia-sin-iva\/#primaryimage\"},\"thumbnailUrl\":\"https:\/\/www.sonoraenequipo.com.mx\/storage\/2022\/11\/dia-sin-iva-en-colombia.jpg\",\"articleSection\":[\"MUNDO\"],\"inLanguage\":\"es\",\"potentialAction\":[{\"@type\":\"CommentAction\",\"name\":\"Comment\",\"target\":[\"https:\/\/www.sonoraenequipo.com.mx\/el-presidente-gustavo-petro-explico-su-decision-de-eliminar-el-dia-sin-iva\/#respond\"]}]},{\"@type\":\"WebPage\",\"@id\":\"https:\/\/www.sonoraenequipo.com.mx\/el-presidente-gustavo-petro-explico-su-decision-de-eliminar-el-dia-sin-iva\/\",\"url\":\"https:\/\/www.sonoraenequipo.com.mx\/el-presidente-gustavo-petro-explico-su-decision-de-eliminar-el-dia-sin-iva\/\",\"name\":\"Sonora en Equipo. El presidente Gustavo Petro explic\u00f3 su decisi\u00f3n de eliminar el D\u00eda sin IVA MUNDO\",\"isPartOf\":{\"@id\":\"https:\/\/www.sonoraenequipo.com.mx\/#website\"},\"primaryImageOfPage\":{\"@id\":\"https:\/\/www.sonoraenequipo.com.mx\/el-presidente-gustavo-petro-explico-su-decision-de-eliminar-el-dia-sin-iva\/#primaryimage\"},\"image\":{\"@id\":\"https:\/\/www.sonoraenequipo.com.mx\/el-presidente-gustavo-petro-explico-su-decision-de-eliminar-el-dia-sin-iva\/#primaryimage\"},\"thumbnailUrl\":\"https:\/\/www.sonoraenequipo.com.mx\/storage\/2022\/11\/dia-sin-iva-en-colombia.jpg\",\"datePublished\":\"2022-11-23T16:10:41+00:00\",\"dateModified\":\"2022-11-23T21:55:05+00:00\",\"description\":\"BOGOTA, COLOMBIA. \u2014 Ayer martes 22 de noviembre el ministro de Hacienda, Jos\u00e9 Antonio Ocampo le anunci\u00f3 al pa\u00eds la eliminaci\u00f3n de la tercera jornada del En Sonora en Equipo publicamos toda la informaci\u00f3n de Sonora, M\u00e9xico y el Mundo de manera oportuna y busca que la libertad de expresi\u00f3n sea real. Visita nuestro medio informativo publicado desde Hermosillo, Sonora. %\",\"breadcrumb\":{\"@id\":\"https:\/\/www.sonoraenequipo.com.mx\/el-presidente-gustavo-petro-explico-su-decision-de-eliminar-el-dia-sin-iva\/#breadcrumb\"},\"inLanguage\":\"es\",\"potentialAction\":[{\"@type\":\"ReadAction\",\"target\":[\"https:\/\/www.sonoraenequipo.com.mx\/el-presidente-gustavo-petro-explico-su-decision-de-eliminar-el-dia-sin-iva\/\"]}]},{\"@type\":\"ImageObject\",\"inLanguage\":\"es\",\"@id\":\"https:\/\/www.sonoraenequipo.com.mx\/el-presidente-gustavo-petro-explico-su-decision-de-eliminar-el-dia-sin-iva\/#primaryimage\",\"url\":\"https:\/\/www.sonoraenequipo.com.mx\/storage\/2022\/11\/dia-sin-iva-en-colombia.jpg\",\"contentUrl\":\"https:\/\/www.sonoraenequipo.com.mx\/storage\/2022\/11\/dia-sin-iva-en-colombia.jpg\",\"width\":900,\"height\":514},{\"@type\":\"BreadcrumbList\",\"@id\":\"https:\/\/www.sonoraenequipo.com.mx\/el-presidente-gustavo-petro-explico-su-decision-de-eliminar-el-dia-sin-iva\/#breadcrumb\",\"itemListElement\":[{\"@type\":\"ListItem\",\"position\":1,\"name\":\"Portada\",\"item\":\"https:\/\/www.sonoraenequipo.com.mx\/\"},{\"@type\":\"ListItem\",\"position\":2,\"name\":\"El presidente Gustavo Petro explic\u00f3 su decisi\u00f3n de eliminar el D\u00eda sin IVA\"}]},{\"@type\":\"WebSite\",\"@id\":\"https:\/\/www.sonoraenequipo.com.mx\/#website\",\"url\":\"https:\/\/www.sonoraenequipo.com.mx\/\",\"name\":\"Sonora en Equipo.\",\"description\":\"Diario en l\u00ednea con Noticias desde Hermosillo, Sonora\",\"publisher\":{\"@id\":\"https:\/\/www.sonoraenequipo.com.mx\/#organization\"},\"potentialAction\":[{\"@type\":\"SearchAction\",\"target\":{\"@type\":\"EntryPoint\",\"urlTemplate\":\"https:\/\/www.sonoraenequipo.com.mx\/?s={search_term_string}\"},\"query-input\":{\"@type\":\"PropertyValueSpecification\",\"valueRequired\":true,\"valueName\":\"search_term_string\"}}],\"inLanguage\":\"es\"},{\"@type\":\"Organization\",\"@id\":\"https:\/\/www.sonoraenequipo.com.mx\/#organization\",\"name\":\"Sonoraenequipo.com.mx\",\"url\":\"https:\/\/www.sonoraenequipo.com.mx\/\",\"logo\":{\"@type\":\"ImageObject\",\"inLanguage\":\"es\",\"@id\":\"https:\/\/www.sonoraenequipo.com.mx\/#\/schema\/logo\/image\/\",\"url\":\"https:\/\/www.sonoraenequipo.com.mx\/storage\/2019\/01\/sonoraenequipo_opt.png\",\"contentUrl\":\"https:\/\/www.sonoraenequipo.com.mx\/storage\/2019\/01\/sonoraenequipo_opt.png\",\"width\":375,\"height\":125,\"caption\":\"Sonoraenequipo.com.mx\"},\"image\":{\"@id\":\"https:\/\/www.sonoraenequipo.com.mx\/#\/schema\/logo\/image\/\"},\"sameAs\":[\"https:\/\/www.facebook.com\/SonoraEE\/\",\"https:\/\/x.com\/sonoraenequipo\",\"https:\/\/www.youtube.com\/channel\/UC338nW-lPEYmJQs4ZABQ1SQ\"]},{\"@type\":\"Person\",\"@id\":\"https:\/\/www.sonoraenequipo.com.mx\/#\/schema\/person\/50102df0fb23a8fa9e8effad8fa81386\",\"name\":\"enequipo\",\"image\":{\"@type\":\"ImageObject\",\"inLanguage\":\"es\",\"@id\":\"https:\/\/www.sonoraenequipo.com.mx\/#\/schema\/person\/image\/\",\"url\":\"https:\/\/secure.gravatar.com\/avatar\/049821681b589dabc0bc20695993ccebb09f5b5d4d790cd9251b97faac7c652b?s=96&d=blank&r=g\",\"contentUrl\":\"https:\/\/secure.gravatar.com\/avatar\/049821681b589dabc0bc20695993ccebb09f5b5d4d790cd9251b97faac7c652b?s=96&d=blank&r=g\",\"caption\":\"enequipo\"},\"sameAs\":[\"https:\/\/www.facebook.com\/SonoraEE\"]}]}<\/script>\n ","yoast_head_json":{"title":"Sonora en Equipo. El presidente Gustavo Petro explic\u00f3 su decisi\u00f3n de eliminar el D\u00eda sin IVA MUNDO","description":"BOGOTA, COLOMBIA. \u2014 Ayer martes 22 de noviembre el ministro de Hacienda, Jos\u00e9 Antonio Ocampo le anunci\u00f3 al pa\u00eds la eliminaci\u00f3n de la tercera jornada del En Sonora en Equipo publicamos toda la informaci\u00f3n de Sonora, M\u00e9xico y el Mundo de manera oportuna y busca que la libertad de expresi\u00f3n sea real. Visita nuestro medio informativo publicado desde Hermosillo, Sonora. %","robots":{"index":"index","follow":"follow","max-snippet":"max-snippet:-1","max-image-preview":"max-image-preview:large","max-video-preview":"max-video-preview:-1"},"canonical":"https:\/\/www.sonoraenequipo.com.mx\/el-presidente-gustavo-petro-explico-su-decision-de-eliminar-el-dia-sin-iva\/","og_locale":"es_ES","og_type":"article","og_title":"Sonora en Equipo. El presidente Gustavo Petro explic\u00f3 su decisi\u00f3n de eliminar el D\u00eda sin IVA MUNDO","og_description":"BOGOTA, COLOMBIA. \u2014 Ayer martes 22 de noviembre el ministro de Hacienda, Jos\u00e9 Antonio Ocampo le anunci\u00f3 al pa\u00eds la eliminaci\u00f3n de la tercera jornada del En Sonora en Equipo publicamos toda la informaci\u00f3n de Sonora, M\u00e9xico y el Mundo de manera oportuna y busca que la libertad de expresi\u00f3n sea real. Visita nuestro medio informativo publicado desde Hermosillo, Sonora. %","og_url":"https:\/\/www.sonoraenequipo.com.mx\/el-presidente-gustavo-petro-explico-su-decision-de-eliminar-el-dia-sin-iva\/","og_site_name":"Sonora en Equipo.","article_publisher":"https:\/\/www.facebook.com\/SonoraEE\/","article_author":"https:\/\/www.facebook.com\/SonoraEE","article_published_time":"2022-11-23T16:10:41+00:00","article_modified_time":"2022-11-23T21:55:05+00:00","og_image":[{"width":900,"height":514,"url":"https:\/\/www.sonoraenequipo.com.mx\/storage\/2022\/11\/dia-sin-iva-en-colombia.jpg","type":"image\/jpeg"}],"author":"enequipo","twitter_card":"summary_large_image","twitter_creator":"@sonoraenequipo","twitter_site":"@sonoraenequipo","twitter_misc":{"Escrito por":"enequipo","Tiempo de lectura":"3 minutos"},"schema":{"@context":"https:\/\/schema.org","@graph":[{"@type":"Article","@id":"https:\/\/www.sonoraenequipo.com.mx\/el-presidente-gustavo-petro-explico-su-decision-de-eliminar-el-dia-sin-iva\/#article","isPartOf":{"@id":"https:\/\/www.sonoraenequipo.com.mx\/el-presidente-gustavo-petro-explico-su-decision-de-eliminar-el-dia-sin-iva\/"},"author":{"name":"enequipo","@id":"https:\/\/www.sonoraenequipo.com.mx\/#\/schema\/person\/50102df0fb23a8fa9e8effad8fa81386"},"headline":"El presidente Gustavo Petro explic\u00f3 su decisi\u00f3n de eliminar el D\u00eda sin IVA","datePublished":"2022-11-23T16:10:41+00:00","dateModified":"2022-11-23T21:55:05+00:00","mainEntityOfPage":{"@id":"https:\/\/www.sonoraenequipo.com.mx\/el-presidente-gustavo-petro-explico-su-decision-de-eliminar-el-dia-sin-iva\/"},"wordCount":622,"commentCount":0,"publisher":{"@id":"https:\/\/www.sonoraenequipo.com.mx\/#organization"},"image":{"@id":"https:\/\/www.sonoraenequipo.com.mx\/el-presidente-gustavo-petro-explico-su-decision-de-eliminar-el-dia-sin-iva\/#primaryimage"},"thumbnailUrl":"https:\/\/www.sonoraenequipo.com.mx\/storage\/2022\/11\/dia-sin-iva-en-colombia.jpg","articleSection":["MUNDO"],"inLanguage":"es","potentialAction":[{"@type":"CommentAction","name":"Comment","target":["https:\/\/www.sonoraenequipo.com.mx\/el-presidente-gustavo-petro-explico-su-decision-de-eliminar-el-dia-sin-iva\/#respond"]}]},{"@type":"WebPage","@id":"https:\/\/www.sonoraenequipo.com.mx\/el-presidente-gustavo-petro-explico-su-decision-de-eliminar-el-dia-sin-iva\/","url":"https:\/\/www.sonoraenequipo.com.mx\/el-presidente-gustavo-petro-explico-su-decision-de-eliminar-el-dia-sin-iva\/","name":"Sonora en Equipo. El presidente Gustavo Petro explic\u00f3 su decisi\u00f3n de eliminar el D\u00eda sin IVA MUNDO","isPartOf":{"@id":"https:\/\/www.sonoraenequipo.com.mx\/#website"},"primaryImageOfPage":{"@id":"https:\/\/www.sonoraenequipo.com.mx\/el-presidente-gustavo-petro-explico-su-decision-de-eliminar-el-dia-sin-iva\/#primaryimage"},"image":{"@id":"https:\/\/www.sonoraenequipo.com.mx\/el-presidente-gustavo-petro-explico-su-decision-de-eliminar-el-dia-sin-iva\/#primaryimage"},"thumbnailUrl":"https:\/\/www.sonoraenequipo.com.mx\/storage\/2022\/11\/dia-sin-iva-en-colombia.jpg","datePublished":"2022-11-23T16:10:41+00:00","dateModified":"2022-11-23T21:55:05+00:00","description":"BOGOTA, COLOMBIA. \u2014 Ayer martes 22 de noviembre el ministro de Hacienda, Jos\u00e9 Antonio Ocampo le anunci\u00f3 al pa\u00eds la eliminaci\u00f3n de la tercera jornada del En Sonora en Equipo publicamos toda la informaci\u00f3n de Sonora, M\u00e9xico y el Mundo de manera oportuna y busca que la libertad de expresi\u00f3n sea real. Visita nuestro medio informativo publicado desde Hermosillo, Sonora. %","breadcrumb":{"@id":"https:\/\/www.sonoraenequipo.com.mx\/el-presidente-gustavo-petro-explico-su-decision-de-eliminar-el-dia-sin-iva\/#breadcrumb"},"inLanguage":"es","potentialAction":[{"@type":"ReadAction","target":["https:\/\/www.sonoraenequipo.com.mx\/el-presidente-gustavo-petro-explico-su-decision-de-eliminar-el-dia-sin-iva\/"]}]},{"@type":"ImageObject","inLanguage":"es","@id":"https:\/\/www.sonoraenequipo.com.mx\/el-presidente-gustavo-petro-explico-su-decision-de-eliminar-el-dia-sin-iva\/#primaryimage","url":"https:\/\/www.sonoraenequipo.com.mx\/storage\/2022\/11\/dia-sin-iva-en-colombia.jpg","contentUrl":"https:\/\/www.sonoraenequipo.com.mx\/storage\/2022\/11\/dia-sin-iva-en-colombia.jpg","width":900,"height":514},{"@type":"BreadcrumbList","@id":"https:\/\/www.sonoraenequipo.com.mx\/el-presidente-gustavo-petro-explico-su-decision-de-eliminar-el-dia-sin-iva\/#breadcrumb","itemListElement":[{"@type":"ListItem","position":1,"name":"Portada","item":"https:\/\/www.sonoraenequipo.com.mx\/"},{"@type":"ListItem","position":2,"name":"El presidente Gustavo Petro explic\u00f3 su decisi\u00f3n de eliminar el D\u00eda sin IVA"}]},{"@type":"WebSite","@id":"https:\/\/www.sonoraenequipo.com.mx\/#website","url":"https:\/\/www.sonoraenequipo.com.mx\/","name":"Sonora en Equipo.","description":"Diario en l\u00ednea con Noticias desde Hermosillo, Sonora","publisher":{"@id":"https:\/\/www.sonoraenequipo.com.mx\/#organization"},"potentialAction":[{"@type":"SearchAction","target":{"@type":"EntryPoint","urlTemplate":"https:\/\/www.sonoraenequipo.com.mx\/?s={search_term_string}"},"query-input":{"@type":"PropertyValueSpecification","valueRequired":true,"valueName":"search_term_string"}}],"inLanguage":"es"},{"@type":"Organization","@id":"https:\/\/www.sonoraenequipo.com.mx\/#organization","name":"Sonoraenequipo.com.mx","url":"https:\/\/www.sonoraenequipo.com.mx\/","logo":{"@type":"ImageObject","inLanguage":"es","@id":"https:\/\/www.sonoraenequipo.com.mx\/#\/schema\/logo\/image\/","url":"https:\/\/www.sonoraenequipo.com.mx\/storage\/2019\/01\/sonoraenequipo_opt.png","contentUrl":"https:\/\/www.sonoraenequipo.com.mx\/storage\/2019\/01\/sonoraenequipo_opt.png","width":375,"height":125,"caption":"Sonoraenequipo.com.mx"},"image":{"@id":"https:\/\/www.sonoraenequipo.com.mx\/#\/schema\/logo\/image\/"},"sameAs":["https:\/\/www.facebook.com\/SonoraEE\/","https:\/\/x.com\/sonoraenequipo","https:\/\/www.youtube.com\/channel\/UC338nW-lPEYmJQs4ZABQ1SQ"]},{"@type":"Person","@id":"https:\/\/www.sonoraenequipo.com.mx\/#\/schema\/person\/50102df0fb23a8fa9e8effad8fa81386","name":"enequipo","image":{"@type":"ImageObject","inLanguage":"es","@id":"https:\/\/www.sonoraenequipo.com.mx\/#\/schema\/person\/image\/","url":"https:\/\/secure.gravatar.com\/avatar\/049821681b589dabc0bc20695993ccebb09f5b5d4d790cd9251b97faac7c652b?s=96&d=blank&r=g","contentUrl":"https:\/\/secure.gravatar.com\/avatar\/049821681b589dabc0bc20695993ccebb09f5b5d4d790cd9251b97faac7c652b?s=96&d=blank&r=g","caption":"enequipo"},"sameAs":["https:\/\/www.facebook.com\/SonoraEE"]}]}},"jetpack_featured_media_url":"https:\/\/www.sonoraenequipo.com.mx\/storage\/2022\/11\/dia-sin-iva-en-colombia.jpg","_links":{"self":[{"href":"https:\/\/www.sonoraenequipo.com.mx\/api\/wp\/v2\/posts\/152875","targetHints":{"allow":["GET"]}}],"collection":[{"href":"https:\/\/www.sonoraenequipo.com.mx\/api\/wp\/v2\/posts"}],"about":[{"href":"https:\/\/www.sonoraenequipo.com.mx\/api\/wp\/v2\/types\/post"}],"author":[{"embeddable":true,"href":"https:\/\/www.sonoraenequipo.com.mx\/api\/wp\/v2\/users\/1"}],"replies":[{"embeddable":true,"href":"https:\/\/www.sonoraenequipo.com.mx\/api\/wp\/v2\/comments?post=152875"}],"version-history":[{"count":1,"href":"https:\/\/www.sonoraenequipo.com.mx\/api\/wp\/v2\/posts\/152875\/revisions"}],"predecessor-version":[{"id":152897,"href":"https:\/\/www.sonoraenequipo.com.mx\/api\/wp\/v2\/posts\/152875\/revisions\/152897"}],"wp:featuredmedia":[{"embeddable":true,"href":"https:\/\/www.sonoraenequipo.com.mx\/api\/wp\/v2\/media\/152896"}],"wp:attachment":[{"href":"https:\/\/www.sonoraenequipo.com.mx\/api\/wp\/v2\/media?parent=152875"}],"wp:term":[{"taxonomy":"category","embeddable":true,"href":"https:\/\/www.sonoraenequipo.com.mx\/api\/wp\/v2\/categories?post=152875"},{"taxonomy":"post_tag","embeddable":true,"href":"https:\/\/www.sonoraenequipo.com.mx\/api\/wp\/v2\/tags?post=152875"}],"curies":[{"name":"wp","href":"https:\/\/api.w.org\/{rel}","templated":true}]}}