{"id":152876,"date":"2022-11-23T11:53:29","date_gmt":"2022-11-23T18:53:29","guid":{"rendered":"https:\/\/www.sonoraenequipo.com.mx\/?p=152876"},"modified":"2022-11-23T11:53:29","modified_gmt":"2022-11-23T18:53:29","slug":"thiare-casarez-vuelve-al-paratletismo-como-juez-despues-de-anos-en-la-pista","status":"publish","type":"post","link":"https:\/\/www.sonoraenequipo.com.mx\/thiare-casarez-vuelve-al-paratletismo-como-juez-despues-de-anos-en-la-pista\/","title":{"rendered":"Thiar\u00e9 C\u00e1sarez vuelve al paratletismo como juez, despu\u00e9s de a\u00f1os en la pista"},"content":{"rendered":"<p>\u25baLa ex atleta paral\u00edmpica sonorense estrena una nueva etapa tras m\u00e1s de una d\u00e9cada de aparecer como velocista adaptada<\/p>\n<p>&nbsp;<\/p>\n<p><strong>HERMOSILLO, SONORA,MX.<\/strong><strong>\u2500\u2500<\/strong> Despu\u00e9s de una trayectoria inolvidable como deportista paral\u00edmpica, en donde puede presumir que recolect\u00f3 m\u00e1s de un centenar de medallas nacionales e internacionales, la exparatleta sonorense, Thiare C\u00e1sarez, ahora asume la responsabilidad de ser juez en los Paranacionales Conade 2022.<\/p>\n<p>&nbsp;<\/p>\n<p>La originaria de Caborca, quien imparti\u00f3 justicia en la disciplina de paratletismo, que se desarroll\u00f3 del 14 al 20 de noviembre, en el estadio \u201cH\u00e9roe de Nacozari\u201d, estuvo trabajando en la c\u00e1mara de llamadas, desde las cuales se controla el ingreso de los participantes a la pista.<\/p>\n<p>&nbsp;<\/p>\n<p>\u201cYa hab\u00eda estado en eventos estatales y regionales como juez, pero este es mi debut en los Paranacionales; esto es muy bonito, porque me ha tocado toparme con personas que hac\u00eda mucho no ve\u00eda y los cuales eran gu\u00edas en mis tiempos de atleta, a quienes conozco desde ni\u00f1a\u201d, coment\u00f3 entre risas.<\/p>\n<p>&nbsp;<\/p>\n<p>C\u00e1sarez Chinchillas fue atleta de la categor\u00eda de Ciegos y D\u00e9biles Visuales entre 2005 y 2021, participando en 10 Paralimpiadas Nacionales (antes de llamarse Paranacionales) y en dos Campeonatos Mundiales de Atletismo IPC.<\/p>\n<p>&nbsp;<\/p>\n<p>\u201cEl momento que m\u00e1s recuerdo en mi carrera en las pistas fue en el Mundial del 2014 en Berl\u00edn, Alemania, en donde gan\u00e9 tres medallas de oro (100, 200 y 400 metros planos)\u201d, dijo la exatleta paral\u00edmpica quien vio acci\u00f3n en la clasificaci\u00f3n T13.<\/p>\n<p>&nbsp;<\/p>\n<p>Un a\u00f1o antes, en el 2013, Thiare tambi\u00e9n se subi\u00f3 al podio en su debut como mundialista en Lyon, Francia, pues ah\u00ed obtuvo par de metales argentos, en los 200 y 400 metros planos.<\/p>\n<p>&nbsp;<\/p>\n<p>La caborquense, quien es madre de dos peque\u00f1os \u2013Gael y Leah, de 6 y 4 a\u00f1os, respectivamente- actualmente trabaja como instructora en un gimnasio local, luego de 17 a\u00f1os de correr en las pistas bajo las \u00f3rdenes de los entrenadores Ana Laura Gray, Uriel Cruz y Emilio Bravo.<\/p>\n<p><strong><u>Fecha de publicaci\u00f3n\u00a0 mi\u00e9rcoles 23 \u00a0de noviembre de 2022<\/u><\/strong><\/p>\n<p>&nbsp;<\/p>\n","protected":false},"excerpt":{"rendered":"<p>\u25baLa ex atleta paral\u00edmpica sonorense estrena una nueva etapa tras m\u00e1s de una d\u00e9cada de&#8230;<\/p>\n","protected":false},"author":1,"featured_media":152877,"comment_status":"open","ping_status":"open","sticky":false,"template":"","format":"standard","meta":{"_monsterinsights_skip_tracking":false,"_monsterinsights_sitenote_active":false,"_monsterinsights_sitenote_note":"","_monsterinsights_sitenote_category":0,"footnotes":""},"categories":[10],"tags":[7866],"class_list":["post"],"yoast_head":" \n<title>Sonora en Equipo. Thiar\u00e9 C\u00e1sarez vuelve al paratletismo como juez, despu\u00e9s de a\u00f1os en la pista Deportes<\/title>\n<meta name=\"description\" content=\"\u25baLa ex atleta paral\u00edmpica sonorense estrena una nueva etapa tras m\u00e1s de una d\u00e9cada de aparecer como velocista adaptada &nbsp; HERMOSILLO, SONORA,MX.\u2500\u2500 En Sonora en Equipo publicamos toda la informaci\u00f3n de Sonora, M\u00e9xico y el Mundo de manera oportuna y busca que la libertad de expresi\u00f3n sea real. Visita nuestro medio informativo publicado desde Hermosillo, Sonora. %\" \/>\n<meta name=\"robots\" content=\"index, follow, max-snippet:-1, max-image-preview:large, max-video-preview:-1\" \/>\n<link rel=\"canonical\" href=\"https:\/\/www.sonoraenequipo.com.mx\/thiare-casarez-vuelve-al-paratletismo-como-juez-despues-de-anos-en-la-pista\/\" \/>\n<meta property=\"og:locale\" content=\"es_ES\" \/>\n<meta property=\"og:type\" content=\"article\" \/>\n<meta property=\"og:title\" content=\"Sonora en Equipo. Thiar\u00e9 C\u00e1sarez vuelve al paratletismo como juez, despu\u00e9s de a\u00f1os en la pista Deportes\" \/>\n<meta property=\"og:description\" content=\"\u25baLa ex atleta paral\u00edmpica sonorense estrena una nueva etapa tras m\u00e1s de una d\u00e9cada de aparecer como velocista adaptada &nbsp; HERMOSILLO, SONORA,MX.\u2500\u2500 En Sonora en Equipo publicamos toda la informaci\u00f3n de Sonora, M\u00e9xico y el Mundo de manera oportuna y busca que la libertad de expresi\u00f3n sea real. Visita nuestro medio informativo publicado desde Hermosillo, Sonora. %\" \/>\n<meta property=\"og:url\" content=\"https:\/\/www.sonoraenequipo.com.mx\/thiare-casarez-vuelve-al-paratletismo-como-juez-despues-de-anos-en-la-pista\/\" \/>\n<meta property=\"og:site_name\" content=\"Sonora en Equipo.\" \/>\n<meta property=\"article:publisher\" content=\"https:\/\/www.facebook.com\/SonoraEE\/\" \/>\n<meta property=\"article:author\" content=\"https:\/\/www.facebook.com\/SonoraEE\" \/>\n<meta property=\"article:published_time\" content=\"2022-11-23T18:53:29+00:00\" \/>\n<meta property=\"og:image\" content=\"https:\/\/www.sonoraenequipo.com.mx\/storage\/2022\/11\/thiare.jpg\" \/>\n\t<meta property=\"og:image:width\" content=\"600\" \/>\n\t<meta property=\"og:image:height\" content=\"400\" \/>\n\t<meta property=\"og:image:type\" content=\"image\/jpeg\" \/>\n<meta name=\"author\" content=\"enequipo\" \/>\n<meta name=\"twitter:card\" content=\"summary_large_image\" \/>\n<meta name=\"twitter:creator\" content=\"@sonoraenequipo\" \/>\n<meta name=\"twitter:site\" content=\"@sonoraenequipo\" \/>\n<meta name=\"twitter:label1\" content=\"Escrito por\" \/>\n\t<meta name=\"twitter:data1\" content=\"enequipo\" \/>\n\t<meta name=\"twitter:label2\" content=\"Tiempo de lectura\" \/>\n\t<meta name=\"twitter:data2\" content=\"2 minutos\" \/>\n<script type=\"application\/ld+json\" class=\"yoast-schema-graph\">{\"@context\":\"https:\/\/schema.org\",\"@graph\":[{\"@type\":\"Article\",\"@id\":\"https:\/\/www.sonoraenequipo.com.mx\/thiare-casarez-vuelve-al-paratletismo-como-juez-despues-de-anos-en-la-pista\/#article\",\"isPartOf\":{\"@id\":\"https:\/\/www.sonoraenequipo.com.mx\/thiare-casarez-vuelve-al-paratletismo-como-juez-despues-de-anos-en-la-pista\/\"},\"author\":{\"name\":\"enequipo\",\"@id\":\"https:\/\/www.sonoraenequipo.com.mx\/#\/schema\/person\/50102df0fb23a8fa9e8effad8fa81386\"},\"headline\":\"Thiar\u00e9 C\u00e1sarez vuelve al paratletismo como juez, despu\u00e9s de a\u00f1os en la pista\",\"datePublished\":\"2022-11-23T18:53:29+00:00\",\"mainEntityOfPage\":{\"@id\":\"https:\/\/www.sonoraenequipo.com.mx\/thiare-casarez-vuelve-al-paratletismo-como-juez-despues-de-anos-en-la-pista\/\"},\"wordCount\":364,\"commentCount\":0,\"publisher\":{\"@id\":\"https:\/\/www.sonoraenequipo.com.mx\/#organization\"},\"image\":{\"@id\":\"https:\/\/www.sonoraenequipo.com.mx\/thiare-casarez-vuelve-al-paratletismo-como-juez-despues-de-anos-en-la-pista\/#primaryimage\"},\"thumbnailUrl\":\"https:\/\/www.sonoraenequipo.com.mx\/storage\/2022\/11\/thiare.jpg\",\"keywords\":[\"thiar\u00e9 c\u00e1zares\"],\"articleSection\":[\"Deportes\"],\"inLanguage\":\"es\",\"potentialAction\":[{\"@type\":\"CommentAction\",\"name\":\"Comment\",\"target\":[\"https:\/\/www.sonoraenequipo.com.mx\/thiare-casarez-vuelve-al-paratletismo-como-juez-despues-de-anos-en-la-pista\/#respond\"]}]},{\"@type\":\"WebPage\",\"@id\":\"https:\/\/www.sonoraenequipo.com.mx\/thiare-casarez-vuelve-al-paratletismo-como-juez-despues-de-anos-en-la-pista\/\",\"url\":\"https:\/\/www.sonoraenequipo.com.mx\/thiare-casarez-vuelve-al-paratletismo-como-juez-despues-de-anos-en-la-pista\/\",\"name\":\"Sonora en Equipo. Thiar\u00e9 C\u00e1sarez vuelve al paratletismo como juez, despu\u00e9s de a\u00f1os en la pista Deportes\",\"isPartOf\":{\"@id\":\"https:\/\/www.sonoraenequipo.com.mx\/#website\"},\"primaryImageOfPage\":{\"@id\":\"https:\/\/www.sonoraenequipo.com.mx\/thiare-casarez-vuelve-al-paratletismo-como-juez-despues-de-anos-en-la-pista\/#primaryimage\"},\"image\":{\"@id\":\"https:\/\/www.sonoraenequipo.com.mx\/thiare-casarez-vuelve-al-paratletismo-como-juez-despues-de-anos-en-la-pista\/#primaryimage\"},\"thumbnailUrl\":\"https:\/\/www.sonoraenequipo.com.mx\/storage\/2022\/11\/thiare.jpg\",\"datePublished\":\"2022-11-23T18:53:29+00:00\",\"description\":\"\u25baLa ex atleta paral\u00edmpica sonorense estrena una nueva etapa tras m\u00e1s de una d\u00e9cada de aparecer como velocista adaptada &nbsp; HERMOSILLO, SONORA,MX.\u2500\u2500 En Sonora en Equipo publicamos toda la informaci\u00f3n de Sonora, M\u00e9xico y el Mundo de manera oportuna y busca que la libertad de expresi\u00f3n sea real. Visita nuestro medio informativo publicado desde Hermosillo, Sonora. %\",\"breadcrumb\":{\"@id\":\"https:\/\/www.sonoraenequipo.com.mx\/thiare-casarez-vuelve-al-paratletismo-como-juez-despues-de-anos-en-la-pista\/#breadcrumb\"},\"inLanguage\":\"es\",\"potentialAction\":[{\"@type\":\"ReadAction\",\"target\":[\"https:\/\/www.sonoraenequipo.com.mx\/thiare-casarez-vuelve-al-paratletismo-como-juez-despues-de-anos-en-la-pista\/\"]}]},{\"@type\":\"ImageObject\",\"inLanguage\":\"es\",\"@id\":\"https:\/\/www.sonoraenequipo.com.mx\/thiare-casarez-vuelve-al-paratletismo-como-juez-despues-de-anos-en-la-pista\/#primaryimage\",\"url\":\"https:\/\/www.sonoraenequipo.com.mx\/storage\/2022\/11\/thiare.jpg\",\"contentUrl\":\"https:\/\/www.sonoraenequipo.com.mx\/storage\/2022\/11\/thiare.jpg\",\"width\":600,\"height\":400},{\"@type\":\"BreadcrumbList\",\"@id\":\"https:\/\/www.sonoraenequipo.com.mx\/thiare-casarez-vuelve-al-paratletismo-como-juez-despues-de-anos-en-la-pista\/#breadcrumb\",\"itemListElement\":[{\"@type\":\"ListItem\",\"position\":1,\"name\":\"Portada\",\"item\":\"https:\/\/www.sonoraenequipo.com.mx\/\"},{\"@type\":\"ListItem\",\"position\":2,\"name\":\"Thiar\u00e9 C\u00e1sarez vuelve al paratletismo como juez, despu\u00e9s de a\u00f1os en la pista\"}]},{\"@type\":\"WebSite\",\"@id\":\"https:\/\/www.sonoraenequipo.com.mx\/#website\",\"url\":\"https:\/\/www.sonoraenequipo.com.mx\/\",\"name\":\"Sonora en Equipo.\",\"description\":\"Diario en l\u00ednea con Noticias desde Hermosillo, Sonora\",\"publisher\":{\"@id\":\"https:\/\/www.sonoraenequipo.com.mx\/#organization\"},\"potentialAction\":[{\"@type\":\"SearchAction\",\"target\":{\"@type\":\"EntryPoint\",\"urlTemplate\":\"https:\/\/www.sonoraenequipo.com.mx\/?s={search_term_string}\"},\"query-input\":{\"@type\":\"PropertyValueSpecification\",\"valueRequired\":true,\"valueName\":\"search_term_string\"}}],\"inLanguage\":\"es\"},{\"@type\":\"Organization\",\"@id\":\"https:\/\/www.sonoraenequipo.com.mx\/#organization\",\"name\":\"Sonoraenequipo.com.mx\",\"url\":\"https:\/\/www.sonoraenequipo.com.mx\/\",\"logo\":{\"@type\":\"ImageObject\",\"inLanguage\":\"es\",\"@id\":\"https:\/\/www.sonoraenequipo.com.mx\/#\/schema\/logo\/image\/\",\"url\":\"https:\/\/www.sonoraenequipo.com.mx\/storage\/2019\/01\/sonoraenequipo_opt.png\",\"contentUrl\":\"https:\/\/www.sonoraenequipo.com.mx\/storage\/2019\/01\/sonoraenequipo_opt.png\",\"width\":375,\"height\":125,\"caption\":\"Sonoraenequipo.com.mx\"},\"image\":{\"@id\":\"https:\/\/www.sonoraenequipo.com.mx\/#\/schema\/logo\/image\/\"},\"sameAs\":[\"https:\/\/www.facebook.com\/SonoraEE\/\",\"https:\/\/x.com\/sonoraenequipo\",\"https:\/\/www.youtube.com\/channel\/UC338nW-lPEYmJQs4ZABQ1SQ\"]},{\"@type\":\"Person\",\"@id\":\"https:\/\/www.sonoraenequipo.com.mx\/#\/schema\/person\/50102df0fb23a8fa9e8effad8fa81386\",\"name\":\"enequipo\",\"image\":{\"@type\":\"ImageObject\",\"inLanguage\":\"es\",\"@id\":\"https:\/\/www.sonoraenequipo.com.mx\/#\/schema\/person\/image\/\",\"url\":\"https:\/\/secure.gravatar.com\/avatar\/049821681b589dabc0bc20695993ccebb09f5b5d4d790cd9251b97faac7c652b?s=96&d=blank&r=g\",\"contentUrl\":\"https:\/\/secure.gravatar.com\/avatar\/049821681b589dabc0bc20695993ccebb09f5b5d4d790cd9251b97faac7c652b?s=96&d=blank&r=g\",\"caption\":\"enequipo\"},\"sameAs\":[\"https:\/\/www.facebook.com\/SonoraEE\"]}]}<\/script>\n ","yoast_head_json":{"title":"Sonora en Equipo. Thiar\u00e9 C\u00e1sarez vuelve al paratletismo como juez, despu\u00e9s de a\u00f1os en la pista Deportes","description":"\u25baLa ex atleta paral\u00edmpica sonorense estrena una nueva etapa tras m\u00e1s de una d\u00e9cada de aparecer como velocista adaptada &nbsp; HERMOSILLO, SONORA,MX.\u2500\u2500 En Sonora en Equipo publicamos toda la informaci\u00f3n de Sonora, M\u00e9xico y el Mundo de manera oportuna y busca que la libertad de expresi\u00f3n sea real. Visita nuestro medio informativo publicado desde Hermosillo, Sonora. %","robots":{"index":"index","follow":"follow","max-snippet":"max-snippet:-1","max-image-preview":"max-image-preview:large","max-video-preview":"max-video-preview:-1"},"canonical":"https:\/\/www.sonoraenequipo.com.mx\/thiare-casarez-vuelve-al-paratletismo-como-juez-despues-de-anos-en-la-pista\/","og_locale":"es_ES","og_type":"article","og_title":"Sonora en Equipo. Thiar\u00e9 C\u00e1sarez vuelve al paratletismo como juez, despu\u00e9s de a\u00f1os en la pista Deportes","og_description":"\u25baLa ex atleta paral\u00edmpica sonorense estrena una nueva etapa tras m\u00e1s de una d\u00e9cada de aparecer como velocista adaptada &nbsp; HERMOSILLO, SONORA,MX.\u2500\u2500 En Sonora en Equipo publicamos toda la informaci\u00f3n de Sonora, M\u00e9xico y el Mundo de manera oportuna y busca que la libertad de expresi\u00f3n sea real. Visita nuestro medio informativo publicado desde Hermosillo, Sonora. %","og_url":"https:\/\/www.sonoraenequipo.com.mx\/thiare-casarez-vuelve-al-paratletismo-como-juez-despues-de-anos-en-la-pista\/","og_site_name":"Sonora en Equipo.","article_publisher":"https:\/\/www.facebook.com\/SonoraEE\/","article_author":"https:\/\/www.facebook.com\/SonoraEE","article_published_time":"2022-11-23T18:53:29+00:00","og_image":[{"width":600,"height":400,"url":"https:\/\/www.sonoraenequipo.com.mx\/storage\/2022\/11\/thiare.jpg","type":"image\/jpeg"}],"author":"enequipo","twitter_card":"summary_large_image","twitter_creator":"@sonoraenequipo","twitter_site":"@sonoraenequipo","twitter_misc":{"Escrito por":"enequipo","Tiempo de lectura":"2 minutos"},"schema":{"@context":"https:\/\/schema.org","@graph":[{"@type":"Article","@id":"https:\/\/www.sonoraenequipo.com.mx\/thiare-casarez-vuelve-al-paratletismo-como-juez-despues-de-anos-en-la-pista\/#article","isPartOf":{"@id":"https:\/\/www.sonoraenequipo.com.mx\/thiare-casarez-vuelve-al-paratletismo-como-juez-despues-de-anos-en-la-pista\/"},"author":{"name":"enequipo","@id":"https:\/\/www.sonoraenequipo.com.mx\/#\/schema\/person\/50102df0fb23a8fa9e8effad8fa81386"},"headline":"Thiar\u00e9 C\u00e1sarez vuelve al paratletismo como juez, despu\u00e9s de a\u00f1os en la pista","datePublished":"2022-11-23T18:53:29+00:00","mainEntityOfPage":{"@id":"https:\/\/www.sonoraenequipo.com.mx\/thiare-casarez-vuelve-al-paratletismo-como-juez-despues-de-anos-en-la-pista\/"},"wordCount":364,"commentCount":0,"publisher":{"@id":"https:\/\/www.sonoraenequipo.com.mx\/#organization"},"image":{"@id":"https:\/\/www.sonoraenequipo.com.mx\/thiare-casarez-vuelve-al-paratletismo-como-juez-despues-de-anos-en-la-pista\/#primaryimage"},"thumbnailUrl":"https:\/\/www.sonoraenequipo.com.mx\/storage\/2022\/11\/thiare.jpg","keywords":["thiar\u00e9 c\u00e1zares"],"articleSection":["Deportes"],"inLanguage":"es","potentialAction":[{"@type":"CommentAction","name":"Comment","target":["https:\/\/www.sonoraenequipo.com.mx\/thiare-casarez-vuelve-al-paratletismo-como-juez-despues-de-anos-en-la-pista\/#respond"]}]},{"@type":"WebPage","@id":"https:\/\/www.sonoraenequipo.com.mx\/thiare-casarez-vuelve-al-paratletismo-como-juez-despues-de-anos-en-la-pista\/","url":"https:\/\/www.sonoraenequipo.com.mx\/thiare-casarez-vuelve-al-paratletismo-como-juez-despues-de-anos-en-la-pista\/","name":"Sonora en Equipo. Thiar\u00e9 C\u00e1sarez vuelve al paratletismo como juez, despu\u00e9s de a\u00f1os en la pista Deportes","isPartOf":{"@id":"https:\/\/www.sonoraenequipo.com.mx\/#website"},"primaryImageOfPage":{"@id":"https:\/\/www.sonoraenequipo.com.mx\/thiare-casarez-vuelve-al-paratletismo-como-juez-despues-de-anos-en-la-pista\/#primaryimage"},"image":{"@id":"https:\/\/www.sonoraenequipo.com.mx\/thiare-casarez-vuelve-al-paratletismo-como-juez-despues-de-anos-en-la-pista\/#primaryimage"},"thumbnailUrl":"https:\/\/www.sonoraenequipo.com.mx\/storage\/2022\/11\/thiare.jpg","datePublished":"2022-11-23T18:53:29+00:00","description":"\u25baLa ex atleta paral\u00edmpica sonorense estrena una nueva etapa tras m\u00e1s de una d\u00e9cada de aparecer como velocista adaptada &nbsp; HERMOSILLO, SONORA,MX.\u2500\u2500 En Sonora en Equipo publicamos toda la informaci\u00f3n de Sonora, M\u00e9xico y el Mundo de manera oportuna y busca que la libertad de expresi\u00f3n sea real. Visita nuestro medio informativo publicado desde Hermosillo, Sonora. %","breadcrumb":{"@id":"https:\/\/www.sonoraenequipo.com.mx\/thiare-casarez-vuelve-al-paratletismo-como-juez-despues-de-anos-en-la-pista\/#breadcrumb"},"inLanguage":"es","potentialAction":[{"@type":"ReadAction","target":["https:\/\/www.sonoraenequipo.com.mx\/thiare-casarez-vuelve-al-paratletismo-como-juez-despues-de-anos-en-la-pista\/"]}]},{"@type":"ImageObject","inLanguage":"es","@id":"https:\/\/www.sonoraenequipo.com.mx\/thiare-casarez-vuelve-al-paratletismo-como-juez-despues-de-anos-en-la-pista\/#primaryimage","url":"https:\/\/www.sonoraenequipo.com.mx\/storage\/2022\/11\/thiare.jpg","contentUrl":"https:\/\/www.sonoraenequipo.com.mx\/storage\/2022\/11\/thiare.jpg","width":600,"height":400},{"@type":"BreadcrumbList","@id":"https:\/\/www.sonoraenequipo.com.mx\/thiare-casarez-vuelve-al-paratletismo-como-juez-despues-de-anos-en-la-pista\/#breadcrumb","itemListElement":[{"@type":"ListItem","position":1,"name":"Portada","item":"https:\/\/www.sonoraenequipo.com.mx\/"},{"@type":"ListItem","position":2,"name":"Thiar\u00e9 C\u00e1sarez vuelve al paratletismo como juez, despu\u00e9s de a\u00f1os en la pista"}]},{"@type":"WebSite","@id":"https:\/\/www.sonoraenequipo.com.mx\/#website","url":"https:\/\/www.sonoraenequipo.com.mx\/","name":"Sonora en Equipo.","description":"Diario en l\u00ednea con Noticias desde Hermosillo, Sonora","publisher":{"@id":"https:\/\/www.sonoraenequipo.com.mx\/#organization"},"potentialAction":[{"@type":"SearchAction","target":{"@type":"EntryPoint","urlTemplate":"https:\/\/www.sonoraenequipo.com.mx\/?s={search_term_string}"},"query-input":{"@type":"PropertyValueSpecification","valueRequired":true,"valueName":"search_term_string"}}],"inLanguage":"es"},{"@type":"Organization","@id":"https:\/\/www.sonoraenequipo.com.mx\/#organization","name":"Sonoraenequipo.com.mx","url":"https:\/\/www.sonoraenequipo.com.mx\/","logo":{"@type":"ImageObject","inLanguage":"es","@id":"https:\/\/www.sonoraenequipo.com.mx\/#\/schema\/logo\/image\/","url":"https:\/\/www.sonoraenequipo.com.mx\/storage\/2019\/01\/sonoraenequipo_opt.png","contentUrl":"https:\/\/www.sonoraenequipo.com.mx\/storage\/2019\/01\/sonoraenequipo_opt.png","width":375,"height":125,"caption":"Sonoraenequipo.com.mx"},"image":{"@id":"https:\/\/www.sonoraenequipo.com.mx\/#\/schema\/logo\/image\/"},"sameAs":["https:\/\/www.facebook.com\/SonoraEE\/","https:\/\/x.com\/sonoraenequipo","https:\/\/www.youtube.com\/channel\/UC338nW-lPEYmJQs4ZABQ1SQ"]},{"@type":"Person","@id":"https:\/\/www.sonoraenequipo.com.mx\/#\/schema\/person\/50102df0fb23a8fa9e8effad8fa81386","name":"enequipo","image":{"@type":"ImageObject","inLanguage":"es","@id":"https:\/\/www.sonoraenequipo.com.mx\/#\/schema\/person\/image\/","url":"https:\/\/secure.gravatar.com\/avatar\/049821681b589dabc0bc20695993ccebb09f5b5d4d790cd9251b97faac7c652b?s=96&d=blank&r=g","contentUrl":"https:\/\/secure.gravatar.com\/avatar\/049821681b589dabc0bc20695993ccebb09f5b5d4d790cd9251b97faac7c652b?s=96&d=blank&r=g","caption":"enequipo"},"sameAs":["https:\/\/www.facebook.com\/SonoraEE"]}]}},"jetpack_featured_media_url":"https:\/\/www.sonoraenequipo.com.mx\/storage\/2022\/11\/thiare.jpg","_links":{"self":[{"href":"https:\/\/www.sonoraenequipo.com.mx\/api\/wp\/v2\/posts\/152876","targetHints":{"allow":["GET"]}}],"collection":[{"href":"https:\/\/www.sonoraenequipo.com.mx\/api\/wp\/v2\/posts"}],"about":[{"href":"https:\/\/www.sonoraenequipo.com.mx\/api\/wp\/v2\/types\/post"}],"author":[{"embeddable":true,"href":"https:\/\/www.sonoraenequipo.com.mx\/api\/wp\/v2\/users\/1"}],"replies":[{"embeddable":true,"href":"https:\/\/www.sonoraenequipo.com.mx\/api\/wp\/v2\/comments?post=152876"}],"version-history":[{"count":1,"href":"https:\/\/www.sonoraenequipo.com.mx\/api\/wp\/v2\/posts\/152876\/revisions"}],"predecessor-version":[{"id":152878,"href":"https:\/\/www.sonoraenequipo.com.mx\/api\/wp\/v2\/posts\/152876\/revisions\/152878"}],"wp:featuredmedia":[{"embeddable":true,"href":"https:\/\/www.sonoraenequipo.com.mx\/api\/wp\/v2\/media\/152877"}],"wp:attachment":[{"href":"https:\/\/www.sonoraenequipo.com.mx\/api\/wp\/v2\/media?parent=152876"}],"wp:term":[{"taxonomy":"category","embeddable":true,"href":"https:\/\/www.sonoraenequipo.com.mx\/api\/wp\/v2\/categories?post=152876"},{"taxonomy":"post_tag","embeddable":true,"href":"https:\/\/www.sonoraenequipo.com.mx\/api\/wp\/v2\/tags?post=152876"}],"curies":[{"name":"wp","href":"https:\/\/api.w.org\/{rel}","templated":true}]}}