{"id":153077,"date":"2022-11-25T13:50:12","date_gmt":"2022-11-25T20:50:12","guid":{"rendered":"https:\/\/www.sonoraenequipo.com.mx\/?p=153077"},"modified":"2022-11-25T13:50:12","modified_gmt":"2022-11-25T20:50:12","slug":"la-agencia-espacial-europea-selecciona-a-dos-astronautas-espanoles","status":"publish","type":"post","link":"https:\/\/www.sonoraenequipo.com.mx\/la-agencia-espacial-europea-selecciona-a-dos-astronautas-espanoles\/","title":{"rendered":"La Agencia Espacial Europea selecciona a dos astronautas espa\u00f1oles"},"content":{"rendered":"<p>\u25baEl ingeniero Pablo \u00c1lvarez va a formar parte del cuerpo titular de astronautas de la ESA, y la investigadora Sara Garc\u00eda, del equipo de reserva, seg\u00fan se ha anunciado hoy en Par\u00eds. Ahora iniciar\u00e1n un exigente programa de entrenamiento para poder participar en las futuras misiones espaciales tripuladas.<\/p>\n<p>La Agencia Espacial Europea (ESA) ha anunciado este mi\u00e9rcoles en Paris a los integrantes de su nueva promoci\u00f3n de astronautas, que en el futuro podr\u00e1n participar en vuelos tripulados.<\/p>\n<p>&nbsp;<\/p>\n<p>Entre los 17 profesionales seleccionados se encuentran dos espa\u00f1oles: el ingeniero Pablo \u00c1lvarez Fern\u00e1ndez y la investigadora Sara Garc\u00eda Alonso.<\/p>\n<p>&nbsp;<\/p>\n<p>Tras Pedro Duque hace 30 a\u00f1os, ahora la ESA ha elegido a otros espa\u00f1oles para su nueva promoci\u00f3n de astronautas: el ingeniero Pablo \u00c1lvarez y la investigadora Sara Garc\u00eda<\/p>\n<p>&nbsp;<\/p>\n<p>&nbsp;<\/p>\n<p>La ministra de Ciencia e Innovaci\u00f3n, Diana Morant, ha asistido al acto de presentaci\u00f3n y ya ha felicitado a los astronautas nacionales por haber logrado este hito hist\u00f3rico ya que, desde hace 30 a\u00f1os, Espa\u00f1a no contaba con ning\u00fan miembro en este selecto cuerpo de astronautas de la ESA.<\/p>\n<p>&nbsp;<\/p>\n<p>Desde el proceso de selecci\u00f3n de 1992, en el que fue elegido Pedro Duque, solo ha habido dos convocatorias, una en 1998 y otra en 2008, donde no hubo ning\u00fan espa\u00f1ol seleccionado. El astronauta hispanoestadounidense Michael L\u00f3pez-Alegr\u00eda tambi\u00e9n particip\u00f3 en varias misiones espaciales, pero de la NASA.<\/p>\n<p>&nbsp;<\/p>\n<p>Perfil de los nuevos astronautas espa\u00f1oles de la ESA<\/p>\n<p>Pablo \u00c1lvarez formar\u00e1 parte del cuerpo titular de astronautas de la ESA. Es ingeniero aeron\u00e1utico por la Universidad de Le\u00f3n y tiene un m\u00e1ster en ingenier\u00eda aeroespacial por la Universidad Polit\u00e9cnica de Varsovia.<\/p>\n<p>&nbsp;<\/p>\n<p>Pablo \u00c1lvarez, ingeniero aeron\u00e1utico que ha trabajado para Airbus y en el programa ExoMars, formar\u00e1 parte del cuerpo titular de astronautas.<\/p>\n<p>&nbsp;<\/p>\n<p>Trabaj\u00f3 como ingeniero de estructuras de varios programas de aeronaves de Airbus, tanto en Espa\u00f1a como en Francia y Reino Unido y como arquitecto mec\u00e1nico del programa ExoMars Rover de la ESA destinado en Airbus Defensa y Espacio en Reino Unido. En los \u00faltimos a\u00f1os trabajaba como responsable de proyectos de Airbus en Espa\u00f1a realizando apoyo a proyectos en plantas de producci\u00f3n de la empresa.<\/p>\n<p>&nbsp;<\/p>\n<p>Por su parte, Sara Garc\u00eda formar\u00e1 parte del equipo de astronautas de reserva, compuesto por los candidatos y candidatas que han superado todo el proceso de selecci\u00f3n, pero no han sido incorporados al cuerpo titular.<\/p>\n<p>&nbsp;<\/p>\n<p>La biotecn\u00f3loga Sara Garc\u00eda, investigadora en el Centro Nacional de Investigaciones Oncol\u00f3gicas (CNIO), entra en el equipo de astronautas de reserva<\/p>\n<p>&nbsp;<\/p>\n<p>&nbsp;<\/p>\n<p>Garc\u00eda estudi\u00f3 el grado y el master de Biotecnolog\u00eda en la Universidad de Le\u00f3n. Posteriormente realiz\u00f3 la tesis doctoral en el Centro de Investigaci\u00f3n del C\u00e1ncer de Salamanca y, actualmente, trabaja como investigadora posdoctoral en el Centro Nacional de Investigaciones Oncol\u00f3gicas (CNIO), el mayor organismo de investigaci\u00f3n del c\u00e1ncer en Espa\u00f1a, dependiente del Ministerio de Ciencia e Innovaci\u00f3n.<\/p>\n<p>&nbsp;<\/p>\n<p>La ministra Morant ha se\u00f1alado que tener a dos espa\u00f1oles entre los astronautas de la ESA es un logro de la apuesta del Gobierno de Espa\u00f1a por el sector aeroespacial. \u201cDesde 2019, hemos incrementado un 50% la cuota anual de Espa\u00f1a a la ESA, hemos puesto en marcha el PERTE aeroespacial, que va a movilizar m\u00e1s de 4.500 millones de euros, y vamos a crear la Agencia Espacial Espa\u00f1ola\u201d, ha declarado.<\/p>\n<p>&nbsp;<\/p>\n<p>Proceso de selecci\u00f3n de astronautas<\/p>\n<p>El proceso de selecci\u00f3n de la nueva promoci\u00f3n de astronautas se inici\u00f3 el a\u00f1o pasado. A \u00e9l se presentaron 22.523 solicitudes de toda Europa, de las que m\u00e1s de 1.300 fueron de Espa\u00f1a.<\/p>\n<p>&nbsp;<\/p>\n<p>Tras ser seleccionados, los astronautas iniciar\u00e1n un exigente programa de entrenamiento que les permitir\u00e1 participar en las misiones espaciales en las pr\u00f3ximas d\u00e9cadas. Se espera que los nuevos astronautas participen en las actividades de la estaci\u00f3n espacial internacional (ISS) y en otras grandes misiones de gran relevancia internacional.<\/p>\n<p>&nbsp;<\/p>\n<p>Desde el inicio de los vuelos espaciales de la ESA en los a\u00f1os 80, solo se han elegido 30 astronautas europeos, adem\u00e1s de los de esta promoci\u00f3n.<\/p>\n<p>Fuente Agencia Sinc<\/p>\n<p><strong><em><u>Fecha de publicaci\u00f3n\u00a0 viernes 25\u00a0 de noviembre de 2022<\/u><\/em><\/strong><\/p>\n<p>&nbsp;<\/p>\n<p>&nbsp;<\/p>\n","protected":false},"excerpt":{"rendered":"<p>\u25baEl ingeniero Pablo \u00c1lvarez va a formar parte del cuerpo titular de astronautas de la&#8230;<\/p>\n","protected":false},"author":1,"featured_media":153078,"comment_status":"open","ping_status":"open","sticky":false,"template":"","format":"standard","meta":{"_monsterinsights_skip_tracking":false,"_monsterinsights_sitenote_active":false,"_monsterinsights_sitenote_note":"","_monsterinsights_sitenote_category":0,"footnotes":""},"categories":[2216],"tags":[],"class_list":["post"],"yoast_head":" \n<title>Sonora en Equipo. La Agencia Espacial Europea selecciona a dos astronautas espa\u00f1oles Ciencia y Tecnolog\u00eda<\/title>\n<meta name=\"description\" content=\"\u25baEl ingeniero Pablo \u00c1lvarez va a formar parte del cuerpo titular de astronautas de la ESA, y la investigadora Sara Garc\u00eda, del equipo de reserva, seg\u00fan se En Sonora en Equipo publicamos toda la informaci\u00f3n de Sonora, M\u00e9xico y el Mundo de manera oportuna y busca que la libertad de expresi\u00f3n sea real. Visita nuestro medio informativo publicado desde Hermosillo, Sonora. %\" \/>\n<meta name=\"robots\" content=\"index, follow, max-snippet:-1, max-image-preview:large, max-video-preview:-1\" \/>\n<link rel=\"canonical\" href=\"https:\/\/www.sonoraenequipo.com.mx\/la-agencia-espacial-europea-selecciona-a-dos-astronautas-espanoles\/\" \/>\n<meta property=\"og:locale\" content=\"es_ES\" \/>\n<meta property=\"og:type\" content=\"article\" \/>\n<meta property=\"og:title\" content=\"Sonora en Equipo. La Agencia Espacial Europea selecciona a dos astronautas espa\u00f1oles Ciencia y Tecnolog\u00eda\" \/>\n<meta property=\"og:description\" content=\"\u25baEl ingeniero Pablo \u00c1lvarez va a formar parte del cuerpo titular de astronautas de la ESA, y la investigadora Sara Garc\u00eda, del equipo de reserva, seg\u00fan se En Sonora en Equipo publicamos toda la informaci\u00f3n de Sonora, M\u00e9xico y el Mundo de manera oportuna y busca que la libertad de expresi\u00f3n sea real. Visita nuestro medio informativo publicado desde Hermosillo, Sonora. %\" \/>\n<meta property=\"og:url\" content=\"https:\/\/www.sonoraenequipo.com.mx\/la-agencia-espacial-europea-selecciona-a-dos-astronautas-espanoles\/\" \/>\n<meta property=\"og:site_name\" content=\"Sonora en Equipo.\" \/>\n<meta property=\"article:publisher\" content=\"https:\/\/www.facebook.com\/SonoraEE\/\" \/>\n<meta property=\"article:author\" content=\"https:\/\/www.facebook.com\/SonoraEE\" \/>\n<meta property=\"article:published_time\" content=\"2022-11-25T20:50:12+00:00\" \/>\n<meta property=\"og:image\" content=\"https:\/\/www.sonoraenequipo.com.mx\/storage\/2022\/11\/astronautas-espana.jpg\" \/>\n\t<meta property=\"og:image:width\" content=\"600\" \/>\n\t<meta property=\"og:image:height\" content=\"400\" \/>\n\t<meta property=\"og:image:type\" content=\"image\/jpeg\" \/>\n<meta name=\"author\" content=\"enequipo\" \/>\n<meta name=\"twitter:card\" content=\"summary_large_image\" \/>\n<meta name=\"twitter:creator\" content=\"@sonoraenequipo\" \/>\n<meta name=\"twitter:site\" content=\"@sonoraenequipo\" \/>\n<meta name=\"twitter:label1\" content=\"Escrito por\" \/>\n\t<meta name=\"twitter:data1\" content=\"enequipo\" \/>\n\t<meta name=\"twitter:label2\" content=\"Tiempo de lectura\" \/>\n\t<meta name=\"twitter:data2\" content=\"4 minutos\" \/>\n<script type=\"application\/ld+json\" class=\"yoast-schema-graph\">{\"@context\":\"https:\/\/schema.org\",\"@graph\":[{\"@type\":\"Article\",\"@id\":\"https:\/\/www.sonoraenequipo.com.mx\/la-agencia-espacial-europea-selecciona-a-dos-astronautas-espanoles\/#article\",\"isPartOf\":{\"@id\":\"https:\/\/www.sonoraenequipo.com.mx\/la-agencia-espacial-europea-selecciona-a-dos-astronautas-espanoles\/\"},\"author\":{\"name\":\"enequipo\",\"@id\":\"https:\/\/www.sonoraenequipo.com.mx\/#\/schema\/person\/50102df0fb23a8fa9e8effad8fa81386\"},\"headline\":\"La Agencia Espacial Europea selecciona a dos astronautas espa\u00f1oles\",\"datePublished\":\"2022-11-25T20:50:12+00:00\",\"mainEntityOfPage\":{\"@id\":\"https:\/\/www.sonoraenequipo.com.mx\/la-agencia-espacial-europea-selecciona-a-dos-astronautas-espanoles\/\"},\"wordCount\":746,\"commentCount\":0,\"publisher\":{\"@id\":\"https:\/\/www.sonoraenequipo.com.mx\/#organization\"},\"image\":{\"@id\":\"https:\/\/www.sonoraenequipo.com.mx\/la-agencia-espacial-europea-selecciona-a-dos-astronautas-espanoles\/#primaryimage\"},\"thumbnailUrl\":\"https:\/\/www.sonoraenequipo.com.mx\/storage\/2022\/11\/astronautas-espana.jpg\",\"articleSection\":[\"Ciencia y Tecnolog\u00eda\"],\"inLanguage\":\"es\",\"potentialAction\":[{\"@type\":\"CommentAction\",\"name\":\"Comment\",\"target\":[\"https:\/\/www.sonoraenequipo.com.mx\/la-agencia-espacial-europea-selecciona-a-dos-astronautas-espanoles\/#respond\"]}]},{\"@type\":\"WebPage\",\"@id\":\"https:\/\/www.sonoraenequipo.com.mx\/la-agencia-espacial-europea-selecciona-a-dos-astronautas-espanoles\/\",\"url\":\"https:\/\/www.sonoraenequipo.com.mx\/la-agencia-espacial-europea-selecciona-a-dos-astronautas-espanoles\/\",\"name\":\"Sonora en Equipo. La Agencia Espacial Europea selecciona a dos astronautas espa\u00f1oles Ciencia y Tecnolog\u00eda\",\"isPartOf\":{\"@id\":\"https:\/\/www.sonoraenequipo.com.mx\/#website\"},\"primaryImageOfPage\":{\"@id\":\"https:\/\/www.sonoraenequipo.com.mx\/la-agencia-espacial-europea-selecciona-a-dos-astronautas-espanoles\/#primaryimage\"},\"image\":{\"@id\":\"https:\/\/www.sonoraenequipo.com.mx\/la-agencia-espacial-europea-selecciona-a-dos-astronautas-espanoles\/#primaryimage\"},\"thumbnailUrl\":\"https:\/\/www.sonoraenequipo.com.mx\/storage\/2022\/11\/astronautas-espana.jpg\",\"datePublished\":\"2022-11-25T20:50:12+00:00\",\"description\":\"\u25baEl ingeniero Pablo \u00c1lvarez va a formar parte del cuerpo titular de astronautas de la ESA, y la investigadora Sara Garc\u00eda, del equipo de reserva, seg\u00fan se En Sonora en Equipo publicamos toda la informaci\u00f3n de Sonora, M\u00e9xico y el Mundo de manera oportuna y busca que la libertad de expresi\u00f3n sea real. Visita nuestro medio informativo publicado desde Hermosillo, Sonora. %\",\"breadcrumb\":{\"@id\":\"https:\/\/www.sonoraenequipo.com.mx\/la-agencia-espacial-europea-selecciona-a-dos-astronautas-espanoles\/#breadcrumb\"},\"inLanguage\":\"es\",\"potentialAction\":[{\"@type\":\"ReadAction\",\"target\":[\"https:\/\/www.sonoraenequipo.com.mx\/la-agencia-espacial-europea-selecciona-a-dos-astronautas-espanoles\/\"]}]},{\"@type\":\"ImageObject\",\"inLanguage\":\"es\",\"@id\":\"https:\/\/www.sonoraenequipo.com.mx\/la-agencia-espacial-europea-selecciona-a-dos-astronautas-espanoles\/#primaryimage\",\"url\":\"https:\/\/www.sonoraenequipo.com.mx\/storage\/2022\/11\/astronautas-espana.jpg\",\"contentUrl\":\"https:\/\/www.sonoraenequipo.com.mx\/storage\/2022\/11\/astronautas-espana.jpg\",\"width\":600,\"height\":400},{\"@type\":\"BreadcrumbList\",\"@id\":\"https:\/\/www.sonoraenequipo.com.mx\/la-agencia-espacial-europea-selecciona-a-dos-astronautas-espanoles\/#breadcrumb\",\"itemListElement\":[{\"@type\":\"ListItem\",\"position\":1,\"name\":\"Portada\",\"item\":\"https:\/\/www.sonoraenequipo.com.mx\/\"},{\"@type\":\"ListItem\",\"position\":2,\"name\":\"La Agencia Espacial Europea selecciona a dos astronautas espa\u00f1oles\"}]},{\"@type\":\"WebSite\",\"@id\":\"https:\/\/www.sonoraenequipo.com.mx\/#website\",\"url\":\"https:\/\/www.sonoraenequipo.com.mx\/\",\"name\":\"Sonora en Equipo.\",\"description\":\"Diario en l\u00ednea con Noticias desde Hermosillo, Sonora\",\"publisher\":{\"@id\":\"https:\/\/www.sonoraenequipo.com.mx\/#organization\"},\"potentialAction\":[{\"@type\":\"SearchAction\",\"target\":{\"@type\":\"EntryPoint\",\"urlTemplate\":\"https:\/\/www.sonoraenequipo.com.mx\/?s={search_term_string}\"},\"query-input\":{\"@type\":\"PropertyValueSpecification\",\"valueRequired\":true,\"valueName\":\"search_term_string\"}}],\"inLanguage\":\"es\"},{\"@type\":\"Organization\",\"@id\":\"https:\/\/www.sonoraenequipo.com.mx\/#organization\",\"name\":\"Sonoraenequipo.com.mx\",\"url\":\"https:\/\/www.sonoraenequipo.com.mx\/\",\"logo\":{\"@type\":\"ImageObject\",\"inLanguage\":\"es\",\"@id\":\"https:\/\/www.sonoraenequipo.com.mx\/#\/schema\/logo\/image\/\",\"url\":\"https:\/\/www.sonoraenequipo.com.mx\/storage\/2019\/01\/sonoraenequipo_opt.png\",\"contentUrl\":\"https:\/\/www.sonoraenequipo.com.mx\/storage\/2019\/01\/sonoraenequipo_opt.png\",\"width\":375,\"height\":125,\"caption\":\"Sonoraenequipo.com.mx\"},\"image\":{\"@id\":\"https:\/\/www.sonoraenequipo.com.mx\/#\/schema\/logo\/image\/\"},\"sameAs\":[\"https:\/\/www.facebook.com\/SonoraEE\/\",\"https:\/\/x.com\/sonoraenequipo\",\"https:\/\/www.youtube.com\/channel\/UC338nW-lPEYmJQs4ZABQ1SQ\"]},{\"@type\":\"Person\",\"@id\":\"https:\/\/www.sonoraenequipo.com.mx\/#\/schema\/person\/50102df0fb23a8fa9e8effad8fa81386\",\"name\":\"enequipo\",\"image\":{\"@type\":\"ImageObject\",\"inLanguage\":\"es\",\"@id\":\"https:\/\/www.sonoraenequipo.com.mx\/#\/schema\/person\/image\/\",\"url\":\"https:\/\/secure.gravatar.com\/avatar\/049821681b589dabc0bc20695993ccebb09f5b5d4d790cd9251b97faac7c652b?s=96&d=blank&r=g\",\"contentUrl\":\"https:\/\/secure.gravatar.com\/avatar\/049821681b589dabc0bc20695993ccebb09f5b5d4d790cd9251b97faac7c652b?s=96&d=blank&r=g\",\"caption\":\"enequipo\"},\"sameAs\":[\"https:\/\/www.facebook.com\/SonoraEE\"]}]}<\/script>\n ","yoast_head_json":{"title":"Sonora en Equipo. La Agencia Espacial Europea selecciona a dos astronautas espa\u00f1oles Ciencia y Tecnolog\u00eda","description":"\u25baEl ingeniero Pablo \u00c1lvarez va a formar parte del cuerpo titular de astronautas de la ESA, y la investigadora Sara Garc\u00eda, del equipo de reserva, seg\u00fan se En Sonora en Equipo publicamos toda la informaci\u00f3n de Sonora, M\u00e9xico y el Mundo de manera oportuna y busca que la libertad de expresi\u00f3n sea real. Visita nuestro medio informativo publicado desde Hermosillo, Sonora. %","robots":{"index":"index","follow":"follow","max-snippet":"max-snippet:-1","max-image-preview":"max-image-preview:large","max-video-preview":"max-video-preview:-1"},"canonical":"https:\/\/www.sonoraenequipo.com.mx\/la-agencia-espacial-europea-selecciona-a-dos-astronautas-espanoles\/","og_locale":"es_ES","og_type":"article","og_title":"Sonora en Equipo. La Agencia Espacial Europea selecciona a dos astronautas espa\u00f1oles Ciencia y Tecnolog\u00eda","og_description":"\u25baEl ingeniero Pablo \u00c1lvarez va a formar parte del cuerpo titular de astronautas de la ESA, y la investigadora Sara Garc\u00eda, del equipo de reserva, seg\u00fan se En Sonora en Equipo publicamos toda la informaci\u00f3n de Sonora, M\u00e9xico y el Mundo de manera oportuna y busca que la libertad de expresi\u00f3n sea real. Visita nuestro medio informativo publicado desde Hermosillo, Sonora. %","og_url":"https:\/\/www.sonoraenequipo.com.mx\/la-agencia-espacial-europea-selecciona-a-dos-astronautas-espanoles\/","og_site_name":"Sonora en Equipo.","article_publisher":"https:\/\/www.facebook.com\/SonoraEE\/","article_author":"https:\/\/www.facebook.com\/SonoraEE","article_published_time":"2022-11-25T20:50:12+00:00","og_image":[{"width":600,"height":400,"url":"https:\/\/www.sonoraenequipo.com.mx\/storage\/2022\/11\/astronautas-espana.jpg","type":"image\/jpeg"}],"author":"enequipo","twitter_card":"summary_large_image","twitter_creator":"@sonoraenequipo","twitter_site":"@sonoraenequipo","twitter_misc":{"Escrito por":"enequipo","Tiempo de lectura":"4 minutos"},"schema":{"@context":"https:\/\/schema.org","@graph":[{"@type":"Article","@id":"https:\/\/www.sonoraenequipo.com.mx\/la-agencia-espacial-europea-selecciona-a-dos-astronautas-espanoles\/#article","isPartOf":{"@id":"https:\/\/www.sonoraenequipo.com.mx\/la-agencia-espacial-europea-selecciona-a-dos-astronautas-espanoles\/"},"author":{"name":"enequipo","@id":"https:\/\/www.sonoraenequipo.com.mx\/#\/schema\/person\/50102df0fb23a8fa9e8effad8fa81386"},"headline":"La Agencia Espacial Europea selecciona a dos astronautas espa\u00f1oles","datePublished":"2022-11-25T20:50:12+00:00","mainEntityOfPage":{"@id":"https:\/\/www.sonoraenequipo.com.mx\/la-agencia-espacial-europea-selecciona-a-dos-astronautas-espanoles\/"},"wordCount":746,"commentCount":0,"publisher":{"@id":"https:\/\/www.sonoraenequipo.com.mx\/#organization"},"image":{"@id":"https:\/\/www.sonoraenequipo.com.mx\/la-agencia-espacial-europea-selecciona-a-dos-astronautas-espanoles\/#primaryimage"},"thumbnailUrl":"https:\/\/www.sonoraenequipo.com.mx\/storage\/2022\/11\/astronautas-espana.jpg","articleSection":["Ciencia y Tecnolog\u00eda"],"inLanguage":"es","potentialAction":[{"@type":"CommentAction","name":"Comment","target":["https:\/\/www.sonoraenequipo.com.mx\/la-agencia-espacial-europea-selecciona-a-dos-astronautas-espanoles\/#respond"]}]},{"@type":"WebPage","@id":"https:\/\/www.sonoraenequipo.com.mx\/la-agencia-espacial-europea-selecciona-a-dos-astronautas-espanoles\/","url":"https:\/\/www.sonoraenequipo.com.mx\/la-agencia-espacial-europea-selecciona-a-dos-astronautas-espanoles\/","name":"Sonora en Equipo. La Agencia Espacial Europea selecciona a dos astronautas espa\u00f1oles Ciencia y Tecnolog\u00eda","isPartOf":{"@id":"https:\/\/www.sonoraenequipo.com.mx\/#website"},"primaryImageOfPage":{"@id":"https:\/\/www.sonoraenequipo.com.mx\/la-agencia-espacial-europea-selecciona-a-dos-astronautas-espanoles\/#primaryimage"},"image":{"@id":"https:\/\/www.sonoraenequipo.com.mx\/la-agencia-espacial-europea-selecciona-a-dos-astronautas-espanoles\/#primaryimage"},"thumbnailUrl":"https:\/\/www.sonoraenequipo.com.mx\/storage\/2022\/11\/astronautas-espana.jpg","datePublished":"2022-11-25T20:50:12+00:00","description":"\u25baEl ingeniero Pablo \u00c1lvarez va a formar parte del cuerpo titular de astronautas de la ESA, y la investigadora Sara Garc\u00eda, del equipo de reserva, seg\u00fan se En Sonora en Equipo publicamos toda la informaci\u00f3n de Sonora, M\u00e9xico y el Mundo de manera oportuna y busca que la libertad de expresi\u00f3n sea real. Visita nuestro medio informativo publicado desde Hermosillo, Sonora. %","breadcrumb":{"@id":"https:\/\/www.sonoraenequipo.com.mx\/la-agencia-espacial-europea-selecciona-a-dos-astronautas-espanoles\/#breadcrumb"},"inLanguage":"es","potentialAction":[{"@type":"ReadAction","target":["https:\/\/www.sonoraenequipo.com.mx\/la-agencia-espacial-europea-selecciona-a-dos-astronautas-espanoles\/"]}]},{"@type":"ImageObject","inLanguage":"es","@id":"https:\/\/www.sonoraenequipo.com.mx\/la-agencia-espacial-europea-selecciona-a-dos-astronautas-espanoles\/#primaryimage","url":"https:\/\/www.sonoraenequipo.com.mx\/storage\/2022\/11\/astronautas-espana.jpg","contentUrl":"https:\/\/www.sonoraenequipo.com.mx\/storage\/2022\/11\/astronautas-espana.jpg","width":600,"height":400},{"@type":"BreadcrumbList","@id":"https:\/\/www.sonoraenequipo.com.mx\/la-agencia-espacial-europea-selecciona-a-dos-astronautas-espanoles\/#breadcrumb","itemListElement":[{"@type":"ListItem","position":1,"name":"Portada","item":"https:\/\/www.sonoraenequipo.com.mx\/"},{"@type":"ListItem","position":2,"name":"La Agencia Espacial Europea selecciona a dos astronautas espa\u00f1oles"}]},{"@type":"WebSite","@id":"https:\/\/www.sonoraenequipo.com.mx\/#website","url":"https:\/\/www.sonoraenequipo.com.mx\/","name":"Sonora en Equipo.","description":"Diario en l\u00ednea con Noticias desde Hermosillo, Sonora","publisher":{"@id":"https:\/\/www.sonoraenequipo.com.mx\/#organization"},"potentialAction":[{"@type":"SearchAction","target":{"@type":"EntryPoint","urlTemplate":"https:\/\/www.sonoraenequipo.com.mx\/?s={search_term_string}"},"query-input":{"@type":"PropertyValueSpecification","valueRequired":true,"valueName":"search_term_string"}}],"inLanguage":"es"},{"@type":"Organization","@id":"https:\/\/www.sonoraenequipo.com.mx\/#organization","name":"Sonoraenequipo.com.mx","url":"https:\/\/www.sonoraenequipo.com.mx\/","logo":{"@type":"ImageObject","inLanguage":"es","@id":"https:\/\/www.sonoraenequipo.com.mx\/#\/schema\/logo\/image\/","url":"https:\/\/www.sonoraenequipo.com.mx\/storage\/2019\/01\/sonoraenequipo_opt.png","contentUrl":"https:\/\/www.sonoraenequipo.com.mx\/storage\/2019\/01\/sonoraenequipo_opt.png","width":375,"height":125,"caption":"Sonoraenequipo.com.mx"},"image":{"@id":"https:\/\/www.sonoraenequipo.com.mx\/#\/schema\/logo\/image\/"},"sameAs":["https:\/\/www.facebook.com\/SonoraEE\/","https:\/\/x.com\/sonoraenequipo","https:\/\/www.youtube.com\/channel\/UC338nW-lPEYmJQs4ZABQ1SQ"]},{"@type":"Person","@id":"https:\/\/www.sonoraenequipo.com.mx\/#\/schema\/person\/50102df0fb23a8fa9e8effad8fa81386","name":"enequipo","image":{"@type":"ImageObject","inLanguage":"es","@id":"https:\/\/www.sonoraenequipo.com.mx\/#\/schema\/person\/image\/","url":"https:\/\/secure.gravatar.com\/avatar\/049821681b589dabc0bc20695993ccebb09f5b5d4d790cd9251b97faac7c652b?s=96&d=blank&r=g","contentUrl":"https:\/\/secure.gravatar.com\/avatar\/049821681b589dabc0bc20695993ccebb09f5b5d4d790cd9251b97faac7c652b?s=96&d=blank&r=g","caption":"enequipo"},"sameAs":["https:\/\/www.facebook.com\/SonoraEE"]}]}},"jetpack_featured_media_url":"https:\/\/www.sonoraenequipo.com.mx\/storage\/2022\/11\/astronautas-espana.jpg","_links":{"self":[{"href":"https:\/\/www.sonoraenequipo.com.mx\/api\/wp\/v2\/posts\/153077","targetHints":{"allow":["GET"]}}],"collection":[{"href":"https:\/\/www.sonoraenequipo.com.mx\/api\/wp\/v2\/posts"}],"about":[{"href":"https:\/\/www.sonoraenequipo.com.mx\/api\/wp\/v2\/types\/post"}],"author":[{"embeddable":true,"href":"https:\/\/www.sonoraenequipo.com.mx\/api\/wp\/v2\/users\/1"}],"replies":[{"embeddable":true,"href":"https:\/\/www.sonoraenequipo.com.mx\/api\/wp\/v2\/comments?post=153077"}],"version-history":[{"count":1,"href":"https:\/\/www.sonoraenequipo.com.mx\/api\/wp\/v2\/posts\/153077\/revisions"}],"predecessor-version":[{"id":153079,"href":"https:\/\/www.sonoraenequipo.com.mx\/api\/wp\/v2\/posts\/153077\/revisions\/153079"}],"wp:featuredmedia":[{"embeddable":true,"href":"https:\/\/www.sonoraenequipo.com.mx\/api\/wp\/v2\/media\/153078"}],"wp:attachment":[{"href":"https:\/\/www.sonoraenequipo.com.mx\/api\/wp\/v2\/media?parent=153077"}],"wp:term":[{"taxonomy":"category","embeddable":true,"href":"https:\/\/www.sonoraenequipo.com.mx\/api\/wp\/v2\/categories?post=153077"},{"taxonomy":"post_tag","embeddable":true,"href":"https:\/\/www.sonoraenequipo.com.mx\/api\/wp\/v2\/tags?post=153077"}],"curies":[{"name":"wp","href":"https:\/\/api.w.org\/{rel}","templated":true}]}}