{"id":1533,"date":"2015-12-16T04:25:20","date_gmt":"2015-12-16T04:25:20","guid":{"rendered":"http:\/\/www.sonoraenequipo.com.mx\/?p=1533"},"modified":"2015-12-17T04:26:26","modified_gmt":"2015-12-17T04:26:26","slug":"buscan-aumentar-prestaciones-a-sindicalizados-de-sueisssteson","status":"publish","type":"post","link":"https:\/\/www.sonoraenequipo.com.mx\/buscan-aumentar-prestaciones-a-sindicalizados-de-sueisssteson\/","title":{"rendered":"Buscan aumentar prestaciones a sindicalizados de SUEISSSTESON"},"content":{"rendered":"<p>16122015.HERMOSILLO, SONORA.MX.\u2014 El Sindicato \u00danico de Empleados del Isssteson, negocia un aumento en las prestaciones de sus 2 mil 600 trabajadores agremiados. <\/p>\n<p>X\u00f3chitl Nohem\u00ed Preciado Ram\u00edrez, secretaria general del Sueisssteson, detall\u00f3 los puntos del pliego petitorio.<\/p>\n<p>\u00abDentro de las prestaciones que estamos pidiendo est\u00e1 una tabulaci\u00f3n para los m\u00e9dicos, que son alrededor de 400 m\u00e9dicos en todo el estado, un aumento para ellos, tambi\u00e9n estamos pidiendo para las enfermeras generales con especialidad, que son alrededor de 200 enfermeras\u00bb, explic\u00f3.<\/p>\n<p>Uno de los principales puntos de las negociaciones es el incremento al Seguro de Retiro de los trabajadores.<\/p>\n<p>\u00abEl incremento del Seguro de Retiro que antes de mi gesti\u00f3n estaba en 100 mil y ahorita lo tenemos en 200 mil, y queremos incrementarlo a 250 mil, esto es cuando un trabajador se pensione o se jubile, pues se vaya con 250 mil pesos\u00bb, a\u00f1adi\u00f3.<\/p>\n<p>Respecto al aumento salarial, este es negociado por el Sindicato \u00danico de Trabajadores al Servicio de los Poderes del Estado de Sonora, el Sutspes.<\/p>\n","protected":false},"excerpt":{"rendered":"<p>16122015.HERMOSILLO, SONORA.MX.\u2014 El Sindicato \u00danico de Empleados del Isssteson, negocia un aumento en las prestaciones&#8230;<\/p>\n","protected":false},"author":1,"featured_media":0,"comment_status":"open","ping_status":"open","sticky":false,"template":"","format":"standard","meta":{"_monsterinsights_skip_tracking":false,"_monsterinsights_sitenote_active":false,"_monsterinsights_sitenote_note":"","_monsterinsights_sitenote_category":0,"footnotes":""},"categories":[1,22],"tags":[],"class_list":["post"],"yoast_head":" \n<title>Sonora en Equipo. Buscan aumentar prestaciones a sindicalizados de SUEISSSTESON<\/title>\n<meta name=\"description\" content=\"16122015.HERMOSILLO, SONORA.MX.\u2014 El Sindicato \u00danico de Empleados del Isssteson, negocia un aumento en las prestaciones de sus 2 mil 600 trabajadores En Sonora en Equipo publicamos toda la informaci\u00f3n de Sonora, M\u00e9xico y el Mundo de manera oportuna y busca que la libertad de expresi\u00f3n sea real. Visita nuestro medio informativo publicado desde Hermosillo, Sonora. %\" \/>\n<meta name=\"robots\" content=\"index, follow, max-snippet:-1, max-image-preview:large, max-video-preview:-1\" \/>\n<link rel=\"canonical\" href=\"https:\/\/www.sonoraenequipo.com.mx\/buscan-aumentar-prestaciones-a-sindicalizados-de-sueisssteson\/\" \/>\n<meta property=\"og:locale\" content=\"es_ES\" \/>\n<meta property=\"og:type\" content=\"article\" \/>\n<meta property=\"og:title\" content=\"Sonora en Equipo. Buscan aumentar prestaciones a sindicalizados de SUEISSSTESON\" \/>\n<meta property=\"og:description\" content=\"16122015.HERMOSILLO, SONORA.MX.\u2014 El Sindicato \u00danico de Empleados del Isssteson, negocia un aumento en las prestaciones de sus 2 mil 600 trabajadores En Sonora en Equipo publicamos toda la informaci\u00f3n de Sonora, M\u00e9xico y el Mundo de manera oportuna y busca que la libertad de expresi\u00f3n sea real. Visita nuestro medio informativo publicado desde Hermosillo, Sonora. %\" \/>\n<meta property=\"og:url\" content=\"https:\/\/www.sonoraenequipo.com.mx\/buscan-aumentar-prestaciones-a-sindicalizados-de-sueisssteson\/\" \/>\n<meta property=\"og:site_name\" content=\"Sonora en Equipo.\" \/>\n<meta property=\"article:publisher\" content=\"https:\/\/www.facebook.com\/SonoraEE\/\" \/>\n<meta property=\"article:author\" content=\"https:\/\/www.facebook.com\/SonoraEE\" \/>\n<meta property=\"article:published_time\" content=\"2015-12-16T04:25:20+00:00\" \/>\n<meta property=\"article:modified_time\" content=\"2015-12-17T04:26:26+00:00\" \/>\n<meta name=\"author\" content=\"enequipo\" \/>\n<meta name=\"twitter:card\" content=\"summary_large_image\" \/>\n<meta name=\"twitter:creator\" content=\"@sonoraenequipo\" \/>\n<meta name=\"twitter:site\" content=\"@sonoraenequipo\" \/>\n<meta name=\"twitter:label1\" content=\"Escrito por\" \/>\n\t<meta name=\"twitter:data1\" content=\"enequipo\" \/>\n\t<meta name=\"twitter:label2\" content=\"Tiempo de lectura\" \/>\n\t<meta name=\"twitter:data2\" content=\"1 minuto\" \/>\n<script type=\"application\/ld+json\" class=\"yoast-schema-graph\">{\"@context\":\"https:\/\/schema.org\",\"@graph\":[{\"@type\":\"Article\",\"@id\":\"https:\/\/www.sonoraenequipo.com.mx\/buscan-aumentar-prestaciones-a-sindicalizados-de-sueisssteson\/#article\",\"isPartOf\":{\"@id\":\"https:\/\/www.sonoraenequipo.com.mx\/buscan-aumentar-prestaciones-a-sindicalizados-de-sueisssteson\/\"},\"author\":{\"name\":\"enequipo\",\"@id\":\"https:\/\/www.sonoraenequipo.com.mx\/#\/schema\/person\/50102df0fb23a8fa9e8effad8fa81386\"},\"headline\":\"Buscan aumentar prestaciones a sindicalizados de SUEISSSTESON\",\"datePublished\":\"2015-12-16T04:25:20+00:00\",\"dateModified\":\"2015-12-17T04:26:26+00:00\",\"mainEntityOfPage\":{\"@id\":\"https:\/\/www.sonoraenequipo.com.mx\/buscan-aumentar-prestaciones-a-sindicalizados-de-sueisssteson\/\"},\"wordCount\":175,\"commentCount\":0,\"publisher\":{\"@id\":\"https:\/\/www.sonoraenequipo.com.mx\/#organization\"},\"articleSection\":[\"Sin categorizar\",\"Sonora\"],\"inLanguage\":\"es\",\"potentialAction\":[{\"@type\":\"CommentAction\",\"name\":\"Comment\",\"target\":[\"https:\/\/www.sonoraenequipo.com.mx\/buscan-aumentar-prestaciones-a-sindicalizados-de-sueisssteson\/#respond\"]}]},{\"@type\":\"WebPage\",\"@id\":\"https:\/\/www.sonoraenequipo.com.mx\/buscan-aumentar-prestaciones-a-sindicalizados-de-sueisssteson\/\",\"url\":\"https:\/\/www.sonoraenequipo.com.mx\/buscan-aumentar-prestaciones-a-sindicalizados-de-sueisssteson\/\",\"name\":\"Sonora en Equipo. Buscan aumentar prestaciones a sindicalizados de SUEISSSTESON\",\"isPartOf\":{\"@id\":\"https:\/\/www.sonoraenequipo.com.mx\/#website\"},\"datePublished\":\"2015-12-16T04:25:20+00:00\",\"dateModified\":\"2015-12-17T04:26:26+00:00\",\"description\":\"16122015.HERMOSILLO, SONORA.MX.\u2014 El Sindicato \u00danico de Empleados del Isssteson, negocia un aumento en las prestaciones de sus 2 mil 600 trabajadores En Sonora en Equipo publicamos toda la informaci\u00f3n de Sonora, M\u00e9xico y el Mundo de manera oportuna y busca que la libertad de expresi\u00f3n sea real. Visita nuestro medio informativo publicado desde Hermosillo, Sonora. %\",\"breadcrumb\":{\"@id\":\"https:\/\/www.sonoraenequipo.com.mx\/buscan-aumentar-prestaciones-a-sindicalizados-de-sueisssteson\/#breadcrumb\"},\"inLanguage\":\"es\",\"potentialAction\":[{\"@type\":\"ReadAction\",\"target\":[\"https:\/\/www.sonoraenequipo.com.mx\/buscan-aumentar-prestaciones-a-sindicalizados-de-sueisssteson\/\"]}]},{\"@type\":\"BreadcrumbList\",\"@id\":\"https:\/\/www.sonoraenequipo.com.mx\/buscan-aumentar-prestaciones-a-sindicalizados-de-sueisssteson\/#breadcrumb\",\"itemListElement\":[{\"@type\":\"ListItem\",\"position\":1,\"name\":\"Portada\",\"item\":\"https:\/\/www.sonoraenequipo.com.mx\/\"},{\"@type\":\"ListItem\",\"position\":2,\"name\":\"Buscan aumentar prestaciones a sindicalizados de SUEISSSTESON\"}]},{\"@type\":\"WebSite\",\"@id\":\"https:\/\/www.sonoraenequipo.com.mx\/#website\",\"url\":\"https:\/\/www.sonoraenequipo.com.mx\/\",\"name\":\"Sonora en Equipo.\",\"description\":\"Diario en l\u00ednea con Noticias desde Hermosillo, Sonora\",\"publisher\":{\"@id\":\"https:\/\/www.sonoraenequipo.com.mx\/#organization\"},\"potentialAction\":[{\"@type\":\"SearchAction\",\"target\":{\"@type\":\"EntryPoint\",\"urlTemplate\":\"https:\/\/www.sonoraenequipo.com.mx\/?s={search_term_string}\"},\"query-input\":{\"@type\":\"PropertyValueSpecification\",\"valueRequired\":true,\"valueName\":\"search_term_string\"}}],\"inLanguage\":\"es\"},{\"@type\":\"Organization\",\"@id\":\"https:\/\/www.sonoraenequipo.com.mx\/#organization\",\"name\":\"Sonoraenequipo.com.mx\",\"url\":\"https:\/\/www.sonoraenequipo.com.mx\/\",\"logo\":{\"@type\":\"ImageObject\",\"inLanguage\":\"es\",\"@id\":\"https:\/\/www.sonoraenequipo.com.mx\/#\/schema\/logo\/image\/\",\"url\":\"https:\/\/www.sonoraenequipo.com.mx\/storage\/2019\/01\/sonoraenequipo_opt.png\",\"contentUrl\":\"https:\/\/www.sonoraenequipo.com.mx\/storage\/2019\/01\/sonoraenequipo_opt.png\",\"width\":375,\"height\":125,\"caption\":\"Sonoraenequipo.com.mx\"},\"image\":{\"@id\":\"https:\/\/www.sonoraenequipo.com.mx\/#\/schema\/logo\/image\/\"},\"sameAs\":[\"https:\/\/www.facebook.com\/SonoraEE\/\",\"https:\/\/x.com\/sonoraenequipo\",\"https:\/\/www.youtube.com\/channel\/UC338nW-lPEYmJQs4ZABQ1SQ\"]},{\"@type\":\"Person\",\"@id\":\"https:\/\/www.sonoraenequipo.com.mx\/#\/schema\/person\/50102df0fb23a8fa9e8effad8fa81386\",\"name\":\"enequipo\",\"image\":{\"@type\":\"ImageObject\",\"inLanguage\":\"es\",\"@id\":\"https:\/\/www.sonoraenequipo.com.mx\/#\/schema\/person\/image\/\",\"url\":\"https:\/\/secure.gravatar.com\/avatar\/049821681b589dabc0bc20695993ccebb09f5b5d4d790cd9251b97faac7c652b?s=96&d=blank&r=g\",\"contentUrl\":\"https:\/\/secure.gravatar.com\/avatar\/049821681b589dabc0bc20695993ccebb09f5b5d4d790cd9251b97faac7c652b?s=96&d=blank&r=g\",\"caption\":\"enequipo\"},\"sameAs\":[\"https:\/\/www.facebook.com\/SonoraEE\"]}]}<\/script>\n ","yoast_head_json":{"title":"Sonora en Equipo. Buscan aumentar prestaciones a sindicalizados de SUEISSSTESON","description":"16122015.HERMOSILLO, SONORA.MX.\u2014 El Sindicato \u00danico de Empleados del Isssteson, negocia un aumento en las prestaciones de sus 2 mil 600 trabajadores En Sonora en Equipo publicamos toda la informaci\u00f3n de Sonora, M\u00e9xico y el Mundo de manera oportuna y busca que la libertad de expresi\u00f3n sea real. Visita nuestro medio informativo publicado desde Hermosillo, Sonora. %","robots":{"index":"index","follow":"follow","max-snippet":"max-snippet:-1","max-image-preview":"max-image-preview:large","max-video-preview":"max-video-preview:-1"},"canonical":"https:\/\/www.sonoraenequipo.com.mx\/buscan-aumentar-prestaciones-a-sindicalizados-de-sueisssteson\/","og_locale":"es_ES","og_type":"article","og_title":"Sonora en Equipo. Buscan aumentar prestaciones a sindicalizados de SUEISSSTESON","og_description":"16122015.HERMOSILLO, SONORA.MX.\u2014 El Sindicato \u00danico de Empleados del Isssteson, negocia un aumento en las prestaciones de sus 2 mil 600 trabajadores En Sonora en Equipo publicamos toda la informaci\u00f3n de Sonora, M\u00e9xico y el Mundo de manera oportuna y busca que la libertad de expresi\u00f3n sea real. Visita nuestro medio informativo publicado desde Hermosillo, Sonora. %","og_url":"https:\/\/www.sonoraenequipo.com.mx\/buscan-aumentar-prestaciones-a-sindicalizados-de-sueisssteson\/","og_site_name":"Sonora en Equipo.","article_publisher":"https:\/\/www.facebook.com\/SonoraEE\/","article_author":"https:\/\/www.facebook.com\/SonoraEE","article_published_time":"2015-12-16T04:25:20+00:00","article_modified_time":"2015-12-17T04:26:26+00:00","author":"enequipo","twitter_card":"summary_large_image","twitter_creator":"@sonoraenequipo","twitter_site":"@sonoraenequipo","twitter_misc":{"Escrito por":"enequipo","Tiempo de lectura":"1 minuto"},"schema":{"@context":"https:\/\/schema.org","@graph":[{"@type":"Article","@id":"https:\/\/www.sonoraenequipo.com.mx\/buscan-aumentar-prestaciones-a-sindicalizados-de-sueisssteson\/#article","isPartOf":{"@id":"https:\/\/www.sonoraenequipo.com.mx\/buscan-aumentar-prestaciones-a-sindicalizados-de-sueisssteson\/"},"author":{"name":"enequipo","@id":"https:\/\/www.sonoraenequipo.com.mx\/#\/schema\/person\/50102df0fb23a8fa9e8effad8fa81386"},"headline":"Buscan aumentar prestaciones a sindicalizados de SUEISSSTESON","datePublished":"2015-12-16T04:25:20+00:00","dateModified":"2015-12-17T04:26:26+00:00","mainEntityOfPage":{"@id":"https:\/\/www.sonoraenequipo.com.mx\/buscan-aumentar-prestaciones-a-sindicalizados-de-sueisssteson\/"},"wordCount":175,"commentCount":0,"publisher":{"@id":"https:\/\/www.sonoraenequipo.com.mx\/#organization"},"articleSection":["Sin categorizar","Sonora"],"inLanguage":"es","potentialAction":[{"@type":"CommentAction","name":"Comment","target":["https:\/\/www.sonoraenequipo.com.mx\/buscan-aumentar-prestaciones-a-sindicalizados-de-sueisssteson\/#respond"]}]},{"@type":"WebPage","@id":"https:\/\/www.sonoraenequipo.com.mx\/buscan-aumentar-prestaciones-a-sindicalizados-de-sueisssteson\/","url":"https:\/\/www.sonoraenequipo.com.mx\/buscan-aumentar-prestaciones-a-sindicalizados-de-sueisssteson\/","name":"Sonora en Equipo. Buscan aumentar prestaciones a sindicalizados de SUEISSSTESON","isPartOf":{"@id":"https:\/\/www.sonoraenequipo.com.mx\/#website"},"datePublished":"2015-12-16T04:25:20+00:00","dateModified":"2015-12-17T04:26:26+00:00","description":"16122015.HERMOSILLO, SONORA.MX.\u2014 El Sindicato \u00danico de Empleados del Isssteson, negocia un aumento en las prestaciones de sus 2 mil 600 trabajadores En Sonora en Equipo publicamos toda la informaci\u00f3n de Sonora, M\u00e9xico y el Mundo de manera oportuna y busca que la libertad de expresi\u00f3n sea real. Visita nuestro medio informativo publicado desde Hermosillo, Sonora. %","breadcrumb":{"@id":"https:\/\/www.sonoraenequipo.com.mx\/buscan-aumentar-prestaciones-a-sindicalizados-de-sueisssteson\/#breadcrumb"},"inLanguage":"es","potentialAction":[{"@type":"ReadAction","target":["https:\/\/www.sonoraenequipo.com.mx\/buscan-aumentar-prestaciones-a-sindicalizados-de-sueisssteson\/"]}]},{"@type":"BreadcrumbList","@id":"https:\/\/www.sonoraenequipo.com.mx\/buscan-aumentar-prestaciones-a-sindicalizados-de-sueisssteson\/#breadcrumb","itemListElement":[{"@type":"ListItem","position":1,"name":"Portada","item":"https:\/\/www.sonoraenequipo.com.mx\/"},{"@type":"ListItem","position":2,"name":"Buscan aumentar prestaciones a sindicalizados de SUEISSSTESON"}]},{"@type":"WebSite","@id":"https:\/\/www.sonoraenequipo.com.mx\/#website","url":"https:\/\/www.sonoraenequipo.com.mx\/","name":"Sonora en Equipo.","description":"Diario en l\u00ednea con Noticias desde Hermosillo, Sonora","publisher":{"@id":"https:\/\/www.sonoraenequipo.com.mx\/#organization"},"potentialAction":[{"@type":"SearchAction","target":{"@type":"EntryPoint","urlTemplate":"https:\/\/www.sonoraenequipo.com.mx\/?s={search_term_string}"},"query-input":{"@type":"PropertyValueSpecification","valueRequired":true,"valueName":"search_term_string"}}],"inLanguage":"es"},{"@type":"Organization","@id":"https:\/\/www.sonoraenequipo.com.mx\/#organization","name":"Sonoraenequipo.com.mx","url":"https:\/\/www.sonoraenequipo.com.mx\/","logo":{"@type":"ImageObject","inLanguage":"es","@id":"https:\/\/www.sonoraenequipo.com.mx\/#\/schema\/logo\/image\/","url":"https:\/\/www.sonoraenequipo.com.mx\/storage\/2019\/01\/sonoraenequipo_opt.png","contentUrl":"https:\/\/www.sonoraenequipo.com.mx\/storage\/2019\/01\/sonoraenequipo_opt.png","width":375,"height":125,"caption":"Sonoraenequipo.com.mx"},"image":{"@id":"https:\/\/www.sonoraenequipo.com.mx\/#\/schema\/logo\/image\/"},"sameAs":["https:\/\/www.facebook.com\/SonoraEE\/","https:\/\/x.com\/sonoraenequipo","https:\/\/www.youtube.com\/channel\/UC338nW-lPEYmJQs4ZABQ1SQ"]},{"@type":"Person","@id":"https:\/\/www.sonoraenequipo.com.mx\/#\/schema\/person\/50102df0fb23a8fa9e8effad8fa81386","name":"enequipo","image":{"@type":"ImageObject","inLanguage":"es","@id":"https:\/\/www.sonoraenequipo.com.mx\/#\/schema\/person\/image\/","url":"https:\/\/secure.gravatar.com\/avatar\/049821681b589dabc0bc20695993ccebb09f5b5d4d790cd9251b97faac7c652b?s=96&d=blank&r=g","contentUrl":"https:\/\/secure.gravatar.com\/avatar\/049821681b589dabc0bc20695993ccebb09f5b5d4d790cd9251b97faac7c652b?s=96&d=blank&r=g","caption":"enequipo"},"sameAs":["https:\/\/www.facebook.com\/SonoraEE"]}]}},"jetpack_featured_media_url":"","_links":{"self":[{"href":"https:\/\/www.sonoraenequipo.com.mx\/api\/wp\/v2\/posts\/1533","targetHints":{"allow":["GET"]}}],"collection":[{"href":"https:\/\/www.sonoraenequipo.com.mx\/api\/wp\/v2\/posts"}],"about":[{"href":"https:\/\/www.sonoraenequipo.com.mx\/api\/wp\/v2\/types\/post"}],"author":[{"embeddable":true,"href":"https:\/\/www.sonoraenequipo.com.mx\/api\/wp\/v2\/users\/1"}],"replies":[{"embeddable":true,"href":"https:\/\/www.sonoraenequipo.com.mx\/api\/wp\/v2\/comments?post=1533"}],"version-history":[{"count":0,"href":"https:\/\/www.sonoraenequipo.com.mx\/api\/wp\/v2\/posts\/1533\/revisions"}],"wp:attachment":[{"href":"https:\/\/www.sonoraenequipo.com.mx\/api\/wp\/v2\/media?parent=1533"}],"wp:term":[{"taxonomy":"category","embeddable":true,"href":"https:\/\/www.sonoraenequipo.com.mx\/api\/wp\/v2\/categories?post=1533"},{"taxonomy":"post_tag","embeddable":true,"href":"https:\/\/www.sonoraenequipo.com.mx\/api\/wp\/v2\/tags?post=1533"}],"curies":[{"name":"wp","href":"https:\/\/api.w.org\/{rel}","templated":true}]}}