{"id":153431,"date":"2022-12-01T23:30:32","date_gmt":"2022-12-02T06:30:32","guid":{"rendered":"https:\/\/www.sonoraenequipo.com.mx\/?p=153431"},"modified":"2022-12-01T18:56:11","modified_gmt":"2022-12-02T01:56:11","slug":"la-paz-laboral-de-sonora-debe-fundarse-sobre-la-madurez-politica-la-conciliacion-y-la-concordia-gobernador-alfonso-durazo","status":"publish","type":"post","link":"https:\/\/www.sonoraenequipo.com.mx\/la-paz-laboral-de-sonora-debe-fundarse-sobre-la-madurez-politica-la-conciliacion-y-la-concordia-gobernador-alfonso-durazo\/","title":{"rendered":"La paz laboral de Sonora debe fundarse sobre la madurez pol\u00edtica, la conciliaci\u00f3n y la concordia: gobernador Alfonso Durazo"},"content":{"rendered":"<p><strong>HERMOSILLO, SONORA,MX.<\/strong><strong>\u2500\u2500<\/strong> La paz laboral atrae inversi\u00f3n que, a su vez, se traduce en empleo y el trabajo justamente remunerado es la base de una pol\u00edtica de bienestar, por lo que el gobierno debe, para garantizarla, conciliar y buscar soluciones tanto con la parte obrera como con la parte laboral, afirm\u00f3 Alfonso Durazo Monta\u00f1o al inaugurar los trabajos de la Asamblea Estatal Plenaria de la CTM Sonora.<\/p>\n<p>&nbsp;<\/p>\n<p>El gobernador de Sonora, ante autoridades estatales, municipales, empresarios y representaciones sindicales, expuso la amplia serie de proyectos que se avecinan a la entidad en materia de infraestructura, inversiones y explotaci\u00f3n de recursos naturales, todos ellos demandantes de la mano de obra calificada que existe en la entidad, por lo que llam\u00f3 a todas las partes involucradas en las cadenas de valor a mantener la paz laboral.<\/p>\n<p>&nbsp;<\/p>\n<p>\u201cCuidemos el Estado de derecho en las negociaciones contractuales, en la leg\u00edtima demanda de pago de utilidades y lo que proceda en un marco de legalidad\u2026 No hay mejor forma de defender los derechos de los trabajadores que defender el empleo, porque el empleo justamente remunerado es lo que nos permite sustentar, en el largo plazo, una pol\u00edtica de bienestar\u201d, dijo.<\/p>\n<p>&nbsp;<\/p>\n<p>Presente tambi\u00e9n en el evento, Fernando Salgado Delgado, secretario de Acci\u00f3n Pol\u00edtica del Comit\u00e9 Nacional de la Confederaci\u00f3n de Trabajadores de M\u00e9xico (CTM), manifest\u00f3 que la asociaci\u00f3n sindical no hace distinciones en t\u00e9rminos de colores partidistas, por lo que la concordia, tal como mencion\u00f3 el gobernador, debe primar en todo acuerdo al que se llegue, siempre que sea encaminado al mejoramiento de las condiciones de vida de los trabajadores de la naci\u00f3n.<\/p>\n<p>&nbsp;<\/p>\n<p>Javier Villarreal G\u00e1mez, secretario general de la CTM Sonora, explic\u00f3 que, a lo largo de la presente administraci\u00f3n estatal y federal se han logrado importantes avances en materia de salud, dignificaci\u00f3n del empleo, pero especialmente en materia de vivienda, materia que ser\u00e1 prioritaria en el segundo a\u00f1o del gobierno estatal.<\/p>\n<p><strong><em><u>Fecha de publicaci\u00f3n\u00a0 jueves 1 de diciembre de 2022<\/u><\/em><\/strong><\/p>\n","protected":false},"excerpt":{"rendered":"<p>HERMOSILLO, SONORA,MX.\u2500\u2500 La paz laboral atrae inversi\u00f3n que, a su vez, se traduce en empleo&#8230;<\/p>\n","protected":false},"author":1,"featured_media":153432,"comment_status":"open","ping_status":"open","sticky":false,"template":"","format":"standard","meta":{"_monsterinsights_skip_tracking":false,"_monsterinsights_sitenote_active":false,"_monsterinsights_sitenote_note":"","_monsterinsights_sitenote_category":0,"footnotes":""},"categories":[22],"tags":[7912,93,3651,3654,15],"class_list":["post"],"yoast_head":" \n<title>Sonora en Equipo. La paz laboral de Sonora debe fundarse sobre la madurez pol\u00edtica, la conciliaci\u00f3n y la concordia: gobernador Alfonso Durazo Sonora<\/title>\n<meta name=\"description\" content=\"HERMOSILLO, SONORA,MX.\u2500\u2500 La paz laboral atrae inversi\u00f3n que, a su vez, se traduce en empleo y el trabajo justamente remunerado es la base de una pol\u00edtica En Sonora en Equipo publicamos toda la informaci\u00f3n de Sonora, M\u00e9xico y el Mundo de manera oportuna y busca que la libertad de expresi\u00f3n sea real. Visita nuestro medio informativo publicado desde Hermosillo, Sonora. %\" \/>\n<meta name=\"robots\" content=\"index, follow, max-snippet:-1, max-image-preview:large, max-video-preview:-1\" \/>\n<link rel=\"canonical\" href=\"https:\/\/www.sonoraenequipo.com.mx\/la-paz-laboral-de-sonora-debe-fundarse-sobre-la-madurez-politica-la-conciliacion-y-la-concordia-gobernador-alfonso-durazo\/\" \/>\n<meta property=\"og:locale\" content=\"es_ES\" \/>\n<meta property=\"og:type\" content=\"article\" \/>\n<meta property=\"og:title\" content=\"Sonora en Equipo. La paz laboral de Sonora debe fundarse sobre la madurez pol\u00edtica, la conciliaci\u00f3n y la concordia: gobernador Alfonso Durazo Sonora\" \/>\n<meta property=\"og:description\" content=\"HERMOSILLO, SONORA,MX.\u2500\u2500 La paz laboral atrae inversi\u00f3n que, a su vez, se traduce en empleo y el trabajo justamente remunerado es la base de una pol\u00edtica En Sonora en Equipo publicamos toda la informaci\u00f3n de Sonora, M\u00e9xico y el Mundo de manera oportuna y busca que la libertad de expresi\u00f3n sea real. Visita nuestro medio informativo publicado desde Hermosillo, Sonora. %\" \/>\n<meta property=\"og:url\" content=\"https:\/\/www.sonoraenequipo.com.mx\/la-paz-laboral-de-sonora-debe-fundarse-sobre-la-madurez-politica-la-conciliacion-y-la-concordia-gobernador-alfonso-durazo\/\" \/>\n<meta property=\"og:site_name\" content=\"Sonora en Equipo.\" \/>\n<meta property=\"article:publisher\" content=\"https:\/\/www.facebook.com\/SonoraEE\/\" \/>\n<meta property=\"article:author\" content=\"https:\/\/www.facebook.com\/SonoraEE\" \/>\n<meta property=\"article:published_time\" content=\"2022-12-02T06:30:32+00:00\" \/>\n<meta property=\"og:image\" content=\"https:\/\/www.sonoraenequipo.com.mx\/storage\/2022\/12\/adm-ctm.jpg\" \/>\n\t<meta property=\"og:image:width\" content=\"600\" \/>\n\t<meta property=\"og:image:height\" content=\"399\" \/>\n\t<meta property=\"og:image:type\" content=\"image\/jpeg\" \/>\n<meta name=\"author\" content=\"enequipo\" \/>\n<meta name=\"twitter:card\" content=\"summary_large_image\" \/>\n<meta name=\"twitter:creator\" content=\"@sonoraenequipo\" \/>\n<meta name=\"twitter:site\" content=\"@sonoraenequipo\" \/>\n<meta name=\"twitter:label1\" content=\"Escrito por\" \/>\n\t<meta name=\"twitter:data1\" content=\"enequipo\" \/>\n\t<meta name=\"twitter:label2\" content=\"Tiempo de lectura\" \/>\n\t<meta name=\"twitter:data2\" content=\"2 minutos\" \/>\n<script type=\"application\/ld+json\" class=\"yoast-schema-graph\">{\"@context\":\"https:\/\/schema.org\",\"@graph\":[{\"@type\":\"Article\",\"@id\":\"https:\/\/www.sonoraenequipo.com.mx\/la-paz-laboral-de-sonora-debe-fundarse-sobre-la-madurez-politica-la-conciliacion-y-la-concordia-gobernador-alfonso-durazo\/#article\",\"isPartOf\":{\"@id\":\"https:\/\/www.sonoraenequipo.com.mx\/la-paz-laboral-de-sonora-debe-fundarse-sobre-la-madurez-politica-la-conciliacion-y-la-concordia-gobernador-alfonso-durazo\/\"},\"author\":{\"name\":\"enequipo\",\"@id\":\"https:\/\/www.sonoraenequipo.com.mx\/#\/schema\/person\/50102df0fb23a8fa9e8effad8fa81386\"},\"headline\":\"La paz laboral de Sonora debe fundarse sobre la madurez pol\u00edtica, la conciliaci\u00f3n y la concordia: gobernador Alfonso Durazo\",\"datePublished\":\"2022-12-02T06:30:32+00:00\",\"mainEntityOfPage\":{\"@id\":\"https:\/\/www.sonoraenequipo.com.mx\/la-paz-laboral-de-sonora-debe-fundarse-sobre-la-madurez-politica-la-conciliacion-y-la-concordia-gobernador-alfonso-durazo\/\"},\"wordCount\":369,\"commentCount\":0,\"publisher\":{\"@id\":\"https:\/\/www.sonoraenequipo.com.mx\/#organization\"},\"image\":{\"@id\":\"https:\/\/www.sonoraenequipo.com.mx\/la-paz-laboral-de-sonora-debe-fundarse-sobre-la-madurez-politica-la-conciliacion-y-la-concordia-gobernador-alfonso-durazo\/#primaryimage\"},\"thumbnailUrl\":\"https:\/\/www.sonoraenequipo.com.mx\/storage\/2022\/12\/adm-ctm.jpg\",\"keywords\":[\"ctm.sonora\",\"econom\u00eda\",\"laboral\",\"paz\",\"Sonora\"],\"articleSection\":[\"Sonora\"],\"inLanguage\":\"es\",\"potentialAction\":[{\"@type\":\"CommentAction\",\"name\":\"Comment\",\"target\":[\"https:\/\/www.sonoraenequipo.com.mx\/la-paz-laboral-de-sonora-debe-fundarse-sobre-la-madurez-politica-la-conciliacion-y-la-concordia-gobernador-alfonso-durazo\/#respond\"]}]},{\"@type\":\"WebPage\",\"@id\":\"https:\/\/www.sonoraenequipo.com.mx\/la-paz-laboral-de-sonora-debe-fundarse-sobre-la-madurez-politica-la-conciliacion-y-la-concordia-gobernador-alfonso-durazo\/\",\"url\":\"https:\/\/www.sonoraenequipo.com.mx\/la-paz-laboral-de-sonora-debe-fundarse-sobre-la-madurez-politica-la-conciliacion-y-la-concordia-gobernador-alfonso-durazo\/\",\"name\":\"Sonora en Equipo. La paz laboral de Sonora debe fundarse sobre la madurez pol\u00edtica, la conciliaci\u00f3n y la concordia: gobernador Alfonso Durazo Sonora\",\"isPartOf\":{\"@id\":\"https:\/\/www.sonoraenequipo.com.mx\/#website\"},\"primaryImageOfPage\":{\"@id\":\"https:\/\/www.sonoraenequipo.com.mx\/la-paz-laboral-de-sonora-debe-fundarse-sobre-la-madurez-politica-la-conciliacion-y-la-concordia-gobernador-alfonso-durazo\/#primaryimage\"},\"image\":{\"@id\":\"https:\/\/www.sonoraenequipo.com.mx\/la-paz-laboral-de-sonora-debe-fundarse-sobre-la-madurez-politica-la-conciliacion-y-la-concordia-gobernador-alfonso-durazo\/#primaryimage\"},\"thumbnailUrl\":\"https:\/\/www.sonoraenequipo.com.mx\/storage\/2022\/12\/adm-ctm.jpg\",\"datePublished\":\"2022-12-02T06:30:32+00:00\",\"description\":\"HERMOSILLO, SONORA,MX.\u2500\u2500 La paz laboral atrae inversi\u00f3n que, a su vez, se traduce en empleo y el trabajo justamente remunerado es la base de una pol\u00edtica En Sonora en Equipo publicamos toda la informaci\u00f3n de Sonora, M\u00e9xico y el Mundo de manera oportuna y busca que la libertad de expresi\u00f3n sea real. Visita nuestro medio informativo publicado desde Hermosillo, Sonora. %\",\"breadcrumb\":{\"@id\":\"https:\/\/www.sonoraenequipo.com.mx\/la-paz-laboral-de-sonora-debe-fundarse-sobre-la-madurez-politica-la-conciliacion-y-la-concordia-gobernador-alfonso-durazo\/#breadcrumb\"},\"inLanguage\":\"es\",\"potentialAction\":[{\"@type\":\"ReadAction\",\"target\":[\"https:\/\/www.sonoraenequipo.com.mx\/la-paz-laboral-de-sonora-debe-fundarse-sobre-la-madurez-politica-la-conciliacion-y-la-concordia-gobernador-alfonso-durazo\/\"]}]},{\"@type\":\"ImageObject\",\"inLanguage\":\"es\",\"@id\":\"https:\/\/www.sonoraenequipo.com.mx\/la-paz-laboral-de-sonora-debe-fundarse-sobre-la-madurez-politica-la-conciliacion-y-la-concordia-gobernador-alfonso-durazo\/#primaryimage\",\"url\":\"https:\/\/www.sonoraenequipo.com.mx\/storage\/2022\/12\/adm-ctm.jpg\",\"contentUrl\":\"https:\/\/www.sonoraenequipo.com.mx\/storage\/2022\/12\/adm-ctm.jpg\",\"width\":600,\"height\":399},{\"@type\":\"BreadcrumbList\",\"@id\":\"https:\/\/www.sonoraenequipo.com.mx\/la-paz-laboral-de-sonora-debe-fundarse-sobre-la-madurez-politica-la-conciliacion-y-la-concordia-gobernador-alfonso-durazo\/#breadcrumb\",\"itemListElement\":[{\"@type\":\"ListItem\",\"position\":1,\"name\":\"Portada\",\"item\":\"https:\/\/www.sonoraenequipo.com.mx\/\"},{\"@type\":\"ListItem\",\"position\":2,\"name\":\"La paz laboral de Sonora debe fundarse sobre la madurez pol\u00edtica, la conciliaci\u00f3n y la concordia: gobernador Alfonso Durazo\"}]},{\"@type\":\"WebSite\",\"@id\":\"https:\/\/www.sonoraenequipo.com.mx\/#website\",\"url\":\"https:\/\/www.sonoraenequipo.com.mx\/\",\"name\":\"Sonora en Equipo.\",\"description\":\"Diario en l\u00ednea con Noticias desde Hermosillo, Sonora\",\"publisher\":{\"@id\":\"https:\/\/www.sonoraenequipo.com.mx\/#organization\"},\"potentialAction\":[{\"@type\":\"SearchAction\",\"target\":{\"@type\":\"EntryPoint\",\"urlTemplate\":\"https:\/\/www.sonoraenequipo.com.mx\/?s={search_term_string}\"},\"query-input\":{\"@type\":\"PropertyValueSpecification\",\"valueRequired\":true,\"valueName\":\"search_term_string\"}}],\"inLanguage\":\"es\"},{\"@type\":\"Organization\",\"@id\":\"https:\/\/www.sonoraenequipo.com.mx\/#organization\",\"name\":\"Sonoraenequipo.com.mx\",\"url\":\"https:\/\/www.sonoraenequipo.com.mx\/\",\"logo\":{\"@type\":\"ImageObject\",\"inLanguage\":\"es\",\"@id\":\"https:\/\/www.sonoraenequipo.com.mx\/#\/schema\/logo\/image\/\",\"url\":\"https:\/\/www.sonoraenequipo.com.mx\/storage\/2019\/01\/sonoraenequipo_opt.png\",\"contentUrl\":\"https:\/\/www.sonoraenequipo.com.mx\/storage\/2019\/01\/sonoraenequipo_opt.png\",\"width\":375,\"height\":125,\"caption\":\"Sonoraenequipo.com.mx\"},\"image\":{\"@id\":\"https:\/\/www.sonoraenequipo.com.mx\/#\/schema\/logo\/image\/\"},\"sameAs\":[\"https:\/\/www.facebook.com\/SonoraEE\/\",\"https:\/\/x.com\/sonoraenequipo\",\"https:\/\/www.youtube.com\/channel\/UC338nW-lPEYmJQs4ZABQ1SQ\"]},{\"@type\":\"Person\",\"@id\":\"https:\/\/www.sonoraenequipo.com.mx\/#\/schema\/person\/50102df0fb23a8fa9e8effad8fa81386\",\"name\":\"enequipo\",\"image\":{\"@type\":\"ImageObject\",\"inLanguage\":\"es\",\"@id\":\"https:\/\/www.sonoraenequipo.com.mx\/#\/schema\/person\/image\/\",\"url\":\"https:\/\/secure.gravatar.com\/avatar\/049821681b589dabc0bc20695993ccebb09f5b5d4d790cd9251b97faac7c652b?s=96&d=blank&r=g\",\"contentUrl\":\"https:\/\/secure.gravatar.com\/avatar\/049821681b589dabc0bc20695993ccebb09f5b5d4d790cd9251b97faac7c652b?s=96&d=blank&r=g\",\"caption\":\"enequipo\"},\"sameAs\":[\"https:\/\/www.facebook.com\/SonoraEE\"]}]}<\/script>\n ","yoast_head_json":{"title":"Sonora en Equipo. La paz laboral de Sonora debe fundarse sobre la madurez pol\u00edtica, la conciliaci\u00f3n y la concordia: gobernador Alfonso Durazo Sonora","description":"HERMOSILLO, SONORA,MX.\u2500\u2500 La paz laboral atrae inversi\u00f3n que, a su vez, se traduce en empleo y el trabajo justamente remunerado es la base de una pol\u00edtica En Sonora en Equipo publicamos toda la informaci\u00f3n de Sonora, M\u00e9xico y el Mundo de manera oportuna y busca que la libertad de expresi\u00f3n sea real. Visita nuestro medio informativo publicado desde Hermosillo, Sonora. %","robots":{"index":"index","follow":"follow","max-snippet":"max-snippet:-1","max-image-preview":"max-image-preview:large","max-video-preview":"max-video-preview:-1"},"canonical":"https:\/\/www.sonoraenequipo.com.mx\/la-paz-laboral-de-sonora-debe-fundarse-sobre-la-madurez-politica-la-conciliacion-y-la-concordia-gobernador-alfonso-durazo\/","og_locale":"es_ES","og_type":"article","og_title":"Sonora en Equipo. La paz laboral de Sonora debe fundarse sobre la madurez pol\u00edtica, la conciliaci\u00f3n y la concordia: gobernador Alfonso Durazo Sonora","og_description":"HERMOSILLO, SONORA,MX.\u2500\u2500 La paz laboral atrae inversi\u00f3n que, a su vez, se traduce en empleo y el trabajo justamente remunerado es la base de una pol\u00edtica En Sonora en Equipo publicamos toda la informaci\u00f3n de Sonora, M\u00e9xico y el Mundo de manera oportuna y busca que la libertad de expresi\u00f3n sea real. Visita nuestro medio informativo publicado desde Hermosillo, Sonora. %","og_url":"https:\/\/www.sonoraenequipo.com.mx\/la-paz-laboral-de-sonora-debe-fundarse-sobre-la-madurez-politica-la-conciliacion-y-la-concordia-gobernador-alfonso-durazo\/","og_site_name":"Sonora en Equipo.","article_publisher":"https:\/\/www.facebook.com\/SonoraEE\/","article_author":"https:\/\/www.facebook.com\/SonoraEE","article_published_time":"2022-12-02T06:30:32+00:00","og_image":[{"width":600,"height":399,"url":"https:\/\/www.sonoraenequipo.com.mx\/storage\/2022\/12\/adm-ctm.jpg","type":"image\/jpeg"}],"author":"enequipo","twitter_card":"summary_large_image","twitter_creator":"@sonoraenequipo","twitter_site":"@sonoraenequipo","twitter_misc":{"Escrito por":"enequipo","Tiempo de lectura":"2 minutos"},"schema":{"@context":"https:\/\/schema.org","@graph":[{"@type":"Article","@id":"https:\/\/www.sonoraenequipo.com.mx\/la-paz-laboral-de-sonora-debe-fundarse-sobre-la-madurez-politica-la-conciliacion-y-la-concordia-gobernador-alfonso-durazo\/#article","isPartOf":{"@id":"https:\/\/www.sonoraenequipo.com.mx\/la-paz-laboral-de-sonora-debe-fundarse-sobre-la-madurez-politica-la-conciliacion-y-la-concordia-gobernador-alfonso-durazo\/"},"author":{"name":"enequipo","@id":"https:\/\/www.sonoraenequipo.com.mx\/#\/schema\/person\/50102df0fb23a8fa9e8effad8fa81386"},"headline":"La paz laboral de Sonora debe fundarse sobre la madurez pol\u00edtica, la conciliaci\u00f3n y la concordia: gobernador Alfonso Durazo","datePublished":"2022-12-02T06:30:32+00:00","mainEntityOfPage":{"@id":"https:\/\/www.sonoraenequipo.com.mx\/la-paz-laboral-de-sonora-debe-fundarse-sobre-la-madurez-politica-la-conciliacion-y-la-concordia-gobernador-alfonso-durazo\/"},"wordCount":369,"commentCount":0,"publisher":{"@id":"https:\/\/www.sonoraenequipo.com.mx\/#organization"},"image":{"@id":"https:\/\/www.sonoraenequipo.com.mx\/la-paz-laboral-de-sonora-debe-fundarse-sobre-la-madurez-politica-la-conciliacion-y-la-concordia-gobernador-alfonso-durazo\/#primaryimage"},"thumbnailUrl":"https:\/\/www.sonoraenequipo.com.mx\/storage\/2022\/12\/adm-ctm.jpg","keywords":["ctm.sonora","econom\u00eda","laboral","paz","Sonora"],"articleSection":["Sonora"],"inLanguage":"es","potentialAction":[{"@type":"CommentAction","name":"Comment","target":["https:\/\/www.sonoraenequipo.com.mx\/la-paz-laboral-de-sonora-debe-fundarse-sobre-la-madurez-politica-la-conciliacion-y-la-concordia-gobernador-alfonso-durazo\/#respond"]}]},{"@type":"WebPage","@id":"https:\/\/www.sonoraenequipo.com.mx\/la-paz-laboral-de-sonora-debe-fundarse-sobre-la-madurez-politica-la-conciliacion-y-la-concordia-gobernador-alfonso-durazo\/","url":"https:\/\/www.sonoraenequipo.com.mx\/la-paz-laboral-de-sonora-debe-fundarse-sobre-la-madurez-politica-la-conciliacion-y-la-concordia-gobernador-alfonso-durazo\/","name":"Sonora en Equipo. La paz laboral de Sonora debe fundarse sobre la madurez pol\u00edtica, la conciliaci\u00f3n y la concordia: gobernador Alfonso Durazo Sonora","isPartOf":{"@id":"https:\/\/www.sonoraenequipo.com.mx\/#website"},"primaryImageOfPage":{"@id":"https:\/\/www.sonoraenequipo.com.mx\/la-paz-laboral-de-sonora-debe-fundarse-sobre-la-madurez-politica-la-conciliacion-y-la-concordia-gobernador-alfonso-durazo\/#primaryimage"},"image":{"@id":"https:\/\/www.sonoraenequipo.com.mx\/la-paz-laboral-de-sonora-debe-fundarse-sobre-la-madurez-politica-la-conciliacion-y-la-concordia-gobernador-alfonso-durazo\/#primaryimage"},"thumbnailUrl":"https:\/\/www.sonoraenequipo.com.mx\/storage\/2022\/12\/adm-ctm.jpg","datePublished":"2022-12-02T06:30:32+00:00","description":"HERMOSILLO, SONORA,MX.\u2500\u2500 La paz laboral atrae inversi\u00f3n que, a su vez, se traduce en empleo y el trabajo justamente remunerado es la base de una pol\u00edtica En Sonora en Equipo publicamos toda la informaci\u00f3n de Sonora, M\u00e9xico y el Mundo de manera oportuna y busca que la libertad de expresi\u00f3n sea real. Visita nuestro medio informativo publicado desde Hermosillo, Sonora. %","breadcrumb":{"@id":"https:\/\/www.sonoraenequipo.com.mx\/la-paz-laboral-de-sonora-debe-fundarse-sobre-la-madurez-politica-la-conciliacion-y-la-concordia-gobernador-alfonso-durazo\/#breadcrumb"},"inLanguage":"es","potentialAction":[{"@type":"ReadAction","target":["https:\/\/www.sonoraenequipo.com.mx\/la-paz-laboral-de-sonora-debe-fundarse-sobre-la-madurez-politica-la-conciliacion-y-la-concordia-gobernador-alfonso-durazo\/"]}]},{"@type":"ImageObject","inLanguage":"es","@id":"https:\/\/www.sonoraenequipo.com.mx\/la-paz-laboral-de-sonora-debe-fundarse-sobre-la-madurez-politica-la-conciliacion-y-la-concordia-gobernador-alfonso-durazo\/#primaryimage","url":"https:\/\/www.sonoraenequipo.com.mx\/storage\/2022\/12\/adm-ctm.jpg","contentUrl":"https:\/\/www.sonoraenequipo.com.mx\/storage\/2022\/12\/adm-ctm.jpg","width":600,"height":399},{"@type":"BreadcrumbList","@id":"https:\/\/www.sonoraenequipo.com.mx\/la-paz-laboral-de-sonora-debe-fundarse-sobre-la-madurez-politica-la-conciliacion-y-la-concordia-gobernador-alfonso-durazo\/#breadcrumb","itemListElement":[{"@type":"ListItem","position":1,"name":"Portada","item":"https:\/\/www.sonoraenequipo.com.mx\/"},{"@type":"ListItem","position":2,"name":"La paz laboral de Sonora debe fundarse sobre la madurez pol\u00edtica, la conciliaci\u00f3n y la concordia: gobernador Alfonso Durazo"}]},{"@type":"WebSite","@id":"https:\/\/www.sonoraenequipo.com.mx\/#website","url":"https:\/\/www.sonoraenequipo.com.mx\/","name":"Sonora en Equipo.","description":"Diario en l\u00ednea con Noticias desde Hermosillo, Sonora","publisher":{"@id":"https:\/\/www.sonoraenequipo.com.mx\/#organization"},"potentialAction":[{"@type":"SearchAction","target":{"@type":"EntryPoint","urlTemplate":"https:\/\/www.sonoraenequipo.com.mx\/?s={search_term_string}"},"query-input":{"@type":"PropertyValueSpecification","valueRequired":true,"valueName":"search_term_string"}}],"inLanguage":"es"},{"@type":"Organization","@id":"https:\/\/www.sonoraenequipo.com.mx\/#organization","name":"Sonoraenequipo.com.mx","url":"https:\/\/www.sonoraenequipo.com.mx\/","logo":{"@type":"ImageObject","inLanguage":"es","@id":"https:\/\/www.sonoraenequipo.com.mx\/#\/schema\/logo\/image\/","url":"https:\/\/www.sonoraenequipo.com.mx\/storage\/2019\/01\/sonoraenequipo_opt.png","contentUrl":"https:\/\/www.sonoraenequipo.com.mx\/storage\/2019\/01\/sonoraenequipo_opt.png","width":375,"height":125,"caption":"Sonoraenequipo.com.mx"},"image":{"@id":"https:\/\/www.sonoraenequipo.com.mx\/#\/schema\/logo\/image\/"},"sameAs":["https:\/\/www.facebook.com\/SonoraEE\/","https:\/\/x.com\/sonoraenequipo","https:\/\/www.youtube.com\/channel\/UC338nW-lPEYmJQs4ZABQ1SQ"]},{"@type":"Person","@id":"https:\/\/www.sonoraenequipo.com.mx\/#\/schema\/person\/50102df0fb23a8fa9e8effad8fa81386","name":"enequipo","image":{"@type":"ImageObject","inLanguage":"es","@id":"https:\/\/www.sonoraenequipo.com.mx\/#\/schema\/person\/image\/","url":"https:\/\/secure.gravatar.com\/avatar\/049821681b589dabc0bc20695993ccebb09f5b5d4d790cd9251b97faac7c652b?s=96&d=blank&r=g","contentUrl":"https:\/\/secure.gravatar.com\/avatar\/049821681b589dabc0bc20695993ccebb09f5b5d4d790cd9251b97faac7c652b?s=96&d=blank&r=g","caption":"enequipo"},"sameAs":["https:\/\/www.facebook.com\/SonoraEE"]}]}},"jetpack_featured_media_url":"https:\/\/www.sonoraenequipo.com.mx\/storage\/2022\/12\/adm-ctm.jpg","_links":{"self":[{"href":"https:\/\/www.sonoraenequipo.com.mx\/api\/wp\/v2\/posts\/153431","targetHints":{"allow":["GET"]}}],"collection":[{"href":"https:\/\/www.sonoraenequipo.com.mx\/api\/wp\/v2\/posts"}],"about":[{"href":"https:\/\/www.sonoraenequipo.com.mx\/api\/wp\/v2\/types\/post"}],"author":[{"embeddable":true,"href":"https:\/\/www.sonoraenequipo.com.mx\/api\/wp\/v2\/users\/1"}],"replies":[{"embeddable":true,"href":"https:\/\/www.sonoraenequipo.com.mx\/api\/wp\/v2\/comments?post=153431"}],"version-history":[{"count":1,"href":"https:\/\/www.sonoraenequipo.com.mx\/api\/wp\/v2\/posts\/153431\/revisions"}],"predecessor-version":[{"id":153433,"href":"https:\/\/www.sonoraenequipo.com.mx\/api\/wp\/v2\/posts\/153431\/revisions\/153433"}],"wp:featuredmedia":[{"embeddable":true,"href":"https:\/\/www.sonoraenequipo.com.mx\/api\/wp\/v2\/media\/153432"}],"wp:attachment":[{"href":"https:\/\/www.sonoraenequipo.com.mx\/api\/wp\/v2\/media?parent=153431"}],"wp:term":[{"taxonomy":"category","embeddable":true,"href":"https:\/\/www.sonoraenequipo.com.mx\/api\/wp\/v2\/categories?post=153431"},{"taxonomy":"post_tag","embeddable":true,"href":"https:\/\/www.sonoraenequipo.com.mx\/api\/wp\/v2\/tags?post=153431"}],"curies":[{"name":"wp","href":"https:\/\/api.w.org\/{rel}","templated":true}]}}