{"id":153450,"date":"2022-12-02T10:52:48","date_gmt":"2022-12-02T17:52:48","guid":{"rendered":"https:\/\/www.sonoraenequipo.com.mx\/?p=153450"},"modified":"2022-12-02T10:52:48","modified_gmt":"2022-12-02T17:52:48","slug":"en-mexico-hay-mas-de-1-5-millones-de-personas-con-algun-problema-mental","status":"publish","type":"post","link":"https:\/\/www.sonoraenequipo.com.mx\/en-mexico-hay-mas-de-1-5-millones-de-personas-con-algun-problema-mental\/","title":{"rendered":"En M\u00e9xico hay m\u00e1s de 1.5 millones de personas con alg\u00fan problema mental"},"content":{"rendered":"<p><strong>CIUDAD DE M\u00c9XICO,MX.<\/strong><strong>\u2500\u2500<\/strong> La discapacidad psicosocial, intelectual o mental es la limitaci\u00f3n de las personas que presentan disfunciones temporales o permanentes que comprometen funciones psicol\u00f3gicas para realizar una o m\u00e1s actividades cotidianas. \u00bfLas autoridades saben cu\u00e1ntas personas requieren atenci\u00f3n psicol\u00f3gica en el pa\u00eds? \u00bfC\u00f3mo es la inversi\u00f3n social para ese grupo poblacional? Trabajando con gobernadores y presidentes municipales, la mayor\u00eda desconocen a las personas con discapacidad psicosocial y no generan datos municipales y estatales sobre discapacidad psicosocial, por lo que su actuaci\u00f3n en temas de salud mental es inexistente.<\/p>\n<p>&nbsp;<\/p>\n<p>Desde la Convenci\u00f3n Internacional por los Derechos de las Personas con Discapacidad de Naciones Unidas (ONU) se dispuso que el t\u00e9rmino adecuado para referirse a este grupo de la poblaci\u00f3n sea Personas con Discapacidad (PCD) o Personas en Situaci\u00f3n de Discapacidad. Nuestra tarea como asociaci\u00f3n de psic\u00f3logos es realizar proyectos especiales de salud mental, con la responsabilidad de contar con un diagn\u00f3stico de cuantas personas se encuentran en situaci\u00f3n de discapacidad en M\u00e9xico, es decir, cu\u00e1l es nuestra poblaci\u00f3n objetivo.<\/p>\n<p>&nbsp;<\/p>\n<p>\u00bfC\u00f3mo detectar la discapacidad intelectual? en el caso de ni\u00f1os, cuando se sienta, gatea o camina m\u00e1s tarde que otros ni\u00f1os, aprendan a hablar m\u00e1s tarde o tener problemas para hablar, tengan dificultad para recordar cosas, tengan problemas para entender las reglas sociales o familiares, tengan dificultad para ver las consecuencias de sus acciones.<\/p>\n<p>&nbsp;<\/p>\n<p>\u00bfC\u00f3mo entender la discapacidad intelectual? recomendamos ense\u00f1ar a tu hijo a comprender y respetar a las personas con discapacidad, trata la discapacidad con naturalidad, cuida los t\u00e9rminos, ay\u00fadale a que se ponga en el lugar del otro, ens\u00e9\u00f1ale la diferencia entre apoyo y compasi\u00f3n, tolerancia, excepto a la falta de respeto: s\u00e9 un ejemplo.<\/p>\n<p>&nbsp;<\/p>\n<p>\u00bfSe puede transformar en discapacidad intelectual? Es importante interactuar directamente con ellas y ellos, independientemente de que se encuentre acompa\u00f1ado de otra persona, s\u00f3lo de considerarlo realmente necesario, y en una segunda instancia, dirigirse a quien lo\/la acompa\u00f1a, no tratarlos de manera condescendiente, evitar tratar o hablar de manera infantilizada.<\/p>\n<p>&nbsp;<\/p>\n<p>En M\u00e9xico hay 1 mill\u00f3n 590 mil 583 personas con alg\u00fan problema o condici\u00f3n mental (INEGI, 2020). Paralelo a este grupo de personas, consideramos a millones de sus familiares que les acompa\u00f1an y que sufren por los servicios p\u00fablicos de salud mental de cuarta, como lo ha dicho el presidente Andres Manuel Lopez Obrador, donde solo hay 962 psic\u00f3logos de base federales para m\u00e1s de 128 millones de personas en todo el pa\u00eds.<\/p>\n<p>&nbsp;<\/p>\n<p>El grueso de las personas que viven con discapacidad mental se encuentra entre los 30 a 44 a\u00f1os de edad. El mayor porcentaje de personas con discapacidad se encuentra en la poblaci\u00f3n de 30 a 34 a\u00f1os con 109 mil 702 personas. Le sigue el de 35 a 39 a\u00f1os, con 102 mil 257, despu\u00e9s el de 40 a 44 a\u00f1os, que son 99 mil 230. Del total de personas con alguna discapacidad mental, 1 mill\u00f3n 167 mil 856 personas est\u00e1n afiliadas a alg\u00fan servicio de salud, siendo notorias las arbitrariedades que se generan en instituciones como el IMSS, ISSSTE y Secretar\u00eda de Salud, donde se tardan meses para dar una cita de psicolog\u00eda. 421 mil 720 personas no est\u00e1n afiliados a ning\u00fan servicio de salud. Son m\u00e1s hombres que mujeres discapacitados mentales: 859 mil 534 hombres y 731 mil 49 mujeres.<\/p>\n<p>Fuente: Asociaci\u00f3n mexicana de psicolog\u00eda y desarrollo comunitario<\/p>\n<p><strong><em><u>Fecha de publicaci\u00f3n\u00a0 viernes 2 de diciembre de 2022<\/u><\/em><\/strong><\/p>\n<p>&nbsp;<\/p>\n","protected":false},"excerpt":{"rendered":"<p>CIUDAD DE M\u00c9XICO,MX.\u2500\u2500 La discapacidad psicosocial, intelectual o mental es la limitaci\u00f3n de las personas&#8230;<\/p>\n","protected":false},"author":1,"featured_media":153451,"comment_status":"open","ping_status":"open","sticky":false,"template":"","format":"standard","meta":{"_monsterinsights_skip_tracking":false,"_monsterinsights_sitenote_active":false,"_monsterinsights_sitenote_note":"","_monsterinsights_sitenote_category":0,"footnotes":""},"categories":[6493],"tags":[7916],"class_list":["post"],"yoast_head":" \n<title>Sonora en Equipo. En M\u00e9xico hay m\u00e1s de 1.5 millones de personas con alg\u00fan problema mental PALABRAS Y N\u00daMEROS<\/title>\n<meta name=\"description\" content=\"CIUDAD DE M\u00c9XICO,MX.\u2500\u2500 La discapacidad psicosocial, intelectual o mental es la limitaci\u00f3n de las personas que presentan disfunciones temporales o En Sonora en Equipo publicamos toda la informaci\u00f3n de Sonora, M\u00e9xico y el Mundo de manera oportuna y busca que la libertad de expresi\u00f3n sea real. Visita nuestro medio informativo publicado desde Hermosillo, Sonora. %\" \/>\n<meta name=\"robots\" content=\"index, follow, max-snippet:-1, max-image-preview:large, max-video-preview:-1\" \/>\n<link rel=\"canonical\" href=\"https:\/\/www.sonoraenequipo.com.mx\/en-mexico-hay-mas-de-1-5-millones-de-personas-con-algun-problema-mental\/\" \/>\n<meta property=\"og:locale\" content=\"es_ES\" \/>\n<meta property=\"og:type\" content=\"article\" \/>\n<meta property=\"og:title\" content=\"Sonora en Equipo. En M\u00e9xico hay m\u00e1s de 1.5 millones de personas con alg\u00fan problema mental PALABRAS Y N\u00daMEROS\" \/>\n<meta property=\"og:description\" content=\"CIUDAD DE M\u00c9XICO,MX.\u2500\u2500 La discapacidad psicosocial, intelectual o mental es la limitaci\u00f3n de las personas que presentan disfunciones temporales o En Sonora en Equipo publicamos toda la informaci\u00f3n de Sonora, M\u00e9xico y el Mundo de manera oportuna y busca que la libertad de expresi\u00f3n sea real. Visita nuestro medio informativo publicado desde Hermosillo, Sonora. %\" \/>\n<meta property=\"og:url\" content=\"https:\/\/www.sonoraenequipo.com.mx\/en-mexico-hay-mas-de-1-5-millones-de-personas-con-algun-problema-mental\/\" \/>\n<meta property=\"og:site_name\" content=\"Sonora en Equipo.\" \/>\n<meta property=\"article:publisher\" content=\"https:\/\/www.facebook.com\/SonoraEE\/\" \/>\n<meta property=\"article:author\" content=\"https:\/\/www.facebook.com\/SonoraEE\" \/>\n<meta property=\"article:published_time\" content=\"2022-12-02T17:52:48+00:00\" \/>\n<meta property=\"og:image\" content=\"https:\/\/www.sonoraenequipo.com.mx\/storage\/2022\/12\/e-mental.jpg\" \/>\n\t<meta property=\"og:image:width\" content=\"600\" \/>\n\t<meta property=\"og:image:height\" content=\"400\" \/>\n\t<meta property=\"og:image:type\" content=\"image\/jpeg\" \/>\n<meta name=\"author\" content=\"enequipo\" \/>\n<meta name=\"twitter:card\" content=\"summary_large_image\" \/>\n<meta name=\"twitter:creator\" content=\"@sonoraenequipo\" \/>\n<meta name=\"twitter:site\" content=\"@sonoraenequipo\" \/>\n<meta name=\"twitter:label1\" content=\"Escrito por\" \/>\n\t<meta name=\"twitter:data1\" content=\"enequipo\" \/>\n\t<meta name=\"twitter:label2\" content=\"Tiempo de lectura\" \/>\n\t<meta name=\"twitter:data2\" content=\"3 minutos\" \/>\n<script type=\"application\/ld+json\" class=\"yoast-schema-graph\">{\"@context\":\"https:\/\/schema.org\",\"@graph\":[{\"@type\":\"Article\",\"@id\":\"https:\/\/www.sonoraenequipo.com.mx\/en-mexico-hay-mas-de-1-5-millones-de-personas-con-algun-problema-mental\/#article\",\"isPartOf\":{\"@id\":\"https:\/\/www.sonoraenequipo.com.mx\/en-mexico-hay-mas-de-1-5-millones-de-personas-con-algun-problema-mental\/\"},\"author\":{\"name\":\"enequipo\",\"@id\":\"https:\/\/www.sonoraenequipo.com.mx\/#\/schema\/person\/50102df0fb23a8fa9e8effad8fa81386\"},\"headline\":\"En M\u00e9xico hay m\u00e1s de 1.5 millones de personas con alg\u00fan problema mental\",\"datePublished\":\"2022-12-02T17:52:48+00:00\",\"mainEntityOfPage\":{\"@id\":\"https:\/\/www.sonoraenequipo.com.mx\/en-mexico-hay-mas-de-1-5-millones-de-personas-con-algun-problema-mental\/\"},\"wordCount\":615,\"commentCount\":0,\"publisher\":{\"@id\":\"https:\/\/www.sonoraenequipo.com.mx\/#organization\"},\"image\":{\"@id\":\"https:\/\/www.sonoraenequipo.com.mx\/en-mexico-hay-mas-de-1-5-millones-de-personas-con-algun-problema-mental\/#primaryimage\"},\"thumbnailUrl\":\"https:\/\/www.sonoraenequipo.com.mx\/storage\/2022\/12\/e-mental.jpg\",\"keywords\":[\"enfermedades mentales\"],\"articleSection\":[\"PALABRAS Y N\u00daMEROS\"],\"inLanguage\":\"es\",\"potentialAction\":[{\"@type\":\"CommentAction\",\"name\":\"Comment\",\"target\":[\"https:\/\/www.sonoraenequipo.com.mx\/en-mexico-hay-mas-de-1-5-millones-de-personas-con-algun-problema-mental\/#respond\"]}]},{\"@type\":\"WebPage\",\"@id\":\"https:\/\/www.sonoraenequipo.com.mx\/en-mexico-hay-mas-de-1-5-millones-de-personas-con-algun-problema-mental\/\",\"url\":\"https:\/\/www.sonoraenequipo.com.mx\/en-mexico-hay-mas-de-1-5-millones-de-personas-con-algun-problema-mental\/\",\"name\":\"Sonora en Equipo. En M\u00e9xico hay m\u00e1s de 1.5 millones de personas con alg\u00fan problema mental PALABRAS Y N\u00daMEROS\",\"isPartOf\":{\"@id\":\"https:\/\/www.sonoraenequipo.com.mx\/#website\"},\"primaryImageOfPage\":{\"@id\":\"https:\/\/www.sonoraenequipo.com.mx\/en-mexico-hay-mas-de-1-5-millones-de-personas-con-algun-problema-mental\/#primaryimage\"},\"image\":{\"@id\":\"https:\/\/www.sonoraenequipo.com.mx\/en-mexico-hay-mas-de-1-5-millones-de-personas-con-algun-problema-mental\/#primaryimage\"},\"thumbnailUrl\":\"https:\/\/www.sonoraenequipo.com.mx\/storage\/2022\/12\/e-mental.jpg\",\"datePublished\":\"2022-12-02T17:52:48+00:00\",\"description\":\"CIUDAD DE M\u00c9XICO,MX.\u2500\u2500 La discapacidad psicosocial, intelectual o mental es la limitaci\u00f3n de las personas que presentan disfunciones temporales o En Sonora en Equipo publicamos toda la informaci\u00f3n de Sonora, M\u00e9xico y el Mundo de manera oportuna y busca que la libertad de expresi\u00f3n sea real. Visita nuestro medio informativo publicado desde Hermosillo, Sonora. %\",\"breadcrumb\":{\"@id\":\"https:\/\/www.sonoraenequipo.com.mx\/en-mexico-hay-mas-de-1-5-millones-de-personas-con-algun-problema-mental\/#breadcrumb\"},\"inLanguage\":\"es\",\"potentialAction\":[{\"@type\":\"ReadAction\",\"target\":[\"https:\/\/www.sonoraenequipo.com.mx\/en-mexico-hay-mas-de-1-5-millones-de-personas-con-algun-problema-mental\/\"]}]},{\"@type\":\"ImageObject\",\"inLanguage\":\"es\",\"@id\":\"https:\/\/www.sonoraenequipo.com.mx\/en-mexico-hay-mas-de-1-5-millones-de-personas-con-algun-problema-mental\/#primaryimage\",\"url\":\"https:\/\/www.sonoraenequipo.com.mx\/storage\/2022\/12\/e-mental.jpg\",\"contentUrl\":\"https:\/\/www.sonoraenequipo.com.mx\/storage\/2022\/12\/e-mental.jpg\",\"width\":600,\"height\":400},{\"@type\":\"BreadcrumbList\",\"@id\":\"https:\/\/www.sonoraenequipo.com.mx\/en-mexico-hay-mas-de-1-5-millones-de-personas-con-algun-problema-mental\/#breadcrumb\",\"itemListElement\":[{\"@type\":\"ListItem\",\"position\":1,\"name\":\"Portada\",\"item\":\"https:\/\/www.sonoraenequipo.com.mx\/\"},{\"@type\":\"ListItem\",\"position\":2,\"name\":\"En M\u00e9xico hay m\u00e1s de 1.5 millones de personas con alg\u00fan problema mental\"}]},{\"@type\":\"WebSite\",\"@id\":\"https:\/\/www.sonoraenequipo.com.mx\/#website\",\"url\":\"https:\/\/www.sonoraenequipo.com.mx\/\",\"name\":\"Sonora en Equipo.\",\"description\":\"Diario en l\u00ednea con Noticias desde Hermosillo, Sonora\",\"publisher\":{\"@id\":\"https:\/\/www.sonoraenequipo.com.mx\/#organization\"},\"potentialAction\":[{\"@type\":\"SearchAction\",\"target\":{\"@type\":\"EntryPoint\",\"urlTemplate\":\"https:\/\/www.sonoraenequipo.com.mx\/?s={search_term_string}\"},\"query-input\":{\"@type\":\"PropertyValueSpecification\",\"valueRequired\":true,\"valueName\":\"search_term_string\"}}],\"inLanguage\":\"es\"},{\"@type\":\"Organization\",\"@id\":\"https:\/\/www.sonoraenequipo.com.mx\/#organization\",\"name\":\"Sonoraenequipo.com.mx\",\"url\":\"https:\/\/www.sonoraenequipo.com.mx\/\",\"logo\":{\"@type\":\"ImageObject\",\"inLanguage\":\"es\",\"@id\":\"https:\/\/www.sonoraenequipo.com.mx\/#\/schema\/logo\/image\/\",\"url\":\"https:\/\/www.sonoraenequipo.com.mx\/storage\/2019\/01\/sonoraenequipo_opt.png\",\"contentUrl\":\"https:\/\/www.sonoraenequipo.com.mx\/storage\/2019\/01\/sonoraenequipo_opt.png\",\"width\":375,\"height\":125,\"caption\":\"Sonoraenequipo.com.mx\"},\"image\":{\"@id\":\"https:\/\/www.sonoraenequipo.com.mx\/#\/schema\/logo\/image\/\"},\"sameAs\":[\"https:\/\/www.facebook.com\/SonoraEE\/\",\"https:\/\/x.com\/sonoraenequipo\",\"https:\/\/www.youtube.com\/channel\/UC338nW-lPEYmJQs4ZABQ1SQ\"]},{\"@type\":\"Person\",\"@id\":\"https:\/\/www.sonoraenequipo.com.mx\/#\/schema\/person\/50102df0fb23a8fa9e8effad8fa81386\",\"name\":\"enequipo\",\"image\":{\"@type\":\"ImageObject\",\"inLanguage\":\"es\",\"@id\":\"https:\/\/www.sonoraenequipo.com.mx\/#\/schema\/person\/image\/\",\"url\":\"https:\/\/secure.gravatar.com\/avatar\/049821681b589dabc0bc20695993ccebb09f5b5d4d790cd9251b97faac7c652b?s=96&d=blank&r=g\",\"contentUrl\":\"https:\/\/secure.gravatar.com\/avatar\/049821681b589dabc0bc20695993ccebb09f5b5d4d790cd9251b97faac7c652b?s=96&d=blank&r=g\",\"caption\":\"enequipo\"},\"sameAs\":[\"https:\/\/www.facebook.com\/SonoraEE\"]}]}<\/script>\n ","yoast_head_json":{"title":"Sonora en Equipo. En M\u00e9xico hay m\u00e1s de 1.5 millones de personas con alg\u00fan problema mental PALABRAS Y N\u00daMEROS","description":"CIUDAD DE M\u00c9XICO,MX.\u2500\u2500 La discapacidad psicosocial, intelectual o mental es la limitaci\u00f3n de las personas que presentan disfunciones temporales o En Sonora en Equipo publicamos toda la informaci\u00f3n de Sonora, M\u00e9xico y el Mundo de manera oportuna y busca que la libertad de expresi\u00f3n sea real. Visita nuestro medio informativo publicado desde Hermosillo, Sonora. %","robots":{"index":"index","follow":"follow","max-snippet":"max-snippet:-1","max-image-preview":"max-image-preview:large","max-video-preview":"max-video-preview:-1"},"canonical":"https:\/\/www.sonoraenequipo.com.mx\/en-mexico-hay-mas-de-1-5-millones-de-personas-con-algun-problema-mental\/","og_locale":"es_ES","og_type":"article","og_title":"Sonora en Equipo. En M\u00e9xico hay m\u00e1s de 1.5 millones de personas con alg\u00fan problema mental PALABRAS Y N\u00daMEROS","og_description":"CIUDAD DE M\u00c9XICO,MX.\u2500\u2500 La discapacidad psicosocial, intelectual o mental es la limitaci\u00f3n de las personas que presentan disfunciones temporales o En Sonora en Equipo publicamos toda la informaci\u00f3n de Sonora, M\u00e9xico y el Mundo de manera oportuna y busca que la libertad de expresi\u00f3n sea real. Visita nuestro medio informativo publicado desde Hermosillo, Sonora. %","og_url":"https:\/\/www.sonoraenequipo.com.mx\/en-mexico-hay-mas-de-1-5-millones-de-personas-con-algun-problema-mental\/","og_site_name":"Sonora en Equipo.","article_publisher":"https:\/\/www.facebook.com\/SonoraEE\/","article_author":"https:\/\/www.facebook.com\/SonoraEE","article_published_time":"2022-12-02T17:52:48+00:00","og_image":[{"width":600,"height":400,"url":"https:\/\/www.sonoraenequipo.com.mx\/storage\/2022\/12\/e-mental.jpg","type":"image\/jpeg"}],"author":"enequipo","twitter_card":"summary_large_image","twitter_creator":"@sonoraenequipo","twitter_site":"@sonoraenequipo","twitter_misc":{"Escrito por":"enequipo","Tiempo de lectura":"3 minutos"},"schema":{"@context":"https:\/\/schema.org","@graph":[{"@type":"Article","@id":"https:\/\/www.sonoraenequipo.com.mx\/en-mexico-hay-mas-de-1-5-millones-de-personas-con-algun-problema-mental\/#article","isPartOf":{"@id":"https:\/\/www.sonoraenequipo.com.mx\/en-mexico-hay-mas-de-1-5-millones-de-personas-con-algun-problema-mental\/"},"author":{"name":"enequipo","@id":"https:\/\/www.sonoraenequipo.com.mx\/#\/schema\/person\/50102df0fb23a8fa9e8effad8fa81386"},"headline":"En M\u00e9xico hay m\u00e1s de 1.5 millones de personas con alg\u00fan problema mental","datePublished":"2022-12-02T17:52:48+00:00","mainEntityOfPage":{"@id":"https:\/\/www.sonoraenequipo.com.mx\/en-mexico-hay-mas-de-1-5-millones-de-personas-con-algun-problema-mental\/"},"wordCount":615,"commentCount":0,"publisher":{"@id":"https:\/\/www.sonoraenequipo.com.mx\/#organization"},"image":{"@id":"https:\/\/www.sonoraenequipo.com.mx\/en-mexico-hay-mas-de-1-5-millones-de-personas-con-algun-problema-mental\/#primaryimage"},"thumbnailUrl":"https:\/\/www.sonoraenequipo.com.mx\/storage\/2022\/12\/e-mental.jpg","keywords":["enfermedades mentales"],"articleSection":["PALABRAS Y N\u00daMEROS"],"inLanguage":"es","potentialAction":[{"@type":"CommentAction","name":"Comment","target":["https:\/\/www.sonoraenequipo.com.mx\/en-mexico-hay-mas-de-1-5-millones-de-personas-con-algun-problema-mental\/#respond"]}]},{"@type":"WebPage","@id":"https:\/\/www.sonoraenequipo.com.mx\/en-mexico-hay-mas-de-1-5-millones-de-personas-con-algun-problema-mental\/","url":"https:\/\/www.sonoraenequipo.com.mx\/en-mexico-hay-mas-de-1-5-millones-de-personas-con-algun-problema-mental\/","name":"Sonora en Equipo. En M\u00e9xico hay m\u00e1s de 1.5 millones de personas con alg\u00fan problema mental PALABRAS Y N\u00daMEROS","isPartOf":{"@id":"https:\/\/www.sonoraenequipo.com.mx\/#website"},"primaryImageOfPage":{"@id":"https:\/\/www.sonoraenequipo.com.mx\/en-mexico-hay-mas-de-1-5-millones-de-personas-con-algun-problema-mental\/#primaryimage"},"image":{"@id":"https:\/\/www.sonoraenequipo.com.mx\/en-mexico-hay-mas-de-1-5-millones-de-personas-con-algun-problema-mental\/#primaryimage"},"thumbnailUrl":"https:\/\/www.sonoraenequipo.com.mx\/storage\/2022\/12\/e-mental.jpg","datePublished":"2022-12-02T17:52:48+00:00","description":"CIUDAD DE M\u00c9XICO,MX.\u2500\u2500 La discapacidad psicosocial, intelectual o mental es la limitaci\u00f3n de las personas que presentan disfunciones temporales o En Sonora en Equipo publicamos toda la informaci\u00f3n de Sonora, M\u00e9xico y el Mundo de manera oportuna y busca que la libertad de expresi\u00f3n sea real. Visita nuestro medio informativo publicado desde Hermosillo, Sonora. %","breadcrumb":{"@id":"https:\/\/www.sonoraenequipo.com.mx\/en-mexico-hay-mas-de-1-5-millones-de-personas-con-algun-problema-mental\/#breadcrumb"},"inLanguage":"es","potentialAction":[{"@type":"ReadAction","target":["https:\/\/www.sonoraenequipo.com.mx\/en-mexico-hay-mas-de-1-5-millones-de-personas-con-algun-problema-mental\/"]}]},{"@type":"ImageObject","inLanguage":"es","@id":"https:\/\/www.sonoraenequipo.com.mx\/en-mexico-hay-mas-de-1-5-millones-de-personas-con-algun-problema-mental\/#primaryimage","url":"https:\/\/www.sonoraenequipo.com.mx\/storage\/2022\/12\/e-mental.jpg","contentUrl":"https:\/\/www.sonoraenequipo.com.mx\/storage\/2022\/12\/e-mental.jpg","width":600,"height":400},{"@type":"BreadcrumbList","@id":"https:\/\/www.sonoraenequipo.com.mx\/en-mexico-hay-mas-de-1-5-millones-de-personas-con-algun-problema-mental\/#breadcrumb","itemListElement":[{"@type":"ListItem","position":1,"name":"Portada","item":"https:\/\/www.sonoraenequipo.com.mx\/"},{"@type":"ListItem","position":2,"name":"En M\u00e9xico hay m\u00e1s de 1.5 millones de personas con alg\u00fan problema mental"}]},{"@type":"WebSite","@id":"https:\/\/www.sonoraenequipo.com.mx\/#website","url":"https:\/\/www.sonoraenequipo.com.mx\/","name":"Sonora en Equipo.","description":"Diario en l\u00ednea con Noticias desde Hermosillo, Sonora","publisher":{"@id":"https:\/\/www.sonoraenequipo.com.mx\/#organization"},"potentialAction":[{"@type":"SearchAction","target":{"@type":"EntryPoint","urlTemplate":"https:\/\/www.sonoraenequipo.com.mx\/?s={search_term_string}"},"query-input":{"@type":"PropertyValueSpecification","valueRequired":true,"valueName":"search_term_string"}}],"inLanguage":"es"},{"@type":"Organization","@id":"https:\/\/www.sonoraenequipo.com.mx\/#organization","name":"Sonoraenequipo.com.mx","url":"https:\/\/www.sonoraenequipo.com.mx\/","logo":{"@type":"ImageObject","inLanguage":"es","@id":"https:\/\/www.sonoraenequipo.com.mx\/#\/schema\/logo\/image\/","url":"https:\/\/www.sonoraenequipo.com.mx\/storage\/2019\/01\/sonoraenequipo_opt.png","contentUrl":"https:\/\/www.sonoraenequipo.com.mx\/storage\/2019\/01\/sonoraenequipo_opt.png","width":375,"height":125,"caption":"Sonoraenequipo.com.mx"},"image":{"@id":"https:\/\/www.sonoraenequipo.com.mx\/#\/schema\/logo\/image\/"},"sameAs":["https:\/\/www.facebook.com\/SonoraEE\/","https:\/\/x.com\/sonoraenequipo","https:\/\/www.youtube.com\/channel\/UC338nW-lPEYmJQs4ZABQ1SQ"]},{"@type":"Person","@id":"https:\/\/www.sonoraenequipo.com.mx\/#\/schema\/person\/50102df0fb23a8fa9e8effad8fa81386","name":"enequipo","image":{"@type":"ImageObject","inLanguage":"es","@id":"https:\/\/www.sonoraenequipo.com.mx\/#\/schema\/person\/image\/","url":"https:\/\/secure.gravatar.com\/avatar\/049821681b589dabc0bc20695993ccebb09f5b5d4d790cd9251b97faac7c652b?s=96&d=blank&r=g","contentUrl":"https:\/\/secure.gravatar.com\/avatar\/049821681b589dabc0bc20695993ccebb09f5b5d4d790cd9251b97faac7c652b?s=96&d=blank&r=g","caption":"enequipo"},"sameAs":["https:\/\/www.facebook.com\/SonoraEE"]}]}},"jetpack_featured_media_url":"https:\/\/www.sonoraenequipo.com.mx\/storage\/2022\/12\/e-mental.jpg","_links":{"self":[{"href":"https:\/\/www.sonoraenequipo.com.mx\/api\/wp\/v2\/posts\/153450","targetHints":{"allow":["GET"]}}],"collection":[{"href":"https:\/\/www.sonoraenequipo.com.mx\/api\/wp\/v2\/posts"}],"about":[{"href":"https:\/\/www.sonoraenequipo.com.mx\/api\/wp\/v2\/types\/post"}],"author":[{"embeddable":true,"href":"https:\/\/www.sonoraenequipo.com.mx\/api\/wp\/v2\/users\/1"}],"replies":[{"embeddable":true,"href":"https:\/\/www.sonoraenequipo.com.mx\/api\/wp\/v2\/comments?post=153450"}],"version-history":[{"count":1,"href":"https:\/\/www.sonoraenequipo.com.mx\/api\/wp\/v2\/posts\/153450\/revisions"}],"predecessor-version":[{"id":153452,"href":"https:\/\/www.sonoraenequipo.com.mx\/api\/wp\/v2\/posts\/153450\/revisions\/153452"}],"wp:featuredmedia":[{"embeddable":true,"href":"https:\/\/www.sonoraenequipo.com.mx\/api\/wp\/v2\/media\/153451"}],"wp:attachment":[{"href":"https:\/\/www.sonoraenequipo.com.mx\/api\/wp\/v2\/media?parent=153450"}],"wp:term":[{"taxonomy":"category","embeddable":true,"href":"https:\/\/www.sonoraenequipo.com.mx\/api\/wp\/v2\/categories?post=153450"},{"taxonomy":"post_tag","embeddable":true,"href":"https:\/\/www.sonoraenequipo.com.mx\/api\/wp\/v2\/tags?post=153450"}],"curies":[{"name":"wp","href":"https:\/\/api.w.org\/{rel}","templated":true}]}}