{"id":153456,"date":"2022-12-02T11:54:41","date_gmt":"2022-12-02T18:54:41","guid":{"rendered":"https:\/\/www.sonoraenequipo.com.mx\/?p=153456"},"modified":"2022-12-02T12:51:04","modified_gmt":"2022-12-02T19:51:04","slug":"dos-menores-de-secundaria-en-hermosillo-sufren-crisis-nerviosa-en-clase","status":"publish","type":"post","link":"https:\/\/www.sonoraenequipo.com.mx\/dos-menores-de-secundaria-en-hermosillo-sufren-crisis-nerviosa-en-clase\/","title":{"rendered":"Dos menores de secundaria en Hermosillo sufren crisis nerviosa en clase"},"content":{"rendered":"<ul>\n<li>\u00a0La entrega de boletas de calificaci\u00f3n pudo haber sido la causa, consideraron maestros y param\u00e9dicos de la Cruz Roja que les atendieron.<\/li>\n<\/ul>\n<p><strong>\u00a0<\/strong><\/p>\n<p><strong>HERMOSILLO, SONORA,MX.<\/strong><strong>\u2500\u2500 Ayer a las 18:25 horas, fueron atendidos dos menores de edad que presentaban una crisis nerviosa en el interior de la escuela \u00a0Jos\u00e9 Mar\u00eda Gonz\u00e1lez Hermosillo<\/strong> <strong>ubicada en las calles Coyote Iguana y \u00c1lamo Blanco, de la colonia Los Olivos.<\/strong><\/p>\n<p><strong>\u00a0<\/strong><\/p>\n<p><strong>Los agentes que atendieron el llamado se entrevistaron con personal de la escuela secundaria, quienes desconoc\u00edan los motivos para que los menores sufrieran dicha reacci\u00f3n, suponiendo que la entrega de calificaciones pudiera ser lo que origin\u00f3 la situaci\u00f3n.<\/strong><\/p>\n<p><strong>\u00a0<\/strong><\/p>\n<p><strong>Ambos menores de 12\u00a0 y\u00a0 11 a\u00f1os, fueron revisados y atendidos por el personal de Cruz Roja, quienes los estabilizaron, sin necesidad de trasladarlos a un hospital.<\/strong><\/p>\n<p><strong><em><u>Fecha de publicaci\u00f3n\u00a0 viernes 2 de diciembre de 2022<\/u><\/em><\/strong><\/p>\n","protected":false},"excerpt":{"rendered":"<p>\u00a0La entrega de boletas de calificaci\u00f3n pudo haber sido la causa, consideraron maestros y param\u00e9dicos&#8230;<\/p>\n","protected":false},"author":1,"featured_media":153457,"comment_status":"open","ping_status":"open","sticky":false,"template":"","format":"standard","meta":{"_monsterinsights_skip_tracking":false,"_monsterinsights_sitenote_active":false,"_monsterinsights_sitenote_note":"","_monsterinsights_sitenote_category":0,"footnotes":""},"categories":[4],"tags":[4893,7917],"class_list":["post"],"yoast_head":" \n<title>Sonora en Equipo. Dos menores de secundaria en Hermosillo sufren crisis nerviosa en clase Municipios<\/title>\n<meta name=\"description\" content=\"\u00a0La entrega de boletas de calificaci\u00f3n pudo haber sido la causa, consideraron maestros y param\u00e9dicos de la Cruz Roja que les atendieron. \u00a0 HERMOSILLO, En Sonora en Equipo publicamos toda la informaci\u00f3n de Sonora, M\u00e9xico y el Mundo de manera oportuna y busca que la libertad de expresi\u00f3n sea real. Visita nuestro medio informativo publicado desde Hermosillo, Sonora. %\" \/>\n<meta name=\"robots\" content=\"index, follow, max-snippet:-1, max-image-preview:large, max-video-preview:-1\" \/>\n<link rel=\"canonical\" href=\"https:\/\/www.sonoraenequipo.com.mx\/dos-menores-de-secundaria-en-hermosillo-sufren-crisis-nerviosa-en-clase\/\" \/>\n<meta property=\"og:locale\" content=\"es_ES\" \/>\n<meta property=\"og:type\" content=\"article\" \/>\n<meta property=\"og:title\" content=\"Sonora en Equipo. Dos menores de secundaria en Hermosillo sufren crisis nerviosa en clase Municipios\" \/>\n<meta property=\"og:description\" content=\"\u00a0La entrega de boletas de calificaci\u00f3n pudo haber sido la causa, consideraron maestros y param\u00e9dicos de la Cruz Roja que les atendieron. \u00a0 HERMOSILLO, En Sonora en Equipo publicamos toda la informaci\u00f3n de Sonora, M\u00e9xico y el Mundo de manera oportuna y busca que la libertad de expresi\u00f3n sea real. Visita nuestro medio informativo publicado desde Hermosillo, Sonora. %\" \/>\n<meta property=\"og:url\" content=\"https:\/\/www.sonoraenequipo.com.mx\/dos-menores-de-secundaria-en-hermosillo-sufren-crisis-nerviosa-en-clase\/\" \/>\n<meta property=\"og:site_name\" content=\"Sonora en Equipo.\" \/>\n<meta property=\"article:publisher\" content=\"https:\/\/www.facebook.com\/SonoraEE\/\" \/>\n<meta property=\"article:author\" content=\"https:\/\/www.facebook.com\/SonoraEE\" \/>\n<meta property=\"article:published_time\" content=\"2022-12-02T18:54:41+00:00\" \/>\n<meta property=\"article:modified_time\" content=\"2022-12-02T19:51:04+00:00\" \/>\n<meta property=\"og:image\" content=\"https:\/\/www.sonoraenequipo.com.mx\/storage\/2022\/12\/crisis.jpg\" \/>\n\t<meta property=\"og:image:width\" content=\"600\" \/>\n\t<meta property=\"og:image:height\" content=\"400\" \/>\n\t<meta property=\"og:image:type\" content=\"image\/jpeg\" \/>\n<meta name=\"author\" content=\"enequipo\" \/>\n<meta name=\"twitter:card\" content=\"summary_large_image\" \/>\n<meta name=\"twitter:creator\" content=\"@sonoraenequipo\" \/>\n<meta name=\"twitter:site\" content=\"@sonoraenequipo\" \/>\n<meta name=\"twitter:label1\" content=\"Escrito por\" \/>\n\t<meta name=\"twitter:data1\" content=\"enequipo\" \/>\n\t<meta name=\"twitter:label2\" content=\"Tiempo de lectura\" \/>\n\t<meta name=\"twitter:data2\" content=\"1 minuto\" \/>\n<script type=\"application\/ld+json\" class=\"yoast-schema-graph\">{\"@context\":\"https:\/\/schema.org\",\"@graph\":[{\"@type\":\"Article\",\"@id\":\"https:\/\/www.sonoraenequipo.com.mx\/dos-menores-de-secundaria-en-hermosillo-sufren-crisis-nerviosa-en-clase\/#article\",\"isPartOf\":{\"@id\":\"https:\/\/www.sonoraenequipo.com.mx\/dos-menores-de-secundaria-en-hermosillo-sufren-crisis-nerviosa-en-clase\/\"},\"author\":{\"name\":\"enequipo\",\"@id\":\"https:\/\/www.sonoraenequipo.com.mx\/#\/schema\/person\/50102df0fb23a8fa9e8effad8fa81386\"},\"headline\":\"Dos menores de secundaria en Hermosillo sufren crisis nerviosa en clase\",\"datePublished\":\"2022-12-02T18:54:41+00:00\",\"dateModified\":\"2022-12-02T19:51:04+00:00\",\"mainEntityOfPage\":{\"@id\":\"https:\/\/www.sonoraenequipo.com.mx\/dos-menores-de-secundaria-en-hermosillo-sufren-crisis-nerviosa-en-clase\/\"},\"wordCount\":154,\"commentCount\":0,\"publisher\":{\"@id\":\"https:\/\/www.sonoraenequipo.com.mx\/#organization\"},\"image\":{\"@id\":\"https:\/\/www.sonoraenequipo.com.mx\/dos-menores-de-secundaria-en-hermosillo-sufren-crisis-nerviosa-en-clase\/#primaryimage\"},\"thumbnailUrl\":\"https:\/\/www.sonoraenequipo.com.mx\/storage\/2022\/12\/crisis.jpg\",\"keywords\":[\"Crisis\",\"nerviosa\"],\"articleSection\":[\"Municipios\"],\"inLanguage\":\"es\",\"potentialAction\":[{\"@type\":\"CommentAction\",\"name\":\"Comment\",\"target\":[\"https:\/\/www.sonoraenequipo.com.mx\/dos-menores-de-secundaria-en-hermosillo-sufren-crisis-nerviosa-en-clase\/#respond\"]}]},{\"@type\":\"WebPage\",\"@id\":\"https:\/\/www.sonoraenequipo.com.mx\/dos-menores-de-secundaria-en-hermosillo-sufren-crisis-nerviosa-en-clase\/\",\"url\":\"https:\/\/www.sonoraenequipo.com.mx\/dos-menores-de-secundaria-en-hermosillo-sufren-crisis-nerviosa-en-clase\/\",\"name\":\"Sonora en Equipo. Dos menores de secundaria en Hermosillo sufren crisis nerviosa en clase Municipios\",\"isPartOf\":{\"@id\":\"https:\/\/www.sonoraenequipo.com.mx\/#website\"},\"primaryImageOfPage\":{\"@id\":\"https:\/\/www.sonoraenequipo.com.mx\/dos-menores-de-secundaria-en-hermosillo-sufren-crisis-nerviosa-en-clase\/#primaryimage\"},\"image\":{\"@id\":\"https:\/\/www.sonoraenequipo.com.mx\/dos-menores-de-secundaria-en-hermosillo-sufren-crisis-nerviosa-en-clase\/#primaryimage\"},\"thumbnailUrl\":\"https:\/\/www.sonoraenequipo.com.mx\/storage\/2022\/12\/crisis.jpg\",\"datePublished\":\"2022-12-02T18:54:41+00:00\",\"dateModified\":\"2022-12-02T19:51:04+00:00\",\"description\":\"\u00a0La entrega de boletas de calificaci\u00f3n pudo haber sido la causa, consideraron maestros y param\u00e9dicos de la Cruz Roja que les atendieron. \u00a0 HERMOSILLO, En Sonora en Equipo publicamos toda la informaci\u00f3n de Sonora, M\u00e9xico y el Mundo de manera oportuna y busca que la libertad de expresi\u00f3n sea real. Visita nuestro medio informativo publicado desde Hermosillo, Sonora. %\",\"breadcrumb\":{\"@id\":\"https:\/\/www.sonoraenequipo.com.mx\/dos-menores-de-secundaria-en-hermosillo-sufren-crisis-nerviosa-en-clase\/#breadcrumb\"},\"inLanguage\":\"es\",\"potentialAction\":[{\"@type\":\"ReadAction\",\"target\":[\"https:\/\/www.sonoraenequipo.com.mx\/dos-menores-de-secundaria-en-hermosillo-sufren-crisis-nerviosa-en-clase\/\"]}]},{\"@type\":\"ImageObject\",\"inLanguage\":\"es\",\"@id\":\"https:\/\/www.sonoraenequipo.com.mx\/dos-menores-de-secundaria-en-hermosillo-sufren-crisis-nerviosa-en-clase\/#primaryimage\",\"url\":\"https:\/\/www.sonoraenequipo.com.mx\/storage\/2022\/12\/crisis.jpg\",\"contentUrl\":\"https:\/\/www.sonoraenequipo.com.mx\/storage\/2022\/12\/crisis.jpg\",\"width\":600,\"height\":400,\"caption\":\"Imagen para ilustrar\"},{\"@type\":\"BreadcrumbList\",\"@id\":\"https:\/\/www.sonoraenequipo.com.mx\/dos-menores-de-secundaria-en-hermosillo-sufren-crisis-nerviosa-en-clase\/#breadcrumb\",\"itemListElement\":[{\"@type\":\"ListItem\",\"position\":1,\"name\":\"Portada\",\"item\":\"https:\/\/www.sonoraenequipo.com.mx\/\"},{\"@type\":\"ListItem\",\"position\":2,\"name\":\"Dos menores de secundaria en Hermosillo sufren crisis nerviosa en clase\"}]},{\"@type\":\"WebSite\",\"@id\":\"https:\/\/www.sonoraenequipo.com.mx\/#website\",\"url\":\"https:\/\/www.sonoraenequipo.com.mx\/\",\"name\":\"Sonora en Equipo.\",\"description\":\"Diario en l\u00ednea con Noticias desde Hermosillo, Sonora\",\"publisher\":{\"@id\":\"https:\/\/www.sonoraenequipo.com.mx\/#organization\"},\"potentialAction\":[{\"@type\":\"SearchAction\",\"target\":{\"@type\":\"EntryPoint\",\"urlTemplate\":\"https:\/\/www.sonoraenequipo.com.mx\/?s={search_term_string}\"},\"query-input\":{\"@type\":\"PropertyValueSpecification\",\"valueRequired\":true,\"valueName\":\"search_term_string\"}}],\"inLanguage\":\"es\"},{\"@type\":\"Organization\",\"@id\":\"https:\/\/www.sonoraenequipo.com.mx\/#organization\",\"name\":\"Sonoraenequipo.com.mx\",\"url\":\"https:\/\/www.sonoraenequipo.com.mx\/\",\"logo\":{\"@type\":\"ImageObject\",\"inLanguage\":\"es\",\"@id\":\"https:\/\/www.sonoraenequipo.com.mx\/#\/schema\/logo\/image\/\",\"url\":\"https:\/\/www.sonoraenequipo.com.mx\/storage\/2019\/01\/sonoraenequipo_opt.png\",\"contentUrl\":\"https:\/\/www.sonoraenequipo.com.mx\/storage\/2019\/01\/sonoraenequipo_opt.png\",\"width\":375,\"height\":125,\"caption\":\"Sonoraenequipo.com.mx\"},\"image\":{\"@id\":\"https:\/\/www.sonoraenequipo.com.mx\/#\/schema\/logo\/image\/\"},\"sameAs\":[\"https:\/\/www.facebook.com\/SonoraEE\/\",\"https:\/\/x.com\/sonoraenequipo\",\"https:\/\/www.youtube.com\/channel\/UC338nW-lPEYmJQs4ZABQ1SQ\"]},{\"@type\":\"Person\",\"@id\":\"https:\/\/www.sonoraenequipo.com.mx\/#\/schema\/person\/50102df0fb23a8fa9e8effad8fa81386\",\"name\":\"enequipo\",\"image\":{\"@type\":\"ImageObject\",\"inLanguage\":\"es\",\"@id\":\"https:\/\/www.sonoraenequipo.com.mx\/#\/schema\/person\/image\/\",\"url\":\"https:\/\/secure.gravatar.com\/avatar\/049821681b589dabc0bc20695993ccebb09f5b5d4d790cd9251b97faac7c652b?s=96&d=blank&r=g\",\"contentUrl\":\"https:\/\/secure.gravatar.com\/avatar\/049821681b589dabc0bc20695993ccebb09f5b5d4d790cd9251b97faac7c652b?s=96&d=blank&r=g\",\"caption\":\"enequipo\"},\"sameAs\":[\"https:\/\/www.facebook.com\/SonoraEE\"]}]}<\/script>\n ","yoast_head_json":{"title":"Sonora en Equipo. Dos menores de secundaria en Hermosillo sufren crisis nerviosa en clase Municipios","description":"\u00a0La entrega de boletas de calificaci\u00f3n pudo haber sido la causa, consideraron maestros y param\u00e9dicos de la Cruz Roja que les atendieron. \u00a0 HERMOSILLO, En Sonora en Equipo publicamos toda la informaci\u00f3n de Sonora, M\u00e9xico y el Mundo de manera oportuna y busca que la libertad de expresi\u00f3n sea real. Visita nuestro medio informativo publicado desde Hermosillo, Sonora. %","robots":{"index":"index","follow":"follow","max-snippet":"max-snippet:-1","max-image-preview":"max-image-preview:large","max-video-preview":"max-video-preview:-1"},"canonical":"https:\/\/www.sonoraenequipo.com.mx\/dos-menores-de-secundaria-en-hermosillo-sufren-crisis-nerviosa-en-clase\/","og_locale":"es_ES","og_type":"article","og_title":"Sonora en Equipo. Dos menores de secundaria en Hermosillo sufren crisis nerviosa en clase Municipios","og_description":"\u00a0La entrega de boletas de calificaci\u00f3n pudo haber sido la causa, consideraron maestros y param\u00e9dicos de la Cruz Roja que les atendieron. \u00a0 HERMOSILLO, En Sonora en Equipo publicamos toda la informaci\u00f3n de Sonora, M\u00e9xico y el Mundo de manera oportuna y busca que la libertad de expresi\u00f3n sea real. Visita nuestro medio informativo publicado desde Hermosillo, Sonora. %","og_url":"https:\/\/www.sonoraenequipo.com.mx\/dos-menores-de-secundaria-en-hermosillo-sufren-crisis-nerviosa-en-clase\/","og_site_name":"Sonora en Equipo.","article_publisher":"https:\/\/www.facebook.com\/SonoraEE\/","article_author":"https:\/\/www.facebook.com\/SonoraEE","article_published_time":"2022-12-02T18:54:41+00:00","article_modified_time":"2022-12-02T19:51:04+00:00","og_image":[{"width":600,"height":400,"url":"https:\/\/www.sonoraenequipo.com.mx\/storage\/2022\/12\/crisis.jpg","type":"image\/jpeg"}],"author":"enequipo","twitter_card":"summary_large_image","twitter_creator":"@sonoraenequipo","twitter_site":"@sonoraenequipo","twitter_misc":{"Escrito por":"enequipo","Tiempo de lectura":"1 minuto"},"schema":{"@context":"https:\/\/schema.org","@graph":[{"@type":"Article","@id":"https:\/\/www.sonoraenequipo.com.mx\/dos-menores-de-secundaria-en-hermosillo-sufren-crisis-nerviosa-en-clase\/#article","isPartOf":{"@id":"https:\/\/www.sonoraenequipo.com.mx\/dos-menores-de-secundaria-en-hermosillo-sufren-crisis-nerviosa-en-clase\/"},"author":{"name":"enequipo","@id":"https:\/\/www.sonoraenequipo.com.mx\/#\/schema\/person\/50102df0fb23a8fa9e8effad8fa81386"},"headline":"Dos menores de secundaria en Hermosillo sufren crisis nerviosa en clase","datePublished":"2022-12-02T18:54:41+00:00","dateModified":"2022-12-02T19:51:04+00:00","mainEntityOfPage":{"@id":"https:\/\/www.sonoraenequipo.com.mx\/dos-menores-de-secundaria-en-hermosillo-sufren-crisis-nerviosa-en-clase\/"},"wordCount":154,"commentCount":0,"publisher":{"@id":"https:\/\/www.sonoraenequipo.com.mx\/#organization"},"image":{"@id":"https:\/\/www.sonoraenequipo.com.mx\/dos-menores-de-secundaria-en-hermosillo-sufren-crisis-nerviosa-en-clase\/#primaryimage"},"thumbnailUrl":"https:\/\/www.sonoraenequipo.com.mx\/storage\/2022\/12\/crisis.jpg","keywords":["Crisis","nerviosa"],"articleSection":["Municipios"],"inLanguage":"es","potentialAction":[{"@type":"CommentAction","name":"Comment","target":["https:\/\/www.sonoraenequipo.com.mx\/dos-menores-de-secundaria-en-hermosillo-sufren-crisis-nerviosa-en-clase\/#respond"]}]},{"@type":"WebPage","@id":"https:\/\/www.sonoraenequipo.com.mx\/dos-menores-de-secundaria-en-hermosillo-sufren-crisis-nerviosa-en-clase\/","url":"https:\/\/www.sonoraenequipo.com.mx\/dos-menores-de-secundaria-en-hermosillo-sufren-crisis-nerviosa-en-clase\/","name":"Sonora en Equipo. Dos menores de secundaria en Hermosillo sufren crisis nerviosa en clase Municipios","isPartOf":{"@id":"https:\/\/www.sonoraenequipo.com.mx\/#website"},"primaryImageOfPage":{"@id":"https:\/\/www.sonoraenequipo.com.mx\/dos-menores-de-secundaria-en-hermosillo-sufren-crisis-nerviosa-en-clase\/#primaryimage"},"image":{"@id":"https:\/\/www.sonoraenequipo.com.mx\/dos-menores-de-secundaria-en-hermosillo-sufren-crisis-nerviosa-en-clase\/#primaryimage"},"thumbnailUrl":"https:\/\/www.sonoraenequipo.com.mx\/storage\/2022\/12\/crisis.jpg","datePublished":"2022-12-02T18:54:41+00:00","dateModified":"2022-12-02T19:51:04+00:00","description":"\u00a0La entrega de boletas de calificaci\u00f3n pudo haber sido la causa, consideraron maestros y param\u00e9dicos de la Cruz Roja que les atendieron. \u00a0 HERMOSILLO, En Sonora en Equipo publicamos toda la informaci\u00f3n de Sonora, M\u00e9xico y el Mundo de manera oportuna y busca que la libertad de expresi\u00f3n sea real. Visita nuestro medio informativo publicado desde Hermosillo, Sonora. %","breadcrumb":{"@id":"https:\/\/www.sonoraenequipo.com.mx\/dos-menores-de-secundaria-en-hermosillo-sufren-crisis-nerviosa-en-clase\/#breadcrumb"},"inLanguage":"es","potentialAction":[{"@type":"ReadAction","target":["https:\/\/www.sonoraenequipo.com.mx\/dos-menores-de-secundaria-en-hermosillo-sufren-crisis-nerviosa-en-clase\/"]}]},{"@type":"ImageObject","inLanguage":"es","@id":"https:\/\/www.sonoraenequipo.com.mx\/dos-menores-de-secundaria-en-hermosillo-sufren-crisis-nerviosa-en-clase\/#primaryimage","url":"https:\/\/www.sonoraenequipo.com.mx\/storage\/2022\/12\/crisis.jpg","contentUrl":"https:\/\/www.sonoraenequipo.com.mx\/storage\/2022\/12\/crisis.jpg","width":600,"height":400,"caption":"Imagen para ilustrar"},{"@type":"BreadcrumbList","@id":"https:\/\/www.sonoraenequipo.com.mx\/dos-menores-de-secundaria-en-hermosillo-sufren-crisis-nerviosa-en-clase\/#breadcrumb","itemListElement":[{"@type":"ListItem","position":1,"name":"Portada","item":"https:\/\/www.sonoraenequipo.com.mx\/"},{"@type":"ListItem","position":2,"name":"Dos menores de secundaria en Hermosillo sufren crisis nerviosa en clase"}]},{"@type":"WebSite","@id":"https:\/\/www.sonoraenequipo.com.mx\/#website","url":"https:\/\/www.sonoraenequipo.com.mx\/","name":"Sonora en Equipo.","description":"Diario en l\u00ednea con Noticias desde Hermosillo, Sonora","publisher":{"@id":"https:\/\/www.sonoraenequipo.com.mx\/#organization"},"potentialAction":[{"@type":"SearchAction","target":{"@type":"EntryPoint","urlTemplate":"https:\/\/www.sonoraenequipo.com.mx\/?s={search_term_string}"},"query-input":{"@type":"PropertyValueSpecification","valueRequired":true,"valueName":"search_term_string"}}],"inLanguage":"es"},{"@type":"Organization","@id":"https:\/\/www.sonoraenequipo.com.mx\/#organization","name":"Sonoraenequipo.com.mx","url":"https:\/\/www.sonoraenequipo.com.mx\/","logo":{"@type":"ImageObject","inLanguage":"es","@id":"https:\/\/www.sonoraenequipo.com.mx\/#\/schema\/logo\/image\/","url":"https:\/\/www.sonoraenequipo.com.mx\/storage\/2019\/01\/sonoraenequipo_opt.png","contentUrl":"https:\/\/www.sonoraenequipo.com.mx\/storage\/2019\/01\/sonoraenequipo_opt.png","width":375,"height":125,"caption":"Sonoraenequipo.com.mx"},"image":{"@id":"https:\/\/www.sonoraenequipo.com.mx\/#\/schema\/logo\/image\/"},"sameAs":["https:\/\/www.facebook.com\/SonoraEE\/","https:\/\/x.com\/sonoraenequipo","https:\/\/www.youtube.com\/channel\/UC338nW-lPEYmJQs4ZABQ1SQ"]},{"@type":"Person","@id":"https:\/\/www.sonoraenequipo.com.mx\/#\/schema\/person\/50102df0fb23a8fa9e8effad8fa81386","name":"enequipo","image":{"@type":"ImageObject","inLanguage":"es","@id":"https:\/\/www.sonoraenequipo.com.mx\/#\/schema\/person\/image\/","url":"https:\/\/secure.gravatar.com\/avatar\/049821681b589dabc0bc20695993ccebb09f5b5d4d790cd9251b97faac7c652b?s=96&d=blank&r=g","contentUrl":"https:\/\/secure.gravatar.com\/avatar\/049821681b589dabc0bc20695993ccebb09f5b5d4d790cd9251b97faac7c652b?s=96&d=blank&r=g","caption":"enequipo"},"sameAs":["https:\/\/www.facebook.com\/SonoraEE"]}]}},"jetpack_featured_media_url":"https:\/\/www.sonoraenequipo.com.mx\/storage\/2022\/12\/crisis.jpg","_links":{"self":[{"href":"https:\/\/www.sonoraenequipo.com.mx\/api\/wp\/v2\/posts\/153456","targetHints":{"allow":["GET"]}}],"collection":[{"href":"https:\/\/www.sonoraenequipo.com.mx\/api\/wp\/v2\/posts"}],"about":[{"href":"https:\/\/www.sonoraenequipo.com.mx\/api\/wp\/v2\/types\/post"}],"author":[{"embeddable":true,"href":"https:\/\/www.sonoraenequipo.com.mx\/api\/wp\/v2\/users\/1"}],"replies":[{"embeddable":true,"href":"https:\/\/www.sonoraenequipo.com.mx\/api\/wp\/v2\/comments?post=153456"}],"version-history":[{"count":2,"href":"https:\/\/www.sonoraenequipo.com.mx\/api\/wp\/v2\/posts\/153456\/revisions"}],"predecessor-version":[{"id":153463,"href":"https:\/\/www.sonoraenequipo.com.mx\/api\/wp\/v2\/posts\/153456\/revisions\/153463"}],"wp:featuredmedia":[{"embeddable":true,"href":"https:\/\/www.sonoraenequipo.com.mx\/api\/wp\/v2\/media\/153457"}],"wp:attachment":[{"href":"https:\/\/www.sonoraenequipo.com.mx\/api\/wp\/v2\/media?parent=153456"}],"wp:term":[{"taxonomy":"category","embeddable":true,"href":"https:\/\/www.sonoraenequipo.com.mx\/api\/wp\/v2\/categories?post=153456"},{"taxonomy":"post_tag","embeddable":true,"href":"https:\/\/www.sonoraenequipo.com.mx\/api\/wp\/v2\/tags?post=153456"}],"curies":[{"name":"wp","href":"https:\/\/api.w.org\/{rel}","templated":true}]}}