{"id":153460,"date":"2022-12-02T12:47:39","date_gmt":"2022-12-02T19:47:39","guid":{"rendered":"https:\/\/www.sonoraenequipo.com.mx\/?p=153460"},"modified":"2022-12-02T12:47:39","modified_gmt":"2022-12-02T19:47:39","slug":"ine-ordena-a-sheinbaum-abstenerse-de-conductas-que-busquen-influir-en-el-proceso-electoral-2024","status":"publish","type":"post","link":"https:\/\/www.sonoraenequipo.com.mx\/ine-ordena-a-sheinbaum-abstenerse-de-conductas-que-busquen-influir-en-el-proceso-electoral-2024\/","title":{"rendered":"INE ordena a\u00a0 Sheinbaum abstenerse de conductas que busquen influir en el proceso electoral 2024"},"content":{"rendered":"<p><strong>CIUDAD DE M\u00c9XICO,MX.<\/strong><strong>\u2500\u2500<\/strong> <strong>El diputado Jorge \u00c1lvarez Maynez, as\u00ed como diversos ciudadanos presentaron quejas en contra de la Jefa de Gobierno de la Ciudad de M\u00e9xico, Claudia Sheinbaum, derivado de su participaci\u00f3n en diferentes eventos en los que, alegan, se configuran actos anticipados de precampa\u00f1a y campa\u00f1a, uso indebido de recursos p\u00fablicos, promoci\u00f3n personalizada y una indebida difusi\u00f3n de su informe de labores, solicitando medidas cautelares y tutela preventiva.<\/strong><\/p>\n<p><strong>\u00a0<\/strong><\/p>\n<p><strong>\u00a0<\/strong><\/p>\n<p><strong>\u00a0<\/strong><\/p>\n<p><strong>La tem\u00e1tica de los hechos denunciados es: la pinta de bardas y colocaci\u00f3n de lonas en diferentes partes de la Rep\u00fablica Mexicana, as\u00ed como la difusi\u00f3n en redes sociales con el objetivo aparente de promover a la funcionaria, a trav\u00e9s del uso de las frases \u201c#EsElla\u201d, \u201cEsClaudia\u201d, y \u201cpara que siga la transformaci\u00f3n\u00bb; la participaci\u00f3n de la denunciada, de Salom\u00f3n Jara Cruz, de Rub\u00e9n Rocha Moya, y diversos servidores p\u00fablicos municipales y estatales, por la celebraci\u00f3n de tres eventos en Oaxaca, Sinaloa y en la Ciudad de M\u00e9xico, los pasados d\u00edas 4, 5 y 6 de noviembre, as\u00ed como la celebraci\u00f3n de un evento el pasado 29 de octubre en el centro expositor de la Ciudad de Puebla, el cual fue organizado por la Benem\u00e9rita Universidad Aut\u00f3noma de Puebla, en el que dict\u00f3 la conferencia denominada \u201cPol\u00edticas Exitosas de Gobierno\u201d, la que, tuvo como \u00fanica finalidad, promocionar su imagen y sus logros como servidora p\u00fablica, evento que fue difundido en redes sociales.<\/strong><\/p>\n<p><strong>\u00a0<\/strong><\/p>\n<p><strong>\u00a0<\/strong><\/p>\n<p><strong>\u00a0<\/strong><\/p>\n<p><strong>Simpatizantes de la Jefa de Gobierno deber\u00e1n abstenerse de realizar conductas que busquen posicionarla de cara a la elecci\u00f3n presidencial de 2024<\/strong><\/p>\n<p><strong>\u00a0<\/strong><\/p>\n<p><strong>\u00a0<\/strong><\/p>\n<p><strong>\u00a0<\/strong><\/p>\n<p><strong>En el caso de las pintas de bardas y publicidad en redes sociales, la Comisi\u00f3n de Quejas y Denuncias del Instituto Nacional Electoral (INE), determin\u00f3 la procedencia de las medidas cautelares, al considerar que existe una estrategia de publicidad at\u00edpica, por tratarse de propaganda con caracter\u00edsticas y particularidades que denotan identidad en su contenido, en la que se busca posicionar la idea de continuidad asociada a la Jefa de Gobierno de la Ciudad de M\u00e9xico y, bajo la apariencia del buen derecho, se considera estar frente a una posible violaci\u00f3n a los principios y normas que rigen todo proceso electoral lo que podr\u00eda llegar a constituir actos anticipados de precampa\u00f1a y\/o campa\u00f1a, justificando as\u00ed, el dictado de medidas cautelares.<\/strong><\/p>\n<p><strong>\u00a0<\/strong><\/p>\n<p><strong>\u00a0<\/strong><\/p>\n<p><strong>\u00a0<\/strong><\/p>\n<p><strong>Por lo anterior, se orden\u00f3 a la Jefa de Gobierno de la Ciudad de M\u00e9xico, que, en un plazo no mayor a 24 horas, se deslinde p\u00fablicamente de los hechos denunciados y solicite a sus simpatizantes que se abstengan de realizar conductas que busquen influir en el Proceso Electoral 2023-2024, tales como la colocaci\u00f3n de propaganda fija o campa\u00f1as en redes sociales, tendentes a posicionar su nombre o apellido.<\/strong><\/p>\n<p><strong>\u00a0<\/strong><\/p>\n<p><strong>\u00a0<\/strong><\/p>\n<p><strong>\u00a0<\/strong><\/p>\n<p><strong>El texto con el cual se le vincula a hacer el deslinde es el siguiente: \u201cLa suscrita ha tenido conocimiento de la existencia y uso del hashtag #EsClaudia en distintos espacios de la Ciudad de M\u00e9xico y otras ciudades del pa\u00eds, ya sea a trav\u00e9s de lonas, pinta de bardas o en redes sociales. En ese sentido, de nueva cuenta y como lo he hecho en anteriores ocasiones, afirmo de manera categ\u00f3rica, que ni una servidora, ni el gobierno que encabezo tenemos vinculaci\u00f3n, directa o indirecta, con la frase \u201cEs Claudia\u201d frases similares, o con alg\u00fan aspecto relacionado con su difusi\u00f3n\u201d. El cual deber\u00e1 publicarse en la p\u00e1gina de internet oficial de la Jefatura de Gobierno de la Ciudad de M\u00e9xico https:\/\/www.jefaturadegobierno.cdmx.gob.mx\/, as\u00ed como en sus redes sociales, tanto personales como institucionales, en un lugar visible y fijado.<\/strong><\/p>\n<p><strong>\u00a0<\/strong><\/p>\n<p><strong>\u00a0<\/strong><\/p>\n<p><strong>\u00a0<\/strong><\/p>\n<p><strong>Improcedente la medida cautelar relacionada con las conferencias impartidas por la Jefa de Gobierno de la CDMX en diferentes entidades federativas<\/strong><\/p>\n<p><strong>\u00a0<\/strong><\/p>\n<p><strong>\u00a0<\/strong><\/p>\n<p><strong>\u00a0<\/strong><\/p>\n<p><strong>Por cuanto a los dos asuntos en donde se denuncia la asistencia de la Jefa de Gobierno de la Ciudad de M\u00e9xico a diversos eventos en distintas ciudades del pa\u00eds en las que imparti\u00f3 conferencias denominadas \u201cPol\u00edticas Exitosas de Gobierno\u201d; o bien la asistencia a una reuni\u00f3n en la Ciudad de M\u00e9xico denominada \u201cEncuentro Nacional Municipalista. Pol\u00edticas Exitosas\u201d, la Comisi\u00f3n determin\u00f3 la improcedencia de la medida cautelar solicitada, al considerar que no se actualiza elemento relacionado con la urgencia y el peligro en la demora, ya que en este momento no ha iniciado el Proceso Electoral Federal y ser\u00e1 hasta dentro de 10 meses que inicie el referido proceso electoral, es decir, hasta septiembre de 2023.<\/strong><\/p>\n<p><strong>\u00a0<\/strong><\/p>\n<p><strong>\u00a0<\/strong><\/p>\n<p><strong>\u00a0<\/strong><\/p>\n<p><strong>Respecto al uso indebido de recursos p\u00fablicos, en todos los casos, ser\u00e1 un tema que corresponda a la Sala Regional Especializada del Tribunal Electoral del Poder Judicial de la Federaci\u00f3n (TEPJF), al resolver el fondo de los asuntos.<\/strong><\/p>\n<p><strong>\u00a0<\/strong><\/p>\n<p><strong>\u00a0<\/strong><\/p>\n<p><strong>\u00a0<\/strong><\/p>\n<p><strong>Los tres proyectos fueron aprobados por unanimidad de votos de las Consejeras Adriana Favela, presidenta de la Comisi\u00f3n y Claudia Zavala, as\u00ed como del Consejero Ciro Murayama.<\/strong><\/p>\n<p><strong><em><u>Fecha de publicaci\u00f3n\u00a0 viernes 2 de diciembre de 2022<\/u><\/em><\/strong><\/p>\n","protected":false},"excerpt":{"rendered":"<p>CIUDAD DE M\u00c9XICO,MX.\u2500\u2500 El diputado Jorge \u00c1lvarez Maynez, as\u00ed como diversos ciudadanos presentaron quejas en&#8230;<\/p>\n","protected":false},"author":1,"featured_media":139042,"comment_status":"open","ping_status":"open","sticky":false,"template":"","format":"standard","meta":{"_monsterinsights_skip_tracking":false,"_monsterinsights_sitenote_active":false,"_monsterinsights_sitenote_note":"","_monsterinsights_sitenote_category":0,"footnotes":""},"categories":[1],"tags":[6042,1247,2448],"class_list":["post"],"yoast_head":" \n<title>Sonora en Equipo. INE ordena a\u00a0 Sheinbaum abstenerse de conductas que busquen influir en el proceso electoral 2024<\/title>\n<meta name=\"description\" content=\"CIUDAD DE M\u00c9XICO,MX.\u2500\u2500 El diputado Jorge \u00c1lvarez Maynez, as\u00ed como diversos ciudadanos presentaron quejas en contra de la Jefa de Gobierno de la Ciudad de En Sonora en Equipo publicamos toda la informaci\u00f3n de Sonora, M\u00e9xico y el Mundo de manera oportuna y busca que la libertad de expresi\u00f3n sea real. Visita nuestro medio informativo publicado desde Hermosillo, Sonora. %\" \/>\n<meta name=\"robots\" content=\"index, follow, max-snippet:-1, max-image-preview:large, max-video-preview:-1\" \/>\n<link rel=\"canonical\" href=\"https:\/\/www.sonoraenequipo.com.mx\/ine-ordena-a-sheinbaum-abstenerse-de-conductas-que-busquen-influir-en-el-proceso-electoral-2024\/\" \/>\n<meta property=\"og:locale\" content=\"es_ES\" \/>\n<meta property=\"og:type\" content=\"article\" \/>\n<meta property=\"og:title\" content=\"Sonora en Equipo. INE ordena a\u00a0 Sheinbaum abstenerse de conductas que busquen influir en el proceso electoral 2024\" \/>\n<meta property=\"og:description\" content=\"CIUDAD DE M\u00c9XICO,MX.\u2500\u2500 El diputado Jorge \u00c1lvarez Maynez, as\u00ed como diversos ciudadanos presentaron quejas en contra de la Jefa de Gobierno de la Ciudad de En Sonora en Equipo publicamos toda la informaci\u00f3n de Sonora, M\u00e9xico y el Mundo de manera oportuna y busca que la libertad de expresi\u00f3n sea real. Visita nuestro medio informativo publicado desde Hermosillo, Sonora. %\" \/>\n<meta property=\"og:url\" content=\"https:\/\/www.sonoraenequipo.com.mx\/ine-ordena-a-sheinbaum-abstenerse-de-conductas-que-busquen-influir-en-el-proceso-electoral-2024\/\" \/>\n<meta property=\"og:site_name\" content=\"Sonora en Equipo.\" \/>\n<meta property=\"article:publisher\" content=\"https:\/\/www.facebook.com\/SonoraEE\/\" \/>\n<meta property=\"article:author\" content=\"https:\/\/www.facebook.com\/SonoraEE\" \/>\n<meta property=\"article:published_time\" content=\"2022-12-02T19:47:39+00:00\" \/>\n<meta property=\"og:image\" content=\"https:\/\/www.sonoraenequipo.com.mx\/storage\/2022\/05\/Claudia-Sheinbaum-promocion-del-voto.jpg\" \/>\n\t<meta property=\"og:image:width\" content=\"700\" \/>\n\t<meta property=\"og:image:height\" content=\"400\" \/>\n\t<meta property=\"og:image:type\" content=\"image\/jpeg\" \/>\n<meta name=\"author\" content=\"enequipo\" \/>\n<meta name=\"twitter:card\" content=\"summary_large_image\" \/>\n<meta name=\"twitter:creator\" content=\"@sonoraenequipo\" \/>\n<meta name=\"twitter:site\" content=\"@sonoraenequipo\" \/>\n<meta name=\"twitter:label1\" content=\"Escrito por\" \/>\n\t<meta name=\"twitter:data1\" content=\"enequipo\" \/>\n\t<meta name=\"twitter:label2\" content=\"Tiempo de lectura\" \/>\n\t<meta name=\"twitter:data2\" content=\"4 minutos\" \/>\n<script type=\"application\/ld+json\" class=\"yoast-schema-graph\">{\"@context\":\"https:\/\/schema.org\",\"@graph\":[{\"@type\":\"Article\",\"@id\":\"https:\/\/www.sonoraenequipo.com.mx\/ine-ordena-a-sheinbaum-abstenerse-de-conductas-que-busquen-influir-en-el-proceso-electoral-2024\/#article\",\"isPartOf\":{\"@id\":\"https:\/\/www.sonoraenequipo.com.mx\/ine-ordena-a-sheinbaum-abstenerse-de-conductas-que-busquen-influir-en-el-proceso-electoral-2024\/\"},\"author\":{\"name\":\"enequipo\",\"@id\":\"https:\/\/www.sonoraenequipo.com.mx\/#\/schema\/person\/50102df0fb23a8fa9e8effad8fa81386\"},\"headline\":\"INE ordena a\u00a0 Sheinbaum abstenerse de conductas que busquen influir en el proceso electoral 2024\",\"datePublished\":\"2022-12-02T19:47:39+00:00\",\"mainEntityOfPage\":{\"@id\":\"https:\/\/www.sonoraenequipo.com.mx\/ine-ordena-a-sheinbaum-abstenerse-de-conductas-que-busquen-influir-en-el-proceso-electoral-2024\/\"},\"wordCount\":861,\"commentCount\":0,\"publisher\":{\"@id\":\"https:\/\/www.sonoraenequipo.com.mx\/#organization\"},\"image\":{\"@id\":\"https:\/\/www.sonoraenequipo.com.mx\/ine-ordena-a-sheinbaum-abstenerse-de-conductas-que-busquen-influir-en-el-proceso-electoral-2024\/#primaryimage\"},\"thumbnailUrl\":\"https:\/\/www.sonoraenequipo.com.mx\/storage\/2022\/05\/Claudia-Sheinbaum-promocion-del-voto.jpg\",\"keywords\":[\"Elecciones 2024\",\"INE\",\"Sheinbaum\"],\"articleSection\":[\"Sin categorizar\"],\"inLanguage\":\"es\",\"potentialAction\":[{\"@type\":\"CommentAction\",\"name\":\"Comment\",\"target\":[\"https:\/\/www.sonoraenequipo.com.mx\/ine-ordena-a-sheinbaum-abstenerse-de-conductas-que-busquen-influir-en-el-proceso-electoral-2024\/#respond\"]}]},{\"@type\":\"WebPage\",\"@id\":\"https:\/\/www.sonoraenequipo.com.mx\/ine-ordena-a-sheinbaum-abstenerse-de-conductas-que-busquen-influir-en-el-proceso-electoral-2024\/\",\"url\":\"https:\/\/www.sonoraenequipo.com.mx\/ine-ordena-a-sheinbaum-abstenerse-de-conductas-que-busquen-influir-en-el-proceso-electoral-2024\/\",\"name\":\"Sonora en Equipo. INE ordena a\u00a0 Sheinbaum abstenerse de conductas que busquen influir en el proceso electoral 2024\",\"isPartOf\":{\"@id\":\"https:\/\/www.sonoraenequipo.com.mx\/#website\"},\"primaryImageOfPage\":{\"@id\":\"https:\/\/www.sonoraenequipo.com.mx\/ine-ordena-a-sheinbaum-abstenerse-de-conductas-que-busquen-influir-en-el-proceso-electoral-2024\/#primaryimage\"},\"image\":{\"@id\":\"https:\/\/www.sonoraenequipo.com.mx\/ine-ordena-a-sheinbaum-abstenerse-de-conductas-que-busquen-influir-en-el-proceso-electoral-2024\/#primaryimage\"},\"thumbnailUrl\":\"https:\/\/www.sonoraenequipo.com.mx\/storage\/2022\/05\/Claudia-Sheinbaum-promocion-del-voto.jpg\",\"datePublished\":\"2022-12-02T19:47:39+00:00\",\"description\":\"CIUDAD DE M\u00c9XICO,MX.\u2500\u2500 El diputado Jorge \u00c1lvarez Maynez, as\u00ed como diversos ciudadanos presentaron quejas en contra de la Jefa de Gobierno de la Ciudad de En Sonora en Equipo publicamos toda la informaci\u00f3n de Sonora, M\u00e9xico y el Mundo de manera oportuna y busca que la libertad de expresi\u00f3n sea real. Visita nuestro medio informativo publicado desde Hermosillo, Sonora. %\",\"breadcrumb\":{\"@id\":\"https:\/\/www.sonoraenequipo.com.mx\/ine-ordena-a-sheinbaum-abstenerse-de-conductas-que-busquen-influir-en-el-proceso-electoral-2024\/#breadcrumb\"},\"inLanguage\":\"es\",\"potentialAction\":[{\"@type\":\"ReadAction\",\"target\":[\"https:\/\/www.sonoraenequipo.com.mx\/ine-ordena-a-sheinbaum-abstenerse-de-conductas-que-busquen-influir-en-el-proceso-electoral-2024\/\"]}]},{\"@type\":\"ImageObject\",\"inLanguage\":\"es\",\"@id\":\"https:\/\/www.sonoraenequipo.com.mx\/ine-ordena-a-sheinbaum-abstenerse-de-conductas-que-busquen-influir-en-el-proceso-electoral-2024\/#primaryimage\",\"url\":\"https:\/\/www.sonoraenequipo.com.mx\/storage\/2022\/05\/Claudia-Sheinbaum-promocion-del-voto.jpg\",\"contentUrl\":\"https:\/\/www.sonoraenequipo.com.mx\/storage\/2022\/05\/Claudia-Sheinbaum-promocion-del-voto.jpg\",\"width\":700,\"height\":400},{\"@type\":\"BreadcrumbList\",\"@id\":\"https:\/\/www.sonoraenequipo.com.mx\/ine-ordena-a-sheinbaum-abstenerse-de-conductas-que-busquen-influir-en-el-proceso-electoral-2024\/#breadcrumb\",\"itemListElement\":[{\"@type\":\"ListItem\",\"position\":1,\"name\":\"Portada\",\"item\":\"https:\/\/www.sonoraenequipo.com.mx\/\"},{\"@type\":\"ListItem\",\"position\":2,\"name\":\"INE ordena a\u00a0 Sheinbaum abstenerse de conductas que busquen influir en el proceso electoral 2024\"}]},{\"@type\":\"WebSite\",\"@id\":\"https:\/\/www.sonoraenequipo.com.mx\/#website\",\"url\":\"https:\/\/www.sonoraenequipo.com.mx\/\",\"name\":\"Sonora en Equipo.\",\"description\":\"Diario en l\u00ednea con Noticias desde Hermosillo, Sonora\",\"publisher\":{\"@id\":\"https:\/\/www.sonoraenequipo.com.mx\/#organization\"},\"potentialAction\":[{\"@type\":\"SearchAction\",\"target\":{\"@type\":\"EntryPoint\",\"urlTemplate\":\"https:\/\/www.sonoraenequipo.com.mx\/?s={search_term_string}\"},\"query-input\":{\"@type\":\"PropertyValueSpecification\",\"valueRequired\":true,\"valueName\":\"search_term_string\"}}],\"inLanguage\":\"es\"},{\"@type\":\"Organization\",\"@id\":\"https:\/\/www.sonoraenequipo.com.mx\/#organization\",\"name\":\"Sonoraenequipo.com.mx\",\"url\":\"https:\/\/www.sonoraenequipo.com.mx\/\",\"logo\":{\"@type\":\"ImageObject\",\"inLanguage\":\"es\",\"@id\":\"https:\/\/www.sonoraenequipo.com.mx\/#\/schema\/logo\/image\/\",\"url\":\"https:\/\/www.sonoraenequipo.com.mx\/storage\/2019\/01\/sonoraenequipo_opt.png\",\"contentUrl\":\"https:\/\/www.sonoraenequipo.com.mx\/storage\/2019\/01\/sonoraenequipo_opt.png\",\"width\":375,\"height\":125,\"caption\":\"Sonoraenequipo.com.mx\"},\"image\":{\"@id\":\"https:\/\/www.sonoraenequipo.com.mx\/#\/schema\/logo\/image\/\"},\"sameAs\":[\"https:\/\/www.facebook.com\/SonoraEE\/\",\"https:\/\/x.com\/sonoraenequipo\",\"https:\/\/www.youtube.com\/channel\/UC338nW-lPEYmJQs4ZABQ1SQ\"]},{\"@type\":\"Person\",\"@id\":\"https:\/\/www.sonoraenequipo.com.mx\/#\/schema\/person\/50102df0fb23a8fa9e8effad8fa81386\",\"name\":\"enequipo\",\"image\":{\"@type\":\"ImageObject\",\"inLanguage\":\"es\",\"@id\":\"https:\/\/www.sonoraenequipo.com.mx\/#\/schema\/person\/image\/\",\"url\":\"https:\/\/secure.gravatar.com\/avatar\/049821681b589dabc0bc20695993ccebb09f5b5d4d790cd9251b97faac7c652b?s=96&d=blank&r=g\",\"contentUrl\":\"https:\/\/secure.gravatar.com\/avatar\/049821681b589dabc0bc20695993ccebb09f5b5d4d790cd9251b97faac7c652b?s=96&d=blank&r=g\",\"caption\":\"enequipo\"},\"sameAs\":[\"https:\/\/www.facebook.com\/SonoraEE\"]}]}<\/script>\n ","yoast_head_json":{"title":"Sonora en Equipo. INE ordena a\u00a0 Sheinbaum abstenerse de conductas que busquen influir en el proceso electoral 2024","description":"CIUDAD DE M\u00c9XICO,MX.\u2500\u2500 El diputado Jorge \u00c1lvarez Maynez, as\u00ed como diversos ciudadanos presentaron quejas en contra de la Jefa de Gobierno de la Ciudad de En Sonora en Equipo publicamos toda la informaci\u00f3n de Sonora, M\u00e9xico y el Mundo de manera oportuna y busca que la libertad de expresi\u00f3n sea real. Visita nuestro medio informativo publicado desde Hermosillo, Sonora. %","robots":{"index":"index","follow":"follow","max-snippet":"max-snippet:-1","max-image-preview":"max-image-preview:large","max-video-preview":"max-video-preview:-1"},"canonical":"https:\/\/www.sonoraenequipo.com.mx\/ine-ordena-a-sheinbaum-abstenerse-de-conductas-que-busquen-influir-en-el-proceso-electoral-2024\/","og_locale":"es_ES","og_type":"article","og_title":"Sonora en Equipo. INE ordena a\u00a0 Sheinbaum abstenerse de conductas que busquen influir en el proceso electoral 2024","og_description":"CIUDAD DE M\u00c9XICO,MX.\u2500\u2500 El diputado Jorge \u00c1lvarez Maynez, as\u00ed como diversos ciudadanos presentaron quejas en contra de la Jefa de Gobierno de la Ciudad de En Sonora en Equipo publicamos toda la informaci\u00f3n de Sonora, M\u00e9xico y el Mundo de manera oportuna y busca que la libertad de expresi\u00f3n sea real. Visita nuestro medio informativo publicado desde Hermosillo, Sonora. %","og_url":"https:\/\/www.sonoraenequipo.com.mx\/ine-ordena-a-sheinbaum-abstenerse-de-conductas-que-busquen-influir-en-el-proceso-electoral-2024\/","og_site_name":"Sonora en Equipo.","article_publisher":"https:\/\/www.facebook.com\/SonoraEE\/","article_author":"https:\/\/www.facebook.com\/SonoraEE","article_published_time":"2022-12-02T19:47:39+00:00","og_image":[{"width":700,"height":400,"url":"https:\/\/www.sonoraenequipo.com.mx\/storage\/2022\/05\/Claudia-Sheinbaum-promocion-del-voto.jpg","type":"image\/jpeg"}],"author":"enequipo","twitter_card":"summary_large_image","twitter_creator":"@sonoraenequipo","twitter_site":"@sonoraenequipo","twitter_misc":{"Escrito por":"enequipo","Tiempo de lectura":"4 minutos"},"schema":{"@context":"https:\/\/schema.org","@graph":[{"@type":"Article","@id":"https:\/\/www.sonoraenequipo.com.mx\/ine-ordena-a-sheinbaum-abstenerse-de-conductas-que-busquen-influir-en-el-proceso-electoral-2024\/#article","isPartOf":{"@id":"https:\/\/www.sonoraenequipo.com.mx\/ine-ordena-a-sheinbaum-abstenerse-de-conductas-que-busquen-influir-en-el-proceso-electoral-2024\/"},"author":{"name":"enequipo","@id":"https:\/\/www.sonoraenequipo.com.mx\/#\/schema\/person\/50102df0fb23a8fa9e8effad8fa81386"},"headline":"INE ordena a\u00a0 Sheinbaum abstenerse de conductas que busquen influir en el proceso electoral 2024","datePublished":"2022-12-02T19:47:39+00:00","mainEntityOfPage":{"@id":"https:\/\/www.sonoraenequipo.com.mx\/ine-ordena-a-sheinbaum-abstenerse-de-conductas-que-busquen-influir-en-el-proceso-electoral-2024\/"},"wordCount":861,"commentCount":0,"publisher":{"@id":"https:\/\/www.sonoraenequipo.com.mx\/#organization"},"image":{"@id":"https:\/\/www.sonoraenequipo.com.mx\/ine-ordena-a-sheinbaum-abstenerse-de-conductas-que-busquen-influir-en-el-proceso-electoral-2024\/#primaryimage"},"thumbnailUrl":"https:\/\/www.sonoraenequipo.com.mx\/storage\/2022\/05\/Claudia-Sheinbaum-promocion-del-voto.jpg","keywords":["Elecciones 2024","INE","Sheinbaum"],"articleSection":["Sin categorizar"],"inLanguage":"es","potentialAction":[{"@type":"CommentAction","name":"Comment","target":["https:\/\/www.sonoraenequipo.com.mx\/ine-ordena-a-sheinbaum-abstenerse-de-conductas-que-busquen-influir-en-el-proceso-electoral-2024\/#respond"]}]},{"@type":"WebPage","@id":"https:\/\/www.sonoraenequipo.com.mx\/ine-ordena-a-sheinbaum-abstenerse-de-conductas-que-busquen-influir-en-el-proceso-electoral-2024\/","url":"https:\/\/www.sonoraenequipo.com.mx\/ine-ordena-a-sheinbaum-abstenerse-de-conductas-que-busquen-influir-en-el-proceso-electoral-2024\/","name":"Sonora en Equipo. INE ordena a\u00a0 Sheinbaum abstenerse de conductas que busquen influir en el proceso electoral 2024","isPartOf":{"@id":"https:\/\/www.sonoraenequipo.com.mx\/#website"},"primaryImageOfPage":{"@id":"https:\/\/www.sonoraenequipo.com.mx\/ine-ordena-a-sheinbaum-abstenerse-de-conductas-que-busquen-influir-en-el-proceso-electoral-2024\/#primaryimage"},"image":{"@id":"https:\/\/www.sonoraenequipo.com.mx\/ine-ordena-a-sheinbaum-abstenerse-de-conductas-que-busquen-influir-en-el-proceso-electoral-2024\/#primaryimage"},"thumbnailUrl":"https:\/\/www.sonoraenequipo.com.mx\/storage\/2022\/05\/Claudia-Sheinbaum-promocion-del-voto.jpg","datePublished":"2022-12-02T19:47:39+00:00","description":"CIUDAD DE M\u00c9XICO,MX.\u2500\u2500 El diputado Jorge \u00c1lvarez Maynez, as\u00ed como diversos ciudadanos presentaron quejas en contra de la Jefa de Gobierno de la Ciudad de En Sonora en Equipo publicamos toda la informaci\u00f3n de Sonora, M\u00e9xico y el Mundo de manera oportuna y busca que la libertad de expresi\u00f3n sea real. Visita nuestro medio informativo publicado desde Hermosillo, Sonora. %","breadcrumb":{"@id":"https:\/\/www.sonoraenequipo.com.mx\/ine-ordena-a-sheinbaum-abstenerse-de-conductas-que-busquen-influir-en-el-proceso-electoral-2024\/#breadcrumb"},"inLanguage":"es","potentialAction":[{"@type":"ReadAction","target":["https:\/\/www.sonoraenequipo.com.mx\/ine-ordena-a-sheinbaum-abstenerse-de-conductas-que-busquen-influir-en-el-proceso-electoral-2024\/"]}]},{"@type":"ImageObject","inLanguage":"es","@id":"https:\/\/www.sonoraenequipo.com.mx\/ine-ordena-a-sheinbaum-abstenerse-de-conductas-que-busquen-influir-en-el-proceso-electoral-2024\/#primaryimage","url":"https:\/\/www.sonoraenequipo.com.mx\/storage\/2022\/05\/Claudia-Sheinbaum-promocion-del-voto.jpg","contentUrl":"https:\/\/www.sonoraenequipo.com.mx\/storage\/2022\/05\/Claudia-Sheinbaum-promocion-del-voto.jpg","width":700,"height":400},{"@type":"BreadcrumbList","@id":"https:\/\/www.sonoraenequipo.com.mx\/ine-ordena-a-sheinbaum-abstenerse-de-conductas-que-busquen-influir-en-el-proceso-electoral-2024\/#breadcrumb","itemListElement":[{"@type":"ListItem","position":1,"name":"Portada","item":"https:\/\/www.sonoraenequipo.com.mx\/"},{"@type":"ListItem","position":2,"name":"INE ordena a\u00a0 Sheinbaum abstenerse de conductas que busquen influir en el proceso electoral 2024"}]},{"@type":"WebSite","@id":"https:\/\/www.sonoraenequipo.com.mx\/#website","url":"https:\/\/www.sonoraenequipo.com.mx\/","name":"Sonora en Equipo.","description":"Diario en l\u00ednea con Noticias desde Hermosillo, Sonora","publisher":{"@id":"https:\/\/www.sonoraenequipo.com.mx\/#organization"},"potentialAction":[{"@type":"SearchAction","target":{"@type":"EntryPoint","urlTemplate":"https:\/\/www.sonoraenequipo.com.mx\/?s={search_term_string}"},"query-input":{"@type":"PropertyValueSpecification","valueRequired":true,"valueName":"search_term_string"}}],"inLanguage":"es"},{"@type":"Organization","@id":"https:\/\/www.sonoraenequipo.com.mx\/#organization","name":"Sonoraenequipo.com.mx","url":"https:\/\/www.sonoraenequipo.com.mx\/","logo":{"@type":"ImageObject","inLanguage":"es","@id":"https:\/\/www.sonoraenequipo.com.mx\/#\/schema\/logo\/image\/","url":"https:\/\/www.sonoraenequipo.com.mx\/storage\/2019\/01\/sonoraenequipo_opt.png","contentUrl":"https:\/\/www.sonoraenequipo.com.mx\/storage\/2019\/01\/sonoraenequipo_opt.png","width":375,"height":125,"caption":"Sonoraenequipo.com.mx"},"image":{"@id":"https:\/\/www.sonoraenequipo.com.mx\/#\/schema\/logo\/image\/"},"sameAs":["https:\/\/www.facebook.com\/SonoraEE\/","https:\/\/x.com\/sonoraenequipo","https:\/\/www.youtube.com\/channel\/UC338nW-lPEYmJQs4ZABQ1SQ"]},{"@type":"Person","@id":"https:\/\/www.sonoraenequipo.com.mx\/#\/schema\/person\/50102df0fb23a8fa9e8effad8fa81386","name":"enequipo","image":{"@type":"ImageObject","inLanguage":"es","@id":"https:\/\/www.sonoraenequipo.com.mx\/#\/schema\/person\/image\/","url":"https:\/\/secure.gravatar.com\/avatar\/049821681b589dabc0bc20695993ccebb09f5b5d4d790cd9251b97faac7c652b?s=96&d=blank&r=g","contentUrl":"https:\/\/secure.gravatar.com\/avatar\/049821681b589dabc0bc20695993ccebb09f5b5d4d790cd9251b97faac7c652b?s=96&d=blank&r=g","caption":"enequipo"},"sameAs":["https:\/\/www.facebook.com\/SonoraEE"]}]}},"jetpack_featured_media_url":"https:\/\/www.sonoraenequipo.com.mx\/storage\/2022\/05\/Claudia-Sheinbaum-promocion-del-voto.jpg","_links":{"self":[{"href":"https:\/\/www.sonoraenequipo.com.mx\/api\/wp\/v2\/posts\/153460","targetHints":{"allow":["GET"]}}],"collection":[{"href":"https:\/\/www.sonoraenequipo.com.mx\/api\/wp\/v2\/posts"}],"about":[{"href":"https:\/\/www.sonoraenequipo.com.mx\/api\/wp\/v2\/types\/post"}],"author":[{"embeddable":true,"href":"https:\/\/www.sonoraenequipo.com.mx\/api\/wp\/v2\/users\/1"}],"replies":[{"embeddable":true,"href":"https:\/\/www.sonoraenequipo.com.mx\/api\/wp\/v2\/comments?post=153460"}],"version-history":[{"count":1,"href":"https:\/\/www.sonoraenequipo.com.mx\/api\/wp\/v2\/posts\/153460\/revisions"}],"predecessor-version":[{"id":153461,"href":"https:\/\/www.sonoraenequipo.com.mx\/api\/wp\/v2\/posts\/153460\/revisions\/153461"}],"wp:featuredmedia":[{"embeddable":true,"href":"https:\/\/www.sonoraenequipo.com.mx\/api\/wp\/v2\/media\/139042"}],"wp:attachment":[{"href":"https:\/\/www.sonoraenequipo.com.mx\/api\/wp\/v2\/media?parent=153460"}],"wp:term":[{"taxonomy":"category","embeddable":true,"href":"https:\/\/www.sonoraenequipo.com.mx\/api\/wp\/v2\/categories?post=153460"},{"taxonomy":"post_tag","embeddable":true,"href":"https:\/\/www.sonoraenequipo.com.mx\/api\/wp\/v2\/tags?post=153460"}],"curies":[{"name":"wp","href":"https:\/\/api.w.org\/{rel}","templated":true}]}}