{"id":153464,"date":"2022-12-02T13:10:47","date_gmt":"2022-12-02T20:10:47","guid":{"rendered":"https:\/\/www.sonoraenequipo.com.mx\/?p=153464"},"modified":"2022-12-02T13:10:47","modified_gmt":"2022-12-02T20:10:47","slug":"invita-la-iv-zona-militar-a-caminata-y-rodada-motociclista","status":"publish","type":"post","link":"https:\/\/www.sonoraenequipo.com.mx\/invita-la-iv-zona-militar-a-caminata-y-rodada-motociclista\/","title":{"rendered":"Invita la IV Zona Militar a caminata y rodada motociclista"},"content":{"rendered":"<p><strong>\u25baEl evento ser\u00e1 el pr\u00f3ximo domingo 4 de diciembre en las instalaciones del Ej\u00e9rcito Mexicano, ubicado en la colonia Loma Linda de Hermosillo<\/strong><\/p>\n<p><strong>\u00a0<\/strong><\/p>\n<p><strong>HERMOSILLO, SONORA,MX.<\/strong><strong>\u2500\u2500 La \u201cGran Fuerza de M\u00e9xico\u201d, con el apoyo de la Comisi\u00f3n del Deporte del Estado de Sonora (Codeson), extendi\u00f3 la invitaci\u00f3n al p\u00fablico en general a participar en el paseo-caminata y rodada motociclista, organizada por el Ej\u00e9rcito Mexicano.<\/strong><\/p>\n<p><strong>\u00a0<\/strong><\/p>\n<p><strong>En el marco del D\u00eda Internacional de la Eliminaci\u00f3n de la Violencia contra la Mujer, se realizar\u00e1n estas actividades el pr\u00f3ximo domingo 4 de diciembre, ambos eventos ser\u00e1n de manera simult\u00e1nea y dar\u00e1n inicio a partir de las 8:00 de la ma\u00f1ana.<\/strong><\/p>\n<p><strong>\u00a0<\/strong><\/p>\n<p><strong>En el caso del paseo-caminata dominical, ser\u00e1 dentro del \u00e1rea del 24 Batall\u00f3n de Infanter\u00eda, ubicado en la colonia Loma Linda de la capital sonorense, como una actividad de convivencia familiar, con el fin de que las y los visitantes conozcan de cerca las instalaciones de la Cuarta Zona Militar. Si as\u00ed lo desean, pueden portar una prenda de color naranja.<\/strong><\/p>\n<p><strong>\u00a0<\/strong><\/p>\n<p><strong>La rodada motociclista iniciar\u00e1 en la entrada del 24 Batall\u00f3n de Infanter\u00eda (frente a la Farmacia Guadalajara) y consta de un recorrido de 300 kil\u00f3metros, mismo que finalizar\u00e1 en San Carlos, Guaymas. No hay cupo limitado y la participaci\u00f3n es totalmente gratuita. Para m\u00e1s informaci\u00f3n, comunicarse a los tel\u00e9fonos 6622 145457 y 6622 851032.<\/strong><\/p>\n<p><strong>\u00a0<\/strong><\/p>\n<p><strong>Los dos eventos son parte de la \u201cCampa\u00f1a Contra la Violencia Hacia las Mujeres\u201d y cumplen el objetivo de promover la activaci\u00f3n f\u00edsica y esparcimiento entre la ciudadan\u00eda, programas contemplados por la Cuarta Zona Militar y que continuar\u00e1n el pr\u00f3ximo a\u00f1o.<\/strong><\/p>\n<p><strong><em><u>Fecha de publicaci\u00f3n\u00a0 viernes 2 de diciembre de 2022<\/u><\/em><\/strong><\/p>\n","protected":false},"excerpt":{"rendered":"<p>\u25baEl evento ser\u00e1 el pr\u00f3ximo domingo 4 de diciembre en las instalaciones del Ej\u00e9rcito Mexicano,&#8230;<\/p>\n","protected":false},"author":1,"featured_media":153465,"comment_status":"open","ping_status":"open","sticky":false,"template":"","format":"standard","meta":{"_monsterinsights_skip_tracking":false,"_monsterinsights_sitenote_active":false,"_monsterinsights_sitenote_note":"","_monsterinsights_sitenote_category":0,"footnotes":""},"categories":[4],"tags":[7150,7918,7919],"class_list":["post"],"yoast_head":" \n<title>Sonora en Equipo. Invita la IV Zona Militar a caminata y rodada motociclista Municipios<\/title>\n<meta name=\"description\" content=\"\u25baEl evento ser\u00e1 el pr\u00f3ximo domingo 4 de diciembre en las instalaciones del Ej\u00e9rcito Mexicano, ubicado en la colonia Loma Linda de Hermosillo \u00a0 HERMOSILLO, En Sonora en Equipo publicamos toda la informaci\u00f3n de Sonora, M\u00e9xico y el Mundo de manera oportuna y busca que la libertad de expresi\u00f3n sea real. Visita nuestro medio informativo publicado desde Hermosillo, Sonora. %\" \/>\n<meta name=\"robots\" content=\"index, follow, max-snippet:-1, max-image-preview:large, max-video-preview:-1\" \/>\n<link rel=\"canonical\" href=\"https:\/\/www.sonoraenequipo.com.mx\/invita-la-iv-zona-militar-a-caminata-y-rodada-motociclista\/\" \/>\n<meta property=\"og:locale\" content=\"es_ES\" \/>\n<meta property=\"og:type\" content=\"article\" \/>\n<meta property=\"og:title\" content=\"Sonora en Equipo. Invita la IV Zona Militar a caminata y rodada motociclista Municipios\" \/>\n<meta property=\"og:description\" content=\"\u25baEl evento ser\u00e1 el pr\u00f3ximo domingo 4 de diciembre en las instalaciones del Ej\u00e9rcito Mexicano, ubicado en la colonia Loma Linda de Hermosillo \u00a0 HERMOSILLO, En Sonora en Equipo publicamos toda la informaci\u00f3n de Sonora, M\u00e9xico y el Mundo de manera oportuna y busca que la libertad de expresi\u00f3n sea real. Visita nuestro medio informativo publicado desde Hermosillo, Sonora. %\" \/>\n<meta property=\"og:url\" content=\"https:\/\/www.sonoraenequipo.com.mx\/invita-la-iv-zona-militar-a-caminata-y-rodada-motociclista\/\" \/>\n<meta property=\"og:site_name\" content=\"Sonora en Equipo.\" \/>\n<meta property=\"article:publisher\" content=\"https:\/\/www.facebook.com\/SonoraEE\/\" \/>\n<meta property=\"article:author\" content=\"https:\/\/www.facebook.com\/SonoraEE\" \/>\n<meta property=\"article:published_time\" content=\"2022-12-02T20:10:47+00:00\" \/>\n<meta property=\"og:image\" content=\"https:\/\/www.sonoraenequipo.com.mx\/storage\/2022\/12\/moto.jpg\" \/>\n\t<meta property=\"og:image:width\" content=\"600\" \/>\n\t<meta property=\"og:image:height\" content=\"400\" \/>\n\t<meta property=\"og:image:type\" content=\"image\/jpeg\" \/>\n<meta name=\"author\" content=\"enequipo\" \/>\n<meta name=\"twitter:card\" content=\"summary_large_image\" \/>\n<meta name=\"twitter:creator\" content=\"@sonoraenequipo\" \/>\n<meta name=\"twitter:site\" content=\"@sonoraenequipo\" \/>\n<meta name=\"twitter:label1\" content=\"Escrito por\" \/>\n\t<meta name=\"twitter:data1\" content=\"enequipo\" \/>\n\t<meta name=\"twitter:label2\" content=\"Tiempo de lectura\" \/>\n\t<meta name=\"twitter:data2\" content=\"1 minuto\" \/>\n<script type=\"application\/ld+json\" class=\"yoast-schema-graph\">{\"@context\":\"https:\/\/schema.org\",\"@graph\":[{\"@type\":\"Article\",\"@id\":\"https:\/\/www.sonoraenequipo.com.mx\/invita-la-iv-zona-militar-a-caminata-y-rodada-motociclista\/#article\",\"isPartOf\":{\"@id\":\"https:\/\/www.sonoraenequipo.com.mx\/invita-la-iv-zona-militar-a-caminata-y-rodada-motociclista\/\"},\"author\":{\"name\":\"enequipo\",\"@id\":\"https:\/\/www.sonoraenequipo.com.mx\/#\/schema\/person\/50102df0fb23a8fa9e8effad8fa81386\"},\"headline\":\"Invita la IV Zona Militar a caminata y rodada motociclista\",\"datePublished\":\"2022-12-02T20:10:47+00:00\",\"mainEntityOfPage\":{\"@id\":\"https:\/\/www.sonoraenequipo.com.mx\/invita-la-iv-zona-militar-a-caminata-y-rodada-motociclista\/\"},\"wordCount\":301,\"commentCount\":0,\"publisher\":{\"@id\":\"https:\/\/www.sonoraenequipo.com.mx\/#organization\"},\"image\":{\"@id\":\"https:\/\/www.sonoraenequipo.com.mx\/invita-la-iv-zona-militar-a-caminata-y-rodada-motociclista\/#primaryimage\"},\"thumbnailUrl\":\"https:\/\/www.sonoraenequipo.com.mx\/storage\/2022\/12\/moto.jpg\",\"keywords\":[\"caminata\",\"IV Zona\",\"rodada\"],\"articleSection\":[\"Municipios\"],\"inLanguage\":\"es\",\"potentialAction\":[{\"@type\":\"CommentAction\",\"name\":\"Comment\",\"target\":[\"https:\/\/www.sonoraenequipo.com.mx\/invita-la-iv-zona-militar-a-caminata-y-rodada-motociclista\/#respond\"]}]},{\"@type\":\"WebPage\",\"@id\":\"https:\/\/www.sonoraenequipo.com.mx\/invita-la-iv-zona-militar-a-caminata-y-rodada-motociclista\/\",\"url\":\"https:\/\/www.sonoraenequipo.com.mx\/invita-la-iv-zona-militar-a-caminata-y-rodada-motociclista\/\",\"name\":\"Sonora en Equipo. Invita la IV Zona Militar a caminata y rodada motociclista Municipios\",\"isPartOf\":{\"@id\":\"https:\/\/www.sonoraenequipo.com.mx\/#website\"},\"primaryImageOfPage\":{\"@id\":\"https:\/\/www.sonoraenequipo.com.mx\/invita-la-iv-zona-militar-a-caminata-y-rodada-motociclista\/#primaryimage\"},\"image\":{\"@id\":\"https:\/\/www.sonoraenequipo.com.mx\/invita-la-iv-zona-militar-a-caminata-y-rodada-motociclista\/#primaryimage\"},\"thumbnailUrl\":\"https:\/\/www.sonoraenequipo.com.mx\/storage\/2022\/12\/moto.jpg\",\"datePublished\":\"2022-12-02T20:10:47+00:00\",\"description\":\"\u25baEl evento ser\u00e1 el pr\u00f3ximo domingo 4 de diciembre en las instalaciones del Ej\u00e9rcito Mexicano, ubicado en la colonia Loma Linda de Hermosillo \u00a0 HERMOSILLO, En Sonora en Equipo publicamos toda la informaci\u00f3n de Sonora, M\u00e9xico y el Mundo de manera oportuna y busca que la libertad de expresi\u00f3n sea real. Visita nuestro medio informativo publicado desde Hermosillo, Sonora. %\",\"breadcrumb\":{\"@id\":\"https:\/\/www.sonoraenequipo.com.mx\/invita-la-iv-zona-militar-a-caminata-y-rodada-motociclista\/#breadcrumb\"},\"inLanguage\":\"es\",\"potentialAction\":[{\"@type\":\"ReadAction\",\"target\":[\"https:\/\/www.sonoraenequipo.com.mx\/invita-la-iv-zona-militar-a-caminata-y-rodada-motociclista\/\"]}]},{\"@type\":\"ImageObject\",\"inLanguage\":\"es\",\"@id\":\"https:\/\/www.sonoraenequipo.com.mx\/invita-la-iv-zona-militar-a-caminata-y-rodada-motociclista\/#primaryimage\",\"url\":\"https:\/\/www.sonoraenequipo.com.mx\/storage\/2022\/12\/moto.jpg\",\"contentUrl\":\"https:\/\/www.sonoraenequipo.com.mx\/storage\/2022\/12\/moto.jpg\",\"width\":600,\"height\":400},{\"@type\":\"BreadcrumbList\",\"@id\":\"https:\/\/www.sonoraenequipo.com.mx\/invita-la-iv-zona-militar-a-caminata-y-rodada-motociclista\/#breadcrumb\",\"itemListElement\":[{\"@type\":\"ListItem\",\"position\":1,\"name\":\"Portada\",\"item\":\"https:\/\/www.sonoraenequipo.com.mx\/\"},{\"@type\":\"ListItem\",\"position\":2,\"name\":\"Invita la IV Zona Militar a caminata y rodada motociclista\"}]},{\"@type\":\"WebSite\",\"@id\":\"https:\/\/www.sonoraenequipo.com.mx\/#website\",\"url\":\"https:\/\/www.sonoraenequipo.com.mx\/\",\"name\":\"Sonora en Equipo.\",\"description\":\"Diario en l\u00ednea con Noticias desde Hermosillo, Sonora\",\"publisher\":{\"@id\":\"https:\/\/www.sonoraenequipo.com.mx\/#organization\"},\"potentialAction\":[{\"@type\":\"SearchAction\",\"target\":{\"@type\":\"EntryPoint\",\"urlTemplate\":\"https:\/\/www.sonoraenequipo.com.mx\/?s={search_term_string}\"},\"query-input\":{\"@type\":\"PropertyValueSpecification\",\"valueRequired\":true,\"valueName\":\"search_term_string\"}}],\"inLanguage\":\"es\"},{\"@type\":\"Organization\",\"@id\":\"https:\/\/www.sonoraenequipo.com.mx\/#organization\",\"name\":\"Sonoraenequipo.com.mx\",\"url\":\"https:\/\/www.sonoraenequipo.com.mx\/\",\"logo\":{\"@type\":\"ImageObject\",\"inLanguage\":\"es\",\"@id\":\"https:\/\/www.sonoraenequipo.com.mx\/#\/schema\/logo\/image\/\",\"url\":\"https:\/\/www.sonoraenequipo.com.mx\/storage\/2019\/01\/sonoraenequipo_opt.png\",\"contentUrl\":\"https:\/\/www.sonoraenequipo.com.mx\/storage\/2019\/01\/sonoraenequipo_opt.png\",\"width\":375,\"height\":125,\"caption\":\"Sonoraenequipo.com.mx\"},\"image\":{\"@id\":\"https:\/\/www.sonoraenequipo.com.mx\/#\/schema\/logo\/image\/\"},\"sameAs\":[\"https:\/\/www.facebook.com\/SonoraEE\/\",\"https:\/\/x.com\/sonoraenequipo\",\"https:\/\/www.youtube.com\/channel\/UC338nW-lPEYmJQs4ZABQ1SQ\"]},{\"@type\":\"Person\",\"@id\":\"https:\/\/www.sonoraenequipo.com.mx\/#\/schema\/person\/50102df0fb23a8fa9e8effad8fa81386\",\"name\":\"enequipo\",\"image\":{\"@type\":\"ImageObject\",\"inLanguage\":\"es\",\"@id\":\"https:\/\/www.sonoraenequipo.com.mx\/#\/schema\/person\/image\/\",\"url\":\"https:\/\/secure.gravatar.com\/avatar\/049821681b589dabc0bc20695993ccebb09f5b5d4d790cd9251b97faac7c652b?s=96&d=blank&r=g\",\"contentUrl\":\"https:\/\/secure.gravatar.com\/avatar\/049821681b589dabc0bc20695993ccebb09f5b5d4d790cd9251b97faac7c652b?s=96&d=blank&r=g\",\"caption\":\"enequipo\"},\"sameAs\":[\"https:\/\/www.facebook.com\/SonoraEE\"]}]}<\/script>\n ","yoast_head_json":{"title":"Sonora en Equipo. Invita la IV Zona Militar a caminata y rodada motociclista Municipios","description":"\u25baEl evento ser\u00e1 el pr\u00f3ximo domingo 4 de diciembre en las instalaciones del Ej\u00e9rcito Mexicano, ubicado en la colonia Loma Linda de Hermosillo \u00a0 HERMOSILLO, En Sonora en Equipo publicamos toda la informaci\u00f3n de Sonora, M\u00e9xico y el Mundo de manera oportuna y busca que la libertad de expresi\u00f3n sea real. Visita nuestro medio informativo publicado desde Hermosillo, Sonora. %","robots":{"index":"index","follow":"follow","max-snippet":"max-snippet:-1","max-image-preview":"max-image-preview:large","max-video-preview":"max-video-preview:-1"},"canonical":"https:\/\/www.sonoraenequipo.com.mx\/invita-la-iv-zona-militar-a-caminata-y-rodada-motociclista\/","og_locale":"es_ES","og_type":"article","og_title":"Sonora en Equipo. Invita la IV Zona Militar a caminata y rodada motociclista Municipios","og_description":"\u25baEl evento ser\u00e1 el pr\u00f3ximo domingo 4 de diciembre en las instalaciones del Ej\u00e9rcito Mexicano, ubicado en la colonia Loma Linda de Hermosillo \u00a0 HERMOSILLO, En Sonora en Equipo publicamos toda la informaci\u00f3n de Sonora, M\u00e9xico y el Mundo de manera oportuna y busca que la libertad de expresi\u00f3n sea real. Visita nuestro medio informativo publicado desde Hermosillo, Sonora. %","og_url":"https:\/\/www.sonoraenequipo.com.mx\/invita-la-iv-zona-militar-a-caminata-y-rodada-motociclista\/","og_site_name":"Sonora en Equipo.","article_publisher":"https:\/\/www.facebook.com\/SonoraEE\/","article_author":"https:\/\/www.facebook.com\/SonoraEE","article_published_time":"2022-12-02T20:10:47+00:00","og_image":[{"width":600,"height":400,"url":"https:\/\/www.sonoraenequipo.com.mx\/storage\/2022\/12\/moto.jpg","type":"image\/jpeg"}],"author":"enequipo","twitter_card":"summary_large_image","twitter_creator":"@sonoraenequipo","twitter_site":"@sonoraenequipo","twitter_misc":{"Escrito por":"enequipo","Tiempo de lectura":"1 minuto"},"schema":{"@context":"https:\/\/schema.org","@graph":[{"@type":"Article","@id":"https:\/\/www.sonoraenequipo.com.mx\/invita-la-iv-zona-militar-a-caminata-y-rodada-motociclista\/#article","isPartOf":{"@id":"https:\/\/www.sonoraenequipo.com.mx\/invita-la-iv-zona-militar-a-caminata-y-rodada-motociclista\/"},"author":{"name":"enequipo","@id":"https:\/\/www.sonoraenequipo.com.mx\/#\/schema\/person\/50102df0fb23a8fa9e8effad8fa81386"},"headline":"Invita la IV Zona Militar a caminata y rodada motociclista","datePublished":"2022-12-02T20:10:47+00:00","mainEntityOfPage":{"@id":"https:\/\/www.sonoraenequipo.com.mx\/invita-la-iv-zona-militar-a-caminata-y-rodada-motociclista\/"},"wordCount":301,"commentCount":0,"publisher":{"@id":"https:\/\/www.sonoraenequipo.com.mx\/#organization"},"image":{"@id":"https:\/\/www.sonoraenequipo.com.mx\/invita-la-iv-zona-militar-a-caminata-y-rodada-motociclista\/#primaryimage"},"thumbnailUrl":"https:\/\/www.sonoraenequipo.com.mx\/storage\/2022\/12\/moto.jpg","keywords":["caminata","IV Zona","rodada"],"articleSection":["Municipios"],"inLanguage":"es","potentialAction":[{"@type":"CommentAction","name":"Comment","target":["https:\/\/www.sonoraenequipo.com.mx\/invita-la-iv-zona-militar-a-caminata-y-rodada-motociclista\/#respond"]}]},{"@type":"WebPage","@id":"https:\/\/www.sonoraenequipo.com.mx\/invita-la-iv-zona-militar-a-caminata-y-rodada-motociclista\/","url":"https:\/\/www.sonoraenequipo.com.mx\/invita-la-iv-zona-militar-a-caminata-y-rodada-motociclista\/","name":"Sonora en Equipo. Invita la IV Zona Militar a caminata y rodada motociclista Municipios","isPartOf":{"@id":"https:\/\/www.sonoraenequipo.com.mx\/#website"},"primaryImageOfPage":{"@id":"https:\/\/www.sonoraenequipo.com.mx\/invita-la-iv-zona-militar-a-caminata-y-rodada-motociclista\/#primaryimage"},"image":{"@id":"https:\/\/www.sonoraenequipo.com.mx\/invita-la-iv-zona-militar-a-caminata-y-rodada-motociclista\/#primaryimage"},"thumbnailUrl":"https:\/\/www.sonoraenequipo.com.mx\/storage\/2022\/12\/moto.jpg","datePublished":"2022-12-02T20:10:47+00:00","description":"\u25baEl evento ser\u00e1 el pr\u00f3ximo domingo 4 de diciembre en las instalaciones del Ej\u00e9rcito Mexicano, ubicado en la colonia Loma Linda de Hermosillo \u00a0 HERMOSILLO, En Sonora en Equipo publicamos toda la informaci\u00f3n de Sonora, M\u00e9xico y el Mundo de manera oportuna y busca que la libertad de expresi\u00f3n sea real. Visita nuestro medio informativo publicado desde Hermosillo, Sonora. %","breadcrumb":{"@id":"https:\/\/www.sonoraenequipo.com.mx\/invita-la-iv-zona-militar-a-caminata-y-rodada-motociclista\/#breadcrumb"},"inLanguage":"es","potentialAction":[{"@type":"ReadAction","target":["https:\/\/www.sonoraenequipo.com.mx\/invita-la-iv-zona-militar-a-caminata-y-rodada-motociclista\/"]}]},{"@type":"ImageObject","inLanguage":"es","@id":"https:\/\/www.sonoraenequipo.com.mx\/invita-la-iv-zona-militar-a-caminata-y-rodada-motociclista\/#primaryimage","url":"https:\/\/www.sonoraenequipo.com.mx\/storage\/2022\/12\/moto.jpg","contentUrl":"https:\/\/www.sonoraenequipo.com.mx\/storage\/2022\/12\/moto.jpg","width":600,"height":400},{"@type":"BreadcrumbList","@id":"https:\/\/www.sonoraenequipo.com.mx\/invita-la-iv-zona-militar-a-caminata-y-rodada-motociclista\/#breadcrumb","itemListElement":[{"@type":"ListItem","position":1,"name":"Portada","item":"https:\/\/www.sonoraenequipo.com.mx\/"},{"@type":"ListItem","position":2,"name":"Invita la IV Zona Militar a caminata y rodada motociclista"}]},{"@type":"WebSite","@id":"https:\/\/www.sonoraenequipo.com.mx\/#website","url":"https:\/\/www.sonoraenequipo.com.mx\/","name":"Sonora en Equipo.","description":"Diario en l\u00ednea con Noticias desde Hermosillo, Sonora","publisher":{"@id":"https:\/\/www.sonoraenequipo.com.mx\/#organization"},"potentialAction":[{"@type":"SearchAction","target":{"@type":"EntryPoint","urlTemplate":"https:\/\/www.sonoraenequipo.com.mx\/?s={search_term_string}"},"query-input":{"@type":"PropertyValueSpecification","valueRequired":true,"valueName":"search_term_string"}}],"inLanguage":"es"},{"@type":"Organization","@id":"https:\/\/www.sonoraenequipo.com.mx\/#organization","name":"Sonoraenequipo.com.mx","url":"https:\/\/www.sonoraenequipo.com.mx\/","logo":{"@type":"ImageObject","inLanguage":"es","@id":"https:\/\/www.sonoraenequipo.com.mx\/#\/schema\/logo\/image\/","url":"https:\/\/www.sonoraenequipo.com.mx\/storage\/2019\/01\/sonoraenequipo_opt.png","contentUrl":"https:\/\/www.sonoraenequipo.com.mx\/storage\/2019\/01\/sonoraenequipo_opt.png","width":375,"height":125,"caption":"Sonoraenequipo.com.mx"},"image":{"@id":"https:\/\/www.sonoraenequipo.com.mx\/#\/schema\/logo\/image\/"},"sameAs":["https:\/\/www.facebook.com\/SonoraEE\/","https:\/\/x.com\/sonoraenequipo","https:\/\/www.youtube.com\/channel\/UC338nW-lPEYmJQs4ZABQ1SQ"]},{"@type":"Person","@id":"https:\/\/www.sonoraenequipo.com.mx\/#\/schema\/person\/50102df0fb23a8fa9e8effad8fa81386","name":"enequipo","image":{"@type":"ImageObject","inLanguage":"es","@id":"https:\/\/www.sonoraenequipo.com.mx\/#\/schema\/person\/image\/","url":"https:\/\/secure.gravatar.com\/avatar\/049821681b589dabc0bc20695993ccebb09f5b5d4d790cd9251b97faac7c652b?s=96&d=blank&r=g","contentUrl":"https:\/\/secure.gravatar.com\/avatar\/049821681b589dabc0bc20695993ccebb09f5b5d4d790cd9251b97faac7c652b?s=96&d=blank&r=g","caption":"enequipo"},"sameAs":["https:\/\/www.facebook.com\/SonoraEE"]}]}},"jetpack_featured_media_url":"https:\/\/www.sonoraenequipo.com.mx\/storage\/2022\/12\/moto.jpg","_links":{"self":[{"href":"https:\/\/www.sonoraenequipo.com.mx\/api\/wp\/v2\/posts\/153464","targetHints":{"allow":["GET"]}}],"collection":[{"href":"https:\/\/www.sonoraenequipo.com.mx\/api\/wp\/v2\/posts"}],"about":[{"href":"https:\/\/www.sonoraenequipo.com.mx\/api\/wp\/v2\/types\/post"}],"author":[{"embeddable":true,"href":"https:\/\/www.sonoraenequipo.com.mx\/api\/wp\/v2\/users\/1"}],"replies":[{"embeddable":true,"href":"https:\/\/www.sonoraenequipo.com.mx\/api\/wp\/v2\/comments?post=153464"}],"version-history":[{"count":1,"href":"https:\/\/www.sonoraenequipo.com.mx\/api\/wp\/v2\/posts\/153464\/revisions"}],"predecessor-version":[{"id":153466,"href":"https:\/\/www.sonoraenequipo.com.mx\/api\/wp\/v2\/posts\/153464\/revisions\/153466"}],"wp:featuredmedia":[{"embeddable":true,"href":"https:\/\/www.sonoraenequipo.com.mx\/api\/wp\/v2\/media\/153465"}],"wp:attachment":[{"href":"https:\/\/www.sonoraenequipo.com.mx\/api\/wp\/v2\/media?parent=153464"}],"wp:term":[{"taxonomy":"category","embeddable":true,"href":"https:\/\/www.sonoraenequipo.com.mx\/api\/wp\/v2\/categories?post=153464"},{"taxonomy":"post_tag","embeddable":true,"href":"https:\/\/www.sonoraenequipo.com.mx\/api\/wp\/v2\/tags?post=153464"}],"curies":[{"name":"wp","href":"https:\/\/api.w.org\/{rel}","templated":true}]}}