{"id":153474,"date":"2022-12-02T09:10:38","date_gmt":"2022-12-02T16:10:38","guid":{"rendered":"https:\/\/www.sonoraenequipo.com.mx\/?p=153474"},"modified":"2022-12-02T13:49:42","modified_gmt":"2022-12-02T20:49:42","slug":"avanza-combate-al-robo-de-combustible-en-el-pais-y-en-veracruz","status":"publish","type":"post","link":"https:\/\/www.sonoraenequipo.com.mx\/avanza-combate-al-robo-de-combustible-en-el-pais-y-en-veracruz\/","title":{"rendered":"Avanza combate al robo de combustible en el pa\u00eds y en Veracruz"},"content":{"rendered":"<p><strong>CIUDAD DE M\u00c9XICO. MX. \u2014<\/strong> El presidente Andr\u00e9s Manuel L\u00f3pez Obrador encabez\u00f3 la reuni\u00f3n del Gabinete de Seguridad en Veracruz, donde constat\u00f3 la tendencia a la baja en el robo de combustibles, tanto a nivel estatal como nacional. De los casi 80 mil millones de barriles que sustra\u00edan ilegalmente a diario, actualmente la desviaci\u00f3n promedio es de 5 mil 600 millones de barriles, es decir, 92.2 por ciento menor.<\/p>\n<p>&nbsp;<\/p>\n<p>&nbsp;<\/p>\n<p> <\/p>\n<p>&nbsp;<\/p>\n<p>El ahorro por la reducci\u00f3n de este il\u00edcito, del 1 de diciembre de 2018 al 30 de septiembre de 2022, asciende a 231 mil 27 millones 143 mil 100 pesos, lo que equivale a 165 millones 19 mil 387 pesos diarios, puntualiz\u00f3 el mandatario.<\/p>\n<p>&nbsp;<\/p>\n<p>En conferencia de prensa matutina dijo que ha disminuido considerablemente ese delito en Veracruz, donde se tiene registro de 53.6 millones de litros de combustible recuperados y 631 tomas clandestinas localizadas.<\/p>\n<p>&nbsp;<\/p>\n<p>Expuso que Hidalgo es el estado con m\u00e1s tomas clandestinas, 5 mil 269, seguido del Estado de M\u00e9xico con 2 mil 56, 916 en Puebla, 672 en Tamaulipas, 503 en Guanajuato, 405 en Baja California, 399 en Jalisco, 350 en Nuevo Le\u00f3n y 330 en Tlaxcala. Las fuerzas de seguridad federales vigilan en todo el pa\u00eds casi tres mil kil\u00f3metros de ductos.<\/p>\n<p>&nbsp;<\/p>\n<p>De acuerdo con informaci\u00f3n de las secretar\u00edas de Marina y de la Defensa Nacional, en noviembre de este a\u00f1o sumaban 3 mil 24 elementos en operaciones para el combate al mercado il\u00edcito de combustible. Como resultado de las mismas se recuperaron 122 mil 810 litros, fueron descubiertas 171 tomas clandestinas, 11 veh\u00edculos se aseguraron y nueve personas est\u00e1n detenidas.<\/p>\n<p>&nbsp;<\/p>\n<p>El jefe del Ejecutivo record\u00f3 que, tras la reforma a la Constituci\u00f3n impulsada por el Gobierno de la Cuarta Transformaci\u00f3n, el llamado huachicol est\u00e1 tipificado como un delito grave.<\/p>\n<p>&nbsp;<\/p>\n<p>\u201cAprovecho para decirle a mis paisanos de Veracruz que se cuiden, que son actividades il\u00edcitas adem\u00e1s muy peligrosas, (\u2026) que cuidemos todos y que no se permita que esta actividad vuelva a tomar fuerza\u201d, expres\u00f3.<\/p>\n<p>&nbsp;<\/p>\n<p>Durante el di\u00e1logo con representantes de los medios de comunicaci\u00f3n, el secretario de Marina, Jos\u00e9 Rafael Ojeda Dur\u00e1n, dio a conocer que el secuestro ha disminuido en Veracruz, lo mismo que el feminicidio y los homicidios dolosos.<\/p>\n<p>&nbsp;<\/p>\n<p>Se atiende el alza en extorsi\u00f3n y robos a transportistas, a negocios y a transe\u00fantes. Los municipios con mayor incidencia son Veracruz, Boca del R\u00edo, Coatzacoalcos, Xalapa y C\u00f3rdoba.<\/p>\n<p>&nbsp;<\/p>\n<p>En la entidad garantizan la paz 7 mil 224 elementos estatales, 6 mil 282 municipales y 666 navales; todo son operativos, lo que hace un total de 14 mil 172 efectivos. En cuanto a elementos federales, participan en tareas de seguridad 17 mil 465 elementos, de los cuales 6 mil 800 corresponden a la Marina, 6 mil 382 al Ej\u00e9rcito y 4 mil 283 a la Guardia Nacional. En conjunto son 31 mil 637 operativos.<\/p>\n<p>&nbsp;<\/p>\n<p>La Guardia Nacional tiene una coordinaci\u00f3n estatal y 18 regionales en todo el estado. De 2020 a la fecha se han construido 15 compa\u00f1\u00edas de esa corporaci\u00f3n y en 2023 se construir\u00e1n 12 compa\u00f1\u00edas m\u00e1s. Habr\u00e1 32 en total.<\/p>\n<p>&nbsp;<\/p>\n<p>Acompa\u00f1aron al presidente, el gobernador de Veracruz, Cuitl\u00e1huac Garc\u00eda Jim\u00e9nez; la secretaria de Seguridad y Protecci\u00f3n Ciudadana, Rosa Icela Rodr\u00edguez Vel\u00e1zquez; el secretario de la Defensa Nacional, Luis Cresencio Sandoval Gonz\u00e1lez y el comandante de la Guardia Nacional, Luis Rodr\u00edguez Bucio.<\/p>\n<p>&nbsp;<\/p>\n<p>&nbsp;<\/p>\n<p>PUBLICADO EL 02\/DICIEMBRE\/2022\/Con informaci\u00f3n de<\/p>\n","protected":false},"excerpt":{"rendered":"<p>CIUDAD DE M\u00c9XICO. MX. \u2014 El presidente Andr\u00e9s Manuel L\u00f3pez Obrador encabez\u00f3 la reuni\u00f3n del&#8230;<\/p>\n","protected":false},"author":1,"featured_media":153476,"comment_status":"open","ping_status":"open","sticky":false,"template":"","format":"standard","meta":{"_monsterinsights_skip_tracking":false,"_monsterinsights_sitenote_active":false,"_monsterinsights_sitenote_note":"","_monsterinsights_sitenote_category":0,"footnotes":""},"categories":[5],"tags":[],"class_list":["post"],"yoast_head":" \n<title>Sonora en Equipo. Avanza combate al robo de combustible en el pa\u00eds y en Veracruz Rep\u00fablica<\/title>\n<meta name=\"description\" content=\"CIUDAD DE M\u00c9XICO. MX. \u2014 El presidente Andr\u00e9s Manuel L\u00f3pez Obrador encabez\u00f3 la reuni\u00f3n del Gabinete de Seguridad en Veracruz, donde constat\u00f3 la tendencia a En Sonora en Equipo publicamos toda la informaci\u00f3n de Sonora, M\u00e9xico y el Mundo de manera oportuna y busca que la libertad de expresi\u00f3n sea real. Visita nuestro medio informativo publicado desde Hermosillo, Sonora. %\" \/>\n<meta name=\"robots\" content=\"index, follow, max-snippet:-1, max-image-preview:large, max-video-preview:-1\" \/>\n<link rel=\"canonical\" href=\"https:\/\/www.sonoraenequipo.com.mx\/avanza-combate-al-robo-de-combustible-en-el-pais-y-en-veracruz\/\" \/>\n<meta property=\"og:locale\" content=\"es_ES\" \/>\n<meta property=\"og:type\" content=\"article\" \/>\n<meta property=\"og:title\" content=\"Sonora en Equipo. Avanza combate al robo de combustible en el pa\u00eds y en Veracruz Rep\u00fablica\" \/>\n<meta property=\"og:description\" content=\"CIUDAD DE M\u00c9XICO. MX. \u2014 El presidente Andr\u00e9s Manuel L\u00f3pez Obrador encabez\u00f3 la reuni\u00f3n del Gabinete de Seguridad en Veracruz, donde constat\u00f3 la tendencia a En Sonora en Equipo publicamos toda la informaci\u00f3n de Sonora, M\u00e9xico y el Mundo de manera oportuna y busca que la libertad de expresi\u00f3n sea real. Visita nuestro medio informativo publicado desde Hermosillo, Sonora. %\" \/>\n<meta property=\"og:url\" content=\"https:\/\/www.sonoraenequipo.com.mx\/avanza-combate-al-robo-de-combustible-en-el-pais-y-en-veracruz\/\" \/>\n<meta property=\"og:site_name\" content=\"Sonora en Equipo.\" \/>\n<meta property=\"article:publisher\" content=\"https:\/\/www.facebook.com\/SonoraEE\/\" \/>\n<meta property=\"article:author\" content=\"https:\/\/www.facebook.com\/SonoraEE\" \/>\n<meta property=\"article:published_time\" content=\"2022-12-02T16:10:38+00:00\" \/>\n<meta property=\"article:modified_time\" content=\"2022-12-02T20:49:42+00:00\" \/>\n<meta property=\"og:image\" content=\"https:\/\/www.sonoraenequipo.com.mx\/storage\/2022\/12\/presidente0212.202203.jpg\" \/>\n\t<meta property=\"og:image:width\" content=\"900\" \/>\n\t<meta property=\"og:image:height\" content=\"514\" \/>\n\t<meta property=\"og:image:type\" content=\"image\/jpeg\" \/>\n<meta name=\"author\" content=\"enequipo\" \/>\n<meta name=\"twitter:card\" content=\"summary_large_image\" \/>\n<meta name=\"twitter:creator\" content=\"@sonoraenequipo\" \/>\n<meta name=\"twitter:site\" content=\"@sonoraenequipo\" \/>\n<meta name=\"twitter:label1\" content=\"Escrito por\" \/>\n\t<meta name=\"twitter:data1\" content=\"enequipo\" \/>\n\t<meta name=\"twitter:label2\" content=\"Tiempo de lectura\" \/>\n\t<meta name=\"twitter:data2\" content=\"3 minutos\" \/>\n<script type=\"application\/ld+json\" class=\"yoast-schema-graph\">{\"@context\":\"https:\/\/schema.org\",\"@graph\":[{\"@type\":\"Article\",\"@id\":\"https:\/\/www.sonoraenequipo.com.mx\/avanza-combate-al-robo-de-combustible-en-el-pais-y-en-veracruz\/#article\",\"isPartOf\":{\"@id\":\"https:\/\/www.sonoraenequipo.com.mx\/avanza-combate-al-robo-de-combustible-en-el-pais-y-en-veracruz\/\"},\"author\":{\"name\":\"enequipo\",\"@id\":\"https:\/\/www.sonoraenequipo.com.mx\/#\/schema\/person\/50102df0fb23a8fa9e8effad8fa81386\"},\"headline\":\"Avanza combate al robo de combustible en el pa\u00eds y en Veracruz\",\"datePublished\":\"2022-12-02T16:10:38+00:00\",\"dateModified\":\"2022-12-02T20:49:42+00:00\",\"mainEntityOfPage\":{\"@id\":\"https:\/\/www.sonoraenequipo.com.mx\/avanza-combate-al-robo-de-combustible-en-el-pais-y-en-veracruz\/\"},\"wordCount\":572,\"commentCount\":0,\"publisher\":{\"@id\":\"https:\/\/www.sonoraenequipo.com.mx\/#organization\"},\"image\":{\"@id\":\"https:\/\/www.sonoraenequipo.com.mx\/avanza-combate-al-robo-de-combustible-en-el-pais-y-en-veracruz\/#primaryimage\"},\"thumbnailUrl\":\"https:\/\/www.sonoraenequipo.com.mx\/storage\/2022\/12\/presidente0212.202203.jpg\",\"articleSection\":[\"Rep\u00fablica\"],\"inLanguage\":\"es\",\"potentialAction\":[{\"@type\":\"CommentAction\",\"name\":\"Comment\",\"target\":[\"https:\/\/www.sonoraenequipo.com.mx\/avanza-combate-al-robo-de-combustible-en-el-pais-y-en-veracruz\/#respond\"]}]},{\"@type\":\"WebPage\",\"@id\":\"https:\/\/www.sonoraenequipo.com.mx\/avanza-combate-al-robo-de-combustible-en-el-pais-y-en-veracruz\/\",\"url\":\"https:\/\/www.sonoraenequipo.com.mx\/avanza-combate-al-robo-de-combustible-en-el-pais-y-en-veracruz\/\",\"name\":\"Sonora en Equipo. Avanza combate al robo de combustible en el pa\u00eds y en Veracruz Rep\u00fablica\",\"isPartOf\":{\"@id\":\"https:\/\/www.sonoraenequipo.com.mx\/#website\"},\"primaryImageOfPage\":{\"@id\":\"https:\/\/www.sonoraenequipo.com.mx\/avanza-combate-al-robo-de-combustible-en-el-pais-y-en-veracruz\/#primaryimage\"},\"image\":{\"@id\":\"https:\/\/www.sonoraenequipo.com.mx\/avanza-combate-al-robo-de-combustible-en-el-pais-y-en-veracruz\/#primaryimage\"},\"thumbnailUrl\":\"https:\/\/www.sonoraenequipo.com.mx\/storage\/2022\/12\/presidente0212.202203.jpg\",\"datePublished\":\"2022-12-02T16:10:38+00:00\",\"dateModified\":\"2022-12-02T20:49:42+00:00\",\"description\":\"CIUDAD DE M\u00c9XICO. MX. \u2014 El presidente Andr\u00e9s Manuel L\u00f3pez Obrador encabez\u00f3 la reuni\u00f3n del Gabinete de Seguridad en Veracruz, donde constat\u00f3 la tendencia a En Sonora en Equipo publicamos toda la informaci\u00f3n de Sonora, M\u00e9xico y el Mundo de manera oportuna y busca que la libertad de expresi\u00f3n sea real. Visita nuestro medio informativo publicado desde Hermosillo, Sonora. %\",\"breadcrumb\":{\"@id\":\"https:\/\/www.sonoraenequipo.com.mx\/avanza-combate-al-robo-de-combustible-en-el-pais-y-en-veracruz\/#breadcrumb\"},\"inLanguage\":\"es\",\"potentialAction\":[{\"@type\":\"ReadAction\",\"target\":[\"https:\/\/www.sonoraenequipo.com.mx\/avanza-combate-al-robo-de-combustible-en-el-pais-y-en-veracruz\/\"]}]},{\"@type\":\"ImageObject\",\"inLanguage\":\"es\",\"@id\":\"https:\/\/www.sonoraenequipo.com.mx\/avanza-combate-al-robo-de-combustible-en-el-pais-y-en-veracruz\/#primaryimage\",\"url\":\"https:\/\/www.sonoraenequipo.com.mx\/storage\/2022\/12\/presidente0212.202203.jpg\",\"contentUrl\":\"https:\/\/www.sonoraenequipo.com.mx\/storage\/2022\/12\/presidente0212.202203.jpg\",\"width\":900,\"height\":514},{\"@type\":\"BreadcrumbList\",\"@id\":\"https:\/\/www.sonoraenequipo.com.mx\/avanza-combate-al-robo-de-combustible-en-el-pais-y-en-veracruz\/#breadcrumb\",\"itemListElement\":[{\"@type\":\"ListItem\",\"position\":1,\"name\":\"Portada\",\"item\":\"https:\/\/www.sonoraenequipo.com.mx\/\"},{\"@type\":\"ListItem\",\"position\":2,\"name\":\"Avanza combate al robo de combustible en el pa\u00eds y en Veracruz\"}]},{\"@type\":\"WebSite\",\"@id\":\"https:\/\/www.sonoraenequipo.com.mx\/#website\",\"url\":\"https:\/\/www.sonoraenequipo.com.mx\/\",\"name\":\"Sonora en Equipo.\",\"description\":\"Diario en l\u00ednea con Noticias desde Hermosillo, Sonora\",\"publisher\":{\"@id\":\"https:\/\/www.sonoraenequipo.com.mx\/#organization\"},\"potentialAction\":[{\"@type\":\"SearchAction\",\"target\":{\"@type\":\"EntryPoint\",\"urlTemplate\":\"https:\/\/www.sonoraenequipo.com.mx\/?s={search_term_string}\"},\"query-input\":{\"@type\":\"PropertyValueSpecification\",\"valueRequired\":true,\"valueName\":\"search_term_string\"}}],\"inLanguage\":\"es\"},{\"@type\":\"Organization\",\"@id\":\"https:\/\/www.sonoraenequipo.com.mx\/#organization\",\"name\":\"Sonoraenequipo.com.mx\",\"url\":\"https:\/\/www.sonoraenequipo.com.mx\/\",\"logo\":{\"@type\":\"ImageObject\",\"inLanguage\":\"es\",\"@id\":\"https:\/\/www.sonoraenequipo.com.mx\/#\/schema\/logo\/image\/\",\"url\":\"https:\/\/www.sonoraenequipo.com.mx\/storage\/2019\/01\/sonoraenequipo_opt.png\",\"contentUrl\":\"https:\/\/www.sonoraenequipo.com.mx\/storage\/2019\/01\/sonoraenequipo_opt.png\",\"width\":375,\"height\":125,\"caption\":\"Sonoraenequipo.com.mx\"},\"image\":{\"@id\":\"https:\/\/www.sonoraenequipo.com.mx\/#\/schema\/logo\/image\/\"},\"sameAs\":[\"https:\/\/www.facebook.com\/SonoraEE\/\",\"https:\/\/x.com\/sonoraenequipo\",\"https:\/\/www.youtube.com\/channel\/UC338nW-lPEYmJQs4ZABQ1SQ\"]},{\"@type\":\"Person\",\"@id\":\"https:\/\/www.sonoraenequipo.com.mx\/#\/schema\/person\/50102df0fb23a8fa9e8effad8fa81386\",\"name\":\"enequipo\",\"image\":{\"@type\":\"ImageObject\",\"inLanguage\":\"es\",\"@id\":\"https:\/\/www.sonoraenequipo.com.mx\/#\/schema\/person\/image\/\",\"url\":\"https:\/\/secure.gravatar.com\/avatar\/049821681b589dabc0bc20695993ccebb09f5b5d4d790cd9251b97faac7c652b?s=96&d=blank&r=g\",\"contentUrl\":\"https:\/\/secure.gravatar.com\/avatar\/049821681b589dabc0bc20695993ccebb09f5b5d4d790cd9251b97faac7c652b?s=96&d=blank&r=g\",\"caption\":\"enequipo\"},\"sameAs\":[\"https:\/\/www.facebook.com\/SonoraEE\"]}]}<\/script>\n ","yoast_head_json":{"title":"Sonora en Equipo. Avanza combate al robo de combustible en el pa\u00eds y en Veracruz Rep\u00fablica","description":"CIUDAD DE M\u00c9XICO. MX. \u2014 El presidente Andr\u00e9s Manuel L\u00f3pez Obrador encabez\u00f3 la reuni\u00f3n del Gabinete de Seguridad en Veracruz, donde constat\u00f3 la tendencia a En Sonora en Equipo publicamos toda la informaci\u00f3n de Sonora, M\u00e9xico y el Mundo de manera oportuna y busca que la libertad de expresi\u00f3n sea real. Visita nuestro medio informativo publicado desde Hermosillo, Sonora. %","robots":{"index":"index","follow":"follow","max-snippet":"max-snippet:-1","max-image-preview":"max-image-preview:large","max-video-preview":"max-video-preview:-1"},"canonical":"https:\/\/www.sonoraenequipo.com.mx\/avanza-combate-al-robo-de-combustible-en-el-pais-y-en-veracruz\/","og_locale":"es_ES","og_type":"article","og_title":"Sonora en Equipo. Avanza combate al robo de combustible en el pa\u00eds y en Veracruz Rep\u00fablica","og_description":"CIUDAD DE M\u00c9XICO. MX. \u2014 El presidente Andr\u00e9s Manuel L\u00f3pez Obrador encabez\u00f3 la reuni\u00f3n del Gabinete de Seguridad en Veracruz, donde constat\u00f3 la tendencia a En Sonora en Equipo publicamos toda la informaci\u00f3n de Sonora, M\u00e9xico y el Mundo de manera oportuna y busca que la libertad de expresi\u00f3n sea real. Visita nuestro medio informativo publicado desde Hermosillo, Sonora. %","og_url":"https:\/\/www.sonoraenequipo.com.mx\/avanza-combate-al-robo-de-combustible-en-el-pais-y-en-veracruz\/","og_site_name":"Sonora en Equipo.","article_publisher":"https:\/\/www.facebook.com\/SonoraEE\/","article_author":"https:\/\/www.facebook.com\/SonoraEE","article_published_time":"2022-12-02T16:10:38+00:00","article_modified_time":"2022-12-02T20:49:42+00:00","og_image":[{"width":900,"height":514,"url":"https:\/\/www.sonoraenequipo.com.mx\/storage\/2022\/12\/presidente0212.202203.jpg","type":"image\/jpeg"}],"author":"enequipo","twitter_card":"summary_large_image","twitter_creator":"@sonoraenequipo","twitter_site":"@sonoraenequipo","twitter_misc":{"Escrito por":"enequipo","Tiempo de lectura":"3 minutos"},"schema":{"@context":"https:\/\/schema.org","@graph":[{"@type":"Article","@id":"https:\/\/www.sonoraenequipo.com.mx\/avanza-combate-al-robo-de-combustible-en-el-pais-y-en-veracruz\/#article","isPartOf":{"@id":"https:\/\/www.sonoraenequipo.com.mx\/avanza-combate-al-robo-de-combustible-en-el-pais-y-en-veracruz\/"},"author":{"name":"enequipo","@id":"https:\/\/www.sonoraenequipo.com.mx\/#\/schema\/person\/50102df0fb23a8fa9e8effad8fa81386"},"headline":"Avanza combate al robo de combustible en el pa\u00eds y en Veracruz","datePublished":"2022-12-02T16:10:38+00:00","dateModified":"2022-12-02T20:49:42+00:00","mainEntityOfPage":{"@id":"https:\/\/www.sonoraenequipo.com.mx\/avanza-combate-al-robo-de-combustible-en-el-pais-y-en-veracruz\/"},"wordCount":572,"commentCount":0,"publisher":{"@id":"https:\/\/www.sonoraenequipo.com.mx\/#organization"},"image":{"@id":"https:\/\/www.sonoraenequipo.com.mx\/avanza-combate-al-robo-de-combustible-en-el-pais-y-en-veracruz\/#primaryimage"},"thumbnailUrl":"https:\/\/www.sonoraenequipo.com.mx\/storage\/2022\/12\/presidente0212.202203.jpg","articleSection":["Rep\u00fablica"],"inLanguage":"es","potentialAction":[{"@type":"CommentAction","name":"Comment","target":["https:\/\/www.sonoraenequipo.com.mx\/avanza-combate-al-robo-de-combustible-en-el-pais-y-en-veracruz\/#respond"]}]},{"@type":"WebPage","@id":"https:\/\/www.sonoraenequipo.com.mx\/avanza-combate-al-robo-de-combustible-en-el-pais-y-en-veracruz\/","url":"https:\/\/www.sonoraenequipo.com.mx\/avanza-combate-al-robo-de-combustible-en-el-pais-y-en-veracruz\/","name":"Sonora en Equipo. Avanza combate al robo de combustible en el pa\u00eds y en Veracruz Rep\u00fablica","isPartOf":{"@id":"https:\/\/www.sonoraenequipo.com.mx\/#website"},"primaryImageOfPage":{"@id":"https:\/\/www.sonoraenequipo.com.mx\/avanza-combate-al-robo-de-combustible-en-el-pais-y-en-veracruz\/#primaryimage"},"image":{"@id":"https:\/\/www.sonoraenequipo.com.mx\/avanza-combate-al-robo-de-combustible-en-el-pais-y-en-veracruz\/#primaryimage"},"thumbnailUrl":"https:\/\/www.sonoraenequipo.com.mx\/storage\/2022\/12\/presidente0212.202203.jpg","datePublished":"2022-12-02T16:10:38+00:00","dateModified":"2022-12-02T20:49:42+00:00","description":"CIUDAD DE M\u00c9XICO. MX. \u2014 El presidente Andr\u00e9s Manuel L\u00f3pez Obrador encabez\u00f3 la reuni\u00f3n del Gabinete de Seguridad en Veracruz, donde constat\u00f3 la tendencia a En Sonora en Equipo publicamos toda la informaci\u00f3n de Sonora, M\u00e9xico y el Mundo de manera oportuna y busca que la libertad de expresi\u00f3n sea real. Visita nuestro medio informativo publicado desde Hermosillo, Sonora. %","breadcrumb":{"@id":"https:\/\/www.sonoraenequipo.com.mx\/avanza-combate-al-robo-de-combustible-en-el-pais-y-en-veracruz\/#breadcrumb"},"inLanguage":"es","potentialAction":[{"@type":"ReadAction","target":["https:\/\/www.sonoraenequipo.com.mx\/avanza-combate-al-robo-de-combustible-en-el-pais-y-en-veracruz\/"]}]},{"@type":"ImageObject","inLanguage":"es","@id":"https:\/\/www.sonoraenequipo.com.mx\/avanza-combate-al-robo-de-combustible-en-el-pais-y-en-veracruz\/#primaryimage","url":"https:\/\/www.sonoraenequipo.com.mx\/storage\/2022\/12\/presidente0212.202203.jpg","contentUrl":"https:\/\/www.sonoraenequipo.com.mx\/storage\/2022\/12\/presidente0212.202203.jpg","width":900,"height":514},{"@type":"BreadcrumbList","@id":"https:\/\/www.sonoraenequipo.com.mx\/avanza-combate-al-robo-de-combustible-en-el-pais-y-en-veracruz\/#breadcrumb","itemListElement":[{"@type":"ListItem","position":1,"name":"Portada","item":"https:\/\/www.sonoraenequipo.com.mx\/"},{"@type":"ListItem","position":2,"name":"Avanza combate al robo de combustible en el pa\u00eds y en Veracruz"}]},{"@type":"WebSite","@id":"https:\/\/www.sonoraenequipo.com.mx\/#website","url":"https:\/\/www.sonoraenequipo.com.mx\/","name":"Sonora en Equipo.","description":"Diario en l\u00ednea con Noticias desde Hermosillo, Sonora","publisher":{"@id":"https:\/\/www.sonoraenequipo.com.mx\/#organization"},"potentialAction":[{"@type":"SearchAction","target":{"@type":"EntryPoint","urlTemplate":"https:\/\/www.sonoraenequipo.com.mx\/?s={search_term_string}"},"query-input":{"@type":"PropertyValueSpecification","valueRequired":true,"valueName":"search_term_string"}}],"inLanguage":"es"},{"@type":"Organization","@id":"https:\/\/www.sonoraenequipo.com.mx\/#organization","name":"Sonoraenequipo.com.mx","url":"https:\/\/www.sonoraenequipo.com.mx\/","logo":{"@type":"ImageObject","inLanguage":"es","@id":"https:\/\/www.sonoraenequipo.com.mx\/#\/schema\/logo\/image\/","url":"https:\/\/www.sonoraenequipo.com.mx\/storage\/2019\/01\/sonoraenequipo_opt.png","contentUrl":"https:\/\/www.sonoraenequipo.com.mx\/storage\/2019\/01\/sonoraenequipo_opt.png","width":375,"height":125,"caption":"Sonoraenequipo.com.mx"},"image":{"@id":"https:\/\/www.sonoraenequipo.com.mx\/#\/schema\/logo\/image\/"},"sameAs":["https:\/\/www.facebook.com\/SonoraEE\/","https:\/\/x.com\/sonoraenequipo","https:\/\/www.youtube.com\/channel\/UC338nW-lPEYmJQs4ZABQ1SQ"]},{"@type":"Person","@id":"https:\/\/www.sonoraenequipo.com.mx\/#\/schema\/person\/50102df0fb23a8fa9e8effad8fa81386","name":"enequipo","image":{"@type":"ImageObject","inLanguage":"es","@id":"https:\/\/www.sonoraenequipo.com.mx\/#\/schema\/person\/image\/","url":"https:\/\/secure.gravatar.com\/avatar\/049821681b589dabc0bc20695993ccebb09f5b5d4d790cd9251b97faac7c652b?s=96&d=blank&r=g","contentUrl":"https:\/\/secure.gravatar.com\/avatar\/049821681b589dabc0bc20695993ccebb09f5b5d4d790cd9251b97faac7c652b?s=96&d=blank&r=g","caption":"enequipo"},"sameAs":["https:\/\/www.facebook.com\/SonoraEE"]}]}},"jetpack_featured_media_url":"https:\/\/www.sonoraenequipo.com.mx\/storage\/2022\/12\/presidente0212.202203.jpg","_links":{"self":[{"href":"https:\/\/www.sonoraenequipo.com.mx\/api\/wp\/v2\/posts\/153474","targetHints":{"allow":["GET"]}}],"collection":[{"href":"https:\/\/www.sonoraenequipo.com.mx\/api\/wp\/v2\/posts"}],"about":[{"href":"https:\/\/www.sonoraenequipo.com.mx\/api\/wp\/v2\/types\/post"}],"author":[{"embeddable":true,"href":"https:\/\/www.sonoraenequipo.com.mx\/api\/wp\/v2\/users\/1"}],"replies":[{"embeddable":true,"href":"https:\/\/www.sonoraenequipo.com.mx\/api\/wp\/v2\/comments?post=153474"}],"version-history":[{"count":1,"href":"https:\/\/www.sonoraenequipo.com.mx\/api\/wp\/v2\/posts\/153474\/revisions"}],"predecessor-version":[{"id":153478,"href":"https:\/\/www.sonoraenequipo.com.mx\/api\/wp\/v2\/posts\/153474\/revisions\/153478"}],"wp:featuredmedia":[{"embeddable":true,"href":"https:\/\/www.sonoraenequipo.com.mx\/api\/wp\/v2\/media\/153476"}],"wp:attachment":[{"href":"https:\/\/www.sonoraenequipo.com.mx\/api\/wp\/v2\/media?parent=153474"}],"wp:term":[{"taxonomy":"category","embeddable":true,"href":"https:\/\/www.sonoraenequipo.com.mx\/api\/wp\/v2\/categories?post=153474"},{"taxonomy":"post_tag","embeddable":true,"href":"https:\/\/www.sonoraenequipo.com.mx\/api\/wp\/v2\/tags?post=153474"}],"curies":[{"name":"wp","href":"https:\/\/api.w.org\/{rel}","templated":true}]}}