{"id":153535,"date":"2022-12-02T07:16:06","date_gmt":"2022-12-02T14:16:06","guid":{"rendered":"https:\/\/www.sonoraenequipo.com.mx\/?p=153535"},"modified":"2022-12-02T21:23:24","modified_gmt":"2022-12-03T04:23:24","slug":"twitter-suspende-la-cuenta-de-kanye-west-por-incitar-a-la-violencia","status":"publish","type":"post","link":"https:\/\/www.sonoraenequipo.com.mx\/twitter-suspende-la-cuenta-de-kanye-west-por-incitar-a-la-violencia\/","title":{"rendered":"Twitter suspende la cuenta de Kanye West por incitar a la violencia"},"content":{"rendered":"<p><strong>LOS \u00c1NGELES, CALIFORNIA, ESTADOS UNIDOS. <\/strong>\u2014 La\u00a0cuenta de Twitter de Ye, anteriormente conocido como Kanye West, fue\u00a0suspendida la madrugada del viernes, luego de que el rapero publicara la imagen de una esv\u00e1stica fusionada con la estrella de David.<\/p>\n<p>&nbsp;<\/p>\n<p>&nbsp;<\/p>\n<p> <\/p>\n<p>&nbsp;<\/p>\n<p>La suspensi\u00f3n de la cuenta de Kanye West fue confirmada por el nuevo propietario de Twitter, Elon Musk: \u201c<strong><em>Hice lo mejor que pude. A pesar de ello, volvi\u00f3 a violar nuestra norma contra la incitaci\u00f3n a la violencia. La cuenta ser\u00e1 suspendida\u201d.<\/em><\/strong><\/p>\n<p>&nbsp;<\/p>\n<p>&nbsp;<\/p>\n<p>Kanye West ha hecho varios comentarios antisemitas en las \u00faltimas semanas, incluido elogios a Adolf Hitler en una entrevista con el te\u00f3rico de la conspiraci\u00f3n Alex Jones. Los comentarios llevaron a su suspensi\u00f3n de las plataformas de redes sociales, su agencia de talentos lo dej\u00f3 y compa\u00f1\u00edas como Adidas cortaron lazos con \u00e9l.<\/p>\n<p>&nbsp;<\/p>\n<p>&nbsp;<\/p>\n<p>El rapero tambi\u00e9n comparti\u00f3 una foto de un Elon Musk sin camiseta y siendo rociado con agua, con la leyenda: \u201c<em><strong>Recordemos siempre esto como mi \u00faltimo tuit\u201c.<\/strong><\/em><\/p>\n<p>&nbsp;<\/p>\n<p>&nbsp;<\/p>\n<p>Adem\u00e1s, tras manifestar su amor por Hitler y los nazis, la empresa que administra la red social de tendencia derechista Parler anunci\u00f3 que cancelaba las negociaciones para vend\u00e9rsela a Kanye West, pero indic\u00f3 que la decisi\u00f3n ya se hab\u00eda tomado a mediados de noviembre.<\/p>\n<p>&nbsp;<\/p>\n<p>&nbsp;<\/p>\n<p>Esta no es la primera vez que Kanye West tiene problemas con Twitter. En octubre, antes de que Musk completara el acuerdo para comprar la plataforma de redes sociales, Twitter bloque\u00f3 la cuenta del ahora conocido como Ye por un tuit antisemita.<\/p>\n<p>&nbsp;<\/p>\n<p>&nbsp;<\/p>\n<p>PUBLICADO EL 02\/DICIEMBRE\/2022\/Con informaci\u00f3n de AFP)<\/p>\n","protected":false},"excerpt":{"rendered":"<p>LOS \u00c1NGELES, CALIFORNIA, ESTADOS UNIDOS. \u2014 La\u00a0cuenta de Twitter de Ye, anteriormente conocido como Kanye&#8230;<\/p>\n","protected":false},"author":1,"featured_media":153528,"comment_status":"open","ping_status":"open","sticky":false,"template":"","format":"standard","meta":{"_monsterinsights_skip_tracking":false,"_monsterinsights_sitenote_active":false,"_monsterinsights_sitenote_note":"","_monsterinsights_sitenote_category":0,"footnotes":""},"categories":[2987],"tags":[],"class_list":["post"],"yoast_head":" \n<title>Sonora en Equipo. Twitter suspende la cuenta de Kanye West por incitar a la violencia Showbiz<\/title>\n<meta name=\"description\" content=\"LOS \u00c1NGELES, CALIFORNIA, ESTADOS UNIDOS. \u2014 La\u00a0cuenta de Twitter de Ye, anteriormente conocido como Kanye West, fue\u00a0suspendida la madrugada del viernes, En Sonora en Equipo publicamos toda la informaci\u00f3n de Sonora, M\u00e9xico y el Mundo de manera oportuna y busca que la libertad de expresi\u00f3n sea real. Visita nuestro medio informativo publicado desde Hermosillo, Sonora. %\" \/>\n<meta name=\"robots\" content=\"index, follow, max-snippet:-1, max-image-preview:large, max-video-preview:-1\" \/>\n<link rel=\"canonical\" href=\"https:\/\/www.sonoraenequipo.com.mx\/twitter-suspende-la-cuenta-de-kanye-west-por-incitar-a-la-violencia\/\" \/>\n<meta property=\"og:locale\" content=\"es_ES\" \/>\n<meta property=\"og:type\" content=\"article\" \/>\n<meta property=\"og:title\" content=\"Sonora en Equipo. Twitter suspende la cuenta de Kanye West por incitar a la violencia Showbiz\" \/>\n<meta property=\"og:description\" content=\"LOS \u00c1NGELES, CALIFORNIA, ESTADOS UNIDOS. \u2014 La\u00a0cuenta de Twitter de Ye, anteriormente conocido como Kanye West, fue\u00a0suspendida la madrugada del viernes, En Sonora en Equipo publicamos toda la informaci\u00f3n de Sonora, M\u00e9xico y el Mundo de manera oportuna y busca que la libertad de expresi\u00f3n sea real. Visita nuestro medio informativo publicado desde Hermosillo, Sonora. %\" \/>\n<meta property=\"og:url\" content=\"https:\/\/www.sonoraenequipo.com.mx\/twitter-suspende-la-cuenta-de-kanye-west-por-incitar-a-la-violencia\/\" \/>\n<meta property=\"og:site_name\" content=\"Sonora en Equipo.\" \/>\n<meta property=\"article:publisher\" content=\"https:\/\/www.facebook.com\/SonoraEE\/\" \/>\n<meta property=\"article:author\" content=\"https:\/\/www.facebook.com\/SonoraEE\" \/>\n<meta property=\"article:published_time\" content=\"2022-12-02T14:16:06+00:00\" \/>\n<meta property=\"article:modified_time\" content=\"2022-12-03T04:23:24+00:00\" \/>\n<meta property=\"og:image\" content=\"https:\/\/www.sonoraenequipo.com.mx\/storage\/2022\/12\/Kanye-West.jpg\" \/>\n\t<meta property=\"og:image:width\" content=\"998\" \/>\n\t<meta property=\"og:image:height\" content=\"570\" \/>\n\t<meta property=\"og:image:type\" content=\"image\/jpeg\" \/>\n<meta name=\"author\" content=\"enequipo\" \/>\n<meta name=\"twitter:card\" content=\"summary_large_image\" \/>\n<meta name=\"twitter:creator\" content=\"@sonoraenequipo\" \/>\n<meta name=\"twitter:site\" content=\"@sonoraenequipo\" \/>\n<meta name=\"twitter:label1\" content=\"Escrito por\" \/>\n\t<meta name=\"twitter:data1\" content=\"enequipo\" \/>\n\t<meta name=\"twitter:label2\" content=\"Tiempo de lectura\" \/>\n\t<meta name=\"twitter:data2\" content=\"1 minuto\" \/>\n<script type=\"application\/ld+json\" class=\"yoast-schema-graph\">{\"@context\":\"https:\/\/schema.org\",\"@graph\":[{\"@type\":\"Article\",\"@id\":\"https:\/\/www.sonoraenequipo.com.mx\/twitter-suspende-la-cuenta-de-kanye-west-por-incitar-a-la-violencia\/#article\",\"isPartOf\":{\"@id\":\"https:\/\/www.sonoraenequipo.com.mx\/twitter-suspende-la-cuenta-de-kanye-west-por-incitar-a-la-violencia\/\"},\"author\":{\"name\":\"enequipo\",\"@id\":\"https:\/\/www.sonoraenequipo.com.mx\/#\/schema\/person\/50102df0fb23a8fa9e8effad8fa81386\"},\"headline\":\"Twitter suspende la cuenta de Kanye West por incitar a la violencia\",\"datePublished\":\"2022-12-02T14:16:06+00:00\",\"dateModified\":\"2022-12-03T04:23:24+00:00\",\"mainEntityOfPage\":{\"@id\":\"https:\/\/www.sonoraenequipo.com.mx\/twitter-suspende-la-cuenta-de-kanye-west-por-incitar-a-la-violencia\/\"},\"wordCount\":292,\"commentCount\":0,\"publisher\":{\"@id\":\"https:\/\/www.sonoraenequipo.com.mx\/#organization\"},\"image\":{\"@id\":\"https:\/\/www.sonoraenequipo.com.mx\/twitter-suspende-la-cuenta-de-kanye-west-por-incitar-a-la-violencia\/#primaryimage\"},\"thumbnailUrl\":\"https:\/\/www.sonoraenequipo.com.mx\/storage\/2022\/12\/Kanye-West.jpg\",\"articleSection\":[\"Showbiz\"],\"inLanguage\":\"es\",\"potentialAction\":[{\"@type\":\"CommentAction\",\"name\":\"Comment\",\"target\":[\"https:\/\/www.sonoraenequipo.com.mx\/twitter-suspende-la-cuenta-de-kanye-west-por-incitar-a-la-violencia\/#respond\"]}]},{\"@type\":\"WebPage\",\"@id\":\"https:\/\/www.sonoraenequipo.com.mx\/twitter-suspende-la-cuenta-de-kanye-west-por-incitar-a-la-violencia\/\",\"url\":\"https:\/\/www.sonoraenequipo.com.mx\/twitter-suspende-la-cuenta-de-kanye-west-por-incitar-a-la-violencia\/\",\"name\":\"Sonora en Equipo. Twitter suspende la cuenta de Kanye West por incitar a la violencia Showbiz\",\"isPartOf\":{\"@id\":\"https:\/\/www.sonoraenequipo.com.mx\/#website\"},\"primaryImageOfPage\":{\"@id\":\"https:\/\/www.sonoraenequipo.com.mx\/twitter-suspende-la-cuenta-de-kanye-west-por-incitar-a-la-violencia\/#primaryimage\"},\"image\":{\"@id\":\"https:\/\/www.sonoraenequipo.com.mx\/twitter-suspende-la-cuenta-de-kanye-west-por-incitar-a-la-violencia\/#primaryimage\"},\"thumbnailUrl\":\"https:\/\/www.sonoraenequipo.com.mx\/storage\/2022\/12\/Kanye-West.jpg\",\"datePublished\":\"2022-12-02T14:16:06+00:00\",\"dateModified\":\"2022-12-03T04:23:24+00:00\",\"description\":\"LOS \u00c1NGELES, CALIFORNIA, ESTADOS UNIDOS. \u2014 La\u00a0cuenta de Twitter de Ye, anteriormente conocido como Kanye West, fue\u00a0suspendida la madrugada del viernes, En Sonora en Equipo publicamos toda la informaci\u00f3n de Sonora, M\u00e9xico y el Mundo de manera oportuna y busca que la libertad de expresi\u00f3n sea real. Visita nuestro medio informativo publicado desde Hermosillo, Sonora. %\",\"breadcrumb\":{\"@id\":\"https:\/\/www.sonoraenequipo.com.mx\/twitter-suspende-la-cuenta-de-kanye-west-por-incitar-a-la-violencia\/#breadcrumb\"},\"inLanguage\":\"es\",\"potentialAction\":[{\"@type\":\"ReadAction\",\"target\":[\"https:\/\/www.sonoraenequipo.com.mx\/twitter-suspende-la-cuenta-de-kanye-west-por-incitar-a-la-violencia\/\"]}]},{\"@type\":\"ImageObject\",\"inLanguage\":\"es\",\"@id\":\"https:\/\/www.sonoraenequipo.com.mx\/twitter-suspende-la-cuenta-de-kanye-west-por-incitar-a-la-violencia\/#primaryimage\",\"url\":\"https:\/\/www.sonoraenequipo.com.mx\/storage\/2022\/12\/Kanye-West.jpg\",\"contentUrl\":\"https:\/\/www.sonoraenequipo.com.mx\/storage\/2022\/12\/Kanye-West.jpg\",\"width\":998,\"height\":570},{\"@type\":\"BreadcrumbList\",\"@id\":\"https:\/\/www.sonoraenequipo.com.mx\/twitter-suspende-la-cuenta-de-kanye-west-por-incitar-a-la-violencia\/#breadcrumb\",\"itemListElement\":[{\"@type\":\"ListItem\",\"position\":1,\"name\":\"Portada\",\"item\":\"https:\/\/www.sonoraenequipo.com.mx\/\"},{\"@type\":\"ListItem\",\"position\":2,\"name\":\"Twitter suspende la cuenta de Kanye West por incitar a la violencia\"}]},{\"@type\":\"WebSite\",\"@id\":\"https:\/\/www.sonoraenequipo.com.mx\/#website\",\"url\":\"https:\/\/www.sonoraenequipo.com.mx\/\",\"name\":\"Sonora en Equipo.\",\"description\":\"Diario en l\u00ednea con Noticias desde Hermosillo, Sonora\",\"publisher\":{\"@id\":\"https:\/\/www.sonoraenequipo.com.mx\/#organization\"},\"potentialAction\":[{\"@type\":\"SearchAction\",\"target\":{\"@type\":\"EntryPoint\",\"urlTemplate\":\"https:\/\/www.sonoraenequipo.com.mx\/?s={search_term_string}\"},\"query-input\":{\"@type\":\"PropertyValueSpecification\",\"valueRequired\":true,\"valueName\":\"search_term_string\"}}],\"inLanguage\":\"es\"},{\"@type\":\"Organization\",\"@id\":\"https:\/\/www.sonoraenequipo.com.mx\/#organization\",\"name\":\"Sonoraenequipo.com.mx\",\"url\":\"https:\/\/www.sonoraenequipo.com.mx\/\",\"logo\":{\"@type\":\"ImageObject\",\"inLanguage\":\"es\",\"@id\":\"https:\/\/www.sonoraenequipo.com.mx\/#\/schema\/logo\/image\/\",\"url\":\"https:\/\/www.sonoraenequipo.com.mx\/storage\/2019\/01\/sonoraenequipo_opt.png\",\"contentUrl\":\"https:\/\/www.sonoraenequipo.com.mx\/storage\/2019\/01\/sonoraenequipo_opt.png\",\"width\":375,\"height\":125,\"caption\":\"Sonoraenequipo.com.mx\"},\"image\":{\"@id\":\"https:\/\/www.sonoraenequipo.com.mx\/#\/schema\/logo\/image\/\"},\"sameAs\":[\"https:\/\/www.facebook.com\/SonoraEE\/\",\"https:\/\/x.com\/sonoraenequipo\",\"https:\/\/www.youtube.com\/channel\/UC338nW-lPEYmJQs4ZABQ1SQ\"]},{\"@type\":\"Person\",\"@id\":\"https:\/\/www.sonoraenequipo.com.mx\/#\/schema\/person\/50102df0fb23a8fa9e8effad8fa81386\",\"name\":\"enequipo\",\"image\":{\"@type\":\"ImageObject\",\"inLanguage\":\"es\",\"@id\":\"https:\/\/www.sonoraenequipo.com.mx\/#\/schema\/person\/image\/\",\"url\":\"https:\/\/secure.gravatar.com\/avatar\/049821681b589dabc0bc20695993ccebb09f5b5d4d790cd9251b97faac7c652b?s=96&d=blank&r=g\",\"contentUrl\":\"https:\/\/secure.gravatar.com\/avatar\/049821681b589dabc0bc20695993ccebb09f5b5d4d790cd9251b97faac7c652b?s=96&d=blank&r=g\",\"caption\":\"enequipo\"},\"sameAs\":[\"https:\/\/www.facebook.com\/SonoraEE\"]}]}<\/script>\n ","yoast_head_json":{"title":"Sonora en Equipo. Twitter suspende la cuenta de Kanye West por incitar a la violencia Showbiz","description":"LOS \u00c1NGELES, CALIFORNIA, ESTADOS UNIDOS. \u2014 La\u00a0cuenta de Twitter de Ye, anteriormente conocido como Kanye West, fue\u00a0suspendida la madrugada del viernes, En Sonora en Equipo publicamos toda la informaci\u00f3n de Sonora, M\u00e9xico y el Mundo de manera oportuna y busca que la libertad de expresi\u00f3n sea real. Visita nuestro medio informativo publicado desde Hermosillo, Sonora. %","robots":{"index":"index","follow":"follow","max-snippet":"max-snippet:-1","max-image-preview":"max-image-preview:large","max-video-preview":"max-video-preview:-1"},"canonical":"https:\/\/www.sonoraenequipo.com.mx\/twitter-suspende-la-cuenta-de-kanye-west-por-incitar-a-la-violencia\/","og_locale":"es_ES","og_type":"article","og_title":"Sonora en Equipo. Twitter suspende la cuenta de Kanye West por incitar a la violencia Showbiz","og_description":"LOS \u00c1NGELES, CALIFORNIA, ESTADOS UNIDOS. \u2014 La\u00a0cuenta de Twitter de Ye, anteriormente conocido como Kanye West, fue\u00a0suspendida la madrugada del viernes, En Sonora en Equipo publicamos toda la informaci\u00f3n de Sonora, M\u00e9xico y el Mundo de manera oportuna y busca que la libertad de expresi\u00f3n sea real. Visita nuestro medio informativo publicado desde Hermosillo, Sonora. %","og_url":"https:\/\/www.sonoraenequipo.com.mx\/twitter-suspende-la-cuenta-de-kanye-west-por-incitar-a-la-violencia\/","og_site_name":"Sonora en Equipo.","article_publisher":"https:\/\/www.facebook.com\/SonoraEE\/","article_author":"https:\/\/www.facebook.com\/SonoraEE","article_published_time":"2022-12-02T14:16:06+00:00","article_modified_time":"2022-12-03T04:23:24+00:00","og_image":[{"width":998,"height":570,"url":"https:\/\/www.sonoraenequipo.com.mx\/storage\/2022\/12\/Kanye-West.jpg","type":"image\/jpeg"}],"author":"enequipo","twitter_card":"summary_large_image","twitter_creator":"@sonoraenequipo","twitter_site":"@sonoraenequipo","twitter_misc":{"Escrito por":"enequipo","Tiempo de lectura":"1 minuto"},"schema":{"@context":"https:\/\/schema.org","@graph":[{"@type":"Article","@id":"https:\/\/www.sonoraenequipo.com.mx\/twitter-suspende-la-cuenta-de-kanye-west-por-incitar-a-la-violencia\/#article","isPartOf":{"@id":"https:\/\/www.sonoraenequipo.com.mx\/twitter-suspende-la-cuenta-de-kanye-west-por-incitar-a-la-violencia\/"},"author":{"name":"enequipo","@id":"https:\/\/www.sonoraenequipo.com.mx\/#\/schema\/person\/50102df0fb23a8fa9e8effad8fa81386"},"headline":"Twitter suspende la cuenta de Kanye West por incitar a la violencia","datePublished":"2022-12-02T14:16:06+00:00","dateModified":"2022-12-03T04:23:24+00:00","mainEntityOfPage":{"@id":"https:\/\/www.sonoraenequipo.com.mx\/twitter-suspende-la-cuenta-de-kanye-west-por-incitar-a-la-violencia\/"},"wordCount":292,"commentCount":0,"publisher":{"@id":"https:\/\/www.sonoraenequipo.com.mx\/#organization"},"image":{"@id":"https:\/\/www.sonoraenequipo.com.mx\/twitter-suspende-la-cuenta-de-kanye-west-por-incitar-a-la-violencia\/#primaryimage"},"thumbnailUrl":"https:\/\/www.sonoraenequipo.com.mx\/storage\/2022\/12\/Kanye-West.jpg","articleSection":["Showbiz"],"inLanguage":"es","potentialAction":[{"@type":"CommentAction","name":"Comment","target":["https:\/\/www.sonoraenequipo.com.mx\/twitter-suspende-la-cuenta-de-kanye-west-por-incitar-a-la-violencia\/#respond"]}]},{"@type":"WebPage","@id":"https:\/\/www.sonoraenequipo.com.mx\/twitter-suspende-la-cuenta-de-kanye-west-por-incitar-a-la-violencia\/","url":"https:\/\/www.sonoraenequipo.com.mx\/twitter-suspende-la-cuenta-de-kanye-west-por-incitar-a-la-violencia\/","name":"Sonora en Equipo. Twitter suspende la cuenta de Kanye West por incitar a la violencia Showbiz","isPartOf":{"@id":"https:\/\/www.sonoraenequipo.com.mx\/#website"},"primaryImageOfPage":{"@id":"https:\/\/www.sonoraenequipo.com.mx\/twitter-suspende-la-cuenta-de-kanye-west-por-incitar-a-la-violencia\/#primaryimage"},"image":{"@id":"https:\/\/www.sonoraenequipo.com.mx\/twitter-suspende-la-cuenta-de-kanye-west-por-incitar-a-la-violencia\/#primaryimage"},"thumbnailUrl":"https:\/\/www.sonoraenequipo.com.mx\/storage\/2022\/12\/Kanye-West.jpg","datePublished":"2022-12-02T14:16:06+00:00","dateModified":"2022-12-03T04:23:24+00:00","description":"LOS \u00c1NGELES, CALIFORNIA, ESTADOS UNIDOS. \u2014 La\u00a0cuenta de Twitter de Ye, anteriormente conocido como Kanye West, fue\u00a0suspendida la madrugada del viernes, En Sonora en Equipo publicamos toda la informaci\u00f3n de Sonora, M\u00e9xico y el Mundo de manera oportuna y busca que la libertad de expresi\u00f3n sea real. Visita nuestro medio informativo publicado desde Hermosillo, Sonora. %","breadcrumb":{"@id":"https:\/\/www.sonoraenequipo.com.mx\/twitter-suspende-la-cuenta-de-kanye-west-por-incitar-a-la-violencia\/#breadcrumb"},"inLanguage":"es","potentialAction":[{"@type":"ReadAction","target":["https:\/\/www.sonoraenequipo.com.mx\/twitter-suspende-la-cuenta-de-kanye-west-por-incitar-a-la-violencia\/"]}]},{"@type":"ImageObject","inLanguage":"es","@id":"https:\/\/www.sonoraenequipo.com.mx\/twitter-suspende-la-cuenta-de-kanye-west-por-incitar-a-la-violencia\/#primaryimage","url":"https:\/\/www.sonoraenequipo.com.mx\/storage\/2022\/12\/Kanye-West.jpg","contentUrl":"https:\/\/www.sonoraenequipo.com.mx\/storage\/2022\/12\/Kanye-West.jpg","width":998,"height":570},{"@type":"BreadcrumbList","@id":"https:\/\/www.sonoraenequipo.com.mx\/twitter-suspende-la-cuenta-de-kanye-west-por-incitar-a-la-violencia\/#breadcrumb","itemListElement":[{"@type":"ListItem","position":1,"name":"Portada","item":"https:\/\/www.sonoraenequipo.com.mx\/"},{"@type":"ListItem","position":2,"name":"Twitter suspende la cuenta de Kanye West por incitar a la violencia"}]},{"@type":"WebSite","@id":"https:\/\/www.sonoraenequipo.com.mx\/#website","url":"https:\/\/www.sonoraenequipo.com.mx\/","name":"Sonora en Equipo.","description":"Diario en l\u00ednea con Noticias desde Hermosillo, Sonora","publisher":{"@id":"https:\/\/www.sonoraenequipo.com.mx\/#organization"},"potentialAction":[{"@type":"SearchAction","target":{"@type":"EntryPoint","urlTemplate":"https:\/\/www.sonoraenequipo.com.mx\/?s={search_term_string}"},"query-input":{"@type":"PropertyValueSpecification","valueRequired":true,"valueName":"search_term_string"}}],"inLanguage":"es"},{"@type":"Organization","@id":"https:\/\/www.sonoraenequipo.com.mx\/#organization","name":"Sonoraenequipo.com.mx","url":"https:\/\/www.sonoraenequipo.com.mx\/","logo":{"@type":"ImageObject","inLanguage":"es","@id":"https:\/\/www.sonoraenequipo.com.mx\/#\/schema\/logo\/image\/","url":"https:\/\/www.sonoraenequipo.com.mx\/storage\/2019\/01\/sonoraenequipo_opt.png","contentUrl":"https:\/\/www.sonoraenequipo.com.mx\/storage\/2019\/01\/sonoraenequipo_opt.png","width":375,"height":125,"caption":"Sonoraenequipo.com.mx"},"image":{"@id":"https:\/\/www.sonoraenequipo.com.mx\/#\/schema\/logo\/image\/"},"sameAs":["https:\/\/www.facebook.com\/SonoraEE\/","https:\/\/x.com\/sonoraenequipo","https:\/\/www.youtube.com\/channel\/UC338nW-lPEYmJQs4ZABQ1SQ"]},{"@type":"Person","@id":"https:\/\/www.sonoraenequipo.com.mx\/#\/schema\/person\/50102df0fb23a8fa9e8effad8fa81386","name":"enequipo","image":{"@type":"ImageObject","inLanguage":"es","@id":"https:\/\/www.sonoraenequipo.com.mx\/#\/schema\/person\/image\/","url":"https:\/\/secure.gravatar.com\/avatar\/049821681b589dabc0bc20695993ccebb09f5b5d4d790cd9251b97faac7c652b?s=96&d=blank&r=g","contentUrl":"https:\/\/secure.gravatar.com\/avatar\/049821681b589dabc0bc20695993ccebb09f5b5d4d790cd9251b97faac7c652b?s=96&d=blank&r=g","caption":"enequipo"},"sameAs":["https:\/\/www.facebook.com\/SonoraEE"]}]}},"jetpack_featured_media_url":"https:\/\/www.sonoraenequipo.com.mx\/storage\/2022\/12\/Kanye-West.jpg","_links":{"self":[{"href":"https:\/\/www.sonoraenequipo.com.mx\/api\/wp\/v2\/posts\/153535","targetHints":{"allow":["GET"]}}],"collection":[{"href":"https:\/\/www.sonoraenequipo.com.mx\/api\/wp\/v2\/posts"}],"about":[{"href":"https:\/\/www.sonoraenequipo.com.mx\/api\/wp\/v2\/types\/post"}],"author":[{"embeddable":true,"href":"https:\/\/www.sonoraenequipo.com.mx\/api\/wp\/v2\/users\/1"}],"replies":[{"embeddable":true,"href":"https:\/\/www.sonoraenequipo.com.mx\/api\/wp\/v2\/comments?post=153535"}],"version-history":[{"count":1,"href":"https:\/\/www.sonoraenequipo.com.mx\/api\/wp\/v2\/posts\/153535\/revisions"}],"predecessor-version":[{"id":153537,"href":"https:\/\/www.sonoraenequipo.com.mx\/api\/wp\/v2\/posts\/153535\/revisions\/153537"}],"wp:featuredmedia":[{"embeddable":true,"href":"https:\/\/www.sonoraenequipo.com.mx\/api\/wp\/v2\/media\/153528"}],"wp:attachment":[{"href":"https:\/\/www.sonoraenequipo.com.mx\/api\/wp\/v2\/media?parent=153535"}],"wp:term":[{"taxonomy":"category","embeddable":true,"href":"https:\/\/www.sonoraenequipo.com.mx\/api\/wp\/v2\/categories?post=153535"},{"taxonomy":"post_tag","embeddable":true,"href":"https:\/\/www.sonoraenequipo.com.mx\/api\/wp\/v2\/tags?post=153535"}],"curies":[{"name":"wp","href":"https:\/\/api.w.org\/{rel}","templated":true}]}}