{"id":1536,"date":"2015-12-16T04:28:40","date_gmt":"2015-12-16T04:28:40","guid":{"rendered":"http:\/\/www.sonoraenequipo.com.mx\/?p=1536"},"modified":"2015-12-17T04:30:16","modified_gmt":"2015-12-17T04:30:16","slug":"reconoce-pena-creacion-de-la-nueva-secretaria-de-cultura","status":"publish","type":"post","link":"https:\/\/www.sonoraenequipo.com.mx\/reconoce-pena-creacion-de-la-nueva-secretaria-de-cultura\/","title":{"rendered":"Reconoce Pe\u00f1a creaci\u00f3n de la nueva Secretar\u00eda de Cultura"},"content":{"rendered":"<p>16122015. CIUDAD DE M\u00c9XICO, MX.\u2014 El presidente de M\u00e9xico, Enrique Pe\u00f1a Nieto, encabez\u00f3 este mi\u00e9rcoles la entrega del Premio Nacional de Ciencias y Artes 2015. <\/p>\n<p>En el evento, el mandatario agradeci\u00f3 la aprobaci\u00f3n para crear la Secretar\u00eda de Cultura del Gobierno de la Rep\u00fablica.<\/p>\n<p>\u00abQuiero hacer un reconocimiento al Poder Legislativo por hacer posible la creaci\u00f3n de la Secretar\u00eda de Cultura\u00bb.<\/p>\n<p>Al firmar el decreto de la creaci\u00f3n de la nueva Secretar\u00eda de Cultura, Pe\u00f1a Nieto agreg\u00f3 que fue una decisi\u00f3n para hacer efectivo el acceso a la cultura.<\/p>\n<p>El presidente de M\u00e9xico destac\u00f3 que la nueva dependencia permitir\u00e1 que la educaci\u00f3n y la cultura tengan grandes espacios de atenci\u00f3n y focalizaci\u00f3n.<\/p>\n<p>Coment\u00f3 que la creaci\u00f3n de la nueva Secretar\u00eda de Cultura no implicar\u00e1 mayor carga presupuestal, m\u00e1s burocracia, ni afectar\u00e1 los derechos laborales de los trabajadores del sector.<\/p>\n<p>Pe\u00f1a Nieto dijo que un pa\u00eds con cultura, es un pa\u00eds con s\u00f3lidas bases para construir un mejor futuro.<\/p>\n","protected":false},"excerpt":{"rendered":"<p>16122015. CIUDAD DE M\u00c9XICO, MX.\u2014 El presidente de M\u00e9xico, Enrique Pe\u00f1a Nieto, encabez\u00f3 este mi\u00e9rcoles&#8230;<\/p>\n","protected":false},"author":1,"featured_media":0,"comment_status":"open","ping_status":"open","sticky":false,"template":"","format":"standard","meta":{"_monsterinsights_skip_tracking":false,"_monsterinsights_sitenote_active":false,"_monsterinsights_sitenote_note":"","_monsterinsights_sitenote_category":0,"footnotes":""},"categories":[13,5],"tags":[],"class_list":["post"],"yoast_head":" \n<title>Sonora en Equipo. Reconoce Pe\u00f1a creaci\u00f3n de la nueva Secretar\u00eda de Cultura<\/title>\n<meta name=\"description\" content=\"16122015. CIUDAD DE M\u00c9XICO, MX.\u2014 El presidente de M\u00e9xico, Enrique Pe\u00f1a Nieto, encabez\u00f3 este mi\u00e9rcoles la entrega del Premio Nacional de Ciencias y Artes En Sonora en Equipo publicamos toda la informaci\u00f3n de Sonora, M\u00e9xico y el Mundo de manera oportuna y busca que la libertad de expresi\u00f3n sea real. Visita nuestro medio informativo publicado desde Hermosillo, Sonora. %\" \/>\n<meta name=\"robots\" content=\"index, follow, max-snippet:-1, max-image-preview:large, max-video-preview:-1\" \/>\n<link rel=\"canonical\" href=\"https:\/\/www.sonoraenequipo.com.mx\/reconoce-pena-creacion-de-la-nueva-secretaria-de-cultura\/\" \/>\n<meta property=\"og:locale\" content=\"es_ES\" \/>\n<meta property=\"og:type\" content=\"article\" \/>\n<meta property=\"og:title\" content=\"Sonora en Equipo. Reconoce Pe\u00f1a creaci\u00f3n de la nueva Secretar\u00eda de Cultura\" \/>\n<meta property=\"og:description\" content=\"16122015. CIUDAD DE M\u00c9XICO, MX.\u2014 El presidente de M\u00e9xico, Enrique Pe\u00f1a Nieto, encabez\u00f3 este mi\u00e9rcoles la entrega del Premio Nacional de Ciencias y Artes En Sonora en Equipo publicamos toda la informaci\u00f3n de Sonora, M\u00e9xico y el Mundo de manera oportuna y busca que la libertad de expresi\u00f3n sea real. Visita nuestro medio informativo publicado desde Hermosillo, Sonora. %\" \/>\n<meta property=\"og:url\" content=\"https:\/\/www.sonoraenequipo.com.mx\/reconoce-pena-creacion-de-la-nueva-secretaria-de-cultura\/\" \/>\n<meta property=\"og:site_name\" content=\"Sonora en Equipo.\" \/>\n<meta property=\"article:publisher\" content=\"https:\/\/www.facebook.com\/SonoraEE\/\" \/>\n<meta property=\"article:author\" content=\"https:\/\/www.facebook.com\/SonoraEE\" \/>\n<meta property=\"article:published_time\" content=\"2015-12-16T04:28:40+00:00\" \/>\n<meta property=\"article:modified_time\" content=\"2015-12-17T04:30:16+00:00\" \/>\n<meta name=\"author\" content=\"enequipo\" \/>\n<meta name=\"twitter:card\" content=\"summary_large_image\" \/>\n<meta name=\"twitter:creator\" content=\"@sonoraenequipo\" \/>\n<meta name=\"twitter:site\" content=\"@sonoraenequipo\" \/>\n<meta name=\"twitter:label1\" content=\"Escrito por\" \/>\n\t<meta name=\"twitter:data1\" content=\"enequipo\" \/>\n\t<meta name=\"twitter:label2\" content=\"Tiempo de lectura\" \/>\n\t<meta name=\"twitter:data2\" content=\"1 minuto\" \/>\n<script type=\"application\/ld+json\" class=\"yoast-schema-graph\">{\"@context\":\"https:\/\/schema.org\",\"@graph\":[{\"@type\":\"Article\",\"@id\":\"https:\/\/www.sonoraenequipo.com.mx\/reconoce-pena-creacion-de-la-nueva-secretaria-de-cultura\/#article\",\"isPartOf\":{\"@id\":\"https:\/\/www.sonoraenequipo.com.mx\/reconoce-pena-creacion-de-la-nueva-secretaria-de-cultura\/\"},\"author\":{\"name\":\"enequipo\",\"@id\":\"https:\/\/www.sonoraenequipo.com.mx\/#\/schema\/person\/50102df0fb23a8fa9e8effad8fa81386\"},\"headline\":\"Reconoce Pe\u00f1a creaci\u00f3n de la nueva Secretar\u00eda de Cultura\",\"datePublished\":\"2015-12-16T04:28:40+00:00\",\"dateModified\":\"2015-12-17T04:30:16+00:00\",\"mainEntityOfPage\":{\"@id\":\"https:\/\/www.sonoraenequipo.com.mx\/reconoce-pena-creacion-de-la-nueva-secretaria-de-cultura\/\"},\"wordCount\":192,\"commentCount\":0,\"publisher\":{\"@id\":\"https:\/\/www.sonoraenequipo.com.mx\/#organization\"},\"articleSection\":[\"Destacadas\",\"Rep\u00fablica\"],\"inLanguage\":\"es\",\"potentialAction\":[{\"@type\":\"CommentAction\",\"name\":\"Comment\",\"target\":[\"https:\/\/www.sonoraenequipo.com.mx\/reconoce-pena-creacion-de-la-nueva-secretaria-de-cultura\/#respond\"]}]},{\"@type\":\"WebPage\",\"@id\":\"https:\/\/www.sonoraenequipo.com.mx\/reconoce-pena-creacion-de-la-nueva-secretaria-de-cultura\/\",\"url\":\"https:\/\/www.sonoraenequipo.com.mx\/reconoce-pena-creacion-de-la-nueva-secretaria-de-cultura\/\",\"name\":\"Sonora en Equipo. Reconoce Pe\u00f1a creaci\u00f3n de la nueva Secretar\u00eda de Cultura\",\"isPartOf\":{\"@id\":\"https:\/\/www.sonoraenequipo.com.mx\/#website\"},\"datePublished\":\"2015-12-16T04:28:40+00:00\",\"dateModified\":\"2015-12-17T04:30:16+00:00\",\"description\":\"16122015. CIUDAD DE M\u00c9XICO, MX.\u2014 El presidente de M\u00e9xico, Enrique Pe\u00f1a Nieto, encabez\u00f3 este mi\u00e9rcoles la entrega del Premio Nacional de Ciencias y Artes En Sonora en Equipo publicamos toda la informaci\u00f3n de Sonora, M\u00e9xico y el Mundo de manera oportuna y busca que la libertad de expresi\u00f3n sea real. Visita nuestro medio informativo publicado desde Hermosillo, Sonora. %\",\"breadcrumb\":{\"@id\":\"https:\/\/www.sonoraenequipo.com.mx\/reconoce-pena-creacion-de-la-nueva-secretaria-de-cultura\/#breadcrumb\"},\"inLanguage\":\"es\",\"potentialAction\":[{\"@type\":\"ReadAction\",\"target\":[\"https:\/\/www.sonoraenequipo.com.mx\/reconoce-pena-creacion-de-la-nueva-secretaria-de-cultura\/\"]}]},{\"@type\":\"BreadcrumbList\",\"@id\":\"https:\/\/www.sonoraenequipo.com.mx\/reconoce-pena-creacion-de-la-nueva-secretaria-de-cultura\/#breadcrumb\",\"itemListElement\":[{\"@type\":\"ListItem\",\"position\":1,\"name\":\"Portada\",\"item\":\"https:\/\/www.sonoraenequipo.com.mx\/\"},{\"@type\":\"ListItem\",\"position\":2,\"name\":\"Reconoce Pe\u00f1a creaci\u00f3n de la nueva Secretar\u00eda de Cultura\"}]},{\"@type\":\"WebSite\",\"@id\":\"https:\/\/www.sonoraenequipo.com.mx\/#website\",\"url\":\"https:\/\/www.sonoraenequipo.com.mx\/\",\"name\":\"Sonora en Equipo.\",\"description\":\"Diario en l\u00ednea con Noticias desde Hermosillo, Sonora\",\"publisher\":{\"@id\":\"https:\/\/www.sonoraenequipo.com.mx\/#organization\"},\"potentialAction\":[{\"@type\":\"SearchAction\",\"target\":{\"@type\":\"EntryPoint\",\"urlTemplate\":\"https:\/\/www.sonoraenequipo.com.mx\/?s={search_term_string}\"},\"query-input\":{\"@type\":\"PropertyValueSpecification\",\"valueRequired\":true,\"valueName\":\"search_term_string\"}}],\"inLanguage\":\"es\"},{\"@type\":\"Organization\",\"@id\":\"https:\/\/www.sonoraenequipo.com.mx\/#organization\",\"name\":\"Sonoraenequipo.com.mx\",\"url\":\"https:\/\/www.sonoraenequipo.com.mx\/\",\"logo\":{\"@type\":\"ImageObject\",\"inLanguage\":\"es\",\"@id\":\"https:\/\/www.sonoraenequipo.com.mx\/#\/schema\/logo\/image\/\",\"url\":\"https:\/\/www.sonoraenequipo.com.mx\/storage\/2019\/01\/sonoraenequipo_opt.png\",\"contentUrl\":\"https:\/\/www.sonoraenequipo.com.mx\/storage\/2019\/01\/sonoraenequipo_opt.png\",\"width\":375,\"height\":125,\"caption\":\"Sonoraenequipo.com.mx\"},\"image\":{\"@id\":\"https:\/\/www.sonoraenequipo.com.mx\/#\/schema\/logo\/image\/\"},\"sameAs\":[\"https:\/\/www.facebook.com\/SonoraEE\/\",\"https:\/\/x.com\/sonoraenequipo\",\"https:\/\/www.youtube.com\/channel\/UC338nW-lPEYmJQs4ZABQ1SQ\"]},{\"@type\":\"Person\",\"@id\":\"https:\/\/www.sonoraenequipo.com.mx\/#\/schema\/person\/50102df0fb23a8fa9e8effad8fa81386\",\"name\":\"enequipo\",\"image\":{\"@type\":\"ImageObject\",\"inLanguage\":\"es\",\"@id\":\"https:\/\/www.sonoraenequipo.com.mx\/#\/schema\/person\/image\/\",\"url\":\"https:\/\/secure.gravatar.com\/avatar\/049821681b589dabc0bc20695993ccebb09f5b5d4d790cd9251b97faac7c652b?s=96&d=blank&r=g\",\"contentUrl\":\"https:\/\/secure.gravatar.com\/avatar\/049821681b589dabc0bc20695993ccebb09f5b5d4d790cd9251b97faac7c652b?s=96&d=blank&r=g\",\"caption\":\"enequipo\"},\"sameAs\":[\"https:\/\/www.facebook.com\/SonoraEE\"]}]}<\/script>\n ","yoast_head_json":{"title":"Sonora en Equipo. Reconoce Pe\u00f1a creaci\u00f3n de la nueva Secretar\u00eda de Cultura","description":"16122015. CIUDAD DE M\u00c9XICO, MX.\u2014 El presidente de M\u00e9xico, Enrique Pe\u00f1a Nieto, encabez\u00f3 este mi\u00e9rcoles la entrega del Premio Nacional de Ciencias y Artes En Sonora en Equipo publicamos toda la informaci\u00f3n de Sonora, M\u00e9xico y el Mundo de manera oportuna y busca que la libertad de expresi\u00f3n sea real. Visita nuestro medio informativo publicado desde Hermosillo, Sonora. %","robots":{"index":"index","follow":"follow","max-snippet":"max-snippet:-1","max-image-preview":"max-image-preview:large","max-video-preview":"max-video-preview:-1"},"canonical":"https:\/\/www.sonoraenequipo.com.mx\/reconoce-pena-creacion-de-la-nueva-secretaria-de-cultura\/","og_locale":"es_ES","og_type":"article","og_title":"Sonora en Equipo. Reconoce Pe\u00f1a creaci\u00f3n de la nueva Secretar\u00eda de Cultura","og_description":"16122015. CIUDAD DE M\u00c9XICO, MX.\u2014 El presidente de M\u00e9xico, Enrique Pe\u00f1a Nieto, encabez\u00f3 este mi\u00e9rcoles la entrega del Premio Nacional de Ciencias y Artes En Sonora en Equipo publicamos toda la informaci\u00f3n de Sonora, M\u00e9xico y el Mundo de manera oportuna y busca que la libertad de expresi\u00f3n sea real. Visita nuestro medio informativo publicado desde Hermosillo, Sonora. %","og_url":"https:\/\/www.sonoraenequipo.com.mx\/reconoce-pena-creacion-de-la-nueva-secretaria-de-cultura\/","og_site_name":"Sonora en Equipo.","article_publisher":"https:\/\/www.facebook.com\/SonoraEE\/","article_author":"https:\/\/www.facebook.com\/SonoraEE","article_published_time":"2015-12-16T04:28:40+00:00","article_modified_time":"2015-12-17T04:30:16+00:00","author":"enequipo","twitter_card":"summary_large_image","twitter_creator":"@sonoraenequipo","twitter_site":"@sonoraenequipo","twitter_misc":{"Escrito por":"enequipo","Tiempo de lectura":"1 minuto"},"schema":{"@context":"https:\/\/schema.org","@graph":[{"@type":"Article","@id":"https:\/\/www.sonoraenequipo.com.mx\/reconoce-pena-creacion-de-la-nueva-secretaria-de-cultura\/#article","isPartOf":{"@id":"https:\/\/www.sonoraenequipo.com.mx\/reconoce-pena-creacion-de-la-nueva-secretaria-de-cultura\/"},"author":{"name":"enequipo","@id":"https:\/\/www.sonoraenequipo.com.mx\/#\/schema\/person\/50102df0fb23a8fa9e8effad8fa81386"},"headline":"Reconoce Pe\u00f1a creaci\u00f3n de la nueva Secretar\u00eda de Cultura","datePublished":"2015-12-16T04:28:40+00:00","dateModified":"2015-12-17T04:30:16+00:00","mainEntityOfPage":{"@id":"https:\/\/www.sonoraenequipo.com.mx\/reconoce-pena-creacion-de-la-nueva-secretaria-de-cultura\/"},"wordCount":192,"commentCount":0,"publisher":{"@id":"https:\/\/www.sonoraenequipo.com.mx\/#organization"},"articleSection":["Destacadas","Rep\u00fablica"],"inLanguage":"es","potentialAction":[{"@type":"CommentAction","name":"Comment","target":["https:\/\/www.sonoraenequipo.com.mx\/reconoce-pena-creacion-de-la-nueva-secretaria-de-cultura\/#respond"]}]},{"@type":"WebPage","@id":"https:\/\/www.sonoraenequipo.com.mx\/reconoce-pena-creacion-de-la-nueva-secretaria-de-cultura\/","url":"https:\/\/www.sonoraenequipo.com.mx\/reconoce-pena-creacion-de-la-nueva-secretaria-de-cultura\/","name":"Sonora en Equipo. Reconoce Pe\u00f1a creaci\u00f3n de la nueva Secretar\u00eda de Cultura","isPartOf":{"@id":"https:\/\/www.sonoraenequipo.com.mx\/#website"},"datePublished":"2015-12-16T04:28:40+00:00","dateModified":"2015-12-17T04:30:16+00:00","description":"16122015. CIUDAD DE M\u00c9XICO, MX.\u2014 El presidente de M\u00e9xico, Enrique Pe\u00f1a Nieto, encabez\u00f3 este mi\u00e9rcoles la entrega del Premio Nacional de Ciencias y Artes En Sonora en Equipo publicamos toda la informaci\u00f3n de Sonora, M\u00e9xico y el Mundo de manera oportuna y busca que la libertad de expresi\u00f3n sea real. Visita nuestro medio informativo publicado desde Hermosillo, Sonora. %","breadcrumb":{"@id":"https:\/\/www.sonoraenequipo.com.mx\/reconoce-pena-creacion-de-la-nueva-secretaria-de-cultura\/#breadcrumb"},"inLanguage":"es","potentialAction":[{"@type":"ReadAction","target":["https:\/\/www.sonoraenequipo.com.mx\/reconoce-pena-creacion-de-la-nueva-secretaria-de-cultura\/"]}]},{"@type":"BreadcrumbList","@id":"https:\/\/www.sonoraenequipo.com.mx\/reconoce-pena-creacion-de-la-nueva-secretaria-de-cultura\/#breadcrumb","itemListElement":[{"@type":"ListItem","position":1,"name":"Portada","item":"https:\/\/www.sonoraenequipo.com.mx\/"},{"@type":"ListItem","position":2,"name":"Reconoce Pe\u00f1a creaci\u00f3n de la nueva Secretar\u00eda de Cultura"}]},{"@type":"WebSite","@id":"https:\/\/www.sonoraenequipo.com.mx\/#website","url":"https:\/\/www.sonoraenequipo.com.mx\/","name":"Sonora en Equipo.","description":"Diario en l\u00ednea con Noticias desde Hermosillo, Sonora","publisher":{"@id":"https:\/\/www.sonoraenequipo.com.mx\/#organization"},"potentialAction":[{"@type":"SearchAction","target":{"@type":"EntryPoint","urlTemplate":"https:\/\/www.sonoraenequipo.com.mx\/?s={search_term_string}"},"query-input":{"@type":"PropertyValueSpecification","valueRequired":true,"valueName":"search_term_string"}}],"inLanguage":"es"},{"@type":"Organization","@id":"https:\/\/www.sonoraenequipo.com.mx\/#organization","name":"Sonoraenequipo.com.mx","url":"https:\/\/www.sonoraenequipo.com.mx\/","logo":{"@type":"ImageObject","inLanguage":"es","@id":"https:\/\/www.sonoraenequipo.com.mx\/#\/schema\/logo\/image\/","url":"https:\/\/www.sonoraenequipo.com.mx\/storage\/2019\/01\/sonoraenequipo_opt.png","contentUrl":"https:\/\/www.sonoraenequipo.com.mx\/storage\/2019\/01\/sonoraenequipo_opt.png","width":375,"height":125,"caption":"Sonoraenequipo.com.mx"},"image":{"@id":"https:\/\/www.sonoraenequipo.com.mx\/#\/schema\/logo\/image\/"},"sameAs":["https:\/\/www.facebook.com\/SonoraEE\/","https:\/\/x.com\/sonoraenequipo","https:\/\/www.youtube.com\/channel\/UC338nW-lPEYmJQs4ZABQ1SQ"]},{"@type":"Person","@id":"https:\/\/www.sonoraenequipo.com.mx\/#\/schema\/person\/50102df0fb23a8fa9e8effad8fa81386","name":"enequipo","image":{"@type":"ImageObject","inLanguage":"es","@id":"https:\/\/www.sonoraenequipo.com.mx\/#\/schema\/person\/image\/","url":"https:\/\/secure.gravatar.com\/avatar\/049821681b589dabc0bc20695993ccebb09f5b5d4d790cd9251b97faac7c652b?s=96&d=blank&r=g","contentUrl":"https:\/\/secure.gravatar.com\/avatar\/049821681b589dabc0bc20695993ccebb09f5b5d4d790cd9251b97faac7c652b?s=96&d=blank&r=g","caption":"enequipo"},"sameAs":["https:\/\/www.facebook.com\/SonoraEE"]}]}},"jetpack_featured_media_url":"","_links":{"self":[{"href":"https:\/\/www.sonoraenequipo.com.mx\/api\/wp\/v2\/posts\/1536","targetHints":{"allow":["GET"]}}],"collection":[{"href":"https:\/\/www.sonoraenequipo.com.mx\/api\/wp\/v2\/posts"}],"about":[{"href":"https:\/\/www.sonoraenequipo.com.mx\/api\/wp\/v2\/types\/post"}],"author":[{"embeddable":true,"href":"https:\/\/www.sonoraenequipo.com.mx\/api\/wp\/v2\/users\/1"}],"replies":[{"embeddable":true,"href":"https:\/\/www.sonoraenequipo.com.mx\/api\/wp\/v2\/comments?post=1536"}],"version-history":[{"count":0,"href":"https:\/\/www.sonoraenequipo.com.mx\/api\/wp\/v2\/posts\/1536\/revisions"}],"wp:attachment":[{"href":"https:\/\/www.sonoraenequipo.com.mx\/api\/wp\/v2\/media?parent=1536"}],"wp:term":[{"taxonomy":"category","embeddable":true,"href":"https:\/\/www.sonoraenequipo.com.mx\/api\/wp\/v2\/categories?post=1536"},{"taxonomy":"post_tag","embeddable":true,"href":"https:\/\/www.sonoraenequipo.com.mx\/api\/wp\/v2\/tags?post=1536"}],"curies":[{"name":"wp","href":"https:\/\/api.w.org\/{rel}","templated":true}]}}