{"id":153999,"date":"2022-12-08T16:47:36","date_gmt":"2022-12-08T23:47:36","guid":{"rendered":"https:\/\/www.sonoraenequipo.com.mx\/?p=153999"},"modified":"2022-12-08T15:54:36","modified_gmt":"2022-12-08T22:54:36","slug":"la-generacion-gamma-del-isspe-sera-testimonio-de-profesionalismo-policial-gobernador-alfonso-durazo","status":"publish","type":"post","link":"https:\/\/www.sonoraenequipo.com.mx\/la-generacion-gamma-del-isspe-sera-testimonio-de-profesionalismo-policial-gobernador-alfonso-durazo\/","title":{"rendered":"La generaci\u00f3n Gamma del Isspe ser\u00e1 testimonio de profesionalismo policial: gobernador Alfonso Durazo"},"content":{"rendered":"<p><strong>HERMOSILLO, SONORA. MX.\u2014<\/strong> La profesionalizaci\u00f3n de la labor policial es un pelda\u00f1o m\u00e1s en el ascenso para lograr la mejor corporaci\u00f3n estatal del pa\u00eds, afirm\u00f3 el gobernador Alfonso Durazo Monta\u00f1o, al presenciar la graduaci\u00f3n de la generaci\u00f3n Gamma del Instituto Superior de Seguridad P\u00fablica del Estado (Isspe) y firmar un decreto para convertir a esta instituci\u00f3n en la Universidad de la Seguridad P\u00fablica.<\/p>\n<p>&nbsp;<\/p>\n<p>&nbsp;<\/p>\n<p> <\/p>\n<p>&nbsp;<\/p>\n<p>Destac\u00f3 que se integran a las filas de la Polic\u00eda Estatal de Seguridad P\u00fablica (PESP) un total de 120 nuevos elementos, de los cuales el 43 por ciento son mujeres, lo que demuestra el cambio en las estructuras sociales y la apertura de nuevos espacios para las mujeres en Sonora.<\/p>\n<p>&nbsp;<\/p>\n<p>&nbsp;<\/p>\n<p>El Ejecutivo sonorense felicit\u00f3 a las y los nuevos elementos y les asegur\u00f3 que la dignificaci\u00f3n de su labor, as\u00ed como las posibilidades de crecimiento dentro de la corporaci\u00f3n, por medio de la especializaci\u00f3n y el desarrollo acad\u00e9mico, ser\u00e1n una realidad que marcar\u00e1 sus carreras, sus ascensos y las posiciones que logren dentro de la PESP, pues el plan de estudios superiores se abrir\u00e1 con la transici\u00f3n del Isspe en universidad.<\/p>\n<p>&nbsp;<\/p>\n<p>&nbsp;<\/p>\n<p><em><strong>\u201cOfreceremos ah\u00ed la licenciatura en Derecho Policial y la licenciatura en Inteligencia e Investigaci\u00f3n Policial; as\u00ed mismo, se tendr\u00e1 maestr\u00eda en Seguridad P\u00fablica y un doctorado en Seguridad Ciudadana. Se impartir\u00e1n seis especialidades: Instructor K-9 en Detecci\u00f3n de Drogas, Inteligencia y Contrainteligencia, Ciberinteligencia, Seguridad y Protecci\u00f3n a Personas e Instalaciones, Liderazgo Policial y Proximidad Policial\u201d,<\/strong><\/em> dijo.<\/p>\n<p>&nbsp;<\/p>\n<p>&nbsp;<\/p>\n<p>Mar\u00eda Dolores del R\u00edo S\u00e1nchez, secretaria de Seguridad P\u00fablica, inform\u00f3 que la generaci\u00f3n Gamma es la tercera \u00faltima del presente a\u00f1o, misma que se incorporar\u00e1 a la Polic\u00eda Estatal a partir del 16 de diciembre. Durante 2022, precis\u00f3, en cumplimiento al compromiso de incrementar el estado de fuerza, se graduaron 570 cadetes del Instituto Superior de Seguridad P\u00fablica del Estado.<\/p>\n<p>&nbsp;<\/p>\n<p>&nbsp;<\/p>\n<p>La generaci\u00f3n Gamma, explic\u00f3, cuenta con preparaci\u00f3n en materias te\u00f3ricas que, anteriormente, no estaban incluidas en la formaci\u00f3n de los polic\u00edas, como Prevenci\u00f3n de Violencia Familiar y de G\u00e9nero, Inteligencia Cibern\u00e9tica y Derechos Humanos con Perspectiva de G\u00e9nero. En el \u00e1rea pr\u00e1ctica, mencion\u00f3 que, desde antes de concluir su formaci\u00f3n, los cadetes colaboraron con personal de la Polic\u00eda Estatal, Centro de Prevenci\u00f3n del Delito y Participaci\u00f3n Ciudadana y protocolo Salva.<\/p>\n<p>&nbsp;<\/p>\n<p>&nbsp;<\/p>\n<p>Del R\u00edo S\u00e1nchez adelant\u00f3 que ya est\u00e1 abierta la convocatoria del Isspe para el 2023, que iniciar\u00e1 el pr\u00f3ximo 15 de enero con un total de 400 cadetes.<\/p>\n<p>&nbsp;<\/p>\n<p>&nbsp;<\/p>\n<p><em><strong>\u201cLlegamos a 500 nuevos polic\u00edas. Ese es un dato muy importante, lo que implica que estaremos cerrando el a\u00f1o con alrededor de mil 500 polic\u00edas estatales, lo que va permitir cumplir con lo que los sonorenses piden en materia de seguridad, proximidad policial y social\u201d,<\/strong> <\/em>puntualiz\u00f3.<\/p>\n<p>&nbsp;<\/p>\n<p>&nbsp;<\/p>\n<p>PUBLICADO EL 08\/DICIEMBRE\/2022 \/Con informaci\u00f3n de GOBSON 1222-078)<\/p>\n","protected":false},"excerpt":{"rendered":"<p>HERMOSILLO, SONORA. MX.\u2014 La profesionalizaci\u00f3n de la labor policial es un pelda\u00f1o m\u00e1s en el&#8230;<\/p>\n","protected":false},"author":1,"featured_media":153983,"comment_status":"open","ping_status":"open","sticky":false,"template":"","format":"standard","meta":{"_monsterinsights_skip_tracking":false,"_monsterinsights_sitenote_active":false,"_monsterinsights_sitenote_note":"","_monsterinsights_sitenote_category":0,"footnotes":""},"categories":[22],"tags":[],"class_list":["post"],"yoast_head":" \n<title>Sonora en Equipo. La generaci\u00f3n Gamma del Isspe ser\u00e1 testimonio de profesionalismo policial: gobernador Alfonso Durazo Sonora<\/title>\n<meta name=\"description\" content=\"HERMOSILLO, SONORA. MX.\u2014 La profesionalizaci\u00f3n de la labor policial es un pelda\u00f1o m\u00e1s en el ascenso para lograr la mejor corporaci\u00f3n estatal del pa\u00eds, En Sonora en Equipo publicamos toda la informaci\u00f3n de Sonora, M\u00e9xico y el Mundo de manera oportuna y busca que la libertad de expresi\u00f3n sea real. Visita nuestro medio informativo publicado desde Hermosillo, Sonora. %\" \/>\n<meta name=\"robots\" content=\"index, follow, max-snippet:-1, max-image-preview:large, max-video-preview:-1\" \/>\n<link rel=\"canonical\" href=\"https:\/\/www.sonoraenequipo.com.mx\/la-generacion-gamma-del-isspe-sera-testimonio-de-profesionalismo-policial-gobernador-alfonso-durazo\/\" \/>\n<meta property=\"og:locale\" content=\"es_ES\" \/>\n<meta property=\"og:type\" content=\"article\" \/>\n<meta property=\"og:title\" content=\"Sonora en Equipo. La generaci\u00f3n Gamma del Isspe ser\u00e1 testimonio de profesionalismo policial: gobernador Alfonso Durazo Sonora\" \/>\n<meta property=\"og:description\" content=\"HERMOSILLO, SONORA. MX.\u2014 La profesionalizaci\u00f3n de la labor policial es un pelda\u00f1o m\u00e1s en el ascenso para lograr la mejor corporaci\u00f3n estatal del pa\u00eds, En Sonora en Equipo publicamos toda la informaci\u00f3n de Sonora, M\u00e9xico y el Mundo de manera oportuna y busca que la libertad de expresi\u00f3n sea real. Visita nuestro medio informativo publicado desde Hermosillo, Sonora. %\" \/>\n<meta property=\"og:url\" content=\"https:\/\/www.sonoraenequipo.com.mx\/la-generacion-gamma-del-isspe-sera-testimonio-de-profesionalismo-policial-gobernador-alfonso-durazo\/\" \/>\n<meta property=\"og:site_name\" content=\"Sonora en Equipo.\" \/>\n<meta property=\"article:publisher\" content=\"https:\/\/www.facebook.com\/SonoraEE\/\" \/>\n<meta property=\"article:author\" content=\"https:\/\/www.facebook.com\/SonoraEE\" \/>\n<meta property=\"article:published_time\" content=\"2022-12-08T23:47:36+00:00\" \/>\n<meta property=\"og:image\" content=\"https:\/\/www.sonoraenequipo.com.mx\/storage\/2022\/12\/generacion-Gamma-0812.jpg\" \/>\n\t<meta property=\"og:image:width\" content=\"900\" \/>\n\t<meta property=\"og:image:height\" content=\"514\" \/>\n\t<meta property=\"og:image:type\" content=\"image\/jpeg\" \/>\n<meta name=\"author\" content=\"enequipo\" \/>\n<meta name=\"twitter:card\" content=\"summary_large_image\" \/>\n<meta name=\"twitter:creator\" content=\"@sonoraenequipo\" \/>\n<meta name=\"twitter:site\" content=\"@sonoraenequipo\" \/>\n<meta name=\"twitter:label1\" content=\"Escrito por\" \/>\n\t<meta name=\"twitter:data1\" content=\"enequipo\" \/>\n\t<meta name=\"twitter:label2\" content=\"Tiempo de lectura\" \/>\n\t<meta name=\"twitter:data2\" content=\"3 minutos\" \/>\n<script type=\"application\/ld+json\" class=\"yoast-schema-graph\">{\"@context\":\"https:\/\/schema.org\",\"@graph\":[{\"@type\":\"Article\",\"@id\":\"https:\/\/www.sonoraenequipo.com.mx\/la-generacion-gamma-del-isspe-sera-testimonio-de-profesionalismo-policial-gobernador-alfonso-durazo\/#article\",\"isPartOf\":{\"@id\":\"https:\/\/www.sonoraenequipo.com.mx\/la-generacion-gamma-del-isspe-sera-testimonio-de-profesionalismo-policial-gobernador-alfonso-durazo\/\"},\"author\":{\"name\":\"enequipo\",\"@id\":\"https:\/\/www.sonoraenequipo.com.mx\/#\/schema\/person\/50102df0fb23a8fa9e8effad8fa81386\"},\"headline\":\"La generaci\u00f3n Gamma del Isspe ser\u00e1 testimonio de profesionalismo policial: gobernador Alfonso Durazo\",\"datePublished\":\"2022-12-08T23:47:36+00:00\",\"mainEntityOfPage\":{\"@id\":\"https:\/\/www.sonoraenequipo.com.mx\/la-generacion-gamma-del-isspe-sera-testimonio-de-profesionalismo-policial-gobernador-alfonso-durazo\/\"},\"wordCount\":527,\"commentCount\":0,\"publisher\":{\"@id\":\"https:\/\/www.sonoraenequipo.com.mx\/#organization\"},\"image\":{\"@id\":\"https:\/\/www.sonoraenequipo.com.mx\/la-generacion-gamma-del-isspe-sera-testimonio-de-profesionalismo-policial-gobernador-alfonso-durazo\/#primaryimage\"},\"thumbnailUrl\":\"https:\/\/www.sonoraenequipo.com.mx\/storage\/2022\/12\/generacion-Gamma-0812.jpg\",\"articleSection\":[\"Sonora\"],\"inLanguage\":\"es\",\"potentialAction\":[{\"@type\":\"CommentAction\",\"name\":\"Comment\",\"target\":[\"https:\/\/www.sonoraenequipo.com.mx\/la-generacion-gamma-del-isspe-sera-testimonio-de-profesionalismo-policial-gobernador-alfonso-durazo\/#respond\"]}]},{\"@type\":\"WebPage\",\"@id\":\"https:\/\/www.sonoraenequipo.com.mx\/la-generacion-gamma-del-isspe-sera-testimonio-de-profesionalismo-policial-gobernador-alfonso-durazo\/\",\"url\":\"https:\/\/www.sonoraenequipo.com.mx\/la-generacion-gamma-del-isspe-sera-testimonio-de-profesionalismo-policial-gobernador-alfonso-durazo\/\",\"name\":\"Sonora en Equipo. La generaci\u00f3n Gamma del Isspe ser\u00e1 testimonio de profesionalismo policial: gobernador Alfonso Durazo Sonora\",\"isPartOf\":{\"@id\":\"https:\/\/www.sonoraenequipo.com.mx\/#website\"},\"primaryImageOfPage\":{\"@id\":\"https:\/\/www.sonoraenequipo.com.mx\/la-generacion-gamma-del-isspe-sera-testimonio-de-profesionalismo-policial-gobernador-alfonso-durazo\/#primaryimage\"},\"image\":{\"@id\":\"https:\/\/www.sonoraenequipo.com.mx\/la-generacion-gamma-del-isspe-sera-testimonio-de-profesionalismo-policial-gobernador-alfonso-durazo\/#primaryimage\"},\"thumbnailUrl\":\"https:\/\/www.sonoraenequipo.com.mx\/storage\/2022\/12\/generacion-Gamma-0812.jpg\",\"datePublished\":\"2022-12-08T23:47:36+00:00\",\"description\":\"HERMOSILLO, SONORA. MX.\u2014 La profesionalizaci\u00f3n de la labor policial es un pelda\u00f1o m\u00e1s en el ascenso para lograr la mejor corporaci\u00f3n estatal del pa\u00eds, En Sonora en Equipo publicamos toda la informaci\u00f3n de Sonora, M\u00e9xico y el Mundo de manera oportuna y busca que la libertad de expresi\u00f3n sea real. Visita nuestro medio informativo publicado desde Hermosillo, Sonora. %\",\"breadcrumb\":{\"@id\":\"https:\/\/www.sonoraenequipo.com.mx\/la-generacion-gamma-del-isspe-sera-testimonio-de-profesionalismo-policial-gobernador-alfonso-durazo\/#breadcrumb\"},\"inLanguage\":\"es\",\"potentialAction\":[{\"@type\":\"ReadAction\",\"target\":[\"https:\/\/www.sonoraenequipo.com.mx\/la-generacion-gamma-del-isspe-sera-testimonio-de-profesionalismo-policial-gobernador-alfonso-durazo\/\"]}]},{\"@type\":\"ImageObject\",\"inLanguage\":\"es\",\"@id\":\"https:\/\/www.sonoraenequipo.com.mx\/la-generacion-gamma-del-isspe-sera-testimonio-de-profesionalismo-policial-gobernador-alfonso-durazo\/#primaryimage\",\"url\":\"https:\/\/www.sonoraenequipo.com.mx\/storage\/2022\/12\/generacion-Gamma-0812.jpg\",\"contentUrl\":\"https:\/\/www.sonoraenequipo.com.mx\/storage\/2022\/12\/generacion-Gamma-0812.jpg\",\"width\":900,\"height\":514},{\"@type\":\"BreadcrumbList\",\"@id\":\"https:\/\/www.sonoraenequipo.com.mx\/la-generacion-gamma-del-isspe-sera-testimonio-de-profesionalismo-policial-gobernador-alfonso-durazo\/#breadcrumb\",\"itemListElement\":[{\"@type\":\"ListItem\",\"position\":1,\"name\":\"Portada\",\"item\":\"https:\/\/www.sonoraenequipo.com.mx\/\"},{\"@type\":\"ListItem\",\"position\":2,\"name\":\"La generaci\u00f3n Gamma del Isspe ser\u00e1 testimonio de profesionalismo policial: gobernador Alfonso Durazo\"}]},{\"@type\":\"WebSite\",\"@id\":\"https:\/\/www.sonoraenequipo.com.mx\/#website\",\"url\":\"https:\/\/www.sonoraenequipo.com.mx\/\",\"name\":\"Sonora en Equipo.\",\"description\":\"Diario en l\u00ednea con Noticias desde Hermosillo, Sonora\",\"publisher\":{\"@id\":\"https:\/\/www.sonoraenequipo.com.mx\/#organization\"},\"potentialAction\":[{\"@type\":\"SearchAction\",\"target\":{\"@type\":\"EntryPoint\",\"urlTemplate\":\"https:\/\/www.sonoraenequipo.com.mx\/?s={search_term_string}\"},\"query-input\":{\"@type\":\"PropertyValueSpecification\",\"valueRequired\":true,\"valueName\":\"search_term_string\"}}],\"inLanguage\":\"es\"},{\"@type\":\"Organization\",\"@id\":\"https:\/\/www.sonoraenequipo.com.mx\/#organization\",\"name\":\"Sonoraenequipo.com.mx\",\"url\":\"https:\/\/www.sonoraenequipo.com.mx\/\",\"logo\":{\"@type\":\"ImageObject\",\"inLanguage\":\"es\",\"@id\":\"https:\/\/www.sonoraenequipo.com.mx\/#\/schema\/logo\/image\/\",\"url\":\"https:\/\/www.sonoraenequipo.com.mx\/storage\/2019\/01\/sonoraenequipo_opt.png\",\"contentUrl\":\"https:\/\/www.sonoraenequipo.com.mx\/storage\/2019\/01\/sonoraenequipo_opt.png\",\"width\":375,\"height\":125,\"caption\":\"Sonoraenequipo.com.mx\"},\"image\":{\"@id\":\"https:\/\/www.sonoraenequipo.com.mx\/#\/schema\/logo\/image\/\"},\"sameAs\":[\"https:\/\/www.facebook.com\/SonoraEE\/\",\"https:\/\/x.com\/sonoraenequipo\",\"https:\/\/www.youtube.com\/channel\/UC338nW-lPEYmJQs4ZABQ1SQ\"]},{\"@type\":\"Person\",\"@id\":\"https:\/\/www.sonoraenequipo.com.mx\/#\/schema\/person\/50102df0fb23a8fa9e8effad8fa81386\",\"name\":\"enequipo\",\"image\":{\"@type\":\"ImageObject\",\"inLanguage\":\"es\",\"@id\":\"https:\/\/www.sonoraenequipo.com.mx\/#\/schema\/person\/image\/\",\"url\":\"https:\/\/secure.gravatar.com\/avatar\/049821681b589dabc0bc20695993ccebb09f5b5d4d790cd9251b97faac7c652b?s=96&d=blank&r=g\",\"contentUrl\":\"https:\/\/secure.gravatar.com\/avatar\/049821681b589dabc0bc20695993ccebb09f5b5d4d790cd9251b97faac7c652b?s=96&d=blank&r=g\",\"caption\":\"enequipo\"},\"sameAs\":[\"https:\/\/www.facebook.com\/SonoraEE\"]}]}<\/script>\n ","yoast_head_json":{"title":"Sonora en Equipo. La generaci\u00f3n Gamma del Isspe ser\u00e1 testimonio de profesionalismo policial: gobernador Alfonso Durazo Sonora","description":"HERMOSILLO, SONORA. MX.\u2014 La profesionalizaci\u00f3n de la labor policial es un pelda\u00f1o m\u00e1s en el ascenso para lograr la mejor corporaci\u00f3n estatal del pa\u00eds, En Sonora en Equipo publicamos toda la informaci\u00f3n de Sonora, M\u00e9xico y el Mundo de manera oportuna y busca que la libertad de expresi\u00f3n sea real. Visita nuestro medio informativo publicado desde Hermosillo, Sonora. %","robots":{"index":"index","follow":"follow","max-snippet":"max-snippet:-1","max-image-preview":"max-image-preview:large","max-video-preview":"max-video-preview:-1"},"canonical":"https:\/\/www.sonoraenequipo.com.mx\/la-generacion-gamma-del-isspe-sera-testimonio-de-profesionalismo-policial-gobernador-alfonso-durazo\/","og_locale":"es_ES","og_type":"article","og_title":"Sonora en Equipo. La generaci\u00f3n Gamma del Isspe ser\u00e1 testimonio de profesionalismo policial: gobernador Alfonso Durazo Sonora","og_description":"HERMOSILLO, SONORA. MX.\u2014 La profesionalizaci\u00f3n de la labor policial es un pelda\u00f1o m\u00e1s en el ascenso para lograr la mejor corporaci\u00f3n estatal del pa\u00eds, En Sonora en Equipo publicamos toda la informaci\u00f3n de Sonora, M\u00e9xico y el Mundo de manera oportuna y busca que la libertad de expresi\u00f3n sea real. Visita nuestro medio informativo publicado desde Hermosillo, Sonora. %","og_url":"https:\/\/www.sonoraenequipo.com.mx\/la-generacion-gamma-del-isspe-sera-testimonio-de-profesionalismo-policial-gobernador-alfonso-durazo\/","og_site_name":"Sonora en Equipo.","article_publisher":"https:\/\/www.facebook.com\/SonoraEE\/","article_author":"https:\/\/www.facebook.com\/SonoraEE","article_published_time":"2022-12-08T23:47:36+00:00","og_image":[{"width":900,"height":514,"url":"https:\/\/www.sonoraenequipo.com.mx\/storage\/2022\/12\/generacion-Gamma-0812.jpg","type":"image\/jpeg"}],"author":"enequipo","twitter_card":"summary_large_image","twitter_creator":"@sonoraenequipo","twitter_site":"@sonoraenequipo","twitter_misc":{"Escrito por":"enequipo","Tiempo de lectura":"3 minutos"},"schema":{"@context":"https:\/\/schema.org","@graph":[{"@type":"Article","@id":"https:\/\/www.sonoraenequipo.com.mx\/la-generacion-gamma-del-isspe-sera-testimonio-de-profesionalismo-policial-gobernador-alfonso-durazo\/#article","isPartOf":{"@id":"https:\/\/www.sonoraenequipo.com.mx\/la-generacion-gamma-del-isspe-sera-testimonio-de-profesionalismo-policial-gobernador-alfonso-durazo\/"},"author":{"name":"enequipo","@id":"https:\/\/www.sonoraenequipo.com.mx\/#\/schema\/person\/50102df0fb23a8fa9e8effad8fa81386"},"headline":"La generaci\u00f3n Gamma del Isspe ser\u00e1 testimonio de profesionalismo policial: gobernador Alfonso Durazo","datePublished":"2022-12-08T23:47:36+00:00","mainEntityOfPage":{"@id":"https:\/\/www.sonoraenequipo.com.mx\/la-generacion-gamma-del-isspe-sera-testimonio-de-profesionalismo-policial-gobernador-alfonso-durazo\/"},"wordCount":527,"commentCount":0,"publisher":{"@id":"https:\/\/www.sonoraenequipo.com.mx\/#organization"},"image":{"@id":"https:\/\/www.sonoraenequipo.com.mx\/la-generacion-gamma-del-isspe-sera-testimonio-de-profesionalismo-policial-gobernador-alfonso-durazo\/#primaryimage"},"thumbnailUrl":"https:\/\/www.sonoraenequipo.com.mx\/storage\/2022\/12\/generacion-Gamma-0812.jpg","articleSection":["Sonora"],"inLanguage":"es","potentialAction":[{"@type":"CommentAction","name":"Comment","target":["https:\/\/www.sonoraenequipo.com.mx\/la-generacion-gamma-del-isspe-sera-testimonio-de-profesionalismo-policial-gobernador-alfonso-durazo\/#respond"]}]},{"@type":"WebPage","@id":"https:\/\/www.sonoraenequipo.com.mx\/la-generacion-gamma-del-isspe-sera-testimonio-de-profesionalismo-policial-gobernador-alfonso-durazo\/","url":"https:\/\/www.sonoraenequipo.com.mx\/la-generacion-gamma-del-isspe-sera-testimonio-de-profesionalismo-policial-gobernador-alfonso-durazo\/","name":"Sonora en Equipo. La generaci\u00f3n Gamma del Isspe ser\u00e1 testimonio de profesionalismo policial: gobernador Alfonso Durazo Sonora","isPartOf":{"@id":"https:\/\/www.sonoraenequipo.com.mx\/#website"},"primaryImageOfPage":{"@id":"https:\/\/www.sonoraenequipo.com.mx\/la-generacion-gamma-del-isspe-sera-testimonio-de-profesionalismo-policial-gobernador-alfonso-durazo\/#primaryimage"},"image":{"@id":"https:\/\/www.sonoraenequipo.com.mx\/la-generacion-gamma-del-isspe-sera-testimonio-de-profesionalismo-policial-gobernador-alfonso-durazo\/#primaryimage"},"thumbnailUrl":"https:\/\/www.sonoraenequipo.com.mx\/storage\/2022\/12\/generacion-Gamma-0812.jpg","datePublished":"2022-12-08T23:47:36+00:00","description":"HERMOSILLO, SONORA. MX.\u2014 La profesionalizaci\u00f3n de la labor policial es un pelda\u00f1o m\u00e1s en el ascenso para lograr la mejor corporaci\u00f3n estatal del pa\u00eds, En Sonora en Equipo publicamos toda la informaci\u00f3n de Sonora, M\u00e9xico y el Mundo de manera oportuna y busca que la libertad de expresi\u00f3n sea real. Visita nuestro medio informativo publicado desde Hermosillo, Sonora. %","breadcrumb":{"@id":"https:\/\/www.sonoraenequipo.com.mx\/la-generacion-gamma-del-isspe-sera-testimonio-de-profesionalismo-policial-gobernador-alfonso-durazo\/#breadcrumb"},"inLanguage":"es","potentialAction":[{"@type":"ReadAction","target":["https:\/\/www.sonoraenequipo.com.mx\/la-generacion-gamma-del-isspe-sera-testimonio-de-profesionalismo-policial-gobernador-alfonso-durazo\/"]}]},{"@type":"ImageObject","inLanguage":"es","@id":"https:\/\/www.sonoraenequipo.com.mx\/la-generacion-gamma-del-isspe-sera-testimonio-de-profesionalismo-policial-gobernador-alfonso-durazo\/#primaryimage","url":"https:\/\/www.sonoraenequipo.com.mx\/storage\/2022\/12\/generacion-Gamma-0812.jpg","contentUrl":"https:\/\/www.sonoraenequipo.com.mx\/storage\/2022\/12\/generacion-Gamma-0812.jpg","width":900,"height":514},{"@type":"BreadcrumbList","@id":"https:\/\/www.sonoraenequipo.com.mx\/la-generacion-gamma-del-isspe-sera-testimonio-de-profesionalismo-policial-gobernador-alfonso-durazo\/#breadcrumb","itemListElement":[{"@type":"ListItem","position":1,"name":"Portada","item":"https:\/\/www.sonoraenequipo.com.mx\/"},{"@type":"ListItem","position":2,"name":"La generaci\u00f3n Gamma del Isspe ser\u00e1 testimonio de profesionalismo policial: gobernador Alfonso Durazo"}]},{"@type":"WebSite","@id":"https:\/\/www.sonoraenequipo.com.mx\/#website","url":"https:\/\/www.sonoraenequipo.com.mx\/","name":"Sonora en Equipo.","description":"Diario en l\u00ednea con Noticias desde Hermosillo, Sonora","publisher":{"@id":"https:\/\/www.sonoraenequipo.com.mx\/#organization"},"potentialAction":[{"@type":"SearchAction","target":{"@type":"EntryPoint","urlTemplate":"https:\/\/www.sonoraenequipo.com.mx\/?s={search_term_string}"},"query-input":{"@type":"PropertyValueSpecification","valueRequired":true,"valueName":"search_term_string"}}],"inLanguage":"es"},{"@type":"Organization","@id":"https:\/\/www.sonoraenequipo.com.mx\/#organization","name":"Sonoraenequipo.com.mx","url":"https:\/\/www.sonoraenequipo.com.mx\/","logo":{"@type":"ImageObject","inLanguage":"es","@id":"https:\/\/www.sonoraenequipo.com.mx\/#\/schema\/logo\/image\/","url":"https:\/\/www.sonoraenequipo.com.mx\/storage\/2019\/01\/sonoraenequipo_opt.png","contentUrl":"https:\/\/www.sonoraenequipo.com.mx\/storage\/2019\/01\/sonoraenequipo_opt.png","width":375,"height":125,"caption":"Sonoraenequipo.com.mx"},"image":{"@id":"https:\/\/www.sonoraenequipo.com.mx\/#\/schema\/logo\/image\/"},"sameAs":["https:\/\/www.facebook.com\/SonoraEE\/","https:\/\/x.com\/sonoraenequipo","https:\/\/www.youtube.com\/channel\/UC338nW-lPEYmJQs4ZABQ1SQ"]},{"@type":"Person","@id":"https:\/\/www.sonoraenequipo.com.mx\/#\/schema\/person\/50102df0fb23a8fa9e8effad8fa81386","name":"enequipo","image":{"@type":"ImageObject","inLanguage":"es","@id":"https:\/\/www.sonoraenequipo.com.mx\/#\/schema\/person\/image\/","url":"https:\/\/secure.gravatar.com\/avatar\/049821681b589dabc0bc20695993ccebb09f5b5d4d790cd9251b97faac7c652b?s=96&d=blank&r=g","contentUrl":"https:\/\/secure.gravatar.com\/avatar\/049821681b589dabc0bc20695993ccebb09f5b5d4d790cd9251b97faac7c652b?s=96&d=blank&r=g","caption":"enequipo"},"sameAs":["https:\/\/www.facebook.com\/SonoraEE"]}]}},"jetpack_featured_media_url":"https:\/\/www.sonoraenequipo.com.mx\/storage\/2022\/12\/generacion-Gamma-0812.jpg","_links":{"self":[{"href":"https:\/\/www.sonoraenequipo.com.mx\/api\/wp\/v2\/posts\/153999","targetHints":{"allow":["GET"]}}],"collection":[{"href":"https:\/\/www.sonoraenequipo.com.mx\/api\/wp\/v2\/posts"}],"about":[{"href":"https:\/\/www.sonoraenequipo.com.mx\/api\/wp\/v2\/types\/post"}],"author":[{"embeddable":true,"href":"https:\/\/www.sonoraenequipo.com.mx\/api\/wp\/v2\/users\/1"}],"replies":[{"embeddable":true,"href":"https:\/\/www.sonoraenequipo.com.mx\/api\/wp\/v2\/comments?post=153999"}],"version-history":[{"count":1,"href":"https:\/\/www.sonoraenequipo.com.mx\/api\/wp\/v2\/posts\/153999\/revisions"}],"predecessor-version":[{"id":154000,"href":"https:\/\/www.sonoraenequipo.com.mx\/api\/wp\/v2\/posts\/153999\/revisions\/154000"}],"wp:featuredmedia":[{"embeddable":true,"href":"https:\/\/www.sonoraenequipo.com.mx\/api\/wp\/v2\/media\/153983"}],"wp:attachment":[{"href":"https:\/\/www.sonoraenequipo.com.mx\/api\/wp\/v2\/media?parent=153999"}],"wp:term":[{"taxonomy":"category","embeddable":true,"href":"https:\/\/www.sonoraenequipo.com.mx\/api\/wp\/v2\/categories?post=153999"},{"taxonomy":"post_tag","embeddable":true,"href":"https:\/\/www.sonoraenequipo.com.mx\/api\/wp\/v2\/tags?post=153999"}],"curies":[{"name":"wp","href":"https:\/\/api.w.org\/{rel}","templated":true}]}}