{"id":154013,"date":"2022-12-08T20:52:40","date_gmt":"2022-12-09T03:52:40","guid":{"rendered":"https:\/\/www.sonoraenequipo.com.mx\/?p=154013"},"modified":"2022-12-09T11:49:50","modified_gmt":"2022-12-09T18:49:50","slug":"capacitan-a-personal-juridico-del-ayuntamiento-de-cajeme-en-igualdad-de-genero-y-erradicacion-de-la-violencia","status":"publish","type":"post","link":"https:\/\/www.sonoraenequipo.com.mx\/capacitan-a-personal-juridico-del-ayuntamiento-de-cajeme-en-igualdad-de-genero-y-erradicacion-de-la-violencia\/","title":{"rendered":"Capacitan a personal jur\u00eddico del ayuntamiento de Cajeme en igualdad de g\u00e9nero y erradicaci\u00f3n de la violencia"},"content":{"rendered":"<p>&nbsp;<\/p>\n<p><strong>CAJEME, SONORA,MX.<\/strong><strong>\u2500\u2500<\/strong> Como parte de las actividades que realiza el Ayuntamiento de Cajeme a trav\u00e9s del Instituto Cajemense de la Mujer para el cumplimiento de los resolutivos emitidos en la Declaratoria de Alerta de G\u00e9nero en el municipio, se llev\u00f3 a cabo un taller de impartici\u00f3n de justicia con un enfoque de derechos humanos y una perspectiva de igualdad de g\u00e9nero, impartido por la expositora Sandra Araceli Vivanco Morales, titular de la Defensor\u00eda P\u00fablica de Participaci\u00f3n Ciudadana y de Procesos Democr\u00e1ticos.<\/p>\n<p>&nbsp;<\/p>\n<p>En su mensaje de apertura, el Presidente Municipal Javier Lamarque Cano, destac\u00f3 la importancia de la participaci\u00f3n en los procesos que construyen la igualdad de g\u00e9nero y la erradicaci\u00f3n de la violencia hacia las mujeres en el municipio, as\u00ed como el entender, promover y practicar la perspectiva de g\u00e9nero.<\/p>\n<p>&nbsp;<\/p>\n<p>Mencion\u00f3 que el Instituto de la Mujer, a trav\u00e9s de su titular Dulce Aniela Valenzuela Almeida, los regidores integrantes de la Comisi\u00f3n de Atenci\u00f3n a la Mujer y la Secretar\u00eda del Ayuntamiento decidieron impulsar este taller sobre la base de cinco l\u00edneas que permiten participar de manera m\u00e1s activa en contra de la violencia hacia las mujeres.<\/p>\n<p>&nbsp;<\/p>\n<p>Una de las l\u00edneas es la implementaci\u00f3n de un sistema municipal para el registro de violencia, identificaci\u00f3n, prevenci\u00f3n y seguimiento de esos eventos para poder atender dicha problem\u00e1tica, adem\u00e1s de la difusi\u00f3n a trav\u00e9s de materiales, pl\u00e1ticas y visitas domiciliarias para identificar y erradicar la violencia hacia la mujer.<\/p>\n<p>&nbsp;<\/p>\n<p>\u201cTambi\u00e9n, y es parte de lo que se est\u00e1 haciendo hoy, otra l\u00ednea de acci\u00f3n acordada fue la capacitaci\u00f3n del personal, principalmente jur\u00eddico del Ayuntamiento y la impartici\u00f3n de justicia civil social y de g\u00e9nero, por eso es tan importante este taller, para entender y conocer la problem\u00e1tica pero tambi\u00e9n adquirir elementos y herramientas que nos permitan cambiarla\u201d, agreg\u00f3 el Alcalde.<\/p>\n<p>&nbsp;<\/p>\n<p>Inform\u00f3 que otra l\u00ednea de acci\u00f3n es la de formar int\u00e9rpretes que puedan atender a las etnias que viven en el municipio, que conozcan la perspectiva de g\u00e9nero y la practiquen; adem\u00e1s de la atenci\u00f3n que se brinda a trav\u00e9s de la Secretar\u00eda de Seguridad P\u00fablica.<\/p>\n<p>&nbsp;<\/p>\n<p>Estuvieron presentes la Presidenta del Voluntariado de DIF Cajeme, Patricia Pati\u00f1o Fierro; la directora del Instituto Cajemense de la Mujer, Dulce Aniela Valenzuela Almeida y el Oficial Mayor, Jorge Ponce Salazar.<\/p>\n<p><strong><em><u>Fecha de publicaci\u00f3n\u00a0 jueves 8 de diciembre de 2022<\/u><\/em><\/strong><\/p>\n","protected":false},"excerpt":{"rendered":"<p>&nbsp; CAJEME, SONORA,MX.\u2500\u2500 Como parte de las actividades que realiza el Ayuntamiento de Cajeme a&#8230;<\/p>\n","protected":false},"author":1,"featured_media":154018,"comment_status":"open","ping_status":"open","sticky":false,"template":"","format":"standard","meta":{"_monsterinsights_skip_tracking":false,"_monsterinsights_sitenote_active":false,"_monsterinsights_sitenote_note":"","_monsterinsights_sitenote_category":0,"footnotes":""},"categories":[4],"tags":[6947],"class_list":["post"],"yoast_head":" \n<title>Sonora en Equipo. Capacitan a personal jur\u00eddico del ayuntamiento de Cajeme en igualdad de g\u00e9nero y erradicaci\u00f3n de la violencia Municipios<\/title>\n<meta name=\"description\" content=\"&nbsp; CAJEME, SONORA,MX.\u2500\u2500 Como parte de las actividades que realiza el Ayuntamiento de Cajeme a trav\u00e9s del Instituto Cajemense de la Mujer para el En Sonora en Equipo publicamos toda la informaci\u00f3n de Sonora, M\u00e9xico y el Mundo de manera oportuna y busca que la libertad de expresi\u00f3n sea real. Visita nuestro medio informativo publicado desde Hermosillo, Sonora. %\" \/>\n<meta name=\"robots\" content=\"index, follow, max-snippet:-1, max-image-preview:large, max-video-preview:-1\" \/>\n<link rel=\"canonical\" href=\"https:\/\/www.sonoraenequipo.com.mx\/capacitan-a-personal-juridico-del-ayuntamiento-de-cajeme-en-igualdad-de-genero-y-erradicacion-de-la-violencia\/\" \/>\n<meta property=\"og:locale\" content=\"es_ES\" \/>\n<meta property=\"og:type\" content=\"article\" \/>\n<meta property=\"og:title\" content=\"Sonora en Equipo. Capacitan a personal jur\u00eddico del ayuntamiento de Cajeme en igualdad de g\u00e9nero y erradicaci\u00f3n de la violencia Municipios\" \/>\n<meta property=\"og:description\" content=\"&nbsp; CAJEME, SONORA,MX.\u2500\u2500 Como parte de las actividades que realiza el Ayuntamiento de Cajeme a trav\u00e9s del Instituto Cajemense de la Mujer para el En Sonora en Equipo publicamos toda la informaci\u00f3n de Sonora, M\u00e9xico y el Mundo de manera oportuna y busca que la libertad de expresi\u00f3n sea real. Visita nuestro medio informativo publicado desde Hermosillo, Sonora. %\" \/>\n<meta property=\"og:url\" content=\"https:\/\/www.sonoraenequipo.com.mx\/capacitan-a-personal-juridico-del-ayuntamiento-de-cajeme-en-igualdad-de-genero-y-erradicacion-de-la-violencia\/\" \/>\n<meta property=\"og:site_name\" content=\"Sonora en Equipo.\" \/>\n<meta property=\"article:publisher\" content=\"https:\/\/www.facebook.com\/SonoraEE\/\" \/>\n<meta property=\"article:author\" content=\"https:\/\/www.facebook.com\/SonoraEE\" \/>\n<meta property=\"article:published_time\" content=\"2022-12-09T03:52:40+00:00\" \/>\n<meta property=\"article:modified_time\" content=\"2022-12-09T18:49:50+00:00\" \/>\n<meta property=\"og:image\" content=\"https:\/\/www.sonoraenequipo.com.mx\/storage\/2022\/12\/capacitacion.jpg\" \/>\n\t<meta property=\"og:image:width\" content=\"600\" \/>\n\t<meta property=\"og:image:height\" content=\"400\" \/>\n\t<meta property=\"og:image:type\" content=\"image\/jpeg\" \/>\n<meta name=\"author\" content=\"enequipo\" \/>\n<meta name=\"twitter:card\" content=\"summary_large_image\" \/>\n<meta name=\"twitter:creator\" content=\"@sonoraenequipo\" \/>\n<meta name=\"twitter:site\" content=\"@sonoraenequipo\" \/>\n<meta name=\"twitter:label1\" content=\"Escrito por\" \/>\n\t<meta name=\"twitter:data1\" content=\"enequipo\" \/>\n\t<meta name=\"twitter:label2\" content=\"Tiempo de lectura\" \/>\n\t<meta name=\"twitter:data2\" content=\"2 minutos\" \/>\n<script type=\"application\/ld+json\" class=\"yoast-schema-graph\">{\"@context\":\"https:\/\/schema.org\",\"@graph\":[{\"@type\":\"Article\",\"@id\":\"https:\/\/www.sonoraenequipo.com.mx\/capacitan-a-personal-juridico-del-ayuntamiento-de-cajeme-en-igualdad-de-genero-y-erradicacion-de-la-violencia\/#article\",\"isPartOf\":{\"@id\":\"https:\/\/www.sonoraenequipo.com.mx\/capacitan-a-personal-juridico-del-ayuntamiento-de-cajeme-en-igualdad-de-genero-y-erradicacion-de-la-violencia\/\"},\"author\":{\"name\":\"enequipo\",\"@id\":\"https:\/\/www.sonoraenequipo.com.mx\/#\/schema\/person\/50102df0fb23a8fa9e8effad8fa81386\"},\"headline\":\"Capacitan a personal jur\u00eddico del ayuntamiento de Cajeme en igualdad de g\u00e9nero y erradicaci\u00f3n de la violencia\",\"datePublished\":\"2022-12-09T03:52:40+00:00\",\"dateModified\":\"2022-12-09T18:49:50+00:00\",\"mainEntityOfPage\":{\"@id\":\"https:\/\/www.sonoraenequipo.com.mx\/capacitan-a-personal-juridico-del-ayuntamiento-de-cajeme-en-igualdad-de-genero-y-erradicacion-de-la-violencia\/\"},\"wordCount\":456,\"commentCount\":0,\"publisher\":{\"@id\":\"https:\/\/www.sonoraenequipo.com.mx\/#organization\"},\"image\":{\"@id\":\"https:\/\/www.sonoraenequipo.com.mx\/capacitan-a-personal-juridico-del-ayuntamiento-de-cajeme-en-igualdad-de-genero-y-erradicacion-de-la-violencia\/#primaryimage\"},\"thumbnailUrl\":\"https:\/\/www.sonoraenequipo.com.mx\/storage\/2022\/12\/capacitacion.jpg\",\"keywords\":[\"violencia genero\"],\"articleSection\":[\"Municipios\"],\"inLanguage\":\"es\",\"potentialAction\":[{\"@type\":\"CommentAction\",\"name\":\"Comment\",\"target\":[\"https:\/\/www.sonoraenequipo.com.mx\/capacitan-a-personal-juridico-del-ayuntamiento-de-cajeme-en-igualdad-de-genero-y-erradicacion-de-la-violencia\/#respond\"]}]},{\"@type\":\"WebPage\",\"@id\":\"https:\/\/www.sonoraenequipo.com.mx\/capacitan-a-personal-juridico-del-ayuntamiento-de-cajeme-en-igualdad-de-genero-y-erradicacion-de-la-violencia\/\",\"url\":\"https:\/\/www.sonoraenequipo.com.mx\/capacitan-a-personal-juridico-del-ayuntamiento-de-cajeme-en-igualdad-de-genero-y-erradicacion-de-la-violencia\/\",\"name\":\"Sonora en Equipo. Capacitan a personal jur\u00eddico del ayuntamiento de Cajeme en igualdad de g\u00e9nero y erradicaci\u00f3n de la violencia Municipios\",\"isPartOf\":{\"@id\":\"https:\/\/www.sonoraenequipo.com.mx\/#website\"},\"primaryImageOfPage\":{\"@id\":\"https:\/\/www.sonoraenequipo.com.mx\/capacitan-a-personal-juridico-del-ayuntamiento-de-cajeme-en-igualdad-de-genero-y-erradicacion-de-la-violencia\/#primaryimage\"},\"image\":{\"@id\":\"https:\/\/www.sonoraenequipo.com.mx\/capacitan-a-personal-juridico-del-ayuntamiento-de-cajeme-en-igualdad-de-genero-y-erradicacion-de-la-violencia\/#primaryimage\"},\"thumbnailUrl\":\"https:\/\/www.sonoraenequipo.com.mx\/storage\/2022\/12\/capacitacion.jpg\",\"datePublished\":\"2022-12-09T03:52:40+00:00\",\"dateModified\":\"2022-12-09T18:49:50+00:00\",\"description\":\"&nbsp; CAJEME, SONORA,MX.\u2500\u2500 Como parte de las actividades que realiza el Ayuntamiento de Cajeme a trav\u00e9s del Instituto Cajemense de la Mujer para el En Sonora en Equipo publicamos toda la informaci\u00f3n de Sonora, M\u00e9xico y el Mundo de manera oportuna y busca que la libertad de expresi\u00f3n sea real. Visita nuestro medio informativo publicado desde Hermosillo, Sonora. %\",\"breadcrumb\":{\"@id\":\"https:\/\/www.sonoraenequipo.com.mx\/capacitan-a-personal-juridico-del-ayuntamiento-de-cajeme-en-igualdad-de-genero-y-erradicacion-de-la-violencia\/#breadcrumb\"},\"inLanguage\":\"es\",\"potentialAction\":[{\"@type\":\"ReadAction\",\"target\":[\"https:\/\/www.sonoraenequipo.com.mx\/capacitan-a-personal-juridico-del-ayuntamiento-de-cajeme-en-igualdad-de-genero-y-erradicacion-de-la-violencia\/\"]}]},{\"@type\":\"ImageObject\",\"inLanguage\":\"es\",\"@id\":\"https:\/\/www.sonoraenequipo.com.mx\/capacitan-a-personal-juridico-del-ayuntamiento-de-cajeme-en-igualdad-de-genero-y-erradicacion-de-la-violencia\/#primaryimage\",\"url\":\"https:\/\/www.sonoraenequipo.com.mx\/storage\/2022\/12\/capacitacion.jpg\",\"contentUrl\":\"https:\/\/www.sonoraenequipo.com.mx\/storage\/2022\/12\/capacitacion.jpg\",\"width\":600,\"height\":400},{\"@type\":\"BreadcrumbList\",\"@id\":\"https:\/\/www.sonoraenequipo.com.mx\/capacitan-a-personal-juridico-del-ayuntamiento-de-cajeme-en-igualdad-de-genero-y-erradicacion-de-la-violencia\/#breadcrumb\",\"itemListElement\":[{\"@type\":\"ListItem\",\"position\":1,\"name\":\"Portada\",\"item\":\"https:\/\/www.sonoraenequipo.com.mx\/\"},{\"@type\":\"ListItem\",\"position\":2,\"name\":\"Capacitan a personal jur\u00eddico del ayuntamiento de Cajeme en igualdad de g\u00e9nero y erradicaci\u00f3n de la violencia\"}]},{\"@type\":\"WebSite\",\"@id\":\"https:\/\/www.sonoraenequipo.com.mx\/#website\",\"url\":\"https:\/\/www.sonoraenequipo.com.mx\/\",\"name\":\"Sonora en Equipo.\",\"description\":\"Diario en l\u00ednea con Noticias desde Hermosillo, Sonora\",\"publisher\":{\"@id\":\"https:\/\/www.sonoraenequipo.com.mx\/#organization\"},\"potentialAction\":[{\"@type\":\"SearchAction\",\"target\":{\"@type\":\"EntryPoint\",\"urlTemplate\":\"https:\/\/www.sonoraenequipo.com.mx\/?s={search_term_string}\"},\"query-input\":{\"@type\":\"PropertyValueSpecification\",\"valueRequired\":true,\"valueName\":\"search_term_string\"}}],\"inLanguage\":\"es\"},{\"@type\":\"Organization\",\"@id\":\"https:\/\/www.sonoraenequipo.com.mx\/#organization\",\"name\":\"Sonoraenequipo.com.mx\",\"url\":\"https:\/\/www.sonoraenequipo.com.mx\/\",\"logo\":{\"@type\":\"ImageObject\",\"inLanguage\":\"es\",\"@id\":\"https:\/\/www.sonoraenequipo.com.mx\/#\/schema\/logo\/image\/\",\"url\":\"https:\/\/www.sonoraenequipo.com.mx\/storage\/2019\/01\/sonoraenequipo_opt.png\",\"contentUrl\":\"https:\/\/www.sonoraenequipo.com.mx\/storage\/2019\/01\/sonoraenequipo_opt.png\",\"width\":375,\"height\":125,\"caption\":\"Sonoraenequipo.com.mx\"},\"image\":{\"@id\":\"https:\/\/www.sonoraenequipo.com.mx\/#\/schema\/logo\/image\/\"},\"sameAs\":[\"https:\/\/www.facebook.com\/SonoraEE\/\",\"https:\/\/x.com\/sonoraenequipo\",\"https:\/\/www.youtube.com\/channel\/UC338nW-lPEYmJQs4ZABQ1SQ\"]},{\"@type\":\"Person\",\"@id\":\"https:\/\/www.sonoraenequipo.com.mx\/#\/schema\/person\/50102df0fb23a8fa9e8effad8fa81386\",\"name\":\"enequipo\",\"image\":{\"@type\":\"ImageObject\",\"inLanguage\":\"es\",\"@id\":\"https:\/\/www.sonoraenequipo.com.mx\/#\/schema\/person\/image\/\",\"url\":\"https:\/\/secure.gravatar.com\/avatar\/049821681b589dabc0bc20695993ccebb09f5b5d4d790cd9251b97faac7c652b?s=96&d=blank&r=g\",\"contentUrl\":\"https:\/\/secure.gravatar.com\/avatar\/049821681b589dabc0bc20695993ccebb09f5b5d4d790cd9251b97faac7c652b?s=96&d=blank&r=g\",\"caption\":\"enequipo\"},\"sameAs\":[\"https:\/\/www.facebook.com\/SonoraEE\"]}]}<\/script>\n ","yoast_head_json":{"title":"Sonora en Equipo. Capacitan a personal jur\u00eddico del ayuntamiento de Cajeme en igualdad de g\u00e9nero y erradicaci\u00f3n de la violencia Municipios","description":"&nbsp; CAJEME, SONORA,MX.\u2500\u2500 Como parte de las actividades que realiza el Ayuntamiento de Cajeme a trav\u00e9s del Instituto Cajemense de la Mujer para el En Sonora en Equipo publicamos toda la informaci\u00f3n de Sonora, M\u00e9xico y el Mundo de manera oportuna y busca que la libertad de expresi\u00f3n sea real. Visita nuestro medio informativo publicado desde Hermosillo, Sonora. %","robots":{"index":"index","follow":"follow","max-snippet":"max-snippet:-1","max-image-preview":"max-image-preview:large","max-video-preview":"max-video-preview:-1"},"canonical":"https:\/\/www.sonoraenequipo.com.mx\/capacitan-a-personal-juridico-del-ayuntamiento-de-cajeme-en-igualdad-de-genero-y-erradicacion-de-la-violencia\/","og_locale":"es_ES","og_type":"article","og_title":"Sonora en Equipo. Capacitan a personal jur\u00eddico del ayuntamiento de Cajeme en igualdad de g\u00e9nero y erradicaci\u00f3n de la violencia Municipios","og_description":"&nbsp; CAJEME, SONORA,MX.\u2500\u2500 Como parte de las actividades que realiza el Ayuntamiento de Cajeme a trav\u00e9s del Instituto Cajemense de la Mujer para el En Sonora en Equipo publicamos toda la informaci\u00f3n de Sonora, M\u00e9xico y el Mundo de manera oportuna y busca que la libertad de expresi\u00f3n sea real. Visita nuestro medio informativo publicado desde Hermosillo, Sonora. %","og_url":"https:\/\/www.sonoraenequipo.com.mx\/capacitan-a-personal-juridico-del-ayuntamiento-de-cajeme-en-igualdad-de-genero-y-erradicacion-de-la-violencia\/","og_site_name":"Sonora en Equipo.","article_publisher":"https:\/\/www.facebook.com\/SonoraEE\/","article_author":"https:\/\/www.facebook.com\/SonoraEE","article_published_time":"2022-12-09T03:52:40+00:00","article_modified_time":"2022-12-09T18:49:50+00:00","og_image":[{"width":600,"height":400,"url":"https:\/\/www.sonoraenequipo.com.mx\/storage\/2022\/12\/capacitacion.jpg","type":"image\/jpeg"}],"author":"enequipo","twitter_card":"summary_large_image","twitter_creator":"@sonoraenequipo","twitter_site":"@sonoraenequipo","twitter_misc":{"Escrito por":"enequipo","Tiempo de lectura":"2 minutos"},"schema":{"@context":"https:\/\/schema.org","@graph":[{"@type":"Article","@id":"https:\/\/www.sonoraenequipo.com.mx\/capacitan-a-personal-juridico-del-ayuntamiento-de-cajeme-en-igualdad-de-genero-y-erradicacion-de-la-violencia\/#article","isPartOf":{"@id":"https:\/\/www.sonoraenequipo.com.mx\/capacitan-a-personal-juridico-del-ayuntamiento-de-cajeme-en-igualdad-de-genero-y-erradicacion-de-la-violencia\/"},"author":{"name":"enequipo","@id":"https:\/\/www.sonoraenequipo.com.mx\/#\/schema\/person\/50102df0fb23a8fa9e8effad8fa81386"},"headline":"Capacitan a personal jur\u00eddico del ayuntamiento de Cajeme en igualdad de g\u00e9nero y erradicaci\u00f3n de la violencia","datePublished":"2022-12-09T03:52:40+00:00","dateModified":"2022-12-09T18:49:50+00:00","mainEntityOfPage":{"@id":"https:\/\/www.sonoraenequipo.com.mx\/capacitan-a-personal-juridico-del-ayuntamiento-de-cajeme-en-igualdad-de-genero-y-erradicacion-de-la-violencia\/"},"wordCount":456,"commentCount":0,"publisher":{"@id":"https:\/\/www.sonoraenequipo.com.mx\/#organization"},"image":{"@id":"https:\/\/www.sonoraenequipo.com.mx\/capacitan-a-personal-juridico-del-ayuntamiento-de-cajeme-en-igualdad-de-genero-y-erradicacion-de-la-violencia\/#primaryimage"},"thumbnailUrl":"https:\/\/www.sonoraenequipo.com.mx\/storage\/2022\/12\/capacitacion.jpg","keywords":["violencia genero"],"articleSection":["Municipios"],"inLanguage":"es","potentialAction":[{"@type":"CommentAction","name":"Comment","target":["https:\/\/www.sonoraenequipo.com.mx\/capacitan-a-personal-juridico-del-ayuntamiento-de-cajeme-en-igualdad-de-genero-y-erradicacion-de-la-violencia\/#respond"]}]},{"@type":"WebPage","@id":"https:\/\/www.sonoraenequipo.com.mx\/capacitan-a-personal-juridico-del-ayuntamiento-de-cajeme-en-igualdad-de-genero-y-erradicacion-de-la-violencia\/","url":"https:\/\/www.sonoraenequipo.com.mx\/capacitan-a-personal-juridico-del-ayuntamiento-de-cajeme-en-igualdad-de-genero-y-erradicacion-de-la-violencia\/","name":"Sonora en Equipo. Capacitan a personal jur\u00eddico del ayuntamiento de Cajeme en igualdad de g\u00e9nero y erradicaci\u00f3n de la violencia Municipios","isPartOf":{"@id":"https:\/\/www.sonoraenequipo.com.mx\/#website"},"primaryImageOfPage":{"@id":"https:\/\/www.sonoraenequipo.com.mx\/capacitan-a-personal-juridico-del-ayuntamiento-de-cajeme-en-igualdad-de-genero-y-erradicacion-de-la-violencia\/#primaryimage"},"image":{"@id":"https:\/\/www.sonoraenequipo.com.mx\/capacitan-a-personal-juridico-del-ayuntamiento-de-cajeme-en-igualdad-de-genero-y-erradicacion-de-la-violencia\/#primaryimage"},"thumbnailUrl":"https:\/\/www.sonoraenequipo.com.mx\/storage\/2022\/12\/capacitacion.jpg","datePublished":"2022-12-09T03:52:40+00:00","dateModified":"2022-12-09T18:49:50+00:00","description":"&nbsp; CAJEME, SONORA,MX.\u2500\u2500 Como parte de las actividades que realiza el Ayuntamiento de Cajeme a trav\u00e9s del Instituto Cajemense de la Mujer para el En Sonora en Equipo publicamos toda la informaci\u00f3n de Sonora, M\u00e9xico y el Mundo de manera oportuna y busca que la libertad de expresi\u00f3n sea real. Visita nuestro medio informativo publicado desde Hermosillo, Sonora. %","breadcrumb":{"@id":"https:\/\/www.sonoraenequipo.com.mx\/capacitan-a-personal-juridico-del-ayuntamiento-de-cajeme-en-igualdad-de-genero-y-erradicacion-de-la-violencia\/#breadcrumb"},"inLanguage":"es","potentialAction":[{"@type":"ReadAction","target":["https:\/\/www.sonoraenequipo.com.mx\/capacitan-a-personal-juridico-del-ayuntamiento-de-cajeme-en-igualdad-de-genero-y-erradicacion-de-la-violencia\/"]}]},{"@type":"ImageObject","inLanguage":"es","@id":"https:\/\/www.sonoraenequipo.com.mx\/capacitan-a-personal-juridico-del-ayuntamiento-de-cajeme-en-igualdad-de-genero-y-erradicacion-de-la-violencia\/#primaryimage","url":"https:\/\/www.sonoraenequipo.com.mx\/storage\/2022\/12\/capacitacion.jpg","contentUrl":"https:\/\/www.sonoraenequipo.com.mx\/storage\/2022\/12\/capacitacion.jpg","width":600,"height":400},{"@type":"BreadcrumbList","@id":"https:\/\/www.sonoraenequipo.com.mx\/capacitan-a-personal-juridico-del-ayuntamiento-de-cajeme-en-igualdad-de-genero-y-erradicacion-de-la-violencia\/#breadcrumb","itemListElement":[{"@type":"ListItem","position":1,"name":"Portada","item":"https:\/\/www.sonoraenequipo.com.mx\/"},{"@type":"ListItem","position":2,"name":"Capacitan a personal jur\u00eddico del ayuntamiento de Cajeme en igualdad de g\u00e9nero y erradicaci\u00f3n de la violencia"}]},{"@type":"WebSite","@id":"https:\/\/www.sonoraenequipo.com.mx\/#website","url":"https:\/\/www.sonoraenequipo.com.mx\/","name":"Sonora en Equipo.","description":"Diario en l\u00ednea con Noticias desde Hermosillo, Sonora","publisher":{"@id":"https:\/\/www.sonoraenequipo.com.mx\/#organization"},"potentialAction":[{"@type":"SearchAction","target":{"@type":"EntryPoint","urlTemplate":"https:\/\/www.sonoraenequipo.com.mx\/?s={search_term_string}"},"query-input":{"@type":"PropertyValueSpecification","valueRequired":true,"valueName":"search_term_string"}}],"inLanguage":"es"},{"@type":"Organization","@id":"https:\/\/www.sonoraenequipo.com.mx\/#organization","name":"Sonoraenequipo.com.mx","url":"https:\/\/www.sonoraenequipo.com.mx\/","logo":{"@type":"ImageObject","inLanguage":"es","@id":"https:\/\/www.sonoraenequipo.com.mx\/#\/schema\/logo\/image\/","url":"https:\/\/www.sonoraenequipo.com.mx\/storage\/2019\/01\/sonoraenequipo_opt.png","contentUrl":"https:\/\/www.sonoraenequipo.com.mx\/storage\/2019\/01\/sonoraenequipo_opt.png","width":375,"height":125,"caption":"Sonoraenequipo.com.mx"},"image":{"@id":"https:\/\/www.sonoraenequipo.com.mx\/#\/schema\/logo\/image\/"},"sameAs":["https:\/\/www.facebook.com\/SonoraEE\/","https:\/\/x.com\/sonoraenequipo","https:\/\/www.youtube.com\/channel\/UC338nW-lPEYmJQs4ZABQ1SQ"]},{"@type":"Person","@id":"https:\/\/www.sonoraenequipo.com.mx\/#\/schema\/person\/50102df0fb23a8fa9e8effad8fa81386","name":"enequipo","image":{"@type":"ImageObject","inLanguage":"es","@id":"https:\/\/www.sonoraenequipo.com.mx\/#\/schema\/person\/image\/","url":"https:\/\/secure.gravatar.com\/avatar\/049821681b589dabc0bc20695993ccebb09f5b5d4d790cd9251b97faac7c652b?s=96&d=blank&r=g","contentUrl":"https:\/\/secure.gravatar.com\/avatar\/049821681b589dabc0bc20695993ccebb09f5b5d4d790cd9251b97faac7c652b?s=96&d=blank&r=g","caption":"enequipo"},"sameAs":["https:\/\/www.facebook.com\/SonoraEE"]}]}},"jetpack_featured_media_url":"https:\/\/www.sonoraenequipo.com.mx\/storage\/2022\/12\/capacitacion.jpg","_links":{"self":[{"href":"https:\/\/www.sonoraenequipo.com.mx\/api\/wp\/v2\/posts\/154013","targetHints":{"allow":["GET"]}}],"collection":[{"href":"https:\/\/www.sonoraenequipo.com.mx\/api\/wp\/v2\/posts"}],"about":[{"href":"https:\/\/www.sonoraenequipo.com.mx\/api\/wp\/v2\/types\/post"}],"author":[{"embeddable":true,"href":"https:\/\/www.sonoraenequipo.com.mx\/api\/wp\/v2\/users\/1"}],"replies":[{"embeddable":true,"href":"https:\/\/www.sonoraenequipo.com.mx\/api\/wp\/v2\/comments?post=154013"}],"version-history":[{"count":1,"href":"https:\/\/www.sonoraenequipo.com.mx\/api\/wp\/v2\/posts\/154013\/revisions"}],"predecessor-version":[{"id":154019,"href":"https:\/\/www.sonoraenequipo.com.mx\/api\/wp\/v2\/posts\/154013\/revisions\/154019"}],"wp:featuredmedia":[{"embeddable":true,"href":"https:\/\/www.sonoraenequipo.com.mx\/api\/wp\/v2\/media\/154018"}],"wp:attachment":[{"href":"https:\/\/www.sonoraenequipo.com.mx\/api\/wp\/v2\/media?parent=154013"}],"wp:term":[{"taxonomy":"category","embeddable":true,"href":"https:\/\/www.sonoraenequipo.com.mx\/api\/wp\/v2\/categories?post=154013"},{"taxonomy":"post_tag","embeddable":true,"href":"https:\/\/www.sonoraenequipo.com.mx\/api\/wp\/v2\/tags?post=154013"}],"curies":[{"name":"wp","href":"https:\/\/api.w.org\/{rel}","templated":true}]}}