{"id":154024,"date":"2022-12-08T19:27:08","date_gmt":"2022-12-09T02:27:08","guid":{"rendered":"https:\/\/www.sonoraenequipo.com.mx\/?p=154024"},"modified":"2022-12-08T20:36:25","modified_gmt":"2022-12-09T03:36:25","slug":"brillan-karatecas-sonorenses-con-33-medallas-en-selectivo-hacia-el-campeonato-centroamericano-y-del-caribe","status":"publish","type":"post","link":"https:\/\/www.sonoraenequipo.com.mx\/brillan-karatecas-sonorenses-con-33-medallas-en-selectivo-hacia-el-campeonato-centroamericano-y-del-caribe\/","title":{"rendered":"Brillan karatecas sonorenses con 33 medallas en selectivo hacia el Campeonato Centroamericano y del Caribe"},"content":{"rendered":"<p>&nbsp;<\/p>\n<p><strong>HERMOSILLO, SONORA,MX.<\/strong><strong>\u2500\u2500<\/strong> Un total de 33 medallas captur\u00f3 la delegaci\u00f3n sonorense de karate que particip\u00f3 el fin de semana pasado en Oaxtepec, Morelos, dentro del Nacional Clasificatorio hacia el Campeonato Centroamericano y del Caribe (CCC) de dicha disciplina.<\/p>\n<p>&nbsp;<\/p>\n<p>De la sumatoria de preseas, 14 de ellas fueron de oro, 13 platas y 6 bronces, en donde destac\u00f3 la obtenci\u00f3n de 12 plazas para Sonora rumbo al CCC 2023, a celebrarse del 27 de febrero al 4 de marzo del a\u00f1o entrante.<\/p>\n<p>&nbsp;<\/p>\n<p>Los sonorenses participaron en dos categor\u00edas: la de Cintas Negras (en donde consiguieron siete oros, nueve platas y cuatro bronces) y la de Talentos Deportivos (siete doradas, cuatro argentas y dos de tercer puesto).<\/p>\n<p>&nbsp;<\/p>\n<p>En Cintas Negras la m\u00e1s sobresaliente result\u00f3 Yubia Quintero con un oro (Kumite Cadetes, en 54 kilogramos) y una plata (Kata), mientras que Ang\u00e9lica Leyva conquist\u00f3 una del m\u00e1ximo color (Kumite U21, en 68) adem\u00e1s de un bronce (Formas).<\/p>\n<p>&nbsp;<\/p>\n<p>Tambi\u00e9n ganaron oros en esa categor\u00eda: Isabella Ontiveros (Kata U14, femenil), Carolina Herrera (Kumite Junior, en 53), Dania Figueroa (Kumite Junior, en m\u00e1s de 66), Nikol\u00e1s Tamayo (Kumite Junior, en 68) y Jes\u00fas Garc\u00eda (Kumite, Junior 76).<\/p>\n<p>&nbsp;<\/p>\n<p>Con dos platas termin\u00f3 Santiago Vega (Kumite y Kata en Junior); S\u00e9neca Tamayo (Kata U14 femenil), Eliam Hern\u00e1ndez (Kumite U14, en 52), Julio Palma (Kumite Cadete, en 70), Esteban Bautista (Kumite Junior, en 61), Hervey Hidalgo (Kumite Junior, en 76) y Lizbeth Valencia (Kumite U21, en 50), lograron una argenta.<\/p>\n<p>&nbsp;<\/p>\n<p>A su vez, en la categor\u00eda de Talentos, Juan Miguel Figueroa atesor\u00f3 dos \u00e1ureas; en tanto que Dulce Torres, Ariel Palma y Eduardo Soto, sumaron oro y bronce, cada uno; adem\u00e1s, Alexander Ruiz y Brandon Boj\u00f3rquez cooperaron con una dorada y una de tercero (por cabeza), y Sof\u00eda Maldonado agreg\u00f3 una argenta.<\/p>\n<p><strong><em><u>Fecha de publicaci\u00f3n\u00a0 jueves 8 de diciembre de 2022<\/u><\/em><\/strong><\/p>\n<p>&nbsp;<\/p>\n","protected":false},"excerpt":{"rendered":"<p>&nbsp; HERMOSILLO, SONORA,MX.\u2500\u2500 Un total de 33 medallas captur\u00f3 la delegaci\u00f3n sonorense de karate que&#8230;<\/p>\n","protected":false},"author":1,"featured_media":154027,"comment_status":"open","ping_status":"open","sticky":false,"template":"","format":"standard","meta":{"_monsterinsights_skip_tracking":false,"_monsterinsights_sitenote_active":false,"_monsterinsights_sitenote_note":"","_monsterinsights_sitenote_category":0,"footnotes":""},"categories":[10],"tags":[7208,15],"class_list":["post"],"yoast_head":" \n<title>Sonora en Equipo. Brillan karatecas sonorenses con 33 medallas en selectivo hacia el Campeonato Centroamericano y del Caribe Deportes<\/title>\n<meta name=\"description\" content=\"&nbsp; HERMOSILLO, SONORA,MX.\u2500\u2500 Un total de 33 medallas captur\u00f3 la delegaci\u00f3n sonorense de karate que particip\u00f3 el fin de semana pasado en Oaxtepec, En Sonora en Equipo publicamos toda la informaci\u00f3n de Sonora, M\u00e9xico y el Mundo de manera oportuna y busca que la libertad de expresi\u00f3n sea real. Visita nuestro medio informativo publicado desde Hermosillo, Sonora. %\" \/>\n<meta name=\"robots\" content=\"index, follow, max-snippet:-1, max-image-preview:large, max-video-preview:-1\" \/>\n<link rel=\"canonical\" href=\"https:\/\/www.sonoraenequipo.com.mx\/brillan-karatecas-sonorenses-con-33-medallas-en-selectivo-hacia-el-campeonato-centroamericano-y-del-caribe\/\" \/>\n<meta property=\"og:locale\" content=\"es_ES\" \/>\n<meta property=\"og:type\" content=\"article\" \/>\n<meta property=\"og:title\" content=\"Sonora en Equipo. Brillan karatecas sonorenses con 33 medallas en selectivo hacia el Campeonato Centroamericano y del Caribe Deportes\" \/>\n<meta property=\"og:description\" content=\"&nbsp; HERMOSILLO, SONORA,MX.\u2500\u2500 Un total de 33 medallas captur\u00f3 la delegaci\u00f3n sonorense de karate que particip\u00f3 el fin de semana pasado en Oaxtepec, En Sonora en Equipo publicamos toda la informaci\u00f3n de Sonora, M\u00e9xico y el Mundo de manera oportuna y busca que la libertad de expresi\u00f3n sea real. Visita nuestro medio informativo publicado desde Hermosillo, Sonora. %\" \/>\n<meta property=\"og:url\" content=\"https:\/\/www.sonoraenequipo.com.mx\/brillan-karatecas-sonorenses-con-33-medallas-en-selectivo-hacia-el-campeonato-centroamericano-y-del-caribe\/\" \/>\n<meta property=\"og:site_name\" content=\"Sonora en Equipo.\" \/>\n<meta property=\"article:publisher\" content=\"https:\/\/www.facebook.com\/SonoraEE\/\" \/>\n<meta property=\"article:author\" content=\"https:\/\/www.facebook.com\/SonoraEE\" \/>\n<meta property=\"article:published_time\" content=\"2022-12-09T02:27:08+00:00\" \/>\n<meta property=\"article:modified_time\" content=\"2022-12-09T03:36:25+00:00\" \/>\n<meta property=\"og:image\" content=\"https:\/\/www.sonoraenequipo.com.mx\/storage\/2022\/12\/karate.jpg\" \/>\n\t<meta property=\"og:image:width\" content=\"600\" \/>\n\t<meta property=\"og:image:height\" content=\"400\" \/>\n\t<meta property=\"og:image:type\" content=\"image\/jpeg\" \/>\n<meta name=\"author\" content=\"enequipo\" \/>\n<meta name=\"twitter:card\" content=\"summary_large_image\" \/>\n<meta name=\"twitter:creator\" content=\"@sonoraenequipo\" \/>\n<meta name=\"twitter:site\" content=\"@sonoraenequipo\" \/>\n<meta name=\"twitter:label1\" content=\"Escrito por\" \/>\n\t<meta name=\"twitter:data1\" content=\"enequipo\" \/>\n\t<meta name=\"twitter:label2\" content=\"Tiempo de lectura\" \/>\n\t<meta name=\"twitter:data2\" content=\"2 minutos\" \/>\n<script type=\"application\/ld+json\" class=\"yoast-schema-graph\">{\"@context\":\"https:\/\/schema.org\",\"@graph\":[{\"@type\":\"Article\",\"@id\":\"https:\/\/www.sonoraenequipo.com.mx\/brillan-karatecas-sonorenses-con-33-medallas-en-selectivo-hacia-el-campeonato-centroamericano-y-del-caribe\/#article\",\"isPartOf\":{\"@id\":\"https:\/\/www.sonoraenequipo.com.mx\/brillan-karatecas-sonorenses-con-33-medallas-en-selectivo-hacia-el-campeonato-centroamericano-y-del-caribe\/\"},\"author\":{\"name\":\"enequipo\",\"@id\":\"https:\/\/www.sonoraenequipo.com.mx\/#\/schema\/person\/50102df0fb23a8fa9e8effad8fa81386\"},\"headline\":\"Brillan karatecas sonorenses con 33 medallas en selectivo hacia el Campeonato Centroamericano y del Caribe\",\"datePublished\":\"2022-12-09T02:27:08+00:00\",\"dateModified\":\"2022-12-09T03:36:25+00:00\",\"mainEntityOfPage\":{\"@id\":\"https:\/\/www.sonoraenequipo.com.mx\/brillan-karatecas-sonorenses-con-33-medallas-en-selectivo-hacia-el-campeonato-centroamericano-y-del-caribe\/\"},\"wordCount\":325,\"commentCount\":0,\"publisher\":{\"@id\":\"https:\/\/www.sonoraenequipo.com.mx\/#organization\"},\"image\":{\"@id\":\"https:\/\/www.sonoraenequipo.com.mx\/brillan-karatecas-sonorenses-con-33-medallas-en-selectivo-hacia-el-campeonato-centroamericano-y-del-caribe\/#primaryimage\"},\"thumbnailUrl\":\"https:\/\/www.sonoraenequipo.com.mx\/storage\/2022\/12\/karate.jpg\",\"keywords\":[\"karatecas\",\"Sonora\"],\"articleSection\":[\"Deportes\"],\"inLanguage\":\"es\",\"potentialAction\":[{\"@type\":\"CommentAction\",\"name\":\"Comment\",\"target\":[\"https:\/\/www.sonoraenequipo.com.mx\/brillan-karatecas-sonorenses-con-33-medallas-en-selectivo-hacia-el-campeonato-centroamericano-y-del-caribe\/#respond\"]}]},{\"@type\":\"WebPage\",\"@id\":\"https:\/\/www.sonoraenequipo.com.mx\/brillan-karatecas-sonorenses-con-33-medallas-en-selectivo-hacia-el-campeonato-centroamericano-y-del-caribe\/\",\"url\":\"https:\/\/www.sonoraenequipo.com.mx\/brillan-karatecas-sonorenses-con-33-medallas-en-selectivo-hacia-el-campeonato-centroamericano-y-del-caribe\/\",\"name\":\"Sonora en Equipo. Brillan karatecas sonorenses con 33 medallas en selectivo hacia el Campeonato Centroamericano y del Caribe Deportes\",\"isPartOf\":{\"@id\":\"https:\/\/www.sonoraenequipo.com.mx\/#website\"},\"primaryImageOfPage\":{\"@id\":\"https:\/\/www.sonoraenequipo.com.mx\/brillan-karatecas-sonorenses-con-33-medallas-en-selectivo-hacia-el-campeonato-centroamericano-y-del-caribe\/#primaryimage\"},\"image\":{\"@id\":\"https:\/\/www.sonoraenequipo.com.mx\/brillan-karatecas-sonorenses-con-33-medallas-en-selectivo-hacia-el-campeonato-centroamericano-y-del-caribe\/#primaryimage\"},\"thumbnailUrl\":\"https:\/\/www.sonoraenequipo.com.mx\/storage\/2022\/12\/karate.jpg\",\"datePublished\":\"2022-12-09T02:27:08+00:00\",\"dateModified\":\"2022-12-09T03:36:25+00:00\",\"description\":\"&nbsp; HERMOSILLO, SONORA,MX.\u2500\u2500 Un total de 33 medallas captur\u00f3 la delegaci\u00f3n sonorense de karate que particip\u00f3 el fin de semana pasado en Oaxtepec, En Sonora en Equipo publicamos toda la informaci\u00f3n de Sonora, M\u00e9xico y el Mundo de manera oportuna y busca que la libertad de expresi\u00f3n sea real. Visita nuestro medio informativo publicado desde Hermosillo, Sonora. %\",\"breadcrumb\":{\"@id\":\"https:\/\/www.sonoraenequipo.com.mx\/brillan-karatecas-sonorenses-con-33-medallas-en-selectivo-hacia-el-campeonato-centroamericano-y-del-caribe\/#breadcrumb\"},\"inLanguage\":\"es\",\"potentialAction\":[{\"@type\":\"ReadAction\",\"target\":[\"https:\/\/www.sonoraenequipo.com.mx\/brillan-karatecas-sonorenses-con-33-medallas-en-selectivo-hacia-el-campeonato-centroamericano-y-del-caribe\/\"]}]},{\"@type\":\"ImageObject\",\"inLanguage\":\"es\",\"@id\":\"https:\/\/www.sonoraenequipo.com.mx\/brillan-karatecas-sonorenses-con-33-medallas-en-selectivo-hacia-el-campeonato-centroamericano-y-del-caribe\/#primaryimage\",\"url\":\"https:\/\/www.sonoraenequipo.com.mx\/storage\/2022\/12\/karate.jpg\",\"contentUrl\":\"https:\/\/www.sonoraenequipo.com.mx\/storage\/2022\/12\/karate.jpg\",\"width\":600,\"height\":400},{\"@type\":\"BreadcrumbList\",\"@id\":\"https:\/\/www.sonoraenequipo.com.mx\/brillan-karatecas-sonorenses-con-33-medallas-en-selectivo-hacia-el-campeonato-centroamericano-y-del-caribe\/#breadcrumb\",\"itemListElement\":[{\"@type\":\"ListItem\",\"position\":1,\"name\":\"Portada\",\"item\":\"https:\/\/www.sonoraenequipo.com.mx\/\"},{\"@type\":\"ListItem\",\"position\":2,\"name\":\"Brillan karatecas sonorenses con 33 medallas en selectivo hacia el Campeonato Centroamericano y del Caribe\"}]},{\"@type\":\"WebSite\",\"@id\":\"https:\/\/www.sonoraenequipo.com.mx\/#website\",\"url\":\"https:\/\/www.sonoraenequipo.com.mx\/\",\"name\":\"Sonora en Equipo.\",\"description\":\"Diario en l\u00ednea con Noticias desde Hermosillo, Sonora\",\"publisher\":{\"@id\":\"https:\/\/www.sonoraenequipo.com.mx\/#organization\"},\"potentialAction\":[{\"@type\":\"SearchAction\",\"target\":{\"@type\":\"EntryPoint\",\"urlTemplate\":\"https:\/\/www.sonoraenequipo.com.mx\/?s={search_term_string}\"},\"query-input\":{\"@type\":\"PropertyValueSpecification\",\"valueRequired\":true,\"valueName\":\"search_term_string\"}}],\"inLanguage\":\"es\"},{\"@type\":\"Organization\",\"@id\":\"https:\/\/www.sonoraenequipo.com.mx\/#organization\",\"name\":\"Sonoraenequipo.com.mx\",\"url\":\"https:\/\/www.sonoraenequipo.com.mx\/\",\"logo\":{\"@type\":\"ImageObject\",\"inLanguage\":\"es\",\"@id\":\"https:\/\/www.sonoraenequipo.com.mx\/#\/schema\/logo\/image\/\",\"url\":\"https:\/\/www.sonoraenequipo.com.mx\/storage\/2019\/01\/sonoraenequipo_opt.png\",\"contentUrl\":\"https:\/\/www.sonoraenequipo.com.mx\/storage\/2019\/01\/sonoraenequipo_opt.png\",\"width\":375,\"height\":125,\"caption\":\"Sonoraenequipo.com.mx\"},\"image\":{\"@id\":\"https:\/\/www.sonoraenequipo.com.mx\/#\/schema\/logo\/image\/\"},\"sameAs\":[\"https:\/\/www.facebook.com\/SonoraEE\/\",\"https:\/\/x.com\/sonoraenequipo\",\"https:\/\/www.youtube.com\/channel\/UC338nW-lPEYmJQs4ZABQ1SQ\"]},{\"@type\":\"Person\",\"@id\":\"https:\/\/www.sonoraenequipo.com.mx\/#\/schema\/person\/50102df0fb23a8fa9e8effad8fa81386\",\"name\":\"enequipo\",\"image\":{\"@type\":\"ImageObject\",\"inLanguage\":\"es\",\"@id\":\"https:\/\/www.sonoraenequipo.com.mx\/#\/schema\/person\/image\/\",\"url\":\"https:\/\/secure.gravatar.com\/avatar\/049821681b589dabc0bc20695993ccebb09f5b5d4d790cd9251b97faac7c652b?s=96&d=blank&r=g\",\"contentUrl\":\"https:\/\/secure.gravatar.com\/avatar\/049821681b589dabc0bc20695993ccebb09f5b5d4d790cd9251b97faac7c652b?s=96&d=blank&r=g\",\"caption\":\"enequipo\"},\"sameAs\":[\"https:\/\/www.facebook.com\/SonoraEE\"]}]}<\/script>\n ","yoast_head_json":{"title":"Sonora en Equipo. Brillan karatecas sonorenses con 33 medallas en selectivo hacia el Campeonato Centroamericano y del Caribe Deportes","description":"&nbsp; HERMOSILLO, SONORA,MX.\u2500\u2500 Un total de 33 medallas captur\u00f3 la delegaci\u00f3n sonorense de karate que particip\u00f3 el fin de semana pasado en Oaxtepec, En Sonora en Equipo publicamos toda la informaci\u00f3n de Sonora, M\u00e9xico y el Mundo de manera oportuna y busca que la libertad de expresi\u00f3n sea real. Visita nuestro medio informativo publicado desde Hermosillo, Sonora. %","robots":{"index":"index","follow":"follow","max-snippet":"max-snippet:-1","max-image-preview":"max-image-preview:large","max-video-preview":"max-video-preview:-1"},"canonical":"https:\/\/www.sonoraenequipo.com.mx\/brillan-karatecas-sonorenses-con-33-medallas-en-selectivo-hacia-el-campeonato-centroamericano-y-del-caribe\/","og_locale":"es_ES","og_type":"article","og_title":"Sonora en Equipo. Brillan karatecas sonorenses con 33 medallas en selectivo hacia el Campeonato Centroamericano y del Caribe Deportes","og_description":"&nbsp; HERMOSILLO, SONORA,MX.\u2500\u2500 Un total de 33 medallas captur\u00f3 la delegaci\u00f3n sonorense de karate que particip\u00f3 el fin de semana pasado en Oaxtepec, En Sonora en Equipo publicamos toda la informaci\u00f3n de Sonora, M\u00e9xico y el Mundo de manera oportuna y busca que la libertad de expresi\u00f3n sea real. Visita nuestro medio informativo publicado desde Hermosillo, Sonora. %","og_url":"https:\/\/www.sonoraenequipo.com.mx\/brillan-karatecas-sonorenses-con-33-medallas-en-selectivo-hacia-el-campeonato-centroamericano-y-del-caribe\/","og_site_name":"Sonora en Equipo.","article_publisher":"https:\/\/www.facebook.com\/SonoraEE\/","article_author":"https:\/\/www.facebook.com\/SonoraEE","article_published_time":"2022-12-09T02:27:08+00:00","article_modified_time":"2022-12-09T03:36:25+00:00","og_image":[{"width":600,"height":400,"url":"https:\/\/www.sonoraenequipo.com.mx\/storage\/2022\/12\/karate.jpg","type":"image\/jpeg"}],"author":"enequipo","twitter_card":"summary_large_image","twitter_creator":"@sonoraenequipo","twitter_site":"@sonoraenequipo","twitter_misc":{"Escrito por":"enequipo","Tiempo de lectura":"2 minutos"},"schema":{"@context":"https:\/\/schema.org","@graph":[{"@type":"Article","@id":"https:\/\/www.sonoraenequipo.com.mx\/brillan-karatecas-sonorenses-con-33-medallas-en-selectivo-hacia-el-campeonato-centroamericano-y-del-caribe\/#article","isPartOf":{"@id":"https:\/\/www.sonoraenequipo.com.mx\/brillan-karatecas-sonorenses-con-33-medallas-en-selectivo-hacia-el-campeonato-centroamericano-y-del-caribe\/"},"author":{"name":"enequipo","@id":"https:\/\/www.sonoraenequipo.com.mx\/#\/schema\/person\/50102df0fb23a8fa9e8effad8fa81386"},"headline":"Brillan karatecas sonorenses con 33 medallas en selectivo hacia el Campeonato Centroamericano y del Caribe","datePublished":"2022-12-09T02:27:08+00:00","dateModified":"2022-12-09T03:36:25+00:00","mainEntityOfPage":{"@id":"https:\/\/www.sonoraenequipo.com.mx\/brillan-karatecas-sonorenses-con-33-medallas-en-selectivo-hacia-el-campeonato-centroamericano-y-del-caribe\/"},"wordCount":325,"commentCount":0,"publisher":{"@id":"https:\/\/www.sonoraenequipo.com.mx\/#organization"},"image":{"@id":"https:\/\/www.sonoraenequipo.com.mx\/brillan-karatecas-sonorenses-con-33-medallas-en-selectivo-hacia-el-campeonato-centroamericano-y-del-caribe\/#primaryimage"},"thumbnailUrl":"https:\/\/www.sonoraenequipo.com.mx\/storage\/2022\/12\/karate.jpg","keywords":["karatecas","Sonora"],"articleSection":["Deportes"],"inLanguage":"es","potentialAction":[{"@type":"CommentAction","name":"Comment","target":["https:\/\/www.sonoraenequipo.com.mx\/brillan-karatecas-sonorenses-con-33-medallas-en-selectivo-hacia-el-campeonato-centroamericano-y-del-caribe\/#respond"]}]},{"@type":"WebPage","@id":"https:\/\/www.sonoraenequipo.com.mx\/brillan-karatecas-sonorenses-con-33-medallas-en-selectivo-hacia-el-campeonato-centroamericano-y-del-caribe\/","url":"https:\/\/www.sonoraenequipo.com.mx\/brillan-karatecas-sonorenses-con-33-medallas-en-selectivo-hacia-el-campeonato-centroamericano-y-del-caribe\/","name":"Sonora en Equipo. Brillan karatecas sonorenses con 33 medallas en selectivo hacia el Campeonato Centroamericano y del Caribe Deportes","isPartOf":{"@id":"https:\/\/www.sonoraenequipo.com.mx\/#website"},"primaryImageOfPage":{"@id":"https:\/\/www.sonoraenequipo.com.mx\/brillan-karatecas-sonorenses-con-33-medallas-en-selectivo-hacia-el-campeonato-centroamericano-y-del-caribe\/#primaryimage"},"image":{"@id":"https:\/\/www.sonoraenequipo.com.mx\/brillan-karatecas-sonorenses-con-33-medallas-en-selectivo-hacia-el-campeonato-centroamericano-y-del-caribe\/#primaryimage"},"thumbnailUrl":"https:\/\/www.sonoraenequipo.com.mx\/storage\/2022\/12\/karate.jpg","datePublished":"2022-12-09T02:27:08+00:00","dateModified":"2022-12-09T03:36:25+00:00","description":"&nbsp; HERMOSILLO, SONORA,MX.\u2500\u2500 Un total de 33 medallas captur\u00f3 la delegaci\u00f3n sonorense de karate que particip\u00f3 el fin de semana pasado en Oaxtepec, En Sonora en Equipo publicamos toda la informaci\u00f3n de Sonora, M\u00e9xico y el Mundo de manera oportuna y busca que la libertad de expresi\u00f3n sea real. Visita nuestro medio informativo publicado desde Hermosillo, Sonora. %","breadcrumb":{"@id":"https:\/\/www.sonoraenequipo.com.mx\/brillan-karatecas-sonorenses-con-33-medallas-en-selectivo-hacia-el-campeonato-centroamericano-y-del-caribe\/#breadcrumb"},"inLanguage":"es","potentialAction":[{"@type":"ReadAction","target":["https:\/\/www.sonoraenequipo.com.mx\/brillan-karatecas-sonorenses-con-33-medallas-en-selectivo-hacia-el-campeonato-centroamericano-y-del-caribe\/"]}]},{"@type":"ImageObject","inLanguage":"es","@id":"https:\/\/www.sonoraenequipo.com.mx\/brillan-karatecas-sonorenses-con-33-medallas-en-selectivo-hacia-el-campeonato-centroamericano-y-del-caribe\/#primaryimage","url":"https:\/\/www.sonoraenequipo.com.mx\/storage\/2022\/12\/karate.jpg","contentUrl":"https:\/\/www.sonoraenequipo.com.mx\/storage\/2022\/12\/karate.jpg","width":600,"height":400},{"@type":"BreadcrumbList","@id":"https:\/\/www.sonoraenequipo.com.mx\/brillan-karatecas-sonorenses-con-33-medallas-en-selectivo-hacia-el-campeonato-centroamericano-y-del-caribe\/#breadcrumb","itemListElement":[{"@type":"ListItem","position":1,"name":"Portada","item":"https:\/\/www.sonoraenequipo.com.mx\/"},{"@type":"ListItem","position":2,"name":"Brillan karatecas sonorenses con 33 medallas en selectivo hacia el Campeonato Centroamericano y del Caribe"}]},{"@type":"WebSite","@id":"https:\/\/www.sonoraenequipo.com.mx\/#website","url":"https:\/\/www.sonoraenequipo.com.mx\/","name":"Sonora en Equipo.","description":"Diario en l\u00ednea con Noticias desde Hermosillo, Sonora","publisher":{"@id":"https:\/\/www.sonoraenequipo.com.mx\/#organization"},"potentialAction":[{"@type":"SearchAction","target":{"@type":"EntryPoint","urlTemplate":"https:\/\/www.sonoraenequipo.com.mx\/?s={search_term_string}"},"query-input":{"@type":"PropertyValueSpecification","valueRequired":true,"valueName":"search_term_string"}}],"inLanguage":"es"},{"@type":"Organization","@id":"https:\/\/www.sonoraenequipo.com.mx\/#organization","name":"Sonoraenequipo.com.mx","url":"https:\/\/www.sonoraenequipo.com.mx\/","logo":{"@type":"ImageObject","inLanguage":"es","@id":"https:\/\/www.sonoraenequipo.com.mx\/#\/schema\/logo\/image\/","url":"https:\/\/www.sonoraenequipo.com.mx\/storage\/2019\/01\/sonoraenequipo_opt.png","contentUrl":"https:\/\/www.sonoraenequipo.com.mx\/storage\/2019\/01\/sonoraenequipo_opt.png","width":375,"height":125,"caption":"Sonoraenequipo.com.mx"},"image":{"@id":"https:\/\/www.sonoraenequipo.com.mx\/#\/schema\/logo\/image\/"},"sameAs":["https:\/\/www.facebook.com\/SonoraEE\/","https:\/\/x.com\/sonoraenequipo","https:\/\/www.youtube.com\/channel\/UC338nW-lPEYmJQs4ZABQ1SQ"]},{"@type":"Person","@id":"https:\/\/www.sonoraenequipo.com.mx\/#\/schema\/person\/50102df0fb23a8fa9e8effad8fa81386","name":"enequipo","image":{"@type":"ImageObject","inLanguage":"es","@id":"https:\/\/www.sonoraenequipo.com.mx\/#\/schema\/person\/image\/","url":"https:\/\/secure.gravatar.com\/avatar\/049821681b589dabc0bc20695993ccebb09f5b5d4d790cd9251b97faac7c652b?s=96&d=blank&r=g","contentUrl":"https:\/\/secure.gravatar.com\/avatar\/049821681b589dabc0bc20695993ccebb09f5b5d4d790cd9251b97faac7c652b?s=96&d=blank&r=g","caption":"enequipo"},"sameAs":["https:\/\/www.facebook.com\/SonoraEE"]}]}},"jetpack_featured_media_url":"https:\/\/www.sonoraenequipo.com.mx\/storage\/2022\/12\/karate.jpg","_links":{"self":[{"href":"https:\/\/www.sonoraenequipo.com.mx\/api\/wp\/v2\/posts\/154024","targetHints":{"allow":["GET"]}}],"collection":[{"href":"https:\/\/www.sonoraenequipo.com.mx\/api\/wp\/v2\/posts"}],"about":[{"href":"https:\/\/www.sonoraenequipo.com.mx\/api\/wp\/v2\/types\/post"}],"author":[{"embeddable":true,"href":"https:\/\/www.sonoraenequipo.com.mx\/api\/wp\/v2\/users\/1"}],"replies":[{"embeddable":true,"href":"https:\/\/www.sonoraenequipo.com.mx\/api\/wp\/v2\/comments?post=154024"}],"version-history":[{"count":1,"href":"https:\/\/www.sonoraenequipo.com.mx\/api\/wp\/v2\/posts\/154024\/revisions"}],"predecessor-version":[{"id":154028,"href":"https:\/\/www.sonoraenequipo.com.mx\/api\/wp\/v2\/posts\/154024\/revisions\/154028"}],"wp:featuredmedia":[{"embeddable":true,"href":"https:\/\/www.sonoraenequipo.com.mx\/api\/wp\/v2\/media\/154027"}],"wp:attachment":[{"href":"https:\/\/www.sonoraenequipo.com.mx\/api\/wp\/v2\/media?parent=154024"}],"wp:term":[{"taxonomy":"category","embeddable":true,"href":"https:\/\/www.sonoraenequipo.com.mx\/api\/wp\/v2\/categories?post=154024"},{"taxonomy":"post_tag","embeddable":true,"href":"https:\/\/www.sonoraenequipo.com.mx\/api\/wp\/v2\/tags?post=154024"}],"curies":[{"name":"wp","href":"https:\/\/api.w.org\/{rel}","templated":true}]}}