{"id":154032,"date":"2022-12-08T21:57:39","date_gmt":"2022-12-09T04:57:39","guid":{"rendered":"https:\/\/www.sonoraenequipo.com.mx\/?p=154032"},"modified":"2022-12-08T20:35:17","modified_gmt":"2022-12-09T03:35:17","slug":"comision-del-ine-avala-anteproyecto-de-presupuesto-para-2023","status":"publish","type":"post","link":"https:\/\/www.sonoraenequipo.com.mx\/comision-del-ine-avala-anteproyecto-de-presupuesto-para-2023\/","title":{"rendered":"Comisi\u00f3n del INE avala anteproyecto de presupuesto para 2023"},"content":{"rendered":"<p>&nbsp;<\/p>\n<p><strong>CIUDAD DE M\u00c9XICO,MX.<\/strong><strong>\u2500\u2500<\/strong> Luego de la reducci\u00f3n de 4 mil 475 millones 501 mil 178 pesos realizada por la C\u00e1mara de Diputados al Anteproyecto presentado por el INE, el presupuesto del Instituto para el pr\u00f3ximo a\u00f1o ser\u00e1 de 13 mil 987 millones 856 mil 773 pesos: 11 mil 546.4 millones de pesos de presupuesto base y 2 mil 441.4 millones de pesos de la Cartera Institucional de Proyectos.<\/p>\n<p>&nbsp;<\/p>\n<p>Cabe mencionar que el recorte del Legislativo no modifica el monto asignado a las prerrogativas de los partidos pol\u00edticos, por ello, los recursos que se consideran en el Presupuesto de Egresos de la Federaci\u00f3n para este rubro es el mismo que el remitido en el Anteproyecto: 6 mil 233 millones 510 mil 798 pesos. Es decir, la reducci\u00f3n que realiz\u00f3 la C\u00e1mara de Diputados la absorbe en su totalidad el INE.<\/p>\n<p>&nbsp;<\/p>\n<p>La reducci\u00f3n afect\u00f3, entre otros rubros, al presupuesto precautorio para una eventual Consulta Popular fijado en 4 mil 025 millones 422 mil 288 pesos, los cuales no se utilizar\u00e1n debido a que, con corte al 30 de noviembre pasado, no se actualiz\u00f3 el supuesto de este ejercicio de participaci\u00f3n.<\/p>\n<p>&nbsp;<\/p>\n<p>Como consecuencia de la reducci\u00f3n, el INE debe atender con diferentes medidas la presi\u00f3n de gasto por 537.8 millones de pesos, monto que incluye los proyectos para la elecci\u00f3n extraordinaria de una senadur\u00eda por el principio de Mayor\u00eda Relativa en Tamaulipas.<\/p>\n<p>&nbsp;<\/p>\n<p><strong>Pospone INE proyecto de infraestructura inmobiliaria<\/strong><\/p>\n<p>&nbsp;<\/p>\n<p>Para atender la presi\u00f3n de gasto se\u00f1alada, el Instituto postergar\u00e1 el proyecto de infraestructura inmobiliaria que consideraba un monto de 305 millones 540 mil pesos y se realizar\u00e1 el ajuste a varios proyectos que las \u00e1reas del Instituto reconsideraron, con lo que se logr\u00f3 una disminuci\u00f3n en sus montos por la suma de 8 millones 944 mil 612 pesos. Lo anterior suma un total de 314 millones 484 mil 612 pesos.<\/p>\n<p>&nbsp;<\/p>\n<p>Asimismo, parte del d\u00e9ficit presupuestario deriva de que la elecci\u00f3n extraordinaria de una senadur\u00eda por el principio de Mayor\u00eda Relativa en Tamaulipas no se consider\u00f3 en el Anteproyecto de Presupuesto 2023, ya que \u00e9sta fue convocada por la C\u00e1mara de Senadores el pasado 30 de noviembre, y se requiere un monto adicional de 87 millones 731 mil 58 pesos\u00a0 que se sumar\u00e1 a la presi\u00f3n de gasto del Instituto.<\/p>\n<p>&nbsp;<\/p>\n<p>De acuerdo con la propuesta de ajuste, la meta de ahorro del INE ser\u00e1 absorbida en los cap\u00edtulos 2000 y 3000 por los conceptos de materiales, \u00fatiles de oficina, arrendamientos, estacionamientos, servicio telef\u00f3nico, energ\u00eda el\u00e9ctrica, entre otros, por una suma de 96 millones 655 mil 885 pesos, adicional a servicios personales, sin afectar la operaci\u00f3n sustantiva y el cumplimiento de las obligaciones institucionales, por 126 millones 669 mil 451 pesos.<\/p>\n<p>&nbsp;<\/p>\n<p>Con lo anterior, se busca enfrentar la presi\u00f3n de gasto del \u00f3rgano electoral para el ejercicio 2023 que, despu\u00e9s del recorte presupuestal, es de 223 millones 325 mil 336 pesos.<\/p>\n<p>&nbsp;<\/p>\n<p>Las consejeras Claudia Zavala (presidenta de la Comisi\u00f3n Temporal de Presupuesto 2023), Norma De la Cruz y Carla Humphrey, as\u00ed como los consejeros Ciro Murayama y Jaime Rivera manifestaron su respaldo a las cifras presentadas para que sigan la ruta de aprobaci\u00f3n institucional, primero por parte de la Junta General Ejecutiva y, posteriormente, por el Consejo General.<\/p>\n<p><strong><em><u>Fecha de publicaci\u00f3n\u00a0 jueves 8 de diciembre de 2022<\/u><\/em><\/strong><\/p>\n","protected":false},"excerpt":{"rendered":"<p>&nbsp; CIUDAD DE M\u00c9XICO,MX.\u2500\u2500 Luego de la reducci\u00f3n de 4 mil 475 millones 501 mil&#8230;<\/p>\n","protected":false},"author":1,"featured_media":154033,"comment_status":"open","ping_status":"open","sticky":false,"template":"","format":"standard","meta":{"_monsterinsights_skip_tracking":false,"_monsterinsights_sitenote_active":false,"_monsterinsights_sitenote_note":"","_monsterinsights_sitenote_category":0,"footnotes":""},"categories":[5],"tags":[1247,25],"class_list":["post"],"yoast_head":" \n<title>Sonora en Equipo. Comisi\u00f3n del INE avala anteproyecto de presupuesto para 2023 Rep\u00fablica<\/title>\n<meta name=\"description\" content=\"&nbsp; CIUDAD DE M\u00c9XICO,MX.\u2500\u2500 Luego de la reducci\u00f3n de 4 mil 475 millones 501 mil 178 pesos realizada por la C\u00e1mara de Diputados al Anteproyecto En Sonora en Equipo publicamos toda la informaci\u00f3n de Sonora, M\u00e9xico y el Mundo de manera oportuna y busca que la libertad de expresi\u00f3n sea real. Visita nuestro medio informativo publicado desde Hermosillo, Sonora. %\" \/>\n<meta name=\"robots\" content=\"index, follow, max-snippet:-1, max-image-preview:large, max-video-preview:-1\" \/>\n<link rel=\"canonical\" href=\"https:\/\/www.sonoraenequipo.com.mx\/comision-del-ine-avala-anteproyecto-de-presupuesto-para-2023\/\" \/>\n<meta property=\"og:locale\" content=\"es_ES\" \/>\n<meta property=\"og:type\" content=\"article\" \/>\n<meta property=\"og:title\" content=\"Sonora en Equipo. Comisi\u00f3n del INE avala anteproyecto de presupuesto para 2023 Rep\u00fablica\" \/>\n<meta property=\"og:description\" content=\"&nbsp; CIUDAD DE M\u00c9XICO,MX.\u2500\u2500 Luego de la reducci\u00f3n de 4 mil 475 millones 501 mil 178 pesos realizada por la C\u00e1mara de Diputados al Anteproyecto En Sonora en Equipo publicamos toda la informaci\u00f3n de Sonora, M\u00e9xico y el Mundo de manera oportuna y busca que la libertad de expresi\u00f3n sea real. Visita nuestro medio informativo publicado desde Hermosillo, Sonora. %\" \/>\n<meta property=\"og:url\" content=\"https:\/\/www.sonoraenequipo.com.mx\/comision-del-ine-avala-anteproyecto-de-presupuesto-para-2023\/\" \/>\n<meta property=\"og:site_name\" content=\"Sonora en Equipo.\" \/>\n<meta property=\"article:publisher\" content=\"https:\/\/www.facebook.com\/SonoraEE\/\" \/>\n<meta property=\"article:author\" content=\"https:\/\/www.facebook.com\/SonoraEE\" \/>\n<meta property=\"article:published_time\" content=\"2022-12-09T04:57:39+00:00\" \/>\n<meta property=\"og:image\" content=\"https:\/\/www.sonoraenequipo.com.mx\/storage\/2022\/12\/cuentas.jpg\" \/>\n\t<meta property=\"og:image:width\" content=\"600\" \/>\n\t<meta property=\"og:image:height\" content=\"400\" \/>\n\t<meta property=\"og:image:type\" content=\"image\/jpeg\" \/>\n<meta name=\"author\" content=\"enequipo\" \/>\n<meta name=\"twitter:card\" content=\"summary_large_image\" \/>\n<meta name=\"twitter:creator\" content=\"@sonoraenequipo\" \/>\n<meta name=\"twitter:site\" content=\"@sonoraenequipo\" \/>\n<meta name=\"twitter:label1\" content=\"Escrito por\" \/>\n\t<meta name=\"twitter:data1\" content=\"enequipo\" \/>\n\t<meta name=\"twitter:label2\" content=\"Tiempo de lectura\" \/>\n\t<meta name=\"twitter:data2\" content=\"3 minutos\" \/>\n<script type=\"application\/ld+json\" class=\"yoast-schema-graph\">{\"@context\":\"https:\/\/schema.org\",\"@graph\":[{\"@type\":\"Article\",\"@id\":\"https:\/\/www.sonoraenequipo.com.mx\/comision-del-ine-avala-anteproyecto-de-presupuesto-para-2023\/#article\",\"isPartOf\":{\"@id\":\"https:\/\/www.sonoraenequipo.com.mx\/comision-del-ine-avala-anteproyecto-de-presupuesto-para-2023\/\"},\"author\":{\"name\":\"enequipo\",\"@id\":\"https:\/\/www.sonoraenequipo.com.mx\/#\/schema\/person\/50102df0fb23a8fa9e8effad8fa81386\"},\"headline\":\"Comisi\u00f3n del INE avala anteproyecto de presupuesto para 2023\",\"datePublished\":\"2022-12-09T04:57:39+00:00\",\"mainEntityOfPage\":{\"@id\":\"https:\/\/www.sonoraenequipo.com.mx\/comision-del-ine-avala-anteproyecto-de-presupuesto-para-2023\/\"},\"wordCount\":547,\"commentCount\":0,\"publisher\":{\"@id\":\"https:\/\/www.sonoraenequipo.com.mx\/#organization\"},\"image\":{\"@id\":\"https:\/\/www.sonoraenequipo.com.mx\/comision-del-ine-avala-anteproyecto-de-presupuesto-para-2023\/#primaryimage\"},\"thumbnailUrl\":\"https:\/\/www.sonoraenequipo.com.mx\/storage\/2022\/12\/cuentas.jpg\",\"keywords\":[\"INE\",\"presupuesto\"],\"articleSection\":[\"Rep\u00fablica\"],\"inLanguage\":\"es\",\"potentialAction\":[{\"@type\":\"CommentAction\",\"name\":\"Comment\",\"target\":[\"https:\/\/www.sonoraenequipo.com.mx\/comision-del-ine-avala-anteproyecto-de-presupuesto-para-2023\/#respond\"]}]},{\"@type\":\"WebPage\",\"@id\":\"https:\/\/www.sonoraenequipo.com.mx\/comision-del-ine-avala-anteproyecto-de-presupuesto-para-2023\/\",\"url\":\"https:\/\/www.sonoraenequipo.com.mx\/comision-del-ine-avala-anteproyecto-de-presupuesto-para-2023\/\",\"name\":\"Sonora en Equipo. Comisi\u00f3n del INE avala anteproyecto de presupuesto para 2023 Rep\u00fablica\",\"isPartOf\":{\"@id\":\"https:\/\/www.sonoraenequipo.com.mx\/#website\"},\"primaryImageOfPage\":{\"@id\":\"https:\/\/www.sonoraenequipo.com.mx\/comision-del-ine-avala-anteproyecto-de-presupuesto-para-2023\/#primaryimage\"},\"image\":{\"@id\":\"https:\/\/www.sonoraenequipo.com.mx\/comision-del-ine-avala-anteproyecto-de-presupuesto-para-2023\/#primaryimage\"},\"thumbnailUrl\":\"https:\/\/www.sonoraenequipo.com.mx\/storage\/2022\/12\/cuentas.jpg\",\"datePublished\":\"2022-12-09T04:57:39+00:00\",\"description\":\"&nbsp; CIUDAD DE M\u00c9XICO,MX.\u2500\u2500 Luego de la reducci\u00f3n de 4 mil 475 millones 501 mil 178 pesos realizada por la C\u00e1mara de Diputados al Anteproyecto En Sonora en Equipo publicamos toda la informaci\u00f3n de Sonora, M\u00e9xico y el Mundo de manera oportuna y busca que la libertad de expresi\u00f3n sea real. Visita nuestro medio informativo publicado desde Hermosillo, Sonora. %\",\"breadcrumb\":{\"@id\":\"https:\/\/www.sonoraenequipo.com.mx\/comision-del-ine-avala-anteproyecto-de-presupuesto-para-2023\/#breadcrumb\"},\"inLanguage\":\"es\",\"potentialAction\":[{\"@type\":\"ReadAction\",\"target\":[\"https:\/\/www.sonoraenequipo.com.mx\/comision-del-ine-avala-anteproyecto-de-presupuesto-para-2023\/\"]}]},{\"@type\":\"ImageObject\",\"inLanguage\":\"es\",\"@id\":\"https:\/\/www.sonoraenequipo.com.mx\/comision-del-ine-avala-anteproyecto-de-presupuesto-para-2023\/#primaryimage\",\"url\":\"https:\/\/www.sonoraenequipo.com.mx\/storage\/2022\/12\/cuentas.jpg\",\"contentUrl\":\"https:\/\/www.sonoraenequipo.com.mx\/storage\/2022\/12\/cuentas.jpg\",\"width\":600,\"height\":400},{\"@type\":\"BreadcrumbList\",\"@id\":\"https:\/\/www.sonoraenequipo.com.mx\/comision-del-ine-avala-anteproyecto-de-presupuesto-para-2023\/#breadcrumb\",\"itemListElement\":[{\"@type\":\"ListItem\",\"position\":1,\"name\":\"Portada\",\"item\":\"https:\/\/www.sonoraenequipo.com.mx\/\"},{\"@type\":\"ListItem\",\"position\":2,\"name\":\"Comisi\u00f3n del INE avala anteproyecto de presupuesto para 2023\"}]},{\"@type\":\"WebSite\",\"@id\":\"https:\/\/www.sonoraenequipo.com.mx\/#website\",\"url\":\"https:\/\/www.sonoraenequipo.com.mx\/\",\"name\":\"Sonora en Equipo.\",\"description\":\"Diario en l\u00ednea con Noticias desde Hermosillo, Sonora\",\"publisher\":{\"@id\":\"https:\/\/www.sonoraenequipo.com.mx\/#organization\"},\"potentialAction\":[{\"@type\":\"SearchAction\",\"target\":{\"@type\":\"EntryPoint\",\"urlTemplate\":\"https:\/\/www.sonoraenequipo.com.mx\/?s={search_term_string}\"},\"query-input\":{\"@type\":\"PropertyValueSpecification\",\"valueRequired\":true,\"valueName\":\"search_term_string\"}}],\"inLanguage\":\"es\"},{\"@type\":\"Organization\",\"@id\":\"https:\/\/www.sonoraenequipo.com.mx\/#organization\",\"name\":\"Sonoraenequipo.com.mx\",\"url\":\"https:\/\/www.sonoraenequipo.com.mx\/\",\"logo\":{\"@type\":\"ImageObject\",\"inLanguage\":\"es\",\"@id\":\"https:\/\/www.sonoraenequipo.com.mx\/#\/schema\/logo\/image\/\",\"url\":\"https:\/\/www.sonoraenequipo.com.mx\/storage\/2019\/01\/sonoraenequipo_opt.png\",\"contentUrl\":\"https:\/\/www.sonoraenequipo.com.mx\/storage\/2019\/01\/sonoraenequipo_opt.png\",\"width\":375,\"height\":125,\"caption\":\"Sonoraenequipo.com.mx\"},\"image\":{\"@id\":\"https:\/\/www.sonoraenequipo.com.mx\/#\/schema\/logo\/image\/\"},\"sameAs\":[\"https:\/\/www.facebook.com\/SonoraEE\/\",\"https:\/\/x.com\/sonoraenequipo\",\"https:\/\/www.youtube.com\/channel\/UC338nW-lPEYmJQs4ZABQ1SQ\"]},{\"@type\":\"Person\",\"@id\":\"https:\/\/www.sonoraenequipo.com.mx\/#\/schema\/person\/50102df0fb23a8fa9e8effad8fa81386\",\"name\":\"enequipo\",\"image\":{\"@type\":\"ImageObject\",\"inLanguage\":\"es\",\"@id\":\"https:\/\/www.sonoraenequipo.com.mx\/#\/schema\/person\/image\/\",\"url\":\"https:\/\/secure.gravatar.com\/avatar\/049821681b589dabc0bc20695993ccebb09f5b5d4d790cd9251b97faac7c652b?s=96&d=blank&r=g\",\"contentUrl\":\"https:\/\/secure.gravatar.com\/avatar\/049821681b589dabc0bc20695993ccebb09f5b5d4d790cd9251b97faac7c652b?s=96&d=blank&r=g\",\"caption\":\"enequipo\"},\"sameAs\":[\"https:\/\/www.facebook.com\/SonoraEE\"]}]}<\/script>\n ","yoast_head_json":{"title":"Sonora en Equipo. Comisi\u00f3n del INE avala anteproyecto de presupuesto para 2023 Rep\u00fablica","description":"&nbsp; CIUDAD DE M\u00c9XICO,MX.\u2500\u2500 Luego de la reducci\u00f3n de 4 mil 475 millones 501 mil 178 pesos realizada por la C\u00e1mara de Diputados al Anteproyecto En Sonora en Equipo publicamos toda la informaci\u00f3n de Sonora, M\u00e9xico y el Mundo de manera oportuna y busca que la libertad de expresi\u00f3n sea real. Visita nuestro medio informativo publicado desde Hermosillo, Sonora. %","robots":{"index":"index","follow":"follow","max-snippet":"max-snippet:-1","max-image-preview":"max-image-preview:large","max-video-preview":"max-video-preview:-1"},"canonical":"https:\/\/www.sonoraenequipo.com.mx\/comision-del-ine-avala-anteproyecto-de-presupuesto-para-2023\/","og_locale":"es_ES","og_type":"article","og_title":"Sonora en Equipo. Comisi\u00f3n del INE avala anteproyecto de presupuesto para 2023 Rep\u00fablica","og_description":"&nbsp; CIUDAD DE M\u00c9XICO,MX.\u2500\u2500 Luego de la reducci\u00f3n de 4 mil 475 millones 501 mil 178 pesos realizada por la C\u00e1mara de Diputados al Anteproyecto En Sonora en Equipo publicamos toda la informaci\u00f3n de Sonora, M\u00e9xico y el Mundo de manera oportuna y busca que la libertad de expresi\u00f3n sea real. Visita nuestro medio informativo publicado desde Hermosillo, Sonora. %","og_url":"https:\/\/www.sonoraenequipo.com.mx\/comision-del-ine-avala-anteproyecto-de-presupuesto-para-2023\/","og_site_name":"Sonora en Equipo.","article_publisher":"https:\/\/www.facebook.com\/SonoraEE\/","article_author":"https:\/\/www.facebook.com\/SonoraEE","article_published_time":"2022-12-09T04:57:39+00:00","og_image":[{"width":600,"height":400,"url":"https:\/\/www.sonoraenequipo.com.mx\/storage\/2022\/12\/cuentas.jpg","type":"image\/jpeg"}],"author":"enequipo","twitter_card":"summary_large_image","twitter_creator":"@sonoraenequipo","twitter_site":"@sonoraenequipo","twitter_misc":{"Escrito por":"enequipo","Tiempo de lectura":"3 minutos"},"schema":{"@context":"https:\/\/schema.org","@graph":[{"@type":"Article","@id":"https:\/\/www.sonoraenequipo.com.mx\/comision-del-ine-avala-anteproyecto-de-presupuesto-para-2023\/#article","isPartOf":{"@id":"https:\/\/www.sonoraenequipo.com.mx\/comision-del-ine-avala-anteproyecto-de-presupuesto-para-2023\/"},"author":{"name":"enequipo","@id":"https:\/\/www.sonoraenequipo.com.mx\/#\/schema\/person\/50102df0fb23a8fa9e8effad8fa81386"},"headline":"Comisi\u00f3n del INE avala anteproyecto de presupuesto para 2023","datePublished":"2022-12-09T04:57:39+00:00","mainEntityOfPage":{"@id":"https:\/\/www.sonoraenequipo.com.mx\/comision-del-ine-avala-anteproyecto-de-presupuesto-para-2023\/"},"wordCount":547,"commentCount":0,"publisher":{"@id":"https:\/\/www.sonoraenequipo.com.mx\/#organization"},"image":{"@id":"https:\/\/www.sonoraenequipo.com.mx\/comision-del-ine-avala-anteproyecto-de-presupuesto-para-2023\/#primaryimage"},"thumbnailUrl":"https:\/\/www.sonoraenequipo.com.mx\/storage\/2022\/12\/cuentas.jpg","keywords":["INE","presupuesto"],"articleSection":["Rep\u00fablica"],"inLanguage":"es","potentialAction":[{"@type":"CommentAction","name":"Comment","target":["https:\/\/www.sonoraenequipo.com.mx\/comision-del-ine-avala-anteproyecto-de-presupuesto-para-2023\/#respond"]}]},{"@type":"WebPage","@id":"https:\/\/www.sonoraenequipo.com.mx\/comision-del-ine-avala-anteproyecto-de-presupuesto-para-2023\/","url":"https:\/\/www.sonoraenequipo.com.mx\/comision-del-ine-avala-anteproyecto-de-presupuesto-para-2023\/","name":"Sonora en Equipo. Comisi\u00f3n del INE avala anteproyecto de presupuesto para 2023 Rep\u00fablica","isPartOf":{"@id":"https:\/\/www.sonoraenequipo.com.mx\/#website"},"primaryImageOfPage":{"@id":"https:\/\/www.sonoraenequipo.com.mx\/comision-del-ine-avala-anteproyecto-de-presupuesto-para-2023\/#primaryimage"},"image":{"@id":"https:\/\/www.sonoraenequipo.com.mx\/comision-del-ine-avala-anteproyecto-de-presupuesto-para-2023\/#primaryimage"},"thumbnailUrl":"https:\/\/www.sonoraenequipo.com.mx\/storage\/2022\/12\/cuentas.jpg","datePublished":"2022-12-09T04:57:39+00:00","description":"&nbsp; CIUDAD DE M\u00c9XICO,MX.\u2500\u2500 Luego de la reducci\u00f3n de 4 mil 475 millones 501 mil 178 pesos realizada por la C\u00e1mara de Diputados al Anteproyecto En Sonora en Equipo publicamos toda la informaci\u00f3n de Sonora, M\u00e9xico y el Mundo de manera oportuna y busca que la libertad de expresi\u00f3n sea real. Visita nuestro medio informativo publicado desde Hermosillo, Sonora. %","breadcrumb":{"@id":"https:\/\/www.sonoraenequipo.com.mx\/comision-del-ine-avala-anteproyecto-de-presupuesto-para-2023\/#breadcrumb"},"inLanguage":"es","potentialAction":[{"@type":"ReadAction","target":["https:\/\/www.sonoraenequipo.com.mx\/comision-del-ine-avala-anteproyecto-de-presupuesto-para-2023\/"]}]},{"@type":"ImageObject","inLanguage":"es","@id":"https:\/\/www.sonoraenequipo.com.mx\/comision-del-ine-avala-anteproyecto-de-presupuesto-para-2023\/#primaryimage","url":"https:\/\/www.sonoraenequipo.com.mx\/storage\/2022\/12\/cuentas.jpg","contentUrl":"https:\/\/www.sonoraenequipo.com.mx\/storage\/2022\/12\/cuentas.jpg","width":600,"height":400},{"@type":"BreadcrumbList","@id":"https:\/\/www.sonoraenequipo.com.mx\/comision-del-ine-avala-anteproyecto-de-presupuesto-para-2023\/#breadcrumb","itemListElement":[{"@type":"ListItem","position":1,"name":"Portada","item":"https:\/\/www.sonoraenequipo.com.mx\/"},{"@type":"ListItem","position":2,"name":"Comisi\u00f3n del INE avala anteproyecto de presupuesto para 2023"}]},{"@type":"WebSite","@id":"https:\/\/www.sonoraenequipo.com.mx\/#website","url":"https:\/\/www.sonoraenequipo.com.mx\/","name":"Sonora en Equipo.","description":"Diario en l\u00ednea con Noticias desde Hermosillo, Sonora","publisher":{"@id":"https:\/\/www.sonoraenequipo.com.mx\/#organization"},"potentialAction":[{"@type":"SearchAction","target":{"@type":"EntryPoint","urlTemplate":"https:\/\/www.sonoraenequipo.com.mx\/?s={search_term_string}"},"query-input":{"@type":"PropertyValueSpecification","valueRequired":true,"valueName":"search_term_string"}}],"inLanguage":"es"},{"@type":"Organization","@id":"https:\/\/www.sonoraenequipo.com.mx\/#organization","name":"Sonoraenequipo.com.mx","url":"https:\/\/www.sonoraenequipo.com.mx\/","logo":{"@type":"ImageObject","inLanguage":"es","@id":"https:\/\/www.sonoraenequipo.com.mx\/#\/schema\/logo\/image\/","url":"https:\/\/www.sonoraenequipo.com.mx\/storage\/2019\/01\/sonoraenequipo_opt.png","contentUrl":"https:\/\/www.sonoraenequipo.com.mx\/storage\/2019\/01\/sonoraenequipo_opt.png","width":375,"height":125,"caption":"Sonoraenequipo.com.mx"},"image":{"@id":"https:\/\/www.sonoraenequipo.com.mx\/#\/schema\/logo\/image\/"},"sameAs":["https:\/\/www.facebook.com\/SonoraEE\/","https:\/\/x.com\/sonoraenequipo","https:\/\/www.youtube.com\/channel\/UC338nW-lPEYmJQs4ZABQ1SQ"]},{"@type":"Person","@id":"https:\/\/www.sonoraenequipo.com.mx\/#\/schema\/person\/50102df0fb23a8fa9e8effad8fa81386","name":"enequipo","image":{"@type":"ImageObject","inLanguage":"es","@id":"https:\/\/www.sonoraenequipo.com.mx\/#\/schema\/person\/image\/","url":"https:\/\/secure.gravatar.com\/avatar\/049821681b589dabc0bc20695993ccebb09f5b5d4d790cd9251b97faac7c652b?s=96&d=blank&r=g","contentUrl":"https:\/\/secure.gravatar.com\/avatar\/049821681b589dabc0bc20695993ccebb09f5b5d4d790cd9251b97faac7c652b?s=96&d=blank&r=g","caption":"enequipo"},"sameAs":["https:\/\/www.facebook.com\/SonoraEE"]}]}},"jetpack_featured_media_url":"https:\/\/www.sonoraenequipo.com.mx\/storage\/2022\/12\/cuentas.jpg","_links":{"self":[{"href":"https:\/\/www.sonoraenequipo.com.mx\/api\/wp\/v2\/posts\/154032","targetHints":{"allow":["GET"]}}],"collection":[{"href":"https:\/\/www.sonoraenequipo.com.mx\/api\/wp\/v2\/posts"}],"about":[{"href":"https:\/\/www.sonoraenequipo.com.mx\/api\/wp\/v2\/types\/post"}],"author":[{"embeddable":true,"href":"https:\/\/www.sonoraenequipo.com.mx\/api\/wp\/v2\/users\/1"}],"replies":[{"embeddable":true,"href":"https:\/\/www.sonoraenequipo.com.mx\/api\/wp\/v2\/comments?post=154032"}],"version-history":[{"count":1,"href":"https:\/\/www.sonoraenequipo.com.mx\/api\/wp\/v2\/posts\/154032\/revisions"}],"predecessor-version":[{"id":154034,"href":"https:\/\/www.sonoraenequipo.com.mx\/api\/wp\/v2\/posts\/154032\/revisions\/154034"}],"wp:featuredmedia":[{"embeddable":true,"href":"https:\/\/www.sonoraenequipo.com.mx\/api\/wp\/v2\/media\/154033"}],"wp:attachment":[{"href":"https:\/\/www.sonoraenequipo.com.mx\/api\/wp\/v2\/media?parent=154032"}],"wp:term":[{"taxonomy":"category","embeddable":true,"href":"https:\/\/www.sonoraenequipo.com.mx\/api\/wp\/v2\/categories?post=154032"},{"taxonomy":"post_tag","embeddable":true,"href":"https:\/\/www.sonoraenequipo.com.mx\/api\/wp\/v2\/tags?post=154032"}],"curies":[{"name":"wp","href":"https:\/\/api.w.org\/{rel}","templated":true}]}}