{"id":154040,"date":"2022-12-08T18:44:10","date_gmt":"2022-12-09T01:44:10","guid":{"rendered":"https:\/\/www.sonoraenequipo.com.mx\/?p=154040"},"modified":"2022-12-08T20:24:34","modified_gmt":"2022-12-09T03:24:34","slug":"giran-orden-de-aprehension-contra-ex-alcalde-de-bj-por-caso-del-cartel-inmobiliario-en-cdmx","status":"publish","type":"post","link":"https:\/\/www.sonoraenequipo.com.mx\/giran-orden-de-aprehension-contra-ex-alcalde-de-bj-por-caso-del-cartel-inmobiliario-en-cdmx\/","title":{"rendered":"Orden de aprehensi\u00f3n contra ex alcalde panista de Benito Ju\u00e1rez por Cartel inmobiliario en CDMX"},"content":{"rendered":"<p><strong>Adem\u00e1s de la orden de aprehensi\u00f3n contra Christian Von Roehrich, la Fiscal\u00eda de la CDMX inform\u00f3 que tres exfuncionarios fueron vinculados a proceso<\/strong><\/p>\n<p><strong>CIUDAD DE M\u00c9XICO,MX.<\/strong><strong>\u2500\u2500<\/strong> \u00a0La Fiscal\u00eda Generar de Justicia de la Ciudad de M\u00e9xico (FGJCDMX) obtuvo una orden de aprehensi\u00f3n en contra de Christian Von Roehrich, diputado capitalino y exalcalde de Benito Ju\u00e1rez, relacionado con el cartel inmobiliario.<\/p>\n<p>&nbsp;<\/p>\n<p> <\/p>\n<p>&nbsp;<\/p>\n<p>Ulises Lara, vocero de la Fiscal\u00eda, inform\u00f3 sobre la b\u00fasqueda del panista, por los delitos de uso ilegal de atribuciones y facultades cometido por servidor p\u00fablico, adem\u00e1s de asociaci\u00f3n delictuosa.<\/p>\n<p>&nbsp;<\/p>\n<p>&nbsp;<\/p>\n<p>Asimismo, dio a conocer la vinculaci\u00f3n a proceso de Ismael \u201cN\u201d, Jos\u00e9 \u201cN\u201d y Alejandro \u201cN\u201d, quienes presuntamente fungieron como prestanombres de otros exservidores p\u00fablicos de alto nivel en la misma alcald\u00eda que actualmente enfrentan proceso penal.<\/p>\n<p>&nbsp;<\/p>\n<p>&nbsp;<\/p>\n<p>Jos\u00e9 Ram\u00f3n \u201cN\u201d, quien fue subdirector de servicios generales en la alcald\u00eda Benito Ju\u00e1rez, fue detenido en la colonia Circuito Actores, en Ciudad Sat\u00e9lite, Naucalpan de Ju\u00e1rez.<\/p>\n<p>&nbsp;<\/p>\n<p>&nbsp;<\/p>\n<p>Alejandro \u201cN\u201d, quien fue subdirector de servicios generales fue detenido en la colonia R\u00edo Loma Bonita, en el municipio de Zapopan, en el estado de Jalisco.<\/p>\n<p>&nbsp;<\/p>\n<h3>Revisar\u00e1n estructura de inmuebles ilegales construidos por cartel inmobiliario en CDMX<\/h3>\n<p>&nbsp;<\/p>\n<p>Mientras que Ismael \u201cN\u201d, quien se desempe\u00f1\u00f3 como contador interno, asesor de la entonces jefatura delegacional, director de recursos materiales y servicios urbanos y director general de administraci\u00f3n, fue aprehendido en la colonia Santa Isabel Industrial, alcald\u00eda Iztapalapa.<\/p>\n<p>&nbsp;<\/p>\n<p>Los imputados fueron trasladados para ser ingresados al Reclusorio Norte, donde un juez de control definir\u00e1 su situaci\u00f3n jur\u00eddica.<\/p>\n<p>&nbsp;<\/p>\n<p>En seguimiento a investigaci\u00f3n por posible corrupci\u00f3n en bienes ra\u00edces en alcald\u00eda Benito Ju\u00e1rez, agentes de \u00a0aprehendieron a tres hombres, por su probable participaci\u00f3n en delito de uso ilegal de atribuciones cometido por servidor p\u00fablico. En breve mayor informaci\u00f3n.<\/p>\n<p>&nbsp;<\/p>\n<p><strong>PUBLICADO EL 08\/DICIEMBRE\/2022 \/ Con informaci\u00f3n de El sol de M\u00e9xico)<\/strong><\/p>\n","protected":false},"excerpt":{"rendered":"<p>Adem\u00e1s de la orden de aprehensi\u00f3n contra Christian Von Roehrich, la Fiscal\u00eda de la CDMX&#8230;<\/p>\n","protected":false},"author":1,"featured_media":154041,"comment_status":"open","ping_status":"open","sticky":false,"template":"","format":"standard","meta":{"_monsterinsights_skip_tracking":false,"_monsterinsights_sitenote_active":false,"_monsterinsights_sitenote_note":"","_monsterinsights_sitenote_category":0,"footnotes":""},"categories":[5],"tags":[],"class_list":["post"],"yoast_head":" \n<title>Sonora en Equipo. Orden de aprehensi\u00f3n contra ex alcalde panista de Benito Ju\u00e1rez por Cartel inmobiliario en CDMX Rep\u00fablica<\/title>\n<meta name=\"description\" content=\"Adem\u00e1s de la orden de aprehensi\u00f3n contra Christian Von Roehrich, la Fiscal\u00eda de la CDMX inform\u00f3 que tres exfuncionarios fueron vinculados a proceso CIUDAD En Sonora en Equipo publicamos toda la informaci\u00f3n de Sonora, M\u00e9xico y el Mundo de manera oportuna y busca que la libertad de expresi\u00f3n sea real. Visita nuestro medio informativo publicado desde Hermosillo, Sonora. %\" \/>\n<meta name=\"robots\" content=\"index, follow, max-snippet:-1, max-image-preview:large, max-video-preview:-1\" \/>\n<link rel=\"canonical\" href=\"https:\/\/www.sonoraenequipo.com.mx\/giran-orden-de-aprehension-contra-ex-alcalde-de-bj-por-caso-del-cartel-inmobiliario-en-cdmx\/\" \/>\n<meta property=\"og:locale\" content=\"es_ES\" \/>\n<meta property=\"og:type\" content=\"article\" \/>\n<meta property=\"og:title\" content=\"Sonora en Equipo. Orden de aprehensi\u00f3n contra ex alcalde panista de Benito Ju\u00e1rez por Cartel inmobiliario en CDMX Rep\u00fablica\" \/>\n<meta property=\"og:description\" content=\"Adem\u00e1s de la orden de aprehensi\u00f3n contra Christian Von Roehrich, la Fiscal\u00eda de la CDMX inform\u00f3 que tres exfuncionarios fueron vinculados a proceso CIUDAD En Sonora en Equipo publicamos toda la informaci\u00f3n de Sonora, M\u00e9xico y el Mundo de manera oportuna y busca que la libertad de expresi\u00f3n sea real. Visita nuestro medio informativo publicado desde Hermosillo, Sonora. %\" \/>\n<meta property=\"og:url\" content=\"https:\/\/www.sonoraenequipo.com.mx\/giran-orden-de-aprehension-contra-ex-alcalde-de-bj-por-caso-del-cartel-inmobiliario-en-cdmx\/\" \/>\n<meta property=\"og:site_name\" content=\"Sonora en Equipo.\" \/>\n<meta property=\"article:publisher\" content=\"https:\/\/www.facebook.com\/SonoraEE\/\" \/>\n<meta property=\"article:author\" content=\"https:\/\/www.facebook.com\/SonoraEE\" \/>\n<meta property=\"article:published_time\" content=\"2022-12-09T01:44:10+00:00\" \/>\n<meta property=\"article:modified_time\" content=\"2022-12-09T03:24:34+00:00\" \/>\n<meta property=\"og:image\" content=\"https:\/\/www.sonoraenequipo.com.mx\/storage\/2022\/12\/von-roerig.jpg\" \/>\n\t<meta property=\"og:image:width\" content=\"600\" \/>\n\t<meta property=\"og:image:height\" content=\"400\" \/>\n\t<meta property=\"og:image:type\" content=\"image\/jpeg\" \/>\n<meta name=\"author\" content=\"enequipo\" \/>\n<meta name=\"twitter:card\" content=\"summary_large_image\" \/>\n<meta name=\"twitter:creator\" content=\"@sonoraenequipo\" \/>\n<meta name=\"twitter:site\" content=\"@sonoraenequipo\" \/>\n<meta name=\"twitter:label1\" content=\"Escrito por\" \/>\n\t<meta name=\"twitter:data1\" content=\"enequipo\" \/>\n\t<meta name=\"twitter:label2\" content=\"Tiempo de lectura\" \/>\n\t<meta name=\"twitter:data2\" content=\"2 minutos\" \/>\n<script type=\"application\/ld+json\" class=\"yoast-schema-graph\">{\"@context\":\"https:\/\/schema.org\",\"@graph\":[{\"@type\":\"Article\",\"@id\":\"https:\/\/www.sonoraenequipo.com.mx\/giran-orden-de-aprehension-contra-ex-alcalde-de-bj-por-caso-del-cartel-inmobiliario-en-cdmx\/#article\",\"isPartOf\":{\"@id\":\"https:\/\/www.sonoraenequipo.com.mx\/giran-orden-de-aprehension-contra-ex-alcalde-de-bj-por-caso-del-cartel-inmobiliario-en-cdmx\/\"},\"author\":{\"name\":\"enequipo\",\"@id\":\"https:\/\/www.sonoraenequipo.com.mx\/#\/schema\/person\/50102df0fb23a8fa9e8effad8fa81386\"},\"headline\":\"Orden de aprehensi\u00f3n contra ex alcalde panista de Benito Ju\u00e1rez por Cartel inmobiliario en CDMX\",\"datePublished\":\"2022-12-09T01:44:10+00:00\",\"dateModified\":\"2022-12-09T03:24:34+00:00\",\"mainEntityOfPage\":{\"@id\":\"https:\/\/www.sonoraenequipo.com.mx\/giran-orden-de-aprehension-contra-ex-alcalde-de-bj-por-caso-del-cartel-inmobiliario-en-cdmx\/\"},\"wordCount\":365,\"commentCount\":0,\"publisher\":{\"@id\":\"https:\/\/www.sonoraenequipo.com.mx\/#organization\"},\"image\":{\"@id\":\"https:\/\/www.sonoraenequipo.com.mx\/giran-orden-de-aprehension-contra-ex-alcalde-de-bj-por-caso-del-cartel-inmobiliario-en-cdmx\/#primaryimage\"},\"thumbnailUrl\":\"https:\/\/www.sonoraenequipo.com.mx\/storage\/2022\/12\/von-roerig.jpg\",\"articleSection\":[\"Rep\u00fablica\"],\"inLanguage\":\"es\",\"potentialAction\":[{\"@type\":\"CommentAction\",\"name\":\"Comment\",\"target\":[\"https:\/\/www.sonoraenequipo.com.mx\/giran-orden-de-aprehension-contra-ex-alcalde-de-bj-por-caso-del-cartel-inmobiliario-en-cdmx\/#respond\"]}]},{\"@type\":\"WebPage\",\"@id\":\"https:\/\/www.sonoraenequipo.com.mx\/giran-orden-de-aprehension-contra-ex-alcalde-de-bj-por-caso-del-cartel-inmobiliario-en-cdmx\/\",\"url\":\"https:\/\/www.sonoraenequipo.com.mx\/giran-orden-de-aprehension-contra-ex-alcalde-de-bj-por-caso-del-cartel-inmobiliario-en-cdmx\/\",\"name\":\"Sonora en Equipo. Orden de aprehensi\u00f3n contra ex alcalde panista de Benito Ju\u00e1rez por Cartel inmobiliario en CDMX Rep\u00fablica\",\"isPartOf\":{\"@id\":\"https:\/\/www.sonoraenequipo.com.mx\/#website\"},\"primaryImageOfPage\":{\"@id\":\"https:\/\/www.sonoraenequipo.com.mx\/giran-orden-de-aprehension-contra-ex-alcalde-de-bj-por-caso-del-cartel-inmobiliario-en-cdmx\/#primaryimage\"},\"image\":{\"@id\":\"https:\/\/www.sonoraenequipo.com.mx\/giran-orden-de-aprehension-contra-ex-alcalde-de-bj-por-caso-del-cartel-inmobiliario-en-cdmx\/#primaryimage\"},\"thumbnailUrl\":\"https:\/\/www.sonoraenequipo.com.mx\/storage\/2022\/12\/von-roerig.jpg\",\"datePublished\":\"2022-12-09T01:44:10+00:00\",\"dateModified\":\"2022-12-09T03:24:34+00:00\",\"description\":\"Adem\u00e1s de la orden de aprehensi\u00f3n contra Christian Von Roehrich, la Fiscal\u00eda de la CDMX inform\u00f3 que tres exfuncionarios fueron vinculados a proceso CIUDAD En Sonora en Equipo publicamos toda la informaci\u00f3n de Sonora, M\u00e9xico y el Mundo de manera oportuna y busca que la libertad de expresi\u00f3n sea real. Visita nuestro medio informativo publicado desde Hermosillo, Sonora. %\",\"breadcrumb\":{\"@id\":\"https:\/\/www.sonoraenequipo.com.mx\/giran-orden-de-aprehension-contra-ex-alcalde-de-bj-por-caso-del-cartel-inmobiliario-en-cdmx\/#breadcrumb\"},\"inLanguage\":\"es\",\"potentialAction\":[{\"@type\":\"ReadAction\",\"target\":[\"https:\/\/www.sonoraenequipo.com.mx\/giran-orden-de-aprehension-contra-ex-alcalde-de-bj-por-caso-del-cartel-inmobiliario-en-cdmx\/\"]}]},{\"@type\":\"ImageObject\",\"inLanguage\":\"es\",\"@id\":\"https:\/\/www.sonoraenequipo.com.mx\/giran-orden-de-aprehension-contra-ex-alcalde-de-bj-por-caso-del-cartel-inmobiliario-en-cdmx\/#primaryimage\",\"url\":\"https:\/\/www.sonoraenequipo.com.mx\/storage\/2022\/12\/von-roerig.jpg\",\"contentUrl\":\"https:\/\/www.sonoraenequipo.com.mx\/storage\/2022\/12\/von-roerig.jpg\",\"width\":600,\"height\":400},{\"@type\":\"BreadcrumbList\",\"@id\":\"https:\/\/www.sonoraenequipo.com.mx\/giran-orden-de-aprehension-contra-ex-alcalde-de-bj-por-caso-del-cartel-inmobiliario-en-cdmx\/#breadcrumb\",\"itemListElement\":[{\"@type\":\"ListItem\",\"position\":1,\"name\":\"Portada\",\"item\":\"https:\/\/www.sonoraenequipo.com.mx\/\"},{\"@type\":\"ListItem\",\"position\":2,\"name\":\"Orden de aprehensi\u00f3n contra ex alcalde panista de Benito Ju\u00e1rez por Cartel inmobiliario en CDMX\"}]},{\"@type\":\"WebSite\",\"@id\":\"https:\/\/www.sonoraenequipo.com.mx\/#website\",\"url\":\"https:\/\/www.sonoraenequipo.com.mx\/\",\"name\":\"Sonora en Equipo.\",\"description\":\"Diario en l\u00ednea con Noticias desde Hermosillo, Sonora\",\"publisher\":{\"@id\":\"https:\/\/www.sonoraenequipo.com.mx\/#organization\"},\"potentialAction\":[{\"@type\":\"SearchAction\",\"target\":{\"@type\":\"EntryPoint\",\"urlTemplate\":\"https:\/\/www.sonoraenequipo.com.mx\/?s={search_term_string}\"},\"query-input\":{\"@type\":\"PropertyValueSpecification\",\"valueRequired\":true,\"valueName\":\"search_term_string\"}}],\"inLanguage\":\"es\"},{\"@type\":\"Organization\",\"@id\":\"https:\/\/www.sonoraenequipo.com.mx\/#organization\",\"name\":\"Sonoraenequipo.com.mx\",\"url\":\"https:\/\/www.sonoraenequipo.com.mx\/\",\"logo\":{\"@type\":\"ImageObject\",\"inLanguage\":\"es\",\"@id\":\"https:\/\/www.sonoraenequipo.com.mx\/#\/schema\/logo\/image\/\",\"url\":\"https:\/\/www.sonoraenequipo.com.mx\/storage\/2019\/01\/sonoraenequipo_opt.png\",\"contentUrl\":\"https:\/\/www.sonoraenequipo.com.mx\/storage\/2019\/01\/sonoraenequipo_opt.png\",\"width\":375,\"height\":125,\"caption\":\"Sonoraenequipo.com.mx\"},\"image\":{\"@id\":\"https:\/\/www.sonoraenequipo.com.mx\/#\/schema\/logo\/image\/\"},\"sameAs\":[\"https:\/\/www.facebook.com\/SonoraEE\/\",\"https:\/\/x.com\/sonoraenequipo\",\"https:\/\/www.youtube.com\/channel\/UC338nW-lPEYmJQs4ZABQ1SQ\"]},{\"@type\":\"Person\",\"@id\":\"https:\/\/www.sonoraenequipo.com.mx\/#\/schema\/person\/50102df0fb23a8fa9e8effad8fa81386\",\"name\":\"enequipo\",\"image\":{\"@type\":\"ImageObject\",\"inLanguage\":\"es\",\"@id\":\"https:\/\/www.sonoraenequipo.com.mx\/#\/schema\/person\/image\/\",\"url\":\"https:\/\/secure.gravatar.com\/avatar\/049821681b589dabc0bc20695993ccebb09f5b5d4d790cd9251b97faac7c652b?s=96&d=blank&r=g\",\"contentUrl\":\"https:\/\/secure.gravatar.com\/avatar\/049821681b589dabc0bc20695993ccebb09f5b5d4d790cd9251b97faac7c652b?s=96&d=blank&r=g\",\"caption\":\"enequipo\"},\"sameAs\":[\"https:\/\/www.facebook.com\/SonoraEE\"]}]}<\/script>\n ","yoast_head_json":{"title":"Sonora en Equipo. Orden de aprehensi\u00f3n contra ex alcalde panista de Benito Ju\u00e1rez por Cartel inmobiliario en CDMX Rep\u00fablica","description":"Adem\u00e1s de la orden de aprehensi\u00f3n contra Christian Von Roehrich, la Fiscal\u00eda de la CDMX inform\u00f3 que tres exfuncionarios fueron vinculados a proceso CIUDAD En Sonora en Equipo publicamos toda la informaci\u00f3n de Sonora, M\u00e9xico y el Mundo de manera oportuna y busca que la libertad de expresi\u00f3n sea real. Visita nuestro medio informativo publicado desde Hermosillo, Sonora. %","robots":{"index":"index","follow":"follow","max-snippet":"max-snippet:-1","max-image-preview":"max-image-preview:large","max-video-preview":"max-video-preview:-1"},"canonical":"https:\/\/www.sonoraenequipo.com.mx\/giran-orden-de-aprehension-contra-ex-alcalde-de-bj-por-caso-del-cartel-inmobiliario-en-cdmx\/","og_locale":"es_ES","og_type":"article","og_title":"Sonora en Equipo. Orden de aprehensi\u00f3n contra ex alcalde panista de Benito Ju\u00e1rez por Cartel inmobiliario en CDMX Rep\u00fablica","og_description":"Adem\u00e1s de la orden de aprehensi\u00f3n contra Christian Von Roehrich, la Fiscal\u00eda de la CDMX inform\u00f3 que tres exfuncionarios fueron vinculados a proceso CIUDAD En Sonora en Equipo publicamos toda la informaci\u00f3n de Sonora, M\u00e9xico y el Mundo de manera oportuna y busca que la libertad de expresi\u00f3n sea real. Visita nuestro medio informativo publicado desde Hermosillo, Sonora. %","og_url":"https:\/\/www.sonoraenequipo.com.mx\/giran-orden-de-aprehension-contra-ex-alcalde-de-bj-por-caso-del-cartel-inmobiliario-en-cdmx\/","og_site_name":"Sonora en Equipo.","article_publisher":"https:\/\/www.facebook.com\/SonoraEE\/","article_author":"https:\/\/www.facebook.com\/SonoraEE","article_published_time":"2022-12-09T01:44:10+00:00","article_modified_time":"2022-12-09T03:24:34+00:00","og_image":[{"width":600,"height":400,"url":"https:\/\/www.sonoraenequipo.com.mx\/storage\/2022\/12\/von-roerig.jpg","type":"image\/jpeg"}],"author":"enequipo","twitter_card":"summary_large_image","twitter_creator":"@sonoraenequipo","twitter_site":"@sonoraenequipo","twitter_misc":{"Escrito por":"enequipo","Tiempo de lectura":"2 minutos"},"schema":{"@context":"https:\/\/schema.org","@graph":[{"@type":"Article","@id":"https:\/\/www.sonoraenequipo.com.mx\/giran-orden-de-aprehension-contra-ex-alcalde-de-bj-por-caso-del-cartel-inmobiliario-en-cdmx\/#article","isPartOf":{"@id":"https:\/\/www.sonoraenequipo.com.mx\/giran-orden-de-aprehension-contra-ex-alcalde-de-bj-por-caso-del-cartel-inmobiliario-en-cdmx\/"},"author":{"name":"enequipo","@id":"https:\/\/www.sonoraenequipo.com.mx\/#\/schema\/person\/50102df0fb23a8fa9e8effad8fa81386"},"headline":"Orden de aprehensi\u00f3n contra ex alcalde panista de Benito Ju\u00e1rez por Cartel inmobiliario en CDMX","datePublished":"2022-12-09T01:44:10+00:00","dateModified":"2022-12-09T03:24:34+00:00","mainEntityOfPage":{"@id":"https:\/\/www.sonoraenequipo.com.mx\/giran-orden-de-aprehension-contra-ex-alcalde-de-bj-por-caso-del-cartel-inmobiliario-en-cdmx\/"},"wordCount":365,"commentCount":0,"publisher":{"@id":"https:\/\/www.sonoraenequipo.com.mx\/#organization"},"image":{"@id":"https:\/\/www.sonoraenequipo.com.mx\/giran-orden-de-aprehension-contra-ex-alcalde-de-bj-por-caso-del-cartel-inmobiliario-en-cdmx\/#primaryimage"},"thumbnailUrl":"https:\/\/www.sonoraenequipo.com.mx\/storage\/2022\/12\/von-roerig.jpg","articleSection":["Rep\u00fablica"],"inLanguage":"es","potentialAction":[{"@type":"CommentAction","name":"Comment","target":["https:\/\/www.sonoraenequipo.com.mx\/giran-orden-de-aprehension-contra-ex-alcalde-de-bj-por-caso-del-cartel-inmobiliario-en-cdmx\/#respond"]}]},{"@type":"WebPage","@id":"https:\/\/www.sonoraenequipo.com.mx\/giran-orden-de-aprehension-contra-ex-alcalde-de-bj-por-caso-del-cartel-inmobiliario-en-cdmx\/","url":"https:\/\/www.sonoraenequipo.com.mx\/giran-orden-de-aprehension-contra-ex-alcalde-de-bj-por-caso-del-cartel-inmobiliario-en-cdmx\/","name":"Sonora en Equipo. Orden de aprehensi\u00f3n contra ex alcalde panista de Benito Ju\u00e1rez por Cartel inmobiliario en CDMX Rep\u00fablica","isPartOf":{"@id":"https:\/\/www.sonoraenequipo.com.mx\/#website"},"primaryImageOfPage":{"@id":"https:\/\/www.sonoraenequipo.com.mx\/giran-orden-de-aprehension-contra-ex-alcalde-de-bj-por-caso-del-cartel-inmobiliario-en-cdmx\/#primaryimage"},"image":{"@id":"https:\/\/www.sonoraenequipo.com.mx\/giran-orden-de-aprehension-contra-ex-alcalde-de-bj-por-caso-del-cartel-inmobiliario-en-cdmx\/#primaryimage"},"thumbnailUrl":"https:\/\/www.sonoraenequipo.com.mx\/storage\/2022\/12\/von-roerig.jpg","datePublished":"2022-12-09T01:44:10+00:00","dateModified":"2022-12-09T03:24:34+00:00","description":"Adem\u00e1s de la orden de aprehensi\u00f3n contra Christian Von Roehrich, la Fiscal\u00eda de la CDMX inform\u00f3 que tres exfuncionarios fueron vinculados a proceso CIUDAD En Sonora en Equipo publicamos toda la informaci\u00f3n de Sonora, M\u00e9xico y el Mundo de manera oportuna y busca que la libertad de expresi\u00f3n sea real. Visita nuestro medio informativo publicado desde Hermosillo, Sonora. %","breadcrumb":{"@id":"https:\/\/www.sonoraenequipo.com.mx\/giran-orden-de-aprehension-contra-ex-alcalde-de-bj-por-caso-del-cartel-inmobiliario-en-cdmx\/#breadcrumb"},"inLanguage":"es","potentialAction":[{"@type":"ReadAction","target":["https:\/\/www.sonoraenequipo.com.mx\/giran-orden-de-aprehension-contra-ex-alcalde-de-bj-por-caso-del-cartel-inmobiliario-en-cdmx\/"]}]},{"@type":"ImageObject","inLanguage":"es","@id":"https:\/\/www.sonoraenequipo.com.mx\/giran-orden-de-aprehension-contra-ex-alcalde-de-bj-por-caso-del-cartel-inmobiliario-en-cdmx\/#primaryimage","url":"https:\/\/www.sonoraenequipo.com.mx\/storage\/2022\/12\/von-roerig.jpg","contentUrl":"https:\/\/www.sonoraenequipo.com.mx\/storage\/2022\/12\/von-roerig.jpg","width":600,"height":400},{"@type":"BreadcrumbList","@id":"https:\/\/www.sonoraenequipo.com.mx\/giran-orden-de-aprehension-contra-ex-alcalde-de-bj-por-caso-del-cartel-inmobiliario-en-cdmx\/#breadcrumb","itemListElement":[{"@type":"ListItem","position":1,"name":"Portada","item":"https:\/\/www.sonoraenequipo.com.mx\/"},{"@type":"ListItem","position":2,"name":"Orden de aprehensi\u00f3n contra ex alcalde panista de Benito Ju\u00e1rez por Cartel inmobiliario en CDMX"}]},{"@type":"WebSite","@id":"https:\/\/www.sonoraenequipo.com.mx\/#website","url":"https:\/\/www.sonoraenequipo.com.mx\/","name":"Sonora en Equipo.","description":"Diario en l\u00ednea con Noticias desde Hermosillo, Sonora","publisher":{"@id":"https:\/\/www.sonoraenequipo.com.mx\/#organization"},"potentialAction":[{"@type":"SearchAction","target":{"@type":"EntryPoint","urlTemplate":"https:\/\/www.sonoraenequipo.com.mx\/?s={search_term_string}"},"query-input":{"@type":"PropertyValueSpecification","valueRequired":true,"valueName":"search_term_string"}}],"inLanguage":"es"},{"@type":"Organization","@id":"https:\/\/www.sonoraenequipo.com.mx\/#organization","name":"Sonoraenequipo.com.mx","url":"https:\/\/www.sonoraenequipo.com.mx\/","logo":{"@type":"ImageObject","inLanguage":"es","@id":"https:\/\/www.sonoraenequipo.com.mx\/#\/schema\/logo\/image\/","url":"https:\/\/www.sonoraenequipo.com.mx\/storage\/2019\/01\/sonoraenequipo_opt.png","contentUrl":"https:\/\/www.sonoraenequipo.com.mx\/storage\/2019\/01\/sonoraenequipo_opt.png","width":375,"height":125,"caption":"Sonoraenequipo.com.mx"},"image":{"@id":"https:\/\/www.sonoraenequipo.com.mx\/#\/schema\/logo\/image\/"},"sameAs":["https:\/\/www.facebook.com\/SonoraEE\/","https:\/\/x.com\/sonoraenequipo","https:\/\/www.youtube.com\/channel\/UC338nW-lPEYmJQs4ZABQ1SQ"]},{"@type":"Person","@id":"https:\/\/www.sonoraenequipo.com.mx\/#\/schema\/person\/50102df0fb23a8fa9e8effad8fa81386","name":"enequipo","image":{"@type":"ImageObject","inLanguage":"es","@id":"https:\/\/www.sonoraenequipo.com.mx\/#\/schema\/person\/image\/","url":"https:\/\/secure.gravatar.com\/avatar\/049821681b589dabc0bc20695993ccebb09f5b5d4d790cd9251b97faac7c652b?s=96&d=blank&r=g","contentUrl":"https:\/\/secure.gravatar.com\/avatar\/049821681b589dabc0bc20695993ccebb09f5b5d4d790cd9251b97faac7c652b?s=96&d=blank&r=g","caption":"enequipo"},"sameAs":["https:\/\/www.facebook.com\/SonoraEE"]}]}},"jetpack_featured_media_url":"https:\/\/www.sonoraenequipo.com.mx\/storage\/2022\/12\/von-roerig.jpg","_links":{"self":[{"href":"https:\/\/www.sonoraenequipo.com.mx\/api\/wp\/v2\/posts\/154040","targetHints":{"allow":["GET"]}}],"collection":[{"href":"https:\/\/www.sonoraenequipo.com.mx\/api\/wp\/v2\/posts"}],"about":[{"href":"https:\/\/www.sonoraenequipo.com.mx\/api\/wp\/v2\/types\/post"}],"author":[{"embeddable":true,"href":"https:\/\/www.sonoraenequipo.com.mx\/api\/wp\/v2\/users\/1"}],"replies":[{"embeddable":true,"href":"https:\/\/www.sonoraenequipo.com.mx\/api\/wp\/v2\/comments?post=154040"}],"version-history":[{"count":4,"href":"https:\/\/www.sonoraenequipo.com.mx\/api\/wp\/v2\/posts\/154040\/revisions"}],"predecessor-version":[{"id":154047,"href":"https:\/\/www.sonoraenequipo.com.mx\/api\/wp\/v2\/posts\/154040\/revisions\/154047"}],"wp:featuredmedia":[{"embeddable":true,"href":"https:\/\/www.sonoraenequipo.com.mx\/api\/wp\/v2\/media\/154041"}],"wp:attachment":[{"href":"https:\/\/www.sonoraenequipo.com.mx\/api\/wp\/v2\/media?parent=154040"}],"wp:term":[{"taxonomy":"category","embeddable":true,"href":"https:\/\/www.sonoraenequipo.com.mx\/api\/wp\/v2\/categories?post=154040"},{"taxonomy":"post_tag","embeddable":true,"href":"https:\/\/www.sonoraenequipo.com.mx\/api\/wp\/v2\/tags?post=154040"}],"curies":[{"name":"wp","href":"https:\/\/api.w.org\/{rel}","templated":true}]}}