{"id":154262,"date":"2022-12-12T15:36:54","date_gmt":"2022-12-12T22:36:54","guid":{"rendered":"https:\/\/www.sonoraenequipo.com.mx\/?p=154262"},"modified":"2022-12-12T15:36:54","modified_gmt":"2022-12-12T22:36:54","slug":"certifican-a-205-servidores-de-la-generacion-2022-de-la-fgje","status":"publish","type":"post","link":"https:\/\/www.sonoraenequipo.com.mx\/certifican-a-205-servidores-de-la-generacion-2022-de-la-fgje\/","title":{"rendered":"Certifican a 205 servidores de la generaci\u00f3n 2022 de la FGJE"},"content":{"rendered":"<p><strong>HERMOSILLO, SONORA,MX.<\/strong><strong>\u2500\u2500<\/strong> A aportar el mayor esfuerzo, valent\u00eda y talento para contribuir a la seguridad de las familias sonorenses, exhort\u00f3 Claudia Indira Contreras C\u00f3rdova a 205 servidores p\u00fablicos de la Fiscal\u00eda de Sonora de la generaci\u00f3n 2022 en capacitaci\u00f3n, adiestramiento y certificaci\u00f3n.<\/p>\n<p>&nbsp;<\/p>\n<p>\u201cNecesitamos hombres y mujeres rectos, \u00e9ticos, seres humanos de coraz\u00f3n valiente y ganas de trascender mediante la vocaci\u00f3n de servicio. La invitaci\u00f3n est\u00e1 hecha\u201d, resalt\u00f3 la Fiscal General de Justicia, en evento celebrado este domingo 11 de noviembre en la Fiscal\u00eda General de Justicia del Estado de Sonora (FGJE).<\/p>\n<p>&nbsp;<\/p>\n<p>Como invitado especial estuvo Alfonso Durazo Monta\u00f1o, Gobernador del Estado, quien celebr\u00f3 la graduaci\u00f3n de los funcionarios de justicia, ya que han dado un paso extraordinario y se necesita de un servicio p\u00fablico de servidoras y servidores p\u00fablicos mejor formados, m\u00e1s capacitados.<\/p>\n<p>&nbsp;<\/p>\n<p>Recibieron su proceso de certificaci\u00f3n 85 eficientes y esforzados servidores p\u00fablicos en su calidad de facilitadoras y facilitadores, apunt\u00f3 Claudia Indira Contreras, quienes tienen la convicci\u00f3n en su ejercicio de manera claro que la c\u00e1rcel no es la \u00fanica alternativa de sanci\u00f3n penal.<\/p>\n<p>&nbsp;<\/p>\n<p>Tan s\u00f3lo en este a\u00f1o, coment\u00f3, la Fiscal\u00eda de Sonora logr\u00f3 recuperar m\u00e1s 86 millones de pesos mediante acuerdo reparatorios, conocidos como Acuerdos de Paz, recursos que no s\u00f3lo quedaron asentados con firmas en un, sino que ya est\u00e1n en manos de las v\u00edctimas.<\/p>\n<p>&nbsp;<\/p>\n<p>\u201cEste gran equipo de facilitadoras y facilitadores han logrado la mediaci\u00f3n de personas que por a\u00f1os estuvieron en conflicto, con ello han resuelto carpetas de investigaci\u00f3n, pero sobre todo, han solucionado de ra\u00edz situaciones que parec\u00edan irreconciliables; con gran habilidad han logrado tender puentes de di\u00e1logo y comunicaci\u00f3n\u201d, destac\u00f3.<\/p>\n<p>&nbsp;<\/p>\n<p>Adem\u00e1s, se certific\u00f3 a 35 integrantes de la Vicefiscal\u00eda especializada en B\u00fasqueda y Localizaci\u00f3n de Personas Desaparecidas, integrada por Agentes del Ministerio P\u00fablico, de la Agencia Ministerial de Investigaci\u00f3n Criminal (AMIC) y administrativos, la primera vez que se hace en la Fiscal\u00eda de Sonora.<\/p>\n<p>&nbsp;<\/p>\n<p>\u201cLa localizaci\u00f3n de personas desaparecidas es, sin duda, una deuda hist\u00f3rica para el sistema penal en todos los pa\u00edses, especialmente Am\u00e9rica Latina, por tanto, es un eje prioritario de toda Fiscal\u00eda de Justicia. En la Fiscal\u00eda de Sonora no hemos escatimado recursos y esfuerzos en esa tarea\u201d, se\u00f1al\u00f3 Contreras C\u00f3rdova.<\/p>\n<p>&nbsp;<\/p>\n<p>\u201cLa experiencia nos ha llevado a comprobar que quien localiza a una persona desparecida devuelve la paz, para una familia en duelo. El personal de la Vicefiscal\u00eda especializada en B\u00fasqueda y Localizaci\u00f3n de Personas Desaparecidas tiene un r\u00e9cord mensual de localizaci\u00f3n con vida de m\u00e1s de 100 personas\u201d, resalt\u00f3.<\/p>\n<p>&nbsp;<\/p>\n<p>Adem\u00e1s, dijo, se realiza una intensa labor con colectivos de b\u00fasqueda, y que personal de la Direcci\u00f3n de Personas Desaparecidas ha realizado este a\u00f1o 611 jornadas, tanto en acompa\u00f1amiento a colectivos como en acciones de investigaci\u00f3n de la misma Fiscal\u00eda, de las cuales 88 han arrojado resultado positivo.<\/p>\n<p>&nbsp;<\/p>\n<p>Tambi\u00e9n se graduaron 85 aspirantes a la Trilog\u00eda Investigadora, mencion\u00f3, quienes concluyeron su proceso de formaci\u00f3n, adiestramiento y capacitaci\u00f3n como Agentes del Ministerio P\u00fablico, Agentes Ministeriales de Investigaci\u00f3n Criminal y de Servicios Periciales.<\/p>\n<p>&nbsp;<\/p>\n<p>\u201cLa solidez cient\u00edfica de una carpeta de investigaci\u00f3n es la mejor repuesta a una sociedad que demanda justicia, esta es la filosof\u00eda que nuestra Trilog\u00eda Investigadora lleva a la pr\u00e1ctica.<\/p>\n<p>&nbsp;<\/p>\n<p>\u201cEste a\u00f1o, la Fiscal\u00eda de Sonora ha logrado m\u00e1s de 4 mil sentencias condenatorias, lo que demuestra el arduo y detallado trabajo de nuestro personal para llevar ante el Juez carpetas de investigaci\u00f3n sustentadas con la solidez cient\u00edfica que las hace irrefutables\u201d, subray\u00f3 la Fiscal General.<\/p>\n<p>&nbsp;<\/p>\n<p>El Gobernador del Estado, Alfonso Durazo Monta\u00f1o, inform\u00f3 que en reconocimiento al paso extraordinario que han dado como servidores p\u00fablicos, mejor formados y m\u00e1s capacitados, se solicit\u00f3 al Congreso del Estado un aumento de 190 millones de pesos en el rubro de personal para al presupuesto de la Fiscal\u00eda de Sonora y que pueda incrementar a 100 personas en diferentes \u00e1reas.<\/p>\n<p>&nbsp;<\/p>\n<p>\u201cHemos hecho un esfuerzo presupuestal importante en el transcurso de este a\u00f1o para homologar algunas percepciones, pero estamos haciendo de nuevo un esfuerzo adicional muy muy importante, estamos proponiendo el Congreso del Estado que, para el presupuesto del pr\u00f3ximo a\u00f1o para la Fiscal\u00eda, nos incrementen en 190 millones de pesos la partida de personal\u201d, expuso.<\/p>\n<p>&nbsp;<\/p>\n<p>En el evento tambi\u00e9n estuvieron como invitados Jorge Luis Moreno Moreno, en representaci\u00f3n del Presidente del Supremo Tribunal de Justicia, Jacobo Mendoza en representaci\u00f3n de la Presidencia del Congreso del Estado de Sonora, Alfredo Montiel God\u00ednez, Coordinador Estatal de la Guardia Nacional.<\/p>\n<p>&nbsp;<\/p>\n<p>Francisco Sergio M\u00e9ndez, Delegado de la Fiscal\u00eda General de la Rep\u00fablica (FGR), Alfredo Hern\u00e1ndez Su\u00e1rez, de la Sexta Regi\u00f3n Naval de la Secretar\u00eda de Marina (SEMAR), Francisco D\u00edaz Brown, Presidente del Comit\u00e9 Ciudadano de Seguridad P\u00fablica, Ram\u00f3n Tadeo Gradias Enr\u00edquez, Vicefiscal de Control de Procesos, Ana Celina Ramos Valenzuela, Vicefiscal en Delitos por Razones de G\u00e9nero, y Carlos Alberto Flores, Comisario de la Agencia Ministerial de Investigaci\u00f3n Criminal (AMIC).<\/p>\n<p>&nbsp;<\/p>\n<p>Ser parte de Fiscal\u00eda es un honor, asever\u00f3 Claudia Indira Contreras, pero tambi\u00e9n representa una enorme responsabilidad, ya que se atiende a seres humanos que han sido lastimados y que merecen justicia, por eso del compromiso de contar con los mejores elementos, los que han demostrado gran vocaci\u00f3n de servicio.<\/p>\n<p>&nbsp;<\/p>\n<p>\u201cSi trabajas en la Fiscal\u00eda de Sonora seguramente trabajar\u00e1s a deshoras, sacrificar\u00e1s d\u00edas festivos, pero experimentar\u00e1s vivencias \u00fanicas, al rescatar a un ni\u00f1o o una mujer en peligro, a entender el valor de la gratitud en los ojos de una familia, o un anciano al que has rescatado de una situaci\u00f3n adversa.<\/p>\n<p>&nbsp;<\/p>\n<p>\u201cPobre de aquel o aquella que incurra en decisiones equivocas, no s\u00f3lo quedar\u00e1 fuera de la Instituci\u00f3n, sino que marcar\u00e1 con tinta indeleble su trayectoria, y no podr\u00e1 jam\u00e1s, construir una herencia de honor para sus hijas e hijos\u201d, sentenci\u00f3 la Fiscal General.<\/p>\n<p>&nbsp;<\/p>\n<p><strong><em><u>Fecha de publicaci\u00f3n\u00a0\u00a0 lunes 12 de diciembre de 2022 con informaci\u00f3n de boletines<\/u><\/em><\/strong><\/p>\n","protected":false},"excerpt":{"rendered":"<p>HERMOSILLO, SONORA,MX.\u2500\u2500 A aportar el mayor esfuerzo, valent\u00eda y talento para contribuir a la seguridad&#8230;<\/p>\n","protected":false},"author":1,"featured_media":154263,"comment_status":"open","ping_status":"open","sticky":false,"template":"","format":"standard","meta":{"_monsterinsights_skip_tracking":false,"_monsterinsights_sitenote_active":false,"_monsterinsights_sitenote_note":"","_monsterinsights_sitenote_category":0,"footnotes":""},"categories":[22],"tags":[],"class_list":["post"],"yoast_head":" \n<title>Sonora en Equipo. Certifican a 205 servidores de la generaci\u00f3n 2022 de la FGJE Sonora<\/title>\n<meta name=\"description\" content=\"HERMOSILLO, SONORA,MX.\u2500\u2500 A aportar el mayor esfuerzo, valent\u00eda y talento para contribuir a la seguridad de las familias sonorenses, exhort\u00f3 Claudia Indira En Sonora en Equipo publicamos toda la informaci\u00f3n de Sonora, M\u00e9xico y el Mundo de manera oportuna y busca que la libertad de expresi\u00f3n sea real. Visita nuestro medio informativo publicado desde Hermosillo, Sonora. %\" \/>\n<meta name=\"robots\" content=\"index, follow, max-snippet:-1, max-image-preview:large, max-video-preview:-1\" \/>\n<link rel=\"canonical\" href=\"https:\/\/www.sonoraenequipo.com.mx\/certifican-a-205-servidores-de-la-generacion-2022-de-la-fgje\/\" \/>\n<meta property=\"og:locale\" content=\"es_ES\" \/>\n<meta property=\"og:type\" content=\"article\" \/>\n<meta property=\"og:title\" content=\"Sonora en Equipo. Certifican a 205 servidores de la generaci\u00f3n 2022 de la FGJE Sonora\" \/>\n<meta property=\"og:description\" content=\"HERMOSILLO, SONORA,MX.\u2500\u2500 A aportar el mayor esfuerzo, valent\u00eda y talento para contribuir a la seguridad de las familias sonorenses, exhort\u00f3 Claudia Indira En Sonora en Equipo publicamos toda la informaci\u00f3n de Sonora, M\u00e9xico y el Mundo de manera oportuna y busca que la libertad de expresi\u00f3n sea real. Visita nuestro medio informativo publicado desde Hermosillo, Sonora. %\" \/>\n<meta property=\"og:url\" content=\"https:\/\/www.sonoraenequipo.com.mx\/certifican-a-205-servidores-de-la-generacion-2022-de-la-fgje\/\" \/>\n<meta property=\"og:site_name\" content=\"Sonora en Equipo.\" \/>\n<meta property=\"article:publisher\" content=\"https:\/\/www.facebook.com\/SonoraEE\/\" \/>\n<meta property=\"article:author\" content=\"https:\/\/www.facebook.com\/SonoraEE\" \/>\n<meta property=\"article:published_time\" content=\"2022-12-12T22:36:54+00:00\" \/>\n<meta property=\"og:image\" content=\"https:\/\/www.sonoraenequipo.com.mx\/storage\/2022\/12\/serv-fgje.jpg\" \/>\n\t<meta property=\"og:image:width\" content=\"600\" \/>\n\t<meta property=\"og:image:height\" content=\"400\" \/>\n\t<meta property=\"og:image:type\" content=\"image\/jpeg\" \/>\n<meta name=\"author\" content=\"enequipo\" \/>\n<meta name=\"twitter:card\" content=\"summary_large_image\" \/>\n<meta name=\"twitter:creator\" content=\"@sonoraenequipo\" \/>\n<meta name=\"twitter:site\" content=\"@sonoraenequipo\" \/>\n<meta name=\"twitter:label1\" content=\"Escrito por\" \/>\n\t<meta name=\"twitter:data1\" content=\"enequipo\" \/>\n\t<meta name=\"twitter:label2\" content=\"Tiempo de lectura\" \/>\n\t<meta name=\"twitter:data2\" content=\"5 minutos\" \/>\n<script type=\"application\/ld+json\" class=\"yoast-schema-graph\">{\"@context\":\"https:\/\/schema.org\",\"@graph\":[{\"@type\":\"Article\",\"@id\":\"https:\/\/www.sonoraenequipo.com.mx\/certifican-a-205-servidores-de-la-generacion-2022-de-la-fgje\/#article\",\"isPartOf\":{\"@id\":\"https:\/\/www.sonoraenequipo.com.mx\/certifican-a-205-servidores-de-la-generacion-2022-de-la-fgje\/\"},\"author\":{\"name\":\"enequipo\",\"@id\":\"https:\/\/www.sonoraenequipo.com.mx\/#\/schema\/person\/50102df0fb23a8fa9e8effad8fa81386\"},\"headline\":\"Certifican a 205 servidores de la generaci\u00f3n 2022 de la FGJE\",\"datePublished\":\"2022-12-12T22:36:54+00:00\",\"mainEntityOfPage\":{\"@id\":\"https:\/\/www.sonoraenequipo.com.mx\/certifican-a-205-servidores-de-la-generacion-2022-de-la-fgje\/\"},\"wordCount\":1088,\"commentCount\":0,\"publisher\":{\"@id\":\"https:\/\/www.sonoraenequipo.com.mx\/#organization\"},\"image\":{\"@id\":\"https:\/\/www.sonoraenequipo.com.mx\/certifican-a-205-servidores-de-la-generacion-2022-de-la-fgje\/#primaryimage\"},\"thumbnailUrl\":\"https:\/\/www.sonoraenequipo.com.mx\/storage\/2022\/12\/serv-fgje.jpg\",\"articleSection\":[\"Sonora\"],\"inLanguage\":\"es\",\"potentialAction\":[{\"@type\":\"CommentAction\",\"name\":\"Comment\",\"target\":[\"https:\/\/www.sonoraenequipo.com.mx\/certifican-a-205-servidores-de-la-generacion-2022-de-la-fgje\/#respond\"]}]},{\"@type\":\"WebPage\",\"@id\":\"https:\/\/www.sonoraenequipo.com.mx\/certifican-a-205-servidores-de-la-generacion-2022-de-la-fgje\/\",\"url\":\"https:\/\/www.sonoraenequipo.com.mx\/certifican-a-205-servidores-de-la-generacion-2022-de-la-fgje\/\",\"name\":\"Sonora en Equipo. Certifican a 205 servidores de la generaci\u00f3n 2022 de la FGJE Sonora\",\"isPartOf\":{\"@id\":\"https:\/\/www.sonoraenequipo.com.mx\/#website\"},\"primaryImageOfPage\":{\"@id\":\"https:\/\/www.sonoraenequipo.com.mx\/certifican-a-205-servidores-de-la-generacion-2022-de-la-fgje\/#primaryimage\"},\"image\":{\"@id\":\"https:\/\/www.sonoraenequipo.com.mx\/certifican-a-205-servidores-de-la-generacion-2022-de-la-fgje\/#primaryimage\"},\"thumbnailUrl\":\"https:\/\/www.sonoraenequipo.com.mx\/storage\/2022\/12\/serv-fgje.jpg\",\"datePublished\":\"2022-12-12T22:36:54+00:00\",\"description\":\"HERMOSILLO, SONORA,MX.\u2500\u2500 A aportar el mayor esfuerzo, valent\u00eda y talento para contribuir a la seguridad de las familias sonorenses, exhort\u00f3 Claudia Indira En Sonora en Equipo publicamos toda la informaci\u00f3n de Sonora, M\u00e9xico y el Mundo de manera oportuna y busca que la libertad de expresi\u00f3n sea real. Visita nuestro medio informativo publicado desde Hermosillo, Sonora. %\",\"breadcrumb\":{\"@id\":\"https:\/\/www.sonoraenequipo.com.mx\/certifican-a-205-servidores-de-la-generacion-2022-de-la-fgje\/#breadcrumb\"},\"inLanguage\":\"es\",\"potentialAction\":[{\"@type\":\"ReadAction\",\"target\":[\"https:\/\/www.sonoraenequipo.com.mx\/certifican-a-205-servidores-de-la-generacion-2022-de-la-fgje\/\"]}]},{\"@type\":\"ImageObject\",\"inLanguage\":\"es\",\"@id\":\"https:\/\/www.sonoraenequipo.com.mx\/certifican-a-205-servidores-de-la-generacion-2022-de-la-fgje\/#primaryimage\",\"url\":\"https:\/\/www.sonoraenequipo.com.mx\/storage\/2022\/12\/serv-fgje.jpg\",\"contentUrl\":\"https:\/\/www.sonoraenequipo.com.mx\/storage\/2022\/12\/serv-fgje.jpg\",\"width\":600,\"height\":400},{\"@type\":\"BreadcrumbList\",\"@id\":\"https:\/\/www.sonoraenequipo.com.mx\/certifican-a-205-servidores-de-la-generacion-2022-de-la-fgje\/#breadcrumb\",\"itemListElement\":[{\"@type\":\"ListItem\",\"position\":1,\"name\":\"Portada\",\"item\":\"https:\/\/www.sonoraenequipo.com.mx\/\"},{\"@type\":\"ListItem\",\"position\":2,\"name\":\"Certifican a 205 servidores de la generaci\u00f3n 2022 de la FGJE\"}]},{\"@type\":\"WebSite\",\"@id\":\"https:\/\/www.sonoraenequipo.com.mx\/#website\",\"url\":\"https:\/\/www.sonoraenequipo.com.mx\/\",\"name\":\"Sonora en Equipo.\",\"description\":\"Diario en l\u00ednea con Noticias desde Hermosillo, Sonora\",\"publisher\":{\"@id\":\"https:\/\/www.sonoraenequipo.com.mx\/#organization\"},\"potentialAction\":[{\"@type\":\"SearchAction\",\"target\":{\"@type\":\"EntryPoint\",\"urlTemplate\":\"https:\/\/www.sonoraenequipo.com.mx\/?s={search_term_string}\"},\"query-input\":{\"@type\":\"PropertyValueSpecification\",\"valueRequired\":true,\"valueName\":\"search_term_string\"}}],\"inLanguage\":\"es\"},{\"@type\":\"Organization\",\"@id\":\"https:\/\/www.sonoraenequipo.com.mx\/#organization\",\"name\":\"Sonoraenequipo.com.mx\",\"url\":\"https:\/\/www.sonoraenequipo.com.mx\/\",\"logo\":{\"@type\":\"ImageObject\",\"inLanguage\":\"es\",\"@id\":\"https:\/\/www.sonoraenequipo.com.mx\/#\/schema\/logo\/image\/\",\"url\":\"https:\/\/www.sonoraenequipo.com.mx\/storage\/2019\/01\/sonoraenequipo_opt.png\",\"contentUrl\":\"https:\/\/www.sonoraenequipo.com.mx\/storage\/2019\/01\/sonoraenequipo_opt.png\",\"width\":375,\"height\":125,\"caption\":\"Sonoraenequipo.com.mx\"},\"image\":{\"@id\":\"https:\/\/www.sonoraenequipo.com.mx\/#\/schema\/logo\/image\/\"},\"sameAs\":[\"https:\/\/www.facebook.com\/SonoraEE\/\",\"https:\/\/x.com\/sonoraenequipo\",\"https:\/\/www.youtube.com\/channel\/UC338nW-lPEYmJQs4ZABQ1SQ\"]},{\"@type\":\"Person\",\"@id\":\"https:\/\/www.sonoraenequipo.com.mx\/#\/schema\/person\/50102df0fb23a8fa9e8effad8fa81386\",\"name\":\"enequipo\",\"image\":{\"@type\":\"ImageObject\",\"inLanguage\":\"es\",\"@id\":\"https:\/\/www.sonoraenequipo.com.mx\/#\/schema\/person\/image\/\",\"url\":\"https:\/\/secure.gravatar.com\/avatar\/049821681b589dabc0bc20695993ccebb09f5b5d4d790cd9251b97faac7c652b?s=96&d=blank&r=g\",\"contentUrl\":\"https:\/\/secure.gravatar.com\/avatar\/049821681b589dabc0bc20695993ccebb09f5b5d4d790cd9251b97faac7c652b?s=96&d=blank&r=g\",\"caption\":\"enequipo\"},\"sameAs\":[\"https:\/\/www.facebook.com\/SonoraEE\"]}]}<\/script>\n ","yoast_head_json":{"title":"Sonora en Equipo. Certifican a 205 servidores de la generaci\u00f3n 2022 de la FGJE Sonora","description":"HERMOSILLO, SONORA,MX.\u2500\u2500 A aportar el mayor esfuerzo, valent\u00eda y talento para contribuir a la seguridad de las familias sonorenses, exhort\u00f3 Claudia Indira En Sonora en Equipo publicamos toda la informaci\u00f3n de Sonora, M\u00e9xico y el Mundo de manera oportuna y busca que la libertad de expresi\u00f3n sea real. Visita nuestro medio informativo publicado desde Hermosillo, Sonora. %","robots":{"index":"index","follow":"follow","max-snippet":"max-snippet:-1","max-image-preview":"max-image-preview:large","max-video-preview":"max-video-preview:-1"},"canonical":"https:\/\/www.sonoraenequipo.com.mx\/certifican-a-205-servidores-de-la-generacion-2022-de-la-fgje\/","og_locale":"es_ES","og_type":"article","og_title":"Sonora en Equipo. Certifican a 205 servidores de la generaci\u00f3n 2022 de la FGJE Sonora","og_description":"HERMOSILLO, SONORA,MX.\u2500\u2500 A aportar el mayor esfuerzo, valent\u00eda y talento para contribuir a la seguridad de las familias sonorenses, exhort\u00f3 Claudia Indira En Sonora en Equipo publicamos toda la informaci\u00f3n de Sonora, M\u00e9xico y el Mundo de manera oportuna y busca que la libertad de expresi\u00f3n sea real. Visita nuestro medio informativo publicado desde Hermosillo, Sonora. %","og_url":"https:\/\/www.sonoraenequipo.com.mx\/certifican-a-205-servidores-de-la-generacion-2022-de-la-fgje\/","og_site_name":"Sonora en Equipo.","article_publisher":"https:\/\/www.facebook.com\/SonoraEE\/","article_author":"https:\/\/www.facebook.com\/SonoraEE","article_published_time":"2022-12-12T22:36:54+00:00","og_image":[{"width":600,"height":400,"url":"https:\/\/www.sonoraenequipo.com.mx\/storage\/2022\/12\/serv-fgje.jpg","type":"image\/jpeg"}],"author":"enequipo","twitter_card":"summary_large_image","twitter_creator":"@sonoraenequipo","twitter_site":"@sonoraenequipo","twitter_misc":{"Escrito por":"enequipo","Tiempo de lectura":"5 minutos"},"schema":{"@context":"https:\/\/schema.org","@graph":[{"@type":"Article","@id":"https:\/\/www.sonoraenequipo.com.mx\/certifican-a-205-servidores-de-la-generacion-2022-de-la-fgje\/#article","isPartOf":{"@id":"https:\/\/www.sonoraenequipo.com.mx\/certifican-a-205-servidores-de-la-generacion-2022-de-la-fgje\/"},"author":{"name":"enequipo","@id":"https:\/\/www.sonoraenequipo.com.mx\/#\/schema\/person\/50102df0fb23a8fa9e8effad8fa81386"},"headline":"Certifican a 205 servidores de la generaci\u00f3n 2022 de la FGJE","datePublished":"2022-12-12T22:36:54+00:00","mainEntityOfPage":{"@id":"https:\/\/www.sonoraenequipo.com.mx\/certifican-a-205-servidores-de-la-generacion-2022-de-la-fgje\/"},"wordCount":1088,"commentCount":0,"publisher":{"@id":"https:\/\/www.sonoraenequipo.com.mx\/#organization"},"image":{"@id":"https:\/\/www.sonoraenequipo.com.mx\/certifican-a-205-servidores-de-la-generacion-2022-de-la-fgje\/#primaryimage"},"thumbnailUrl":"https:\/\/www.sonoraenequipo.com.mx\/storage\/2022\/12\/serv-fgje.jpg","articleSection":["Sonora"],"inLanguage":"es","potentialAction":[{"@type":"CommentAction","name":"Comment","target":["https:\/\/www.sonoraenequipo.com.mx\/certifican-a-205-servidores-de-la-generacion-2022-de-la-fgje\/#respond"]}]},{"@type":"WebPage","@id":"https:\/\/www.sonoraenequipo.com.mx\/certifican-a-205-servidores-de-la-generacion-2022-de-la-fgje\/","url":"https:\/\/www.sonoraenequipo.com.mx\/certifican-a-205-servidores-de-la-generacion-2022-de-la-fgje\/","name":"Sonora en Equipo. Certifican a 205 servidores de la generaci\u00f3n 2022 de la FGJE Sonora","isPartOf":{"@id":"https:\/\/www.sonoraenequipo.com.mx\/#website"},"primaryImageOfPage":{"@id":"https:\/\/www.sonoraenequipo.com.mx\/certifican-a-205-servidores-de-la-generacion-2022-de-la-fgje\/#primaryimage"},"image":{"@id":"https:\/\/www.sonoraenequipo.com.mx\/certifican-a-205-servidores-de-la-generacion-2022-de-la-fgje\/#primaryimage"},"thumbnailUrl":"https:\/\/www.sonoraenequipo.com.mx\/storage\/2022\/12\/serv-fgje.jpg","datePublished":"2022-12-12T22:36:54+00:00","description":"HERMOSILLO, SONORA,MX.\u2500\u2500 A aportar el mayor esfuerzo, valent\u00eda y talento para contribuir a la seguridad de las familias sonorenses, exhort\u00f3 Claudia Indira En Sonora en Equipo publicamos toda la informaci\u00f3n de Sonora, M\u00e9xico y el Mundo de manera oportuna y busca que la libertad de expresi\u00f3n sea real. Visita nuestro medio informativo publicado desde Hermosillo, Sonora. %","breadcrumb":{"@id":"https:\/\/www.sonoraenequipo.com.mx\/certifican-a-205-servidores-de-la-generacion-2022-de-la-fgje\/#breadcrumb"},"inLanguage":"es","potentialAction":[{"@type":"ReadAction","target":["https:\/\/www.sonoraenequipo.com.mx\/certifican-a-205-servidores-de-la-generacion-2022-de-la-fgje\/"]}]},{"@type":"ImageObject","inLanguage":"es","@id":"https:\/\/www.sonoraenequipo.com.mx\/certifican-a-205-servidores-de-la-generacion-2022-de-la-fgje\/#primaryimage","url":"https:\/\/www.sonoraenequipo.com.mx\/storage\/2022\/12\/serv-fgje.jpg","contentUrl":"https:\/\/www.sonoraenequipo.com.mx\/storage\/2022\/12\/serv-fgje.jpg","width":600,"height":400},{"@type":"BreadcrumbList","@id":"https:\/\/www.sonoraenequipo.com.mx\/certifican-a-205-servidores-de-la-generacion-2022-de-la-fgje\/#breadcrumb","itemListElement":[{"@type":"ListItem","position":1,"name":"Portada","item":"https:\/\/www.sonoraenequipo.com.mx\/"},{"@type":"ListItem","position":2,"name":"Certifican a 205 servidores de la generaci\u00f3n 2022 de la FGJE"}]},{"@type":"WebSite","@id":"https:\/\/www.sonoraenequipo.com.mx\/#website","url":"https:\/\/www.sonoraenequipo.com.mx\/","name":"Sonora en Equipo.","description":"Diario en l\u00ednea con Noticias desde Hermosillo, Sonora","publisher":{"@id":"https:\/\/www.sonoraenequipo.com.mx\/#organization"},"potentialAction":[{"@type":"SearchAction","target":{"@type":"EntryPoint","urlTemplate":"https:\/\/www.sonoraenequipo.com.mx\/?s={search_term_string}"},"query-input":{"@type":"PropertyValueSpecification","valueRequired":true,"valueName":"search_term_string"}}],"inLanguage":"es"},{"@type":"Organization","@id":"https:\/\/www.sonoraenequipo.com.mx\/#organization","name":"Sonoraenequipo.com.mx","url":"https:\/\/www.sonoraenequipo.com.mx\/","logo":{"@type":"ImageObject","inLanguage":"es","@id":"https:\/\/www.sonoraenequipo.com.mx\/#\/schema\/logo\/image\/","url":"https:\/\/www.sonoraenequipo.com.mx\/storage\/2019\/01\/sonoraenequipo_opt.png","contentUrl":"https:\/\/www.sonoraenequipo.com.mx\/storage\/2019\/01\/sonoraenequipo_opt.png","width":375,"height":125,"caption":"Sonoraenequipo.com.mx"},"image":{"@id":"https:\/\/www.sonoraenequipo.com.mx\/#\/schema\/logo\/image\/"},"sameAs":["https:\/\/www.facebook.com\/SonoraEE\/","https:\/\/x.com\/sonoraenequipo","https:\/\/www.youtube.com\/channel\/UC338nW-lPEYmJQs4ZABQ1SQ"]},{"@type":"Person","@id":"https:\/\/www.sonoraenequipo.com.mx\/#\/schema\/person\/50102df0fb23a8fa9e8effad8fa81386","name":"enequipo","image":{"@type":"ImageObject","inLanguage":"es","@id":"https:\/\/www.sonoraenequipo.com.mx\/#\/schema\/person\/image\/","url":"https:\/\/secure.gravatar.com\/avatar\/049821681b589dabc0bc20695993ccebb09f5b5d4d790cd9251b97faac7c652b?s=96&d=blank&r=g","contentUrl":"https:\/\/secure.gravatar.com\/avatar\/049821681b589dabc0bc20695993ccebb09f5b5d4d790cd9251b97faac7c652b?s=96&d=blank&r=g","caption":"enequipo"},"sameAs":["https:\/\/www.facebook.com\/SonoraEE"]}]}},"jetpack_featured_media_url":"https:\/\/www.sonoraenequipo.com.mx\/storage\/2022\/12\/serv-fgje.jpg","_links":{"self":[{"href":"https:\/\/www.sonoraenequipo.com.mx\/api\/wp\/v2\/posts\/154262","targetHints":{"allow":["GET"]}}],"collection":[{"href":"https:\/\/www.sonoraenequipo.com.mx\/api\/wp\/v2\/posts"}],"about":[{"href":"https:\/\/www.sonoraenequipo.com.mx\/api\/wp\/v2\/types\/post"}],"author":[{"embeddable":true,"href":"https:\/\/www.sonoraenequipo.com.mx\/api\/wp\/v2\/users\/1"}],"replies":[{"embeddable":true,"href":"https:\/\/www.sonoraenequipo.com.mx\/api\/wp\/v2\/comments?post=154262"}],"version-history":[{"count":1,"href":"https:\/\/www.sonoraenequipo.com.mx\/api\/wp\/v2\/posts\/154262\/revisions"}],"predecessor-version":[{"id":154264,"href":"https:\/\/www.sonoraenequipo.com.mx\/api\/wp\/v2\/posts\/154262\/revisions\/154264"}],"wp:featuredmedia":[{"embeddable":true,"href":"https:\/\/www.sonoraenequipo.com.mx\/api\/wp\/v2\/media\/154263"}],"wp:attachment":[{"href":"https:\/\/www.sonoraenequipo.com.mx\/api\/wp\/v2\/media?parent=154262"}],"wp:term":[{"taxonomy":"category","embeddable":true,"href":"https:\/\/www.sonoraenequipo.com.mx\/api\/wp\/v2\/categories?post=154262"},{"taxonomy":"post_tag","embeddable":true,"href":"https:\/\/www.sonoraenequipo.com.mx\/api\/wp\/v2\/tags?post=154262"}],"curies":[{"name":"wp","href":"https:\/\/api.w.org\/{rel}","templated":true}]}}