{"id":154638,"date":"2022-12-16T16:22:20","date_gmt":"2022-12-16T23:22:20","guid":{"rendered":"https:\/\/www.sonoraenequipo.com.mx\/?p=154638"},"modified":"2022-12-16T22:14:09","modified_gmt":"2022-12-17T05:14:09","slug":"el-centro-de-conciliacion-laboral-permanecera-operando-regularmente-durante-el-periodo-vacacional-decembrino","status":"publish","type":"post","link":"https:\/\/www.sonoraenequipo.com.mx\/el-centro-de-conciliacion-laboral-permanecera-operando-regularmente-durante-el-periodo-vacacional-decembrino\/","title":{"rendered":"El Centro de Conciliaci\u00f3n Laboral permanecer\u00e1 operando regularmente durante el per\u00edodo vacacional decembrino"},"content":{"rendered":"<p><strong>HERMOSILLO, SONORA. MX.<\/strong>\u2014 El Centro de Conciliaci\u00f3n Laboral (CCL) del Estado de Sonora seguir\u00e1 sus operaciones de manera habitual durante este periodo vacacional decembrino. Los usuarios de dicho organismo ser\u00e1n atendidos en un horario de atenci\u00f3n desde las 8:00 hasta las 15:00 horas, inform\u00f3 el director general, David Fernando Soto Alday.<\/p>\n<p>&nbsp;<\/p>\n<p>&nbsp;<\/p>\n<p> <\/p>\n<p>&nbsp;<\/p>\n<p>El funcionario inform\u00f3 que todas las sedes integrantes del CCL seguir\u00e1n laborando para dar continuidad a la atenci\u00f3n de los ciudadanos y ciudadanas que requieren de sus servicios para as\u00ed seguir atendiendo efectivamente la demanda del mes de diciembre.<\/p>\n<p>&nbsp;<\/p>\n<p>Recomend\u00f3 a quienes est\u00e9n interesados en recibir mayor informaci\u00f3n sobre los servicios estar pendientes de las redes sociales del centro en Facebook y Twitter, as\u00ed como en la p\u00e1gina web oficial donde los usuarios pueden realizar solicitud de audiencia de conciliaci\u00f3n por medio del Sistema Nacional de Conciliaci\u00f3n (SINACOL). #CCLSON<\/p>\n<p>&nbsp;<\/p>\n<p><a href=\"http:\/\/P\u00e1gina web oficial: https:\/\/cclsonora.gob.mx\/\"><strong>P\u00e1gina web oficial: https:\/\/cclsonora.gob.mx\/<\/strong><\/a><\/p>\n<p>&nbsp;<\/p>\n<p>PUBLICADO EL 16\/DICIEMBRE\/2022 \/Con informaci\u00f3n de GOBSON 1222-147)<\/p>\n","protected":false},"excerpt":{"rendered":"<p>HERMOSILLO, SONORA. MX.\u2014 El Centro de Conciliaci\u00f3n Laboral (CCL) del Estado de Sonora seguir\u00e1 sus&#8230;<\/p>\n","protected":false},"author":1,"featured_media":154615,"comment_status":"open","ping_status":"open","sticky":false,"template":"","format":"standard","meta":{"_monsterinsights_skip_tracking":false,"_monsterinsights_sitenote_active":false,"_monsterinsights_sitenote_note":"","_monsterinsights_sitenote_category":0,"footnotes":""},"categories":[22],"tags":[],"class_list":["post"],"yoast_head":" \n<title>Sonora en Equipo. El Centro de Conciliaci\u00f3n Laboral permanecer\u00e1 operando regularmente durante el per\u00edodo vacacional decembrino Sonora<\/title>\n<meta name=\"description\" content=\"HERMOSILLO, SONORA. MX.\u2014 El Centro de Conciliaci\u00f3n Laboral (CCL) del Estado de Sonora seguir\u00e1 sus operaciones de manera habitual durante este periodo En Sonora en Equipo publicamos toda la informaci\u00f3n de Sonora, M\u00e9xico y el Mundo de manera oportuna y busca que la libertad de expresi\u00f3n sea real. Visita nuestro medio informativo publicado desde Hermosillo, Sonora. %\" \/>\n<meta name=\"robots\" content=\"index, follow, max-snippet:-1, max-image-preview:large, max-video-preview:-1\" \/>\n<link rel=\"canonical\" href=\"https:\/\/www.sonoraenequipo.com.mx\/el-centro-de-conciliacion-laboral-permanecera-operando-regularmente-durante-el-periodo-vacacional-decembrino\/\" \/>\n<meta property=\"og:locale\" content=\"es_ES\" \/>\n<meta property=\"og:type\" content=\"article\" \/>\n<meta property=\"og:title\" content=\"Sonora en Equipo. El Centro de Conciliaci\u00f3n Laboral permanecer\u00e1 operando regularmente durante el per\u00edodo vacacional decembrino Sonora\" \/>\n<meta property=\"og:description\" content=\"HERMOSILLO, SONORA. MX.\u2014 El Centro de Conciliaci\u00f3n Laboral (CCL) del Estado de Sonora seguir\u00e1 sus operaciones de manera habitual durante este periodo En Sonora en Equipo publicamos toda la informaci\u00f3n de Sonora, M\u00e9xico y el Mundo de manera oportuna y busca que la libertad de expresi\u00f3n sea real. Visita nuestro medio informativo publicado desde Hermosillo, Sonora. %\" \/>\n<meta property=\"og:url\" content=\"https:\/\/www.sonoraenequipo.com.mx\/el-centro-de-conciliacion-laboral-permanecera-operando-regularmente-durante-el-periodo-vacacional-decembrino\/\" \/>\n<meta property=\"og:site_name\" content=\"Sonora en Equipo.\" \/>\n<meta property=\"article:publisher\" content=\"https:\/\/www.facebook.com\/SonoraEE\/\" \/>\n<meta property=\"article:author\" content=\"https:\/\/www.facebook.com\/SonoraEE\" \/>\n<meta property=\"article:published_time\" content=\"2022-12-16T23:22:20+00:00\" \/>\n<meta property=\"article:modified_time\" content=\"2022-12-17T05:14:09+00:00\" \/>\n<meta property=\"og:image\" content=\"https:\/\/www.sonoraenequipo.com.mx\/storage\/2022\/12\/sectrabajo1.jpg\" \/>\n\t<meta property=\"og:image:width\" content=\"900\" \/>\n\t<meta property=\"og:image:height\" content=\"506\" \/>\n\t<meta property=\"og:image:type\" content=\"image\/jpeg\" \/>\n<meta name=\"author\" content=\"enequipo\" \/>\n<meta name=\"twitter:card\" content=\"summary_large_image\" \/>\n<meta name=\"twitter:creator\" content=\"@sonoraenequipo\" \/>\n<meta name=\"twitter:site\" content=\"@sonoraenequipo\" \/>\n<meta name=\"twitter:label1\" content=\"Escrito por\" \/>\n\t<meta name=\"twitter:data1\" content=\"enequipo\" \/>\n\t<meta name=\"twitter:label2\" content=\"Tiempo de lectura\" \/>\n\t<meta name=\"twitter:data2\" content=\"1 minuto\" \/>\n<script type=\"application\/ld+json\" class=\"yoast-schema-graph\">{\"@context\":\"https:\/\/schema.org\",\"@graph\":[{\"@type\":\"Article\",\"@id\":\"https:\/\/www.sonoraenequipo.com.mx\/el-centro-de-conciliacion-laboral-permanecera-operando-regularmente-durante-el-periodo-vacacional-decembrino\/#article\",\"isPartOf\":{\"@id\":\"https:\/\/www.sonoraenequipo.com.mx\/el-centro-de-conciliacion-laboral-permanecera-operando-regularmente-durante-el-periodo-vacacional-decembrino\/\"},\"author\":{\"name\":\"enequipo\",\"@id\":\"https:\/\/www.sonoraenequipo.com.mx\/#\/schema\/person\/50102df0fb23a8fa9e8effad8fa81386\"},\"headline\":\"El Centro de Conciliaci\u00f3n Laboral permanecer\u00e1 operando regularmente durante el per\u00edodo vacacional decembrino\",\"datePublished\":\"2022-12-16T23:22:20+00:00\",\"dateModified\":\"2022-12-17T05:14:09+00:00\",\"mainEntityOfPage\":{\"@id\":\"https:\/\/www.sonoraenequipo.com.mx\/el-centro-de-conciliacion-laboral-permanecera-operando-regularmente-durante-el-periodo-vacacional-decembrino\/\"},\"wordCount\":186,\"commentCount\":0,\"publisher\":{\"@id\":\"https:\/\/www.sonoraenequipo.com.mx\/#organization\"},\"image\":{\"@id\":\"https:\/\/www.sonoraenequipo.com.mx\/el-centro-de-conciliacion-laboral-permanecera-operando-regularmente-durante-el-periodo-vacacional-decembrino\/#primaryimage\"},\"thumbnailUrl\":\"https:\/\/www.sonoraenequipo.com.mx\/storage\/2022\/12\/sectrabajo1.jpg\",\"articleSection\":[\"Sonora\"],\"inLanguage\":\"es\",\"potentialAction\":[{\"@type\":\"CommentAction\",\"name\":\"Comment\",\"target\":[\"https:\/\/www.sonoraenequipo.com.mx\/el-centro-de-conciliacion-laboral-permanecera-operando-regularmente-durante-el-periodo-vacacional-decembrino\/#respond\"]}]},{\"@type\":\"WebPage\",\"@id\":\"https:\/\/www.sonoraenequipo.com.mx\/el-centro-de-conciliacion-laboral-permanecera-operando-regularmente-durante-el-periodo-vacacional-decembrino\/\",\"url\":\"https:\/\/www.sonoraenequipo.com.mx\/el-centro-de-conciliacion-laboral-permanecera-operando-regularmente-durante-el-periodo-vacacional-decembrino\/\",\"name\":\"Sonora en Equipo. El Centro de Conciliaci\u00f3n Laboral permanecer\u00e1 operando regularmente durante el per\u00edodo vacacional decembrino Sonora\",\"isPartOf\":{\"@id\":\"https:\/\/www.sonoraenequipo.com.mx\/#website\"},\"primaryImageOfPage\":{\"@id\":\"https:\/\/www.sonoraenequipo.com.mx\/el-centro-de-conciliacion-laboral-permanecera-operando-regularmente-durante-el-periodo-vacacional-decembrino\/#primaryimage\"},\"image\":{\"@id\":\"https:\/\/www.sonoraenequipo.com.mx\/el-centro-de-conciliacion-laboral-permanecera-operando-regularmente-durante-el-periodo-vacacional-decembrino\/#primaryimage\"},\"thumbnailUrl\":\"https:\/\/www.sonoraenequipo.com.mx\/storage\/2022\/12\/sectrabajo1.jpg\",\"datePublished\":\"2022-12-16T23:22:20+00:00\",\"dateModified\":\"2022-12-17T05:14:09+00:00\",\"description\":\"HERMOSILLO, SONORA. MX.\u2014 El Centro de Conciliaci\u00f3n Laboral (CCL) del Estado de Sonora seguir\u00e1 sus operaciones de manera habitual durante este periodo En Sonora en Equipo publicamos toda la informaci\u00f3n de Sonora, M\u00e9xico y el Mundo de manera oportuna y busca que la libertad de expresi\u00f3n sea real. Visita nuestro medio informativo publicado desde Hermosillo, Sonora. %\",\"breadcrumb\":{\"@id\":\"https:\/\/www.sonoraenequipo.com.mx\/el-centro-de-conciliacion-laboral-permanecera-operando-regularmente-durante-el-periodo-vacacional-decembrino\/#breadcrumb\"},\"inLanguage\":\"es\",\"potentialAction\":[{\"@type\":\"ReadAction\",\"target\":[\"https:\/\/www.sonoraenequipo.com.mx\/el-centro-de-conciliacion-laboral-permanecera-operando-regularmente-durante-el-periodo-vacacional-decembrino\/\"]}]},{\"@type\":\"ImageObject\",\"inLanguage\":\"es\",\"@id\":\"https:\/\/www.sonoraenequipo.com.mx\/el-centro-de-conciliacion-laboral-permanecera-operando-regularmente-durante-el-periodo-vacacional-decembrino\/#primaryimage\",\"url\":\"https:\/\/www.sonoraenequipo.com.mx\/storage\/2022\/12\/sectrabajo1.jpg\",\"contentUrl\":\"https:\/\/www.sonoraenequipo.com.mx\/storage\/2022\/12\/sectrabajo1.jpg\",\"width\":900,\"height\":506},{\"@type\":\"BreadcrumbList\",\"@id\":\"https:\/\/www.sonoraenequipo.com.mx\/el-centro-de-conciliacion-laboral-permanecera-operando-regularmente-durante-el-periodo-vacacional-decembrino\/#breadcrumb\",\"itemListElement\":[{\"@type\":\"ListItem\",\"position\":1,\"name\":\"Portada\",\"item\":\"https:\/\/www.sonoraenequipo.com.mx\/\"},{\"@type\":\"ListItem\",\"position\":2,\"name\":\"El Centro de Conciliaci\u00f3n Laboral permanecer\u00e1 operando regularmente durante el per\u00edodo vacacional decembrino\"}]},{\"@type\":\"WebSite\",\"@id\":\"https:\/\/www.sonoraenequipo.com.mx\/#website\",\"url\":\"https:\/\/www.sonoraenequipo.com.mx\/\",\"name\":\"Sonora en Equipo.\",\"description\":\"Diario en l\u00ednea con Noticias desde Hermosillo, Sonora\",\"publisher\":{\"@id\":\"https:\/\/www.sonoraenequipo.com.mx\/#organization\"},\"potentialAction\":[{\"@type\":\"SearchAction\",\"target\":{\"@type\":\"EntryPoint\",\"urlTemplate\":\"https:\/\/www.sonoraenequipo.com.mx\/?s={search_term_string}\"},\"query-input\":{\"@type\":\"PropertyValueSpecification\",\"valueRequired\":true,\"valueName\":\"search_term_string\"}}],\"inLanguage\":\"es\"},{\"@type\":\"Organization\",\"@id\":\"https:\/\/www.sonoraenequipo.com.mx\/#organization\",\"name\":\"Sonoraenequipo.com.mx\",\"url\":\"https:\/\/www.sonoraenequipo.com.mx\/\",\"logo\":{\"@type\":\"ImageObject\",\"inLanguage\":\"es\",\"@id\":\"https:\/\/www.sonoraenequipo.com.mx\/#\/schema\/logo\/image\/\",\"url\":\"https:\/\/www.sonoraenequipo.com.mx\/storage\/2019\/01\/sonoraenequipo_opt.png\",\"contentUrl\":\"https:\/\/www.sonoraenequipo.com.mx\/storage\/2019\/01\/sonoraenequipo_opt.png\",\"width\":375,\"height\":125,\"caption\":\"Sonoraenequipo.com.mx\"},\"image\":{\"@id\":\"https:\/\/www.sonoraenequipo.com.mx\/#\/schema\/logo\/image\/\"},\"sameAs\":[\"https:\/\/www.facebook.com\/SonoraEE\/\",\"https:\/\/x.com\/sonoraenequipo\",\"https:\/\/www.youtube.com\/channel\/UC338nW-lPEYmJQs4ZABQ1SQ\"]},{\"@type\":\"Person\",\"@id\":\"https:\/\/www.sonoraenequipo.com.mx\/#\/schema\/person\/50102df0fb23a8fa9e8effad8fa81386\",\"name\":\"enequipo\",\"image\":{\"@type\":\"ImageObject\",\"inLanguage\":\"es\",\"@id\":\"https:\/\/www.sonoraenequipo.com.mx\/#\/schema\/person\/image\/\",\"url\":\"https:\/\/secure.gravatar.com\/avatar\/049821681b589dabc0bc20695993ccebb09f5b5d4d790cd9251b97faac7c652b?s=96&d=blank&r=g\",\"contentUrl\":\"https:\/\/secure.gravatar.com\/avatar\/049821681b589dabc0bc20695993ccebb09f5b5d4d790cd9251b97faac7c652b?s=96&d=blank&r=g\",\"caption\":\"enequipo\"},\"sameAs\":[\"https:\/\/www.facebook.com\/SonoraEE\"]}]}<\/script>\n ","yoast_head_json":{"title":"Sonora en Equipo. El Centro de Conciliaci\u00f3n Laboral permanecer\u00e1 operando regularmente durante el per\u00edodo vacacional decembrino Sonora","description":"HERMOSILLO, SONORA. MX.\u2014 El Centro de Conciliaci\u00f3n Laboral (CCL) del Estado de Sonora seguir\u00e1 sus operaciones de manera habitual durante este periodo En Sonora en Equipo publicamos toda la informaci\u00f3n de Sonora, M\u00e9xico y el Mundo de manera oportuna y busca que la libertad de expresi\u00f3n sea real. Visita nuestro medio informativo publicado desde Hermosillo, Sonora. %","robots":{"index":"index","follow":"follow","max-snippet":"max-snippet:-1","max-image-preview":"max-image-preview:large","max-video-preview":"max-video-preview:-1"},"canonical":"https:\/\/www.sonoraenequipo.com.mx\/el-centro-de-conciliacion-laboral-permanecera-operando-regularmente-durante-el-periodo-vacacional-decembrino\/","og_locale":"es_ES","og_type":"article","og_title":"Sonora en Equipo. El Centro de Conciliaci\u00f3n Laboral permanecer\u00e1 operando regularmente durante el per\u00edodo vacacional decembrino Sonora","og_description":"HERMOSILLO, SONORA. MX.\u2014 El Centro de Conciliaci\u00f3n Laboral (CCL) del Estado de Sonora seguir\u00e1 sus operaciones de manera habitual durante este periodo En Sonora en Equipo publicamos toda la informaci\u00f3n de Sonora, M\u00e9xico y el Mundo de manera oportuna y busca que la libertad de expresi\u00f3n sea real. Visita nuestro medio informativo publicado desde Hermosillo, Sonora. %","og_url":"https:\/\/www.sonoraenequipo.com.mx\/el-centro-de-conciliacion-laboral-permanecera-operando-regularmente-durante-el-periodo-vacacional-decembrino\/","og_site_name":"Sonora en Equipo.","article_publisher":"https:\/\/www.facebook.com\/SonoraEE\/","article_author":"https:\/\/www.facebook.com\/SonoraEE","article_published_time":"2022-12-16T23:22:20+00:00","article_modified_time":"2022-12-17T05:14:09+00:00","og_image":[{"width":900,"height":506,"url":"https:\/\/www.sonoraenequipo.com.mx\/storage\/2022\/12\/sectrabajo1.jpg","type":"image\/jpeg"}],"author":"enequipo","twitter_card":"summary_large_image","twitter_creator":"@sonoraenequipo","twitter_site":"@sonoraenequipo","twitter_misc":{"Escrito por":"enequipo","Tiempo de lectura":"1 minuto"},"schema":{"@context":"https:\/\/schema.org","@graph":[{"@type":"Article","@id":"https:\/\/www.sonoraenequipo.com.mx\/el-centro-de-conciliacion-laboral-permanecera-operando-regularmente-durante-el-periodo-vacacional-decembrino\/#article","isPartOf":{"@id":"https:\/\/www.sonoraenequipo.com.mx\/el-centro-de-conciliacion-laboral-permanecera-operando-regularmente-durante-el-periodo-vacacional-decembrino\/"},"author":{"name":"enequipo","@id":"https:\/\/www.sonoraenequipo.com.mx\/#\/schema\/person\/50102df0fb23a8fa9e8effad8fa81386"},"headline":"El Centro de Conciliaci\u00f3n Laboral permanecer\u00e1 operando regularmente durante el per\u00edodo vacacional decembrino","datePublished":"2022-12-16T23:22:20+00:00","dateModified":"2022-12-17T05:14:09+00:00","mainEntityOfPage":{"@id":"https:\/\/www.sonoraenequipo.com.mx\/el-centro-de-conciliacion-laboral-permanecera-operando-regularmente-durante-el-periodo-vacacional-decembrino\/"},"wordCount":186,"commentCount":0,"publisher":{"@id":"https:\/\/www.sonoraenequipo.com.mx\/#organization"},"image":{"@id":"https:\/\/www.sonoraenequipo.com.mx\/el-centro-de-conciliacion-laboral-permanecera-operando-regularmente-durante-el-periodo-vacacional-decembrino\/#primaryimage"},"thumbnailUrl":"https:\/\/www.sonoraenequipo.com.mx\/storage\/2022\/12\/sectrabajo1.jpg","articleSection":["Sonora"],"inLanguage":"es","potentialAction":[{"@type":"CommentAction","name":"Comment","target":["https:\/\/www.sonoraenequipo.com.mx\/el-centro-de-conciliacion-laboral-permanecera-operando-regularmente-durante-el-periodo-vacacional-decembrino\/#respond"]}]},{"@type":"WebPage","@id":"https:\/\/www.sonoraenequipo.com.mx\/el-centro-de-conciliacion-laboral-permanecera-operando-regularmente-durante-el-periodo-vacacional-decembrino\/","url":"https:\/\/www.sonoraenequipo.com.mx\/el-centro-de-conciliacion-laboral-permanecera-operando-regularmente-durante-el-periodo-vacacional-decembrino\/","name":"Sonora en Equipo. El Centro de Conciliaci\u00f3n Laboral permanecer\u00e1 operando regularmente durante el per\u00edodo vacacional decembrino Sonora","isPartOf":{"@id":"https:\/\/www.sonoraenequipo.com.mx\/#website"},"primaryImageOfPage":{"@id":"https:\/\/www.sonoraenequipo.com.mx\/el-centro-de-conciliacion-laboral-permanecera-operando-regularmente-durante-el-periodo-vacacional-decembrino\/#primaryimage"},"image":{"@id":"https:\/\/www.sonoraenequipo.com.mx\/el-centro-de-conciliacion-laboral-permanecera-operando-regularmente-durante-el-periodo-vacacional-decembrino\/#primaryimage"},"thumbnailUrl":"https:\/\/www.sonoraenequipo.com.mx\/storage\/2022\/12\/sectrabajo1.jpg","datePublished":"2022-12-16T23:22:20+00:00","dateModified":"2022-12-17T05:14:09+00:00","description":"HERMOSILLO, SONORA. MX.\u2014 El Centro de Conciliaci\u00f3n Laboral (CCL) del Estado de Sonora seguir\u00e1 sus operaciones de manera habitual durante este periodo En Sonora en Equipo publicamos toda la informaci\u00f3n de Sonora, M\u00e9xico y el Mundo de manera oportuna y busca que la libertad de expresi\u00f3n sea real. Visita nuestro medio informativo publicado desde Hermosillo, Sonora. %","breadcrumb":{"@id":"https:\/\/www.sonoraenequipo.com.mx\/el-centro-de-conciliacion-laboral-permanecera-operando-regularmente-durante-el-periodo-vacacional-decembrino\/#breadcrumb"},"inLanguage":"es","potentialAction":[{"@type":"ReadAction","target":["https:\/\/www.sonoraenequipo.com.mx\/el-centro-de-conciliacion-laboral-permanecera-operando-regularmente-durante-el-periodo-vacacional-decembrino\/"]}]},{"@type":"ImageObject","inLanguage":"es","@id":"https:\/\/www.sonoraenequipo.com.mx\/el-centro-de-conciliacion-laboral-permanecera-operando-regularmente-durante-el-periodo-vacacional-decembrino\/#primaryimage","url":"https:\/\/www.sonoraenequipo.com.mx\/storage\/2022\/12\/sectrabajo1.jpg","contentUrl":"https:\/\/www.sonoraenequipo.com.mx\/storage\/2022\/12\/sectrabajo1.jpg","width":900,"height":506},{"@type":"BreadcrumbList","@id":"https:\/\/www.sonoraenequipo.com.mx\/el-centro-de-conciliacion-laboral-permanecera-operando-regularmente-durante-el-periodo-vacacional-decembrino\/#breadcrumb","itemListElement":[{"@type":"ListItem","position":1,"name":"Portada","item":"https:\/\/www.sonoraenequipo.com.mx\/"},{"@type":"ListItem","position":2,"name":"El Centro de Conciliaci\u00f3n Laboral permanecer\u00e1 operando regularmente durante el per\u00edodo vacacional decembrino"}]},{"@type":"WebSite","@id":"https:\/\/www.sonoraenequipo.com.mx\/#website","url":"https:\/\/www.sonoraenequipo.com.mx\/","name":"Sonora en Equipo.","description":"Diario en l\u00ednea con Noticias desde Hermosillo, Sonora","publisher":{"@id":"https:\/\/www.sonoraenequipo.com.mx\/#organization"},"potentialAction":[{"@type":"SearchAction","target":{"@type":"EntryPoint","urlTemplate":"https:\/\/www.sonoraenequipo.com.mx\/?s={search_term_string}"},"query-input":{"@type":"PropertyValueSpecification","valueRequired":true,"valueName":"search_term_string"}}],"inLanguage":"es"},{"@type":"Organization","@id":"https:\/\/www.sonoraenequipo.com.mx\/#organization","name":"Sonoraenequipo.com.mx","url":"https:\/\/www.sonoraenequipo.com.mx\/","logo":{"@type":"ImageObject","inLanguage":"es","@id":"https:\/\/www.sonoraenequipo.com.mx\/#\/schema\/logo\/image\/","url":"https:\/\/www.sonoraenequipo.com.mx\/storage\/2019\/01\/sonoraenequipo_opt.png","contentUrl":"https:\/\/www.sonoraenequipo.com.mx\/storage\/2019\/01\/sonoraenequipo_opt.png","width":375,"height":125,"caption":"Sonoraenequipo.com.mx"},"image":{"@id":"https:\/\/www.sonoraenequipo.com.mx\/#\/schema\/logo\/image\/"},"sameAs":["https:\/\/www.facebook.com\/SonoraEE\/","https:\/\/x.com\/sonoraenequipo","https:\/\/www.youtube.com\/channel\/UC338nW-lPEYmJQs4ZABQ1SQ"]},{"@type":"Person","@id":"https:\/\/www.sonoraenequipo.com.mx\/#\/schema\/person\/50102df0fb23a8fa9e8effad8fa81386","name":"enequipo","image":{"@type":"ImageObject","inLanguage":"es","@id":"https:\/\/www.sonoraenequipo.com.mx\/#\/schema\/person\/image\/","url":"https:\/\/secure.gravatar.com\/avatar\/049821681b589dabc0bc20695993ccebb09f5b5d4d790cd9251b97faac7c652b?s=96&d=blank&r=g","contentUrl":"https:\/\/secure.gravatar.com\/avatar\/049821681b589dabc0bc20695993ccebb09f5b5d4d790cd9251b97faac7c652b?s=96&d=blank&r=g","caption":"enequipo"},"sameAs":["https:\/\/www.facebook.com\/SonoraEE"]}]}},"jetpack_featured_media_url":"https:\/\/www.sonoraenequipo.com.mx\/storage\/2022\/12\/sectrabajo1.jpg","_links":{"self":[{"href":"https:\/\/www.sonoraenequipo.com.mx\/api\/wp\/v2\/posts\/154638","targetHints":{"allow":["GET"]}}],"collection":[{"href":"https:\/\/www.sonoraenequipo.com.mx\/api\/wp\/v2\/posts"}],"about":[{"href":"https:\/\/www.sonoraenequipo.com.mx\/api\/wp\/v2\/types\/post"}],"author":[{"embeddable":true,"href":"https:\/\/www.sonoraenequipo.com.mx\/api\/wp\/v2\/users\/1"}],"replies":[{"embeddable":true,"href":"https:\/\/www.sonoraenequipo.com.mx\/api\/wp\/v2\/comments?post=154638"}],"version-history":[{"count":1,"href":"https:\/\/www.sonoraenequipo.com.mx\/api\/wp\/v2\/posts\/154638\/revisions"}],"predecessor-version":[{"id":154639,"href":"https:\/\/www.sonoraenequipo.com.mx\/api\/wp\/v2\/posts\/154638\/revisions\/154639"}],"wp:featuredmedia":[{"embeddable":true,"href":"https:\/\/www.sonoraenequipo.com.mx\/api\/wp\/v2\/media\/154615"}],"wp:attachment":[{"href":"https:\/\/www.sonoraenequipo.com.mx\/api\/wp\/v2\/media?parent=154638"}],"wp:term":[{"taxonomy":"category","embeddable":true,"href":"https:\/\/www.sonoraenequipo.com.mx\/api\/wp\/v2\/categories?post=154638"},{"taxonomy":"post_tag","embeddable":true,"href":"https:\/\/www.sonoraenequipo.com.mx\/api\/wp\/v2\/tags?post=154638"}],"curies":[{"name":"wp","href":"https:\/\/api.w.org\/{rel}","templated":true}]}}