{"id":154643,"date":"2022-12-16T19:15:56","date_gmt":"2022-12-17T02:15:56","guid":{"rendered":"https:\/\/www.sonoraenequipo.com.mx\/?p=154643"},"modified":"2022-12-16T22:55:21","modified_gmt":"2022-12-17T05:55:21","slug":"omar-quintero-mete-dos-puntos-ingresa-al-salon-de-la-fama-y-renueva-con-el-tri","status":"publish","type":"post","link":"https:\/\/www.sonoraenequipo.com.mx\/omar-quintero-mete-dos-puntos-ingresa-al-salon-de-la-fama-y-renueva-con-el-tri\/","title":{"rendered":"Omar Quintero mete dos puntos: ingresa al Sal\u00f3n de la Fama y renueva con el \u00abTri\u00bb"},"content":{"rendered":"<p><strong>HERMOSILLO, SONORA. MX. \u2014<\/strong> Como en sus mejores tiempos Omar Quintero agarr\u00f3 el bal\u00f3n y <strong><em>\u201cencest\u00f3\u201d<\/em><\/strong> dos puntos, pues el mismo d\u00eda que fue entronizado al Sal\u00f3n de la Fama del Deportista Sonorense, renov\u00f3 un contrato de cuatro a\u00f1os como el coach en jefe de la selecci\u00f3n nacional de basquetbol mayor.<\/p>\n<p>&nbsp;<\/p>\n<p>&nbsp;<\/p>\n<p> <\/p>\n<p>Luego de que Quintero Pereda recibi\u00f3 el mayor n\u00famero de votos entre los integrantes de la Clase 2022 del nicho, este jueves recibi\u00f3 la placa que lo coloca oficialmente como nuevo inmortal del deporte sonorense, por su gran trayectoria en el \u201cdeporte r\u00e1faga\u201d.<\/p>\n<p>&nbsp;<\/p>\n<p><strong><em>\u201cMe siento muy agradecido porque en ocasiones este tipo de reconocimientos llegan m\u00e1s tarde, quiero dar las gracias a la gente que confi\u00f3 en m\u00ed para entrar al Sal\u00f3n de la Fama y ser el m\u00e1s votado; pero es una satisfacci\u00f3n doble, pues el mismo d\u00eda (el jueves 15 de diciembre) me renuevan el contrato como entrenador de la selecci\u00f3n por cuatro a\u00f1os m\u00e1s\u201d<\/em><\/strong>, dijo el originario de Nogales.<\/p>\n<p>&nbsp;<\/p>\n<p>El nogalense recuerda con mucha nostalgia sus inicios en el basquetbol representando a Sonora en eventos nacionales, desde la categor\u00eda Mini hasta la de Primera Fuerza, lo cual lo llev\u00f3 a convertirse en seleccionado nacional y a jugar baloncesto profesional.<\/p>\n<p>&nbsp;<\/p>\n<p><em><strong>\u201cHay momentos que recuerdo mucho, pero, sobre todo, cuando qued\u00e9 l\u00edder anotador en el Torneo Preol\u00edmpico del 2003, eso fue un parteaguas en mi carrera, porque de ah\u00ed en adelante se me abri\u00f3 la puerta para los campamentos de la NBA y luego jugar en Europa\u201d,<\/strong> <\/em>coment\u00f3.<\/p>\n<p>&nbsp;<\/p>\n<p>&nbsp;<\/p>\n<p>Actualmente, Omar Quintero est\u00e1 en una nueva etapa dentro del basquetbol, como el seleccionador nacional del equipo mayor de baloncesto, al cual espera calificar al Campeonato del Mundo, algo que ve muy viable.<\/p>\n<p>&nbsp;<\/p>\n<p><em><strong>\u201cYa tengo una carrera de seis a\u00f1os como entrenador, estamos creciendo, actualmente necesitamos dos juegos para pasar al Mundial; tenemos mucha oportunidad de calificar, debemos obtener ese par de encuentros y no depender de otros resultados\u201d,<\/strong><\/em> dijo.<\/p>\n<p>&nbsp;<\/p>\n<p>&nbsp;<\/p>\n<p>&nbsp;<\/p>\n<p>Quintero Pereda se\u00f1al\u00f3 que ha sido una gran ventaja el haber jugado tantos a\u00f1os, pues ese conocimiento lo aplica en su nueva faceta de entrenador, porque sabe el sentir de los seleccionados dentro de la duela, lo cual establece una s\u00f3lida conexi\u00f3n entre ambos lados.<\/p>\n<p>&nbsp;<\/p>\n<p>&nbsp;<\/p>\n<p>PUBLICADO EL 16\/DICIEMBRE\/2022 \/Con informaci\u00f3n de GOBSON 1222-160)<\/p>\n","protected":false},"excerpt":{"rendered":"<p>HERMOSILLO, SONORA. MX. \u2014 Como en sus mejores tiempos Omar Quintero agarr\u00f3 el bal\u00f3n y&#8230;<\/p>\n","protected":false},"author":1,"featured_media":154644,"comment_status":"open","ping_status":"open","sticky":false,"template":"","format":"standard","meta":{"_monsterinsights_skip_tracking":false,"_monsterinsights_sitenote_active":false,"_monsterinsights_sitenote_note":"","_monsterinsights_sitenote_category":0,"footnotes":""},"categories":[10],"tags":[],"class_list":["post"],"yoast_head":" \n<title>Sonora en Equipo. Omar Quintero mete dos puntos: ingresa al Sal\u00f3n de la Fama y renueva con el &quot;Tri&quot; Deportes<\/title>\n<meta name=\"description\" content=\"HERMOSILLO, SONORA. MX. \u2014 Como en sus mejores tiempos Omar Quintero agarr\u00f3 el bal\u00f3n y \u201cencest\u00f3\u201d dos puntos, pues el mismo d\u00eda que fue entronizado al Sal\u00f3n En Sonora en Equipo publicamos toda la informaci\u00f3n de Sonora, M\u00e9xico y el Mundo de manera oportuna y busca que la libertad de expresi\u00f3n sea real. Visita nuestro medio informativo publicado desde Hermosillo, Sonora. %\" \/>\n<meta name=\"robots\" content=\"index, follow, max-snippet:-1, max-image-preview:large, max-video-preview:-1\" \/>\n<link rel=\"canonical\" href=\"https:\/\/www.sonoraenequipo.com.mx\/omar-quintero-mete-dos-puntos-ingresa-al-salon-de-la-fama-y-renueva-con-el-tri\/\" \/>\n<meta property=\"og:locale\" content=\"es_ES\" \/>\n<meta property=\"og:type\" content=\"article\" \/>\n<meta property=\"og:title\" content=\"Sonora en Equipo. Omar Quintero mete dos puntos: ingresa al Sal\u00f3n de la Fama y renueva con el &quot;Tri&quot; Deportes\" \/>\n<meta property=\"og:description\" content=\"HERMOSILLO, SONORA. MX. \u2014 Como en sus mejores tiempos Omar Quintero agarr\u00f3 el bal\u00f3n y \u201cencest\u00f3\u201d dos puntos, pues el mismo d\u00eda que fue entronizado al Sal\u00f3n En Sonora en Equipo publicamos toda la informaci\u00f3n de Sonora, M\u00e9xico y el Mundo de manera oportuna y busca que la libertad de expresi\u00f3n sea real. Visita nuestro medio informativo publicado desde Hermosillo, Sonora. %\" \/>\n<meta property=\"og:url\" content=\"https:\/\/www.sonoraenequipo.com.mx\/omar-quintero-mete-dos-puntos-ingresa-al-salon-de-la-fama-y-renueva-con-el-tri\/\" \/>\n<meta property=\"og:site_name\" content=\"Sonora en Equipo.\" \/>\n<meta property=\"article:publisher\" content=\"https:\/\/www.facebook.com\/SonoraEE\/\" \/>\n<meta property=\"article:author\" content=\"https:\/\/www.facebook.com\/SonoraEE\" \/>\n<meta property=\"article:published_time\" content=\"2022-12-17T02:15:56+00:00\" \/>\n<meta property=\"article:modified_time\" content=\"2022-12-17T05:55:21+00:00\" \/>\n<meta property=\"og:image\" content=\"https:\/\/www.sonoraenequipo.com.mx\/storage\/2022\/12\/al-Salon-de-la-Fama.jpg\" \/>\n\t<meta property=\"og:image:width\" content=\"900\" \/>\n\t<meta property=\"og:image:height\" content=\"514\" \/>\n\t<meta property=\"og:image:type\" content=\"image\/jpeg\" \/>\n<meta name=\"author\" content=\"enequipo\" \/>\n<meta name=\"twitter:card\" content=\"summary_large_image\" \/>\n<meta name=\"twitter:creator\" content=\"@sonoraenequipo\" \/>\n<meta name=\"twitter:site\" content=\"@sonoraenequipo\" \/>\n<meta name=\"twitter:label1\" content=\"Escrito por\" \/>\n\t<meta name=\"twitter:data1\" content=\"enequipo\" \/>\n\t<meta name=\"twitter:label2\" content=\"Tiempo de lectura\" \/>\n\t<meta name=\"twitter:data2\" content=\"2 minutos\" \/>\n<script type=\"application\/ld+json\" class=\"yoast-schema-graph\">{\"@context\":\"https:\/\/schema.org\",\"@graph\":[{\"@type\":\"Article\",\"@id\":\"https:\/\/www.sonoraenequipo.com.mx\/omar-quintero-mete-dos-puntos-ingresa-al-salon-de-la-fama-y-renueva-con-el-tri\/#article\",\"isPartOf\":{\"@id\":\"https:\/\/www.sonoraenequipo.com.mx\/omar-quintero-mete-dos-puntos-ingresa-al-salon-de-la-fama-y-renueva-con-el-tri\/\"},\"author\":{\"name\":\"enequipo\",\"@id\":\"https:\/\/www.sonoraenequipo.com.mx\/#\/schema\/person\/50102df0fb23a8fa9e8effad8fa81386\"},\"headline\":\"Omar Quintero mete dos puntos: ingresa al Sal\u00f3n de la Fama y renueva con el \u00abTri\u00bb\",\"datePublished\":\"2022-12-17T02:15:56+00:00\",\"dateModified\":\"2022-12-17T05:55:21+00:00\",\"mainEntityOfPage\":{\"@id\":\"https:\/\/www.sonoraenequipo.com.mx\/omar-quintero-mete-dos-puntos-ingresa-al-salon-de-la-fama-y-renueva-con-el-tri\/\"},\"wordCount\":423,\"commentCount\":0,\"publisher\":{\"@id\":\"https:\/\/www.sonoraenequipo.com.mx\/#organization\"},\"image\":{\"@id\":\"https:\/\/www.sonoraenequipo.com.mx\/omar-quintero-mete-dos-puntos-ingresa-al-salon-de-la-fama-y-renueva-con-el-tri\/#primaryimage\"},\"thumbnailUrl\":\"https:\/\/www.sonoraenequipo.com.mx\/storage\/2022\/12\/al-Salon-de-la-Fama.jpg\",\"articleSection\":[\"Deportes\"],\"inLanguage\":\"es\",\"potentialAction\":[{\"@type\":\"CommentAction\",\"name\":\"Comment\",\"target\":[\"https:\/\/www.sonoraenequipo.com.mx\/omar-quintero-mete-dos-puntos-ingresa-al-salon-de-la-fama-y-renueva-con-el-tri\/#respond\"]}]},{\"@type\":\"WebPage\",\"@id\":\"https:\/\/www.sonoraenequipo.com.mx\/omar-quintero-mete-dos-puntos-ingresa-al-salon-de-la-fama-y-renueva-con-el-tri\/\",\"url\":\"https:\/\/www.sonoraenequipo.com.mx\/omar-quintero-mete-dos-puntos-ingresa-al-salon-de-la-fama-y-renueva-con-el-tri\/\",\"name\":\"Sonora en Equipo. Omar Quintero mete dos puntos: ingresa al Sal\u00f3n de la Fama y renueva con el \\\"Tri\\\" Deportes\",\"isPartOf\":{\"@id\":\"https:\/\/www.sonoraenequipo.com.mx\/#website\"},\"primaryImageOfPage\":{\"@id\":\"https:\/\/www.sonoraenequipo.com.mx\/omar-quintero-mete-dos-puntos-ingresa-al-salon-de-la-fama-y-renueva-con-el-tri\/#primaryimage\"},\"image\":{\"@id\":\"https:\/\/www.sonoraenequipo.com.mx\/omar-quintero-mete-dos-puntos-ingresa-al-salon-de-la-fama-y-renueva-con-el-tri\/#primaryimage\"},\"thumbnailUrl\":\"https:\/\/www.sonoraenequipo.com.mx\/storage\/2022\/12\/al-Salon-de-la-Fama.jpg\",\"datePublished\":\"2022-12-17T02:15:56+00:00\",\"dateModified\":\"2022-12-17T05:55:21+00:00\",\"description\":\"HERMOSILLO, SONORA. MX. \u2014 Como en sus mejores tiempos Omar Quintero agarr\u00f3 el bal\u00f3n y \u201cencest\u00f3\u201d dos puntos, pues el mismo d\u00eda que fue entronizado al Sal\u00f3n En Sonora en Equipo publicamos toda la informaci\u00f3n de Sonora, M\u00e9xico y el Mundo de manera oportuna y busca que la libertad de expresi\u00f3n sea real. Visita nuestro medio informativo publicado desde Hermosillo, Sonora. %\",\"breadcrumb\":{\"@id\":\"https:\/\/www.sonoraenequipo.com.mx\/omar-quintero-mete-dos-puntos-ingresa-al-salon-de-la-fama-y-renueva-con-el-tri\/#breadcrumb\"},\"inLanguage\":\"es\",\"potentialAction\":[{\"@type\":\"ReadAction\",\"target\":[\"https:\/\/www.sonoraenequipo.com.mx\/omar-quintero-mete-dos-puntos-ingresa-al-salon-de-la-fama-y-renueva-con-el-tri\/\"]}]},{\"@type\":\"ImageObject\",\"inLanguage\":\"es\",\"@id\":\"https:\/\/www.sonoraenequipo.com.mx\/omar-quintero-mete-dos-puntos-ingresa-al-salon-de-la-fama-y-renueva-con-el-tri\/#primaryimage\",\"url\":\"https:\/\/www.sonoraenequipo.com.mx\/storage\/2022\/12\/al-Salon-de-la-Fama.jpg\",\"contentUrl\":\"https:\/\/www.sonoraenequipo.com.mx\/storage\/2022\/12\/al-Salon-de-la-Fama.jpg\",\"width\":900,\"height\":514},{\"@type\":\"BreadcrumbList\",\"@id\":\"https:\/\/www.sonoraenequipo.com.mx\/omar-quintero-mete-dos-puntos-ingresa-al-salon-de-la-fama-y-renueva-con-el-tri\/#breadcrumb\",\"itemListElement\":[{\"@type\":\"ListItem\",\"position\":1,\"name\":\"Portada\",\"item\":\"https:\/\/www.sonoraenequipo.com.mx\/\"},{\"@type\":\"ListItem\",\"position\":2,\"name\":\"Omar Quintero mete dos puntos: ingresa al Sal\u00f3n de la Fama y renueva con el \u00abTri\u00bb\"}]},{\"@type\":\"WebSite\",\"@id\":\"https:\/\/www.sonoraenequipo.com.mx\/#website\",\"url\":\"https:\/\/www.sonoraenequipo.com.mx\/\",\"name\":\"Sonora en Equipo.\",\"description\":\"Diario en l\u00ednea con Noticias desde Hermosillo, Sonora\",\"publisher\":{\"@id\":\"https:\/\/www.sonoraenequipo.com.mx\/#organization\"},\"potentialAction\":[{\"@type\":\"SearchAction\",\"target\":{\"@type\":\"EntryPoint\",\"urlTemplate\":\"https:\/\/www.sonoraenequipo.com.mx\/?s={search_term_string}\"},\"query-input\":{\"@type\":\"PropertyValueSpecification\",\"valueRequired\":true,\"valueName\":\"search_term_string\"}}],\"inLanguage\":\"es\"},{\"@type\":\"Organization\",\"@id\":\"https:\/\/www.sonoraenequipo.com.mx\/#organization\",\"name\":\"Sonoraenequipo.com.mx\",\"url\":\"https:\/\/www.sonoraenequipo.com.mx\/\",\"logo\":{\"@type\":\"ImageObject\",\"inLanguage\":\"es\",\"@id\":\"https:\/\/www.sonoraenequipo.com.mx\/#\/schema\/logo\/image\/\",\"url\":\"https:\/\/www.sonoraenequipo.com.mx\/storage\/2019\/01\/sonoraenequipo_opt.png\",\"contentUrl\":\"https:\/\/www.sonoraenequipo.com.mx\/storage\/2019\/01\/sonoraenequipo_opt.png\",\"width\":375,\"height\":125,\"caption\":\"Sonoraenequipo.com.mx\"},\"image\":{\"@id\":\"https:\/\/www.sonoraenequipo.com.mx\/#\/schema\/logo\/image\/\"},\"sameAs\":[\"https:\/\/www.facebook.com\/SonoraEE\/\",\"https:\/\/x.com\/sonoraenequipo\",\"https:\/\/www.youtube.com\/channel\/UC338nW-lPEYmJQs4ZABQ1SQ\"]},{\"@type\":\"Person\",\"@id\":\"https:\/\/www.sonoraenequipo.com.mx\/#\/schema\/person\/50102df0fb23a8fa9e8effad8fa81386\",\"name\":\"enequipo\",\"image\":{\"@type\":\"ImageObject\",\"inLanguage\":\"es\",\"@id\":\"https:\/\/www.sonoraenequipo.com.mx\/#\/schema\/person\/image\/\",\"url\":\"https:\/\/secure.gravatar.com\/avatar\/049821681b589dabc0bc20695993ccebb09f5b5d4d790cd9251b97faac7c652b?s=96&d=blank&r=g\",\"contentUrl\":\"https:\/\/secure.gravatar.com\/avatar\/049821681b589dabc0bc20695993ccebb09f5b5d4d790cd9251b97faac7c652b?s=96&d=blank&r=g\",\"caption\":\"enequipo\"},\"sameAs\":[\"https:\/\/www.facebook.com\/SonoraEE\"]}]}<\/script>\n ","yoast_head_json":{"title":"Sonora en Equipo. Omar Quintero mete dos puntos: ingresa al Sal\u00f3n de la Fama y renueva con el \"Tri\" Deportes","description":"HERMOSILLO, SONORA. MX. \u2014 Como en sus mejores tiempos Omar Quintero agarr\u00f3 el bal\u00f3n y \u201cencest\u00f3\u201d dos puntos, pues el mismo d\u00eda que fue entronizado al Sal\u00f3n En Sonora en Equipo publicamos toda la informaci\u00f3n de Sonora, M\u00e9xico y el Mundo de manera oportuna y busca que la libertad de expresi\u00f3n sea real. Visita nuestro medio informativo publicado desde Hermosillo, Sonora. %","robots":{"index":"index","follow":"follow","max-snippet":"max-snippet:-1","max-image-preview":"max-image-preview:large","max-video-preview":"max-video-preview:-1"},"canonical":"https:\/\/www.sonoraenequipo.com.mx\/omar-quintero-mete-dos-puntos-ingresa-al-salon-de-la-fama-y-renueva-con-el-tri\/","og_locale":"es_ES","og_type":"article","og_title":"Sonora en Equipo. Omar Quintero mete dos puntos: ingresa al Sal\u00f3n de la Fama y renueva con el \"Tri\" Deportes","og_description":"HERMOSILLO, SONORA. MX. \u2014 Como en sus mejores tiempos Omar Quintero agarr\u00f3 el bal\u00f3n y \u201cencest\u00f3\u201d dos puntos, pues el mismo d\u00eda que fue entronizado al Sal\u00f3n En Sonora en Equipo publicamos toda la informaci\u00f3n de Sonora, M\u00e9xico y el Mundo de manera oportuna y busca que la libertad de expresi\u00f3n sea real. Visita nuestro medio informativo publicado desde Hermosillo, Sonora. %","og_url":"https:\/\/www.sonoraenequipo.com.mx\/omar-quintero-mete-dos-puntos-ingresa-al-salon-de-la-fama-y-renueva-con-el-tri\/","og_site_name":"Sonora en Equipo.","article_publisher":"https:\/\/www.facebook.com\/SonoraEE\/","article_author":"https:\/\/www.facebook.com\/SonoraEE","article_published_time":"2022-12-17T02:15:56+00:00","article_modified_time":"2022-12-17T05:55:21+00:00","og_image":[{"width":900,"height":514,"url":"https:\/\/www.sonoraenequipo.com.mx\/storage\/2022\/12\/al-Salon-de-la-Fama.jpg","type":"image\/jpeg"}],"author":"enequipo","twitter_card":"summary_large_image","twitter_creator":"@sonoraenequipo","twitter_site":"@sonoraenequipo","twitter_misc":{"Escrito por":"enequipo","Tiempo de lectura":"2 minutos"},"schema":{"@context":"https:\/\/schema.org","@graph":[{"@type":"Article","@id":"https:\/\/www.sonoraenequipo.com.mx\/omar-quintero-mete-dos-puntos-ingresa-al-salon-de-la-fama-y-renueva-con-el-tri\/#article","isPartOf":{"@id":"https:\/\/www.sonoraenequipo.com.mx\/omar-quintero-mete-dos-puntos-ingresa-al-salon-de-la-fama-y-renueva-con-el-tri\/"},"author":{"name":"enequipo","@id":"https:\/\/www.sonoraenequipo.com.mx\/#\/schema\/person\/50102df0fb23a8fa9e8effad8fa81386"},"headline":"Omar Quintero mete dos puntos: ingresa al Sal\u00f3n de la Fama y renueva con el \u00abTri\u00bb","datePublished":"2022-12-17T02:15:56+00:00","dateModified":"2022-12-17T05:55:21+00:00","mainEntityOfPage":{"@id":"https:\/\/www.sonoraenequipo.com.mx\/omar-quintero-mete-dos-puntos-ingresa-al-salon-de-la-fama-y-renueva-con-el-tri\/"},"wordCount":423,"commentCount":0,"publisher":{"@id":"https:\/\/www.sonoraenequipo.com.mx\/#organization"},"image":{"@id":"https:\/\/www.sonoraenequipo.com.mx\/omar-quintero-mete-dos-puntos-ingresa-al-salon-de-la-fama-y-renueva-con-el-tri\/#primaryimage"},"thumbnailUrl":"https:\/\/www.sonoraenequipo.com.mx\/storage\/2022\/12\/al-Salon-de-la-Fama.jpg","articleSection":["Deportes"],"inLanguage":"es","potentialAction":[{"@type":"CommentAction","name":"Comment","target":["https:\/\/www.sonoraenequipo.com.mx\/omar-quintero-mete-dos-puntos-ingresa-al-salon-de-la-fama-y-renueva-con-el-tri\/#respond"]}]},{"@type":"WebPage","@id":"https:\/\/www.sonoraenequipo.com.mx\/omar-quintero-mete-dos-puntos-ingresa-al-salon-de-la-fama-y-renueva-con-el-tri\/","url":"https:\/\/www.sonoraenequipo.com.mx\/omar-quintero-mete-dos-puntos-ingresa-al-salon-de-la-fama-y-renueva-con-el-tri\/","name":"Sonora en Equipo. Omar Quintero mete dos puntos: ingresa al Sal\u00f3n de la Fama y renueva con el \"Tri\" Deportes","isPartOf":{"@id":"https:\/\/www.sonoraenequipo.com.mx\/#website"},"primaryImageOfPage":{"@id":"https:\/\/www.sonoraenequipo.com.mx\/omar-quintero-mete-dos-puntos-ingresa-al-salon-de-la-fama-y-renueva-con-el-tri\/#primaryimage"},"image":{"@id":"https:\/\/www.sonoraenequipo.com.mx\/omar-quintero-mete-dos-puntos-ingresa-al-salon-de-la-fama-y-renueva-con-el-tri\/#primaryimage"},"thumbnailUrl":"https:\/\/www.sonoraenequipo.com.mx\/storage\/2022\/12\/al-Salon-de-la-Fama.jpg","datePublished":"2022-12-17T02:15:56+00:00","dateModified":"2022-12-17T05:55:21+00:00","description":"HERMOSILLO, SONORA. MX. \u2014 Como en sus mejores tiempos Omar Quintero agarr\u00f3 el bal\u00f3n y \u201cencest\u00f3\u201d dos puntos, pues el mismo d\u00eda que fue entronizado al Sal\u00f3n En Sonora en Equipo publicamos toda la informaci\u00f3n de Sonora, M\u00e9xico y el Mundo de manera oportuna y busca que la libertad de expresi\u00f3n sea real. Visita nuestro medio informativo publicado desde Hermosillo, Sonora. %","breadcrumb":{"@id":"https:\/\/www.sonoraenequipo.com.mx\/omar-quintero-mete-dos-puntos-ingresa-al-salon-de-la-fama-y-renueva-con-el-tri\/#breadcrumb"},"inLanguage":"es","potentialAction":[{"@type":"ReadAction","target":["https:\/\/www.sonoraenequipo.com.mx\/omar-quintero-mete-dos-puntos-ingresa-al-salon-de-la-fama-y-renueva-con-el-tri\/"]}]},{"@type":"ImageObject","inLanguage":"es","@id":"https:\/\/www.sonoraenequipo.com.mx\/omar-quintero-mete-dos-puntos-ingresa-al-salon-de-la-fama-y-renueva-con-el-tri\/#primaryimage","url":"https:\/\/www.sonoraenequipo.com.mx\/storage\/2022\/12\/al-Salon-de-la-Fama.jpg","contentUrl":"https:\/\/www.sonoraenequipo.com.mx\/storage\/2022\/12\/al-Salon-de-la-Fama.jpg","width":900,"height":514},{"@type":"BreadcrumbList","@id":"https:\/\/www.sonoraenequipo.com.mx\/omar-quintero-mete-dos-puntos-ingresa-al-salon-de-la-fama-y-renueva-con-el-tri\/#breadcrumb","itemListElement":[{"@type":"ListItem","position":1,"name":"Portada","item":"https:\/\/www.sonoraenequipo.com.mx\/"},{"@type":"ListItem","position":2,"name":"Omar Quintero mete dos puntos: ingresa al Sal\u00f3n de la Fama y renueva con el \u00abTri\u00bb"}]},{"@type":"WebSite","@id":"https:\/\/www.sonoraenequipo.com.mx\/#website","url":"https:\/\/www.sonoraenequipo.com.mx\/","name":"Sonora en Equipo.","description":"Diario en l\u00ednea con Noticias desde Hermosillo, Sonora","publisher":{"@id":"https:\/\/www.sonoraenequipo.com.mx\/#organization"},"potentialAction":[{"@type":"SearchAction","target":{"@type":"EntryPoint","urlTemplate":"https:\/\/www.sonoraenequipo.com.mx\/?s={search_term_string}"},"query-input":{"@type":"PropertyValueSpecification","valueRequired":true,"valueName":"search_term_string"}}],"inLanguage":"es"},{"@type":"Organization","@id":"https:\/\/www.sonoraenequipo.com.mx\/#organization","name":"Sonoraenequipo.com.mx","url":"https:\/\/www.sonoraenequipo.com.mx\/","logo":{"@type":"ImageObject","inLanguage":"es","@id":"https:\/\/www.sonoraenequipo.com.mx\/#\/schema\/logo\/image\/","url":"https:\/\/www.sonoraenequipo.com.mx\/storage\/2019\/01\/sonoraenequipo_opt.png","contentUrl":"https:\/\/www.sonoraenequipo.com.mx\/storage\/2019\/01\/sonoraenequipo_opt.png","width":375,"height":125,"caption":"Sonoraenequipo.com.mx"},"image":{"@id":"https:\/\/www.sonoraenequipo.com.mx\/#\/schema\/logo\/image\/"},"sameAs":["https:\/\/www.facebook.com\/SonoraEE\/","https:\/\/x.com\/sonoraenequipo","https:\/\/www.youtube.com\/channel\/UC338nW-lPEYmJQs4ZABQ1SQ"]},{"@type":"Person","@id":"https:\/\/www.sonoraenequipo.com.mx\/#\/schema\/person\/50102df0fb23a8fa9e8effad8fa81386","name":"enequipo","image":{"@type":"ImageObject","inLanguage":"es","@id":"https:\/\/www.sonoraenequipo.com.mx\/#\/schema\/person\/image\/","url":"https:\/\/secure.gravatar.com\/avatar\/049821681b589dabc0bc20695993ccebb09f5b5d4d790cd9251b97faac7c652b?s=96&d=blank&r=g","contentUrl":"https:\/\/secure.gravatar.com\/avatar\/049821681b589dabc0bc20695993ccebb09f5b5d4d790cd9251b97faac7c652b?s=96&d=blank&r=g","caption":"enequipo"},"sameAs":["https:\/\/www.facebook.com\/SonoraEE"]}]}},"jetpack_featured_media_url":"https:\/\/www.sonoraenequipo.com.mx\/storage\/2022\/12\/al-Salon-de-la-Fama.jpg","_links":{"self":[{"href":"https:\/\/www.sonoraenequipo.com.mx\/api\/wp\/v2\/posts\/154643","targetHints":{"allow":["GET"]}}],"collection":[{"href":"https:\/\/www.sonoraenequipo.com.mx\/api\/wp\/v2\/posts"}],"about":[{"href":"https:\/\/www.sonoraenequipo.com.mx\/api\/wp\/v2\/types\/post"}],"author":[{"embeddable":true,"href":"https:\/\/www.sonoraenequipo.com.mx\/api\/wp\/v2\/users\/1"}],"replies":[{"embeddable":true,"href":"https:\/\/www.sonoraenequipo.com.mx\/api\/wp\/v2\/comments?post=154643"}],"version-history":[{"count":1,"href":"https:\/\/www.sonoraenequipo.com.mx\/api\/wp\/v2\/posts\/154643\/revisions"}],"predecessor-version":[{"id":154645,"href":"https:\/\/www.sonoraenequipo.com.mx\/api\/wp\/v2\/posts\/154643\/revisions\/154645"}],"wp:featuredmedia":[{"embeddable":true,"href":"https:\/\/www.sonoraenequipo.com.mx\/api\/wp\/v2\/media\/154644"}],"wp:attachment":[{"href":"https:\/\/www.sonoraenequipo.com.mx\/api\/wp\/v2\/media?parent=154643"}],"wp:term":[{"taxonomy":"category","embeddable":true,"href":"https:\/\/www.sonoraenequipo.com.mx\/api\/wp\/v2\/categories?post=154643"},{"taxonomy":"post_tag","embeddable":true,"href":"https:\/\/www.sonoraenequipo.com.mx\/api\/wp\/v2\/tags?post=154643"}],"curies":[{"name":"wp","href":"https:\/\/api.w.org\/{rel}","templated":true}]}}