{"id":1553,"date":"2015-12-16T15:15:19","date_gmt":"2015-12-16T15:15:19","guid":{"rendered":"http:\/\/www.sonoraenequipo.com.mx\/?p=1553"},"modified":"2015-12-17T15:18:38","modified_gmt":"2015-12-17T15:18:38","slug":"el-21-de-diciembre-saldra-de-vacaciones-personal-del-sat","status":"publish","type":"post","link":"https:\/\/www.sonoraenequipo.com.mx\/el-21-de-diciembre-saldra-de-vacaciones-personal-del-sat\/","title":{"rendered":"El 21 de diciembre saldr\u00e1 de vacaciones personal del SAT"},"content":{"rendered":"<p>16122015.HERMOSILLO, SONORA.MX.\u2014 Este 21 se inicia el periodo vacional para el personal del Sistema de Administraci\u00f3n Tributaria. <\/p>\n<p>Del 21 al 31 de diciembre habr\u00e1 personal de guardia para atender a los contribuyentes, en horario de 8:00 de la ma\u00f1ana a 3.00 de la tarde.<\/p>\n<p>Patricia Gast\u00e9lum Padilla, administradora desconcentrada de servicios al contribuyente del SAT, detall\u00f3 los servicios que se brindar\u00e1n.<\/p>\n<p>\u00abEl personal de guardia estar\u00e1 para brindar los servicios de Firma Electr\u00f3nica Avanzada, de contrase\u00f1a (&#8230;) pero todo lo que son tr\u00e1mites de R.F.C. o todos los tr\u00e1mites que tiene que presentar el contribuyente c\u00f3mo son d\u00edas inh\u00e1biles en enero, podr\u00e1n realizarse\u00bb, inform\u00f3.<\/p>\n<p>Los contribuyentes en el R\u00e9gimen de Incorporaci\u00f3n Fiscal podr\u00e1n presentar su declaraci\u00f3n en enero del 2016.<\/p>\n<p>\u00abSu bimestre que es noviembre-diciembre la presentan en enero, entonces en enero lo podr\u00edamos estar recibiendo para hacer su declaraci\u00f3n bimestral\u00bb, dijo.<\/p>\n<p>El SAT volver\u00e1 a laborar con normalidad el 4 de enero.<\/p>\n","protected":false},"excerpt":{"rendered":"<p>16122015.HERMOSILLO, SONORA.MX.\u2014 Este 21 se inicia el periodo vacional para el personal del Sistema de&#8230;<\/p>\n","protected":false},"author":1,"featured_media":0,"comment_status":"open","ping_status":"open","sticky":false,"template":"","format":"standard","meta":{"_monsterinsights_skip_tracking":false,"_monsterinsights_sitenote_active":false,"_monsterinsights_sitenote_note":"","_monsterinsights_sitenote_category":0,"footnotes":""},"categories":[1,22],"tags":[],"class_list":["post"],"yoast_head":" \n<title>Sonora en Equipo. El 21 de diciembre saldr\u00e1 de vacaciones personal del SAT<\/title>\n<meta name=\"description\" content=\"16122015.HERMOSILLO, SONORA.MX.\u2014 Este 21 se inicia el periodo vacional para el personal del Sistema de Administraci\u00f3n Tributaria. Del 21 al 31 de En Sonora en Equipo publicamos toda la informaci\u00f3n de Sonora, M\u00e9xico y el Mundo de manera oportuna y busca que la libertad de expresi\u00f3n sea real. Visita nuestro medio informativo publicado desde Hermosillo, Sonora. %\" \/>\n<meta name=\"robots\" content=\"index, follow, max-snippet:-1, max-image-preview:large, max-video-preview:-1\" \/>\n<link rel=\"canonical\" href=\"https:\/\/www.sonoraenequipo.com.mx\/el-21-de-diciembre-saldra-de-vacaciones-personal-del-sat\/\" \/>\n<meta property=\"og:locale\" content=\"es_ES\" \/>\n<meta property=\"og:type\" content=\"article\" \/>\n<meta property=\"og:title\" content=\"Sonora en Equipo. El 21 de diciembre saldr\u00e1 de vacaciones personal del SAT\" \/>\n<meta property=\"og:description\" content=\"16122015.HERMOSILLO, SONORA.MX.\u2014 Este 21 se inicia el periodo vacional para el personal del Sistema de Administraci\u00f3n Tributaria. Del 21 al 31 de En Sonora en Equipo publicamos toda la informaci\u00f3n de Sonora, M\u00e9xico y el Mundo de manera oportuna y busca que la libertad de expresi\u00f3n sea real. Visita nuestro medio informativo publicado desde Hermosillo, Sonora. %\" \/>\n<meta property=\"og:url\" content=\"https:\/\/www.sonoraenequipo.com.mx\/el-21-de-diciembre-saldra-de-vacaciones-personal-del-sat\/\" \/>\n<meta property=\"og:site_name\" content=\"Sonora en Equipo.\" \/>\n<meta property=\"article:publisher\" content=\"https:\/\/www.facebook.com\/SonoraEE\/\" \/>\n<meta property=\"article:author\" content=\"https:\/\/www.facebook.com\/SonoraEE\" \/>\n<meta property=\"article:published_time\" content=\"2015-12-16T15:15:19+00:00\" \/>\n<meta property=\"article:modified_time\" content=\"2015-12-17T15:18:38+00:00\" \/>\n<meta name=\"author\" content=\"enequipo\" \/>\n<meta name=\"twitter:card\" content=\"summary_large_image\" \/>\n<meta name=\"twitter:creator\" content=\"@sonoraenequipo\" \/>\n<meta name=\"twitter:site\" content=\"@sonoraenequipo\" \/>\n<meta name=\"twitter:label1\" content=\"Escrito por\" \/>\n\t<meta name=\"twitter:data1\" content=\"enequipo\" \/>\n\t<meta name=\"twitter:label2\" content=\"Tiempo de lectura\" \/>\n\t<meta name=\"twitter:data2\" content=\"1 minuto\" \/>\n<script type=\"application\/ld+json\" class=\"yoast-schema-graph\">{\"@context\":\"https:\/\/schema.org\",\"@graph\":[{\"@type\":\"Article\",\"@id\":\"https:\/\/www.sonoraenequipo.com.mx\/el-21-de-diciembre-saldra-de-vacaciones-personal-del-sat\/#article\",\"isPartOf\":{\"@id\":\"https:\/\/www.sonoraenequipo.com.mx\/el-21-de-diciembre-saldra-de-vacaciones-personal-del-sat\/\"},\"author\":{\"name\":\"enequipo\",\"@id\":\"https:\/\/www.sonoraenequipo.com.mx\/#\/schema\/person\/50102df0fb23a8fa9e8effad8fa81386\"},\"headline\":\"El 21 de diciembre saldr\u00e1 de vacaciones personal del SAT\",\"datePublished\":\"2015-12-16T15:15:19+00:00\",\"dateModified\":\"2015-12-17T15:18:38+00:00\",\"mainEntityOfPage\":{\"@id\":\"https:\/\/www.sonoraenequipo.com.mx\/el-21-de-diciembre-saldra-de-vacaciones-personal-del-sat\/\"},\"wordCount\":175,\"commentCount\":0,\"publisher\":{\"@id\":\"https:\/\/www.sonoraenequipo.com.mx\/#organization\"},\"articleSection\":[\"Sin categorizar\",\"Sonora\"],\"inLanguage\":\"es\",\"potentialAction\":[{\"@type\":\"CommentAction\",\"name\":\"Comment\",\"target\":[\"https:\/\/www.sonoraenequipo.com.mx\/el-21-de-diciembre-saldra-de-vacaciones-personal-del-sat\/#respond\"]}]},{\"@type\":\"WebPage\",\"@id\":\"https:\/\/www.sonoraenequipo.com.mx\/el-21-de-diciembre-saldra-de-vacaciones-personal-del-sat\/\",\"url\":\"https:\/\/www.sonoraenequipo.com.mx\/el-21-de-diciembre-saldra-de-vacaciones-personal-del-sat\/\",\"name\":\"Sonora en Equipo. El 21 de diciembre saldr\u00e1 de vacaciones personal del SAT\",\"isPartOf\":{\"@id\":\"https:\/\/www.sonoraenequipo.com.mx\/#website\"},\"datePublished\":\"2015-12-16T15:15:19+00:00\",\"dateModified\":\"2015-12-17T15:18:38+00:00\",\"description\":\"16122015.HERMOSILLO, SONORA.MX.\u2014 Este 21 se inicia el periodo vacional para el personal del Sistema de Administraci\u00f3n Tributaria. Del 21 al 31 de En Sonora en Equipo publicamos toda la informaci\u00f3n de Sonora, M\u00e9xico y el Mundo de manera oportuna y busca que la libertad de expresi\u00f3n sea real. Visita nuestro medio informativo publicado desde Hermosillo, Sonora. %\",\"breadcrumb\":{\"@id\":\"https:\/\/www.sonoraenequipo.com.mx\/el-21-de-diciembre-saldra-de-vacaciones-personal-del-sat\/#breadcrumb\"},\"inLanguage\":\"es\",\"potentialAction\":[{\"@type\":\"ReadAction\",\"target\":[\"https:\/\/www.sonoraenequipo.com.mx\/el-21-de-diciembre-saldra-de-vacaciones-personal-del-sat\/\"]}]},{\"@type\":\"BreadcrumbList\",\"@id\":\"https:\/\/www.sonoraenequipo.com.mx\/el-21-de-diciembre-saldra-de-vacaciones-personal-del-sat\/#breadcrumb\",\"itemListElement\":[{\"@type\":\"ListItem\",\"position\":1,\"name\":\"Portada\",\"item\":\"https:\/\/www.sonoraenequipo.com.mx\/\"},{\"@type\":\"ListItem\",\"position\":2,\"name\":\"El 21 de diciembre saldr\u00e1 de vacaciones personal del SAT\"}]},{\"@type\":\"WebSite\",\"@id\":\"https:\/\/www.sonoraenequipo.com.mx\/#website\",\"url\":\"https:\/\/www.sonoraenequipo.com.mx\/\",\"name\":\"Sonora en Equipo.\",\"description\":\"Diario en l\u00ednea con Noticias desde Hermosillo, Sonora\",\"publisher\":{\"@id\":\"https:\/\/www.sonoraenequipo.com.mx\/#organization\"},\"potentialAction\":[{\"@type\":\"SearchAction\",\"target\":{\"@type\":\"EntryPoint\",\"urlTemplate\":\"https:\/\/www.sonoraenequipo.com.mx\/?s={search_term_string}\"},\"query-input\":{\"@type\":\"PropertyValueSpecification\",\"valueRequired\":true,\"valueName\":\"search_term_string\"}}],\"inLanguage\":\"es\"},{\"@type\":\"Organization\",\"@id\":\"https:\/\/www.sonoraenequipo.com.mx\/#organization\",\"name\":\"Sonoraenequipo.com.mx\",\"url\":\"https:\/\/www.sonoraenequipo.com.mx\/\",\"logo\":{\"@type\":\"ImageObject\",\"inLanguage\":\"es\",\"@id\":\"https:\/\/www.sonoraenequipo.com.mx\/#\/schema\/logo\/image\/\",\"url\":\"https:\/\/www.sonoraenequipo.com.mx\/storage\/2019\/01\/sonoraenequipo_opt.png\",\"contentUrl\":\"https:\/\/www.sonoraenequipo.com.mx\/storage\/2019\/01\/sonoraenequipo_opt.png\",\"width\":375,\"height\":125,\"caption\":\"Sonoraenequipo.com.mx\"},\"image\":{\"@id\":\"https:\/\/www.sonoraenequipo.com.mx\/#\/schema\/logo\/image\/\"},\"sameAs\":[\"https:\/\/www.facebook.com\/SonoraEE\/\",\"https:\/\/x.com\/sonoraenequipo\",\"https:\/\/www.youtube.com\/channel\/UC338nW-lPEYmJQs4ZABQ1SQ\"]},{\"@type\":\"Person\",\"@id\":\"https:\/\/www.sonoraenequipo.com.mx\/#\/schema\/person\/50102df0fb23a8fa9e8effad8fa81386\",\"name\":\"enequipo\",\"image\":{\"@type\":\"ImageObject\",\"inLanguage\":\"es\",\"@id\":\"https:\/\/www.sonoraenequipo.com.mx\/#\/schema\/person\/image\/\",\"url\":\"https:\/\/secure.gravatar.com\/avatar\/049821681b589dabc0bc20695993ccebb09f5b5d4d790cd9251b97faac7c652b?s=96&d=blank&r=g\",\"contentUrl\":\"https:\/\/secure.gravatar.com\/avatar\/049821681b589dabc0bc20695993ccebb09f5b5d4d790cd9251b97faac7c652b?s=96&d=blank&r=g\",\"caption\":\"enequipo\"},\"sameAs\":[\"https:\/\/www.facebook.com\/SonoraEE\"]}]}<\/script>\n ","yoast_head_json":{"title":"Sonora en Equipo. El 21 de diciembre saldr\u00e1 de vacaciones personal del SAT","description":"16122015.HERMOSILLO, SONORA.MX.\u2014 Este 21 se inicia el periodo vacional para el personal del Sistema de Administraci\u00f3n Tributaria. Del 21 al 31 de En Sonora en Equipo publicamos toda la informaci\u00f3n de Sonora, M\u00e9xico y el Mundo de manera oportuna y busca que la libertad de expresi\u00f3n sea real. Visita nuestro medio informativo publicado desde Hermosillo, Sonora. %","robots":{"index":"index","follow":"follow","max-snippet":"max-snippet:-1","max-image-preview":"max-image-preview:large","max-video-preview":"max-video-preview:-1"},"canonical":"https:\/\/www.sonoraenequipo.com.mx\/el-21-de-diciembre-saldra-de-vacaciones-personal-del-sat\/","og_locale":"es_ES","og_type":"article","og_title":"Sonora en Equipo. El 21 de diciembre saldr\u00e1 de vacaciones personal del SAT","og_description":"16122015.HERMOSILLO, SONORA.MX.\u2014 Este 21 se inicia el periodo vacional para el personal del Sistema de Administraci\u00f3n Tributaria. Del 21 al 31 de En Sonora en Equipo publicamos toda la informaci\u00f3n de Sonora, M\u00e9xico y el Mundo de manera oportuna y busca que la libertad de expresi\u00f3n sea real. Visita nuestro medio informativo publicado desde Hermosillo, Sonora. %","og_url":"https:\/\/www.sonoraenequipo.com.mx\/el-21-de-diciembre-saldra-de-vacaciones-personal-del-sat\/","og_site_name":"Sonora en Equipo.","article_publisher":"https:\/\/www.facebook.com\/SonoraEE\/","article_author":"https:\/\/www.facebook.com\/SonoraEE","article_published_time":"2015-12-16T15:15:19+00:00","article_modified_time":"2015-12-17T15:18:38+00:00","author":"enequipo","twitter_card":"summary_large_image","twitter_creator":"@sonoraenequipo","twitter_site":"@sonoraenequipo","twitter_misc":{"Escrito por":"enequipo","Tiempo de lectura":"1 minuto"},"schema":{"@context":"https:\/\/schema.org","@graph":[{"@type":"Article","@id":"https:\/\/www.sonoraenequipo.com.mx\/el-21-de-diciembre-saldra-de-vacaciones-personal-del-sat\/#article","isPartOf":{"@id":"https:\/\/www.sonoraenequipo.com.mx\/el-21-de-diciembre-saldra-de-vacaciones-personal-del-sat\/"},"author":{"name":"enequipo","@id":"https:\/\/www.sonoraenequipo.com.mx\/#\/schema\/person\/50102df0fb23a8fa9e8effad8fa81386"},"headline":"El 21 de diciembre saldr\u00e1 de vacaciones personal del SAT","datePublished":"2015-12-16T15:15:19+00:00","dateModified":"2015-12-17T15:18:38+00:00","mainEntityOfPage":{"@id":"https:\/\/www.sonoraenequipo.com.mx\/el-21-de-diciembre-saldra-de-vacaciones-personal-del-sat\/"},"wordCount":175,"commentCount":0,"publisher":{"@id":"https:\/\/www.sonoraenequipo.com.mx\/#organization"},"articleSection":["Sin categorizar","Sonora"],"inLanguage":"es","potentialAction":[{"@type":"CommentAction","name":"Comment","target":["https:\/\/www.sonoraenequipo.com.mx\/el-21-de-diciembre-saldra-de-vacaciones-personal-del-sat\/#respond"]}]},{"@type":"WebPage","@id":"https:\/\/www.sonoraenequipo.com.mx\/el-21-de-diciembre-saldra-de-vacaciones-personal-del-sat\/","url":"https:\/\/www.sonoraenequipo.com.mx\/el-21-de-diciembre-saldra-de-vacaciones-personal-del-sat\/","name":"Sonora en Equipo. El 21 de diciembre saldr\u00e1 de vacaciones personal del SAT","isPartOf":{"@id":"https:\/\/www.sonoraenequipo.com.mx\/#website"},"datePublished":"2015-12-16T15:15:19+00:00","dateModified":"2015-12-17T15:18:38+00:00","description":"16122015.HERMOSILLO, SONORA.MX.\u2014 Este 21 se inicia el periodo vacional para el personal del Sistema de Administraci\u00f3n Tributaria. Del 21 al 31 de En Sonora en Equipo publicamos toda la informaci\u00f3n de Sonora, M\u00e9xico y el Mundo de manera oportuna y busca que la libertad de expresi\u00f3n sea real. Visita nuestro medio informativo publicado desde Hermosillo, Sonora. %","breadcrumb":{"@id":"https:\/\/www.sonoraenequipo.com.mx\/el-21-de-diciembre-saldra-de-vacaciones-personal-del-sat\/#breadcrumb"},"inLanguage":"es","potentialAction":[{"@type":"ReadAction","target":["https:\/\/www.sonoraenequipo.com.mx\/el-21-de-diciembre-saldra-de-vacaciones-personal-del-sat\/"]}]},{"@type":"BreadcrumbList","@id":"https:\/\/www.sonoraenequipo.com.mx\/el-21-de-diciembre-saldra-de-vacaciones-personal-del-sat\/#breadcrumb","itemListElement":[{"@type":"ListItem","position":1,"name":"Portada","item":"https:\/\/www.sonoraenequipo.com.mx\/"},{"@type":"ListItem","position":2,"name":"El 21 de diciembre saldr\u00e1 de vacaciones personal del SAT"}]},{"@type":"WebSite","@id":"https:\/\/www.sonoraenequipo.com.mx\/#website","url":"https:\/\/www.sonoraenequipo.com.mx\/","name":"Sonora en Equipo.","description":"Diario en l\u00ednea con Noticias desde Hermosillo, Sonora","publisher":{"@id":"https:\/\/www.sonoraenequipo.com.mx\/#organization"},"potentialAction":[{"@type":"SearchAction","target":{"@type":"EntryPoint","urlTemplate":"https:\/\/www.sonoraenequipo.com.mx\/?s={search_term_string}"},"query-input":{"@type":"PropertyValueSpecification","valueRequired":true,"valueName":"search_term_string"}}],"inLanguage":"es"},{"@type":"Organization","@id":"https:\/\/www.sonoraenequipo.com.mx\/#organization","name":"Sonoraenequipo.com.mx","url":"https:\/\/www.sonoraenequipo.com.mx\/","logo":{"@type":"ImageObject","inLanguage":"es","@id":"https:\/\/www.sonoraenequipo.com.mx\/#\/schema\/logo\/image\/","url":"https:\/\/www.sonoraenequipo.com.mx\/storage\/2019\/01\/sonoraenequipo_opt.png","contentUrl":"https:\/\/www.sonoraenequipo.com.mx\/storage\/2019\/01\/sonoraenequipo_opt.png","width":375,"height":125,"caption":"Sonoraenequipo.com.mx"},"image":{"@id":"https:\/\/www.sonoraenequipo.com.mx\/#\/schema\/logo\/image\/"},"sameAs":["https:\/\/www.facebook.com\/SonoraEE\/","https:\/\/x.com\/sonoraenequipo","https:\/\/www.youtube.com\/channel\/UC338nW-lPEYmJQs4ZABQ1SQ"]},{"@type":"Person","@id":"https:\/\/www.sonoraenequipo.com.mx\/#\/schema\/person\/50102df0fb23a8fa9e8effad8fa81386","name":"enequipo","image":{"@type":"ImageObject","inLanguage":"es","@id":"https:\/\/www.sonoraenequipo.com.mx\/#\/schema\/person\/image\/","url":"https:\/\/secure.gravatar.com\/avatar\/049821681b589dabc0bc20695993ccebb09f5b5d4d790cd9251b97faac7c652b?s=96&d=blank&r=g","contentUrl":"https:\/\/secure.gravatar.com\/avatar\/049821681b589dabc0bc20695993ccebb09f5b5d4d790cd9251b97faac7c652b?s=96&d=blank&r=g","caption":"enequipo"},"sameAs":["https:\/\/www.facebook.com\/SonoraEE"]}]}},"jetpack_featured_media_url":"","_links":{"self":[{"href":"https:\/\/www.sonoraenequipo.com.mx\/api\/wp\/v2\/posts\/1553","targetHints":{"allow":["GET"]}}],"collection":[{"href":"https:\/\/www.sonoraenequipo.com.mx\/api\/wp\/v2\/posts"}],"about":[{"href":"https:\/\/www.sonoraenequipo.com.mx\/api\/wp\/v2\/types\/post"}],"author":[{"embeddable":true,"href":"https:\/\/www.sonoraenequipo.com.mx\/api\/wp\/v2\/users\/1"}],"replies":[{"embeddable":true,"href":"https:\/\/www.sonoraenequipo.com.mx\/api\/wp\/v2\/comments?post=1553"}],"version-history":[{"count":0,"href":"https:\/\/www.sonoraenequipo.com.mx\/api\/wp\/v2\/posts\/1553\/revisions"}],"wp:attachment":[{"href":"https:\/\/www.sonoraenequipo.com.mx\/api\/wp\/v2\/media?parent=1553"}],"wp:term":[{"taxonomy":"category","embeddable":true,"href":"https:\/\/www.sonoraenequipo.com.mx\/api\/wp\/v2\/categories?post=1553"},{"taxonomy":"post_tag","embeddable":true,"href":"https:\/\/www.sonoraenequipo.com.mx\/api\/wp\/v2\/tags?post=1553"}],"curies":[{"name":"wp","href":"https:\/\/api.w.org\/{rel}","templated":true}]}}