{"id":155390,"date":"2022-12-28T12:00:42","date_gmt":"2022-12-28T19:00:42","guid":{"rendered":"https:\/\/www.sonoraenequipo.com.mx\/?p=155390"},"modified":"2022-12-28T12:00:42","modified_gmt":"2022-12-28T19:00:42","slug":"policia-de-hermosillo-reforzara-vigilancia-y-operativos-de-prevencion-durante-ano-nuevo","status":"publish","type":"post","link":"https:\/\/www.sonoraenequipo.com.mx\/policia-de-hermosillo-reforzara-vigilancia-y-operativos-de-prevencion-durante-ano-nuevo\/","title":{"rendered":"Polic\u00eda de Hermosillo reforzar\u00e1 vigilancia y operativos de prevenci\u00f3n durante a\u00f1o nuevo"},"content":{"rendered":"<p>\u25baSer\u00e1n alrededor de 280 elementos por turno los que trabajar\u00e1n para lograr un saldo blanco durante las festividades<\/p>\n<p><strong>HERMOSILLO, SONORA,MX.<\/strong><strong>\u2500\u2500<\/strong> El personal de la Jefatura de Polic\u00eda Preventiva y Tr\u00e1nsito de Hermosillo se encuentra listo para la implementaci\u00f3n del operativo de vigilancia y prevenci\u00f3n que se desplegar\u00e1 desde la noche del 31 de diciembre y concluir\u00e1 hasta el domingo primero de enero del 2023.<\/p>\n<p>&nbsp;<\/p>\n<p>Ram\u00f3n Manuel Arvizu Quintero, titular del Dispositivo de Tr\u00e1nsito para una Movilidad Segura e Incluyente, inform\u00f3 que se reforzar\u00e1 el n\u00famero de elementos que estar\u00e1n en la atenci\u00f3n de reportes y vigilancia durante este fin de a\u00f1o e inicio del 2023.<\/p>\n<p>&nbsp;<\/p>\n<p>\u00abEl objetivo es tener un saldo blanco en Hermosillo, con vigilancia permanente en las principales vialidades, puntos de prevenci\u00f3n, la atenci\u00f3n oportuna e inmediata de los reportes que se generen al 911, as\u00ed como los recorridos de vigilancia en las colonias y zonas comerciales\u00bb.<\/p>\n<p>&nbsp;<\/p>\n<p>Indic\u00f3 que ser\u00e1n alrededor de 280 elementos en activo los que estar\u00e1n trabajando en la prevenci\u00f3n de accidentes y hechos delictivos por turno.<\/p>\n<p>&nbsp;<\/p>\n<p>\u201cSer\u00e1n entre 250 y 280 elementos los que participar\u00e1n por turno, y que nosotros trabajaremos con ese objetivo de dar esos buenos resultados como lo hicimos en Navidad y que seguro que este fin de a\u00f1o va a ser de la misma forma, siempre con el apoyo de la ciudadan\u00eda\u00bb, expres\u00f3.<\/p>\n<p>&nbsp;<\/p>\n<p>Mencion\u00f3 que se continuar\u00e1 con la aplicaci\u00f3n del Operativo Carrusel en las principales vialidades de la ciudad, como lo son Luis Encinas, Reforma, Olivares, L\u00f3pez del Castillo, Monteverde, Jos\u00e9 Mar\u00eda Morelos, Solidaridad, Juan Bautista Escalante, Eusebio Kino, Rosales, Clouthier, Manlio Fabio Beltrones, Vild\u00f3sola, Camino del Seri, Navarrete, entre otros, donde se controlar\u00e1 la velocidad de traslado respetando siempre los l\u00edmites establecidos en Ley.<\/p>\n<p>&nbsp;<\/p>\n<p>Tambi\u00e9n se instalar\u00e1n los Filtros de Alcoholimetr\u00eda en los puntos de mayor afluencia vial, esto con el objetivo de evitar que conductores en estado de ebriedad manejen, se\u00f1al\u00f3.<\/p>\n<p>&nbsp;<\/p>\n<p>Puntualiz\u00f3 que no habr\u00e1 tolerancia en este sentido, ya que los conductores que sean sorprendidos y certificados como ebrios al volante ser\u00e1n sancionados.<\/p>\n<p>&nbsp;<\/p>\n<p>\u201cNosotros tambi\u00e9n, obviamente tenemos que tener esa cero tolerancia porque no queremos que ning\u00fan conductor participe en un hecho de tr\u00e1nsito si consumi\u00f3 bebidas embriagantes. Tenemos que cuidar la vida de las dem\u00e1s personas que quieren disfrutar estas fechas con toda seguridad y con toda tranquilidad y, sobre todo, de no verse involucrados en un accidente que los lleve a un hospital o estar con la p\u00e9rdida de la vida de alguna persona\u201d, dijo el titular del DITAM.<\/p>\n<p>&nbsp;<\/p>\n<p>Arvizu Quintero hizo un llamado a la ciudadan\u00eda para no ingerir bebidas alcoh\u00f3licas y manejar, as\u00ed como a respetar los l\u00edmites de velocidad y evitar el uso de pirotecnia o disparos de armas de fuego.<\/p>\n<p><strong><em><u>Fecha de publicaci\u00f3n\u00a0\u00a0\u00a0 mi\u00e9rcoles 28\u00a0 de diciembre de 2022 con informaci\u00f3n de boletines<\/u><\/em><\/strong><\/p>\n","protected":false},"excerpt":{"rendered":"<p>\u25baSer\u00e1n alrededor de 280 elementos por turno los que trabajar\u00e1n para lograr un saldo blanco&#8230;<\/p>\n","protected":false},"author":1,"featured_media":135325,"comment_status":"open","ping_status":"open","sticky":false,"template":"","format":"standard","meta":{"_monsterinsights_skip_tracking":false,"_monsterinsights_sitenote_active":false,"_monsterinsights_sitenote_note":"","_monsterinsights_sitenote_category":0,"footnotes":""},"categories":[3144],"tags":[7986,35,3451,170],"class_list":["post"],"yoast_head":" \n<title>Sonora en Equipo. Polic\u00eda de Hermosillo reforzar\u00e1 vigilancia y operativos de prevenci\u00f3n durante a\u00f1o nuevo Polic\u00edaca<\/title>\n<meta name=\"description\" content=\"\u25baSer\u00e1n alrededor de 280 elementos por turno los que trabajar\u00e1n para lograr un saldo blanco durante las festividades HERMOSILLO, SONORA,MX.\u2500\u2500 El personal En Sonora en Equipo publicamos toda la informaci\u00f3n de Sonora, M\u00e9xico y el Mundo de manera oportuna y busca que la libertad de expresi\u00f3n sea real. Visita nuestro medio informativo publicado desde Hermosillo, Sonora. %\" \/>\n<meta name=\"robots\" content=\"index, follow, max-snippet:-1, max-image-preview:large, max-video-preview:-1\" \/>\n<link rel=\"canonical\" href=\"https:\/\/www.sonoraenequipo.com.mx\/policia-de-hermosillo-reforzara-vigilancia-y-operativos-de-prevencion-durante-ano-nuevo\/\" \/>\n<meta property=\"og:locale\" content=\"es_ES\" \/>\n<meta property=\"og:type\" content=\"article\" \/>\n<meta property=\"og:title\" content=\"Sonora en Equipo. Polic\u00eda de Hermosillo reforzar\u00e1 vigilancia y operativos de prevenci\u00f3n durante a\u00f1o nuevo Polic\u00edaca\" \/>\n<meta property=\"og:description\" content=\"\u25baSer\u00e1n alrededor de 280 elementos por turno los que trabajar\u00e1n para lograr un saldo blanco durante las festividades HERMOSILLO, SONORA,MX.\u2500\u2500 El personal En Sonora en Equipo publicamos toda la informaci\u00f3n de Sonora, M\u00e9xico y el Mundo de manera oportuna y busca que la libertad de expresi\u00f3n sea real. Visita nuestro medio informativo publicado desde Hermosillo, Sonora. %\" \/>\n<meta property=\"og:url\" content=\"https:\/\/www.sonoraenequipo.com.mx\/policia-de-hermosillo-reforzara-vigilancia-y-operativos-de-prevencion-durante-ano-nuevo\/\" \/>\n<meta property=\"og:site_name\" content=\"Sonora en Equipo.\" \/>\n<meta property=\"article:publisher\" content=\"https:\/\/www.facebook.com\/SonoraEE\/\" \/>\n<meta property=\"article:author\" content=\"https:\/\/www.facebook.com\/SonoraEE\" \/>\n<meta property=\"article:published_time\" content=\"2022-12-28T19:00:42+00:00\" \/>\n<meta property=\"og:image\" content=\"https:\/\/www.sonoraenequipo.com.mx\/storage\/2022\/03\/policia-hmopatrulla.jpg\" \/>\n\t<meta property=\"og:image:width\" content=\"700\" \/>\n\t<meta property=\"og:image:height\" content=\"400\" \/>\n\t<meta property=\"og:image:type\" content=\"image\/jpeg\" \/>\n<meta name=\"author\" content=\"enequipo\" \/>\n<meta name=\"twitter:card\" content=\"summary_large_image\" \/>\n<meta name=\"twitter:creator\" content=\"@sonoraenequipo\" \/>\n<meta name=\"twitter:site\" content=\"@sonoraenequipo\" \/>\n<meta name=\"twitter:label1\" content=\"Escrito por\" \/>\n\t<meta name=\"twitter:data1\" content=\"enequipo\" \/>\n\t<meta name=\"twitter:label2\" content=\"Tiempo de lectura\" \/>\n\t<meta name=\"twitter:data2\" content=\"3 minutos\" \/>\n<script type=\"application\/ld+json\" class=\"yoast-schema-graph\">{\"@context\":\"https:\/\/schema.org\",\"@graph\":[{\"@type\":\"Article\",\"@id\":\"https:\/\/www.sonoraenequipo.com.mx\/policia-de-hermosillo-reforzara-vigilancia-y-operativos-de-prevencion-durante-ano-nuevo\/#article\",\"isPartOf\":{\"@id\":\"https:\/\/www.sonoraenequipo.com.mx\/policia-de-hermosillo-reforzara-vigilancia-y-operativos-de-prevencion-durante-ano-nuevo\/\"},\"author\":{\"name\":\"enequipo\",\"@id\":\"https:\/\/www.sonoraenequipo.com.mx\/#\/schema\/person\/50102df0fb23a8fa9e8effad8fa81386\"},\"headline\":\"Polic\u00eda de Hermosillo reforzar\u00e1 vigilancia y operativos de prevenci\u00f3n durante a\u00f1o nuevo\",\"datePublished\":\"2022-12-28T19:00:42+00:00\",\"mainEntityOfPage\":{\"@id\":\"https:\/\/www.sonoraenequipo.com.mx\/policia-de-hermosillo-reforzara-vigilancia-y-operativos-de-prevencion-durante-ano-nuevo\/\"},\"wordCount\":520,\"commentCount\":0,\"publisher\":{\"@id\":\"https:\/\/www.sonoraenequipo.com.mx\/#organization\"},\"image\":{\"@id\":\"https:\/\/www.sonoraenequipo.com.mx\/policia-de-hermosillo-reforzara-vigilancia-y-operativos-de-prevencion-durante-ano-nuevo\/#primaryimage\"},\"thumbnailUrl\":\"https:\/\/www.sonoraenequipo.com.mx\/storage\/2022\/03\/policia-hmopatrulla.jpg\",\"keywords\":[\"a\u00f1o\",\"hermosillo\",\"nuevo\",\"Seguridad\"],\"articleSection\":[\"Polic\u00edaca\"],\"inLanguage\":\"es\",\"potentialAction\":[{\"@type\":\"CommentAction\",\"name\":\"Comment\",\"target\":[\"https:\/\/www.sonoraenequipo.com.mx\/policia-de-hermosillo-reforzara-vigilancia-y-operativos-de-prevencion-durante-ano-nuevo\/#respond\"]}]},{\"@type\":\"WebPage\",\"@id\":\"https:\/\/www.sonoraenequipo.com.mx\/policia-de-hermosillo-reforzara-vigilancia-y-operativos-de-prevencion-durante-ano-nuevo\/\",\"url\":\"https:\/\/www.sonoraenequipo.com.mx\/policia-de-hermosillo-reforzara-vigilancia-y-operativos-de-prevencion-durante-ano-nuevo\/\",\"name\":\"Sonora en Equipo. Polic\u00eda de Hermosillo reforzar\u00e1 vigilancia y operativos de prevenci\u00f3n durante a\u00f1o nuevo Polic\u00edaca\",\"isPartOf\":{\"@id\":\"https:\/\/www.sonoraenequipo.com.mx\/#website\"},\"primaryImageOfPage\":{\"@id\":\"https:\/\/www.sonoraenequipo.com.mx\/policia-de-hermosillo-reforzara-vigilancia-y-operativos-de-prevencion-durante-ano-nuevo\/#primaryimage\"},\"image\":{\"@id\":\"https:\/\/www.sonoraenequipo.com.mx\/policia-de-hermosillo-reforzara-vigilancia-y-operativos-de-prevencion-durante-ano-nuevo\/#primaryimage\"},\"thumbnailUrl\":\"https:\/\/www.sonoraenequipo.com.mx\/storage\/2022\/03\/policia-hmopatrulla.jpg\",\"datePublished\":\"2022-12-28T19:00:42+00:00\",\"description\":\"\u25baSer\u00e1n alrededor de 280 elementos por turno los que trabajar\u00e1n para lograr un saldo blanco durante las festividades HERMOSILLO, SONORA,MX.\u2500\u2500 El personal En Sonora en Equipo publicamos toda la informaci\u00f3n de Sonora, M\u00e9xico y el Mundo de manera oportuna y busca que la libertad de expresi\u00f3n sea real. Visita nuestro medio informativo publicado desde Hermosillo, Sonora. %\",\"breadcrumb\":{\"@id\":\"https:\/\/www.sonoraenequipo.com.mx\/policia-de-hermosillo-reforzara-vigilancia-y-operativos-de-prevencion-durante-ano-nuevo\/#breadcrumb\"},\"inLanguage\":\"es\",\"potentialAction\":[{\"@type\":\"ReadAction\",\"target\":[\"https:\/\/www.sonoraenequipo.com.mx\/policia-de-hermosillo-reforzara-vigilancia-y-operativos-de-prevencion-durante-ano-nuevo\/\"]}]},{\"@type\":\"ImageObject\",\"inLanguage\":\"es\",\"@id\":\"https:\/\/www.sonoraenequipo.com.mx\/policia-de-hermosillo-reforzara-vigilancia-y-operativos-de-prevencion-durante-ano-nuevo\/#primaryimage\",\"url\":\"https:\/\/www.sonoraenequipo.com.mx\/storage\/2022\/03\/policia-hmopatrulla.jpg\",\"contentUrl\":\"https:\/\/www.sonoraenequipo.com.mx\/storage\/2022\/03\/policia-hmopatrulla.jpg\",\"width\":700,\"height\":400},{\"@type\":\"BreadcrumbList\",\"@id\":\"https:\/\/www.sonoraenequipo.com.mx\/policia-de-hermosillo-reforzara-vigilancia-y-operativos-de-prevencion-durante-ano-nuevo\/#breadcrumb\",\"itemListElement\":[{\"@type\":\"ListItem\",\"position\":1,\"name\":\"Portada\",\"item\":\"https:\/\/www.sonoraenequipo.com.mx\/\"},{\"@type\":\"ListItem\",\"position\":2,\"name\":\"Polic\u00eda de Hermosillo reforzar\u00e1 vigilancia y operativos de prevenci\u00f3n durante a\u00f1o nuevo\"}]},{\"@type\":\"WebSite\",\"@id\":\"https:\/\/www.sonoraenequipo.com.mx\/#website\",\"url\":\"https:\/\/www.sonoraenequipo.com.mx\/\",\"name\":\"Sonora en Equipo.\",\"description\":\"Diario en l\u00ednea con Noticias desde Hermosillo, Sonora\",\"publisher\":{\"@id\":\"https:\/\/www.sonoraenequipo.com.mx\/#organization\"},\"potentialAction\":[{\"@type\":\"SearchAction\",\"target\":{\"@type\":\"EntryPoint\",\"urlTemplate\":\"https:\/\/www.sonoraenequipo.com.mx\/?s={search_term_string}\"},\"query-input\":{\"@type\":\"PropertyValueSpecification\",\"valueRequired\":true,\"valueName\":\"search_term_string\"}}],\"inLanguage\":\"es\"},{\"@type\":\"Organization\",\"@id\":\"https:\/\/www.sonoraenequipo.com.mx\/#organization\",\"name\":\"Sonoraenequipo.com.mx\",\"url\":\"https:\/\/www.sonoraenequipo.com.mx\/\",\"logo\":{\"@type\":\"ImageObject\",\"inLanguage\":\"es\",\"@id\":\"https:\/\/www.sonoraenequipo.com.mx\/#\/schema\/logo\/image\/\",\"url\":\"https:\/\/www.sonoraenequipo.com.mx\/storage\/2019\/01\/sonoraenequipo_opt.png\",\"contentUrl\":\"https:\/\/www.sonoraenequipo.com.mx\/storage\/2019\/01\/sonoraenequipo_opt.png\",\"width\":375,\"height\":125,\"caption\":\"Sonoraenequipo.com.mx\"},\"image\":{\"@id\":\"https:\/\/www.sonoraenequipo.com.mx\/#\/schema\/logo\/image\/\"},\"sameAs\":[\"https:\/\/www.facebook.com\/SonoraEE\/\",\"https:\/\/x.com\/sonoraenequipo\",\"https:\/\/www.youtube.com\/channel\/UC338nW-lPEYmJQs4ZABQ1SQ\"]},{\"@type\":\"Person\",\"@id\":\"https:\/\/www.sonoraenequipo.com.mx\/#\/schema\/person\/50102df0fb23a8fa9e8effad8fa81386\",\"name\":\"enequipo\",\"image\":{\"@type\":\"ImageObject\",\"inLanguage\":\"es\",\"@id\":\"https:\/\/www.sonoraenequipo.com.mx\/#\/schema\/person\/image\/\",\"url\":\"https:\/\/secure.gravatar.com\/avatar\/049821681b589dabc0bc20695993ccebb09f5b5d4d790cd9251b97faac7c652b?s=96&d=blank&r=g\",\"contentUrl\":\"https:\/\/secure.gravatar.com\/avatar\/049821681b589dabc0bc20695993ccebb09f5b5d4d790cd9251b97faac7c652b?s=96&d=blank&r=g\",\"caption\":\"enequipo\"},\"sameAs\":[\"https:\/\/www.facebook.com\/SonoraEE\"]}]}<\/script>\n ","yoast_head_json":{"title":"Sonora en Equipo. Polic\u00eda de Hermosillo reforzar\u00e1 vigilancia y operativos de prevenci\u00f3n durante a\u00f1o nuevo Polic\u00edaca","description":"\u25baSer\u00e1n alrededor de 280 elementos por turno los que trabajar\u00e1n para lograr un saldo blanco durante las festividades HERMOSILLO, SONORA,MX.\u2500\u2500 El personal En Sonora en Equipo publicamos toda la informaci\u00f3n de Sonora, M\u00e9xico y el Mundo de manera oportuna y busca que la libertad de expresi\u00f3n sea real. Visita nuestro medio informativo publicado desde Hermosillo, Sonora. %","robots":{"index":"index","follow":"follow","max-snippet":"max-snippet:-1","max-image-preview":"max-image-preview:large","max-video-preview":"max-video-preview:-1"},"canonical":"https:\/\/www.sonoraenequipo.com.mx\/policia-de-hermosillo-reforzara-vigilancia-y-operativos-de-prevencion-durante-ano-nuevo\/","og_locale":"es_ES","og_type":"article","og_title":"Sonora en Equipo. Polic\u00eda de Hermosillo reforzar\u00e1 vigilancia y operativos de prevenci\u00f3n durante a\u00f1o nuevo Polic\u00edaca","og_description":"\u25baSer\u00e1n alrededor de 280 elementos por turno los que trabajar\u00e1n para lograr un saldo blanco durante las festividades HERMOSILLO, SONORA,MX.\u2500\u2500 El personal En Sonora en Equipo publicamos toda la informaci\u00f3n de Sonora, M\u00e9xico y el Mundo de manera oportuna y busca que la libertad de expresi\u00f3n sea real. Visita nuestro medio informativo publicado desde Hermosillo, Sonora. %","og_url":"https:\/\/www.sonoraenequipo.com.mx\/policia-de-hermosillo-reforzara-vigilancia-y-operativos-de-prevencion-durante-ano-nuevo\/","og_site_name":"Sonora en Equipo.","article_publisher":"https:\/\/www.facebook.com\/SonoraEE\/","article_author":"https:\/\/www.facebook.com\/SonoraEE","article_published_time":"2022-12-28T19:00:42+00:00","og_image":[{"width":700,"height":400,"url":"https:\/\/www.sonoraenequipo.com.mx\/storage\/2022\/03\/policia-hmopatrulla.jpg","type":"image\/jpeg"}],"author":"enequipo","twitter_card":"summary_large_image","twitter_creator":"@sonoraenequipo","twitter_site":"@sonoraenequipo","twitter_misc":{"Escrito por":"enequipo","Tiempo de lectura":"3 minutos"},"schema":{"@context":"https:\/\/schema.org","@graph":[{"@type":"Article","@id":"https:\/\/www.sonoraenequipo.com.mx\/policia-de-hermosillo-reforzara-vigilancia-y-operativos-de-prevencion-durante-ano-nuevo\/#article","isPartOf":{"@id":"https:\/\/www.sonoraenequipo.com.mx\/policia-de-hermosillo-reforzara-vigilancia-y-operativos-de-prevencion-durante-ano-nuevo\/"},"author":{"name":"enequipo","@id":"https:\/\/www.sonoraenequipo.com.mx\/#\/schema\/person\/50102df0fb23a8fa9e8effad8fa81386"},"headline":"Polic\u00eda de Hermosillo reforzar\u00e1 vigilancia y operativos de prevenci\u00f3n durante a\u00f1o nuevo","datePublished":"2022-12-28T19:00:42+00:00","mainEntityOfPage":{"@id":"https:\/\/www.sonoraenequipo.com.mx\/policia-de-hermosillo-reforzara-vigilancia-y-operativos-de-prevencion-durante-ano-nuevo\/"},"wordCount":520,"commentCount":0,"publisher":{"@id":"https:\/\/www.sonoraenequipo.com.mx\/#organization"},"image":{"@id":"https:\/\/www.sonoraenequipo.com.mx\/policia-de-hermosillo-reforzara-vigilancia-y-operativos-de-prevencion-durante-ano-nuevo\/#primaryimage"},"thumbnailUrl":"https:\/\/www.sonoraenequipo.com.mx\/storage\/2022\/03\/policia-hmopatrulla.jpg","keywords":["a\u00f1o","hermosillo","nuevo","Seguridad"],"articleSection":["Polic\u00edaca"],"inLanguage":"es","potentialAction":[{"@type":"CommentAction","name":"Comment","target":["https:\/\/www.sonoraenequipo.com.mx\/policia-de-hermosillo-reforzara-vigilancia-y-operativos-de-prevencion-durante-ano-nuevo\/#respond"]}]},{"@type":"WebPage","@id":"https:\/\/www.sonoraenequipo.com.mx\/policia-de-hermosillo-reforzara-vigilancia-y-operativos-de-prevencion-durante-ano-nuevo\/","url":"https:\/\/www.sonoraenequipo.com.mx\/policia-de-hermosillo-reforzara-vigilancia-y-operativos-de-prevencion-durante-ano-nuevo\/","name":"Sonora en Equipo. Polic\u00eda de Hermosillo reforzar\u00e1 vigilancia y operativos de prevenci\u00f3n durante a\u00f1o nuevo Polic\u00edaca","isPartOf":{"@id":"https:\/\/www.sonoraenequipo.com.mx\/#website"},"primaryImageOfPage":{"@id":"https:\/\/www.sonoraenequipo.com.mx\/policia-de-hermosillo-reforzara-vigilancia-y-operativos-de-prevencion-durante-ano-nuevo\/#primaryimage"},"image":{"@id":"https:\/\/www.sonoraenequipo.com.mx\/policia-de-hermosillo-reforzara-vigilancia-y-operativos-de-prevencion-durante-ano-nuevo\/#primaryimage"},"thumbnailUrl":"https:\/\/www.sonoraenequipo.com.mx\/storage\/2022\/03\/policia-hmopatrulla.jpg","datePublished":"2022-12-28T19:00:42+00:00","description":"\u25baSer\u00e1n alrededor de 280 elementos por turno los que trabajar\u00e1n para lograr un saldo blanco durante las festividades HERMOSILLO, SONORA,MX.\u2500\u2500 El personal En Sonora en Equipo publicamos toda la informaci\u00f3n de Sonora, M\u00e9xico y el Mundo de manera oportuna y busca que la libertad de expresi\u00f3n sea real. Visita nuestro medio informativo publicado desde Hermosillo, Sonora. %","breadcrumb":{"@id":"https:\/\/www.sonoraenequipo.com.mx\/policia-de-hermosillo-reforzara-vigilancia-y-operativos-de-prevencion-durante-ano-nuevo\/#breadcrumb"},"inLanguage":"es","potentialAction":[{"@type":"ReadAction","target":["https:\/\/www.sonoraenequipo.com.mx\/policia-de-hermosillo-reforzara-vigilancia-y-operativos-de-prevencion-durante-ano-nuevo\/"]}]},{"@type":"ImageObject","inLanguage":"es","@id":"https:\/\/www.sonoraenequipo.com.mx\/policia-de-hermosillo-reforzara-vigilancia-y-operativos-de-prevencion-durante-ano-nuevo\/#primaryimage","url":"https:\/\/www.sonoraenequipo.com.mx\/storage\/2022\/03\/policia-hmopatrulla.jpg","contentUrl":"https:\/\/www.sonoraenequipo.com.mx\/storage\/2022\/03\/policia-hmopatrulla.jpg","width":700,"height":400},{"@type":"BreadcrumbList","@id":"https:\/\/www.sonoraenequipo.com.mx\/policia-de-hermosillo-reforzara-vigilancia-y-operativos-de-prevencion-durante-ano-nuevo\/#breadcrumb","itemListElement":[{"@type":"ListItem","position":1,"name":"Portada","item":"https:\/\/www.sonoraenequipo.com.mx\/"},{"@type":"ListItem","position":2,"name":"Polic\u00eda de Hermosillo reforzar\u00e1 vigilancia y operativos de prevenci\u00f3n durante a\u00f1o nuevo"}]},{"@type":"WebSite","@id":"https:\/\/www.sonoraenequipo.com.mx\/#website","url":"https:\/\/www.sonoraenequipo.com.mx\/","name":"Sonora en Equipo.","description":"Diario en l\u00ednea con Noticias desde Hermosillo, Sonora","publisher":{"@id":"https:\/\/www.sonoraenequipo.com.mx\/#organization"},"potentialAction":[{"@type":"SearchAction","target":{"@type":"EntryPoint","urlTemplate":"https:\/\/www.sonoraenequipo.com.mx\/?s={search_term_string}"},"query-input":{"@type":"PropertyValueSpecification","valueRequired":true,"valueName":"search_term_string"}}],"inLanguage":"es"},{"@type":"Organization","@id":"https:\/\/www.sonoraenequipo.com.mx\/#organization","name":"Sonoraenequipo.com.mx","url":"https:\/\/www.sonoraenequipo.com.mx\/","logo":{"@type":"ImageObject","inLanguage":"es","@id":"https:\/\/www.sonoraenequipo.com.mx\/#\/schema\/logo\/image\/","url":"https:\/\/www.sonoraenequipo.com.mx\/storage\/2019\/01\/sonoraenequipo_opt.png","contentUrl":"https:\/\/www.sonoraenequipo.com.mx\/storage\/2019\/01\/sonoraenequipo_opt.png","width":375,"height":125,"caption":"Sonoraenequipo.com.mx"},"image":{"@id":"https:\/\/www.sonoraenequipo.com.mx\/#\/schema\/logo\/image\/"},"sameAs":["https:\/\/www.facebook.com\/SonoraEE\/","https:\/\/x.com\/sonoraenequipo","https:\/\/www.youtube.com\/channel\/UC338nW-lPEYmJQs4ZABQ1SQ"]},{"@type":"Person","@id":"https:\/\/www.sonoraenequipo.com.mx\/#\/schema\/person\/50102df0fb23a8fa9e8effad8fa81386","name":"enequipo","image":{"@type":"ImageObject","inLanguage":"es","@id":"https:\/\/www.sonoraenequipo.com.mx\/#\/schema\/person\/image\/","url":"https:\/\/secure.gravatar.com\/avatar\/049821681b589dabc0bc20695993ccebb09f5b5d4d790cd9251b97faac7c652b?s=96&d=blank&r=g","contentUrl":"https:\/\/secure.gravatar.com\/avatar\/049821681b589dabc0bc20695993ccebb09f5b5d4d790cd9251b97faac7c652b?s=96&d=blank&r=g","caption":"enequipo"},"sameAs":["https:\/\/www.facebook.com\/SonoraEE"]}]}},"jetpack_featured_media_url":"https:\/\/www.sonoraenequipo.com.mx\/storage\/2022\/03\/policia-hmopatrulla.jpg","_links":{"self":[{"href":"https:\/\/www.sonoraenequipo.com.mx\/api\/wp\/v2\/posts\/155390","targetHints":{"allow":["GET"]}}],"collection":[{"href":"https:\/\/www.sonoraenequipo.com.mx\/api\/wp\/v2\/posts"}],"about":[{"href":"https:\/\/www.sonoraenequipo.com.mx\/api\/wp\/v2\/types\/post"}],"author":[{"embeddable":true,"href":"https:\/\/www.sonoraenequipo.com.mx\/api\/wp\/v2\/users\/1"}],"replies":[{"embeddable":true,"href":"https:\/\/www.sonoraenequipo.com.mx\/api\/wp\/v2\/comments?post=155390"}],"version-history":[{"count":1,"href":"https:\/\/www.sonoraenequipo.com.mx\/api\/wp\/v2\/posts\/155390\/revisions"}],"predecessor-version":[{"id":155391,"href":"https:\/\/www.sonoraenequipo.com.mx\/api\/wp\/v2\/posts\/155390\/revisions\/155391"}],"wp:featuredmedia":[{"embeddable":true,"href":"https:\/\/www.sonoraenequipo.com.mx\/api\/wp\/v2\/media\/135325"}],"wp:attachment":[{"href":"https:\/\/www.sonoraenequipo.com.mx\/api\/wp\/v2\/media?parent=155390"}],"wp:term":[{"taxonomy":"category","embeddable":true,"href":"https:\/\/www.sonoraenequipo.com.mx\/api\/wp\/v2\/categories?post=155390"},{"taxonomy":"post_tag","embeddable":true,"href":"https:\/\/www.sonoraenequipo.com.mx\/api\/wp\/v2\/tags?post=155390"}],"curies":[{"name":"wp","href":"https:\/\/api.w.org\/{rel}","templated":true}]}}