{"id":155396,"date":"2022-12-28T12:14:54","date_gmt":"2022-12-28T19:14:54","guid":{"rendered":"https:\/\/www.sonoraenequipo.com.mx\/?p=155396"},"modified":"2022-12-28T12:14:54","modified_gmt":"2022-12-28T19:14:54","slug":"el-pedido-del-papa-francisco-en-el-dia-de-los-santos-inocentes","status":"publish","type":"post","link":"https:\/\/www.sonoraenequipo.com.mx\/el-pedido-del-papa-francisco-en-el-dia-de-los-santos-inocentes\/","title":{"rendered":"El pedido del Papa Francisco en el d\u00eda de los Santos Inocentes"},"content":{"rendered":"<p><strong>EL VATICANO.<\/strong><strong>\u2500\u2500<\/strong> En la fiesta de los Santos Inocentes, este 28 de diciembre el Papa Francisco pidi\u00f3 rezar por todos los ni\u00f1os que sufren explotaci\u00f3n, hambre y guerra.<\/p>\n<p>&nbsp;<\/p>\n<p>As\u00ed lo manifest\u00f3 en la Audiencia general de este mi\u00e9rcoles, durante su saludo a los fieles de lengua alemana.<\/p>\n<p>&nbsp;<\/p>\n<p>\u201cHoy, en la fiesta de los Santos Inocentes, pensemos en los peque\u00f1os, en todos los ni\u00f1os que sufren la explotaci\u00f3n, el hambre y la guerra. Que el Se\u00f1or nos ayude con su bendici\u00f3n a protegerlos y apoyarlos\u201d, afirm\u00f3 el Santo Padre.<\/p>\n<p>&nbsp;<\/p>\n<p>&nbsp;<\/p>\n<p>Adem\u00e1s, el Pont\u00edfice invit\u00f3 al final de este 2022 a \u201cdar gracias a Dios por su bondad y su misericordia\u201d, y rez\u00f3 para \u201cque el amor de Dios revelado en Bel\u00e9n traiga consuelo a nuestros corazones, turbados por el drama de la guerra en Ucrania y en otras partes del mundo\u201d.<\/p>\n<p>&nbsp;<\/p>\n<p>\u201cTambi\u00e9n quiero agradecer al pueblo polaco toda la ayuda que presta al pueblo ucraniano\u201d, a\u00f1adi\u00f3 Francisco.<\/p>\n<p>&nbsp;<\/p>\n<p>El pasado 26 de diciembre, fiesta de San Esteban m\u00e1rtir, el Papa record\u00f3 asimismo la celebraci\u00f3n de la fiesta de los Santos Inocentes que la Iglesia celebra hoy.<\/p>\n<p>&nbsp;<\/p>\n<p>&nbsp;<\/p>\n<p>\u201cLa liturgia parece querer alejarnos del mundo de las luces, los almuerzos y los regalos en el que podemos estar algo entregados estos di\u0301as\u201d, dijo en esa ocasi\u00f3n el Santo Padre.<\/p>\n<p>&nbsp;<\/p>\n<p>En esta l\u00ednea, el Papa Francisco explic\u00f3 que \u201clos ma\u0301rtires son los ma\u0301s parecidos a Cristo\u201d, porque \u201cla palabra ma\u0301rtir significa testigo\u201d.<\/p>\n<p>&nbsp;<\/p>\n<p>\u201cLos ma\u0301rtires son testigos, es decir, hermanos y hermanas que, con su vida, nos muestran a Jesu\u0301s, que vencio\u0301 el mal con la misericordia\u201d, se\u00f1al\u00f3 entonces el Papa.<\/p>\n<p>&nbsp;<\/p>\n<p>&nbsp;<\/p>\n<p><strong><em><u>Fecha de publicaci\u00f3n\u00a0\u00a0\u00a0 mi\u00e9rcoles 28\u00a0 de diciembre de 2022 con informaci\u00f3n de <\/u><\/em><\/strong><\/p>\n<p><strong><em><u>ACI \u00a0Prensa<\/u><\/em><\/strong><\/p>\n","protected":false},"excerpt":{"rendered":"<p>EL VATICANO.\u2500\u2500 En la fiesta de los Santos Inocentes, este 28 de diciembre el Papa&#8230;<\/p>\n","protected":false},"author":1,"featured_media":155397,"comment_status":"open","ping_status":"open","sticky":false,"template":"","format":"standard","meta":{"_monsterinsights_skip_tracking":false,"_monsterinsights_sitenote_active":false,"_monsterinsights_sitenote_note":"","_monsterinsights_sitenote_category":0,"footnotes":""},"categories":[3],"tags":[579,7987],"class_list":["post"],"yoast_head":" \n<title>Sonora en Equipo. El pedido del Papa Francisco en el d\u00eda de los Santos Inocentes MUNDO<\/title>\n<meta name=\"description\" content=\"EL VATICANO.\u2500\u2500 En la fiesta de los Santos Inocentes, este 28 de diciembre el Papa Francisco pidi\u00f3 rezar por todos los ni\u00f1os que sufren explotaci\u00f3n, hambre En Sonora en Equipo publicamos toda la informaci\u00f3n de Sonora, M\u00e9xico y el Mundo de manera oportuna y busca que la libertad de expresi\u00f3n sea real. Visita nuestro medio informativo publicado desde Hermosillo, Sonora. %\" \/>\n<meta name=\"robots\" content=\"index, follow, max-snippet:-1, max-image-preview:large, max-video-preview:-1\" \/>\n<link rel=\"canonical\" href=\"https:\/\/www.sonoraenequipo.com.mx\/el-pedido-del-papa-francisco-en-el-dia-de-los-santos-inocentes\/\" \/>\n<meta property=\"og:locale\" content=\"es_ES\" \/>\n<meta property=\"og:type\" content=\"article\" \/>\n<meta property=\"og:title\" content=\"Sonora en Equipo. El pedido del Papa Francisco en el d\u00eda de los Santos Inocentes MUNDO\" \/>\n<meta property=\"og:description\" content=\"EL VATICANO.\u2500\u2500 En la fiesta de los Santos Inocentes, este 28 de diciembre el Papa Francisco pidi\u00f3 rezar por todos los ni\u00f1os que sufren explotaci\u00f3n, hambre En Sonora en Equipo publicamos toda la informaci\u00f3n de Sonora, M\u00e9xico y el Mundo de manera oportuna y busca que la libertad de expresi\u00f3n sea real. Visita nuestro medio informativo publicado desde Hermosillo, Sonora. %\" \/>\n<meta property=\"og:url\" content=\"https:\/\/www.sonoraenequipo.com.mx\/el-pedido-del-papa-francisco-en-el-dia-de-los-santos-inocentes\/\" \/>\n<meta property=\"og:site_name\" content=\"Sonora en Equipo.\" \/>\n<meta property=\"article:publisher\" content=\"https:\/\/www.facebook.com\/SonoraEE\/\" \/>\n<meta property=\"article:author\" content=\"https:\/\/www.facebook.com\/SonoraEE\" \/>\n<meta property=\"article:published_time\" content=\"2022-12-28T19:14:54+00:00\" \/>\n<meta property=\"og:image\" content=\"https:\/\/www.sonoraenequipo.com.mx\/storage\/2022\/12\/papa-nino.jpg\" \/>\n\t<meta property=\"og:image:width\" content=\"600\" \/>\n\t<meta property=\"og:image:height\" content=\"400\" \/>\n\t<meta property=\"og:image:type\" content=\"image\/jpeg\" \/>\n<meta name=\"author\" content=\"enequipo\" \/>\n<meta name=\"twitter:card\" content=\"summary_large_image\" \/>\n<meta name=\"twitter:creator\" content=\"@sonoraenequipo\" \/>\n<meta name=\"twitter:site\" content=\"@sonoraenequipo\" \/>\n<meta name=\"twitter:label1\" content=\"Escrito por\" \/>\n\t<meta name=\"twitter:data1\" content=\"enequipo\" \/>\n\t<meta name=\"twitter:label2\" content=\"Tiempo de lectura\" \/>\n\t<meta name=\"twitter:data2\" content=\"2 minutos\" \/>\n<script type=\"application\/ld+json\" class=\"yoast-schema-graph\">{\"@context\":\"https:\/\/schema.org\",\"@graph\":[{\"@type\":\"Article\",\"@id\":\"https:\/\/www.sonoraenequipo.com.mx\/el-pedido-del-papa-francisco-en-el-dia-de-los-santos-inocentes\/#article\",\"isPartOf\":{\"@id\":\"https:\/\/www.sonoraenequipo.com.mx\/el-pedido-del-papa-francisco-en-el-dia-de-los-santos-inocentes\/\"},\"author\":{\"name\":\"enequipo\",\"@id\":\"https:\/\/www.sonoraenequipo.com.mx\/#\/schema\/person\/50102df0fb23a8fa9e8effad8fa81386\"},\"headline\":\"El pedido del Papa Francisco en el d\u00eda de los Santos Inocentes\",\"datePublished\":\"2022-12-28T19:14:54+00:00\",\"mainEntityOfPage\":{\"@id\":\"https:\/\/www.sonoraenequipo.com.mx\/el-pedido-del-papa-francisco-en-el-dia-de-los-santos-inocentes\/\"},\"wordCount\":325,\"commentCount\":0,\"publisher\":{\"@id\":\"https:\/\/www.sonoraenequipo.com.mx\/#organization\"},\"image\":{\"@id\":\"https:\/\/www.sonoraenequipo.com.mx\/el-pedido-del-papa-francisco-en-el-dia-de-los-santos-inocentes\/#primaryimage\"},\"thumbnailUrl\":\"https:\/\/www.sonoraenequipo.com.mx\/storage\/2022\/12\/papa-nino.jpg\",\"keywords\":[\"PAPA FRANCISCO\",\"santos inocentes\"],\"articleSection\":[\"MUNDO\"],\"inLanguage\":\"es\",\"potentialAction\":[{\"@type\":\"CommentAction\",\"name\":\"Comment\",\"target\":[\"https:\/\/www.sonoraenequipo.com.mx\/el-pedido-del-papa-francisco-en-el-dia-de-los-santos-inocentes\/#respond\"]}]},{\"@type\":\"WebPage\",\"@id\":\"https:\/\/www.sonoraenequipo.com.mx\/el-pedido-del-papa-francisco-en-el-dia-de-los-santos-inocentes\/\",\"url\":\"https:\/\/www.sonoraenequipo.com.mx\/el-pedido-del-papa-francisco-en-el-dia-de-los-santos-inocentes\/\",\"name\":\"Sonora en Equipo. El pedido del Papa Francisco en el d\u00eda de los Santos Inocentes MUNDO\",\"isPartOf\":{\"@id\":\"https:\/\/www.sonoraenequipo.com.mx\/#website\"},\"primaryImageOfPage\":{\"@id\":\"https:\/\/www.sonoraenequipo.com.mx\/el-pedido-del-papa-francisco-en-el-dia-de-los-santos-inocentes\/#primaryimage\"},\"image\":{\"@id\":\"https:\/\/www.sonoraenequipo.com.mx\/el-pedido-del-papa-francisco-en-el-dia-de-los-santos-inocentes\/#primaryimage\"},\"thumbnailUrl\":\"https:\/\/www.sonoraenequipo.com.mx\/storage\/2022\/12\/papa-nino.jpg\",\"datePublished\":\"2022-12-28T19:14:54+00:00\",\"description\":\"EL VATICANO.\u2500\u2500 En la fiesta de los Santos Inocentes, este 28 de diciembre el Papa Francisco pidi\u00f3 rezar por todos los ni\u00f1os que sufren explotaci\u00f3n, hambre En Sonora en Equipo publicamos toda la informaci\u00f3n de Sonora, M\u00e9xico y el Mundo de manera oportuna y busca que la libertad de expresi\u00f3n sea real. Visita nuestro medio informativo publicado desde Hermosillo, Sonora. %\",\"breadcrumb\":{\"@id\":\"https:\/\/www.sonoraenequipo.com.mx\/el-pedido-del-papa-francisco-en-el-dia-de-los-santos-inocentes\/#breadcrumb\"},\"inLanguage\":\"es\",\"potentialAction\":[{\"@type\":\"ReadAction\",\"target\":[\"https:\/\/www.sonoraenequipo.com.mx\/el-pedido-del-papa-francisco-en-el-dia-de-los-santos-inocentes\/\"]}]},{\"@type\":\"ImageObject\",\"inLanguage\":\"es\",\"@id\":\"https:\/\/www.sonoraenequipo.com.mx\/el-pedido-del-papa-francisco-en-el-dia-de-los-santos-inocentes\/#primaryimage\",\"url\":\"https:\/\/www.sonoraenequipo.com.mx\/storage\/2022\/12\/papa-nino.jpg\",\"contentUrl\":\"https:\/\/www.sonoraenequipo.com.mx\/storage\/2022\/12\/papa-nino.jpg\",\"width\":600,\"height\":400,\"caption\":\"Papa Francisco en el Vaticano. Foto: Vatican Media\"},{\"@type\":\"BreadcrumbList\",\"@id\":\"https:\/\/www.sonoraenequipo.com.mx\/el-pedido-del-papa-francisco-en-el-dia-de-los-santos-inocentes\/#breadcrumb\",\"itemListElement\":[{\"@type\":\"ListItem\",\"position\":1,\"name\":\"Portada\",\"item\":\"https:\/\/www.sonoraenequipo.com.mx\/\"},{\"@type\":\"ListItem\",\"position\":2,\"name\":\"El pedido del Papa Francisco en el d\u00eda de los Santos Inocentes\"}]},{\"@type\":\"WebSite\",\"@id\":\"https:\/\/www.sonoraenequipo.com.mx\/#website\",\"url\":\"https:\/\/www.sonoraenequipo.com.mx\/\",\"name\":\"Sonora en Equipo.\",\"description\":\"Diario en l\u00ednea con Noticias desde Hermosillo, Sonora\",\"publisher\":{\"@id\":\"https:\/\/www.sonoraenequipo.com.mx\/#organization\"},\"potentialAction\":[{\"@type\":\"SearchAction\",\"target\":{\"@type\":\"EntryPoint\",\"urlTemplate\":\"https:\/\/www.sonoraenequipo.com.mx\/?s={search_term_string}\"},\"query-input\":{\"@type\":\"PropertyValueSpecification\",\"valueRequired\":true,\"valueName\":\"search_term_string\"}}],\"inLanguage\":\"es\"},{\"@type\":\"Organization\",\"@id\":\"https:\/\/www.sonoraenequipo.com.mx\/#organization\",\"name\":\"Sonoraenequipo.com.mx\",\"url\":\"https:\/\/www.sonoraenequipo.com.mx\/\",\"logo\":{\"@type\":\"ImageObject\",\"inLanguage\":\"es\",\"@id\":\"https:\/\/www.sonoraenequipo.com.mx\/#\/schema\/logo\/image\/\",\"url\":\"https:\/\/www.sonoraenequipo.com.mx\/storage\/2019\/01\/sonoraenequipo_opt.png\",\"contentUrl\":\"https:\/\/www.sonoraenequipo.com.mx\/storage\/2019\/01\/sonoraenequipo_opt.png\",\"width\":375,\"height\":125,\"caption\":\"Sonoraenequipo.com.mx\"},\"image\":{\"@id\":\"https:\/\/www.sonoraenequipo.com.mx\/#\/schema\/logo\/image\/\"},\"sameAs\":[\"https:\/\/www.facebook.com\/SonoraEE\/\",\"https:\/\/x.com\/sonoraenequipo\",\"https:\/\/www.youtube.com\/channel\/UC338nW-lPEYmJQs4ZABQ1SQ\"]},{\"@type\":\"Person\",\"@id\":\"https:\/\/www.sonoraenequipo.com.mx\/#\/schema\/person\/50102df0fb23a8fa9e8effad8fa81386\",\"name\":\"enequipo\",\"image\":{\"@type\":\"ImageObject\",\"inLanguage\":\"es\",\"@id\":\"https:\/\/www.sonoraenequipo.com.mx\/#\/schema\/person\/image\/\",\"url\":\"https:\/\/secure.gravatar.com\/avatar\/049821681b589dabc0bc20695993ccebb09f5b5d4d790cd9251b97faac7c652b?s=96&d=blank&r=g\",\"contentUrl\":\"https:\/\/secure.gravatar.com\/avatar\/049821681b589dabc0bc20695993ccebb09f5b5d4d790cd9251b97faac7c652b?s=96&d=blank&r=g\",\"caption\":\"enequipo\"},\"sameAs\":[\"https:\/\/www.facebook.com\/SonoraEE\"]}]}<\/script>\n ","yoast_head_json":{"title":"Sonora en Equipo. El pedido del Papa Francisco en el d\u00eda de los Santos Inocentes MUNDO","description":"EL VATICANO.\u2500\u2500 En la fiesta de los Santos Inocentes, este 28 de diciembre el Papa Francisco pidi\u00f3 rezar por todos los ni\u00f1os que sufren explotaci\u00f3n, hambre En Sonora en Equipo publicamos toda la informaci\u00f3n de Sonora, M\u00e9xico y el Mundo de manera oportuna y busca que la libertad de expresi\u00f3n sea real. Visita nuestro medio informativo publicado desde Hermosillo, Sonora. %","robots":{"index":"index","follow":"follow","max-snippet":"max-snippet:-1","max-image-preview":"max-image-preview:large","max-video-preview":"max-video-preview:-1"},"canonical":"https:\/\/www.sonoraenequipo.com.mx\/el-pedido-del-papa-francisco-en-el-dia-de-los-santos-inocentes\/","og_locale":"es_ES","og_type":"article","og_title":"Sonora en Equipo. El pedido del Papa Francisco en el d\u00eda de los Santos Inocentes MUNDO","og_description":"EL VATICANO.\u2500\u2500 En la fiesta de los Santos Inocentes, este 28 de diciembre el Papa Francisco pidi\u00f3 rezar por todos los ni\u00f1os que sufren explotaci\u00f3n, hambre En Sonora en Equipo publicamos toda la informaci\u00f3n de Sonora, M\u00e9xico y el Mundo de manera oportuna y busca que la libertad de expresi\u00f3n sea real. Visita nuestro medio informativo publicado desde Hermosillo, Sonora. %","og_url":"https:\/\/www.sonoraenequipo.com.mx\/el-pedido-del-papa-francisco-en-el-dia-de-los-santos-inocentes\/","og_site_name":"Sonora en Equipo.","article_publisher":"https:\/\/www.facebook.com\/SonoraEE\/","article_author":"https:\/\/www.facebook.com\/SonoraEE","article_published_time":"2022-12-28T19:14:54+00:00","og_image":[{"width":600,"height":400,"url":"https:\/\/www.sonoraenequipo.com.mx\/storage\/2022\/12\/papa-nino.jpg","type":"image\/jpeg"}],"author":"enequipo","twitter_card":"summary_large_image","twitter_creator":"@sonoraenequipo","twitter_site":"@sonoraenequipo","twitter_misc":{"Escrito por":"enequipo","Tiempo de lectura":"2 minutos"},"schema":{"@context":"https:\/\/schema.org","@graph":[{"@type":"Article","@id":"https:\/\/www.sonoraenequipo.com.mx\/el-pedido-del-papa-francisco-en-el-dia-de-los-santos-inocentes\/#article","isPartOf":{"@id":"https:\/\/www.sonoraenequipo.com.mx\/el-pedido-del-papa-francisco-en-el-dia-de-los-santos-inocentes\/"},"author":{"name":"enequipo","@id":"https:\/\/www.sonoraenequipo.com.mx\/#\/schema\/person\/50102df0fb23a8fa9e8effad8fa81386"},"headline":"El pedido del Papa Francisco en el d\u00eda de los Santos Inocentes","datePublished":"2022-12-28T19:14:54+00:00","mainEntityOfPage":{"@id":"https:\/\/www.sonoraenequipo.com.mx\/el-pedido-del-papa-francisco-en-el-dia-de-los-santos-inocentes\/"},"wordCount":325,"commentCount":0,"publisher":{"@id":"https:\/\/www.sonoraenequipo.com.mx\/#organization"},"image":{"@id":"https:\/\/www.sonoraenequipo.com.mx\/el-pedido-del-papa-francisco-en-el-dia-de-los-santos-inocentes\/#primaryimage"},"thumbnailUrl":"https:\/\/www.sonoraenequipo.com.mx\/storage\/2022\/12\/papa-nino.jpg","keywords":["PAPA FRANCISCO","santos inocentes"],"articleSection":["MUNDO"],"inLanguage":"es","potentialAction":[{"@type":"CommentAction","name":"Comment","target":["https:\/\/www.sonoraenequipo.com.mx\/el-pedido-del-papa-francisco-en-el-dia-de-los-santos-inocentes\/#respond"]}]},{"@type":"WebPage","@id":"https:\/\/www.sonoraenequipo.com.mx\/el-pedido-del-papa-francisco-en-el-dia-de-los-santos-inocentes\/","url":"https:\/\/www.sonoraenequipo.com.mx\/el-pedido-del-papa-francisco-en-el-dia-de-los-santos-inocentes\/","name":"Sonora en Equipo. El pedido del Papa Francisco en el d\u00eda de los Santos Inocentes MUNDO","isPartOf":{"@id":"https:\/\/www.sonoraenequipo.com.mx\/#website"},"primaryImageOfPage":{"@id":"https:\/\/www.sonoraenequipo.com.mx\/el-pedido-del-papa-francisco-en-el-dia-de-los-santos-inocentes\/#primaryimage"},"image":{"@id":"https:\/\/www.sonoraenequipo.com.mx\/el-pedido-del-papa-francisco-en-el-dia-de-los-santos-inocentes\/#primaryimage"},"thumbnailUrl":"https:\/\/www.sonoraenequipo.com.mx\/storage\/2022\/12\/papa-nino.jpg","datePublished":"2022-12-28T19:14:54+00:00","description":"EL VATICANO.\u2500\u2500 En la fiesta de los Santos Inocentes, este 28 de diciembre el Papa Francisco pidi\u00f3 rezar por todos los ni\u00f1os que sufren explotaci\u00f3n, hambre En Sonora en Equipo publicamos toda la informaci\u00f3n de Sonora, M\u00e9xico y el Mundo de manera oportuna y busca que la libertad de expresi\u00f3n sea real. Visita nuestro medio informativo publicado desde Hermosillo, Sonora. %","breadcrumb":{"@id":"https:\/\/www.sonoraenequipo.com.mx\/el-pedido-del-papa-francisco-en-el-dia-de-los-santos-inocentes\/#breadcrumb"},"inLanguage":"es","potentialAction":[{"@type":"ReadAction","target":["https:\/\/www.sonoraenequipo.com.mx\/el-pedido-del-papa-francisco-en-el-dia-de-los-santos-inocentes\/"]}]},{"@type":"ImageObject","inLanguage":"es","@id":"https:\/\/www.sonoraenequipo.com.mx\/el-pedido-del-papa-francisco-en-el-dia-de-los-santos-inocentes\/#primaryimage","url":"https:\/\/www.sonoraenequipo.com.mx\/storage\/2022\/12\/papa-nino.jpg","contentUrl":"https:\/\/www.sonoraenequipo.com.mx\/storage\/2022\/12\/papa-nino.jpg","width":600,"height":400,"caption":"Papa Francisco en el Vaticano. Foto: Vatican Media"},{"@type":"BreadcrumbList","@id":"https:\/\/www.sonoraenequipo.com.mx\/el-pedido-del-papa-francisco-en-el-dia-de-los-santos-inocentes\/#breadcrumb","itemListElement":[{"@type":"ListItem","position":1,"name":"Portada","item":"https:\/\/www.sonoraenequipo.com.mx\/"},{"@type":"ListItem","position":2,"name":"El pedido del Papa Francisco en el d\u00eda de los Santos Inocentes"}]},{"@type":"WebSite","@id":"https:\/\/www.sonoraenequipo.com.mx\/#website","url":"https:\/\/www.sonoraenequipo.com.mx\/","name":"Sonora en Equipo.","description":"Diario en l\u00ednea con Noticias desde Hermosillo, Sonora","publisher":{"@id":"https:\/\/www.sonoraenequipo.com.mx\/#organization"},"potentialAction":[{"@type":"SearchAction","target":{"@type":"EntryPoint","urlTemplate":"https:\/\/www.sonoraenequipo.com.mx\/?s={search_term_string}"},"query-input":{"@type":"PropertyValueSpecification","valueRequired":true,"valueName":"search_term_string"}}],"inLanguage":"es"},{"@type":"Organization","@id":"https:\/\/www.sonoraenequipo.com.mx\/#organization","name":"Sonoraenequipo.com.mx","url":"https:\/\/www.sonoraenequipo.com.mx\/","logo":{"@type":"ImageObject","inLanguage":"es","@id":"https:\/\/www.sonoraenequipo.com.mx\/#\/schema\/logo\/image\/","url":"https:\/\/www.sonoraenequipo.com.mx\/storage\/2019\/01\/sonoraenequipo_opt.png","contentUrl":"https:\/\/www.sonoraenequipo.com.mx\/storage\/2019\/01\/sonoraenequipo_opt.png","width":375,"height":125,"caption":"Sonoraenequipo.com.mx"},"image":{"@id":"https:\/\/www.sonoraenequipo.com.mx\/#\/schema\/logo\/image\/"},"sameAs":["https:\/\/www.facebook.com\/SonoraEE\/","https:\/\/x.com\/sonoraenequipo","https:\/\/www.youtube.com\/channel\/UC338nW-lPEYmJQs4ZABQ1SQ"]},{"@type":"Person","@id":"https:\/\/www.sonoraenequipo.com.mx\/#\/schema\/person\/50102df0fb23a8fa9e8effad8fa81386","name":"enequipo","image":{"@type":"ImageObject","inLanguage":"es","@id":"https:\/\/www.sonoraenequipo.com.mx\/#\/schema\/person\/image\/","url":"https:\/\/secure.gravatar.com\/avatar\/049821681b589dabc0bc20695993ccebb09f5b5d4d790cd9251b97faac7c652b?s=96&d=blank&r=g","contentUrl":"https:\/\/secure.gravatar.com\/avatar\/049821681b589dabc0bc20695993ccebb09f5b5d4d790cd9251b97faac7c652b?s=96&d=blank&r=g","caption":"enequipo"},"sameAs":["https:\/\/www.facebook.com\/SonoraEE"]}]}},"jetpack_featured_media_url":"https:\/\/www.sonoraenequipo.com.mx\/storage\/2022\/12\/papa-nino.jpg","_links":{"self":[{"href":"https:\/\/www.sonoraenequipo.com.mx\/api\/wp\/v2\/posts\/155396","targetHints":{"allow":["GET"]}}],"collection":[{"href":"https:\/\/www.sonoraenequipo.com.mx\/api\/wp\/v2\/posts"}],"about":[{"href":"https:\/\/www.sonoraenequipo.com.mx\/api\/wp\/v2\/types\/post"}],"author":[{"embeddable":true,"href":"https:\/\/www.sonoraenequipo.com.mx\/api\/wp\/v2\/users\/1"}],"replies":[{"embeddable":true,"href":"https:\/\/www.sonoraenequipo.com.mx\/api\/wp\/v2\/comments?post=155396"}],"version-history":[{"count":1,"href":"https:\/\/www.sonoraenequipo.com.mx\/api\/wp\/v2\/posts\/155396\/revisions"}],"predecessor-version":[{"id":155398,"href":"https:\/\/www.sonoraenequipo.com.mx\/api\/wp\/v2\/posts\/155396\/revisions\/155398"}],"wp:featuredmedia":[{"embeddable":true,"href":"https:\/\/www.sonoraenequipo.com.mx\/api\/wp\/v2\/media\/155397"}],"wp:attachment":[{"href":"https:\/\/www.sonoraenequipo.com.mx\/api\/wp\/v2\/media?parent=155396"}],"wp:term":[{"taxonomy":"category","embeddable":true,"href":"https:\/\/www.sonoraenequipo.com.mx\/api\/wp\/v2\/categories?post=155396"},{"taxonomy":"post_tag","embeddable":true,"href":"https:\/\/www.sonoraenequipo.com.mx\/api\/wp\/v2\/tags?post=155396"}],"curies":[{"name":"wp","href":"https:\/\/api.w.org\/{rel}","templated":true}]}}