{"id":155470,"date":"2022-12-27T23:15:21","date_gmt":"2022-12-28T06:15:21","guid":{"rendered":"https:\/\/www.sonoraenequipo.com.mx\/?p=155470"},"modified":"2022-12-29T12:30:00","modified_gmt":"2022-12-29T19:30:00","slug":"acabe-en-el-hospital-a-causa-de-mis-pestanas-postizas","status":"publish","type":"post","link":"https:\/\/www.sonoraenequipo.com.mx\/acabe-en-el-hospital-a-causa-de-mis-pestanas-postizas\/","title":{"rendered":"\u201cAcab\u00e9 en el hospital a causa de mis pesta\u00f1as postizas\u201d"},"content":{"rendered":"<p>BRASILIA, BRASIL. \u2014 Fan\u00e1tica de las extensiones de pesta\u00f1as desde hace casi un a\u00f1o, la enfermera brasile\u00f1a Val\u00e9ria Campos nunca imagin\u00f3 que podr\u00eda desarrollar alg\u00fan tipo de alergia al realizar el procedimiento.<\/p>\n<p>&nbsp;<\/p>\n<p> <\/p>\n<p>&nbsp;<\/p>\n<p>Sin embargo, cuatro meses despu\u00e9s de hacer el mantenimiento de estos hilos postizos -cuando volvi\u00f3 al sal\u00f3n para ponerse solo las pesta\u00f1as que se le hab\u00edan ca\u00eddo con el paso del tiempo- not\u00f3 que algo andaba mal.<\/p>\n<p>&nbsp;<\/p>\n<p>&nbsp;<\/p>\n<p><em><strong>\u201cLa profesional utiliz\u00f3 los mismos materiales a los que yo ya estaba acostumbrada. Pero con el paso de las horas, el ojo se me hinchaba y me dol\u00eda cada vez m\u00e1s\u201d,<\/strong><\/em> recuerda Val\u00e9ria.<\/p>\n<p>&nbsp;<\/p>\n<p>&nbsp;<\/p>\n<p>Como era s\u00e1bado por la noche, tuvo que esperar hasta la ma\u00f1ana siguiente para volver al sal\u00f3n a quitarse las pesta\u00f1as postizas.<\/p>\n<p>&nbsp;<\/p>\n<p>&nbsp;<\/p>\n<p>Despu\u00e9s de retir\u00e1rselas, fue a la sala de urgencias de un hospital de Belo Horizonte (Brasil), donde fue derivada para atenci\u00f3n oftalmol\u00f3gica de urgencia.<\/p>\n<p>&nbsp;<\/p>\n<p>&nbsp;<\/p>\n<p>Tres horas despu\u00e9s del procedimiento, Val\u00e9ria Campos not\u00f3 que sus p\u00e1rpados estaban rojos, hinchados y doloridos.<\/p>\n<p>&nbsp;<\/p>\n<p>&nbsp;<\/p>\n<p><em><strong>\u201cPr\u00e1cticamente no pude dormir esa noche, eran las 3 de la ma\u00f1ana cuando me despert\u00e9 y ya no pod\u00eda abrir los ojos. Seg\u00fan el m\u00e9dico, ten\u00eda una infecci\u00f3n, pero no sab\u00eda si fue por el pegamento o la pesta\u00f1a sint\u00e9tica que se us\u00f3\u201d,<\/strong><\/em> a\u00f1ade.<\/p>\n<p>&nbsp;<\/p>\n<p>&nbsp;<\/p>\n<p>Para recuperarse por completo de la infecci\u00f3n, Val\u00e9ria necesit\u00f3 antibi\u00f3ticos durante siete d\u00edas. Aunque el problema no afect\u00f3 su visi\u00f3n en absoluto, dice que sus pesta\u00f1as naturales no volvieron a crecer ni tener el volumen anterior al procedimiento de extensi\u00f3n.<\/p>\n<p>&nbsp;<\/p>\n<p>&nbsp;<\/p>\n<p><em><strong>\u201cLa cantidad de pesta\u00f1as que tengo ha disminuido porque tuve mucha p\u00e9rdida de pelos naturales<\/strong><\/em>\u201c, concluye.<\/p>\n<p>&nbsp;<\/p>\n<h3>Hilos sint\u00e9ticos<\/h3>\n<p>&nbsp;<\/p>\n<p>Debido a que encuentra hermosas las pesta\u00f1as largas y voluminosas, la estudiante de psicolog\u00eda Adne Lucilla Carvalho Santos decidi\u00f3 realizar el procedimiento de extensi\u00f3n con hilos sint\u00e9ticos por primera vez en julio.<\/p>\n<p>&nbsp;<\/p>\n<p>Lo que no esperaba era que tendr\u00eda una reacci\u00f3n al\u00e9rgica.<\/p>\n<p>&nbsp;<\/p>\n<p>Minutos despu\u00e9s de terminar el procedimiento, la universitaria recuerda que empez\u00f3 a sentir molestias en los ojos. Los primeros s\u00edntomas de la infecci\u00f3n fueron enrojecimiento y ardor.<\/p>\n<h3><\/h3>\n<h3>Una mancha blanca en el ojo de Adne revela una lesi\u00f3n que ten\u00eda.<\/h3>\n<p>&nbsp;<\/p>\n<p><em><strong>\u201cSab\u00eda que no era normal sentir ese dolor y al d\u00eda siguiente ten\u00eda una llaga en el ojo. Busqu\u00e9 atenci\u00f3n oftalmol\u00f3gica y el m\u00e9dico me advirti\u00f3 sobre los peligros de usar extensiones de pesta\u00f1as. Ten\u00eda que tomar antibi\u00f3ticos y usar un ung\u00fcento para aliviar el dolor y la irritaci\u00f3n\u201d,<\/strong> <\/em>recuerda.<\/p>\n<p>&nbsp;<\/p>\n<p>&nbsp;<\/p>\n<p>Imaginando que la alergia se deb\u00eda a un producto espec\u00edfico utilizado por la profesional que le puso las pesta\u00f1as, despu\u00e9s del tratamiento Adne busc\u00f3 otro sal\u00f3n para volver a colocar las extensiones. Pero una vez m\u00e1s tuvo una reacci\u00f3n al\u00e9rgica.<\/p>\n<p>&nbsp;<\/p>\n<p>\u201cMe despert\u00e9 de madrugada y no pod\u00eda abrir los ojos, fui al ba\u00f1o y vi que estaban muy pegados y con mucha secreci\u00f3n. Tuve que volver a usar el medicamento y vi que tener extensiones de pesta\u00f1as no es para m\u00ed\u201d, a\u00f1ade la estudiante universitaria.<\/p>\n<p>&nbsp;<\/p>\n<h3>Extensiones de pesta\u00f1as y sus riesgos<\/h3>\n<p>&nbsp;<\/p>\n<p>El procedimiento de extensi\u00f3n de pesta\u00f1as no es m\u00e1s que <strong><em>\u201cpegar\u201d<\/em><\/strong> hilos sint\u00e9ticos o de seda a cada hebra de la pesta\u00f1a natural, haci\u00e9ndolas lucir m\u00e1s largas y voluminosas.<\/p>\n<p>&nbsp;<\/p>\n<p>&nbsp;<\/p>\n<p>Para este tipo de procedimiento se utiliza un pegamento especial.<\/p>\n<p>&nbsp;<\/p>\n<p>&nbsp;<\/p>\n<p><em><strong>\u201cSi es posible, haga una prueba con la sustancia que se usar\u00e1 en la extensi\u00f3n, especialmente aquellas personas que tienden a tener irritaci\u00f3n al usar productos qu\u00edmicos\u201d,<\/strong><\/em> explica la m\u00e9dica Edil\u00e9ia Bagatin, coordinadora del Departamento de Cosmiatr\u00eda Dermatol\u00f3gica de la Sociedad Brasile\u00f1a de Dermatolog\u00eda.<\/p>\n<p>&nbsp;<\/p>\n<p>&nbsp;<\/p>\n<p><em><strong>\u201cEsta prueba generalmente se aplica en la regi\u00f3n interna del brazo y no en el ojo. Si despu\u00e9s de tres d\u00edas no presenta ninguna reacci\u00f3n al\u00e9rgica, la persona puede hacerlo con un poco m\u00e1s de seguridad\u201d,<\/strong> <\/em>a\u00f1ade.<\/p>\n<p>&nbsp;<\/p>\n<p>&nbsp;<\/p>\n<p>Aunque parezca inofensivo, el uso continuado de pesta\u00f1as postizas, la falta de una adecuada limpieza y cuidado pueden ocasionar varios problemas, que van desde la ca\u00edda natural de los pelos que protegen los ojos, dej\u00e1ndolos expuestos y desprotegidos, hasta patolog\u00edas m\u00e1s graves como las \u00falceras corneales.<\/p>\n<p>&nbsp;<\/p>\n<p>&nbsp;<\/p>\n<p><em><strong>\u201cLas pesta\u00f1as tienen la funci\u00f3n de proteger los ojos de la entrada de luz, polvo y otros fragmentos que quedan suspendidos en el aire. All\u00ed se depositan a diario part\u00edculas y residuos de posibles al\u00e9rgenos. La complicaci\u00f3n m\u00e1s com\u00fan asociada a las extensiones de pesta\u00f1as es la blefaritis, seguido de conjuntivitis al\u00e9rgica, lesiones en la c\u00f3rnea, ca\u00edda o rotura de pesta\u00f1as naturales\u201d,<\/strong><\/em> explica Claudia Del Claro, oftalm\u00f3loga miembro del directorio de la Sociedad Brasile\u00f1a de Oftalmolog\u00eda.<\/p>\n<p>&nbsp;<\/p>\n<p>La enfermera Val\u00e9ria Campos relata que sus pesta\u00f1as naturales no volvieron a crecer y tener el volumen previo al procedimento.<\/p>\n<p>&nbsp;<\/p>\n<p>El pegamento utilizado es un factor muy importante para evitar alergias y problemas como la queratitis (quemaduras qu\u00edmicas).<\/p>\n<p>&nbsp;<\/p>\n<p>Adem\u00e1s, los pelos falsos requieren m\u00e1s atenci\u00f3n con la limpieza: las impurezas aumentan el riesgo de contaminaci\u00f3n ocular.<\/p>\n<p>&nbsp;<\/p>\n<p>&nbsp;<\/p>\n<p><em><strong>\u201cPara intentar minimizar las complicaciones, est\u00e1 indicada la limpieza de p\u00e1rpados y pesta\u00f1as con un producto espec\u00edfico no graso, o incluso con un champ\u00fa neutro, dos veces al d\u00eda. Es muy habitual que los pacientes eviten lavarse las pesta\u00f1as por miedo a que se les caigan las extensiones, pero es todo lo contrario. Las extensiones de pesta\u00f1as se caen prematuramente cuando no se limpian\u201d<\/strong><\/em>, agrega Del Claro.<br \/>\n\u00bfQu\u00e9 es la queratitis y la blefaritis?<\/p>\n<p>&nbsp;<\/p>\n<p>&nbsp;<\/p>\n<p>La colocaci\u00f3n o el mantenimiento inadecuados de las extensiones de pesta\u00f1as, o incluso el mal uso de estos hilos postizos, pueden desencadenar algunas enfermedades oculares.<\/p>\n<p>&nbsp;<\/p>\n<p>&nbsp;<\/p>\n<p>Esto se debe a que en la regi\u00f3n de las pesta\u00f1as tambi\u00e9n hay varias gl\u00e1ndulas encargadas de la lubricaci\u00f3n de los ojos, que pueden verse afectadas despu\u00e9s del procedimiento.<\/p>\n<p>&nbsp;<\/p>\n<p>&nbsp;<\/p>\n<p>La queratitis, una de las afecciones m\u00e1s comunes, se caracteriza por la aparici\u00f3n de peque\u00f1as heridas superficiales que pueden surgir por el traumatismo directo del pegamento utilizado para alargar las pesta\u00f1as con la superficie ocular.<\/p>\n<p>&nbsp;<\/p>\n<p>&nbsp;<\/p>\n<p>Estas lesiones, aunque superficiales, son bastante dolorosas y suelen ir acompa\u00f1adas de sensaci\u00f3n de tener algo en el ojo, lagrimeo, enrojecimiento e hinchaz\u00f3n del p\u00e1rpado.<\/p>\n<p>&nbsp;<\/p>\n<p>&nbsp;<\/p>\n<p>La blefaritis es una inflamaci\u00f3n del p\u00e1rpado que provoca enrojecimiento, picor y acumulaci\u00f3n de secreci\u00f3n. En esta enfermedad, la grasa presente en las l\u00e1grimas humanas se acumula en el p\u00e1rpado, aumentando el riesgo de que se desarrollen bacterias all\u00ed.<\/p>\n<p>&nbsp;<\/p>\n<p>&nbsp;<\/p>\n<p><em><strong>\u201cAl notar alguna molestia despu\u00e9s de la colocaci\u00f3n de las pesta\u00f1as, lo primero es lavar el \u00e1rea con soluci\u00f3n salina para eliminar posibles contaminantes que hayan llegado al ojo\u201d<\/strong><\/em>, se\u00f1ala Patr\u00edcia Akaishi, oftalm\u00f3loga del Hospital de Cl\u00ednicas de la Facultad de Medicina de la Universidad de S\u00e3o Paulo en Ribeir\u00e3o Preto.<\/p>\n<p>&nbsp;<\/p>\n<p>&nbsp;<\/p>\n<p><em><strong>\u201cY si el problema persiste, es recomendable buscar ayuda m\u00e9dica para asegurarse de que no quedan residuos de pegamento o hilos en la superficie ocular e iniciar un tratamiento<\/strong><\/em>\u201d, a\u00f1ade.<\/p>\n<p>&nbsp;<\/p>\n<p>&nbsp;<\/p>\n<p>Adem\u00e1s, el uso de extensiones de pesta\u00f1as durante mucho tiempo puede afectar la formaci\u00f3n del arco de los mechones de pelo natural, lo que hace que ya no se alineen correctamente. Esto se debe a que el material utilizado en las extensiones es m\u00e1s pesado que los pelos naturales.<\/p>\n<p>&nbsp;<\/p>\n<p>&nbsp;<\/p>\n<p><em><strong>\u201cYo particularmente no recomiendo el uso de extensiones de pesta\u00f1as porque es un procedimiento con un alto \u00edndice de complicaciones, que puede llevar a la p\u00e9rdida permanente de las pesta\u00f1as, que son tan importantes para la protecci\u00f3n de los ojos. Incluso el pegamento puede llegar a los ojos, dejando secuelas permanentes en la visi\u00f3n\u201d,<\/strong><\/em> agrega Del Claro.<\/p>\n<h3>Qu\u00e9 hacer en caso de irritaci\u00f3n<\/h3>\n<p>&nbsp;<\/p>\n<p><strong>Enjuague el ojo con agua corriente limpia.<\/strong><\/p>\n<p>&nbsp;<\/p>\n<p><strong>Limpie el ojo con soluci\u00f3n salina.<\/strong><\/p>\n<p>&nbsp;<\/p>\n<p><strong>No se frote el ojo (si tiene una herida, puede empeorar).<\/strong><\/p>\n<p>&nbsp;<\/p>\n<p><strong>No intente quitar ning\u00fan objeto que est\u00e9 dentro del globo ocular.<\/strong><\/p>\n<p>&nbsp;<\/p>\n<p><strong>Busque ayuda medica.<\/strong><\/p>\n<p>&nbsp;<\/p>\n<p>&nbsp;<\/p>\n<p>PUBLICADO EL 27\/DICIEMBRE\/2022<\/p>\n","protected":false},"excerpt":{"rendered":"<p>BRASILIA, BRASIL. \u2014 Fan\u00e1tica de las extensiones de pesta\u00f1as desde hace casi un a\u00f1o, la&#8230;<\/p>\n","protected":false},"author":1,"featured_media":155476,"comment_status":"open","ping_status":"open","sticky":false,"template":"","format":"standard","meta":{"_monsterinsights_skip_tracking":false,"_monsterinsights_sitenote_active":false,"_monsterinsights_sitenote_note":"","_monsterinsights_sitenote_category":0,"footnotes":""},"categories":[12],"tags":[],"class_list":["post"],"yoast_head":" \n<title>Sonora en Equipo. \u201cAcab\u00e9 en el hospital a causa de mis pesta\u00f1as postizas\u201d Especiales<\/title>\n<meta name=\"description\" content=\"BRASILIA, BRASIL. \u2014 Fan\u00e1tica de las extensiones de pesta\u00f1as desde hace casi un a\u00f1o, la enfermera brasile\u00f1a Val\u00e9ria Campos nunca imagin\u00f3 que podr\u00eda En Sonora en Equipo publicamos toda la informaci\u00f3n de Sonora, M\u00e9xico y el Mundo de manera oportuna y busca que la libertad de expresi\u00f3n sea real. Visita nuestro medio informativo publicado desde Hermosillo, Sonora. %\" \/>\n<meta name=\"robots\" content=\"index, follow, max-snippet:-1, max-image-preview:large, max-video-preview:-1\" \/>\n<link rel=\"canonical\" href=\"https:\/\/www.sonoraenequipo.com.mx\/acabe-en-el-hospital-a-causa-de-mis-pestanas-postizas\/\" \/>\n<meta property=\"og:locale\" content=\"es_ES\" \/>\n<meta property=\"og:type\" content=\"article\" \/>\n<meta property=\"og:title\" content=\"Sonora en Equipo. \u201cAcab\u00e9 en el hospital a causa de mis pesta\u00f1as postizas\u201d Especiales\" \/>\n<meta property=\"og:description\" content=\"BRASILIA, BRASIL. \u2014 Fan\u00e1tica de las extensiones de pesta\u00f1as desde hace casi un a\u00f1o, la enfermera brasile\u00f1a Val\u00e9ria Campos nunca imagin\u00f3 que podr\u00eda En Sonora en Equipo publicamos toda la informaci\u00f3n de Sonora, M\u00e9xico y el Mundo de manera oportuna y busca que la libertad de expresi\u00f3n sea real. Visita nuestro medio informativo publicado desde Hermosillo, Sonora. %\" \/>\n<meta property=\"og:url\" content=\"https:\/\/www.sonoraenequipo.com.mx\/acabe-en-el-hospital-a-causa-de-mis-pestanas-postizas\/\" \/>\n<meta property=\"og:site_name\" content=\"Sonora en Equipo.\" \/>\n<meta property=\"article:publisher\" content=\"https:\/\/www.facebook.com\/SonoraEE\/\" \/>\n<meta property=\"article:author\" content=\"https:\/\/www.facebook.com\/SonoraEE\" \/>\n<meta property=\"article:published_time\" content=\"2022-12-28T06:15:21+00:00\" \/>\n<meta property=\"article:modified_time\" content=\"2022-12-29T19:30:00+00:00\" \/>\n<meta property=\"og:image\" content=\"https:\/\/www.sonoraenequipo.com.mx\/storage\/2022\/12\/postizas.jpg\" \/>\n\t<meta property=\"og:image:width\" content=\"760\" \/>\n\t<meta property=\"og:image:height\" content=\"430\" \/>\n\t<meta property=\"og:image:type\" content=\"image\/jpeg\" \/>\n<meta name=\"author\" content=\"enequipo\" \/>\n<meta name=\"twitter:card\" content=\"summary_large_image\" \/>\n<meta name=\"twitter:creator\" content=\"@sonoraenequipo\" \/>\n<meta name=\"twitter:site\" content=\"@sonoraenequipo\" \/>\n<meta name=\"twitter:label1\" content=\"Escrito por\" \/>\n\t<meta name=\"twitter:data1\" content=\"enequipo\" \/>\n\t<meta name=\"twitter:label2\" content=\"Tiempo de lectura\" \/>\n\t<meta name=\"twitter:data2\" content=\"7 minutos\" \/>\n<script type=\"application\/ld+json\" class=\"yoast-schema-graph\">{\"@context\":\"https:\/\/schema.org\",\"@graph\":[{\"@type\":\"Article\",\"@id\":\"https:\/\/www.sonoraenequipo.com.mx\/acabe-en-el-hospital-a-causa-de-mis-pestanas-postizas\/#article\",\"isPartOf\":{\"@id\":\"https:\/\/www.sonoraenequipo.com.mx\/acabe-en-el-hospital-a-causa-de-mis-pestanas-postizas\/\"},\"author\":{\"name\":\"enequipo\",\"@id\":\"https:\/\/www.sonoraenequipo.com.mx\/#\/schema\/person\/50102df0fb23a8fa9e8effad8fa81386\"},\"headline\":\"\u201cAcab\u00e9 en el hospital a causa de mis pesta\u00f1as postizas\u201d\",\"datePublished\":\"2022-12-28T06:15:21+00:00\",\"dateModified\":\"2022-12-29T19:30:00+00:00\",\"mainEntityOfPage\":{\"@id\":\"https:\/\/www.sonoraenequipo.com.mx\/acabe-en-el-hospital-a-causa-de-mis-pestanas-postizas\/\"},\"wordCount\":1509,\"commentCount\":0,\"publisher\":{\"@id\":\"https:\/\/www.sonoraenequipo.com.mx\/#organization\"},\"image\":{\"@id\":\"https:\/\/www.sonoraenequipo.com.mx\/acabe-en-el-hospital-a-causa-de-mis-pestanas-postizas\/#primaryimage\"},\"thumbnailUrl\":\"https:\/\/www.sonoraenequipo.com.mx\/storage\/2022\/12\/postizas.jpg\",\"articleSection\":[\"Especiales\"],\"inLanguage\":\"es\",\"potentialAction\":[{\"@type\":\"CommentAction\",\"name\":\"Comment\",\"target\":[\"https:\/\/www.sonoraenequipo.com.mx\/acabe-en-el-hospital-a-causa-de-mis-pestanas-postizas\/#respond\"]}]},{\"@type\":\"WebPage\",\"@id\":\"https:\/\/www.sonoraenequipo.com.mx\/acabe-en-el-hospital-a-causa-de-mis-pestanas-postizas\/\",\"url\":\"https:\/\/www.sonoraenequipo.com.mx\/acabe-en-el-hospital-a-causa-de-mis-pestanas-postizas\/\",\"name\":\"Sonora en Equipo. \u201cAcab\u00e9 en el hospital a causa de mis pesta\u00f1as postizas\u201d Especiales\",\"isPartOf\":{\"@id\":\"https:\/\/www.sonoraenequipo.com.mx\/#website\"},\"primaryImageOfPage\":{\"@id\":\"https:\/\/www.sonoraenequipo.com.mx\/acabe-en-el-hospital-a-causa-de-mis-pestanas-postizas\/#primaryimage\"},\"image\":{\"@id\":\"https:\/\/www.sonoraenequipo.com.mx\/acabe-en-el-hospital-a-causa-de-mis-pestanas-postizas\/#primaryimage\"},\"thumbnailUrl\":\"https:\/\/www.sonoraenequipo.com.mx\/storage\/2022\/12\/postizas.jpg\",\"datePublished\":\"2022-12-28T06:15:21+00:00\",\"dateModified\":\"2022-12-29T19:30:00+00:00\",\"description\":\"BRASILIA, BRASIL. \u2014 Fan\u00e1tica de las extensiones de pesta\u00f1as desde hace casi un a\u00f1o, la enfermera brasile\u00f1a Val\u00e9ria Campos nunca imagin\u00f3 que podr\u00eda En Sonora en Equipo publicamos toda la informaci\u00f3n de Sonora, M\u00e9xico y el Mundo de manera oportuna y busca que la libertad de expresi\u00f3n sea real. Visita nuestro medio informativo publicado desde Hermosillo, Sonora. %\",\"breadcrumb\":{\"@id\":\"https:\/\/www.sonoraenequipo.com.mx\/acabe-en-el-hospital-a-causa-de-mis-pestanas-postizas\/#breadcrumb\"},\"inLanguage\":\"es\",\"potentialAction\":[{\"@type\":\"ReadAction\",\"target\":[\"https:\/\/www.sonoraenequipo.com.mx\/acabe-en-el-hospital-a-causa-de-mis-pestanas-postizas\/\"]}]},{\"@type\":\"ImageObject\",\"inLanguage\":\"es\",\"@id\":\"https:\/\/www.sonoraenequipo.com.mx\/acabe-en-el-hospital-a-causa-de-mis-pestanas-postizas\/#primaryimage\",\"url\":\"https:\/\/www.sonoraenequipo.com.mx\/storage\/2022\/12\/postizas.jpg\",\"contentUrl\":\"https:\/\/www.sonoraenequipo.com.mx\/storage\/2022\/12\/postizas.jpg\",\"width\":760,\"height\":430},{\"@type\":\"BreadcrumbList\",\"@id\":\"https:\/\/www.sonoraenequipo.com.mx\/acabe-en-el-hospital-a-causa-de-mis-pestanas-postizas\/#breadcrumb\",\"itemListElement\":[{\"@type\":\"ListItem\",\"position\":1,\"name\":\"Portada\",\"item\":\"https:\/\/www.sonoraenequipo.com.mx\/\"},{\"@type\":\"ListItem\",\"position\":2,\"name\":\"\u201cAcab\u00e9 en el hospital a causa de mis pesta\u00f1as postizas\u201d\"}]},{\"@type\":\"WebSite\",\"@id\":\"https:\/\/www.sonoraenequipo.com.mx\/#website\",\"url\":\"https:\/\/www.sonoraenequipo.com.mx\/\",\"name\":\"Sonora en Equipo.\",\"description\":\"Diario en l\u00ednea con Noticias desde Hermosillo, Sonora\",\"publisher\":{\"@id\":\"https:\/\/www.sonoraenequipo.com.mx\/#organization\"},\"potentialAction\":[{\"@type\":\"SearchAction\",\"target\":{\"@type\":\"EntryPoint\",\"urlTemplate\":\"https:\/\/www.sonoraenequipo.com.mx\/?s={search_term_string}\"},\"query-input\":{\"@type\":\"PropertyValueSpecification\",\"valueRequired\":true,\"valueName\":\"search_term_string\"}}],\"inLanguage\":\"es\"},{\"@type\":\"Organization\",\"@id\":\"https:\/\/www.sonoraenequipo.com.mx\/#organization\",\"name\":\"Sonoraenequipo.com.mx\",\"url\":\"https:\/\/www.sonoraenequipo.com.mx\/\",\"logo\":{\"@type\":\"ImageObject\",\"inLanguage\":\"es\",\"@id\":\"https:\/\/www.sonoraenequipo.com.mx\/#\/schema\/logo\/image\/\",\"url\":\"https:\/\/www.sonoraenequipo.com.mx\/storage\/2019\/01\/sonoraenequipo_opt.png\",\"contentUrl\":\"https:\/\/www.sonoraenequipo.com.mx\/storage\/2019\/01\/sonoraenequipo_opt.png\",\"width\":375,\"height\":125,\"caption\":\"Sonoraenequipo.com.mx\"},\"image\":{\"@id\":\"https:\/\/www.sonoraenequipo.com.mx\/#\/schema\/logo\/image\/\"},\"sameAs\":[\"https:\/\/www.facebook.com\/SonoraEE\/\",\"https:\/\/x.com\/sonoraenequipo\",\"https:\/\/www.youtube.com\/channel\/UC338nW-lPEYmJQs4ZABQ1SQ\"]},{\"@type\":\"Person\",\"@id\":\"https:\/\/www.sonoraenequipo.com.mx\/#\/schema\/person\/50102df0fb23a8fa9e8effad8fa81386\",\"name\":\"enequipo\",\"image\":{\"@type\":\"ImageObject\",\"inLanguage\":\"es\",\"@id\":\"https:\/\/www.sonoraenequipo.com.mx\/#\/schema\/person\/image\/\",\"url\":\"https:\/\/secure.gravatar.com\/avatar\/049821681b589dabc0bc20695993ccebb09f5b5d4d790cd9251b97faac7c652b?s=96&d=blank&r=g\",\"contentUrl\":\"https:\/\/secure.gravatar.com\/avatar\/049821681b589dabc0bc20695993ccebb09f5b5d4d790cd9251b97faac7c652b?s=96&d=blank&r=g\",\"caption\":\"enequipo\"},\"sameAs\":[\"https:\/\/www.facebook.com\/SonoraEE\"]}]}<\/script>\n ","yoast_head_json":{"title":"Sonora en Equipo. \u201cAcab\u00e9 en el hospital a causa de mis pesta\u00f1as postizas\u201d Especiales","description":"BRASILIA, BRASIL. \u2014 Fan\u00e1tica de las extensiones de pesta\u00f1as desde hace casi un a\u00f1o, la enfermera brasile\u00f1a Val\u00e9ria Campos nunca imagin\u00f3 que podr\u00eda En Sonora en Equipo publicamos toda la informaci\u00f3n de Sonora, M\u00e9xico y el Mundo de manera oportuna y busca que la libertad de expresi\u00f3n sea real. Visita nuestro medio informativo publicado desde Hermosillo, Sonora. %","robots":{"index":"index","follow":"follow","max-snippet":"max-snippet:-1","max-image-preview":"max-image-preview:large","max-video-preview":"max-video-preview:-1"},"canonical":"https:\/\/www.sonoraenequipo.com.mx\/acabe-en-el-hospital-a-causa-de-mis-pestanas-postizas\/","og_locale":"es_ES","og_type":"article","og_title":"Sonora en Equipo. \u201cAcab\u00e9 en el hospital a causa de mis pesta\u00f1as postizas\u201d Especiales","og_description":"BRASILIA, BRASIL. \u2014 Fan\u00e1tica de las extensiones de pesta\u00f1as desde hace casi un a\u00f1o, la enfermera brasile\u00f1a Val\u00e9ria Campos nunca imagin\u00f3 que podr\u00eda En Sonora en Equipo publicamos toda la informaci\u00f3n de Sonora, M\u00e9xico y el Mundo de manera oportuna y busca que la libertad de expresi\u00f3n sea real. Visita nuestro medio informativo publicado desde Hermosillo, Sonora. %","og_url":"https:\/\/www.sonoraenequipo.com.mx\/acabe-en-el-hospital-a-causa-de-mis-pestanas-postizas\/","og_site_name":"Sonora en Equipo.","article_publisher":"https:\/\/www.facebook.com\/SonoraEE\/","article_author":"https:\/\/www.facebook.com\/SonoraEE","article_published_time":"2022-12-28T06:15:21+00:00","article_modified_time":"2022-12-29T19:30:00+00:00","og_image":[{"width":760,"height":430,"url":"https:\/\/www.sonoraenequipo.com.mx\/storage\/2022\/12\/postizas.jpg","type":"image\/jpeg"}],"author":"enequipo","twitter_card":"summary_large_image","twitter_creator":"@sonoraenequipo","twitter_site":"@sonoraenequipo","twitter_misc":{"Escrito por":"enequipo","Tiempo de lectura":"7 minutos"},"schema":{"@context":"https:\/\/schema.org","@graph":[{"@type":"Article","@id":"https:\/\/www.sonoraenequipo.com.mx\/acabe-en-el-hospital-a-causa-de-mis-pestanas-postizas\/#article","isPartOf":{"@id":"https:\/\/www.sonoraenequipo.com.mx\/acabe-en-el-hospital-a-causa-de-mis-pestanas-postizas\/"},"author":{"name":"enequipo","@id":"https:\/\/www.sonoraenequipo.com.mx\/#\/schema\/person\/50102df0fb23a8fa9e8effad8fa81386"},"headline":"\u201cAcab\u00e9 en el hospital a causa de mis pesta\u00f1as postizas\u201d","datePublished":"2022-12-28T06:15:21+00:00","dateModified":"2022-12-29T19:30:00+00:00","mainEntityOfPage":{"@id":"https:\/\/www.sonoraenequipo.com.mx\/acabe-en-el-hospital-a-causa-de-mis-pestanas-postizas\/"},"wordCount":1509,"commentCount":0,"publisher":{"@id":"https:\/\/www.sonoraenequipo.com.mx\/#organization"},"image":{"@id":"https:\/\/www.sonoraenequipo.com.mx\/acabe-en-el-hospital-a-causa-de-mis-pestanas-postizas\/#primaryimage"},"thumbnailUrl":"https:\/\/www.sonoraenequipo.com.mx\/storage\/2022\/12\/postizas.jpg","articleSection":["Especiales"],"inLanguage":"es","potentialAction":[{"@type":"CommentAction","name":"Comment","target":["https:\/\/www.sonoraenequipo.com.mx\/acabe-en-el-hospital-a-causa-de-mis-pestanas-postizas\/#respond"]}]},{"@type":"WebPage","@id":"https:\/\/www.sonoraenequipo.com.mx\/acabe-en-el-hospital-a-causa-de-mis-pestanas-postizas\/","url":"https:\/\/www.sonoraenequipo.com.mx\/acabe-en-el-hospital-a-causa-de-mis-pestanas-postizas\/","name":"Sonora en Equipo. \u201cAcab\u00e9 en el hospital a causa de mis pesta\u00f1as postizas\u201d Especiales","isPartOf":{"@id":"https:\/\/www.sonoraenequipo.com.mx\/#website"},"primaryImageOfPage":{"@id":"https:\/\/www.sonoraenequipo.com.mx\/acabe-en-el-hospital-a-causa-de-mis-pestanas-postizas\/#primaryimage"},"image":{"@id":"https:\/\/www.sonoraenequipo.com.mx\/acabe-en-el-hospital-a-causa-de-mis-pestanas-postizas\/#primaryimage"},"thumbnailUrl":"https:\/\/www.sonoraenequipo.com.mx\/storage\/2022\/12\/postizas.jpg","datePublished":"2022-12-28T06:15:21+00:00","dateModified":"2022-12-29T19:30:00+00:00","description":"BRASILIA, BRASIL. \u2014 Fan\u00e1tica de las extensiones de pesta\u00f1as desde hace casi un a\u00f1o, la enfermera brasile\u00f1a Val\u00e9ria Campos nunca imagin\u00f3 que podr\u00eda En Sonora en Equipo publicamos toda la informaci\u00f3n de Sonora, M\u00e9xico y el Mundo de manera oportuna y busca que la libertad de expresi\u00f3n sea real. Visita nuestro medio informativo publicado desde Hermosillo, Sonora. %","breadcrumb":{"@id":"https:\/\/www.sonoraenequipo.com.mx\/acabe-en-el-hospital-a-causa-de-mis-pestanas-postizas\/#breadcrumb"},"inLanguage":"es","potentialAction":[{"@type":"ReadAction","target":["https:\/\/www.sonoraenequipo.com.mx\/acabe-en-el-hospital-a-causa-de-mis-pestanas-postizas\/"]}]},{"@type":"ImageObject","inLanguage":"es","@id":"https:\/\/www.sonoraenequipo.com.mx\/acabe-en-el-hospital-a-causa-de-mis-pestanas-postizas\/#primaryimage","url":"https:\/\/www.sonoraenequipo.com.mx\/storage\/2022\/12\/postizas.jpg","contentUrl":"https:\/\/www.sonoraenequipo.com.mx\/storage\/2022\/12\/postizas.jpg","width":760,"height":430},{"@type":"BreadcrumbList","@id":"https:\/\/www.sonoraenequipo.com.mx\/acabe-en-el-hospital-a-causa-de-mis-pestanas-postizas\/#breadcrumb","itemListElement":[{"@type":"ListItem","position":1,"name":"Portada","item":"https:\/\/www.sonoraenequipo.com.mx\/"},{"@type":"ListItem","position":2,"name":"\u201cAcab\u00e9 en el hospital a causa de mis pesta\u00f1as postizas\u201d"}]},{"@type":"WebSite","@id":"https:\/\/www.sonoraenequipo.com.mx\/#website","url":"https:\/\/www.sonoraenequipo.com.mx\/","name":"Sonora en Equipo.","description":"Diario en l\u00ednea con Noticias desde Hermosillo, Sonora","publisher":{"@id":"https:\/\/www.sonoraenequipo.com.mx\/#organization"},"potentialAction":[{"@type":"SearchAction","target":{"@type":"EntryPoint","urlTemplate":"https:\/\/www.sonoraenequipo.com.mx\/?s={search_term_string}"},"query-input":{"@type":"PropertyValueSpecification","valueRequired":true,"valueName":"search_term_string"}}],"inLanguage":"es"},{"@type":"Organization","@id":"https:\/\/www.sonoraenequipo.com.mx\/#organization","name":"Sonoraenequipo.com.mx","url":"https:\/\/www.sonoraenequipo.com.mx\/","logo":{"@type":"ImageObject","inLanguage":"es","@id":"https:\/\/www.sonoraenequipo.com.mx\/#\/schema\/logo\/image\/","url":"https:\/\/www.sonoraenequipo.com.mx\/storage\/2019\/01\/sonoraenequipo_opt.png","contentUrl":"https:\/\/www.sonoraenequipo.com.mx\/storage\/2019\/01\/sonoraenequipo_opt.png","width":375,"height":125,"caption":"Sonoraenequipo.com.mx"},"image":{"@id":"https:\/\/www.sonoraenequipo.com.mx\/#\/schema\/logo\/image\/"},"sameAs":["https:\/\/www.facebook.com\/SonoraEE\/","https:\/\/x.com\/sonoraenequipo","https:\/\/www.youtube.com\/channel\/UC338nW-lPEYmJQs4ZABQ1SQ"]},{"@type":"Person","@id":"https:\/\/www.sonoraenequipo.com.mx\/#\/schema\/person\/50102df0fb23a8fa9e8effad8fa81386","name":"enequipo","image":{"@type":"ImageObject","inLanguage":"es","@id":"https:\/\/www.sonoraenequipo.com.mx\/#\/schema\/person\/image\/","url":"https:\/\/secure.gravatar.com\/avatar\/049821681b589dabc0bc20695993ccebb09f5b5d4d790cd9251b97faac7c652b?s=96&d=blank&r=g","contentUrl":"https:\/\/secure.gravatar.com\/avatar\/049821681b589dabc0bc20695993ccebb09f5b5d4d790cd9251b97faac7c652b?s=96&d=blank&r=g","caption":"enequipo"},"sameAs":["https:\/\/www.facebook.com\/SonoraEE"]}]}},"jetpack_featured_media_url":"https:\/\/www.sonoraenequipo.com.mx\/storage\/2022\/12\/postizas.jpg","_links":{"self":[{"href":"https:\/\/www.sonoraenequipo.com.mx\/api\/wp\/v2\/posts\/155470","targetHints":{"allow":["GET"]}}],"collection":[{"href":"https:\/\/www.sonoraenequipo.com.mx\/api\/wp\/v2\/posts"}],"about":[{"href":"https:\/\/www.sonoraenequipo.com.mx\/api\/wp\/v2\/types\/post"}],"author":[{"embeddable":true,"href":"https:\/\/www.sonoraenequipo.com.mx\/api\/wp\/v2\/users\/1"}],"replies":[{"embeddable":true,"href":"https:\/\/www.sonoraenequipo.com.mx\/api\/wp\/v2\/comments?post=155470"}],"version-history":[{"count":3,"href":"https:\/\/www.sonoraenequipo.com.mx\/api\/wp\/v2\/posts\/155470\/revisions"}],"predecessor-version":[{"id":155480,"href":"https:\/\/www.sonoraenequipo.com.mx\/api\/wp\/v2\/posts\/155470\/revisions\/155480"}],"wp:featuredmedia":[{"embeddable":true,"href":"https:\/\/www.sonoraenequipo.com.mx\/api\/wp\/v2\/media\/155476"}],"wp:attachment":[{"href":"https:\/\/www.sonoraenequipo.com.mx\/api\/wp\/v2\/media?parent=155470"}],"wp:term":[{"taxonomy":"category","embeddable":true,"href":"https:\/\/www.sonoraenequipo.com.mx\/api\/wp\/v2\/categories?post=155470"},{"taxonomy":"post_tag","embeddable":true,"href":"https:\/\/www.sonoraenequipo.com.mx\/api\/wp\/v2\/tags?post=155470"}],"curies":[{"name":"wp","href":"https:\/\/api.w.org\/{rel}","templated":true}]}}