{"id":155543,"date":"2022-12-30T12:19:03","date_gmt":"2022-12-30T19:19:03","guid":{"rendered":"https:\/\/www.sonoraenequipo.com.mx\/?p=155543"},"modified":"2022-12-30T12:19:03","modified_gmt":"2022-12-30T19:19:03","slug":"nadador-sonorense-daniel-ramirez-listo-para-afrontar-el-reto-de-2023","status":"publish","type":"post","link":"https:\/\/www.sonoraenequipo.com.mx\/nadador-sonorense-daniel-ramirez-listo-para-afrontar-el-reto-de-2023\/","title":{"rendered":"Nadador sonorense, Daniel Ram\u00edrez, listo para afrontar el reto de 2023"},"content":{"rendered":"<p>\u25baEl trit\u00f3n buscar\u00e1 los pasajes a los JCC de San Salvador, El Salvador, as\u00ed como a los JPP de Santiago de Chile<\/p>\n<p>&nbsp;<\/p>\n<p><strong>HERMOSILLO, SONORA,MX.<\/strong><strong>\u2500\u2500<\/strong> El pr\u00f3ximo calendario del 2023 tendr\u00e1 una cargada y at\u00edpica agenda deportiva, en gran parte a la realizaci\u00f3n en el mismo a\u00f1o de los Juegos Centroamericanos y del Caribe y de los Juegos Panamericanos, pero, lejos de amedrentarse, el nadador sonorense Daniel Ram\u00edrez est\u00e1 listo para afrontarlo.<\/p>\n<p>&nbsp;<\/p>\n<p>&nbsp;<\/p>\n<p>&nbsp;<\/p>\n<p>Ram\u00edrez acepta el reto que eso representa, siempre con la meta fija en conseguir los pasajes para competir en esas dos magnas competencias a celebrarse en El Salvador (JCC del 23 de junio al 8 de julio) y en Santiago (JPP del 20 de octubre al 5 de noviembre).<\/p>\n<p>&nbsp;<\/p>\n<p>&nbsp;<\/p>\n<p>&nbsp;<\/p>\n<p>\u201cEn estos momentos estoy aqu\u00ed en Hermosillo pasando las fiestas de fin de a\u00f1o con la familia, pero el 5 de enero regreso a Florida (Fort Lauderdale) para continuar la preparaci\u00f3n de cara a lo que viene, siendo el primer evento importante el selectivo nacional rumbo a los Juegos Centroamericanos y del Caribe\u201d, dijo el trit\u00f3n de 30 a\u00f1os de edad.<\/p>\n<p>&nbsp;<\/p>\n<p>&nbsp;<\/p>\n<p>&nbsp;<\/p>\n<p>\u201cEl selectivo tendr\u00e1 lugar la primera semana de abril en Monterrey y ah\u00ed necesito quedar entre los dos primeros lugares en las cinco pruebas en las que competir\u00e9 (50 y 100 metros, tanto en el estilo libre como en el de mariposa, adem\u00e1s de los 50 dorso), para as\u00ed asegurar el boleto a San Salvador\u201d, coment\u00f3.<\/p>\n<p>&nbsp;<\/p>\n<p>&nbsp;<\/p>\n<p>&nbsp;<\/p>\n<p>Daniel Zabdiel dijo que pelear\u00e1 con experiencia y habilidad las plazas a la justa centroamericana, aunque no se conf\u00eda, pues sabe de las nuevas generaciones de nadadores mexicanos, los cuales estar\u00e1n empujando fuerte, por lo tanto, saldr\u00e1 firme a conseguir las mejores marcas.<\/p>\n<p>&nbsp;<\/p>\n<p>&nbsp;<\/p>\n<p>&nbsp;<\/p>\n<p>\u201cActualmente, me siento motivado, tuve un buen regreso a las piscinas, incluyendo las dos medallas (oro en 100 libres y bronce en los 50 libres) que gan\u00e9 este mes en el Campeonato Invernal Curso Corto (en Canc\u00fan, Quintana Roo), ahora me enfocar\u00e9 a mejorar los detalles para entrarle con todo el a\u00f1o pr\u00f3ximo\u201d, agreg\u00f3.<\/p>\n<p>&nbsp;<\/p>\n<p>&nbsp;<\/p>\n<p>&nbsp;<\/p>\n<p>El sonorense dijo que seguir\u00e1 mejorando sus rutinas en Florida, al lado del entrenador Sam Freas III -con quien ya tiene cuatro a\u00f1os prepar\u00e1ndose- adem\u00e1s, como pre\u00e1mbulo al selectivo mexicano de abril, tiene contempladas algunas competencias en Estados Unidos, incluyendo el Grand Prix de esa naci\u00f3n a efectuarse en marzo.<\/p>\n<p>&nbsp;<\/p>\n<p>&nbsp;<\/p>\n<p>&nbsp;<\/p>\n<p>En cuanto a la contrase\u00f1a para acceder a la cita continental en Santiago de Chile, Ram\u00edrez Carranza destac\u00f3 que a\u00fan no se ha establecido c\u00f3mo se repartir\u00e1n las plazas, pero lo m\u00e1s probable, mencion\u00f3, es a trav\u00e9s del ranking de la FINA (Federaci\u00f3n Internacional de Nataci\u00f3n).<\/p>\n<p>&nbsp;<\/p>\n<p>&nbsp;<\/p>\n<p>&nbsp;<\/p>\n<p>Hist\u00f3ricamente, el nadador sonorense ha sobresalido tanto en los Juegos Centroamericanos (cuatro metales: dos oros, una plata y un bronce) como en los Juegos Panamericanos (dos podios de tercer puesto), pues entre ambos posee seis medallas, todas en la modalidad de relevos.<\/p>\n<p>&nbsp;<\/p>\n<p>&nbsp;<\/p>\n<p>&nbsp;<\/p>\n<p>En los JCC Veracruz 2014 obtuvo plata y bronce; cuatro a\u00f1os m\u00e1s tarde, en Barranquilla 2018, acapar\u00f3 par de oros, mientras que, en una actuaci\u00f3n en los JPP, la cual fue en Lima 2019, consigui\u00f3 dos bronces, en el regreso al podio de un equipo mexicano despu\u00e9s de dos d\u00e9cadas sin conquistar una presea panamericana en nataci\u00f3n.<\/p>\n<p><strong><em><u>Fecha de publicaci\u00f3n\u00a0\u00a0 viernes 30\u00a0 de diciembre de 2022 con informaci\u00f3n de boletines<\/u><\/em><\/strong><\/p>\n<p>&nbsp;<\/p>\n<p>&nbsp;<\/p>\n","protected":false},"excerpt":{"rendered":"<p>\u25baEl trit\u00f3n buscar\u00e1 los pasajes a los JCC de San Salvador, El Salvador, as\u00ed como&#8230;<\/p>\n","protected":false},"author":1,"featured_media":155544,"comment_status":"open","ping_status":"open","sticky":false,"template":"","format":"standard","meta":{"_monsterinsights_skip_tracking":false,"_monsterinsights_sitenote_active":false,"_monsterinsights_sitenote_note":"","_monsterinsights_sitenote_category":0,"footnotes":""},"categories":[10],"tags":[8005,8003,8004],"class_list":["post"],"yoast_head":" \n<title>Sonora en Equipo. Nadador sonorense, Daniel Ram\u00edrez, listo para afrontar el reto de 2023 Deportes<\/title>\n<meta name=\"description\" content=\"\u25baEl trit\u00f3n buscar\u00e1 los pasajes a los JCC de San Salvador, El Salvador, as\u00ed como a los JPP de Santiago de Chile &nbsp; HERMOSILLO, SONORA,MX.\u2500\u2500 El pr\u00f3ximo En Sonora en Equipo publicamos toda la informaci\u00f3n de Sonora, M\u00e9xico y el Mundo de manera oportuna y busca que la libertad de expresi\u00f3n sea real. Visita nuestro medio informativo publicado desde Hermosillo, Sonora. %\" \/>\n<meta name=\"robots\" content=\"index, follow, max-snippet:-1, max-image-preview:large, max-video-preview:-1\" \/>\n<link rel=\"canonical\" href=\"https:\/\/www.sonoraenequipo.com.mx\/nadador-sonorense-daniel-ramirez-listo-para-afrontar-el-reto-de-2023\/\" \/>\n<meta property=\"og:locale\" content=\"es_ES\" \/>\n<meta property=\"og:type\" content=\"article\" \/>\n<meta property=\"og:title\" content=\"Sonora en Equipo. Nadador sonorense, Daniel Ram\u00edrez, listo para afrontar el reto de 2023 Deportes\" \/>\n<meta property=\"og:description\" content=\"\u25baEl trit\u00f3n buscar\u00e1 los pasajes a los JCC de San Salvador, El Salvador, as\u00ed como a los JPP de Santiago de Chile &nbsp; HERMOSILLO, SONORA,MX.\u2500\u2500 El pr\u00f3ximo En Sonora en Equipo publicamos toda la informaci\u00f3n de Sonora, M\u00e9xico y el Mundo de manera oportuna y busca que la libertad de expresi\u00f3n sea real. Visita nuestro medio informativo publicado desde Hermosillo, Sonora. %\" \/>\n<meta property=\"og:url\" content=\"https:\/\/www.sonoraenequipo.com.mx\/nadador-sonorense-daniel-ramirez-listo-para-afrontar-el-reto-de-2023\/\" \/>\n<meta property=\"og:site_name\" content=\"Sonora en Equipo.\" \/>\n<meta property=\"article:publisher\" content=\"https:\/\/www.facebook.com\/SonoraEE\/\" \/>\n<meta property=\"article:author\" content=\"https:\/\/www.facebook.com\/SonoraEE\" \/>\n<meta property=\"article:published_time\" content=\"2022-12-30T19:19:03+00:00\" \/>\n<meta property=\"og:image\" content=\"https:\/\/www.sonoraenequipo.com.mx\/storage\/2022\/12\/daniel-ramirez.jpg\" \/>\n\t<meta property=\"og:image:width\" content=\"600\" \/>\n\t<meta property=\"og:image:height\" content=\"400\" \/>\n\t<meta property=\"og:image:type\" content=\"image\/jpeg\" \/>\n<meta name=\"author\" content=\"enequipo\" \/>\n<meta name=\"twitter:card\" content=\"summary_large_image\" \/>\n<meta name=\"twitter:creator\" content=\"@sonoraenequipo\" \/>\n<meta name=\"twitter:site\" content=\"@sonoraenequipo\" \/>\n<meta name=\"twitter:label1\" content=\"Escrito por\" \/>\n\t<meta name=\"twitter:data1\" content=\"enequipo\" \/>\n\t<meta name=\"twitter:label2\" content=\"Tiempo de lectura\" \/>\n\t<meta name=\"twitter:data2\" content=\"3 minutos\" \/>\n<script type=\"application\/ld+json\" class=\"yoast-schema-graph\">{\"@context\":\"https:\/\/schema.org\",\"@graph\":[{\"@type\":\"Article\",\"@id\":\"https:\/\/www.sonoraenequipo.com.mx\/nadador-sonorense-daniel-ramirez-listo-para-afrontar-el-reto-de-2023\/#article\",\"isPartOf\":{\"@id\":\"https:\/\/www.sonoraenequipo.com.mx\/nadador-sonorense-daniel-ramirez-listo-para-afrontar-el-reto-de-2023\/\"},\"author\":{\"name\":\"enequipo\",\"@id\":\"https:\/\/www.sonoraenequipo.com.mx\/#\/schema\/person\/50102df0fb23a8fa9e8effad8fa81386\"},\"headline\":\"Nadador sonorense, Daniel Ram\u00edrez, listo para afrontar el reto de 2023\",\"datePublished\":\"2022-12-30T19:19:03+00:00\",\"mainEntityOfPage\":{\"@id\":\"https:\/\/www.sonoraenequipo.com.mx\/nadador-sonorense-daniel-ramirez-listo-para-afrontar-el-reto-de-2023\/\"},\"wordCount\":607,\"commentCount\":0,\"publisher\":{\"@id\":\"https:\/\/www.sonoraenequipo.com.mx\/#organization\"},\"image\":{\"@id\":\"https:\/\/www.sonoraenequipo.com.mx\/nadador-sonorense-daniel-ramirez-listo-para-afrontar-el-reto-de-2023\/#primaryimage\"},\"thumbnailUrl\":\"https:\/\/www.sonoraenequipo.com.mx\/storage\/2022\/12\/daniel-ramirez.jpg\",\"keywords\":[\"daniel ramirez\",\"jcc\",\"jpp\"],\"articleSection\":[\"Deportes\"],\"inLanguage\":\"es\",\"potentialAction\":[{\"@type\":\"CommentAction\",\"name\":\"Comment\",\"target\":[\"https:\/\/www.sonoraenequipo.com.mx\/nadador-sonorense-daniel-ramirez-listo-para-afrontar-el-reto-de-2023\/#respond\"]}]},{\"@type\":\"WebPage\",\"@id\":\"https:\/\/www.sonoraenequipo.com.mx\/nadador-sonorense-daniel-ramirez-listo-para-afrontar-el-reto-de-2023\/\",\"url\":\"https:\/\/www.sonoraenequipo.com.mx\/nadador-sonorense-daniel-ramirez-listo-para-afrontar-el-reto-de-2023\/\",\"name\":\"Sonora en Equipo. Nadador sonorense, Daniel Ram\u00edrez, listo para afrontar el reto de 2023 Deportes\",\"isPartOf\":{\"@id\":\"https:\/\/www.sonoraenequipo.com.mx\/#website\"},\"primaryImageOfPage\":{\"@id\":\"https:\/\/www.sonoraenequipo.com.mx\/nadador-sonorense-daniel-ramirez-listo-para-afrontar-el-reto-de-2023\/#primaryimage\"},\"image\":{\"@id\":\"https:\/\/www.sonoraenequipo.com.mx\/nadador-sonorense-daniel-ramirez-listo-para-afrontar-el-reto-de-2023\/#primaryimage\"},\"thumbnailUrl\":\"https:\/\/www.sonoraenequipo.com.mx\/storage\/2022\/12\/daniel-ramirez.jpg\",\"datePublished\":\"2022-12-30T19:19:03+00:00\",\"description\":\"\u25baEl trit\u00f3n buscar\u00e1 los pasajes a los JCC de San Salvador, El Salvador, as\u00ed como a los JPP de Santiago de Chile &nbsp; HERMOSILLO, SONORA,MX.\u2500\u2500 El pr\u00f3ximo En Sonora en Equipo publicamos toda la informaci\u00f3n de Sonora, M\u00e9xico y el Mundo de manera oportuna y busca que la libertad de expresi\u00f3n sea real. Visita nuestro medio informativo publicado desde Hermosillo, Sonora. %\",\"breadcrumb\":{\"@id\":\"https:\/\/www.sonoraenequipo.com.mx\/nadador-sonorense-daniel-ramirez-listo-para-afrontar-el-reto-de-2023\/#breadcrumb\"},\"inLanguage\":\"es\",\"potentialAction\":[{\"@type\":\"ReadAction\",\"target\":[\"https:\/\/www.sonoraenequipo.com.mx\/nadador-sonorense-daniel-ramirez-listo-para-afrontar-el-reto-de-2023\/\"]}]},{\"@type\":\"ImageObject\",\"inLanguage\":\"es\",\"@id\":\"https:\/\/www.sonoraenequipo.com.mx\/nadador-sonorense-daniel-ramirez-listo-para-afrontar-el-reto-de-2023\/#primaryimage\",\"url\":\"https:\/\/www.sonoraenequipo.com.mx\/storage\/2022\/12\/daniel-ramirez.jpg\",\"contentUrl\":\"https:\/\/www.sonoraenequipo.com.mx\/storage\/2022\/12\/daniel-ramirez.jpg\",\"width\":600,\"height\":400},{\"@type\":\"BreadcrumbList\",\"@id\":\"https:\/\/www.sonoraenequipo.com.mx\/nadador-sonorense-daniel-ramirez-listo-para-afrontar-el-reto-de-2023\/#breadcrumb\",\"itemListElement\":[{\"@type\":\"ListItem\",\"position\":1,\"name\":\"Portada\",\"item\":\"https:\/\/www.sonoraenequipo.com.mx\/\"},{\"@type\":\"ListItem\",\"position\":2,\"name\":\"Nadador sonorense, Daniel Ram\u00edrez, listo para afrontar el reto de 2023\"}]},{\"@type\":\"WebSite\",\"@id\":\"https:\/\/www.sonoraenequipo.com.mx\/#website\",\"url\":\"https:\/\/www.sonoraenequipo.com.mx\/\",\"name\":\"Sonora en Equipo.\",\"description\":\"Diario en l\u00ednea con Noticias desde Hermosillo, Sonora\",\"publisher\":{\"@id\":\"https:\/\/www.sonoraenequipo.com.mx\/#organization\"},\"potentialAction\":[{\"@type\":\"SearchAction\",\"target\":{\"@type\":\"EntryPoint\",\"urlTemplate\":\"https:\/\/www.sonoraenequipo.com.mx\/?s={search_term_string}\"},\"query-input\":{\"@type\":\"PropertyValueSpecification\",\"valueRequired\":true,\"valueName\":\"search_term_string\"}}],\"inLanguage\":\"es\"},{\"@type\":\"Organization\",\"@id\":\"https:\/\/www.sonoraenequipo.com.mx\/#organization\",\"name\":\"Sonoraenequipo.com.mx\",\"url\":\"https:\/\/www.sonoraenequipo.com.mx\/\",\"logo\":{\"@type\":\"ImageObject\",\"inLanguage\":\"es\",\"@id\":\"https:\/\/www.sonoraenequipo.com.mx\/#\/schema\/logo\/image\/\",\"url\":\"https:\/\/www.sonoraenequipo.com.mx\/storage\/2019\/01\/sonoraenequipo_opt.png\",\"contentUrl\":\"https:\/\/www.sonoraenequipo.com.mx\/storage\/2019\/01\/sonoraenequipo_opt.png\",\"width\":375,\"height\":125,\"caption\":\"Sonoraenequipo.com.mx\"},\"image\":{\"@id\":\"https:\/\/www.sonoraenequipo.com.mx\/#\/schema\/logo\/image\/\"},\"sameAs\":[\"https:\/\/www.facebook.com\/SonoraEE\/\",\"https:\/\/x.com\/sonoraenequipo\",\"https:\/\/www.youtube.com\/channel\/UC338nW-lPEYmJQs4ZABQ1SQ\"]},{\"@type\":\"Person\",\"@id\":\"https:\/\/www.sonoraenequipo.com.mx\/#\/schema\/person\/50102df0fb23a8fa9e8effad8fa81386\",\"name\":\"enequipo\",\"image\":{\"@type\":\"ImageObject\",\"inLanguage\":\"es\",\"@id\":\"https:\/\/www.sonoraenequipo.com.mx\/#\/schema\/person\/image\/\",\"url\":\"https:\/\/secure.gravatar.com\/avatar\/049821681b589dabc0bc20695993ccebb09f5b5d4d790cd9251b97faac7c652b?s=96&d=blank&r=g\",\"contentUrl\":\"https:\/\/secure.gravatar.com\/avatar\/049821681b589dabc0bc20695993ccebb09f5b5d4d790cd9251b97faac7c652b?s=96&d=blank&r=g\",\"caption\":\"enequipo\"},\"sameAs\":[\"https:\/\/www.facebook.com\/SonoraEE\"]}]}<\/script>\n ","yoast_head_json":{"title":"Sonora en Equipo. Nadador sonorense, Daniel Ram\u00edrez, listo para afrontar el reto de 2023 Deportes","description":"\u25baEl trit\u00f3n buscar\u00e1 los pasajes a los JCC de San Salvador, El Salvador, as\u00ed como a los JPP de Santiago de Chile &nbsp; HERMOSILLO, SONORA,MX.\u2500\u2500 El pr\u00f3ximo En Sonora en Equipo publicamos toda la informaci\u00f3n de Sonora, M\u00e9xico y el Mundo de manera oportuna y busca que la libertad de expresi\u00f3n sea real. Visita nuestro medio informativo publicado desde Hermosillo, Sonora. %","robots":{"index":"index","follow":"follow","max-snippet":"max-snippet:-1","max-image-preview":"max-image-preview:large","max-video-preview":"max-video-preview:-1"},"canonical":"https:\/\/www.sonoraenequipo.com.mx\/nadador-sonorense-daniel-ramirez-listo-para-afrontar-el-reto-de-2023\/","og_locale":"es_ES","og_type":"article","og_title":"Sonora en Equipo. Nadador sonorense, Daniel Ram\u00edrez, listo para afrontar el reto de 2023 Deportes","og_description":"\u25baEl trit\u00f3n buscar\u00e1 los pasajes a los JCC de San Salvador, El Salvador, as\u00ed como a los JPP de Santiago de Chile &nbsp; HERMOSILLO, SONORA,MX.\u2500\u2500 El pr\u00f3ximo En Sonora en Equipo publicamos toda la informaci\u00f3n de Sonora, M\u00e9xico y el Mundo de manera oportuna y busca que la libertad de expresi\u00f3n sea real. Visita nuestro medio informativo publicado desde Hermosillo, Sonora. %","og_url":"https:\/\/www.sonoraenequipo.com.mx\/nadador-sonorense-daniel-ramirez-listo-para-afrontar-el-reto-de-2023\/","og_site_name":"Sonora en Equipo.","article_publisher":"https:\/\/www.facebook.com\/SonoraEE\/","article_author":"https:\/\/www.facebook.com\/SonoraEE","article_published_time":"2022-12-30T19:19:03+00:00","og_image":[{"width":600,"height":400,"url":"https:\/\/www.sonoraenequipo.com.mx\/storage\/2022\/12\/daniel-ramirez.jpg","type":"image\/jpeg"}],"author":"enequipo","twitter_card":"summary_large_image","twitter_creator":"@sonoraenequipo","twitter_site":"@sonoraenequipo","twitter_misc":{"Escrito por":"enequipo","Tiempo de lectura":"3 minutos"},"schema":{"@context":"https:\/\/schema.org","@graph":[{"@type":"Article","@id":"https:\/\/www.sonoraenequipo.com.mx\/nadador-sonorense-daniel-ramirez-listo-para-afrontar-el-reto-de-2023\/#article","isPartOf":{"@id":"https:\/\/www.sonoraenequipo.com.mx\/nadador-sonorense-daniel-ramirez-listo-para-afrontar-el-reto-de-2023\/"},"author":{"name":"enequipo","@id":"https:\/\/www.sonoraenequipo.com.mx\/#\/schema\/person\/50102df0fb23a8fa9e8effad8fa81386"},"headline":"Nadador sonorense, Daniel Ram\u00edrez, listo para afrontar el reto de 2023","datePublished":"2022-12-30T19:19:03+00:00","mainEntityOfPage":{"@id":"https:\/\/www.sonoraenequipo.com.mx\/nadador-sonorense-daniel-ramirez-listo-para-afrontar-el-reto-de-2023\/"},"wordCount":607,"commentCount":0,"publisher":{"@id":"https:\/\/www.sonoraenequipo.com.mx\/#organization"},"image":{"@id":"https:\/\/www.sonoraenequipo.com.mx\/nadador-sonorense-daniel-ramirez-listo-para-afrontar-el-reto-de-2023\/#primaryimage"},"thumbnailUrl":"https:\/\/www.sonoraenequipo.com.mx\/storage\/2022\/12\/daniel-ramirez.jpg","keywords":["daniel ramirez","jcc","jpp"],"articleSection":["Deportes"],"inLanguage":"es","potentialAction":[{"@type":"CommentAction","name":"Comment","target":["https:\/\/www.sonoraenequipo.com.mx\/nadador-sonorense-daniel-ramirez-listo-para-afrontar-el-reto-de-2023\/#respond"]}]},{"@type":"WebPage","@id":"https:\/\/www.sonoraenequipo.com.mx\/nadador-sonorense-daniel-ramirez-listo-para-afrontar-el-reto-de-2023\/","url":"https:\/\/www.sonoraenequipo.com.mx\/nadador-sonorense-daniel-ramirez-listo-para-afrontar-el-reto-de-2023\/","name":"Sonora en Equipo. Nadador sonorense, Daniel Ram\u00edrez, listo para afrontar el reto de 2023 Deportes","isPartOf":{"@id":"https:\/\/www.sonoraenequipo.com.mx\/#website"},"primaryImageOfPage":{"@id":"https:\/\/www.sonoraenequipo.com.mx\/nadador-sonorense-daniel-ramirez-listo-para-afrontar-el-reto-de-2023\/#primaryimage"},"image":{"@id":"https:\/\/www.sonoraenequipo.com.mx\/nadador-sonorense-daniel-ramirez-listo-para-afrontar-el-reto-de-2023\/#primaryimage"},"thumbnailUrl":"https:\/\/www.sonoraenequipo.com.mx\/storage\/2022\/12\/daniel-ramirez.jpg","datePublished":"2022-12-30T19:19:03+00:00","description":"\u25baEl trit\u00f3n buscar\u00e1 los pasajes a los JCC de San Salvador, El Salvador, as\u00ed como a los JPP de Santiago de Chile &nbsp; HERMOSILLO, SONORA,MX.\u2500\u2500 El pr\u00f3ximo En Sonora en Equipo publicamos toda la informaci\u00f3n de Sonora, M\u00e9xico y el Mundo de manera oportuna y busca que la libertad de expresi\u00f3n sea real. Visita nuestro medio informativo publicado desde Hermosillo, Sonora. %","breadcrumb":{"@id":"https:\/\/www.sonoraenequipo.com.mx\/nadador-sonorense-daniel-ramirez-listo-para-afrontar-el-reto-de-2023\/#breadcrumb"},"inLanguage":"es","potentialAction":[{"@type":"ReadAction","target":["https:\/\/www.sonoraenequipo.com.mx\/nadador-sonorense-daniel-ramirez-listo-para-afrontar-el-reto-de-2023\/"]}]},{"@type":"ImageObject","inLanguage":"es","@id":"https:\/\/www.sonoraenequipo.com.mx\/nadador-sonorense-daniel-ramirez-listo-para-afrontar-el-reto-de-2023\/#primaryimage","url":"https:\/\/www.sonoraenequipo.com.mx\/storage\/2022\/12\/daniel-ramirez.jpg","contentUrl":"https:\/\/www.sonoraenequipo.com.mx\/storage\/2022\/12\/daniel-ramirez.jpg","width":600,"height":400},{"@type":"BreadcrumbList","@id":"https:\/\/www.sonoraenequipo.com.mx\/nadador-sonorense-daniel-ramirez-listo-para-afrontar-el-reto-de-2023\/#breadcrumb","itemListElement":[{"@type":"ListItem","position":1,"name":"Portada","item":"https:\/\/www.sonoraenequipo.com.mx\/"},{"@type":"ListItem","position":2,"name":"Nadador sonorense, Daniel Ram\u00edrez, listo para afrontar el reto de 2023"}]},{"@type":"WebSite","@id":"https:\/\/www.sonoraenequipo.com.mx\/#website","url":"https:\/\/www.sonoraenequipo.com.mx\/","name":"Sonora en Equipo.","description":"Diario en l\u00ednea con Noticias desde Hermosillo, Sonora","publisher":{"@id":"https:\/\/www.sonoraenequipo.com.mx\/#organization"},"potentialAction":[{"@type":"SearchAction","target":{"@type":"EntryPoint","urlTemplate":"https:\/\/www.sonoraenequipo.com.mx\/?s={search_term_string}"},"query-input":{"@type":"PropertyValueSpecification","valueRequired":true,"valueName":"search_term_string"}}],"inLanguage":"es"},{"@type":"Organization","@id":"https:\/\/www.sonoraenequipo.com.mx\/#organization","name":"Sonoraenequipo.com.mx","url":"https:\/\/www.sonoraenequipo.com.mx\/","logo":{"@type":"ImageObject","inLanguage":"es","@id":"https:\/\/www.sonoraenequipo.com.mx\/#\/schema\/logo\/image\/","url":"https:\/\/www.sonoraenequipo.com.mx\/storage\/2019\/01\/sonoraenequipo_opt.png","contentUrl":"https:\/\/www.sonoraenequipo.com.mx\/storage\/2019\/01\/sonoraenequipo_opt.png","width":375,"height":125,"caption":"Sonoraenequipo.com.mx"},"image":{"@id":"https:\/\/www.sonoraenequipo.com.mx\/#\/schema\/logo\/image\/"},"sameAs":["https:\/\/www.facebook.com\/SonoraEE\/","https:\/\/x.com\/sonoraenequipo","https:\/\/www.youtube.com\/channel\/UC338nW-lPEYmJQs4ZABQ1SQ"]},{"@type":"Person","@id":"https:\/\/www.sonoraenequipo.com.mx\/#\/schema\/person\/50102df0fb23a8fa9e8effad8fa81386","name":"enequipo","image":{"@type":"ImageObject","inLanguage":"es","@id":"https:\/\/www.sonoraenequipo.com.mx\/#\/schema\/person\/image\/","url":"https:\/\/secure.gravatar.com\/avatar\/049821681b589dabc0bc20695993ccebb09f5b5d4d790cd9251b97faac7c652b?s=96&d=blank&r=g","contentUrl":"https:\/\/secure.gravatar.com\/avatar\/049821681b589dabc0bc20695993ccebb09f5b5d4d790cd9251b97faac7c652b?s=96&d=blank&r=g","caption":"enequipo"},"sameAs":["https:\/\/www.facebook.com\/SonoraEE"]}]}},"jetpack_featured_media_url":"https:\/\/www.sonoraenequipo.com.mx\/storage\/2022\/12\/daniel-ramirez.jpg","_links":{"self":[{"href":"https:\/\/www.sonoraenequipo.com.mx\/api\/wp\/v2\/posts\/155543","targetHints":{"allow":["GET"]}}],"collection":[{"href":"https:\/\/www.sonoraenequipo.com.mx\/api\/wp\/v2\/posts"}],"about":[{"href":"https:\/\/www.sonoraenequipo.com.mx\/api\/wp\/v2\/types\/post"}],"author":[{"embeddable":true,"href":"https:\/\/www.sonoraenequipo.com.mx\/api\/wp\/v2\/users\/1"}],"replies":[{"embeddable":true,"href":"https:\/\/www.sonoraenequipo.com.mx\/api\/wp\/v2\/comments?post=155543"}],"version-history":[{"count":1,"href":"https:\/\/www.sonoraenequipo.com.mx\/api\/wp\/v2\/posts\/155543\/revisions"}],"predecessor-version":[{"id":155545,"href":"https:\/\/www.sonoraenequipo.com.mx\/api\/wp\/v2\/posts\/155543\/revisions\/155545"}],"wp:featuredmedia":[{"embeddable":true,"href":"https:\/\/www.sonoraenequipo.com.mx\/api\/wp\/v2\/media\/155544"}],"wp:attachment":[{"href":"https:\/\/www.sonoraenequipo.com.mx\/api\/wp\/v2\/media?parent=155543"}],"wp:term":[{"taxonomy":"category","embeddable":true,"href":"https:\/\/www.sonoraenequipo.com.mx\/api\/wp\/v2\/categories?post=155543"},{"taxonomy":"post_tag","embeddable":true,"href":"https:\/\/www.sonoraenequipo.com.mx\/api\/wp\/v2\/tags?post=155543"}],"curies":[{"name":"wp","href":"https:\/\/api.w.org\/{rel}","templated":true}]}}