{"id":155546,"date":"2022-12-30T13:25:00","date_gmt":"2022-12-30T20:25:00","guid":{"rendered":"https:\/\/www.sonoraenequipo.com.mx\/?p=155546"},"modified":"2022-12-30T18:38:19","modified_gmt":"2022-12-31T01:38:19","slug":"regularizacion-vehicular-da-certeza-al-patrimonio-de-las-familias-y-ayuda-en-el-mejoramiento-de-sus-ciudades-alfonso-durazo","status":"publish","type":"post","link":"https:\/\/www.sonoraenequipo.com.mx\/regularizacion-vehicular-da-certeza-al-patrimonio-de-las-familias-y-ayuda-en-el-mejoramiento-de-sus-ciudades-alfonso-durazo\/","title":{"rendered":"Regularizaci\u00f3n vehicular da certeza al patrimonio de las familias y ayuda en el mejoramiento de sus ciudades: Alfonso Durazo"},"content":{"rendered":"<p>\u25baEl gobernador llam\u00f3 a los sonorenses a aprovechar la ampliaci\u00f3n del decreto presidencial que permite la legalizaci\u00f3n de autom\u00f3viles de procedencia extranjera.<\/p>\n<p>&nbsp;<\/p>\n<p>&nbsp;<\/p>\n<p>&nbsp;<\/p>\n<p><strong>HERMOSILLO, SONORA,MX.<\/strong><strong>\u2500\u2500<\/strong> La extensi\u00f3n del decreto para la regularizaci\u00f3n de veh\u00edculos de procedencia extranjera en Sonora fortalece la seguridad del estado y beneficiar\u00e1 la infraestructura vial de varias ciudades, por lo que el gobernador Alfonso Durazo Monta\u00f1o invit\u00f3 a las y los sonorenses a aprovechar esta oportunidad de dar seguridad a su patrimonio y contribuir con el mejoramiento de sus comunidades.<\/p>\n<p>&nbsp;<\/p>\n<p>&nbsp;<\/p>\n<p>&nbsp;<\/p>\n<p>Seg\u00fan informaci\u00f3n de la Secretar\u00eda de Seguridad y Protecci\u00f3n Ciudadana (SSPC), a nueve meses de que entrara en vigor este decreto, en Sonora se han regularizado 128 mil 43 veh\u00edculos, lo que ha generado recursos por un monto de 320 millones 107 mil 500 pesos, de los cuales ya se han recibido, por parte de la federaci\u00f3n, 133 millones 600 mil pesos, mismos que se han destinado a los municipios correspondientes.<\/p>\n<p>&nbsp;<\/p>\n<p>&nbsp;<\/p>\n<p>&nbsp;<\/p>\n<p>Estos n\u00fameros colocan al estado de Sonora como el cuarto lugar a nivel nacional en materia de regularizaci\u00f3n vehicular, solo por debajo de Baja California, Chihuahua y Tamaulipas, entidades que concentran el 53.2 por ciento del total nacional.<\/p>\n<p>&nbsp;<\/p>\n<p>&nbsp;<\/p>\n<p>&nbsp;<\/p>\n<p>Durazo Monta\u00f1o puntualiz\u00f3 que este esfuerzo del Gobierno de M\u00e9xico, en conjunto con los estados de la Rep\u00fablica, es una oportunidad de brindar certeza a las familias que diariamente luchan por hacerse de un patrimonio.<\/p>\n<p>&nbsp;<\/p>\n<p>&nbsp;<\/p>\n<p>&nbsp;<\/p>\n<p>\u201cCelebro el anuncio del gobierno del presidente Andr\u00e9s Manuel L\u00f3pez Obrador que extender\u00e1 el decreto para regularizar veh\u00edculos de procedencia extranjera, desde el 1 de enero al 31 de marzo de 2023. Al regularizar, los propietarios tendr\u00e1n seguridad jur\u00eddica sobre su autom\u00f3vil y los recursos recaudados ser\u00e1n destinados a obras de pavimentaci\u00f3n en municipios. Invito a las y los ciudadanos a acercarse a alguno de los siete m\u00f3dulos Repuve en el estado y a solicitar su cita en www.regularizaauto.sspc.gob.mx\u201d, expuso el mandatario a trav\u00e9s de sus redes sociales.<\/p>\n<p><strong><em><u>Fecha de publicaci\u00f3n\u00a0\u00a0 viernes 30\u00a0 de diciembre de 2022 con informaci\u00f3n de boletines<\/u><\/em><\/strong><\/p>\n<p>&nbsp;<\/p>\n","protected":false},"excerpt":{"rendered":"<p>\u25baEl gobernador llam\u00f3 a los sonorenses a aprovechar la ampliaci\u00f3n del decreto presidencial que permite&#8230;<\/p>\n","protected":false},"author":1,"featured_media":155547,"comment_status":"open","ping_status":"open","sticky":false,"template":"","format":"standard","meta":{"_monsterinsights_skip_tracking":false,"_monsterinsights_sitenote_active":false,"_monsterinsights_sitenote_note":"","_monsterinsights_sitenote_category":0,"footnotes":""},"categories":[22],"tags":[7531],"class_list":["post"],"yoast_head":" \n<title>Sonora en Equipo. Regularizaci\u00f3n vehicular da certeza al patrimonio de las familias y ayuda en el mejoramiento de sus ciudades: Alfonso Durazo Sonora<\/title>\n<meta name=\"description\" content=\"\u25baEl gobernador llam\u00f3 a los sonorenses a aprovechar la ampliaci\u00f3n del decreto presidencial que permite la legalizaci\u00f3n de autom\u00f3viles de procedencia En Sonora en Equipo publicamos toda la informaci\u00f3n de Sonora, M\u00e9xico y el Mundo de manera oportuna y busca que la libertad de expresi\u00f3n sea real. Visita nuestro medio informativo publicado desde Hermosillo, Sonora. %\" \/>\n<meta name=\"robots\" content=\"index, follow, max-snippet:-1, max-image-preview:large, max-video-preview:-1\" \/>\n<link rel=\"canonical\" href=\"https:\/\/www.sonoraenequipo.com.mx\/regularizacion-vehicular-da-certeza-al-patrimonio-de-las-familias-y-ayuda-en-el-mejoramiento-de-sus-ciudades-alfonso-durazo\/\" \/>\n<meta property=\"og:locale\" content=\"es_ES\" \/>\n<meta property=\"og:type\" content=\"article\" \/>\n<meta property=\"og:title\" content=\"Sonora en Equipo. Regularizaci\u00f3n vehicular da certeza al patrimonio de las familias y ayuda en el mejoramiento de sus ciudades: Alfonso Durazo Sonora\" \/>\n<meta property=\"og:description\" content=\"\u25baEl gobernador llam\u00f3 a los sonorenses a aprovechar la ampliaci\u00f3n del decreto presidencial que permite la legalizaci\u00f3n de autom\u00f3viles de procedencia En Sonora en Equipo publicamos toda la informaci\u00f3n de Sonora, M\u00e9xico y el Mundo de manera oportuna y busca que la libertad de expresi\u00f3n sea real. Visita nuestro medio informativo publicado desde Hermosillo, Sonora. %\" \/>\n<meta property=\"og:url\" content=\"https:\/\/www.sonoraenequipo.com.mx\/regularizacion-vehicular-da-certeza-al-patrimonio-de-las-familias-y-ayuda-en-el-mejoramiento-de-sus-ciudades-alfonso-durazo\/\" \/>\n<meta property=\"og:site_name\" content=\"Sonora en Equipo.\" \/>\n<meta property=\"article:publisher\" content=\"https:\/\/www.facebook.com\/SonoraEE\/\" \/>\n<meta property=\"article:author\" content=\"https:\/\/www.facebook.com\/SonoraEE\" \/>\n<meta property=\"article:published_time\" content=\"2022-12-30T20:25:00+00:00\" \/>\n<meta property=\"article:modified_time\" content=\"2022-12-31T01:38:19+00:00\" \/>\n<meta property=\"og:image\" content=\"https:\/\/www.sonoraenequipo.com.mx\/storage\/2022\/12\/adm-1.jpg\" \/>\n\t<meta property=\"og:image:width\" content=\"600\" \/>\n\t<meta property=\"og:image:height\" content=\"400\" \/>\n\t<meta property=\"og:image:type\" content=\"image\/jpeg\" \/>\n<meta name=\"author\" content=\"enequipo\" \/>\n<meta name=\"twitter:card\" content=\"summary_large_image\" \/>\n<meta name=\"twitter:creator\" content=\"@sonoraenequipo\" \/>\n<meta name=\"twitter:site\" content=\"@sonoraenequipo\" \/>\n<meta name=\"twitter:label1\" content=\"Escrito por\" \/>\n\t<meta name=\"twitter:data1\" content=\"enequipo\" \/>\n\t<meta name=\"twitter:label2\" content=\"Tiempo de lectura\" \/>\n\t<meta name=\"twitter:data2\" content=\"2 minutos\" \/>\n<script type=\"application\/ld+json\" class=\"yoast-schema-graph\">{\"@context\":\"https:\/\/schema.org\",\"@graph\":[{\"@type\":\"Article\",\"@id\":\"https:\/\/www.sonoraenequipo.com.mx\/regularizacion-vehicular-da-certeza-al-patrimonio-de-las-familias-y-ayuda-en-el-mejoramiento-de-sus-ciudades-alfonso-durazo\/#article\",\"isPartOf\":{\"@id\":\"https:\/\/www.sonoraenequipo.com.mx\/regularizacion-vehicular-da-certeza-al-patrimonio-de-las-familias-y-ayuda-en-el-mejoramiento-de-sus-ciudades-alfonso-durazo\/\"},\"author\":{\"name\":\"enequipo\",\"@id\":\"https:\/\/www.sonoraenequipo.com.mx\/#\/schema\/person\/50102df0fb23a8fa9e8effad8fa81386\"},\"headline\":\"Regularizaci\u00f3n vehicular da certeza al patrimonio de las familias y ayuda en el mejoramiento de sus ciudades: Alfonso Durazo\",\"datePublished\":\"2022-12-30T20:25:00+00:00\",\"dateModified\":\"2022-12-31T01:38:19+00:00\",\"mainEntityOfPage\":{\"@id\":\"https:\/\/www.sonoraenequipo.com.mx\/regularizacion-vehicular-da-certeza-al-patrimonio-de-las-familias-y-ayuda-en-el-mejoramiento-de-sus-ciudades-alfonso-durazo\/\"},\"wordCount\":386,\"commentCount\":0,\"publisher\":{\"@id\":\"https:\/\/www.sonoraenequipo.com.mx\/#organization\"},\"image\":{\"@id\":\"https:\/\/www.sonoraenequipo.com.mx\/regularizacion-vehicular-da-certeza-al-patrimonio-de-las-familias-y-ayuda-en-el-mejoramiento-de-sus-ciudades-alfonso-durazo\/#primaryimage\"},\"thumbnailUrl\":\"https:\/\/www.sonoraenequipo.com.mx\/storage\/2022\/12\/adm-1.jpg\",\"keywords\":[\"autos chuecos regularizacion\"],\"articleSection\":[\"Sonora\"],\"inLanguage\":\"es\",\"potentialAction\":[{\"@type\":\"CommentAction\",\"name\":\"Comment\",\"target\":[\"https:\/\/www.sonoraenequipo.com.mx\/regularizacion-vehicular-da-certeza-al-patrimonio-de-las-familias-y-ayuda-en-el-mejoramiento-de-sus-ciudades-alfonso-durazo\/#respond\"]}]},{\"@type\":\"WebPage\",\"@id\":\"https:\/\/www.sonoraenequipo.com.mx\/regularizacion-vehicular-da-certeza-al-patrimonio-de-las-familias-y-ayuda-en-el-mejoramiento-de-sus-ciudades-alfonso-durazo\/\",\"url\":\"https:\/\/www.sonoraenequipo.com.mx\/regularizacion-vehicular-da-certeza-al-patrimonio-de-las-familias-y-ayuda-en-el-mejoramiento-de-sus-ciudades-alfonso-durazo\/\",\"name\":\"Sonora en Equipo. Regularizaci\u00f3n vehicular da certeza al patrimonio de las familias y ayuda en el mejoramiento de sus ciudades: Alfonso Durazo Sonora\",\"isPartOf\":{\"@id\":\"https:\/\/www.sonoraenequipo.com.mx\/#website\"},\"primaryImageOfPage\":{\"@id\":\"https:\/\/www.sonoraenequipo.com.mx\/regularizacion-vehicular-da-certeza-al-patrimonio-de-las-familias-y-ayuda-en-el-mejoramiento-de-sus-ciudades-alfonso-durazo\/#primaryimage\"},\"image\":{\"@id\":\"https:\/\/www.sonoraenequipo.com.mx\/regularizacion-vehicular-da-certeza-al-patrimonio-de-las-familias-y-ayuda-en-el-mejoramiento-de-sus-ciudades-alfonso-durazo\/#primaryimage\"},\"thumbnailUrl\":\"https:\/\/www.sonoraenequipo.com.mx\/storage\/2022\/12\/adm-1.jpg\",\"datePublished\":\"2022-12-30T20:25:00+00:00\",\"dateModified\":\"2022-12-31T01:38:19+00:00\",\"description\":\"\u25baEl gobernador llam\u00f3 a los sonorenses a aprovechar la ampliaci\u00f3n del decreto presidencial que permite la legalizaci\u00f3n de autom\u00f3viles de procedencia En Sonora en Equipo publicamos toda la informaci\u00f3n de Sonora, M\u00e9xico y el Mundo de manera oportuna y busca que la libertad de expresi\u00f3n sea real. Visita nuestro medio informativo publicado desde Hermosillo, Sonora. %\",\"breadcrumb\":{\"@id\":\"https:\/\/www.sonoraenequipo.com.mx\/regularizacion-vehicular-da-certeza-al-patrimonio-de-las-familias-y-ayuda-en-el-mejoramiento-de-sus-ciudades-alfonso-durazo\/#breadcrumb\"},\"inLanguage\":\"es\",\"potentialAction\":[{\"@type\":\"ReadAction\",\"target\":[\"https:\/\/www.sonoraenequipo.com.mx\/regularizacion-vehicular-da-certeza-al-patrimonio-de-las-familias-y-ayuda-en-el-mejoramiento-de-sus-ciudades-alfonso-durazo\/\"]}]},{\"@type\":\"ImageObject\",\"inLanguage\":\"es\",\"@id\":\"https:\/\/www.sonoraenequipo.com.mx\/regularizacion-vehicular-da-certeza-al-patrimonio-de-las-familias-y-ayuda-en-el-mejoramiento-de-sus-ciudades-alfonso-durazo\/#primaryimage\",\"url\":\"https:\/\/www.sonoraenequipo.com.mx\/storage\/2022\/12\/adm-1.jpg\",\"contentUrl\":\"https:\/\/www.sonoraenequipo.com.mx\/storage\/2022\/12\/adm-1.jpg\",\"width\":600,\"height\":400},{\"@type\":\"BreadcrumbList\",\"@id\":\"https:\/\/www.sonoraenequipo.com.mx\/regularizacion-vehicular-da-certeza-al-patrimonio-de-las-familias-y-ayuda-en-el-mejoramiento-de-sus-ciudades-alfonso-durazo\/#breadcrumb\",\"itemListElement\":[{\"@type\":\"ListItem\",\"position\":1,\"name\":\"Portada\",\"item\":\"https:\/\/www.sonoraenequipo.com.mx\/\"},{\"@type\":\"ListItem\",\"position\":2,\"name\":\"Regularizaci\u00f3n vehicular da certeza al patrimonio de las familias y ayuda en el mejoramiento de sus ciudades: Alfonso Durazo\"}]},{\"@type\":\"WebSite\",\"@id\":\"https:\/\/www.sonoraenequipo.com.mx\/#website\",\"url\":\"https:\/\/www.sonoraenequipo.com.mx\/\",\"name\":\"Sonora en Equipo.\",\"description\":\"Diario en l\u00ednea con Noticias desde Hermosillo, Sonora\",\"publisher\":{\"@id\":\"https:\/\/www.sonoraenequipo.com.mx\/#organization\"},\"potentialAction\":[{\"@type\":\"SearchAction\",\"target\":{\"@type\":\"EntryPoint\",\"urlTemplate\":\"https:\/\/www.sonoraenequipo.com.mx\/?s={search_term_string}\"},\"query-input\":{\"@type\":\"PropertyValueSpecification\",\"valueRequired\":true,\"valueName\":\"search_term_string\"}}],\"inLanguage\":\"es\"},{\"@type\":\"Organization\",\"@id\":\"https:\/\/www.sonoraenequipo.com.mx\/#organization\",\"name\":\"Sonoraenequipo.com.mx\",\"url\":\"https:\/\/www.sonoraenequipo.com.mx\/\",\"logo\":{\"@type\":\"ImageObject\",\"inLanguage\":\"es\",\"@id\":\"https:\/\/www.sonoraenequipo.com.mx\/#\/schema\/logo\/image\/\",\"url\":\"https:\/\/www.sonoraenequipo.com.mx\/storage\/2019\/01\/sonoraenequipo_opt.png\",\"contentUrl\":\"https:\/\/www.sonoraenequipo.com.mx\/storage\/2019\/01\/sonoraenequipo_opt.png\",\"width\":375,\"height\":125,\"caption\":\"Sonoraenequipo.com.mx\"},\"image\":{\"@id\":\"https:\/\/www.sonoraenequipo.com.mx\/#\/schema\/logo\/image\/\"},\"sameAs\":[\"https:\/\/www.facebook.com\/SonoraEE\/\",\"https:\/\/x.com\/sonoraenequipo\",\"https:\/\/www.youtube.com\/channel\/UC338nW-lPEYmJQs4ZABQ1SQ\"]},{\"@type\":\"Person\",\"@id\":\"https:\/\/www.sonoraenequipo.com.mx\/#\/schema\/person\/50102df0fb23a8fa9e8effad8fa81386\",\"name\":\"enequipo\",\"image\":{\"@type\":\"ImageObject\",\"inLanguage\":\"es\",\"@id\":\"https:\/\/www.sonoraenequipo.com.mx\/#\/schema\/person\/image\/\",\"url\":\"https:\/\/secure.gravatar.com\/avatar\/049821681b589dabc0bc20695993ccebb09f5b5d4d790cd9251b97faac7c652b?s=96&d=blank&r=g\",\"contentUrl\":\"https:\/\/secure.gravatar.com\/avatar\/049821681b589dabc0bc20695993ccebb09f5b5d4d790cd9251b97faac7c652b?s=96&d=blank&r=g\",\"caption\":\"enequipo\"},\"sameAs\":[\"https:\/\/www.facebook.com\/SonoraEE\"]}]}<\/script>\n ","yoast_head_json":{"title":"Sonora en Equipo. Regularizaci\u00f3n vehicular da certeza al patrimonio de las familias y ayuda en el mejoramiento de sus ciudades: Alfonso Durazo Sonora","description":"\u25baEl gobernador llam\u00f3 a los sonorenses a aprovechar la ampliaci\u00f3n del decreto presidencial que permite la legalizaci\u00f3n de autom\u00f3viles de procedencia En Sonora en Equipo publicamos toda la informaci\u00f3n de Sonora, M\u00e9xico y el Mundo de manera oportuna y busca que la libertad de expresi\u00f3n sea real. Visita nuestro medio informativo publicado desde Hermosillo, Sonora. %","robots":{"index":"index","follow":"follow","max-snippet":"max-snippet:-1","max-image-preview":"max-image-preview:large","max-video-preview":"max-video-preview:-1"},"canonical":"https:\/\/www.sonoraenequipo.com.mx\/regularizacion-vehicular-da-certeza-al-patrimonio-de-las-familias-y-ayuda-en-el-mejoramiento-de-sus-ciudades-alfonso-durazo\/","og_locale":"es_ES","og_type":"article","og_title":"Sonora en Equipo. Regularizaci\u00f3n vehicular da certeza al patrimonio de las familias y ayuda en el mejoramiento de sus ciudades: Alfonso Durazo Sonora","og_description":"\u25baEl gobernador llam\u00f3 a los sonorenses a aprovechar la ampliaci\u00f3n del decreto presidencial que permite la legalizaci\u00f3n de autom\u00f3viles de procedencia En Sonora en Equipo publicamos toda la informaci\u00f3n de Sonora, M\u00e9xico y el Mundo de manera oportuna y busca que la libertad de expresi\u00f3n sea real. Visita nuestro medio informativo publicado desde Hermosillo, Sonora. %","og_url":"https:\/\/www.sonoraenequipo.com.mx\/regularizacion-vehicular-da-certeza-al-patrimonio-de-las-familias-y-ayuda-en-el-mejoramiento-de-sus-ciudades-alfonso-durazo\/","og_site_name":"Sonora en Equipo.","article_publisher":"https:\/\/www.facebook.com\/SonoraEE\/","article_author":"https:\/\/www.facebook.com\/SonoraEE","article_published_time":"2022-12-30T20:25:00+00:00","article_modified_time":"2022-12-31T01:38:19+00:00","og_image":[{"width":600,"height":400,"url":"https:\/\/www.sonoraenequipo.com.mx\/storage\/2022\/12\/adm-1.jpg","type":"image\/jpeg"}],"author":"enequipo","twitter_card":"summary_large_image","twitter_creator":"@sonoraenequipo","twitter_site":"@sonoraenequipo","twitter_misc":{"Escrito por":"enequipo","Tiempo de lectura":"2 minutos"},"schema":{"@context":"https:\/\/schema.org","@graph":[{"@type":"Article","@id":"https:\/\/www.sonoraenequipo.com.mx\/regularizacion-vehicular-da-certeza-al-patrimonio-de-las-familias-y-ayuda-en-el-mejoramiento-de-sus-ciudades-alfonso-durazo\/#article","isPartOf":{"@id":"https:\/\/www.sonoraenequipo.com.mx\/regularizacion-vehicular-da-certeza-al-patrimonio-de-las-familias-y-ayuda-en-el-mejoramiento-de-sus-ciudades-alfonso-durazo\/"},"author":{"name":"enequipo","@id":"https:\/\/www.sonoraenequipo.com.mx\/#\/schema\/person\/50102df0fb23a8fa9e8effad8fa81386"},"headline":"Regularizaci\u00f3n vehicular da certeza al patrimonio de las familias y ayuda en el mejoramiento de sus ciudades: Alfonso Durazo","datePublished":"2022-12-30T20:25:00+00:00","dateModified":"2022-12-31T01:38:19+00:00","mainEntityOfPage":{"@id":"https:\/\/www.sonoraenequipo.com.mx\/regularizacion-vehicular-da-certeza-al-patrimonio-de-las-familias-y-ayuda-en-el-mejoramiento-de-sus-ciudades-alfonso-durazo\/"},"wordCount":386,"commentCount":0,"publisher":{"@id":"https:\/\/www.sonoraenequipo.com.mx\/#organization"},"image":{"@id":"https:\/\/www.sonoraenequipo.com.mx\/regularizacion-vehicular-da-certeza-al-patrimonio-de-las-familias-y-ayuda-en-el-mejoramiento-de-sus-ciudades-alfonso-durazo\/#primaryimage"},"thumbnailUrl":"https:\/\/www.sonoraenequipo.com.mx\/storage\/2022\/12\/adm-1.jpg","keywords":["autos chuecos regularizacion"],"articleSection":["Sonora"],"inLanguage":"es","potentialAction":[{"@type":"CommentAction","name":"Comment","target":["https:\/\/www.sonoraenequipo.com.mx\/regularizacion-vehicular-da-certeza-al-patrimonio-de-las-familias-y-ayuda-en-el-mejoramiento-de-sus-ciudades-alfonso-durazo\/#respond"]}]},{"@type":"WebPage","@id":"https:\/\/www.sonoraenequipo.com.mx\/regularizacion-vehicular-da-certeza-al-patrimonio-de-las-familias-y-ayuda-en-el-mejoramiento-de-sus-ciudades-alfonso-durazo\/","url":"https:\/\/www.sonoraenequipo.com.mx\/regularizacion-vehicular-da-certeza-al-patrimonio-de-las-familias-y-ayuda-en-el-mejoramiento-de-sus-ciudades-alfonso-durazo\/","name":"Sonora en Equipo. Regularizaci\u00f3n vehicular da certeza al patrimonio de las familias y ayuda en el mejoramiento de sus ciudades: Alfonso Durazo Sonora","isPartOf":{"@id":"https:\/\/www.sonoraenequipo.com.mx\/#website"},"primaryImageOfPage":{"@id":"https:\/\/www.sonoraenequipo.com.mx\/regularizacion-vehicular-da-certeza-al-patrimonio-de-las-familias-y-ayuda-en-el-mejoramiento-de-sus-ciudades-alfonso-durazo\/#primaryimage"},"image":{"@id":"https:\/\/www.sonoraenequipo.com.mx\/regularizacion-vehicular-da-certeza-al-patrimonio-de-las-familias-y-ayuda-en-el-mejoramiento-de-sus-ciudades-alfonso-durazo\/#primaryimage"},"thumbnailUrl":"https:\/\/www.sonoraenequipo.com.mx\/storage\/2022\/12\/adm-1.jpg","datePublished":"2022-12-30T20:25:00+00:00","dateModified":"2022-12-31T01:38:19+00:00","description":"\u25baEl gobernador llam\u00f3 a los sonorenses a aprovechar la ampliaci\u00f3n del decreto presidencial que permite la legalizaci\u00f3n de autom\u00f3viles de procedencia En Sonora en Equipo publicamos toda la informaci\u00f3n de Sonora, M\u00e9xico y el Mundo de manera oportuna y busca que la libertad de expresi\u00f3n sea real. Visita nuestro medio informativo publicado desde Hermosillo, Sonora. %","breadcrumb":{"@id":"https:\/\/www.sonoraenequipo.com.mx\/regularizacion-vehicular-da-certeza-al-patrimonio-de-las-familias-y-ayuda-en-el-mejoramiento-de-sus-ciudades-alfonso-durazo\/#breadcrumb"},"inLanguage":"es","potentialAction":[{"@type":"ReadAction","target":["https:\/\/www.sonoraenequipo.com.mx\/regularizacion-vehicular-da-certeza-al-patrimonio-de-las-familias-y-ayuda-en-el-mejoramiento-de-sus-ciudades-alfonso-durazo\/"]}]},{"@type":"ImageObject","inLanguage":"es","@id":"https:\/\/www.sonoraenequipo.com.mx\/regularizacion-vehicular-da-certeza-al-patrimonio-de-las-familias-y-ayuda-en-el-mejoramiento-de-sus-ciudades-alfonso-durazo\/#primaryimage","url":"https:\/\/www.sonoraenequipo.com.mx\/storage\/2022\/12\/adm-1.jpg","contentUrl":"https:\/\/www.sonoraenequipo.com.mx\/storage\/2022\/12\/adm-1.jpg","width":600,"height":400},{"@type":"BreadcrumbList","@id":"https:\/\/www.sonoraenequipo.com.mx\/regularizacion-vehicular-da-certeza-al-patrimonio-de-las-familias-y-ayuda-en-el-mejoramiento-de-sus-ciudades-alfonso-durazo\/#breadcrumb","itemListElement":[{"@type":"ListItem","position":1,"name":"Portada","item":"https:\/\/www.sonoraenequipo.com.mx\/"},{"@type":"ListItem","position":2,"name":"Regularizaci\u00f3n vehicular da certeza al patrimonio de las familias y ayuda en el mejoramiento de sus ciudades: Alfonso Durazo"}]},{"@type":"WebSite","@id":"https:\/\/www.sonoraenequipo.com.mx\/#website","url":"https:\/\/www.sonoraenequipo.com.mx\/","name":"Sonora en Equipo.","description":"Diario en l\u00ednea con Noticias desde Hermosillo, Sonora","publisher":{"@id":"https:\/\/www.sonoraenequipo.com.mx\/#organization"},"potentialAction":[{"@type":"SearchAction","target":{"@type":"EntryPoint","urlTemplate":"https:\/\/www.sonoraenequipo.com.mx\/?s={search_term_string}"},"query-input":{"@type":"PropertyValueSpecification","valueRequired":true,"valueName":"search_term_string"}}],"inLanguage":"es"},{"@type":"Organization","@id":"https:\/\/www.sonoraenequipo.com.mx\/#organization","name":"Sonoraenequipo.com.mx","url":"https:\/\/www.sonoraenequipo.com.mx\/","logo":{"@type":"ImageObject","inLanguage":"es","@id":"https:\/\/www.sonoraenequipo.com.mx\/#\/schema\/logo\/image\/","url":"https:\/\/www.sonoraenequipo.com.mx\/storage\/2019\/01\/sonoraenequipo_opt.png","contentUrl":"https:\/\/www.sonoraenequipo.com.mx\/storage\/2019\/01\/sonoraenequipo_opt.png","width":375,"height":125,"caption":"Sonoraenequipo.com.mx"},"image":{"@id":"https:\/\/www.sonoraenequipo.com.mx\/#\/schema\/logo\/image\/"},"sameAs":["https:\/\/www.facebook.com\/SonoraEE\/","https:\/\/x.com\/sonoraenequipo","https:\/\/www.youtube.com\/channel\/UC338nW-lPEYmJQs4ZABQ1SQ"]},{"@type":"Person","@id":"https:\/\/www.sonoraenequipo.com.mx\/#\/schema\/person\/50102df0fb23a8fa9e8effad8fa81386","name":"enequipo","image":{"@type":"ImageObject","inLanguage":"es","@id":"https:\/\/www.sonoraenequipo.com.mx\/#\/schema\/person\/image\/","url":"https:\/\/secure.gravatar.com\/avatar\/049821681b589dabc0bc20695993ccebb09f5b5d4d790cd9251b97faac7c652b?s=96&d=blank&r=g","contentUrl":"https:\/\/secure.gravatar.com\/avatar\/049821681b589dabc0bc20695993ccebb09f5b5d4d790cd9251b97faac7c652b?s=96&d=blank&r=g","caption":"enequipo"},"sameAs":["https:\/\/www.facebook.com\/SonoraEE"]}]}},"jetpack_featured_media_url":"https:\/\/www.sonoraenequipo.com.mx\/storage\/2022\/12\/adm-1.jpg","_links":{"self":[{"href":"https:\/\/www.sonoraenequipo.com.mx\/api\/wp\/v2\/posts\/155546","targetHints":{"allow":["GET"]}}],"collection":[{"href":"https:\/\/www.sonoraenequipo.com.mx\/api\/wp\/v2\/posts"}],"about":[{"href":"https:\/\/www.sonoraenequipo.com.mx\/api\/wp\/v2\/types\/post"}],"author":[{"embeddable":true,"href":"https:\/\/www.sonoraenequipo.com.mx\/api\/wp\/v2\/users\/1"}],"replies":[{"embeddable":true,"href":"https:\/\/www.sonoraenequipo.com.mx\/api\/wp\/v2\/comments?post=155546"}],"version-history":[{"count":1,"href":"https:\/\/www.sonoraenequipo.com.mx\/api\/wp\/v2\/posts\/155546\/revisions"}],"predecessor-version":[{"id":155548,"href":"https:\/\/www.sonoraenequipo.com.mx\/api\/wp\/v2\/posts\/155546\/revisions\/155548"}],"wp:featuredmedia":[{"embeddable":true,"href":"https:\/\/www.sonoraenequipo.com.mx\/api\/wp\/v2\/media\/155547"}],"wp:attachment":[{"href":"https:\/\/www.sonoraenequipo.com.mx\/api\/wp\/v2\/media?parent=155546"}],"wp:term":[{"taxonomy":"category","embeddable":true,"href":"https:\/\/www.sonoraenequipo.com.mx\/api\/wp\/v2\/categories?post=155546"},{"taxonomy":"post_tag","embeddable":true,"href":"https:\/\/www.sonoraenequipo.com.mx\/api\/wp\/v2\/tags?post=155546"}],"curies":[{"name":"wp","href":"https:\/\/api.w.org\/{rel}","templated":true}]}}