{"id":155549,"date":"2022-12-30T14:39:31","date_gmt":"2022-12-30T21:39:31","guid":{"rendered":"https:\/\/www.sonoraenequipo.com.mx\/?p=155549"},"modified":"2022-12-30T18:38:50","modified_gmt":"2022-12-31T01:38:50","slug":"previene-proteccion-civil-sonora-ante-aumento-vehicular-en-carreteras","status":"publish","type":"post","link":"https:\/\/www.sonoraenequipo.com.mx\/previene-proteccion-civil-sonora-ante-aumento-vehicular-en-carreteras\/","title":{"rendered":"Previene Protecci\u00f3n Civil Sonora ante aumento vehicular en carreteras"},"content":{"rendered":"<p>\u25baEmite recomendaciones para salvaguardar la integridad de viajeros en su retorno de las fiestas decembrinas<\/p>\n<p>\u25baArrancar\u00e1 segunda etapa de Operativo Invernal con entrega de chamarras, cobijas y colchonetas a municipios m\u00e1s vulnerables<\/p>\n<p>&nbsp;<\/p>\n<p>&nbsp;<\/p>\n<p>&nbsp;<\/p>\n<p><strong>HERMOSILLO, SONORA,MX.<\/strong><strong>\u2500\u2500<\/strong> Ante el inminente aumento del flujo vehicular en los pr\u00f3ximos d\u00edas en las carreteras de Sonora, el coordinador estatal de Protecci\u00f3n Civil, Juan Gonz\u00e1lez Alvarado, emiti\u00f3 una serie de recomendaciones para salvaguardar la integridad de los viajeros que retornan a sus lugares de origen.<\/p>\n<p>&nbsp;<\/p>\n<p>&nbsp;<\/p>\n<p>&nbsp;<\/p>\n<p>Entre los consejos que emiti\u00f3 antes de salir a carretera se encuentran el de informarse sobre las condiciones meteorol\u00f3gicas previo a salir de viaje; trazar una ruta de recorrido y tener en cuenta v\u00edas alternativas en caso de ser necesarias; asegurarse de que el autom\u00f3vil que se utilizar\u00e1 para viajar se encuentre en \u00f3ptimas condiciones; y tomar turnos para conducir en caso de recorrer distancias largas, adem\u00e1s de no manejar cansado.<\/p>\n<p>&nbsp;<\/p>\n<p>&nbsp;<\/p>\n<p>&nbsp;<\/p>\n<p>Tambi\u00e9n es importante utilizar siempre el cintur\u00f3n de seguridad y respetar los l\u00edmites de velocidad, no conducir en estado de ebriedad o bajo el efecto de alguna sustancia, tomar medidas preventivas antes como llevar un kit de emergencia (agua, refacciones, etc.), adem\u00e1s de un kit de primeros auxilios y, en caso de emergencia, llamar al 911.<\/p>\n","protected":false},"excerpt":{"rendered":"<p>\u25baEmite recomendaciones para salvaguardar la integridad de viajeros en su retorno de las fiestas decembrinas&#8230;<\/p>\n","protected":false},"author":1,"featured_media":155550,"comment_status":"open","ping_status":"open","sticky":false,"template":"","format":"standard","meta":{"_monsterinsights_skip_tracking":false,"_monsterinsights_sitenote_active":false,"_monsterinsights_sitenote_note":"","_monsterinsights_sitenote_category":0,"footnotes":""},"categories":[22],"tags":[],"class_list":["post"],"yoast_head":" \n<title>Sonora en Equipo. Previene Protecci\u00f3n Civil Sonora ante aumento vehicular en carreteras Sonora<\/title>\n<meta name=\"description\" content=\"\u25baEmite recomendaciones para salvaguardar la integridad de viajeros en su retorno de las fiestas decembrinas \u25baArrancar\u00e1 segunda etapa de Operativo Invernal En Sonora en Equipo publicamos toda la informaci\u00f3n de Sonora, M\u00e9xico y el Mundo de manera oportuna y busca que la libertad de expresi\u00f3n sea real. Visita nuestro medio informativo publicado desde Hermosillo, Sonora. %\" \/>\n<meta name=\"robots\" content=\"index, follow, max-snippet:-1, max-image-preview:large, max-video-preview:-1\" \/>\n<link rel=\"canonical\" href=\"https:\/\/www.sonoraenequipo.com.mx\/previene-proteccion-civil-sonora-ante-aumento-vehicular-en-carreteras\/\" \/>\n<meta property=\"og:locale\" content=\"es_ES\" \/>\n<meta property=\"og:type\" content=\"article\" \/>\n<meta property=\"og:title\" content=\"Sonora en Equipo. Previene Protecci\u00f3n Civil Sonora ante aumento vehicular en carreteras Sonora\" \/>\n<meta property=\"og:description\" content=\"\u25baEmite recomendaciones para salvaguardar la integridad de viajeros en su retorno de las fiestas decembrinas \u25baArrancar\u00e1 segunda etapa de Operativo Invernal En Sonora en Equipo publicamos toda la informaci\u00f3n de Sonora, M\u00e9xico y el Mundo de manera oportuna y busca que la libertad de expresi\u00f3n sea real. Visita nuestro medio informativo publicado desde Hermosillo, Sonora. %\" \/>\n<meta property=\"og:url\" content=\"https:\/\/www.sonoraenequipo.com.mx\/previene-proteccion-civil-sonora-ante-aumento-vehicular-en-carreteras\/\" \/>\n<meta property=\"og:site_name\" content=\"Sonora en Equipo.\" \/>\n<meta property=\"article:publisher\" content=\"https:\/\/www.facebook.com\/SonoraEE\/\" \/>\n<meta property=\"article:author\" content=\"https:\/\/www.facebook.com\/SonoraEE\" \/>\n<meta property=\"article:published_time\" content=\"2022-12-30T21:39:31+00:00\" \/>\n<meta property=\"article:modified_time\" content=\"2022-12-31T01:38:50+00:00\" \/>\n<meta property=\"og:image\" content=\"https:\/\/www.sonoraenequipo.com.mx\/storage\/2022\/12\/cepc.jpg\" \/>\n\t<meta property=\"og:image:width\" content=\"600\" \/>\n\t<meta property=\"og:image:height\" content=\"400\" \/>\n\t<meta property=\"og:image:type\" content=\"image\/jpeg\" \/>\n<meta name=\"author\" content=\"enequipo\" \/>\n<meta name=\"twitter:card\" content=\"summary_large_image\" \/>\n<meta name=\"twitter:creator\" content=\"@sonoraenequipo\" \/>\n<meta name=\"twitter:site\" content=\"@sonoraenequipo\" \/>\n<meta name=\"twitter:label1\" content=\"Escrito por\" \/>\n\t<meta name=\"twitter:data1\" content=\"enequipo\" \/>\n\t<meta name=\"twitter:label2\" content=\"Tiempo de lectura\" \/>\n\t<meta name=\"twitter:data2\" content=\"1 minuto\" \/>\n<script type=\"application\/ld+json\" class=\"yoast-schema-graph\">{\"@context\":\"https:\/\/schema.org\",\"@graph\":[{\"@type\":\"Article\",\"@id\":\"https:\/\/www.sonoraenequipo.com.mx\/previene-proteccion-civil-sonora-ante-aumento-vehicular-en-carreteras\/#article\",\"isPartOf\":{\"@id\":\"https:\/\/www.sonoraenequipo.com.mx\/previene-proteccion-civil-sonora-ante-aumento-vehicular-en-carreteras\/\"},\"author\":{\"name\":\"enequipo\",\"@id\":\"https:\/\/www.sonoraenequipo.com.mx\/#\/schema\/person\/50102df0fb23a8fa9e8effad8fa81386\"},\"headline\":\"Previene Protecci\u00f3n Civil Sonora ante aumento vehicular en carreteras\",\"datePublished\":\"2022-12-30T21:39:31+00:00\",\"dateModified\":\"2022-12-31T01:38:50+00:00\",\"mainEntityOfPage\":{\"@id\":\"https:\/\/www.sonoraenequipo.com.mx\/previene-proteccion-civil-sonora-ante-aumento-vehicular-en-carreteras\/\"},\"wordCount\":237,\"commentCount\":0,\"publisher\":{\"@id\":\"https:\/\/www.sonoraenequipo.com.mx\/#organization\"},\"image\":{\"@id\":\"https:\/\/www.sonoraenequipo.com.mx\/previene-proteccion-civil-sonora-ante-aumento-vehicular-en-carreteras\/#primaryimage\"},\"thumbnailUrl\":\"https:\/\/www.sonoraenequipo.com.mx\/storage\/2022\/12\/cepc.jpg\",\"articleSection\":[\"Sonora\"],\"inLanguage\":\"es\",\"potentialAction\":[{\"@type\":\"CommentAction\",\"name\":\"Comment\",\"target\":[\"https:\/\/www.sonoraenequipo.com.mx\/previene-proteccion-civil-sonora-ante-aumento-vehicular-en-carreteras\/#respond\"]}]},{\"@type\":\"WebPage\",\"@id\":\"https:\/\/www.sonoraenequipo.com.mx\/previene-proteccion-civil-sonora-ante-aumento-vehicular-en-carreteras\/\",\"url\":\"https:\/\/www.sonoraenequipo.com.mx\/previene-proteccion-civil-sonora-ante-aumento-vehicular-en-carreteras\/\",\"name\":\"Sonora en Equipo. Previene Protecci\u00f3n Civil Sonora ante aumento vehicular en carreteras Sonora\",\"isPartOf\":{\"@id\":\"https:\/\/www.sonoraenequipo.com.mx\/#website\"},\"primaryImageOfPage\":{\"@id\":\"https:\/\/www.sonoraenequipo.com.mx\/previene-proteccion-civil-sonora-ante-aumento-vehicular-en-carreteras\/#primaryimage\"},\"image\":{\"@id\":\"https:\/\/www.sonoraenequipo.com.mx\/previene-proteccion-civil-sonora-ante-aumento-vehicular-en-carreteras\/#primaryimage\"},\"thumbnailUrl\":\"https:\/\/www.sonoraenequipo.com.mx\/storage\/2022\/12\/cepc.jpg\",\"datePublished\":\"2022-12-30T21:39:31+00:00\",\"dateModified\":\"2022-12-31T01:38:50+00:00\",\"description\":\"\u25baEmite recomendaciones para salvaguardar la integridad de viajeros en su retorno de las fiestas decembrinas \u25baArrancar\u00e1 segunda etapa de Operativo Invernal En Sonora en Equipo publicamos toda la informaci\u00f3n de Sonora, M\u00e9xico y el Mundo de manera oportuna y busca que la libertad de expresi\u00f3n sea real. Visita nuestro medio informativo publicado desde Hermosillo, Sonora. %\",\"breadcrumb\":{\"@id\":\"https:\/\/www.sonoraenequipo.com.mx\/previene-proteccion-civil-sonora-ante-aumento-vehicular-en-carreteras\/#breadcrumb\"},\"inLanguage\":\"es\",\"potentialAction\":[{\"@type\":\"ReadAction\",\"target\":[\"https:\/\/www.sonoraenequipo.com.mx\/previene-proteccion-civil-sonora-ante-aumento-vehicular-en-carreteras\/\"]}]},{\"@type\":\"ImageObject\",\"inLanguage\":\"es\",\"@id\":\"https:\/\/www.sonoraenequipo.com.mx\/previene-proteccion-civil-sonora-ante-aumento-vehicular-en-carreteras\/#primaryimage\",\"url\":\"https:\/\/www.sonoraenequipo.com.mx\/storage\/2022\/12\/cepc.jpg\",\"contentUrl\":\"https:\/\/www.sonoraenequipo.com.mx\/storage\/2022\/12\/cepc.jpg\",\"width\":600,\"height\":400},{\"@type\":\"BreadcrumbList\",\"@id\":\"https:\/\/www.sonoraenequipo.com.mx\/previene-proteccion-civil-sonora-ante-aumento-vehicular-en-carreteras\/#breadcrumb\",\"itemListElement\":[{\"@type\":\"ListItem\",\"position\":1,\"name\":\"Portada\",\"item\":\"https:\/\/www.sonoraenequipo.com.mx\/\"},{\"@type\":\"ListItem\",\"position\":2,\"name\":\"Previene Protecci\u00f3n Civil Sonora ante aumento vehicular en carreteras\"}]},{\"@type\":\"WebSite\",\"@id\":\"https:\/\/www.sonoraenequipo.com.mx\/#website\",\"url\":\"https:\/\/www.sonoraenequipo.com.mx\/\",\"name\":\"Sonora en Equipo.\",\"description\":\"Diario en l\u00ednea con Noticias desde Hermosillo, Sonora\",\"publisher\":{\"@id\":\"https:\/\/www.sonoraenequipo.com.mx\/#organization\"},\"potentialAction\":[{\"@type\":\"SearchAction\",\"target\":{\"@type\":\"EntryPoint\",\"urlTemplate\":\"https:\/\/www.sonoraenequipo.com.mx\/?s={search_term_string}\"},\"query-input\":{\"@type\":\"PropertyValueSpecification\",\"valueRequired\":true,\"valueName\":\"search_term_string\"}}],\"inLanguage\":\"es\"},{\"@type\":\"Organization\",\"@id\":\"https:\/\/www.sonoraenequipo.com.mx\/#organization\",\"name\":\"Sonoraenequipo.com.mx\",\"url\":\"https:\/\/www.sonoraenequipo.com.mx\/\",\"logo\":{\"@type\":\"ImageObject\",\"inLanguage\":\"es\",\"@id\":\"https:\/\/www.sonoraenequipo.com.mx\/#\/schema\/logo\/image\/\",\"url\":\"https:\/\/www.sonoraenequipo.com.mx\/storage\/2019\/01\/sonoraenequipo_opt.png\",\"contentUrl\":\"https:\/\/www.sonoraenequipo.com.mx\/storage\/2019\/01\/sonoraenequipo_opt.png\",\"width\":375,\"height\":125,\"caption\":\"Sonoraenequipo.com.mx\"},\"image\":{\"@id\":\"https:\/\/www.sonoraenequipo.com.mx\/#\/schema\/logo\/image\/\"},\"sameAs\":[\"https:\/\/www.facebook.com\/SonoraEE\/\",\"https:\/\/x.com\/sonoraenequipo\",\"https:\/\/www.youtube.com\/channel\/UC338nW-lPEYmJQs4ZABQ1SQ\"]},{\"@type\":\"Person\",\"@id\":\"https:\/\/www.sonoraenequipo.com.mx\/#\/schema\/person\/50102df0fb23a8fa9e8effad8fa81386\",\"name\":\"enequipo\",\"image\":{\"@type\":\"ImageObject\",\"inLanguage\":\"es\",\"@id\":\"https:\/\/www.sonoraenequipo.com.mx\/#\/schema\/person\/image\/\",\"url\":\"https:\/\/secure.gravatar.com\/avatar\/049821681b589dabc0bc20695993ccebb09f5b5d4d790cd9251b97faac7c652b?s=96&d=blank&r=g\",\"contentUrl\":\"https:\/\/secure.gravatar.com\/avatar\/049821681b589dabc0bc20695993ccebb09f5b5d4d790cd9251b97faac7c652b?s=96&d=blank&r=g\",\"caption\":\"enequipo\"},\"sameAs\":[\"https:\/\/www.facebook.com\/SonoraEE\"]}]}<\/script>\n ","yoast_head_json":{"title":"Sonora en Equipo. Previene Protecci\u00f3n Civil Sonora ante aumento vehicular en carreteras Sonora","description":"\u25baEmite recomendaciones para salvaguardar la integridad de viajeros en su retorno de las fiestas decembrinas \u25baArrancar\u00e1 segunda etapa de Operativo Invernal En Sonora en Equipo publicamos toda la informaci\u00f3n de Sonora, M\u00e9xico y el Mundo de manera oportuna y busca que la libertad de expresi\u00f3n sea real. Visita nuestro medio informativo publicado desde Hermosillo, Sonora. %","robots":{"index":"index","follow":"follow","max-snippet":"max-snippet:-1","max-image-preview":"max-image-preview:large","max-video-preview":"max-video-preview:-1"},"canonical":"https:\/\/www.sonoraenequipo.com.mx\/previene-proteccion-civil-sonora-ante-aumento-vehicular-en-carreteras\/","og_locale":"es_ES","og_type":"article","og_title":"Sonora en Equipo. Previene Protecci\u00f3n Civil Sonora ante aumento vehicular en carreteras Sonora","og_description":"\u25baEmite recomendaciones para salvaguardar la integridad de viajeros en su retorno de las fiestas decembrinas \u25baArrancar\u00e1 segunda etapa de Operativo Invernal En Sonora en Equipo publicamos toda la informaci\u00f3n de Sonora, M\u00e9xico y el Mundo de manera oportuna y busca que la libertad de expresi\u00f3n sea real. Visita nuestro medio informativo publicado desde Hermosillo, Sonora. %","og_url":"https:\/\/www.sonoraenequipo.com.mx\/previene-proteccion-civil-sonora-ante-aumento-vehicular-en-carreteras\/","og_site_name":"Sonora en Equipo.","article_publisher":"https:\/\/www.facebook.com\/SonoraEE\/","article_author":"https:\/\/www.facebook.com\/SonoraEE","article_published_time":"2022-12-30T21:39:31+00:00","article_modified_time":"2022-12-31T01:38:50+00:00","og_image":[{"width":600,"height":400,"url":"https:\/\/www.sonoraenequipo.com.mx\/storage\/2022\/12\/cepc.jpg","type":"image\/jpeg"}],"author":"enequipo","twitter_card":"summary_large_image","twitter_creator":"@sonoraenequipo","twitter_site":"@sonoraenequipo","twitter_misc":{"Escrito por":"enequipo","Tiempo de lectura":"1 minuto"},"schema":{"@context":"https:\/\/schema.org","@graph":[{"@type":"Article","@id":"https:\/\/www.sonoraenequipo.com.mx\/previene-proteccion-civil-sonora-ante-aumento-vehicular-en-carreteras\/#article","isPartOf":{"@id":"https:\/\/www.sonoraenequipo.com.mx\/previene-proteccion-civil-sonora-ante-aumento-vehicular-en-carreteras\/"},"author":{"name":"enequipo","@id":"https:\/\/www.sonoraenequipo.com.mx\/#\/schema\/person\/50102df0fb23a8fa9e8effad8fa81386"},"headline":"Previene Protecci\u00f3n Civil Sonora ante aumento vehicular en carreteras","datePublished":"2022-12-30T21:39:31+00:00","dateModified":"2022-12-31T01:38:50+00:00","mainEntityOfPage":{"@id":"https:\/\/www.sonoraenequipo.com.mx\/previene-proteccion-civil-sonora-ante-aumento-vehicular-en-carreteras\/"},"wordCount":237,"commentCount":0,"publisher":{"@id":"https:\/\/www.sonoraenequipo.com.mx\/#organization"},"image":{"@id":"https:\/\/www.sonoraenequipo.com.mx\/previene-proteccion-civil-sonora-ante-aumento-vehicular-en-carreteras\/#primaryimage"},"thumbnailUrl":"https:\/\/www.sonoraenequipo.com.mx\/storage\/2022\/12\/cepc.jpg","articleSection":["Sonora"],"inLanguage":"es","potentialAction":[{"@type":"CommentAction","name":"Comment","target":["https:\/\/www.sonoraenequipo.com.mx\/previene-proteccion-civil-sonora-ante-aumento-vehicular-en-carreteras\/#respond"]}]},{"@type":"WebPage","@id":"https:\/\/www.sonoraenequipo.com.mx\/previene-proteccion-civil-sonora-ante-aumento-vehicular-en-carreteras\/","url":"https:\/\/www.sonoraenequipo.com.mx\/previene-proteccion-civil-sonora-ante-aumento-vehicular-en-carreteras\/","name":"Sonora en Equipo. Previene Protecci\u00f3n Civil Sonora ante aumento vehicular en carreteras Sonora","isPartOf":{"@id":"https:\/\/www.sonoraenequipo.com.mx\/#website"},"primaryImageOfPage":{"@id":"https:\/\/www.sonoraenequipo.com.mx\/previene-proteccion-civil-sonora-ante-aumento-vehicular-en-carreteras\/#primaryimage"},"image":{"@id":"https:\/\/www.sonoraenequipo.com.mx\/previene-proteccion-civil-sonora-ante-aumento-vehicular-en-carreteras\/#primaryimage"},"thumbnailUrl":"https:\/\/www.sonoraenequipo.com.mx\/storage\/2022\/12\/cepc.jpg","datePublished":"2022-12-30T21:39:31+00:00","dateModified":"2022-12-31T01:38:50+00:00","description":"\u25baEmite recomendaciones para salvaguardar la integridad de viajeros en su retorno de las fiestas decembrinas \u25baArrancar\u00e1 segunda etapa de Operativo Invernal En Sonora en Equipo publicamos toda la informaci\u00f3n de Sonora, M\u00e9xico y el Mundo de manera oportuna y busca que la libertad de expresi\u00f3n sea real. Visita nuestro medio informativo publicado desde Hermosillo, Sonora. %","breadcrumb":{"@id":"https:\/\/www.sonoraenequipo.com.mx\/previene-proteccion-civil-sonora-ante-aumento-vehicular-en-carreteras\/#breadcrumb"},"inLanguage":"es","potentialAction":[{"@type":"ReadAction","target":["https:\/\/www.sonoraenequipo.com.mx\/previene-proteccion-civil-sonora-ante-aumento-vehicular-en-carreteras\/"]}]},{"@type":"ImageObject","inLanguage":"es","@id":"https:\/\/www.sonoraenequipo.com.mx\/previene-proteccion-civil-sonora-ante-aumento-vehicular-en-carreteras\/#primaryimage","url":"https:\/\/www.sonoraenequipo.com.mx\/storage\/2022\/12\/cepc.jpg","contentUrl":"https:\/\/www.sonoraenequipo.com.mx\/storage\/2022\/12\/cepc.jpg","width":600,"height":400},{"@type":"BreadcrumbList","@id":"https:\/\/www.sonoraenequipo.com.mx\/previene-proteccion-civil-sonora-ante-aumento-vehicular-en-carreteras\/#breadcrumb","itemListElement":[{"@type":"ListItem","position":1,"name":"Portada","item":"https:\/\/www.sonoraenequipo.com.mx\/"},{"@type":"ListItem","position":2,"name":"Previene Protecci\u00f3n Civil Sonora ante aumento vehicular en carreteras"}]},{"@type":"WebSite","@id":"https:\/\/www.sonoraenequipo.com.mx\/#website","url":"https:\/\/www.sonoraenequipo.com.mx\/","name":"Sonora en Equipo.","description":"Diario en l\u00ednea con Noticias desde Hermosillo, Sonora","publisher":{"@id":"https:\/\/www.sonoraenequipo.com.mx\/#organization"},"potentialAction":[{"@type":"SearchAction","target":{"@type":"EntryPoint","urlTemplate":"https:\/\/www.sonoraenequipo.com.mx\/?s={search_term_string}"},"query-input":{"@type":"PropertyValueSpecification","valueRequired":true,"valueName":"search_term_string"}}],"inLanguage":"es"},{"@type":"Organization","@id":"https:\/\/www.sonoraenequipo.com.mx\/#organization","name":"Sonoraenequipo.com.mx","url":"https:\/\/www.sonoraenequipo.com.mx\/","logo":{"@type":"ImageObject","inLanguage":"es","@id":"https:\/\/www.sonoraenequipo.com.mx\/#\/schema\/logo\/image\/","url":"https:\/\/www.sonoraenequipo.com.mx\/storage\/2019\/01\/sonoraenequipo_opt.png","contentUrl":"https:\/\/www.sonoraenequipo.com.mx\/storage\/2019\/01\/sonoraenequipo_opt.png","width":375,"height":125,"caption":"Sonoraenequipo.com.mx"},"image":{"@id":"https:\/\/www.sonoraenequipo.com.mx\/#\/schema\/logo\/image\/"},"sameAs":["https:\/\/www.facebook.com\/SonoraEE\/","https:\/\/x.com\/sonoraenequipo","https:\/\/www.youtube.com\/channel\/UC338nW-lPEYmJQs4ZABQ1SQ"]},{"@type":"Person","@id":"https:\/\/www.sonoraenequipo.com.mx\/#\/schema\/person\/50102df0fb23a8fa9e8effad8fa81386","name":"enequipo","image":{"@type":"ImageObject","inLanguage":"es","@id":"https:\/\/www.sonoraenequipo.com.mx\/#\/schema\/person\/image\/","url":"https:\/\/secure.gravatar.com\/avatar\/049821681b589dabc0bc20695993ccebb09f5b5d4d790cd9251b97faac7c652b?s=96&d=blank&r=g","contentUrl":"https:\/\/secure.gravatar.com\/avatar\/049821681b589dabc0bc20695993ccebb09f5b5d4d790cd9251b97faac7c652b?s=96&d=blank&r=g","caption":"enequipo"},"sameAs":["https:\/\/www.facebook.com\/SonoraEE"]}]}},"jetpack_featured_media_url":"https:\/\/www.sonoraenequipo.com.mx\/storage\/2022\/12\/cepc.jpg","_links":{"self":[{"href":"https:\/\/www.sonoraenequipo.com.mx\/api\/wp\/v2\/posts\/155549","targetHints":{"allow":["GET"]}}],"collection":[{"href":"https:\/\/www.sonoraenequipo.com.mx\/api\/wp\/v2\/posts"}],"about":[{"href":"https:\/\/www.sonoraenequipo.com.mx\/api\/wp\/v2\/types\/post"}],"author":[{"embeddable":true,"href":"https:\/\/www.sonoraenequipo.com.mx\/api\/wp\/v2\/users\/1"}],"replies":[{"embeddable":true,"href":"https:\/\/www.sonoraenequipo.com.mx\/api\/wp\/v2\/comments?post=155549"}],"version-history":[{"count":1,"href":"https:\/\/www.sonoraenequipo.com.mx\/api\/wp\/v2\/posts\/155549\/revisions"}],"predecessor-version":[{"id":155551,"href":"https:\/\/www.sonoraenequipo.com.mx\/api\/wp\/v2\/posts\/155549\/revisions\/155551"}],"wp:featuredmedia":[{"embeddable":true,"href":"https:\/\/www.sonoraenequipo.com.mx\/api\/wp\/v2\/media\/155550"}],"wp:attachment":[{"href":"https:\/\/www.sonoraenequipo.com.mx\/api\/wp\/v2\/media?parent=155549"}],"wp:term":[{"taxonomy":"category","embeddable":true,"href":"https:\/\/www.sonoraenequipo.com.mx\/api\/wp\/v2\/categories?post=155549"},{"taxonomy":"post_tag","embeddable":true,"href":"https:\/\/www.sonoraenequipo.com.mx\/api\/wp\/v2\/tags?post=155549"}],"curies":[{"name":"wp","href":"https:\/\/api.w.org\/{rel}","templated":true}]}}