{"id":155552,"date":"2022-12-30T09:48:27","date_gmt":"2022-12-30T16:48:27","guid":{"rendered":"https:\/\/www.sonoraenequipo.com.mx\/?p=155552"},"modified":"2022-12-30T18:40:21","modified_gmt":"2022-12-31T01:40:21","slug":"sedesson-entrega-obras-de-rehabilitacion-de-espacios-publicos-en-la-colonia-mallorca-de-hermosillo","status":"publish","type":"post","link":"https:\/\/www.sonoraenequipo.com.mx\/sedesson-entrega-obras-de-rehabilitacion-de-espacios-publicos-en-la-colonia-mallorca-de-hermosillo\/","title":{"rendered":"Sedesson entrega obras de rehabilitaci\u00f3n de espacios p\u00fablicos en la colonia Mallorca de Hermosillo"},"content":{"rendered":"<figure id=\"attachment_155553\" aria-describedby=\"caption-attachment-155553\" style=\"width: 420px\" class=\"wp-caption x-left\"><img loading=\"lazy\" decoding=\"async\" class=\" size-thumbnail\" src=\"https:\/\/www.sonoraenequipo.com.mx\/storage\/2022\/12\/wendy-1-420x280.jpg\" alt=\"\" width=\"420\" height=\"280\" \/><figcaption id=\"caption-attachment-155553\" class=\"wp-caption-text\">Wendy Brice\u00f1o<\/figcaption><\/figure>\n<p><strong>HERMOSILLO, SONORA,MX.<\/strong><strong>\u2500\u2500<\/strong> Los trabajos del programa Barrio Vivo, impulsado por la Secretar\u00eda de Desarrollo Social del Estado de Sonora (Sedesson), llegaron la colonia Mallorca, en el sur de Hermosillo, donde se hizo entrega ayer de la rehabilitaci\u00f3n de un parque comunitario, inform\u00f3 Wendy Brice\u00f1o Zuloaga.<\/p>\n<p>&nbsp;<\/p>\n<p>&nbsp;<\/p>\n<p>&nbsp;<\/p>\n<p>La titular de Sedesson explic\u00f3 que las labores en el sitio consistieron en la limpieza general del \u00e1rea, as\u00ed como la rehabilitaci\u00f3n de bancas y juegos, suministro de botes de basura y dem\u00e1s estructuras, la construcci\u00f3n de un quiosco y la instalaci\u00f3n de luminarias nuevas, con una inversi\u00f3n total de 796 mil 642 pesos, para beneficio de mil 344 personas del sector.<\/p>\n<p>&nbsp;<\/p>\n<p>&nbsp;<\/p>\n<p>&nbsp;<\/p>\n<p>En el evento se cont\u00f3 con la presencia de Maira Daniela Tapia Pedreg\u00f3, directora general de Proyectos de Infraestructura B\u00e1sica y Maricela Moreno Cano, directora de Tejido Comunidad; adem\u00e1s de vecinas y vecinos del lugar quienes, en compa\u00f1\u00eda de las servidoras p\u00fablicas, realizaron el corte de list\u00f3n y recibieron las instalaciones.<\/p>\n<p>&nbsp;<\/p>\n<p>&nbsp;<\/p>\n<p>&nbsp;<\/p>\n<p>Durante la entrega, las vecinas expresaron su inter\u00e9s en que se mantenga contacto y atenci\u00f3n permanente para la colonia, ya que han vivido en abandono por parte de las instituciones desde hace muchos a\u00f1os. As\u00ed mismo, aprovecharon para agradecer al Gobierno de Sonora esta intervenci\u00f3n a favor de la gente.<\/p>\n<p>&nbsp;<\/p>\n<p>&nbsp;<\/p>\n<p>&nbsp;<\/p>\n<p>Cabe destacar que en este ejercicio presupuestal 2022, la Sedesson ha atendido y rehabilitado 15 espacios p\u00fablicos, particularmente en colonias y comunidades que han vivido rezagos hist\u00f3ricos como parte del programa Barrio Vivo.<\/p>\n<p><strong><em><u>Fecha de publicaci\u00f3n\u00a0\u00a0 viernes 30\u00a0 de diciembre de 2022 con informaci\u00f3n de boletines<\/u><\/em><\/strong><\/p>\n<p>&nbsp;<\/p>\n","protected":false},"excerpt":{"rendered":"<p>HERMOSILLO, SONORA,MX.\u2500\u2500 Los trabajos del programa Barrio Vivo, impulsado por la Secretar\u00eda de Desarrollo Social&#8230;<\/p>\n","protected":false},"author":1,"featured_media":155554,"comment_status":"open","ping_status":"open","sticky":false,"template":"","format":"standard","meta":{"_monsterinsights_skip_tracking":false,"_monsterinsights_sitenote_active":false,"_monsterinsights_sitenote_note":"","_monsterinsights_sitenote_category":0,"footnotes":""},"categories":[1],"tags":[2124,4186],"class_list":["post"],"yoast_head":" \n<title>Sonora en Equipo. Sedesson entrega obras de rehabilitaci\u00f3n de espacios p\u00fablicos en la colonia Mallorca de Hermosillo<\/title>\n<meta name=\"description\" content=\"HERMOSILLO, SONORA,MX.\u2500\u2500 Los trabajos del programa Barrio Vivo, impulsado por la Secretar\u00eda de Desarrollo Social del Estado de Sonora (Sedesson), llegaron En Sonora en Equipo publicamos toda la informaci\u00f3n de Sonora, M\u00e9xico y el Mundo de manera oportuna y busca que la libertad de expresi\u00f3n sea real. Visita nuestro medio informativo publicado desde Hermosillo, Sonora. %\" \/>\n<meta name=\"robots\" content=\"index, follow, max-snippet:-1, max-image-preview:large, max-video-preview:-1\" \/>\n<link rel=\"canonical\" href=\"https:\/\/www.sonoraenequipo.com.mx\/sedesson-entrega-obras-de-rehabilitacion-de-espacios-publicos-en-la-colonia-mallorca-de-hermosillo\/\" \/>\n<meta property=\"og:locale\" content=\"es_ES\" \/>\n<meta property=\"og:type\" content=\"article\" \/>\n<meta property=\"og:title\" content=\"Sonora en Equipo. Sedesson entrega obras de rehabilitaci\u00f3n de espacios p\u00fablicos en la colonia Mallorca de Hermosillo\" \/>\n<meta property=\"og:description\" content=\"HERMOSILLO, SONORA,MX.\u2500\u2500 Los trabajos del programa Barrio Vivo, impulsado por la Secretar\u00eda de Desarrollo Social del Estado de Sonora (Sedesson), llegaron En Sonora en Equipo publicamos toda la informaci\u00f3n de Sonora, M\u00e9xico y el Mundo de manera oportuna y busca que la libertad de expresi\u00f3n sea real. Visita nuestro medio informativo publicado desde Hermosillo, Sonora. %\" \/>\n<meta property=\"og:url\" content=\"https:\/\/www.sonoraenequipo.com.mx\/sedesson-entrega-obras-de-rehabilitacion-de-espacios-publicos-en-la-colonia-mallorca-de-hermosillo\/\" \/>\n<meta property=\"og:site_name\" content=\"Sonora en Equipo.\" \/>\n<meta property=\"article:publisher\" content=\"https:\/\/www.facebook.com\/SonoraEE\/\" \/>\n<meta property=\"article:author\" content=\"https:\/\/www.facebook.com\/SonoraEE\" \/>\n<meta property=\"article:published_time\" content=\"2022-12-30T16:48:27+00:00\" \/>\n<meta property=\"article:modified_time\" content=\"2022-12-31T01:40:21+00:00\" \/>\n<meta property=\"og:image\" content=\"https:\/\/www.sonoraenequipo.com.mx\/storage\/2022\/12\/parque.jpg\" \/>\n\t<meta property=\"og:image:width\" content=\"600\" \/>\n\t<meta property=\"og:image:height\" content=\"399\" \/>\n\t<meta property=\"og:image:type\" content=\"image\/jpeg\" \/>\n<meta name=\"author\" content=\"enequipo\" \/>\n<meta name=\"twitter:card\" content=\"summary_large_image\" \/>\n<meta name=\"twitter:creator\" content=\"@sonoraenequipo\" \/>\n<meta name=\"twitter:site\" content=\"@sonoraenequipo\" \/>\n<meta name=\"twitter:label1\" content=\"Escrito por\" \/>\n\t<meta name=\"twitter:data1\" content=\"enequipo\" \/>\n\t<meta name=\"twitter:label2\" content=\"Tiempo de lectura\" \/>\n\t<meta name=\"twitter:data2\" content=\"1 minuto\" \/>\n<script type=\"application\/ld+json\" class=\"yoast-schema-graph\">{\"@context\":\"https:\/\/schema.org\",\"@graph\":[{\"@type\":\"Article\",\"@id\":\"https:\/\/www.sonoraenequipo.com.mx\/sedesson-entrega-obras-de-rehabilitacion-de-espacios-publicos-en-la-colonia-mallorca-de-hermosillo\/#article\",\"isPartOf\":{\"@id\":\"https:\/\/www.sonoraenequipo.com.mx\/sedesson-entrega-obras-de-rehabilitacion-de-espacios-publicos-en-la-colonia-mallorca-de-hermosillo\/\"},\"author\":{\"name\":\"enequipo\",\"@id\":\"https:\/\/www.sonoraenequipo.com.mx\/#\/schema\/person\/50102df0fb23a8fa9e8effad8fa81386\"},\"headline\":\"Sedesson entrega obras de rehabilitaci\u00f3n de espacios p\u00fablicos en la colonia Mallorca de Hermosillo\",\"datePublished\":\"2022-12-30T16:48:27+00:00\",\"dateModified\":\"2022-12-31T01:40:21+00:00\",\"mainEntityOfPage\":{\"@id\":\"https:\/\/www.sonoraenequipo.com.mx\/sedesson-entrega-obras-de-rehabilitacion-de-espacios-publicos-en-la-colonia-mallorca-de-hermosillo\/\"},\"wordCount\":308,\"commentCount\":0,\"publisher\":{\"@id\":\"https:\/\/www.sonoraenequipo.com.mx\/#organization\"},\"image\":{\"@id\":\"https:\/\/www.sonoraenequipo.com.mx\/sedesson-entrega-obras-de-rehabilitacion-de-espacios-publicos-en-la-colonia-mallorca-de-hermosillo\/#primaryimage\"},\"thumbnailUrl\":\"https:\/\/www.sonoraenequipo.com.mx\/storage\/2022\/12\/parque.jpg\",\"keywords\":[\"Sedesson\",\"Wendy Brice\u00f1o\"],\"articleSection\":[\"Sin categorizar\"],\"inLanguage\":\"es\",\"potentialAction\":[{\"@type\":\"CommentAction\",\"name\":\"Comment\",\"target\":[\"https:\/\/www.sonoraenequipo.com.mx\/sedesson-entrega-obras-de-rehabilitacion-de-espacios-publicos-en-la-colonia-mallorca-de-hermosillo\/#respond\"]}]},{\"@type\":\"WebPage\",\"@id\":\"https:\/\/www.sonoraenequipo.com.mx\/sedesson-entrega-obras-de-rehabilitacion-de-espacios-publicos-en-la-colonia-mallorca-de-hermosillo\/\",\"url\":\"https:\/\/www.sonoraenequipo.com.mx\/sedesson-entrega-obras-de-rehabilitacion-de-espacios-publicos-en-la-colonia-mallorca-de-hermosillo\/\",\"name\":\"Sonora en Equipo. Sedesson entrega obras de rehabilitaci\u00f3n de espacios p\u00fablicos en la colonia Mallorca de Hermosillo\",\"isPartOf\":{\"@id\":\"https:\/\/www.sonoraenequipo.com.mx\/#website\"},\"primaryImageOfPage\":{\"@id\":\"https:\/\/www.sonoraenequipo.com.mx\/sedesson-entrega-obras-de-rehabilitacion-de-espacios-publicos-en-la-colonia-mallorca-de-hermosillo\/#primaryimage\"},\"image\":{\"@id\":\"https:\/\/www.sonoraenequipo.com.mx\/sedesson-entrega-obras-de-rehabilitacion-de-espacios-publicos-en-la-colonia-mallorca-de-hermosillo\/#primaryimage\"},\"thumbnailUrl\":\"https:\/\/www.sonoraenequipo.com.mx\/storage\/2022\/12\/parque.jpg\",\"datePublished\":\"2022-12-30T16:48:27+00:00\",\"dateModified\":\"2022-12-31T01:40:21+00:00\",\"description\":\"HERMOSILLO, SONORA,MX.\u2500\u2500 Los trabajos del programa Barrio Vivo, impulsado por la Secretar\u00eda de Desarrollo Social del Estado de Sonora (Sedesson), llegaron En Sonora en Equipo publicamos toda la informaci\u00f3n de Sonora, M\u00e9xico y el Mundo de manera oportuna y busca que la libertad de expresi\u00f3n sea real. Visita nuestro medio informativo publicado desde Hermosillo, Sonora. %\",\"breadcrumb\":{\"@id\":\"https:\/\/www.sonoraenequipo.com.mx\/sedesson-entrega-obras-de-rehabilitacion-de-espacios-publicos-en-la-colonia-mallorca-de-hermosillo\/#breadcrumb\"},\"inLanguage\":\"es\",\"potentialAction\":[{\"@type\":\"ReadAction\",\"target\":[\"https:\/\/www.sonoraenequipo.com.mx\/sedesson-entrega-obras-de-rehabilitacion-de-espacios-publicos-en-la-colonia-mallorca-de-hermosillo\/\"]}]},{\"@type\":\"ImageObject\",\"inLanguage\":\"es\",\"@id\":\"https:\/\/www.sonoraenequipo.com.mx\/sedesson-entrega-obras-de-rehabilitacion-de-espacios-publicos-en-la-colonia-mallorca-de-hermosillo\/#primaryimage\",\"url\":\"https:\/\/www.sonoraenequipo.com.mx\/storage\/2022\/12\/parque.jpg\",\"contentUrl\":\"https:\/\/www.sonoraenequipo.com.mx\/storage\/2022\/12\/parque.jpg\",\"width\":600,\"height\":399},{\"@type\":\"BreadcrumbList\",\"@id\":\"https:\/\/www.sonoraenequipo.com.mx\/sedesson-entrega-obras-de-rehabilitacion-de-espacios-publicos-en-la-colonia-mallorca-de-hermosillo\/#breadcrumb\",\"itemListElement\":[{\"@type\":\"ListItem\",\"position\":1,\"name\":\"Portada\",\"item\":\"https:\/\/www.sonoraenequipo.com.mx\/\"},{\"@type\":\"ListItem\",\"position\":2,\"name\":\"Sedesson entrega obras de rehabilitaci\u00f3n de espacios p\u00fablicos en la colonia Mallorca de Hermosillo\"}]},{\"@type\":\"WebSite\",\"@id\":\"https:\/\/www.sonoraenequipo.com.mx\/#website\",\"url\":\"https:\/\/www.sonoraenequipo.com.mx\/\",\"name\":\"Sonora en Equipo.\",\"description\":\"Diario en l\u00ednea con Noticias desde Hermosillo, Sonora\",\"publisher\":{\"@id\":\"https:\/\/www.sonoraenequipo.com.mx\/#organization\"},\"potentialAction\":[{\"@type\":\"SearchAction\",\"target\":{\"@type\":\"EntryPoint\",\"urlTemplate\":\"https:\/\/www.sonoraenequipo.com.mx\/?s={search_term_string}\"},\"query-input\":{\"@type\":\"PropertyValueSpecification\",\"valueRequired\":true,\"valueName\":\"search_term_string\"}}],\"inLanguage\":\"es\"},{\"@type\":\"Organization\",\"@id\":\"https:\/\/www.sonoraenequipo.com.mx\/#organization\",\"name\":\"Sonoraenequipo.com.mx\",\"url\":\"https:\/\/www.sonoraenequipo.com.mx\/\",\"logo\":{\"@type\":\"ImageObject\",\"inLanguage\":\"es\",\"@id\":\"https:\/\/www.sonoraenequipo.com.mx\/#\/schema\/logo\/image\/\",\"url\":\"https:\/\/www.sonoraenequipo.com.mx\/storage\/2019\/01\/sonoraenequipo_opt.png\",\"contentUrl\":\"https:\/\/www.sonoraenequipo.com.mx\/storage\/2019\/01\/sonoraenequipo_opt.png\",\"width\":375,\"height\":125,\"caption\":\"Sonoraenequipo.com.mx\"},\"image\":{\"@id\":\"https:\/\/www.sonoraenequipo.com.mx\/#\/schema\/logo\/image\/\"},\"sameAs\":[\"https:\/\/www.facebook.com\/SonoraEE\/\",\"https:\/\/x.com\/sonoraenequipo\",\"https:\/\/www.youtube.com\/channel\/UC338nW-lPEYmJQs4ZABQ1SQ\"]},{\"@type\":\"Person\",\"@id\":\"https:\/\/www.sonoraenequipo.com.mx\/#\/schema\/person\/50102df0fb23a8fa9e8effad8fa81386\",\"name\":\"enequipo\",\"image\":{\"@type\":\"ImageObject\",\"inLanguage\":\"es\",\"@id\":\"https:\/\/www.sonoraenequipo.com.mx\/#\/schema\/person\/image\/\",\"url\":\"https:\/\/secure.gravatar.com\/avatar\/049821681b589dabc0bc20695993ccebb09f5b5d4d790cd9251b97faac7c652b?s=96&d=blank&r=g\",\"contentUrl\":\"https:\/\/secure.gravatar.com\/avatar\/049821681b589dabc0bc20695993ccebb09f5b5d4d790cd9251b97faac7c652b?s=96&d=blank&r=g\",\"caption\":\"enequipo\"},\"sameAs\":[\"https:\/\/www.facebook.com\/SonoraEE\"]}]}<\/script>\n ","yoast_head_json":{"title":"Sonora en Equipo. Sedesson entrega obras de rehabilitaci\u00f3n de espacios p\u00fablicos en la colonia Mallorca de Hermosillo","description":"HERMOSILLO, SONORA,MX.\u2500\u2500 Los trabajos del programa Barrio Vivo, impulsado por la Secretar\u00eda de Desarrollo Social del Estado de Sonora (Sedesson), llegaron En Sonora en Equipo publicamos toda la informaci\u00f3n de Sonora, M\u00e9xico y el Mundo de manera oportuna y busca que la libertad de expresi\u00f3n sea real. Visita nuestro medio informativo publicado desde Hermosillo, Sonora. %","robots":{"index":"index","follow":"follow","max-snippet":"max-snippet:-1","max-image-preview":"max-image-preview:large","max-video-preview":"max-video-preview:-1"},"canonical":"https:\/\/www.sonoraenequipo.com.mx\/sedesson-entrega-obras-de-rehabilitacion-de-espacios-publicos-en-la-colonia-mallorca-de-hermosillo\/","og_locale":"es_ES","og_type":"article","og_title":"Sonora en Equipo. Sedesson entrega obras de rehabilitaci\u00f3n de espacios p\u00fablicos en la colonia Mallorca de Hermosillo","og_description":"HERMOSILLO, SONORA,MX.\u2500\u2500 Los trabajos del programa Barrio Vivo, impulsado por la Secretar\u00eda de Desarrollo Social del Estado de Sonora (Sedesson), llegaron En Sonora en Equipo publicamos toda la informaci\u00f3n de Sonora, M\u00e9xico y el Mundo de manera oportuna y busca que la libertad de expresi\u00f3n sea real. Visita nuestro medio informativo publicado desde Hermosillo, Sonora. %","og_url":"https:\/\/www.sonoraenequipo.com.mx\/sedesson-entrega-obras-de-rehabilitacion-de-espacios-publicos-en-la-colonia-mallorca-de-hermosillo\/","og_site_name":"Sonora en Equipo.","article_publisher":"https:\/\/www.facebook.com\/SonoraEE\/","article_author":"https:\/\/www.facebook.com\/SonoraEE","article_published_time":"2022-12-30T16:48:27+00:00","article_modified_time":"2022-12-31T01:40:21+00:00","og_image":[{"width":600,"height":399,"url":"https:\/\/www.sonoraenequipo.com.mx\/storage\/2022\/12\/parque.jpg","type":"image\/jpeg"}],"author":"enequipo","twitter_card":"summary_large_image","twitter_creator":"@sonoraenequipo","twitter_site":"@sonoraenequipo","twitter_misc":{"Escrito por":"enequipo","Tiempo de lectura":"1 minuto"},"schema":{"@context":"https:\/\/schema.org","@graph":[{"@type":"Article","@id":"https:\/\/www.sonoraenequipo.com.mx\/sedesson-entrega-obras-de-rehabilitacion-de-espacios-publicos-en-la-colonia-mallorca-de-hermosillo\/#article","isPartOf":{"@id":"https:\/\/www.sonoraenequipo.com.mx\/sedesson-entrega-obras-de-rehabilitacion-de-espacios-publicos-en-la-colonia-mallorca-de-hermosillo\/"},"author":{"name":"enequipo","@id":"https:\/\/www.sonoraenequipo.com.mx\/#\/schema\/person\/50102df0fb23a8fa9e8effad8fa81386"},"headline":"Sedesson entrega obras de rehabilitaci\u00f3n de espacios p\u00fablicos en la colonia Mallorca de Hermosillo","datePublished":"2022-12-30T16:48:27+00:00","dateModified":"2022-12-31T01:40:21+00:00","mainEntityOfPage":{"@id":"https:\/\/www.sonoraenequipo.com.mx\/sedesson-entrega-obras-de-rehabilitacion-de-espacios-publicos-en-la-colonia-mallorca-de-hermosillo\/"},"wordCount":308,"commentCount":0,"publisher":{"@id":"https:\/\/www.sonoraenequipo.com.mx\/#organization"},"image":{"@id":"https:\/\/www.sonoraenequipo.com.mx\/sedesson-entrega-obras-de-rehabilitacion-de-espacios-publicos-en-la-colonia-mallorca-de-hermosillo\/#primaryimage"},"thumbnailUrl":"https:\/\/www.sonoraenequipo.com.mx\/storage\/2022\/12\/parque.jpg","keywords":["Sedesson","Wendy Brice\u00f1o"],"articleSection":["Sin categorizar"],"inLanguage":"es","potentialAction":[{"@type":"CommentAction","name":"Comment","target":["https:\/\/www.sonoraenequipo.com.mx\/sedesson-entrega-obras-de-rehabilitacion-de-espacios-publicos-en-la-colonia-mallorca-de-hermosillo\/#respond"]}]},{"@type":"WebPage","@id":"https:\/\/www.sonoraenequipo.com.mx\/sedesson-entrega-obras-de-rehabilitacion-de-espacios-publicos-en-la-colonia-mallorca-de-hermosillo\/","url":"https:\/\/www.sonoraenequipo.com.mx\/sedesson-entrega-obras-de-rehabilitacion-de-espacios-publicos-en-la-colonia-mallorca-de-hermosillo\/","name":"Sonora en Equipo. Sedesson entrega obras de rehabilitaci\u00f3n de espacios p\u00fablicos en la colonia Mallorca de Hermosillo","isPartOf":{"@id":"https:\/\/www.sonoraenequipo.com.mx\/#website"},"primaryImageOfPage":{"@id":"https:\/\/www.sonoraenequipo.com.mx\/sedesson-entrega-obras-de-rehabilitacion-de-espacios-publicos-en-la-colonia-mallorca-de-hermosillo\/#primaryimage"},"image":{"@id":"https:\/\/www.sonoraenequipo.com.mx\/sedesson-entrega-obras-de-rehabilitacion-de-espacios-publicos-en-la-colonia-mallorca-de-hermosillo\/#primaryimage"},"thumbnailUrl":"https:\/\/www.sonoraenequipo.com.mx\/storage\/2022\/12\/parque.jpg","datePublished":"2022-12-30T16:48:27+00:00","dateModified":"2022-12-31T01:40:21+00:00","description":"HERMOSILLO, SONORA,MX.\u2500\u2500 Los trabajos del programa Barrio Vivo, impulsado por la Secretar\u00eda de Desarrollo Social del Estado de Sonora (Sedesson), llegaron En Sonora en Equipo publicamos toda la informaci\u00f3n de Sonora, M\u00e9xico y el Mundo de manera oportuna y busca que la libertad de expresi\u00f3n sea real. Visita nuestro medio informativo publicado desde Hermosillo, Sonora. %","breadcrumb":{"@id":"https:\/\/www.sonoraenequipo.com.mx\/sedesson-entrega-obras-de-rehabilitacion-de-espacios-publicos-en-la-colonia-mallorca-de-hermosillo\/#breadcrumb"},"inLanguage":"es","potentialAction":[{"@type":"ReadAction","target":["https:\/\/www.sonoraenequipo.com.mx\/sedesson-entrega-obras-de-rehabilitacion-de-espacios-publicos-en-la-colonia-mallorca-de-hermosillo\/"]}]},{"@type":"ImageObject","inLanguage":"es","@id":"https:\/\/www.sonoraenequipo.com.mx\/sedesson-entrega-obras-de-rehabilitacion-de-espacios-publicos-en-la-colonia-mallorca-de-hermosillo\/#primaryimage","url":"https:\/\/www.sonoraenequipo.com.mx\/storage\/2022\/12\/parque.jpg","contentUrl":"https:\/\/www.sonoraenequipo.com.mx\/storage\/2022\/12\/parque.jpg","width":600,"height":399},{"@type":"BreadcrumbList","@id":"https:\/\/www.sonoraenequipo.com.mx\/sedesson-entrega-obras-de-rehabilitacion-de-espacios-publicos-en-la-colonia-mallorca-de-hermosillo\/#breadcrumb","itemListElement":[{"@type":"ListItem","position":1,"name":"Portada","item":"https:\/\/www.sonoraenequipo.com.mx\/"},{"@type":"ListItem","position":2,"name":"Sedesson entrega obras de rehabilitaci\u00f3n de espacios p\u00fablicos en la colonia Mallorca de Hermosillo"}]},{"@type":"WebSite","@id":"https:\/\/www.sonoraenequipo.com.mx\/#website","url":"https:\/\/www.sonoraenequipo.com.mx\/","name":"Sonora en Equipo.","description":"Diario en l\u00ednea con Noticias desde Hermosillo, Sonora","publisher":{"@id":"https:\/\/www.sonoraenequipo.com.mx\/#organization"},"potentialAction":[{"@type":"SearchAction","target":{"@type":"EntryPoint","urlTemplate":"https:\/\/www.sonoraenequipo.com.mx\/?s={search_term_string}"},"query-input":{"@type":"PropertyValueSpecification","valueRequired":true,"valueName":"search_term_string"}}],"inLanguage":"es"},{"@type":"Organization","@id":"https:\/\/www.sonoraenequipo.com.mx\/#organization","name":"Sonoraenequipo.com.mx","url":"https:\/\/www.sonoraenequipo.com.mx\/","logo":{"@type":"ImageObject","inLanguage":"es","@id":"https:\/\/www.sonoraenequipo.com.mx\/#\/schema\/logo\/image\/","url":"https:\/\/www.sonoraenequipo.com.mx\/storage\/2019\/01\/sonoraenequipo_opt.png","contentUrl":"https:\/\/www.sonoraenequipo.com.mx\/storage\/2019\/01\/sonoraenequipo_opt.png","width":375,"height":125,"caption":"Sonoraenequipo.com.mx"},"image":{"@id":"https:\/\/www.sonoraenequipo.com.mx\/#\/schema\/logo\/image\/"},"sameAs":["https:\/\/www.facebook.com\/SonoraEE\/","https:\/\/x.com\/sonoraenequipo","https:\/\/www.youtube.com\/channel\/UC338nW-lPEYmJQs4ZABQ1SQ"]},{"@type":"Person","@id":"https:\/\/www.sonoraenequipo.com.mx\/#\/schema\/person\/50102df0fb23a8fa9e8effad8fa81386","name":"enequipo","image":{"@type":"ImageObject","inLanguage":"es","@id":"https:\/\/www.sonoraenequipo.com.mx\/#\/schema\/person\/image\/","url":"https:\/\/secure.gravatar.com\/avatar\/049821681b589dabc0bc20695993ccebb09f5b5d4d790cd9251b97faac7c652b?s=96&d=blank&r=g","contentUrl":"https:\/\/secure.gravatar.com\/avatar\/049821681b589dabc0bc20695993ccebb09f5b5d4d790cd9251b97faac7c652b?s=96&d=blank&r=g","caption":"enequipo"},"sameAs":["https:\/\/www.facebook.com\/SonoraEE"]}]}},"jetpack_featured_media_url":"https:\/\/www.sonoraenequipo.com.mx\/storage\/2022\/12\/parque.jpg","_links":{"self":[{"href":"https:\/\/www.sonoraenequipo.com.mx\/api\/wp\/v2\/posts\/155552","targetHints":{"allow":["GET"]}}],"collection":[{"href":"https:\/\/www.sonoraenequipo.com.mx\/api\/wp\/v2\/posts"}],"about":[{"href":"https:\/\/www.sonoraenequipo.com.mx\/api\/wp\/v2\/types\/post"}],"author":[{"embeddable":true,"href":"https:\/\/www.sonoraenequipo.com.mx\/api\/wp\/v2\/users\/1"}],"replies":[{"embeddable":true,"href":"https:\/\/www.sonoraenequipo.com.mx\/api\/wp\/v2\/comments?post=155552"}],"version-history":[{"count":1,"href":"https:\/\/www.sonoraenequipo.com.mx\/api\/wp\/v2\/posts\/155552\/revisions"}],"predecessor-version":[{"id":155555,"href":"https:\/\/www.sonoraenequipo.com.mx\/api\/wp\/v2\/posts\/155552\/revisions\/155555"}],"wp:featuredmedia":[{"embeddable":true,"href":"https:\/\/www.sonoraenequipo.com.mx\/api\/wp\/v2\/media\/155554"}],"wp:attachment":[{"href":"https:\/\/www.sonoraenequipo.com.mx\/api\/wp\/v2\/media?parent=155552"}],"wp:term":[{"taxonomy":"category","embeddable":true,"href":"https:\/\/www.sonoraenequipo.com.mx\/api\/wp\/v2\/categories?post=155552"},{"taxonomy":"post_tag","embeddable":true,"href":"https:\/\/www.sonoraenequipo.com.mx\/api\/wp\/v2\/tags?post=155552"}],"curies":[{"name":"wp","href":"https:\/\/api.w.org\/{rel}","templated":true}]}}