{"id":155775,"date":"2023-01-04T08:34:17","date_gmt":"2023-01-04T15:34:17","guid":{"rendered":"https:\/\/www.sonoraenequipo.com.mx\/?p=155775"},"modified":"2023-01-04T14:29:47","modified_gmt":"2023-01-04T21:29:47","slug":"reta-amlo-a-carlos-loret-de-mola-a-asistir-a-la-mananera","status":"publish","type":"post","link":"https:\/\/www.sonoraenequipo.com.mx\/reta-amlo-a-carlos-loret-de-mola-a-asistir-a-la-mananera\/","title":{"rendered":"Reta AMLO a Carlos Loret de Mola a asistir a la ma\u00f1anera"},"content":{"rendered":"<p><strong>CIUDAD DE M\u00c9XICO.MX. \u2014<\/strong> El presidente de la Rep\u00fablica, Andr\u00e9s Manuel L\u00f3pez Obrador, ret\u00f3 a Carlos Loret de Mola a presentarse en la ma\u00f1anera para explicar sobre el montaje de Florence Cassez e Israel Vallarta, por \u00f3rdenes de Genaro Garc\u00eda Luna.<\/p>\n<p>&nbsp;<\/p>\n<p> <\/p>\n<p>&nbsp;<\/p>\n<p><em><strong>\u201cY si de pasada nos explica c\u00f3mo fue que hizo el montaje cuando Garc\u00eda Luna, cuando agarraron, en televisi\u00f3n, meti\u00e9ndole su zape a Vallarta\u201d.<\/strong><\/em><\/p>\n<p>&nbsp;<\/p>\n<p>&nbsp;<\/p>\n<p>Critic\u00f3 a Carlos Loret de Mola por no ofrecerle respuesta a c\u00f3mo fue que hizo \u201ctanto dinero\u201d y cit\u00f3 las presuntas propiedades que posee el periodista en CDMX, Valle de Bravo y el extranjero.<\/p>\n<p>&nbsp;<\/p>\n<p>&nbsp;<\/p>\n<p><em><strong>\u201cNo me ha respondido Loret de Mola, no me ha podido explicar c\u00f3mo hizo tanto dinero. Porque tiene 6 u 8 departamentos, de lo que se conoce. Tiene uno que es de los m\u00e1s lujosos de M\u00e9xico. Tiene una mansi\u00f3n en Valle de Bravo y ya para vivir en Valle de Bravo; sus departamentos en el extranjero\u201d.<\/strong><\/em><\/p>\n<p>&nbsp;<\/p>\n<p>Por otra parte, se\u00f1al\u00f3 que Guillermo Sheridan y Enrique Krauze forman parte de un grupo de intelectuales del sector \u201cconservador\u201d que se form\u00f3 en el gobierno de Carlos Salinas y que ten\u00edan el papel de legitimar la corrupci\u00f3n.<\/p>\n<p>&nbsp;<\/p>\n<p>&nbsp;<\/p>\n<p><em><strong>\u201cEs toda una intelectualidad vinculada al conservadurismo. Se encargaban de legitimar la corrupci\u00f3n. Ten\u00edan el papel de alcahuetes del r\u00e9gimen. Recib\u00edan muchas prebendas en el gobierno de Carlos Salinas de Gortari\u201d<\/strong><\/em><\/p>\n<p>&nbsp;<\/p>\n<p>&nbsp;<\/p>\n<p>PUBLICADO EL 04\/ENERO\/2023<\/p>\n","protected":false},"excerpt":{"rendered":"<p>CIUDAD DE M\u00c9XICO.MX. \u2014 El presidente de la Rep\u00fablica, Andr\u00e9s Manuel L\u00f3pez Obrador, ret\u00f3 a&#8230;<\/p>\n","protected":false},"author":1,"featured_media":155803,"comment_status":"open","ping_status":"open","sticky":false,"template":"","format":"standard","meta":{"_monsterinsights_skip_tracking":false,"_monsterinsights_sitenote_active":false,"_monsterinsights_sitenote_note":"","_monsterinsights_sitenote_category":0,"footnotes":""},"categories":[5],"tags":[],"class_list":["post"],"yoast_head":" \n<title>Sonora en Equipo. Reta AMLO a Carlos Loret de Mola a asistir a la ma\u00f1anera Rep\u00fablica<\/title>\n<meta name=\"description\" content=\"CIUDAD DE M\u00c9XICO.MX. \u2014 El presidente de la Rep\u00fablica, Andr\u00e9s Manuel L\u00f3pez Obrador, ret\u00f3 a Carlos Loret de Mola a presentarse en la ma\u00f1anera para explicar En Sonora en Equipo publicamos toda la informaci\u00f3n de Sonora, M\u00e9xico y el Mundo de manera oportuna y busca que la libertad de expresi\u00f3n sea real. Visita nuestro medio informativo publicado desde Hermosillo, Sonora. %\" \/>\n<meta name=\"robots\" content=\"index, follow, max-snippet:-1, max-image-preview:large, max-video-preview:-1\" \/>\n<link rel=\"canonical\" href=\"https:\/\/www.sonoraenequipo.com.mx\/reta-amlo-a-carlos-loret-de-mola-a-asistir-a-la-mananera\/\" \/>\n<meta property=\"og:locale\" content=\"es_ES\" \/>\n<meta property=\"og:type\" content=\"article\" \/>\n<meta property=\"og:title\" content=\"Sonora en Equipo. Reta AMLO a Carlos Loret de Mola a asistir a la ma\u00f1anera Rep\u00fablica\" \/>\n<meta property=\"og:description\" content=\"CIUDAD DE M\u00c9XICO.MX. \u2014 El presidente de la Rep\u00fablica, Andr\u00e9s Manuel L\u00f3pez Obrador, ret\u00f3 a Carlos Loret de Mola a presentarse en la ma\u00f1anera para explicar En Sonora en Equipo publicamos toda la informaci\u00f3n de Sonora, M\u00e9xico y el Mundo de manera oportuna y busca que la libertad de expresi\u00f3n sea real. Visita nuestro medio informativo publicado desde Hermosillo, Sonora. %\" \/>\n<meta property=\"og:url\" content=\"https:\/\/www.sonoraenequipo.com.mx\/reta-amlo-a-carlos-loret-de-mola-a-asistir-a-la-mananera\/\" \/>\n<meta property=\"og:site_name\" content=\"Sonora en Equipo.\" \/>\n<meta property=\"article:publisher\" content=\"https:\/\/www.facebook.com\/SonoraEE\/\" \/>\n<meta property=\"article:author\" content=\"https:\/\/www.facebook.com\/SonoraEE\" \/>\n<meta property=\"article:published_time\" content=\"2023-01-04T15:34:17+00:00\" \/>\n<meta property=\"article:modified_time\" content=\"2023-01-04T21:29:47+00:00\" \/>\n<meta property=\"og:image\" content=\"https:\/\/www.sonoraenequipo.com.mx\/storage\/2023\/01\/carlos-loret-lord-montajes.jpg\" \/>\n\t<meta property=\"og:image:width\" content=\"882\" \/>\n\t<meta property=\"og:image:height\" content=\"504\" \/>\n\t<meta property=\"og:image:type\" content=\"image\/jpeg\" \/>\n<meta name=\"author\" content=\"enequipo\" \/>\n<meta name=\"twitter:card\" content=\"summary_large_image\" \/>\n<meta name=\"twitter:creator\" content=\"@sonoraenequipo\" \/>\n<meta name=\"twitter:site\" content=\"@sonoraenequipo\" \/>\n<meta name=\"twitter:label1\" content=\"Escrito por\" \/>\n\t<meta name=\"twitter:data1\" content=\"enequipo\" \/>\n\t<meta name=\"twitter:label2\" content=\"Tiempo de lectura\" \/>\n\t<meta name=\"twitter:data2\" content=\"1 minuto\" \/>\n<script type=\"application\/ld+json\" class=\"yoast-schema-graph\">{\"@context\":\"https:\/\/schema.org\",\"@graph\":[{\"@type\":\"Article\",\"@id\":\"https:\/\/www.sonoraenequipo.com.mx\/reta-amlo-a-carlos-loret-de-mola-a-asistir-a-la-mananera\/#article\",\"isPartOf\":{\"@id\":\"https:\/\/www.sonoraenequipo.com.mx\/reta-amlo-a-carlos-loret-de-mola-a-asistir-a-la-mananera\/\"},\"author\":{\"name\":\"enequipo\",\"@id\":\"https:\/\/www.sonoraenequipo.com.mx\/#\/schema\/person\/50102df0fb23a8fa9e8effad8fa81386\"},\"headline\":\"Reta AMLO a Carlos Loret de Mola a asistir a la ma\u00f1anera\",\"datePublished\":\"2023-01-04T15:34:17+00:00\",\"dateModified\":\"2023-01-04T21:29:47+00:00\",\"mainEntityOfPage\":{\"@id\":\"https:\/\/www.sonoraenequipo.com.mx\/reta-amlo-a-carlos-loret-de-mola-a-asistir-a-la-mananera\/\"},\"wordCount\":272,\"commentCount\":0,\"publisher\":{\"@id\":\"https:\/\/www.sonoraenequipo.com.mx\/#organization\"},\"image\":{\"@id\":\"https:\/\/www.sonoraenequipo.com.mx\/reta-amlo-a-carlos-loret-de-mola-a-asistir-a-la-mananera\/#primaryimage\"},\"thumbnailUrl\":\"https:\/\/www.sonoraenequipo.com.mx\/storage\/2023\/01\/carlos-loret-lord-montajes.jpg\",\"articleSection\":[\"Rep\u00fablica\"],\"inLanguage\":\"es\",\"potentialAction\":[{\"@type\":\"CommentAction\",\"name\":\"Comment\",\"target\":[\"https:\/\/www.sonoraenequipo.com.mx\/reta-amlo-a-carlos-loret-de-mola-a-asistir-a-la-mananera\/#respond\"]}]},{\"@type\":\"WebPage\",\"@id\":\"https:\/\/www.sonoraenequipo.com.mx\/reta-amlo-a-carlos-loret-de-mola-a-asistir-a-la-mananera\/\",\"url\":\"https:\/\/www.sonoraenequipo.com.mx\/reta-amlo-a-carlos-loret-de-mola-a-asistir-a-la-mananera\/\",\"name\":\"Sonora en Equipo. Reta AMLO a Carlos Loret de Mola a asistir a la ma\u00f1anera Rep\u00fablica\",\"isPartOf\":{\"@id\":\"https:\/\/www.sonoraenequipo.com.mx\/#website\"},\"primaryImageOfPage\":{\"@id\":\"https:\/\/www.sonoraenequipo.com.mx\/reta-amlo-a-carlos-loret-de-mola-a-asistir-a-la-mananera\/#primaryimage\"},\"image\":{\"@id\":\"https:\/\/www.sonoraenequipo.com.mx\/reta-amlo-a-carlos-loret-de-mola-a-asistir-a-la-mananera\/#primaryimage\"},\"thumbnailUrl\":\"https:\/\/www.sonoraenequipo.com.mx\/storage\/2023\/01\/carlos-loret-lord-montajes.jpg\",\"datePublished\":\"2023-01-04T15:34:17+00:00\",\"dateModified\":\"2023-01-04T21:29:47+00:00\",\"description\":\"CIUDAD DE M\u00c9XICO.MX. \u2014 El presidente de la Rep\u00fablica, Andr\u00e9s Manuel L\u00f3pez Obrador, ret\u00f3 a Carlos Loret de Mola a presentarse en la ma\u00f1anera para explicar En Sonora en Equipo publicamos toda la informaci\u00f3n de Sonora, M\u00e9xico y el Mundo de manera oportuna y busca que la libertad de expresi\u00f3n sea real. Visita nuestro medio informativo publicado desde Hermosillo, Sonora. %\",\"breadcrumb\":{\"@id\":\"https:\/\/www.sonoraenequipo.com.mx\/reta-amlo-a-carlos-loret-de-mola-a-asistir-a-la-mananera\/#breadcrumb\"},\"inLanguage\":\"es\",\"potentialAction\":[{\"@type\":\"ReadAction\",\"target\":[\"https:\/\/www.sonoraenequipo.com.mx\/reta-amlo-a-carlos-loret-de-mola-a-asistir-a-la-mananera\/\"]}]},{\"@type\":\"ImageObject\",\"inLanguage\":\"es\",\"@id\":\"https:\/\/www.sonoraenequipo.com.mx\/reta-amlo-a-carlos-loret-de-mola-a-asistir-a-la-mananera\/#primaryimage\",\"url\":\"https:\/\/www.sonoraenequipo.com.mx\/storage\/2023\/01\/carlos-loret-lord-montajes.jpg\",\"contentUrl\":\"https:\/\/www.sonoraenequipo.com.mx\/storage\/2023\/01\/carlos-loret-lord-montajes.jpg\",\"width\":882,\"height\":504},{\"@type\":\"BreadcrumbList\",\"@id\":\"https:\/\/www.sonoraenequipo.com.mx\/reta-amlo-a-carlos-loret-de-mola-a-asistir-a-la-mananera\/#breadcrumb\",\"itemListElement\":[{\"@type\":\"ListItem\",\"position\":1,\"name\":\"Portada\",\"item\":\"https:\/\/www.sonoraenequipo.com.mx\/\"},{\"@type\":\"ListItem\",\"position\":2,\"name\":\"Reta AMLO a Carlos Loret de Mola a asistir a la ma\u00f1anera\"}]},{\"@type\":\"WebSite\",\"@id\":\"https:\/\/www.sonoraenequipo.com.mx\/#website\",\"url\":\"https:\/\/www.sonoraenequipo.com.mx\/\",\"name\":\"Sonora en Equipo.\",\"description\":\"Diario en l\u00ednea con Noticias desde Hermosillo, Sonora\",\"publisher\":{\"@id\":\"https:\/\/www.sonoraenequipo.com.mx\/#organization\"},\"potentialAction\":[{\"@type\":\"SearchAction\",\"target\":{\"@type\":\"EntryPoint\",\"urlTemplate\":\"https:\/\/www.sonoraenequipo.com.mx\/?s={search_term_string}\"},\"query-input\":{\"@type\":\"PropertyValueSpecification\",\"valueRequired\":true,\"valueName\":\"search_term_string\"}}],\"inLanguage\":\"es\"},{\"@type\":\"Organization\",\"@id\":\"https:\/\/www.sonoraenequipo.com.mx\/#organization\",\"name\":\"Sonoraenequipo.com.mx\",\"url\":\"https:\/\/www.sonoraenequipo.com.mx\/\",\"logo\":{\"@type\":\"ImageObject\",\"inLanguage\":\"es\",\"@id\":\"https:\/\/www.sonoraenequipo.com.mx\/#\/schema\/logo\/image\/\",\"url\":\"https:\/\/www.sonoraenequipo.com.mx\/storage\/2019\/01\/sonoraenequipo_opt.png\",\"contentUrl\":\"https:\/\/www.sonoraenequipo.com.mx\/storage\/2019\/01\/sonoraenequipo_opt.png\",\"width\":375,\"height\":125,\"caption\":\"Sonoraenequipo.com.mx\"},\"image\":{\"@id\":\"https:\/\/www.sonoraenequipo.com.mx\/#\/schema\/logo\/image\/\"},\"sameAs\":[\"https:\/\/www.facebook.com\/SonoraEE\/\",\"https:\/\/x.com\/sonoraenequipo\",\"https:\/\/www.youtube.com\/channel\/UC338nW-lPEYmJQs4ZABQ1SQ\"]},{\"@type\":\"Person\",\"@id\":\"https:\/\/www.sonoraenequipo.com.mx\/#\/schema\/person\/50102df0fb23a8fa9e8effad8fa81386\",\"name\":\"enequipo\",\"image\":{\"@type\":\"ImageObject\",\"inLanguage\":\"es\",\"@id\":\"https:\/\/www.sonoraenequipo.com.mx\/#\/schema\/person\/image\/\",\"url\":\"https:\/\/secure.gravatar.com\/avatar\/049821681b589dabc0bc20695993ccebb09f5b5d4d790cd9251b97faac7c652b?s=96&d=blank&r=g\",\"contentUrl\":\"https:\/\/secure.gravatar.com\/avatar\/049821681b589dabc0bc20695993ccebb09f5b5d4d790cd9251b97faac7c652b?s=96&d=blank&r=g\",\"caption\":\"enequipo\"},\"sameAs\":[\"https:\/\/www.facebook.com\/SonoraEE\"]}]}<\/script>\n ","yoast_head_json":{"title":"Sonora en Equipo. Reta AMLO a Carlos Loret de Mola a asistir a la ma\u00f1anera Rep\u00fablica","description":"CIUDAD DE M\u00c9XICO.MX. \u2014 El presidente de la Rep\u00fablica, Andr\u00e9s Manuel L\u00f3pez Obrador, ret\u00f3 a Carlos Loret de Mola a presentarse en la ma\u00f1anera para explicar En Sonora en Equipo publicamos toda la informaci\u00f3n de Sonora, M\u00e9xico y el Mundo de manera oportuna y busca que la libertad de expresi\u00f3n sea real. Visita nuestro medio informativo publicado desde Hermosillo, Sonora. %","robots":{"index":"index","follow":"follow","max-snippet":"max-snippet:-1","max-image-preview":"max-image-preview:large","max-video-preview":"max-video-preview:-1"},"canonical":"https:\/\/www.sonoraenequipo.com.mx\/reta-amlo-a-carlos-loret-de-mola-a-asistir-a-la-mananera\/","og_locale":"es_ES","og_type":"article","og_title":"Sonora en Equipo. Reta AMLO a Carlos Loret de Mola a asistir a la ma\u00f1anera Rep\u00fablica","og_description":"CIUDAD DE M\u00c9XICO.MX. \u2014 El presidente de la Rep\u00fablica, Andr\u00e9s Manuel L\u00f3pez Obrador, ret\u00f3 a Carlos Loret de Mola a presentarse en la ma\u00f1anera para explicar En Sonora en Equipo publicamos toda la informaci\u00f3n de Sonora, M\u00e9xico y el Mundo de manera oportuna y busca que la libertad de expresi\u00f3n sea real. Visita nuestro medio informativo publicado desde Hermosillo, Sonora. %","og_url":"https:\/\/www.sonoraenequipo.com.mx\/reta-amlo-a-carlos-loret-de-mola-a-asistir-a-la-mananera\/","og_site_name":"Sonora en Equipo.","article_publisher":"https:\/\/www.facebook.com\/SonoraEE\/","article_author":"https:\/\/www.facebook.com\/SonoraEE","article_published_time":"2023-01-04T15:34:17+00:00","article_modified_time":"2023-01-04T21:29:47+00:00","og_image":[{"width":882,"height":504,"url":"https:\/\/www.sonoraenequipo.com.mx\/storage\/2023\/01\/carlos-loret-lord-montajes.jpg","type":"image\/jpeg"}],"author":"enequipo","twitter_card":"summary_large_image","twitter_creator":"@sonoraenequipo","twitter_site":"@sonoraenequipo","twitter_misc":{"Escrito por":"enequipo","Tiempo de lectura":"1 minuto"},"schema":{"@context":"https:\/\/schema.org","@graph":[{"@type":"Article","@id":"https:\/\/www.sonoraenequipo.com.mx\/reta-amlo-a-carlos-loret-de-mola-a-asistir-a-la-mananera\/#article","isPartOf":{"@id":"https:\/\/www.sonoraenequipo.com.mx\/reta-amlo-a-carlos-loret-de-mola-a-asistir-a-la-mananera\/"},"author":{"name":"enequipo","@id":"https:\/\/www.sonoraenequipo.com.mx\/#\/schema\/person\/50102df0fb23a8fa9e8effad8fa81386"},"headline":"Reta AMLO a Carlos Loret de Mola a asistir a la ma\u00f1anera","datePublished":"2023-01-04T15:34:17+00:00","dateModified":"2023-01-04T21:29:47+00:00","mainEntityOfPage":{"@id":"https:\/\/www.sonoraenequipo.com.mx\/reta-amlo-a-carlos-loret-de-mola-a-asistir-a-la-mananera\/"},"wordCount":272,"commentCount":0,"publisher":{"@id":"https:\/\/www.sonoraenequipo.com.mx\/#organization"},"image":{"@id":"https:\/\/www.sonoraenequipo.com.mx\/reta-amlo-a-carlos-loret-de-mola-a-asistir-a-la-mananera\/#primaryimage"},"thumbnailUrl":"https:\/\/www.sonoraenequipo.com.mx\/storage\/2023\/01\/carlos-loret-lord-montajes.jpg","articleSection":["Rep\u00fablica"],"inLanguage":"es","potentialAction":[{"@type":"CommentAction","name":"Comment","target":["https:\/\/www.sonoraenequipo.com.mx\/reta-amlo-a-carlos-loret-de-mola-a-asistir-a-la-mananera\/#respond"]}]},{"@type":"WebPage","@id":"https:\/\/www.sonoraenequipo.com.mx\/reta-amlo-a-carlos-loret-de-mola-a-asistir-a-la-mananera\/","url":"https:\/\/www.sonoraenequipo.com.mx\/reta-amlo-a-carlos-loret-de-mola-a-asistir-a-la-mananera\/","name":"Sonora en Equipo. Reta AMLO a Carlos Loret de Mola a asistir a la ma\u00f1anera Rep\u00fablica","isPartOf":{"@id":"https:\/\/www.sonoraenequipo.com.mx\/#website"},"primaryImageOfPage":{"@id":"https:\/\/www.sonoraenequipo.com.mx\/reta-amlo-a-carlos-loret-de-mola-a-asistir-a-la-mananera\/#primaryimage"},"image":{"@id":"https:\/\/www.sonoraenequipo.com.mx\/reta-amlo-a-carlos-loret-de-mola-a-asistir-a-la-mananera\/#primaryimage"},"thumbnailUrl":"https:\/\/www.sonoraenequipo.com.mx\/storage\/2023\/01\/carlos-loret-lord-montajes.jpg","datePublished":"2023-01-04T15:34:17+00:00","dateModified":"2023-01-04T21:29:47+00:00","description":"CIUDAD DE M\u00c9XICO.MX. \u2014 El presidente de la Rep\u00fablica, Andr\u00e9s Manuel L\u00f3pez Obrador, ret\u00f3 a Carlos Loret de Mola a presentarse en la ma\u00f1anera para explicar En Sonora en Equipo publicamos toda la informaci\u00f3n de Sonora, M\u00e9xico y el Mundo de manera oportuna y busca que la libertad de expresi\u00f3n sea real. Visita nuestro medio informativo publicado desde Hermosillo, Sonora. %","breadcrumb":{"@id":"https:\/\/www.sonoraenequipo.com.mx\/reta-amlo-a-carlos-loret-de-mola-a-asistir-a-la-mananera\/#breadcrumb"},"inLanguage":"es","potentialAction":[{"@type":"ReadAction","target":["https:\/\/www.sonoraenequipo.com.mx\/reta-amlo-a-carlos-loret-de-mola-a-asistir-a-la-mananera\/"]}]},{"@type":"ImageObject","inLanguage":"es","@id":"https:\/\/www.sonoraenequipo.com.mx\/reta-amlo-a-carlos-loret-de-mola-a-asistir-a-la-mananera\/#primaryimage","url":"https:\/\/www.sonoraenequipo.com.mx\/storage\/2023\/01\/carlos-loret-lord-montajes.jpg","contentUrl":"https:\/\/www.sonoraenequipo.com.mx\/storage\/2023\/01\/carlos-loret-lord-montajes.jpg","width":882,"height":504},{"@type":"BreadcrumbList","@id":"https:\/\/www.sonoraenequipo.com.mx\/reta-amlo-a-carlos-loret-de-mola-a-asistir-a-la-mananera\/#breadcrumb","itemListElement":[{"@type":"ListItem","position":1,"name":"Portada","item":"https:\/\/www.sonoraenequipo.com.mx\/"},{"@type":"ListItem","position":2,"name":"Reta AMLO a Carlos Loret de Mola a asistir a la ma\u00f1anera"}]},{"@type":"WebSite","@id":"https:\/\/www.sonoraenequipo.com.mx\/#website","url":"https:\/\/www.sonoraenequipo.com.mx\/","name":"Sonora en Equipo.","description":"Diario en l\u00ednea con Noticias desde Hermosillo, Sonora","publisher":{"@id":"https:\/\/www.sonoraenequipo.com.mx\/#organization"},"potentialAction":[{"@type":"SearchAction","target":{"@type":"EntryPoint","urlTemplate":"https:\/\/www.sonoraenequipo.com.mx\/?s={search_term_string}"},"query-input":{"@type":"PropertyValueSpecification","valueRequired":true,"valueName":"search_term_string"}}],"inLanguage":"es"},{"@type":"Organization","@id":"https:\/\/www.sonoraenequipo.com.mx\/#organization","name":"Sonoraenequipo.com.mx","url":"https:\/\/www.sonoraenequipo.com.mx\/","logo":{"@type":"ImageObject","inLanguage":"es","@id":"https:\/\/www.sonoraenequipo.com.mx\/#\/schema\/logo\/image\/","url":"https:\/\/www.sonoraenequipo.com.mx\/storage\/2019\/01\/sonoraenequipo_opt.png","contentUrl":"https:\/\/www.sonoraenequipo.com.mx\/storage\/2019\/01\/sonoraenequipo_opt.png","width":375,"height":125,"caption":"Sonoraenequipo.com.mx"},"image":{"@id":"https:\/\/www.sonoraenequipo.com.mx\/#\/schema\/logo\/image\/"},"sameAs":["https:\/\/www.facebook.com\/SonoraEE\/","https:\/\/x.com\/sonoraenequipo","https:\/\/www.youtube.com\/channel\/UC338nW-lPEYmJQs4ZABQ1SQ"]},{"@type":"Person","@id":"https:\/\/www.sonoraenequipo.com.mx\/#\/schema\/person\/50102df0fb23a8fa9e8effad8fa81386","name":"enequipo","image":{"@type":"ImageObject","inLanguage":"es","@id":"https:\/\/www.sonoraenequipo.com.mx\/#\/schema\/person\/image\/","url":"https:\/\/secure.gravatar.com\/avatar\/049821681b589dabc0bc20695993ccebb09f5b5d4d790cd9251b97faac7c652b?s=96&d=blank&r=g","contentUrl":"https:\/\/secure.gravatar.com\/avatar\/049821681b589dabc0bc20695993ccebb09f5b5d4d790cd9251b97faac7c652b?s=96&d=blank&r=g","caption":"enequipo"},"sameAs":["https:\/\/www.facebook.com\/SonoraEE"]}]}},"jetpack_featured_media_url":"https:\/\/www.sonoraenequipo.com.mx\/storage\/2023\/01\/carlos-loret-lord-montajes.jpg","_links":{"self":[{"href":"https:\/\/www.sonoraenequipo.com.mx\/api\/wp\/v2\/posts\/155775","targetHints":{"allow":["GET"]}}],"collection":[{"href":"https:\/\/www.sonoraenequipo.com.mx\/api\/wp\/v2\/posts"}],"about":[{"href":"https:\/\/www.sonoraenequipo.com.mx\/api\/wp\/v2\/types\/post"}],"author":[{"embeddable":true,"href":"https:\/\/www.sonoraenequipo.com.mx\/api\/wp\/v2\/users\/1"}],"replies":[{"embeddable":true,"href":"https:\/\/www.sonoraenequipo.com.mx\/api\/wp\/v2\/comments?post=155775"}],"version-history":[{"count":1,"href":"https:\/\/www.sonoraenequipo.com.mx\/api\/wp\/v2\/posts\/155775\/revisions"}],"predecessor-version":[{"id":155814,"href":"https:\/\/www.sonoraenequipo.com.mx\/api\/wp\/v2\/posts\/155775\/revisions\/155814"}],"wp:featuredmedia":[{"embeddable":true,"href":"https:\/\/www.sonoraenequipo.com.mx\/api\/wp\/v2\/media\/155803"}],"wp:attachment":[{"href":"https:\/\/www.sonoraenequipo.com.mx\/api\/wp\/v2\/media?parent=155775"}],"wp:term":[{"taxonomy":"category","embeddable":true,"href":"https:\/\/www.sonoraenequipo.com.mx\/api\/wp\/v2\/categories?post=155775"},{"taxonomy":"post_tag","embeddable":true,"href":"https:\/\/www.sonoraenequipo.com.mx\/api\/wp\/v2\/tags?post=155775"}],"curies":[{"name":"wp","href":"https:\/\/api.w.org\/{rel}","templated":true}]}}