{"id":155776,"date":"2023-01-04T10:56:36","date_gmt":"2023-01-04T17:56:36","guid":{"rendered":"https:\/\/www.sonoraenequipo.com.mx\/?p=155776"},"modified":"2023-01-04T14:28:59","modified_gmt":"2023-01-04T21:28:59","slug":"rescatan-policia-de-hermosillo-y-pesp-a-dos-personas-secuestradas","status":"publish","type":"post","link":"https:\/\/www.sonoraenequipo.com.mx\/rescatan-policia-de-hermosillo-y-pesp-a-dos-personas-secuestradas\/","title":{"rendered":"Rescatan Polic\u00eda de Hermosillo y PESP\u00a0 a dos personas secuestradas"},"content":{"rendered":"<p>\u25baEn el operativo realizado en la colonia Ley 57 arrestan a un presunto delincuente; la tercer v\u00edctima logr\u00f3 escapar y reportar el il\u00edcito<\/p>\n<p>&nbsp;<\/p>\n<p><strong>HERMOSILLO, SONORA,MX.<\/strong><strong>\u2500\u2500<\/strong> Elementos de la Polic\u00eda Preventiva como primeros respondientes junto con la Polic\u00eda Estatal liberaron a un hombre y una mujer privadas de su libertad en la colonia Ley 57, en donde se detuvo a un presunto delincuente.<\/p>\n<p>&nbsp;<\/p>\n<p>A las 08:00 horas de hoy, los oficiales preventivos se dirigieron a un negocio ubicado en las calles Art\u00edculo 123 entre Reyes y H\u00e9roes de Caborca, a donde una mujer lleg\u00f3 a pedir ayuda ya que hab\u00eda escapado de una casa de ese sector tras ser privada de su libertad.<\/p>\n<p>&nbsp;<\/p>\n<p>La mujer de 48 a\u00f1os de edad inform\u00f3 a los agentes que en la vivienda se encontraban otras dos personas privadas de su libertad y eran vigiladas por un individuo.<\/p>\n<p>&nbsp;<\/p>\n<p>De inmediato los oficiales se dirigieron a la casa,\u00a0 en donde arrestaron a Javier \u00abN\u00bb de 27 a\u00f1os de edad, quien qued\u00f3 a disposici\u00f3n del Ministerio P\u00fablico correspondiente.<\/p>\n<p>&nbsp;<\/p>\n<p>En uno de los cuartos de la vivienda encontraron atados de pies y manos a una mujer y un joven de 40 y 25 a\u00f1os respectivamente, quienes r\u00e1pidamente fueron rescatados.<\/p>\n<p>&nbsp;<\/p>\n<p>Asimismo al ahora detenido se le asegur\u00f3 un arma de fuego de uso exclusivo del ej\u00e9rcito, calibre 9 mil\u00edmetros.<\/p>\n<p><strong><em><u>Fecha de publicaci\u00f3n\u00a0\u00a0 mi\u00e9rcoles 4 de enero de 2023 con informaci\u00f3n de boletines<\/u><\/em><\/strong><\/p>\n","protected":false},"excerpt":{"rendered":"<p>\u25baEn el operativo realizado en la colonia Ley 57 arrestan a un presunto delincuente; la&#8230;<\/p>\n","protected":false},"author":1,"featured_media":155777,"comment_status":"open","ping_status":"open","sticky":false,"template":"","format":"standard","meta":{"_monsterinsights_skip_tracking":false,"_monsterinsights_sitenote_active":false,"_monsterinsights_sitenote_note":"","_monsterinsights_sitenote_category":0,"footnotes":""},"categories":[3144],"tags":[35,2671,15],"class_list":["post"],"yoast_head":" \n<title>Sonora en Equipo. Rescatan Polic\u00eda de Hermosillo y PESP\u00a0 a dos personas secuestradas Polic\u00edaca<\/title>\n<meta name=\"description\" content=\"\u25baEn el operativo realizado en la colonia Ley 57 arrestan a un presunto delincuente; la tercer v\u00edctima logr\u00f3 escapar y reportar el il\u00edcito &nbsp; En Sonora en Equipo publicamos toda la informaci\u00f3n de Sonora, M\u00e9xico y el Mundo de manera oportuna y busca que la libertad de expresi\u00f3n sea real. Visita nuestro medio informativo publicado desde Hermosillo, Sonora. %\" \/>\n<meta name=\"robots\" content=\"index, follow, max-snippet:-1, max-image-preview:large, max-video-preview:-1\" \/>\n<link rel=\"canonical\" href=\"https:\/\/www.sonoraenequipo.com.mx\/rescatan-policia-de-hermosillo-y-pesp-a-dos-personas-secuestradas\/\" \/>\n<meta property=\"og:locale\" content=\"es_ES\" \/>\n<meta property=\"og:type\" content=\"article\" \/>\n<meta property=\"og:title\" content=\"Sonora en Equipo. Rescatan Polic\u00eda de Hermosillo y PESP\u00a0 a dos personas secuestradas Polic\u00edaca\" \/>\n<meta property=\"og:description\" content=\"\u25baEn el operativo realizado en la colonia Ley 57 arrestan a un presunto delincuente; la tercer v\u00edctima logr\u00f3 escapar y reportar el il\u00edcito &nbsp; En Sonora en Equipo publicamos toda la informaci\u00f3n de Sonora, M\u00e9xico y el Mundo de manera oportuna y busca que la libertad de expresi\u00f3n sea real. Visita nuestro medio informativo publicado desde Hermosillo, Sonora. %\" \/>\n<meta property=\"og:url\" content=\"https:\/\/www.sonoraenequipo.com.mx\/rescatan-policia-de-hermosillo-y-pesp-a-dos-personas-secuestradas\/\" \/>\n<meta property=\"og:site_name\" content=\"Sonora en Equipo.\" \/>\n<meta property=\"article:publisher\" content=\"https:\/\/www.facebook.com\/SonoraEE\/\" \/>\n<meta property=\"article:author\" content=\"https:\/\/www.facebook.com\/SonoraEE\" \/>\n<meta property=\"article:published_time\" content=\"2023-01-04T17:56:36+00:00\" \/>\n<meta property=\"article:modified_time\" content=\"2023-01-04T21:28:59+00:00\" \/>\n<meta property=\"og:image\" content=\"https:\/\/www.sonoraenequipo.com.mx\/storage\/2023\/01\/secuestro-hmo.jpg\" \/>\n\t<meta property=\"og:image:width\" content=\"600\" \/>\n\t<meta property=\"og:image:height\" content=\"400\" \/>\n\t<meta property=\"og:image:type\" content=\"image\/jpeg\" \/>\n<meta name=\"author\" content=\"enequipo\" \/>\n<meta name=\"twitter:card\" content=\"summary_large_image\" \/>\n<meta name=\"twitter:creator\" content=\"@sonoraenequipo\" \/>\n<meta name=\"twitter:site\" content=\"@sonoraenequipo\" \/>\n<meta name=\"twitter:label1\" content=\"Escrito por\" \/>\n\t<meta name=\"twitter:data1\" content=\"enequipo\" \/>\n\t<meta name=\"twitter:label2\" content=\"Tiempo de lectura\" \/>\n\t<meta name=\"twitter:data2\" content=\"1 minuto\" \/>\n<script type=\"application\/ld+json\" class=\"yoast-schema-graph\">{\"@context\":\"https:\/\/schema.org\",\"@graph\":[{\"@type\":\"Article\",\"@id\":\"https:\/\/www.sonoraenequipo.com.mx\/rescatan-policia-de-hermosillo-y-pesp-a-dos-personas-secuestradas\/#article\",\"isPartOf\":{\"@id\":\"https:\/\/www.sonoraenequipo.com.mx\/rescatan-policia-de-hermosillo-y-pesp-a-dos-personas-secuestradas\/\"},\"author\":{\"name\":\"enequipo\",\"@id\":\"https:\/\/www.sonoraenequipo.com.mx\/#\/schema\/person\/50102df0fb23a8fa9e8effad8fa81386\"},\"headline\":\"Rescatan Polic\u00eda de Hermosillo y PESP\u00a0 a dos personas secuestradas\",\"datePublished\":\"2023-01-04T17:56:36+00:00\",\"dateModified\":\"2023-01-04T21:28:59+00:00\",\"mainEntityOfPage\":{\"@id\":\"https:\/\/www.sonoraenequipo.com.mx\/rescatan-policia-de-hermosillo-y-pesp-a-dos-personas-secuestradas\/\"},\"wordCount\":257,\"commentCount\":0,\"publisher\":{\"@id\":\"https:\/\/www.sonoraenequipo.com.mx\/#organization\"},\"image\":{\"@id\":\"https:\/\/www.sonoraenequipo.com.mx\/rescatan-policia-de-hermosillo-y-pesp-a-dos-personas-secuestradas\/#primaryimage\"},\"thumbnailUrl\":\"https:\/\/www.sonoraenequipo.com.mx\/storage\/2023\/01\/secuestro-hmo.jpg\",\"keywords\":[\"hermosillo\",\"secuestros\",\"Sonora\"],\"articleSection\":[\"Polic\u00edaca\"],\"inLanguage\":\"es\",\"potentialAction\":[{\"@type\":\"CommentAction\",\"name\":\"Comment\",\"target\":[\"https:\/\/www.sonoraenequipo.com.mx\/rescatan-policia-de-hermosillo-y-pesp-a-dos-personas-secuestradas\/#respond\"]}]},{\"@type\":\"WebPage\",\"@id\":\"https:\/\/www.sonoraenequipo.com.mx\/rescatan-policia-de-hermosillo-y-pesp-a-dos-personas-secuestradas\/\",\"url\":\"https:\/\/www.sonoraenequipo.com.mx\/rescatan-policia-de-hermosillo-y-pesp-a-dos-personas-secuestradas\/\",\"name\":\"Sonora en Equipo. Rescatan Polic\u00eda de Hermosillo y PESP\u00a0 a dos personas secuestradas Polic\u00edaca\",\"isPartOf\":{\"@id\":\"https:\/\/www.sonoraenequipo.com.mx\/#website\"},\"primaryImageOfPage\":{\"@id\":\"https:\/\/www.sonoraenequipo.com.mx\/rescatan-policia-de-hermosillo-y-pesp-a-dos-personas-secuestradas\/#primaryimage\"},\"image\":{\"@id\":\"https:\/\/www.sonoraenequipo.com.mx\/rescatan-policia-de-hermosillo-y-pesp-a-dos-personas-secuestradas\/#primaryimage\"},\"thumbnailUrl\":\"https:\/\/www.sonoraenequipo.com.mx\/storage\/2023\/01\/secuestro-hmo.jpg\",\"datePublished\":\"2023-01-04T17:56:36+00:00\",\"dateModified\":\"2023-01-04T21:28:59+00:00\",\"description\":\"\u25baEn el operativo realizado en la colonia Ley 57 arrestan a un presunto delincuente; la tercer v\u00edctima logr\u00f3 escapar y reportar el il\u00edcito &nbsp; En Sonora en Equipo publicamos toda la informaci\u00f3n de Sonora, M\u00e9xico y el Mundo de manera oportuna y busca que la libertad de expresi\u00f3n sea real. Visita nuestro medio informativo publicado desde Hermosillo, Sonora. %\",\"breadcrumb\":{\"@id\":\"https:\/\/www.sonoraenequipo.com.mx\/rescatan-policia-de-hermosillo-y-pesp-a-dos-personas-secuestradas\/#breadcrumb\"},\"inLanguage\":\"es\",\"potentialAction\":[{\"@type\":\"ReadAction\",\"target\":[\"https:\/\/www.sonoraenequipo.com.mx\/rescatan-policia-de-hermosillo-y-pesp-a-dos-personas-secuestradas\/\"]}]},{\"@type\":\"ImageObject\",\"inLanguage\":\"es\",\"@id\":\"https:\/\/www.sonoraenequipo.com.mx\/rescatan-policia-de-hermosillo-y-pesp-a-dos-personas-secuestradas\/#primaryimage\",\"url\":\"https:\/\/www.sonoraenequipo.com.mx\/storage\/2023\/01\/secuestro-hmo.jpg\",\"contentUrl\":\"https:\/\/www.sonoraenequipo.com.mx\/storage\/2023\/01\/secuestro-hmo.jpg\",\"width\":600,\"height\":400},{\"@type\":\"BreadcrumbList\",\"@id\":\"https:\/\/www.sonoraenequipo.com.mx\/rescatan-policia-de-hermosillo-y-pesp-a-dos-personas-secuestradas\/#breadcrumb\",\"itemListElement\":[{\"@type\":\"ListItem\",\"position\":1,\"name\":\"Portada\",\"item\":\"https:\/\/www.sonoraenequipo.com.mx\/\"},{\"@type\":\"ListItem\",\"position\":2,\"name\":\"Rescatan Polic\u00eda de Hermosillo y PESP\u00a0 a dos personas secuestradas\"}]},{\"@type\":\"WebSite\",\"@id\":\"https:\/\/www.sonoraenequipo.com.mx\/#website\",\"url\":\"https:\/\/www.sonoraenequipo.com.mx\/\",\"name\":\"Sonora en Equipo.\",\"description\":\"Diario en l\u00ednea con Noticias desde Hermosillo, Sonora\",\"publisher\":{\"@id\":\"https:\/\/www.sonoraenequipo.com.mx\/#organization\"},\"potentialAction\":[{\"@type\":\"SearchAction\",\"target\":{\"@type\":\"EntryPoint\",\"urlTemplate\":\"https:\/\/www.sonoraenequipo.com.mx\/?s={search_term_string}\"},\"query-input\":{\"@type\":\"PropertyValueSpecification\",\"valueRequired\":true,\"valueName\":\"search_term_string\"}}],\"inLanguage\":\"es\"},{\"@type\":\"Organization\",\"@id\":\"https:\/\/www.sonoraenequipo.com.mx\/#organization\",\"name\":\"Sonoraenequipo.com.mx\",\"url\":\"https:\/\/www.sonoraenequipo.com.mx\/\",\"logo\":{\"@type\":\"ImageObject\",\"inLanguage\":\"es\",\"@id\":\"https:\/\/www.sonoraenequipo.com.mx\/#\/schema\/logo\/image\/\",\"url\":\"https:\/\/www.sonoraenequipo.com.mx\/storage\/2019\/01\/sonoraenequipo_opt.png\",\"contentUrl\":\"https:\/\/www.sonoraenequipo.com.mx\/storage\/2019\/01\/sonoraenequipo_opt.png\",\"width\":375,\"height\":125,\"caption\":\"Sonoraenequipo.com.mx\"},\"image\":{\"@id\":\"https:\/\/www.sonoraenequipo.com.mx\/#\/schema\/logo\/image\/\"},\"sameAs\":[\"https:\/\/www.facebook.com\/SonoraEE\/\",\"https:\/\/x.com\/sonoraenequipo\",\"https:\/\/www.youtube.com\/channel\/UC338nW-lPEYmJQs4ZABQ1SQ\"]},{\"@type\":\"Person\",\"@id\":\"https:\/\/www.sonoraenequipo.com.mx\/#\/schema\/person\/50102df0fb23a8fa9e8effad8fa81386\",\"name\":\"enequipo\",\"image\":{\"@type\":\"ImageObject\",\"inLanguage\":\"es\",\"@id\":\"https:\/\/www.sonoraenequipo.com.mx\/#\/schema\/person\/image\/\",\"url\":\"https:\/\/secure.gravatar.com\/avatar\/049821681b589dabc0bc20695993ccebb09f5b5d4d790cd9251b97faac7c652b?s=96&d=blank&r=g\",\"contentUrl\":\"https:\/\/secure.gravatar.com\/avatar\/049821681b589dabc0bc20695993ccebb09f5b5d4d790cd9251b97faac7c652b?s=96&d=blank&r=g\",\"caption\":\"enequipo\"},\"sameAs\":[\"https:\/\/www.facebook.com\/SonoraEE\"]}]}<\/script>\n ","yoast_head_json":{"title":"Sonora en Equipo. Rescatan Polic\u00eda de Hermosillo y PESP\u00a0 a dos personas secuestradas Polic\u00edaca","description":"\u25baEn el operativo realizado en la colonia Ley 57 arrestan a un presunto delincuente; la tercer v\u00edctima logr\u00f3 escapar y reportar el il\u00edcito &nbsp; En Sonora en Equipo publicamos toda la informaci\u00f3n de Sonora, M\u00e9xico y el Mundo de manera oportuna y busca que la libertad de expresi\u00f3n sea real. Visita nuestro medio informativo publicado desde Hermosillo, Sonora. %","robots":{"index":"index","follow":"follow","max-snippet":"max-snippet:-1","max-image-preview":"max-image-preview:large","max-video-preview":"max-video-preview:-1"},"canonical":"https:\/\/www.sonoraenequipo.com.mx\/rescatan-policia-de-hermosillo-y-pesp-a-dos-personas-secuestradas\/","og_locale":"es_ES","og_type":"article","og_title":"Sonora en Equipo. Rescatan Polic\u00eda de Hermosillo y PESP\u00a0 a dos personas secuestradas Polic\u00edaca","og_description":"\u25baEn el operativo realizado en la colonia Ley 57 arrestan a un presunto delincuente; la tercer v\u00edctima logr\u00f3 escapar y reportar el il\u00edcito &nbsp; En Sonora en Equipo publicamos toda la informaci\u00f3n de Sonora, M\u00e9xico y el Mundo de manera oportuna y busca que la libertad de expresi\u00f3n sea real. Visita nuestro medio informativo publicado desde Hermosillo, Sonora. %","og_url":"https:\/\/www.sonoraenequipo.com.mx\/rescatan-policia-de-hermosillo-y-pesp-a-dos-personas-secuestradas\/","og_site_name":"Sonora en Equipo.","article_publisher":"https:\/\/www.facebook.com\/SonoraEE\/","article_author":"https:\/\/www.facebook.com\/SonoraEE","article_published_time":"2023-01-04T17:56:36+00:00","article_modified_time":"2023-01-04T21:28:59+00:00","og_image":[{"width":600,"height":400,"url":"https:\/\/www.sonoraenequipo.com.mx\/storage\/2023\/01\/secuestro-hmo.jpg","type":"image\/jpeg"}],"author":"enequipo","twitter_card":"summary_large_image","twitter_creator":"@sonoraenequipo","twitter_site":"@sonoraenequipo","twitter_misc":{"Escrito por":"enequipo","Tiempo de lectura":"1 minuto"},"schema":{"@context":"https:\/\/schema.org","@graph":[{"@type":"Article","@id":"https:\/\/www.sonoraenequipo.com.mx\/rescatan-policia-de-hermosillo-y-pesp-a-dos-personas-secuestradas\/#article","isPartOf":{"@id":"https:\/\/www.sonoraenequipo.com.mx\/rescatan-policia-de-hermosillo-y-pesp-a-dos-personas-secuestradas\/"},"author":{"name":"enequipo","@id":"https:\/\/www.sonoraenequipo.com.mx\/#\/schema\/person\/50102df0fb23a8fa9e8effad8fa81386"},"headline":"Rescatan Polic\u00eda de Hermosillo y PESP\u00a0 a dos personas secuestradas","datePublished":"2023-01-04T17:56:36+00:00","dateModified":"2023-01-04T21:28:59+00:00","mainEntityOfPage":{"@id":"https:\/\/www.sonoraenequipo.com.mx\/rescatan-policia-de-hermosillo-y-pesp-a-dos-personas-secuestradas\/"},"wordCount":257,"commentCount":0,"publisher":{"@id":"https:\/\/www.sonoraenequipo.com.mx\/#organization"},"image":{"@id":"https:\/\/www.sonoraenequipo.com.mx\/rescatan-policia-de-hermosillo-y-pesp-a-dos-personas-secuestradas\/#primaryimage"},"thumbnailUrl":"https:\/\/www.sonoraenequipo.com.mx\/storage\/2023\/01\/secuestro-hmo.jpg","keywords":["hermosillo","secuestros","Sonora"],"articleSection":["Polic\u00edaca"],"inLanguage":"es","potentialAction":[{"@type":"CommentAction","name":"Comment","target":["https:\/\/www.sonoraenequipo.com.mx\/rescatan-policia-de-hermosillo-y-pesp-a-dos-personas-secuestradas\/#respond"]}]},{"@type":"WebPage","@id":"https:\/\/www.sonoraenequipo.com.mx\/rescatan-policia-de-hermosillo-y-pesp-a-dos-personas-secuestradas\/","url":"https:\/\/www.sonoraenequipo.com.mx\/rescatan-policia-de-hermosillo-y-pesp-a-dos-personas-secuestradas\/","name":"Sonora en Equipo. Rescatan Polic\u00eda de Hermosillo y PESP\u00a0 a dos personas secuestradas Polic\u00edaca","isPartOf":{"@id":"https:\/\/www.sonoraenequipo.com.mx\/#website"},"primaryImageOfPage":{"@id":"https:\/\/www.sonoraenequipo.com.mx\/rescatan-policia-de-hermosillo-y-pesp-a-dos-personas-secuestradas\/#primaryimage"},"image":{"@id":"https:\/\/www.sonoraenequipo.com.mx\/rescatan-policia-de-hermosillo-y-pesp-a-dos-personas-secuestradas\/#primaryimage"},"thumbnailUrl":"https:\/\/www.sonoraenequipo.com.mx\/storage\/2023\/01\/secuestro-hmo.jpg","datePublished":"2023-01-04T17:56:36+00:00","dateModified":"2023-01-04T21:28:59+00:00","description":"\u25baEn el operativo realizado en la colonia Ley 57 arrestan a un presunto delincuente; la tercer v\u00edctima logr\u00f3 escapar y reportar el il\u00edcito &nbsp; En Sonora en Equipo publicamos toda la informaci\u00f3n de Sonora, M\u00e9xico y el Mundo de manera oportuna y busca que la libertad de expresi\u00f3n sea real. Visita nuestro medio informativo publicado desde Hermosillo, Sonora. %","breadcrumb":{"@id":"https:\/\/www.sonoraenequipo.com.mx\/rescatan-policia-de-hermosillo-y-pesp-a-dos-personas-secuestradas\/#breadcrumb"},"inLanguage":"es","potentialAction":[{"@type":"ReadAction","target":["https:\/\/www.sonoraenequipo.com.mx\/rescatan-policia-de-hermosillo-y-pesp-a-dos-personas-secuestradas\/"]}]},{"@type":"ImageObject","inLanguage":"es","@id":"https:\/\/www.sonoraenequipo.com.mx\/rescatan-policia-de-hermosillo-y-pesp-a-dos-personas-secuestradas\/#primaryimage","url":"https:\/\/www.sonoraenequipo.com.mx\/storage\/2023\/01\/secuestro-hmo.jpg","contentUrl":"https:\/\/www.sonoraenequipo.com.mx\/storage\/2023\/01\/secuestro-hmo.jpg","width":600,"height":400},{"@type":"BreadcrumbList","@id":"https:\/\/www.sonoraenequipo.com.mx\/rescatan-policia-de-hermosillo-y-pesp-a-dos-personas-secuestradas\/#breadcrumb","itemListElement":[{"@type":"ListItem","position":1,"name":"Portada","item":"https:\/\/www.sonoraenequipo.com.mx\/"},{"@type":"ListItem","position":2,"name":"Rescatan Polic\u00eda de Hermosillo y PESP\u00a0 a dos personas secuestradas"}]},{"@type":"WebSite","@id":"https:\/\/www.sonoraenequipo.com.mx\/#website","url":"https:\/\/www.sonoraenequipo.com.mx\/","name":"Sonora en Equipo.","description":"Diario en l\u00ednea con Noticias desde Hermosillo, Sonora","publisher":{"@id":"https:\/\/www.sonoraenequipo.com.mx\/#organization"},"potentialAction":[{"@type":"SearchAction","target":{"@type":"EntryPoint","urlTemplate":"https:\/\/www.sonoraenequipo.com.mx\/?s={search_term_string}"},"query-input":{"@type":"PropertyValueSpecification","valueRequired":true,"valueName":"search_term_string"}}],"inLanguage":"es"},{"@type":"Organization","@id":"https:\/\/www.sonoraenequipo.com.mx\/#organization","name":"Sonoraenequipo.com.mx","url":"https:\/\/www.sonoraenequipo.com.mx\/","logo":{"@type":"ImageObject","inLanguage":"es","@id":"https:\/\/www.sonoraenequipo.com.mx\/#\/schema\/logo\/image\/","url":"https:\/\/www.sonoraenequipo.com.mx\/storage\/2019\/01\/sonoraenequipo_opt.png","contentUrl":"https:\/\/www.sonoraenequipo.com.mx\/storage\/2019\/01\/sonoraenequipo_opt.png","width":375,"height":125,"caption":"Sonoraenequipo.com.mx"},"image":{"@id":"https:\/\/www.sonoraenequipo.com.mx\/#\/schema\/logo\/image\/"},"sameAs":["https:\/\/www.facebook.com\/SonoraEE\/","https:\/\/x.com\/sonoraenequipo","https:\/\/www.youtube.com\/channel\/UC338nW-lPEYmJQs4ZABQ1SQ"]},{"@type":"Person","@id":"https:\/\/www.sonoraenequipo.com.mx\/#\/schema\/person\/50102df0fb23a8fa9e8effad8fa81386","name":"enequipo","image":{"@type":"ImageObject","inLanguage":"es","@id":"https:\/\/www.sonoraenequipo.com.mx\/#\/schema\/person\/image\/","url":"https:\/\/secure.gravatar.com\/avatar\/049821681b589dabc0bc20695993ccebb09f5b5d4d790cd9251b97faac7c652b?s=96&d=blank&r=g","contentUrl":"https:\/\/secure.gravatar.com\/avatar\/049821681b589dabc0bc20695993ccebb09f5b5d4d790cd9251b97faac7c652b?s=96&d=blank&r=g","caption":"enequipo"},"sameAs":["https:\/\/www.facebook.com\/SonoraEE"]}]}},"jetpack_featured_media_url":"https:\/\/www.sonoraenequipo.com.mx\/storage\/2023\/01\/secuestro-hmo.jpg","_links":{"self":[{"href":"https:\/\/www.sonoraenequipo.com.mx\/api\/wp\/v2\/posts\/155776","targetHints":{"allow":["GET"]}}],"collection":[{"href":"https:\/\/www.sonoraenequipo.com.mx\/api\/wp\/v2\/posts"}],"about":[{"href":"https:\/\/www.sonoraenequipo.com.mx\/api\/wp\/v2\/types\/post"}],"author":[{"embeddable":true,"href":"https:\/\/www.sonoraenequipo.com.mx\/api\/wp\/v2\/users\/1"}],"replies":[{"embeddable":true,"href":"https:\/\/www.sonoraenequipo.com.mx\/api\/wp\/v2\/comments?post=155776"}],"version-history":[{"count":1,"href":"https:\/\/www.sonoraenequipo.com.mx\/api\/wp\/v2\/posts\/155776\/revisions"}],"predecessor-version":[{"id":155778,"href":"https:\/\/www.sonoraenequipo.com.mx\/api\/wp\/v2\/posts\/155776\/revisions\/155778"}],"wp:featuredmedia":[{"embeddable":true,"href":"https:\/\/www.sonoraenequipo.com.mx\/api\/wp\/v2\/media\/155777"}],"wp:attachment":[{"href":"https:\/\/www.sonoraenequipo.com.mx\/api\/wp\/v2\/media?parent=155776"}],"wp:term":[{"taxonomy":"category","embeddable":true,"href":"https:\/\/www.sonoraenequipo.com.mx\/api\/wp\/v2\/categories?post=155776"},{"taxonomy":"post_tag","embeddable":true,"href":"https:\/\/www.sonoraenequipo.com.mx\/api\/wp\/v2\/tags?post=155776"}],"curies":[{"name":"wp","href":"https:\/\/api.w.org\/{rel}","templated":true}]}}