{"id":155779,"date":"2023-01-04T09:11:16","date_gmt":"2023-01-04T16:11:16","guid":{"rendered":"https:\/\/www.sonoraenequipo.com.mx\/?p=155779"},"modified":"2023-01-04T14:21:07","modified_gmt":"2023-01-04T21:21:07","slug":"impulsaremos-grandes-proyectos-de-transformacion-entre-nogales-sonora-y-arizona-alfonso-durazo","status":"publish","type":"post","link":"https:\/\/www.sonoraenequipo.com.mx\/impulsaremos-grandes-proyectos-de-transformacion-entre-nogales-sonora-y-arizona-alfonso-durazo\/","title":{"rendered":"Impulsaremos grandes proyectos de transformaci\u00f3n entre Nogales Sonora y Arizona: Alfonso Durazo"},"content":{"rendered":"<p>\u25baEl mandatario acudi\u00f3 a la toma de protesta del nuevo alcalde de Nogales, Arizona<\/p>\n<p><strong>Nogales, Arizona, EE.UU..-<\/strong> El gobernador Alfonso Durazo acudi\u00f3 a la toma de protesta de Jorge Maldonado, nuevo edil de Nogales, Arizona, con quien trabajar\u00e1 de manera cercana para la construcci\u00f3n del libramiento ferroviario de Nogales, en el lado estadounidense de la frontera.<\/p>\n<p><img loading=\"lazy\" decoding=\"async\" class=\"size-medium  x-center\" src=\"https:\/\/www.sonoraenequipo.com.mx\/storage\/2023\/01\/NOGALES-2-548x365.jpg\" alt=\"\" width=\"548\" height=\"365\" \/><\/p>\n<p>&nbsp;<\/p>\n<p>&nbsp;<\/p>\n<p>\u00abEstrecharemos lazos binacionales e impulsaremos proyectos comunes para mejorar la vida de los habitantes en ambos lados de la frontera. Mi felicitaci\u00f3n e incondicional apoyo\u00bb, escribi\u00f3 en sus redes sociales con motivo de la toma de posesi\u00f3n.<\/p>\n<p>&nbsp;<\/p>\n<p>&nbsp;<\/p>\n<p>&nbsp;<\/p>\n<p>El titular del Ejecutivo destac\u00f3 que la relaci\u00f3n diplom\u00e1tica con las autoridades civiles de Arizona es una pieza fundamental en la consolidaci\u00f3n de una regi\u00f3n econ\u00f3mica de car\u00e1cter global, misma que puede potenciar los estados del noroeste de M\u00e9xico y suroeste de Estados Unidos como grandes exportadores hacia la cuenca del Pac\u00edfico y el continente americano.<\/p>\n<p>&nbsp;<\/p>\n<p>&nbsp;<\/p>\n<p>&nbsp;<\/p>\n<p>Durazo Monta\u00f1o record\u00f3 que esta misma semana acudir\u00e1 a la toma de protesta de Katie Hobbs, nueva gobernadora del estado vecino, con quien ya ha establecido una relaci\u00f3n cordial para la realizaci\u00f3n de proyectos tecnol\u00f3gicos y de infraestructura entre Sonora y Arizona.<\/p>\n<p>&nbsp;<\/p>\n<p>&nbsp;<\/p>\n<p>&nbsp;<\/p>\n<p>\u201cLas cortes\u00edas pol\u00edticas generan alianzas estrat\u00e9gicas que deben beneficiar, no solo a los estados como instituciones, sino que se reflejan en pol\u00edticas conjuntas que elevan la calidad de vida de las y los ciudadanos; de eso se trata hacer pol\u00edtica y poner en pr\u00e1ctica el ejercicio del gobierno con responsabilidad\u201d, dijo el mandatario.<\/p>\n<p><strong><em><u>Fecha de publicaci\u00f3n\u00a0\u00a0 mi\u00e9rcoles 4 de enero de 2023 con informaci\u00f3n de boletines<\/u><\/em><\/strong><\/p>\n<p>&nbsp;<\/p>\n","protected":false},"excerpt":{"rendered":"<p>\u25baEl mandatario acudi\u00f3 a la toma de protesta del nuevo alcalde de Nogales, Arizona Nogales,&#8230;<\/p>\n","protected":false},"author":1,"featured_media":155780,"comment_status":"open","ping_status":"open","sticky":false,"template":"","format":"standard","meta":{"_monsterinsights_skip_tracking":false,"_monsterinsights_sitenote_active":false,"_monsterinsights_sitenote_note":"","_monsterinsights_sitenote_category":0,"footnotes":""},"categories":[22],"tags":[418,1242,15,3980,8026],"class_list":["post"],"yoast_head":" \n<title>Sonora en Equipo. Impulsaremos grandes proyectos de transformaci\u00f3n entre Nogales Sonora y Arizona: Alfonso Durazo Sonora<\/title>\n<meta name=\"description\" content=\"\u25baEl mandatario acudi\u00f3 a la toma de protesta del nuevo alcalde de Nogales, Arizona Nogales, Arizona, EE.UU..- El gobernador Alfonso Durazo acudi\u00f3 a la toma En Sonora en Equipo publicamos toda la informaci\u00f3n de Sonora, M\u00e9xico y el Mundo de manera oportuna y busca que la libertad de expresi\u00f3n sea real. Visita nuestro medio informativo publicado desde Hermosillo, Sonora. %\" \/>\n<meta name=\"robots\" content=\"index, follow, max-snippet:-1, max-image-preview:large, max-video-preview:-1\" \/>\n<link rel=\"canonical\" href=\"https:\/\/www.sonoraenequipo.com.mx\/impulsaremos-grandes-proyectos-de-transformacion-entre-nogales-sonora-y-arizona-alfonso-durazo\/\" \/>\n<meta property=\"og:locale\" content=\"es_ES\" \/>\n<meta property=\"og:type\" content=\"article\" \/>\n<meta property=\"og:title\" content=\"Sonora en Equipo. Impulsaremos grandes proyectos de transformaci\u00f3n entre Nogales Sonora y Arizona: Alfonso Durazo Sonora\" \/>\n<meta property=\"og:description\" content=\"\u25baEl mandatario acudi\u00f3 a la toma de protesta del nuevo alcalde de Nogales, Arizona Nogales, Arizona, EE.UU..- El gobernador Alfonso Durazo acudi\u00f3 a la toma En Sonora en Equipo publicamos toda la informaci\u00f3n de Sonora, M\u00e9xico y el Mundo de manera oportuna y busca que la libertad de expresi\u00f3n sea real. Visita nuestro medio informativo publicado desde Hermosillo, Sonora. %\" \/>\n<meta property=\"og:url\" content=\"https:\/\/www.sonoraenequipo.com.mx\/impulsaremos-grandes-proyectos-de-transformacion-entre-nogales-sonora-y-arizona-alfonso-durazo\/\" \/>\n<meta property=\"og:site_name\" content=\"Sonora en Equipo.\" \/>\n<meta property=\"article:publisher\" content=\"https:\/\/www.facebook.com\/SonoraEE\/\" \/>\n<meta property=\"article:author\" content=\"https:\/\/www.facebook.com\/SonoraEE\" \/>\n<meta property=\"article:published_time\" content=\"2023-01-04T16:11:16+00:00\" \/>\n<meta property=\"article:modified_time\" content=\"2023-01-04T21:21:07+00:00\" \/>\n<meta property=\"og:image\" content=\"https:\/\/www.sonoraenequipo.com.mx\/storage\/2023\/01\/NOGALES-1.jpg\" \/>\n\t<meta property=\"og:image:width\" content=\"600\" \/>\n\t<meta property=\"og:image:height\" content=\"400\" \/>\n\t<meta property=\"og:image:type\" content=\"image\/jpeg\" \/>\n<meta name=\"author\" content=\"enequipo\" \/>\n<meta name=\"twitter:card\" content=\"summary_large_image\" \/>\n<meta name=\"twitter:creator\" content=\"@sonoraenequipo\" \/>\n<meta name=\"twitter:site\" content=\"@sonoraenequipo\" \/>\n<meta name=\"twitter:label1\" content=\"Escrito por\" \/>\n\t<meta name=\"twitter:data1\" content=\"enequipo\" \/>\n\t<meta name=\"twitter:label2\" content=\"Tiempo de lectura\" \/>\n\t<meta name=\"twitter:data2\" content=\"1 minuto\" \/>\n<script type=\"application\/ld+json\" class=\"yoast-schema-graph\">{\"@context\":\"https:\/\/schema.org\",\"@graph\":[{\"@type\":\"Article\",\"@id\":\"https:\/\/www.sonoraenequipo.com.mx\/impulsaremos-grandes-proyectos-de-transformacion-entre-nogales-sonora-y-arizona-alfonso-durazo\/#article\",\"isPartOf\":{\"@id\":\"https:\/\/www.sonoraenequipo.com.mx\/impulsaremos-grandes-proyectos-de-transformacion-entre-nogales-sonora-y-arizona-alfonso-durazo\/\"},\"author\":{\"name\":\"enequipo\",\"@id\":\"https:\/\/www.sonoraenequipo.com.mx\/#\/schema\/person\/50102df0fb23a8fa9e8effad8fa81386\"},\"headline\":\"Impulsaremos grandes proyectos de transformaci\u00f3n entre Nogales Sonora y Arizona: Alfonso Durazo\",\"datePublished\":\"2023-01-04T16:11:16+00:00\",\"dateModified\":\"2023-01-04T21:21:07+00:00\",\"mainEntityOfPage\":{\"@id\":\"https:\/\/www.sonoraenequipo.com.mx\/impulsaremos-grandes-proyectos-de-transformacion-entre-nogales-sonora-y-arizona-alfonso-durazo\/\"},\"wordCount\":306,\"commentCount\":0,\"publisher\":{\"@id\":\"https:\/\/www.sonoraenequipo.com.mx\/#organization\"},\"image\":{\"@id\":\"https:\/\/www.sonoraenequipo.com.mx\/impulsaremos-grandes-proyectos-de-transformacion-entre-nogales-sonora-y-arizona-alfonso-durazo\/#primaryimage\"},\"thumbnailUrl\":\"https:\/\/www.sonoraenequipo.com.mx\/storage\/2023\/01\/NOGALES-1.jpg\",\"keywords\":[\"Arizona\",\"Nogales\",\"Sonora\",\"TREN\",\"vias\"],\"articleSection\":[\"Sonora\"],\"inLanguage\":\"es\",\"potentialAction\":[{\"@type\":\"CommentAction\",\"name\":\"Comment\",\"target\":[\"https:\/\/www.sonoraenequipo.com.mx\/impulsaremos-grandes-proyectos-de-transformacion-entre-nogales-sonora-y-arizona-alfonso-durazo\/#respond\"]}]},{\"@type\":\"WebPage\",\"@id\":\"https:\/\/www.sonoraenequipo.com.mx\/impulsaremos-grandes-proyectos-de-transformacion-entre-nogales-sonora-y-arizona-alfonso-durazo\/\",\"url\":\"https:\/\/www.sonoraenequipo.com.mx\/impulsaremos-grandes-proyectos-de-transformacion-entre-nogales-sonora-y-arizona-alfonso-durazo\/\",\"name\":\"Sonora en Equipo. Impulsaremos grandes proyectos de transformaci\u00f3n entre Nogales Sonora y Arizona: Alfonso Durazo Sonora\",\"isPartOf\":{\"@id\":\"https:\/\/www.sonoraenequipo.com.mx\/#website\"},\"primaryImageOfPage\":{\"@id\":\"https:\/\/www.sonoraenequipo.com.mx\/impulsaremos-grandes-proyectos-de-transformacion-entre-nogales-sonora-y-arizona-alfonso-durazo\/#primaryimage\"},\"image\":{\"@id\":\"https:\/\/www.sonoraenequipo.com.mx\/impulsaremos-grandes-proyectos-de-transformacion-entre-nogales-sonora-y-arizona-alfonso-durazo\/#primaryimage\"},\"thumbnailUrl\":\"https:\/\/www.sonoraenequipo.com.mx\/storage\/2023\/01\/NOGALES-1.jpg\",\"datePublished\":\"2023-01-04T16:11:16+00:00\",\"dateModified\":\"2023-01-04T21:21:07+00:00\",\"description\":\"\u25baEl mandatario acudi\u00f3 a la toma de protesta del nuevo alcalde de Nogales, Arizona Nogales, Arizona, EE.UU..- El gobernador Alfonso Durazo acudi\u00f3 a la toma En Sonora en Equipo publicamos toda la informaci\u00f3n de Sonora, M\u00e9xico y el Mundo de manera oportuna y busca que la libertad de expresi\u00f3n sea real. Visita nuestro medio informativo publicado desde Hermosillo, Sonora. %\",\"breadcrumb\":{\"@id\":\"https:\/\/www.sonoraenequipo.com.mx\/impulsaremos-grandes-proyectos-de-transformacion-entre-nogales-sonora-y-arizona-alfonso-durazo\/#breadcrumb\"},\"inLanguage\":\"es\",\"potentialAction\":[{\"@type\":\"ReadAction\",\"target\":[\"https:\/\/www.sonoraenequipo.com.mx\/impulsaremos-grandes-proyectos-de-transformacion-entre-nogales-sonora-y-arizona-alfonso-durazo\/\"]}]},{\"@type\":\"ImageObject\",\"inLanguage\":\"es\",\"@id\":\"https:\/\/www.sonoraenequipo.com.mx\/impulsaremos-grandes-proyectos-de-transformacion-entre-nogales-sonora-y-arizona-alfonso-durazo\/#primaryimage\",\"url\":\"https:\/\/www.sonoraenequipo.com.mx\/storage\/2023\/01\/NOGALES-1.jpg\",\"contentUrl\":\"https:\/\/www.sonoraenequipo.com.mx\/storage\/2023\/01\/NOGALES-1.jpg\",\"width\":600,\"height\":400},{\"@type\":\"BreadcrumbList\",\"@id\":\"https:\/\/www.sonoraenequipo.com.mx\/impulsaremos-grandes-proyectos-de-transformacion-entre-nogales-sonora-y-arizona-alfonso-durazo\/#breadcrumb\",\"itemListElement\":[{\"@type\":\"ListItem\",\"position\":1,\"name\":\"Portada\",\"item\":\"https:\/\/www.sonoraenequipo.com.mx\/\"},{\"@type\":\"ListItem\",\"position\":2,\"name\":\"Impulsaremos grandes proyectos de transformaci\u00f3n entre Nogales Sonora y Arizona: Alfonso Durazo\"}]},{\"@type\":\"WebSite\",\"@id\":\"https:\/\/www.sonoraenequipo.com.mx\/#website\",\"url\":\"https:\/\/www.sonoraenequipo.com.mx\/\",\"name\":\"Sonora en Equipo.\",\"description\":\"Diario en l\u00ednea con Noticias desde Hermosillo, Sonora\",\"publisher\":{\"@id\":\"https:\/\/www.sonoraenequipo.com.mx\/#organization\"},\"potentialAction\":[{\"@type\":\"SearchAction\",\"target\":{\"@type\":\"EntryPoint\",\"urlTemplate\":\"https:\/\/www.sonoraenequipo.com.mx\/?s={search_term_string}\"},\"query-input\":{\"@type\":\"PropertyValueSpecification\",\"valueRequired\":true,\"valueName\":\"search_term_string\"}}],\"inLanguage\":\"es\"},{\"@type\":\"Organization\",\"@id\":\"https:\/\/www.sonoraenequipo.com.mx\/#organization\",\"name\":\"Sonoraenequipo.com.mx\",\"url\":\"https:\/\/www.sonoraenequipo.com.mx\/\",\"logo\":{\"@type\":\"ImageObject\",\"inLanguage\":\"es\",\"@id\":\"https:\/\/www.sonoraenequipo.com.mx\/#\/schema\/logo\/image\/\",\"url\":\"https:\/\/www.sonoraenequipo.com.mx\/storage\/2019\/01\/sonoraenequipo_opt.png\",\"contentUrl\":\"https:\/\/www.sonoraenequipo.com.mx\/storage\/2019\/01\/sonoraenequipo_opt.png\",\"width\":375,\"height\":125,\"caption\":\"Sonoraenequipo.com.mx\"},\"image\":{\"@id\":\"https:\/\/www.sonoraenequipo.com.mx\/#\/schema\/logo\/image\/\"},\"sameAs\":[\"https:\/\/www.facebook.com\/SonoraEE\/\",\"https:\/\/x.com\/sonoraenequipo\",\"https:\/\/www.youtube.com\/channel\/UC338nW-lPEYmJQs4ZABQ1SQ\"]},{\"@type\":\"Person\",\"@id\":\"https:\/\/www.sonoraenequipo.com.mx\/#\/schema\/person\/50102df0fb23a8fa9e8effad8fa81386\",\"name\":\"enequipo\",\"image\":{\"@type\":\"ImageObject\",\"inLanguage\":\"es\",\"@id\":\"https:\/\/www.sonoraenequipo.com.mx\/#\/schema\/person\/image\/\",\"url\":\"https:\/\/secure.gravatar.com\/avatar\/049821681b589dabc0bc20695993ccebb09f5b5d4d790cd9251b97faac7c652b?s=96&d=blank&r=g\",\"contentUrl\":\"https:\/\/secure.gravatar.com\/avatar\/049821681b589dabc0bc20695993ccebb09f5b5d4d790cd9251b97faac7c652b?s=96&d=blank&r=g\",\"caption\":\"enequipo\"},\"sameAs\":[\"https:\/\/www.facebook.com\/SonoraEE\"]}]}<\/script>\n ","yoast_head_json":{"title":"Sonora en Equipo. Impulsaremos grandes proyectos de transformaci\u00f3n entre Nogales Sonora y Arizona: Alfonso Durazo Sonora","description":"\u25baEl mandatario acudi\u00f3 a la toma de protesta del nuevo alcalde de Nogales, Arizona Nogales, Arizona, EE.UU..- El gobernador Alfonso Durazo acudi\u00f3 a la toma En Sonora en Equipo publicamos toda la informaci\u00f3n de Sonora, M\u00e9xico y el Mundo de manera oportuna y busca que la libertad de expresi\u00f3n sea real. Visita nuestro medio informativo publicado desde Hermosillo, Sonora. %","robots":{"index":"index","follow":"follow","max-snippet":"max-snippet:-1","max-image-preview":"max-image-preview:large","max-video-preview":"max-video-preview:-1"},"canonical":"https:\/\/www.sonoraenequipo.com.mx\/impulsaremos-grandes-proyectos-de-transformacion-entre-nogales-sonora-y-arizona-alfonso-durazo\/","og_locale":"es_ES","og_type":"article","og_title":"Sonora en Equipo. Impulsaremos grandes proyectos de transformaci\u00f3n entre Nogales Sonora y Arizona: Alfonso Durazo Sonora","og_description":"\u25baEl mandatario acudi\u00f3 a la toma de protesta del nuevo alcalde de Nogales, Arizona Nogales, Arizona, EE.UU..- El gobernador Alfonso Durazo acudi\u00f3 a la toma En Sonora en Equipo publicamos toda la informaci\u00f3n de Sonora, M\u00e9xico y el Mundo de manera oportuna y busca que la libertad de expresi\u00f3n sea real. Visita nuestro medio informativo publicado desde Hermosillo, Sonora. %","og_url":"https:\/\/www.sonoraenequipo.com.mx\/impulsaremos-grandes-proyectos-de-transformacion-entre-nogales-sonora-y-arizona-alfonso-durazo\/","og_site_name":"Sonora en Equipo.","article_publisher":"https:\/\/www.facebook.com\/SonoraEE\/","article_author":"https:\/\/www.facebook.com\/SonoraEE","article_published_time":"2023-01-04T16:11:16+00:00","article_modified_time":"2023-01-04T21:21:07+00:00","og_image":[{"width":600,"height":400,"url":"https:\/\/www.sonoraenequipo.com.mx\/storage\/2023\/01\/NOGALES-1.jpg","type":"image\/jpeg"}],"author":"enequipo","twitter_card":"summary_large_image","twitter_creator":"@sonoraenequipo","twitter_site":"@sonoraenequipo","twitter_misc":{"Escrito por":"enequipo","Tiempo de lectura":"1 minuto"},"schema":{"@context":"https:\/\/schema.org","@graph":[{"@type":"Article","@id":"https:\/\/www.sonoraenequipo.com.mx\/impulsaremos-grandes-proyectos-de-transformacion-entre-nogales-sonora-y-arizona-alfonso-durazo\/#article","isPartOf":{"@id":"https:\/\/www.sonoraenequipo.com.mx\/impulsaremos-grandes-proyectos-de-transformacion-entre-nogales-sonora-y-arizona-alfonso-durazo\/"},"author":{"name":"enequipo","@id":"https:\/\/www.sonoraenequipo.com.mx\/#\/schema\/person\/50102df0fb23a8fa9e8effad8fa81386"},"headline":"Impulsaremos grandes proyectos de transformaci\u00f3n entre Nogales Sonora y Arizona: Alfonso Durazo","datePublished":"2023-01-04T16:11:16+00:00","dateModified":"2023-01-04T21:21:07+00:00","mainEntityOfPage":{"@id":"https:\/\/www.sonoraenequipo.com.mx\/impulsaremos-grandes-proyectos-de-transformacion-entre-nogales-sonora-y-arizona-alfonso-durazo\/"},"wordCount":306,"commentCount":0,"publisher":{"@id":"https:\/\/www.sonoraenequipo.com.mx\/#organization"},"image":{"@id":"https:\/\/www.sonoraenequipo.com.mx\/impulsaremos-grandes-proyectos-de-transformacion-entre-nogales-sonora-y-arizona-alfonso-durazo\/#primaryimage"},"thumbnailUrl":"https:\/\/www.sonoraenequipo.com.mx\/storage\/2023\/01\/NOGALES-1.jpg","keywords":["Arizona","Nogales","Sonora","TREN","vias"],"articleSection":["Sonora"],"inLanguage":"es","potentialAction":[{"@type":"CommentAction","name":"Comment","target":["https:\/\/www.sonoraenequipo.com.mx\/impulsaremos-grandes-proyectos-de-transformacion-entre-nogales-sonora-y-arizona-alfonso-durazo\/#respond"]}]},{"@type":"WebPage","@id":"https:\/\/www.sonoraenequipo.com.mx\/impulsaremos-grandes-proyectos-de-transformacion-entre-nogales-sonora-y-arizona-alfonso-durazo\/","url":"https:\/\/www.sonoraenequipo.com.mx\/impulsaremos-grandes-proyectos-de-transformacion-entre-nogales-sonora-y-arizona-alfonso-durazo\/","name":"Sonora en Equipo. Impulsaremos grandes proyectos de transformaci\u00f3n entre Nogales Sonora y Arizona: Alfonso Durazo Sonora","isPartOf":{"@id":"https:\/\/www.sonoraenequipo.com.mx\/#website"},"primaryImageOfPage":{"@id":"https:\/\/www.sonoraenequipo.com.mx\/impulsaremos-grandes-proyectos-de-transformacion-entre-nogales-sonora-y-arizona-alfonso-durazo\/#primaryimage"},"image":{"@id":"https:\/\/www.sonoraenequipo.com.mx\/impulsaremos-grandes-proyectos-de-transformacion-entre-nogales-sonora-y-arizona-alfonso-durazo\/#primaryimage"},"thumbnailUrl":"https:\/\/www.sonoraenequipo.com.mx\/storage\/2023\/01\/NOGALES-1.jpg","datePublished":"2023-01-04T16:11:16+00:00","dateModified":"2023-01-04T21:21:07+00:00","description":"\u25baEl mandatario acudi\u00f3 a la toma de protesta del nuevo alcalde de Nogales, Arizona Nogales, Arizona, EE.UU..- El gobernador Alfonso Durazo acudi\u00f3 a la toma En Sonora en Equipo publicamos toda la informaci\u00f3n de Sonora, M\u00e9xico y el Mundo de manera oportuna y busca que la libertad de expresi\u00f3n sea real. Visita nuestro medio informativo publicado desde Hermosillo, Sonora. %","breadcrumb":{"@id":"https:\/\/www.sonoraenequipo.com.mx\/impulsaremos-grandes-proyectos-de-transformacion-entre-nogales-sonora-y-arizona-alfonso-durazo\/#breadcrumb"},"inLanguage":"es","potentialAction":[{"@type":"ReadAction","target":["https:\/\/www.sonoraenequipo.com.mx\/impulsaremos-grandes-proyectos-de-transformacion-entre-nogales-sonora-y-arizona-alfonso-durazo\/"]}]},{"@type":"ImageObject","inLanguage":"es","@id":"https:\/\/www.sonoraenequipo.com.mx\/impulsaremos-grandes-proyectos-de-transformacion-entre-nogales-sonora-y-arizona-alfonso-durazo\/#primaryimage","url":"https:\/\/www.sonoraenequipo.com.mx\/storage\/2023\/01\/NOGALES-1.jpg","contentUrl":"https:\/\/www.sonoraenequipo.com.mx\/storage\/2023\/01\/NOGALES-1.jpg","width":600,"height":400},{"@type":"BreadcrumbList","@id":"https:\/\/www.sonoraenequipo.com.mx\/impulsaremos-grandes-proyectos-de-transformacion-entre-nogales-sonora-y-arizona-alfonso-durazo\/#breadcrumb","itemListElement":[{"@type":"ListItem","position":1,"name":"Portada","item":"https:\/\/www.sonoraenequipo.com.mx\/"},{"@type":"ListItem","position":2,"name":"Impulsaremos grandes proyectos de transformaci\u00f3n entre Nogales Sonora y Arizona: Alfonso Durazo"}]},{"@type":"WebSite","@id":"https:\/\/www.sonoraenequipo.com.mx\/#website","url":"https:\/\/www.sonoraenequipo.com.mx\/","name":"Sonora en Equipo.","description":"Diario en l\u00ednea con Noticias desde Hermosillo, Sonora","publisher":{"@id":"https:\/\/www.sonoraenequipo.com.mx\/#organization"},"potentialAction":[{"@type":"SearchAction","target":{"@type":"EntryPoint","urlTemplate":"https:\/\/www.sonoraenequipo.com.mx\/?s={search_term_string}"},"query-input":{"@type":"PropertyValueSpecification","valueRequired":true,"valueName":"search_term_string"}}],"inLanguage":"es"},{"@type":"Organization","@id":"https:\/\/www.sonoraenequipo.com.mx\/#organization","name":"Sonoraenequipo.com.mx","url":"https:\/\/www.sonoraenequipo.com.mx\/","logo":{"@type":"ImageObject","inLanguage":"es","@id":"https:\/\/www.sonoraenequipo.com.mx\/#\/schema\/logo\/image\/","url":"https:\/\/www.sonoraenequipo.com.mx\/storage\/2019\/01\/sonoraenequipo_opt.png","contentUrl":"https:\/\/www.sonoraenequipo.com.mx\/storage\/2019\/01\/sonoraenequipo_opt.png","width":375,"height":125,"caption":"Sonoraenequipo.com.mx"},"image":{"@id":"https:\/\/www.sonoraenequipo.com.mx\/#\/schema\/logo\/image\/"},"sameAs":["https:\/\/www.facebook.com\/SonoraEE\/","https:\/\/x.com\/sonoraenequipo","https:\/\/www.youtube.com\/channel\/UC338nW-lPEYmJQs4ZABQ1SQ"]},{"@type":"Person","@id":"https:\/\/www.sonoraenequipo.com.mx\/#\/schema\/person\/50102df0fb23a8fa9e8effad8fa81386","name":"enequipo","image":{"@type":"ImageObject","inLanguage":"es","@id":"https:\/\/www.sonoraenequipo.com.mx\/#\/schema\/person\/image\/","url":"https:\/\/secure.gravatar.com\/avatar\/049821681b589dabc0bc20695993ccebb09f5b5d4d790cd9251b97faac7c652b?s=96&d=blank&r=g","contentUrl":"https:\/\/secure.gravatar.com\/avatar\/049821681b589dabc0bc20695993ccebb09f5b5d4d790cd9251b97faac7c652b?s=96&d=blank&r=g","caption":"enequipo"},"sameAs":["https:\/\/www.facebook.com\/SonoraEE"]}]}},"jetpack_featured_media_url":"https:\/\/www.sonoraenequipo.com.mx\/storage\/2023\/01\/NOGALES-1.jpg","_links":{"self":[{"href":"https:\/\/www.sonoraenequipo.com.mx\/api\/wp\/v2\/posts\/155779","targetHints":{"allow":["GET"]}}],"collection":[{"href":"https:\/\/www.sonoraenequipo.com.mx\/api\/wp\/v2\/posts"}],"about":[{"href":"https:\/\/www.sonoraenequipo.com.mx\/api\/wp\/v2\/types\/post"}],"author":[{"embeddable":true,"href":"https:\/\/www.sonoraenequipo.com.mx\/api\/wp\/v2\/users\/1"}],"replies":[{"embeddable":true,"href":"https:\/\/www.sonoraenequipo.com.mx\/api\/wp\/v2\/comments?post=155779"}],"version-history":[{"count":1,"href":"https:\/\/www.sonoraenequipo.com.mx\/api\/wp\/v2\/posts\/155779\/revisions"}],"predecessor-version":[{"id":155782,"href":"https:\/\/www.sonoraenequipo.com.mx\/api\/wp\/v2\/posts\/155779\/revisions\/155782"}],"wp:featuredmedia":[{"embeddable":true,"href":"https:\/\/www.sonoraenequipo.com.mx\/api\/wp\/v2\/media\/155780"}],"wp:attachment":[{"href":"https:\/\/www.sonoraenequipo.com.mx\/api\/wp\/v2\/media?parent=155779"}],"wp:term":[{"taxonomy":"category","embeddable":true,"href":"https:\/\/www.sonoraenequipo.com.mx\/api\/wp\/v2\/categories?post=155779"},{"taxonomy":"post_tag","embeddable":true,"href":"https:\/\/www.sonoraenequipo.com.mx\/api\/wp\/v2\/tags?post=155779"}],"curies":[{"name":"wp","href":"https:\/\/api.w.org\/{rel}","templated":true}]}}