{"id":155793,"date":"2023-01-04T12:25:28","date_gmt":"2023-01-04T19:25:28","guid":{"rendered":"https:\/\/www.sonoraenequipo.com.mx\/?p=155793"},"modified":"2023-01-04T18:00:19","modified_gmt":"2023-01-05T01:00:19","slug":"ubican-auto-probablemente-inmiscuido-en-atropellamiento-y-muerte-de-ciclista","status":"publish","type":"post","link":"https:\/\/www.sonoraenequipo.com.mx\/ubican-auto-probablemente-inmiscuido-en-atropellamiento-y-muerte-de-ciclista\/","title":{"rendered":"Ubican auto probablemente inmiscuido en atropellamiento y muerte de ciclista"},"content":{"rendered":"<p>\u25baEra conducido en exceso de velocidad en la colonia Modelo<\/p>\n<p>&nbsp;<\/p>\n<p><strong>HERMOSILLO, SONORA,MX.<\/strong><strong>\u2500\u2500<\/strong> \u00a0Personal del Departamento de Investigaci\u00f3n de Accidentes de la Polic\u00eda Preventiva, puso a disposici\u00f3n del Ministerio P\u00fablico el veh\u00edculo que al parecer atropell\u00f3 a un ciclista en el bulevar Maz\u00f3n L\u00f3pez el pasado 31 de diciembre del 2O22.<\/p>\n<p>&nbsp;<\/p>\n<p>Fue a las 09:30 horas de hoy, cuando los oficiales de Tr\u00e1nsito ubicaron el Pick up marca Ford, linea Ranger\u00a0 de color blanco, en las calles Israel Gonz\u00e1lez y 6ta Privada Perimetral Oeste de la colonia Modelo.<\/p>\n<p>&nbsp;<\/p>\n<p>Dicha unidad presenta da\u00f1os en la parte media lateral derecha de la defensa, parrilla cofre y el parabrisas, as\u00ed como tambi\u00e9n se encontraron incrustados en el parabrisas cabellos y cuero cabelludo.<\/p>\n<p>&nbsp;<\/p>\n<p>El veh\u00edculo era conducido en exceso de velocidad por las calles citadas, cuando fue interceptado por el titular del Departamento de Investigaci\u00f3n de Accidentes, Alejandro Clavero Mart\u00ednez, quien realizaba acciones de b\u00fasqueda por ese sector del auto inmiscuido en el percance, donde lamentablemente falleci\u00f3 un ciclista.<\/p>\n<p><strong><em><u>Fecha de publicaci\u00f3n\u00a0\u00a0 mi\u00e9rcoles 4 de enero de 2023 con informaci\u00f3n de boletines<\/u><\/em><\/strong><\/p>\n","protected":false},"excerpt":{"rendered":"<p>\u25baEra conducido en exceso de velocidad en la colonia Modelo &nbsp; HERMOSILLO, SONORA,MX.\u2500\u2500 \u00a0Personal del&#8230;<\/p>\n","protected":false},"author":1,"featured_media":155839,"comment_status":"open","ping_status":"open","sticky":false,"template":"","format":"standard","meta":{"_monsterinsights_skip_tracking":false,"_monsterinsights_sitenote_active":false,"_monsterinsights_sitenote_note":"","_monsterinsights_sitenote_category":0,"footnotes":""},"categories":[3144],"tags":[8028,5618,35],"class_list":["post"],"yoast_head":" \n<title>Sonora en Equipo. Ubican auto probablemente inmiscuido en atropellamiento y muerte de ciclista Polic\u00edaca<\/title>\n<meta name=\"description\" content=\"\u25baEra conducido en exceso de velocidad en la colonia Modelo &nbsp; HERMOSILLO, SONORA,MX.\u2500\u2500 \u00a0Personal del Departamento de Investigaci\u00f3n de Accidentes de la En Sonora en Equipo publicamos toda la informaci\u00f3n de Sonora, M\u00e9xico y el Mundo de manera oportuna y busca que la libertad de expresi\u00f3n sea real. Visita nuestro medio informativo publicado desde Hermosillo, Sonora. %\" \/>\n<meta name=\"robots\" content=\"index, follow, max-snippet:-1, max-image-preview:large, max-video-preview:-1\" \/>\n<link rel=\"canonical\" href=\"https:\/\/www.sonoraenequipo.com.mx\/ubican-auto-probablemente-inmiscuido-en-atropellamiento-y-muerte-de-ciclista\/\" \/>\n<meta property=\"og:locale\" content=\"es_ES\" \/>\n<meta property=\"og:type\" content=\"article\" \/>\n<meta property=\"og:title\" content=\"Sonora en Equipo. Ubican auto probablemente inmiscuido en atropellamiento y muerte de ciclista Polic\u00edaca\" \/>\n<meta property=\"og:description\" content=\"\u25baEra conducido en exceso de velocidad en la colonia Modelo &nbsp; HERMOSILLO, SONORA,MX.\u2500\u2500 \u00a0Personal del Departamento de Investigaci\u00f3n de Accidentes de la En Sonora en Equipo publicamos toda la informaci\u00f3n de Sonora, M\u00e9xico y el Mundo de manera oportuna y busca que la libertad de expresi\u00f3n sea real. Visita nuestro medio informativo publicado desde Hermosillo, Sonora. %\" \/>\n<meta property=\"og:url\" content=\"https:\/\/www.sonoraenequipo.com.mx\/ubican-auto-probablemente-inmiscuido-en-atropellamiento-y-muerte-de-ciclista\/\" \/>\n<meta property=\"og:site_name\" content=\"Sonora en Equipo.\" \/>\n<meta property=\"article:publisher\" content=\"https:\/\/www.facebook.com\/SonoraEE\/\" \/>\n<meta property=\"article:author\" content=\"https:\/\/www.facebook.com\/SonoraEE\" \/>\n<meta property=\"article:published_time\" content=\"2023-01-04T19:25:28+00:00\" \/>\n<meta property=\"article:modified_time\" content=\"2023-01-05T01:00:19+00:00\" \/>\n<meta property=\"og:image\" content=\"https:\/\/www.sonoraenequipo.com.mx\/storage\/2023\/01\/ranger-1.jpg\" \/>\n\t<meta property=\"og:image:width\" content=\"600\" \/>\n\t<meta property=\"og:image:height\" content=\"391\" \/>\n\t<meta property=\"og:image:type\" content=\"image\/jpeg\" \/>\n<meta name=\"author\" content=\"enequipo\" \/>\n<meta name=\"twitter:card\" content=\"summary_large_image\" \/>\n<meta name=\"twitter:creator\" content=\"@sonoraenequipo\" \/>\n<meta name=\"twitter:site\" content=\"@sonoraenequipo\" \/>\n<meta name=\"twitter:label1\" content=\"Escrito por\" \/>\n\t<meta name=\"twitter:data1\" content=\"enequipo\" \/>\n\t<meta name=\"twitter:label2\" content=\"Tiempo de lectura\" \/>\n\t<meta name=\"twitter:data2\" content=\"1 minuto\" \/>\n<script type=\"application\/ld+json\" class=\"yoast-schema-graph\">{\"@context\":\"https:\/\/schema.org\",\"@graph\":[{\"@type\":\"Article\",\"@id\":\"https:\/\/www.sonoraenequipo.com.mx\/ubican-auto-probablemente-inmiscuido-en-atropellamiento-y-muerte-de-ciclista\/#article\",\"isPartOf\":{\"@id\":\"https:\/\/www.sonoraenequipo.com.mx\/ubican-auto-probablemente-inmiscuido-en-atropellamiento-y-muerte-de-ciclista\/\"},\"author\":{\"name\":\"enequipo\",\"@id\":\"https:\/\/www.sonoraenequipo.com.mx\/#\/schema\/person\/50102df0fb23a8fa9e8effad8fa81386\"},\"headline\":\"Ubican auto probablemente inmiscuido en atropellamiento y muerte de ciclista\",\"datePublished\":\"2023-01-04T19:25:28+00:00\",\"dateModified\":\"2023-01-05T01:00:19+00:00\",\"mainEntityOfPage\":{\"@id\":\"https:\/\/www.sonoraenequipo.com.mx\/ubican-auto-probablemente-inmiscuido-en-atropellamiento-y-muerte-de-ciclista\/\"},\"wordCount\":206,\"commentCount\":0,\"publisher\":{\"@id\":\"https:\/\/www.sonoraenequipo.com.mx\/#organization\"},\"image\":{\"@id\":\"https:\/\/www.sonoraenequipo.com.mx\/ubican-auto-probablemente-inmiscuido-en-atropellamiento-y-muerte-de-ciclista\/#primaryimage\"},\"thumbnailUrl\":\"https:\/\/www.sonoraenequipo.com.mx\/storage\/2023\/01\/ranger-1.jpg\",\"keywords\":[\"atropellamiento\",\"ciclista\",\"hermosillo\"],\"articleSection\":[\"Polic\u00edaca\"],\"inLanguage\":\"es\",\"potentialAction\":[{\"@type\":\"CommentAction\",\"name\":\"Comment\",\"target\":[\"https:\/\/www.sonoraenequipo.com.mx\/ubican-auto-probablemente-inmiscuido-en-atropellamiento-y-muerte-de-ciclista\/#respond\"]}]},{\"@type\":\"WebPage\",\"@id\":\"https:\/\/www.sonoraenequipo.com.mx\/ubican-auto-probablemente-inmiscuido-en-atropellamiento-y-muerte-de-ciclista\/\",\"url\":\"https:\/\/www.sonoraenequipo.com.mx\/ubican-auto-probablemente-inmiscuido-en-atropellamiento-y-muerte-de-ciclista\/\",\"name\":\"Sonora en Equipo. Ubican auto probablemente inmiscuido en atropellamiento y muerte de ciclista Polic\u00edaca\",\"isPartOf\":{\"@id\":\"https:\/\/www.sonoraenequipo.com.mx\/#website\"},\"primaryImageOfPage\":{\"@id\":\"https:\/\/www.sonoraenequipo.com.mx\/ubican-auto-probablemente-inmiscuido-en-atropellamiento-y-muerte-de-ciclista\/#primaryimage\"},\"image\":{\"@id\":\"https:\/\/www.sonoraenequipo.com.mx\/ubican-auto-probablemente-inmiscuido-en-atropellamiento-y-muerte-de-ciclista\/#primaryimage\"},\"thumbnailUrl\":\"https:\/\/www.sonoraenequipo.com.mx\/storage\/2023\/01\/ranger-1.jpg\",\"datePublished\":\"2023-01-04T19:25:28+00:00\",\"dateModified\":\"2023-01-05T01:00:19+00:00\",\"description\":\"\u25baEra conducido en exceso de velocidad en la colonia Modelo &nbsp; HERMOSILLO, SONORA,MX.\u2500\u2500 \u00a0Personal del Departamento de Investigaci\u00f3n de Accidentes de la En Sonora en Equipo publicamos toda la informaci\u00f3n de Sonora, M\u00e9xico y el Mundo de manera oportuna y busca que la libertad de expresi\u00f3n sea real. Visita nuestro medio informativo publicado desde Hermosillo, Sonora. %\",\"breadcrumb\":{\"@id\":\"https:\/\/www.sonoraenequipo.com.mx\/ubican-auto-probablemente-inmiscuido-en-atropellamiento-y-muerte-de-ciclista\/#breadcrumb\"},\"inLanguage\":\"es\",\"potentialAction\":[{\"@type\":\"ReadAction\",\"target\":[\"https:\/\/www.sonoraenequipo.com.mx\/ubican-auto-probablemente-inmiscuido-en-atropellamiento-y-muerte-de-ciclista\/\"]}]},{\"@type\":\"ImageObject\",\"inLanguage\":\"es\",\"@id\":\"https:\/\/www.sonoraenequipo.com.mx\/ubican-auto-probablemente-inmiscuido-en-atropellamiento-y-muerte-de-ciclista\/#primaryimage\",\"url\":\"https:\/\/www.sonoraenequipo.com.mx\/storage\/2023\/01\/ranger-1.jpg\",\"contentUrl\":\"https:\/\/www.sonoraenequipo.com.mx\/storage\/2023\/01\/ranger-1.jpg\",\"width\":600,\"height\":391,\"caption\":\"Imagen para ilustrar\"},{\"@type\":\"BreadcrumbList\",\"@id\":\"https:\/\/www.sonoraenequipo.com.mx\/ubican-auto-probablemente-inmiscuido-en-atropellamiento-y-muerte-de-ciclista\/#breadcrumb\",\"itemListElement\":[{\"@type\":\"ListItem\",\"position\":1,\"name\":\"Portada\",\"item\":\"https:\/\/www.sonoraenequipo.com.mx\/\"},{\"@type\":\"ListItem\",\"position\":2,\"name\":\"Ubican auto probablemente inmiscuido en atropellamiento y muerte de ciclista\"}]},{\"@type\":\"WebSite\",\"@id\":\"https:\/\/www.sonoraenequipo.com.mx\/#website\",\"url\":\"https:\/\/www.sonoraenequipo.com.mx\/\",\"name\":\"Sonora en Equipo.\",\"description\":\"Diario en l\u00ednea con Noticias desde Hermosillo, Sonora\",\"publisher\":{\"@id\":\"https:\/\/www.sonoraenequipo.com.mx\/#organization\"},\"potentialAction\":[{\"@type\":\"SearchAction\",\"target\":{\"@type\":\"EntryPoint\",\"urlTemplate\":\"https:\/\/www.sonoraenequipo.com.mx\/?s={search_term_string}\"},\"query-input\":{\"@type\":\"PropertyValueSpecification\",\"valueRequired\":true,\"valueName\":\"search_term_string\"}}],\"inLanguage\":\"es\"},{\"@type\":\"Organization\",\"@id\":\"https:\/\/www.sonoraenequipo.com.mx\/#organization\",\"name\":\"Sonoraenequipo.com.mx\",\"url\":\"https:\/\/www.sonoraenequipo.com.mx\/\",\"logo\":{\"@type\":\"ImageObject\",\"inLanguage\":\"es\",\"@id\":\"https:\/\/www.sonoraenequipo.com.mx\/#\/schema\/logo\/image\/\",\"url\":\"https:\/\/www.sonoraenequipo.com.mx\/storage\/2019\/01\/sonoraenequipo_opt.png\",\"contentUrl\":\"https:\/\/www.sonoraenequipo.com.mx\/storage\/2019\/01\/sonoraenequipo_opt.png\",\"width\":375,\"height\":125,\"caption\":\"Sonoraenequipo.com.mx\"},\"image\":{\"@id\":\"https:\/\/www.sonoraenequipo.com.mx\/#\/schema\/logo\/image\/\"},\"sameAs\":[\"https:\/\/www.facebook.com\/SonoraEE\/\",\"https:\/\/x.com\/sonoraenequipo\",\"https:\/\/www.youtube.com\/channel\/UC338nW-lPEYmJQs4ZABQ1SQ\"]},{\"@type\":\"Person\",\"@id\":\"https:\/\/www.sonoraenequipo.com.mx\/#\/schema\/person\/50102df0fb23a8fa9e8effad8fa81386\",\"name\":\"enequipo\",\"image\":{\"@type\":\"ImageObject\",\"inLanguage\":\"es\",\"@id\":\"https:\/\/www.sonoraenequipo.com.mx\/#\/schema\/person\/image\/\",\"url\":\"https:\/\/secure.gravatar.com\/avatar\/049821681b589dabc0bc20695993ccebb09f5b5d4d790cd9251b97faac7c652b?s=96&d=blank&r=g\",\"contentUrl\":\"https:\/\/secure.gravatar.com\/avatar\/049821681b589dabc0bc20695993ccebb09f5b5d4d790cd9251b97faac7c652b?s=96&d=blank&r=g\",\"caption\":\"enequipo\"},\"sameAs\":[\"https:\/\/www.facebook.com\/SonoraEE\"]}]}<\/script>\n ","yoast_head_json":{"title":"Sonora en Equipo. Ubican auto probablemente inmiscuido en atropellamiento y muerte de ciclista Polic\u00edaca","description":"\u25baEra conducido en exceso de velocidad en la colonia Modelo &nbsp; HERMOSILLO, SONORA,MX.\u2500\u2500 \u00a0Personal del Departamento de Investigaci\u00f3n de Accidentes de la En Sonora en Equipo publicamos toda la informaci\u00f3n de Sonora, M\u00e9xico y el Mundo de manera oportuna y busca que la libertad de expresi\u00f3n sea real. Visita nuestro medio informativo publicado desde Hermosillo, Sonora. %","robots":{"index":"index","follow":"follow","max-snippet":"max-snippet:-1","max-image-preview":"max-image-preview:large","max-video-preview":"max-video-preview:-1"},"canonical":"https:\/\/www.sonoraenequipo.com.mx\/ubican-auto-probablemente-inmiscuido-en-atropellamiento-y-muerte-de-ciclista\/","og_locale":"es_ES","og_type":"article","og_title":"Sonora en Equipo. Ubican auto probablemente inmiscuido en atropellamiento y muerte de ciclista Polic\u00edaca","og_description":"\u25baEra conducido en exceso de velocidad en la colonia Modelo &nbsp; HERMOSILLO, SONORA,MX.\u2500\u2500 \u00a0Personal del Departamento de Investigaci\u00f3n de Accidentes de la En Sonora en Equipo publicamos toda la informaci\u00f3n de Sonora, M\u00e9xico y el Mundo de manera oportuna y busca que la libertad de expresi\u00f3n sea real. Visita nuestro medio informativo publicado desde Hermosillo, Sonora. %","og_url":"https:\/\/www.sonoraenequipo.com.mx\/ubican-auto-probablemente-inmiscuido-en-atropellamiento-y-muerte-de-ciclista\/","og_site_name":"Sonora en Equipo.","article_publisher":"https:\/\/www.facebook.com\/SonoraEE\/","article_author":"https:\/\/www.facebook.com\/SonoraEE","article_published_time":"2023-01-04T19:25:28+00:00","article_modified_time":"2023-01-05T01:00:19+00:00","og_image":[{"width":600,"height":391,"url":"https:\/\/www.sonoraenequipo.com.mx\/storage\/2023\/01\/ranger-1.jpg","type":"image\/jpeg"}],"author":"enequipo","twitter_card":"summary_large_image","twitter_creator":"@sonoraenequipo","twitter_site":"@sonoraenequipo","twitter_misc":{"Escrito por":"enequipo","Tiempo de lectura":"1 minuto"},"schema":{"@context":"https:\/\/schema.org","@graph":[{"@type":"Article","@id":"https:\/\/www.sonoraenequipo.com.mx\/ubican-auto-probablemente-inmiscuido-en-atropellamiento-y-muerte-de-ciclista\/#article","isPartOf":{"@id":"https:\/\/www.sonoraenequipo.com.mx\/ubican-auto-probablemente-inmiscuido-en-atropellamiento-y-muerte-de-ciclista\/"},"author":{"name":"enequipo","@id":"https:\/\/www.sonoraenequipo.com.mx\/#\/schema\/person\/50102df0fb23a8fa9e8effad8fa81386"},"headline":"Ubican auto probablemente inmiscuido en atropellamiento y muerte de ciclista","datePublished":"2023-01-04T19:25:28+00:00","dateModified":"2023-01-05T01:00:19+00:00","mainEntityOfPage":{"@id":"https:\/\/www.sonoraenequipo.com.mx\/ubican-auto-probablemente-inmiscuido-en-atropellamiento-y-muerte-de-ciclista\/"},"wordCount":206,"commentCount":0,"publisher":{"@id":"https:\/\/www.sonoraenequipo.com.mx\/#organization"},"image":{"@id":"https:\/\/www.sonoraenequipo.com.mx\/ubican-auto-probablemente-inmiscuido-en-atropellamiento-y-muerte-de-ciclista\/#primaryimage"},"thumbnailUrl":"https:\/\/www.sonoraenequipo.com.mx\/storage\/2023\/01\/ranger-1.jpg","keywords":["atropellamiento","ciclista","hermosillo"],"articleSection":["Polic\u00edaca"],"inLanguage":"es","potentialAction":[{"@type":"CommentAction","name":"Comment","target":["https:\/\/www.sonoraenequipo.com.mx\/ubican-auto-probablemente-inmiscuido-en-atropellamiento-y-muerte-de-ciclista\/#respond"]}]},{"@type":"WebPage","@id":"https:\/\/www.sonoraenequipo.com.mx\/ubican-auto-probablemente-inmiscuido-en-atropellamiento-y-muerte-de-ciclista\/","url":"https:\/\/www.sonoraenequipo.com.mx\/ubican-auto-probablemente-inmiscuido-en-atropellamiento-y-muerte-de-ciclista\/","name":"Sonora en Equipo. Ubican auto probablemente inmiscuido en atropellamiento y muerte de ciclista Polic\u00edaca","isPartOf":{"@id":"https:\/\/www.sonoraenequipo.com.mx\/#website"},"primaryImageOfPage":{"@id":"https:\/\/www.sonoraenequipo.com.mx\/ubican-auto-probablemente-inmiscuido-en-atropellamiento-y-muerte-de-ciclista\/#primaryimage"},"image":{"@id":"https:\/\/www.sonoraenequipo.com.mx\/ubican-auto-probablemente-inmiscuido-en-atropellamiento-y-muerte-de-ciclista\/#primaryimage"},"thumbnailUrl":"https:\/\/www.sonoraenequipo.com.mx\/storage\/2023\/01\/ranger-1.jpg","datePublished":"2023-01-04T19:25:28+00:00","dateModified":"2023-01-05T01:00:19+00:00","description":"\u25baEra conducido en exceso de velocidad en la colonia Modelo &nbsp; HERMOSILLO, SONORA,MX.\u2500\u2500 \u00a0Personal del Departamento de Investigaci\u00f3n de Accidentes de la En Sonora en Equipo publicamos toda la informaci\u00f3n de Sonora, M\u00e9xico y el Mundo de manera oportuna y busca que la libertad de expresi\u00f3n sea real. Visita nuestro medio informativo publicado desde Hermosillo, Sonora. %","breadcrumb":{"@id":"https:\/\/www.sonoraenequipo.com.mx\/ubican-auto-probablemente-inmiscuido-en-atropellamiento-y-muerte-de-ciclista\/#breadcrumb"},"inLanguage":"es","potentialAction":[{"@type":"ReadAction","target":["https:\/\/www.sonoraenequipo.com.mx\/ubican-auto-probablemente-inmiscuido-en-atropellamiento-y-muerte-de-ciclista\/"]}]},{"@type":"ImageObject","inLanguage":"es","@id":"https:\/\/www.sonoraenequipo.com.mx\/ubican-auto-probablemente-inmiscuido-en-atropellamiento-y-muerte-de-ciclista\/#primaryimage","url":"https:\/\/www.sonoraenequipo.com.mx\/storage\/2023\/01\/ranger-1.jpg","contentUrl":"https:\/\/www.sonoraenequipo.com.mx\/storage\/2023\/01\/ranger-1.jpg","width":600,"height":391,"caption":"Imagen para ilustrar"},{"@type":"BreadcrumbList","@id":"https:\/\/www.sonoraenequipo.com.mx\/ubican-auto-probablemente-inmiscuido-en-atropellamiento-y-muerte-de-ciclista\/#breadcrumb","itemListElement":[{"@type":"ListItem","position":1,"name":"Portada","item":"https:\/\/www.sonoraenequipo.com.mx\/"},{"@type":"ListItem","position":2,"name":"Ubican auto probablemente inmiscuido en atropellamiento y muerte de ciclista"}]},{"@type":"WebSite","@id":"https:\/\/www.sonoraenequipo.com.mx\/#website","url":"https:\/\/www.sonoraenequipo.com.mx\/","name":"Sonora en Equipo.","description":"Diario en l\u00ednea con Noticias desde Hermosillo, Sonora","publisher":{"@id":"https:\/\/www.sonoraenequipo.com.mx\/#organization"},"potentialAction":[{"@type":"SearchAction","target":{"@type":"EntryPoint","urlTemplate":"https:\/\/www.sonoraenequipo.com.mx\/?s={search_term_string}"},"query-input":{"@type":"PropertyValueSpecification","valueRequired":true,"valueName":"search_term_string"}}],"inLanguage":"es"},{"@type":"Organization","@id":"https:\/\/www.sonoraenequipo.com.mx\/#organization","name":"Sonoraenequipo.com.mx","url":"https:\/\/www.sonoraenequipo.com.mx\/","logo":{"@type":"ImageObject","inLanguage":"es","@id":"https:\/\/www.sonoraenequipo.com.mx\/#\/schema\/logo\/image\/","url":"https:\/\/www.sonoraenequipo.com.mx\/storage\/2019\/01\/sonoraenequipo_opt.png","contentUrl":"https:\/\/www.sonoraenequipo.com.mx\/storage\/2019\/01\/sonoraenequipo_opt.png","width":375,"height":125,"caption":"Sonoraenequipo.com.mx"},"image":{"@id":"https:\/\/www.sonoraenequipo.com.mx\/#\/schema\/logo\/image\/"},"sameAs":["https:\/\/www.facebook.com\/SonoraEE\/","https:\/\/x.com\/sonoraenequipo","https:\/\/www.youtube.com\/channel\/UC338nW-lPEYmJQs4ZABQ1SQ"]},{"@type":"Person","@id":"https:\/\/www.sonoraenequipo.com.mx\/#\/schema\/person\/50102df0fb23a8fa9e8effad8fa81386","name":"enequipo","image":{"@type":"ImageObject","inLanguage":"es","@id":"https:\/\/www.sonoraenequipo.com.mx\/#\/schema\/person\/image\/","url":"https:\/\/secure.gravatar.com\/avatar\/049821681b589dabc0bc20695993ccebb09f5b5d4d790cd9251b97faac7c652b?s=96&d=blank&r=g","contentUrl":"https:\/\/secure.gravatar.com\/avatar\/049821681b589dabc0bc20695993ccebb09f5b5d4d790cd9251b97faac7c652b?s=96&d=blank&r=g","caption":"enequipo"},"sameAs":["https:\/\/www.facebook.com\/SonoraEE"]}]}},"jetpack_featured_media_url":"https:\/\/www.sonoraenequipo.com.mx\/storage\/2023\/01\/ranger-1.jpg","_links":{"self":[{"href":"https:\/\/www.sonoraenequipo.com.mx\/api\/wp\/v2\/posts\/155793","targetHints":{"allow":["GET"]}}],"collection":[{"href":"https:\/\/www.sonoraenequipo.com.mx\/api\/wp\/v2\/posts"}],"about":[{"href":"https:\/\/www.sonoraenequipo.com.mx\/api\/wp\/v2\/types\/post"}],"author":[{"embeddable":true,"href":"https:\/\/www.sonoraenequipo.com.mx\/api\/wp\/v2\/users\/1"}],"replies":[{"embeddable":true,"href":"https:\/\/www.sonoraenequipo.com.mx\/api\/wp\/v2\/comments?post=155793"}],"version-history":[{"count":1,"href":"https:\/\/www.sonoraenequipo.com.mx\/api\/wp\/v2\/posts\/155793\/revisions"}],"predecessor-version":[{"id":155795,"href":"https:\/\/www.sonoraenequipo.com.mx\/api\/wp\/v2\/posts\/155793\/revisions\/155795"}],"wp:featuredmedia":[{"embeddable":true,"href":"https:\/\/www.sonoraenequipo.com.mx\/api\/wp\/v2\/media\/155839"}],"wp:attachment":[{"href":"https:\/\/www.sonoraenequipo.com.mx\/api\/wp\/v2\/media?parent=155793"}],"wp:term":[{"taxonomy":"category","embeddable":true,"href":"https:\/\/www.sonoraenequipo.com.mx\/api\/wp\/v2\/categories?post=155793"},{"taxonomy":"post_tag","embeddable":true,"href":"https:\/\/www.sonoraenequipo.com.mx\/api\/wp\/v2\/tags?post=155793"}],"curies":[{"name":"wp","href":"https:\/\/api.w.org\/{rel}","templated":true}]}}