{"id":155796,"date":"2023-01-04T12:44:40","date_gmt":"2023-01-04T19:44:40","guid":{"rendered":"https:\/\/www.sonoraenequipo.com.mx\/?p=155796"},"modified":"2023-01-04T14:13:34","modified_gmt":"2023-01-04T21:13:34","slug":"atletismo-seguira-con-su-circuito-estatal-en-enero","status":"publish","type":"post","link":"https:\/\/www.sonoraenequipo.com.mx\/atletismo-seguira-con-su-circuito-estatal-en-enero\/","title":{"rendered":"Atletismo seguir\u00e1 con su circuito estatal en enero"},"content":{"rendered":"<p>\u25baLa segunda edici\u00f3n del torneo \u201cJuan Pedro Toledo\u201d est\u00e1 programada para realizarse en Huatabampo el 28 y 29 de enero<\/p>\n<p><strong>HERMOSILLO, SONORA,MX.<\/strong><strong>\u2500\u2500<\/strong> \u00a0El atletismo sonorense celebrar\u00e1 el segundo torneo \u201cJuan Pedro Toledo Dom\u00ednguez\u201d, entre el s\u00e1bado 28 y domingo 29 de enero en Huatabampo, como parte del circuito estatal del calendario deportivo de este a\u00f1o.<\/p>\n<p>&nbsp;<\/p>\n<p>&nbsp;<\/p>\n<p>&nbsp;<\/p>\n<p>Ren\u00e9 Valdez del Pardo, presidente de la Asociaci\u00f3n Estatal de Atletismo, dio a conocer del evento en el que se esperan alrededor de 350 competidores de ambas ramas, en cuatro categor\u00edas (Sub 16, 18, 20 y 23) y en todas las pruebas, incluyendo a atletas infantiles de nivel primaria.<\/p>\n<p>&nbsp;<\/p>\n<p>&nbsp;<\/p>\n<p>&nbsp;<\/p>\n<p>El certamen tendr\u00e1 lugar en la pista del mismo nombre, bautizada en honor al velocista ol\u00edmpico originario de Huatabampo, quien viera acci\u00f3n en los Juegos Ol\u00edmpicos de Atenas 2004 y S\u00eddney 2000.<\/p>\n<p>&nbsp;<\/p>\n<p>&nbsp;<\/p>\n<p>&nbsp;<\/p>\n<p>Valdez del Pardo se\u00f1al\u00f3 que dicho evento atl\u00e9tico representa el segundo de un total de tres programados por la Asociaci\u00f3n Estatal de Atletismo en el circuito 2023; el primero de ellos fue la Copa del Potro del Itson efectuada en diciembre pasado en Ciudad Obreg\u00f3n.<\/p>\n<p>&nbsp;<\/p>\n<p>&nbsp;<\/p>\n<p>&nbsp;<\/p>\n<p>Despu\u00e9s de ese par de cert\u00e1menes quedar\u00eda pendiente la Copa Sonora, el cual vendr\u00eda a ser el tercer y \u00faltimo evento del serial, pactado para el 25 y 26 de febrero en el estadio \u201cH\u00e9roe de Nacozari\u201d de Hermosillo, en donde participar\u00e1n alrededor de 500 deportistas de toda la entidad.<\/p>\n<p>&nbsp;<\/p>\n<p>&nbsp;<\/p>\n<p>&nbsp;<\/p>\n<p>Posteriormente, los atletas con mejores marcas formar\u00e1n el equipo de la delegaci\u00f3n \u201cSonora Yo\u2019 One\u201d \u2013que contar\u00e1 con alrededor de 150 atletas- para representar a nuestro estado en la etapa Macrorregional de los Nacionales Conade, con fecha y sede por confirmar pr\u00f3ximamente.<\/p>\n<p><strong><em><u>Fecha de publicaci\u00f3n\u00a0\u00a0 mi\u00e9rcoles 4 de enero de 2023 con informaci\u00f3n de boletines<\/u><\/em><\/strong><\/p>\n<p>&nbsp;<\/p>\n","protected":false},"excerpt":{"rendered":"<p>\u25baLa segunda edici\u00f3n del torneo \u201cJuan Pedro Toledo\u201d est\u00e1 programada para realizarse en Huatabampo el&#8230;<\/p>\n","protected":false},"author":1,"featured_media":155797,"comment_status":"open","ping_status":"open","sticky":false,"template":"","format":"standard","meta":{"_monsterinsights_skip_tracking":false,"_monsterinsights_sitenote_active":false,"_monsterinsights_sitenote_note":"","_monsterinsights_sitenote_category":0,"footnotes":""},"categories":[22],"tags":[7197,15],"class_list":["post"],"yoast_head":" \n<title>Sonora en Equipo. Atletismo seguir\u00e1 con su circuito estatal en enero<\/title>\n<meta name=\"description\" content=\"\u25baLa segunda edici\u00f3n del torneo \u201cJuan Pedro Toledo\u201d est\u00e1 programada para realizarse en Huatabampo el 28 y 29 de enero HERMOSILLO, SONORA,MX.\u2500\u2500 \u00a0El En Sonora en Equipo publicamos toda la informaci\u00f3n de Sonora, M\u00e9xico y el Mundo de manera oportuna y busca que la libertad de expresi\u00f3n sea real. Visita nuestro medio informativo publicado desde Hermosillo, Sonora. %\" \/>\n<meta name=\"robots\" content=\"index, follow, max-snippet:-1, max-image-preview:large, max-video-preview:-1\" \/>\n<link rel=\"canonical\" href=\"https:\/\/www.sonoraenequipo.com.mx\/atletismo-seguira-con-su-circuito-estatal-en-enero\/\" \/>\n<meta property=\"og:locale\" content=\"es_ES\" \/>\n<meta property=\"og:type\" content=\"article\" \/>\n<meta property=\"og:title\" content=\"Sonora en Equipo. Atletismo seguir\u00e1 con su circuito estatal en enero\" \/>\n<meta property=\"og:description\" content=\"\u25baLa segunda edici\u00f3n del torneo \u201cJuan Pedro Toledo\u201d est\u00e1 programada para realizarse en Huatabampo el 28 y 29 de enero HERMOSILLO, SONORA,MX.\u2500\u2500 \u00a0El En Sonora en Equipo publicamos toda la informaci\u00f3n de Sonora, M\u00e9xico y el Mundo de manera oportuna y busca que la libertad de expresi\u00f3n sea real. Visita nuestro medio informativo publicado desde Hermosillo, Sonora. %\" \/>\n<meta property=\"og:url\" content=\"https:\/\/www.sonoraenequipo.com.mx\/atletismo-seguira-con-su-circuito-estatal-en-enero\/\" \/>\n<meta property=\"og:site_name\" content=\"Sonora en Equipo.\" \/>\n<meta property=\"article:publisher\" content=\"https:\/\/www.facebook.com\/SonoraEE\/\" \/>\n<meta property=\"article:author\" content=\"https:\/\/www.facebook.com\/SonoraEE\" \/>\n<meta property=\"article:published_time\" content=\"2023-01-04T19:44:40+00:00\" \/>\n<meta property=\"article:modified_time\" content=\"2023-01-04T21:13:34+00:00\" \/>\n<meta property=\"og:image\" content=\"https:\/\/www.sonoraenequipo.com.mx\/storage\/2023\/01\/atletismo.jpg\" \/>\n\t<meta property=\"og:image:width\" content=\"600\" \/>\n\t<meta property=\"og:image:height\" content=\"400\" \/>\n\t<meta property=\"og:image:type\" content=\"image\/jpeg\" \/>\n<meta name=\"author\" content=\"enequipo\" \/>\n<meta name=\"twitter:card\" content=\"summary_large_image\" \/>\n<meta name=\"twitter:creator\" content=\"@sonoraenequipo\" \/>\n<meta name=\"twitter:site\" content=\"@sonoraenequipo\" \/>\n<meta name=\"twitter:label1\" content=\"Escrito por\" \/>\n\t<meta name=\"twitter:data1\" content=\"enequipo\" \/>\n\t<meta name=\"twitter:label2\" content=\"Tiempo de lectura\" \/>\n\t<meta name=\"twitter:data2\" content=\"2 minutos\" \/>\n<script type=\"application\/ld+json\" class=\"yoast-schema-graph\">{\"@context\":\"https:\/\/schema.org\",\"@graph\":[{\"@type\":\"Article\",\"@id\":\"https:\/\/www.sonoraenequipo.com.mx\/atletismo-seguira-con-su-circuito-estatal-en-enero\/#article\",\"isPartOf\":{\"@id\":\"https:\/\/www.sonoraenequipo.com.mx\/atletismo-seguira-con-su-circuito-estatal-en-enero\/\"},\"author\":{\"name\":\"enequipo\",\"@id\":\"https:\/\/www.sonoraenequipo.com.mx\/#\/schema\/person\/50102df0fb23a8fa9e8effad8fa81386\"},\"headline\":\"Atletismo seguir\u00e1 con su circuito estatal en enero\",\"datePublished\":\"2023-01-04T19:44:40+00:00\",\"dateModified\":\"2023-01-04T21:13:34+00:00\",\"mainEntityOfPage\":{\"@id\":\"https:\/\/www.sonoraenequipo.com.mx\/atletismo-seguira-con-su-circuito-estatal-en-enero\/\"},\"wordCount\":319,\"commentCount\":0,\"publisher\":{\"@id\":\"https:\/\/www.sonoraenequipo.com.mx\/#organization\"},\"image\":{\"@id\":\"https:\/\/www.sonoraenequipo.com.mx\/atletismo-seguira-con-su-circuito-estatal-en-enero\/#primaryimage\"},\"thumbnailUrl\":\"https:\/\/www.sonoraenequipo.com.mx\/storage\/2023\/01\/atletismo.jpg\",\"keywords\":[\"atletismo\",\"Sonora\"],\"articleSection\":[\"Sonora\"],\"inLanguage\":\"es\",\"potentialAction\":[{\"@type\":\"CommentAction\",\"name\":\"Comment\",\"target\":[\"https:\/\/www.sonoraenequipo.com.mx\/atletismo-seguira-con-su-circuito-estatal-en-enero\/#respond\"]}]},{\"@type\":\"WebPage\",\"@id\":\"https:\/\/www.sonoraenequipo.com.mx\/atletismo-seguira-con-su-circuito-estatal-en-enero\/\",\"url\":\"https:\/\/www.sonoraenequipo.com.mx\/atletismo-seguira-con-su-circuito-estatal-en-enero\/\",\"name\":\"Sonora en Equipo. Atletismo seguir\u00e1 con su circuito estatal en enero\",\"isPartOf\":{\"@id\":\"https:\/\/www.sonoraenequipo.com.mx\/#website\"},\"primaryImageOfPage\":{\"@id\":\"https:\/\/www.sonoraenequipo.com.mx\/atletismo-seguira-con-su-circuito-estatal-en-enero\/#primaryimage\"},\"image\":{\"@id\":\"https:\/\/www.sonoraenequipo.com.mx\/atletismo-seguira-con-su-circuito-estatal-en-enero\/#primaryimage\"},\"thumbnailUrl\":\"https:\/\/www.sonoraenequipo.com.mx\/storage\/2023\/01\/atletismo.jpg\",\"datePublished\":\"2023-01-04T19:44:40+00:00\",\"dateModified\":\"2023-01-04T21:13:34+00:00\",\"description\":\"\u25baLa segunda edici\u00f3n del torneo \u201cJuan Pedro Toledo\u201d est\u00e1 programada para realizarse en Huatabampo el 28 y 29 de enero HERMOSILLO, SONORA,MX.\u2500\u2500 \u00a0El En Sonora en Equipo publicamos toda la informaci\u00f3n de Sonora, M\u00e9xico y el Mundo de manera oportuna y busca que la libertad de expresi\u00f3n sea real. Visita nuestro medio informativo publicado desde Hermosillo, Sonora. %\",\"breadcrumb\":{\"@id\":\"https:\/\/www.sonoraenequipo.com.mx\/atletismo-seguira-con-su-circuito-estatal-en-enero\/#breadcrumb\"},\"inLanguage\":\"es\",\"potentialAction\":[{\"@type\":\"ReadAction\",\"target\":[\"https:\/\/www.sonoraenequipo.com.mx\/atletismo-seguira-con-su-circuito-estatal-en-enero\/\"]}]},{\"@type\":\"ImageObject\",\"inLanguage\":\"es\",\"@id\":\"https:\/\/www.sonoraenequipo.com.mx\/atletismo-seguira-con-su-circuito-estatal-en-enero\/#primaryimage\",\"url\":\"https:\/\/www.sonoraenequipo.com.mx\/storage\/2023\/01\/atletismo.jpg\",\"contentUrl\":\"https:\/\/www.sonoraenequipo.com.mx\/storage\/2023\/01\/atletismo.jpg\",\"width\":600,\"height\":400},{\"@type\":\"BreadcrumbList\",\"@id\":\"https:\/\/www.sonoraenequipo.com.mx\/atletismo-seguira-con-su-circuito-estatal-en-enero\/#breadcrumb\",\"itemListElement\":[{\"@type\":\"ListItem\",\"position\":1,\"name\":\"Portada\",\"item\":\"https:\/\/www.sonoraenequipo.com.mx\/\"},{\"@type\":\"ListItem\",\"position\":2,\"name\":\"Atletismo seguir\u00e1 con su circuito estatal en enero\"}]},{\"@type\":\"WebSite\",\"@id\":\"https:\/\/www.sonoraenequipo.com.mx\/#website\",\"url\":\"https:\/\/www.sonoraenequipo.com.mx\/\",\"name\":\"Sonora en Equipo.\",\"description\":\"Diario en l\u00ednea con Noticias desde Hermosillo, Sonora\",\"publisher\":{\"@id\":\"https:\/\/www.sonoraenequipo.com.mx\/#organization\"},\"potentialAction\":[{\"@type\":\"SearchAction\",\"target\":{\"@type\":\"EntryPoint\",\"urlTemplate\":\"https:\/\/www.sonoraenequipo.com.mx\/?s={search_term_string}\"},\"query-input\":{\"@type\":\"PropertyValueSpecification\",\"valueRequired\":true,\"valueName\":\"search_term_string\"}}],\"inLanguage\":\"es\"},{\"@type\":\"Organization\",\"@id\":\"https:\/\/www.sonoraenequipo.com.mx\/#organization\",\"name\":\"Sonoraenequipo.com.mx\",\"url\":\"https:\/\/www.sonoraenequipo.com.mx\/\",\"logo\":{\"@type\":\"ImageObject\",\"inLanguage\":\"es\",\"@id\":\"https:\/\/www.sonoraenequipo.com.mx\/#\/schema\/logo\/image\/\",\"url\":\"https:\/\/www.sonoraenequipo.com.mx\/storage\/2019\/01\/sonoraenequipo_opt.png\",\"contentUrl\":\"https:\/\/www.sonoraenequipo.com.mx\/storage\/2019\/01\/sonoraenequipo_opt.png\",\"width\":375,\"height\":125,\"caption\":\"Sonoraenequipo.com.mx\"},\"image\":{\"@id\":\"https:\/\/www.sonoraenequipo.com.mx\/#\/schema\/logo\/image\/\"},\"sameAs\":[\"https:\/\/www.facebook.com\/SonoraEE\/\",\"https:\/\/x.com\/sonoraenequipo\",\"https:\/\/www.youtube.com\/channel\/UC338nW-lPEYmJQs4ZABQ1SQ\"]},{\"@type\":\"Person\",\"@id\":\"https:\/\/www.sonoraenequipo.com.mx\/#\/schema\/person\/50102df0fb23a8fa9e8effad8fa81386\",\"name\":\"enequipo\",\"image\":{\"@type\":\"ImageObject\",\"inLanguage\":\"es\",\"@id\":\"https:\/\/www.sonoraenequipo.com.mx\/#\/schema\/person\/image\/\",\"url\":\"https:\/\/secure.gravatar.com\/avatar\/049821681b589dabc0bc20695993ccebb09f5b5d4d790cd9251b97faac7c652b?s=96&d=blank&r=g\",\"contentUrl\":\"https:\/\/secure.gravatar.com\/avatar\/049821681b589dabc0bc20695993ccebb09f5b5d4d790cd9251b97faac7c652b?s=96&d=blank&r=g\",\"caption\":\"enequipo\"},\"sameAs\":[\"https:\/\/www.facebook.com\/SonoraEE\"]}]}<\/script>\n ","yoast_head_json":{"title":"Sonora en Equipo. Atletismo seguir\u00e1 con su circuito estatal en enero","description":"\u25baLa segunda edici\u00f3n del torneo \u201cJuan Pedro Toledo\u201d est\u00e1 programada para realizarse en Huatabampo el 28 y 29 de enero HERMOSILLO, SONORA,MX.\u2500\u2500 \u00a0El En Sonora en Equipo publicamos toda la informaci\u00f3n de Sonora, M\u00e9xico y el Mundo de manera oportuna y busca que la libertad de expresi\u00f3n sea real. Visita nuestro medio informativo publicado desde Hermosillo, Sonora. %","robots":{"index":"index","follow":"follow","max-snippet":"max-snippet:-1","max-image-preview":"max-image-preview:large","max-video-preview":"max-video-preview:-1"},"canonical":"https:\/\/www.sonoraenequipo.com.mx\/atletismo-seguira-con-su-circuito-estatal-en-enero\/","og_locale":"es_ES","og_type":"article","og_title":"Sonora en Equipo. Atletismo seguir\u00e1 con su circuito estatal en enero","og_description":"\u25baLa segunda edici\u00f3n del torneo \u201cJuan Pedro Toledo\u201d est\u00e1 programada para realizarse en Huatabampo el 28 y 29 de enero HERMOSILLO, SONORA,MX.\u2500\u2500 \u00a0El En Sonora en Equipo publicamos toda la informaci\u00f3n de Sonora, M\u00e9xico y el Mundo de manera oportuna y busca que la libertad de expresi\u00f3n sea real. Visita nuestro medio informativo publicado desde Hermosillo, Sonora. %","og_url":"https:\/\/www.sonoraenequipo.com.mx\/atletismo-seguira-con-su-circuito-estatal-en-enero\/","og_site_name":"Sonora en Equipo.","article_publisher":"https:\/\/www.facebook.com\/SonoraEE\/","article_author":"https:\/\/www.facebook.com\/SonoraEE","article_published_time":"2023-01-04T19:44:40+00:00","article_modified_time":"2023-01-04T21:13:34+00:00","og_image":[{"width":600,"height":400,"url":"https:\/\/www.sonoraenequipo.com.mx\/storage\/2023\/01\/atletismo.jpg","type":"image\/jpeg"}],"author":"enequipo","twitter_card":"summary_large_image","twitter_creator":"@sonoraenequipo","twitter_site":"@sonoraenequipo","twitter_misc":{"Escrito por":"enequipo","Tiempo de lectura":"2 minutos"},"schema":{"@context":"https:\/\/schema.org","@graph":[{"@type":"Article","@id":"https:\/\/www.sonoraenequipo.com.mx\/atletismo-seguira-con-su-circuito-estatal-en-enero\/#article","isPartOf":{"@id":"https:\/\/www.sonoraenequipo.com.mx\/atletismo-seguira-con-su-circuito-estatal-en-enero\/"},"author":{"name":"enequipo","@id":"https:\/\/www.sonoraenequipo.com.mx\/#\/schema\/person\/50102df0fb23a8fa9e8effad8fa81386"},"headline":"Atletismo seguir\u00e1 con su circuito estatal en enero","datePublished":"2023-01-04T19:44:40+00:00","dateModified":"2023-01-04T21:13:34+00:00","mainEntityOfPage":{"@id":"https:\/\/www.sonoraenequipo.com.mx\/atletismo-seguira-con-su-circuito-estatal-en-enero\/"},"wordCount":319,"commentCount":0,"publisher":{"@id":"https:\/\/www.sonoraenequipo.com.mx\/#organization"},"image":{"@id":"https:\/\/www.sonoraenequipo.com.mx\/atletismo-seguira-con-su-circuito-estatal-en-enero\/#primaryimage"},"thumbnailUrl":"https:\/\/www.sonoraenequipo.com.mx\/storage\/2023\/01\/atletismo.jpg","keywords":["atletismo","Sonora"],"articleSection":["Sonora"],"inLanguage":"es","potentialAction":[{"@type":"CommentAction","name":"Comment","target":["https:\/\/www.sonoraenequipo.com.mx\/atletismo-seguira-con-su-circuito-estatal-en-enero\/#respond"]}]},{"@type":"WebPage","@id":"https:\/\/www.sonoraenequipo.com.mx\/atletismo-seguira-con-su-circuito-estatal-en-enero\/","url":"https:\/\/www.sonoraenequipo.com.mx\/atletismo-seguira-con-su-circuito-estatal-en-enero\/","name":"Sonora en Equipo. Atletismo seguir\u00e1 con su circuito estatal en enero","isPartOf":{"@id":"https:\/\/www.sonoraenequipo.com.mx\/#website"},"primaryImageOfPage":{"@id":"https:\/\/www.sonoraenequipo.com.mx\/atletismo-seguira-con-su-circuito-estatal-en-enero\/#primaryimage"},"image":{"@id":"https:\/\/www.sonoraenequipo.com.mx\/atletismo-seguira-con-su-circuito-estatal-en-enero\/#primaryimage"},"thumbnailUrl":"https:\/\/www.sonoraenequipo.com.mx\/storage\/2023\/01\/atletismo.jpg","datePublished":"2023-01-04T19:44:40+00:00","dateModified":"2023-01-04T21:13:34+00:00","description":"\u25baLa segunda edici\u00f3n del torneo \u201cJuan Pedro Toledo\u201d est\u00e1 programada para realizarse en Huatabampo el 28 y 29 de enero HERMOSILLO, SONORA,MX.\u2500\u2500 \u00a0El En Sonora en Equipo publicamos toda la informaci\u00f3n de Sonora, M\u00e9xico y el Mundo de manera oportuna y busca que la libertad de expresi\u00f3n sea real. Visita nuestro medio informativo publicado desde Hermosillo, Sonora. %","breadcrumb":{"@id":"https:\/\/www.sonoraenequipo.com.mx\/atletismo-seguira-con-su-circuito-estatal-en-enero\/#breadcrumb"},"inLanguage":"es","potentialAction":[{"@type":"ReadAction","target":["https:\/\/www.sonoraenequipo.com.mx\/atletismo-seguira-con-su-circuito-estatal-en-enero\/"]}]},{"@type":"ImageObject","inLanguage":"es","@id":"https:\/\/www.sonoraenequipo.com.mx\/atletismo-seguira-con-su-circuito-estatal-en-enero\/#primaryimage","url":"https:\/\/www.sonoraenequipo.com.mx\/storage\/2023\/01\/atletismo.jpg","contentUrl":"https:\/\/www.sonoraenequipo.com.mx\/storage\/2023\/01\/atletismo.jpg","width":600,"height":400},{"@type":"BreadcrumbList","@id":"https:\/\/www.sonoraenequipo.com.mx\/atletismo-seguira-con-su-circuito-estatal-en-enero\/#breadcrumb","itemListElement":[{"@type":"ListItem","position":1,"name":"Portada","item":"https:\/\/www.sonoraenequipo.com.mx\/"},{"@type":"ListItem","position":2,"name":"Atletismo seguir\u00e1 con su circuito estatal en enero"}]},{"@type":"WebSite","@id":"https:\/\/www.sonoraenequipo.com.mx\/#website","url":"https:\/\/www.sonoraenequipo.com.mx\/","name":"Sonora en Equipo.","description":"Diario en l\u00ednea con Noticias desde Hermosillo, Sonora","publisher":{"@id":"https:\/\/www.sonoraenequipo.com.mx\/#organization"},"potentialAction":[{"@type":"SearchAction","target":{"@type":"EntryPoint","urlTemplate":"https:\/\/www.sonoraenequipo.com.mx\/?s={search_term_string}"},"query-input":{"@type":"PropertyValueSpecification","valueRequired":true,"valueName":"search_term_string"}}],"inLanguage":"es"},{"@type":"Organization","@id":"https:\/\/www.sonoraenequipo.com.mx\/#organization","name":"Sonoraenequipo.com.mx","url":"https:\/\/www.sonoraenequipo.com.mx\/","logo":{"@type":"ImageObject","inLanguage":"es","@id":"https:\/\/www.sonoraenequipo.com.mx\/#\/schema\/logo\/image\/","url":"https:\/\/www.sonoraenequipo.com.mx\/storage\/2019\/01\/sonoraenequipo_opt.png","contentUrl":"https:\/\/www.sonoraenequipo.com.mx\/storage\/2019\/01\/sonoraenequipo_opt.png","width":375,"height":125,"caption":"Sonoraenequipo.com.mx"},"image":{"@id":"https:\/\/www.sonoraenequipo.com.mx\/#\/schema\/logo\/image\/"},"sameAs":["https:\/\/www.facebook.com\/SonoraEE\/","https:\/\/x.com\/sonoraenequipo","https:\/\/www.youtube.com\/channel\/UC338nW-lPEYmJQs4ZABQ1SQ"]},{"@type":"Person","@id":"https:\/\/www.sonoraenequipo.com.mx\/#\/schema\/person\/50102df0fb23a8fa9e8effad8fa81386","name":"enequipo","image":{"@type":"ImageObject","inLanguage":"es","@id":"https:\/\/www.sonoraenequipo.com.mx\/#\/schema\/person\/image\/","url":"https:\/\/secure.gravatar.com\/avatar\/049821681b589dabc0bc20695993ccebb09f5b5d4d790cd9251b97faac7c652b?s=96&d=blank&r=g","contentUrl":"https:\/\/secure.gravatar.com\/avatar\/049821681b589dabc0bc20695993ccebb09f5b5d4d790cd9251b97faac7c652b?s=96&d=blank&r=g","caption":"enequipo"},"sameAs":["https:\/\/www.facebook.com\/SonoraEE"]}]}},"jetpack_featured_media_url":"https:\/\/www.sonoraenequipo.com.mx\/storage\/2023\/01\/atletismo.jpg","_links":{"self":[{"href":"https:\/\/www.sonoraenequipo.com.mx\/api\/wp\/v2\/posts\/155796","targetHints":{"allow":["GET"]}}],"collection":[{"href":"https:\/\/www.sonoraenequipo.com.mx\/api\/wp\/v2\/posts"}],"about":[{"href":"https:\/\/www.sonoraenequipo.com.mx\/api\/wp\/v2\/types\/post"}],"author":[{"embeddable":true,"href":"https:\/\/www.sonoraenequipo.com.mx\/api\/wp\/v2\/users\/1"}],"replies":[{"embeddable":true,"href":"https:\/\/www.sonoraenequipo.com.mx\/api\/wp\/v2\/comments?post=155796"}],"version-history":[{"count":1,"href":"https:\/\/www.sonoraenequipo.com.mx\/api\/wp\/v2\/posts\/155796\/revisions"}],"predecessor-version":[{"id":155798,"href":"https:\/\/www.sonoraenequipo.com.mx\/api\/wp\/v2\/posts\/155796\/revisions\/155798"}],"wp:featuredmedia":[{"embeddable":true,"href":"https:\/\/www.sonoraenequipo.com.mx\/api\/wp\/v2\/media\/155797"}],"wp:attachment":[{"href":"https:\/\/www.sonoraenequipo.com.mx\/api\/wp\/v2\/media?parent=155796"}],"wp:term":[{"taxonomy":"category","embeddable":true,"href":"https:\/\/www.sonoraenequipo.com.mx\/api\/wp\/v2\/categories?post=155796"},{"taxonomy":"post_tag","embeddable":true,"href":"https:\/\/www.sonoraenequipo.com.mx\/api\/wp\/v2\/tags?post=155796"}],"curies":[{"name":"wp","href":"https:\/\/api.w.org\/{rel}","templated":true}]}}