{"id":155856,"date":"2023-01-04T22:45:37","date_gmt":"2023-01-05T05:45:37","guid":{"rendered":"https:\/\/www.sonoraenequipo.com.mx\/?p=155856"},"modified":"2023-01-04T21:39:27","modified_gmt":"2023-01-05T04:39:27","slug":"muere-el-astronauta-walter-cunningham-el-ultimo-superviviente-del-apolo-7","status":"publish","type":"post","link":"https:\/\/www.sonoraenequipo.com.mx\/muere-el-astronauta-walter-cunningham-el-ultimo-superviviente-del-apolo-7\/","title":{"rendered":"Muere el astronauta Walter Cunningham, el \u00faltimo superviviente del Apolo 7"},"content":{"rendered":"<p><strong>ESTADOS UNIDOS.<\/strong> \u2014 El exastronauta de la NASA Walter Cunningham, que fue piloto del m\u00f3dulo lunar Apolo 7, el primer vuelo con tripulaci\u00f3n en el Programa Apolo de la agencia estadounidense, falleci\u00f3 en Houston (Texas) en la madrugada del martes, a los 90 a\u00f1os.<\/p>\n<p>&nbsp;<\/p>\n<p> <\/p>\n<p>&nbsp;<\/p>\n<p>&nbsp;<\/p>\n<p>Seg\u00fan inform\u00f3 la NASA en un comunicado, <strong><em>\u201cWalt Cunningham fue piloto de combate, f\u00edsico y empresario pero, sobre todo, fue un explorador\u201d.<\/em><\/strong><\/p>\n<p>&nbsp;<\/p>\n<p>&nbsp;<\/p>\n<p><em><strong>\u201cEn el Apolo 7, el primer lanzamiento de una misi\u00f3n Apolo tripulada, Walt y sus compa\u00f1eros hicieron historia, allanando el camino para la Generaci\u00f3n Artemisa que vemos actualmente\u201d<\/strong><\/em>, explic\u00f3 en la nota el responsable de la NASA, Bill Nelson.<\/p>\n<blockquote class=\"twitter-tweet\" data-width=\"550\" data-dnt=\"true\">\n<p lang=\"en\" dir=\"ltr\">The last astronaut of the first successful manned space mission &quot;Apollo 7&quot; Walter Cunningham has died &#8211; <a href=\"https:\/\/twitter.com\/hashtag\/NASA?src=hash&amp;ref_src=twsrc%5Etfw\">#NASA<\/a><\/p>\n<p> He was one of three astronauts aboard the Apollo in 1968.<\/p>\n<p> Cunningham died at the age of 90. <a href=\"https:\/\/t.co\/Endkvw33Y8\">pic.twitter.com\/Endkvw33Y8<\/a><\/p>\n<p>&mdash; Tay Keith \ud83c\uddf7\ud83c\uddfa (@Germaarig) <a href=\"https:\/\/twitter.com\/Germaarig\/status\/1610642356948058113?ref_src=twsrc%5Etfw\">January 4, 2023<\/a><\/p><\/blockquote>\n<p><script async src=\"https:\/\/platform.twitter.com\/widgets.js\" charset=\"utf-8\"><\/script><\/p>\n<p>&nbsp;<\/p>\n<p>&nbsp;<\/p>\n<p>PUBLICADO EL 04\/ENERO\/2023<\/p>\n<p>&nbsp;<\/p>\n","protected":false},"excerpt":{"rendered":"<p>ESTADOS UNIDOS. \u2014 El exastronauta de la NASA Walter Cunningham, que fue piloto del m\u00f3dulo&#8230;<\/p>\n","protected":false},"author":1,"featured_media":155810,"comment_status":"open","ping_status":"open","sticky":false,"template":"","format":"standard","meta":{"_monsterinsights_skip_tracking":false,"_monsterinsights_sitenote_active":false,"_monsterinsights_sitenote_note":"","_monsterinsights_sitenote_category":0,"footnotes":""},"categories":[3],"tags":[],"class_list":["post"],"yoast_head":" \n<title>Sonora en Equipo. Muere el astronauta Walter Cunningham, el \u00faltimo superviviente del Apolo 7 MUNDO<\/title>\n<meta name=\"description\" content=\"ESTADOS UNIDOS. \u2014 El exastronauta de la NASA Walter Cunningham, que fue piloto del m\u00f3dulo lunar Apolo 7, el primer vuelo con tripulaci\u00f3n en el Programa En Sonora en Equipo publicamos toda la informaci\u00f3n de Sonora, M\u00e9xico y el Mundo de manera oportuna y busca que la libertad de expresi\u00f3n sea real. Visita nuestro medio informativo publicado desde Hermosillo, Sonora. %\" \/>\n<meta name=\"robots\" content=\"index, follow, max-snippet:-1, max-image-preview:large, max-video-preview:-1\" \/>\n<link rel=\"canonical\" href=\"https:\/\/www.sonoraenequipo.com.mx\/muere-el-astronauta-walter-cunningham-el-ultimo-superviviente-del-apolo-7\/\" \/>\n<meta property=\"og:locale\" content=\"es_ES\" \/>\n<meta property=\"og:type\" content=\"article\" \/>\n<meta property=\"og:title\" content=\"Sonora en Equipo. Muere el astronauta Walter Cunningham, el \u00faltimo superviviente del Apolo 7 MUNDO\" \/>\n<meta property=\"og:description\" content=\"ESTADOS UNIDOS. \u2014 El exastronauta de la NASA Walter Cunningham, que fue piloto del m\u00f3dulo lunar Apolo 7, el primer vuelo con tripulaci\u00f3n en el Programa En Sonora en Equipo publicamos toda la informaci\u00f3n de Sonora, M\u00e9xico y el Mundo de manera oportuna y busca que la libertad de expresi\u00f3n sea real. Visita nuestro medio informativo publicado desde Hermosillo, Sonora. %\" \/>\n<meta property=\"og:url\" content=\"https:\/\/www.sonoraenequipo.com.mx\/muere-el-astronauta-walter-cunningham-el-ultimo-superviviente-del-apolo-7\/\" \/>\n<meta property=\"og:site_name\" content=\"Sonora en Equipo.\" \/>\n<meta property=\"article:publisher\" content=\"https:\/\/www.facebook.com\/SonoraEE\/\" \/>\n<meta property=\"article:author\" content=\"https:\/\/www.facebook.com\/SonoraEE\" \/>\n<meta property=\"article:published_time\" content=\"2023-01-05T05:45:37+00:00\" \/>\n<meta property=\"og:image\" content=\"https:\/\/www.sonoraenequipo.com.mx\/storage\/2023\/01\/austronauta-muere.jpg\" \/>\n\t<meta property=\"og:image:width\" content=\"679\" \/>\n\t<meta property=\"og:image:height\" content=\"492\" \/>\n\t<meta property=\"og:image:type\" content=\"image\/jpeg\" \/>\n<meta name=\"author\" content=\"enequipo\" \/>\n<meta name=\"twitter:card\" content=\"summary_large_image\" \/>\n<meta name=\"twitter:creator\" content=\"@sonoraenequipo\" \/>\n<meta name=\"twitter:site\" content=\"@sonoraenequipo\" \/>\n<meta name=\"twitter:label1\" content=\"Escrito por\" \/>\n\t<meta name=\"twitter:data1\" content=\"enequipo\" \/>\n\t<meta name=\"twitter:label2\" content=\"Tiempo de lectura\" \/>\n\t<meta name=\"twitter:data2\" content=\"1 minuto\" \/>\n<script type=\"application\/ld+json\" class=\"yoast-schema-graph\">{\"@context\":\"https:\/\/schema.org\",\"@graph\":[{\"@type\":\"Article\",\"@id\":\"https:\/\/www.sonoraenequipo.com.mx\/muere-el-astronauta-walter-cunningham-el-ultimo-superviviente-del-apolo-7\/#article\",\"isPartOf\":{\"@id\":\"https:\/\/www.sonoraenequipo.com.mx\/muere-el-astronauta-walter-cunningham-el-ultimo-superviviente-del-apolo-7\/\"},\"author\":{\"name\":\"enequipo\",\"@id\":\"https:\/\/www.sonoraenequipo.com.mx\/#\/schema\/person\/50102df0fb23a8fa9e8effad8fa81386\"},\"headline\":\"Muere el astronauta Walter Cunningham, el \u00faltimo superviviente del Apolo 7\",\"datePublished\":\"2023-01-05T05:45:37+00:00\",\"mainEntityOfPage\":{\"@id\":\"https:\/\/www.sonoraenequipo.com.mx\/muere-el-astronauta-walter-cunningham-el-ultimo-superviviente-del-apolo-7\/\"},\"wordCount\":135,\"commentCount\":0,\"publisher\":{\"@id\":\"https:\/\/www.sonoraenequipo.com.mx\/#organization\"},\"image\":{\"@id\":\"https:\/\/www.sonoraenequipo.com.mx\/muere-el-astronauta-walter-cunningham-el-ultimo-superviviente-del-apolo-7\/#primaryimage\"},\"thumbnailUrl\":\"https:\/\/www.sonoraenequipo.com.mx\/storage\/2023\/01\/austronauta-muere.jpg\",\"articleSection\":[\"MUNDO\"],\"inLanguage\":\"es\",\"potentialAction\":[{\"@type\":\"CommentAction\",\"name\":\"Comment\",\"target\":[\"https:\/\/www.sonoraenequipo.com.mx\/muere-el-astronauta-walter-cunningham-el-ultimo-superviviente-del-apolo-7\/#respond\"]}]},{\"@type\":\"WebPage\",\"@id\":\"https:\/\/www.sonoraenequipo.com.mx\/muere-el-astronauta-walter-cunningham-el-ultimo-superviviente-del-apolo-7\/\",\"url\":\"https:\/\/www.sonoraenequipo.com.mx\/muere-el-astronauta-walter-cunningham-el-ultimo-superviviente-del-apolo-7\/\",\"name\":\"Sonora en Equipo. Muere el astronauta Walter Cunningham, el \u00faltimo superviviente del Apolo 7 MUNDO\",\"isPartOf\":{\"@id\":\"https:\/\/www.sonoraenequipo.com.mx\/#website\"},\"primaryImageOfPage\":{\"@id\":\"https:\/\/www.sonoraenequipo.com.mx\/muere-el-astronauta-walter-cunningham-el-ultimo-superviviente-del-apolo-7\/#primaryimage\"},\"image\":{\"@id\":\"https:\/\/www.sonoraenequipo.com.mx\/muere-el-astronauta-walter-cunningham-el-ultimo-superviviente-del-apolo-7\/#primaryimage\"},\"thumbnailUrl\":\"https:\/\/www.sonoraenequipo.com.mx\/storage\/2023\/01\/austronauta-muere.jpg\",\"datePublished\":\"2023-01-05T05:45:37+00:00\",\"description\":\"ESTADOS UNIDOS. \u2014 El exastronauta de la NASA Walter Cunningham, que fue piloto del m\u00f3dulo lunar Apolo 7, el primer vuelo con tripulaci\u00f3n en el Programa En Sonora en Equipo publicamos toda la informaci\u00f3n de Sonora, M\u00e9xico y el Mundo de manera oportuna y busca que la libertad de expresi\u00f3n sea real. Visita nuestro medio informativo publicado desde Hermosillo, Sonora. %\",\"breadcrumb\":{\"@id\":\"https:\/\/www.sonoraenequipo.com.mx\/muere-el-astronauta-walter-cunningham-el-ultimo-superviviente-del-apolo-7\/#breadcrumb\"},\"inLanguage\":\"es\",\"potentialAction\":[{\"@type\":\"ReadAction\",\"target\":[\"https:\/\/www.sonoraenequipo.com.mx\/muere-el-astronauta-walter-cunningham-el-ultimo-superviviente-del-apolo-7\/\"]}]},{\"@type\":\"ImageObject\",\"inLanguage\":\"es\",\"@id\":\"https:\/\/www.sonoraenequipo.com.mx\/muere-el-astronauta-walter-cunningham-el-ultimo-superviviente-del-apolo-7\/#primaryimage\",\"url\":\"https:\/\/www.sonoraenequipo.com.mx\/storage\/2023\/01\/austronauta-muere.jpg\",\"contentUrl\":\"https:\/\/www.sonoraenequipo.com.mx\/storage\/2023\/01\/austronauta-muere.jpg\",\"width\":679,\"height\":492},{\"@type\":\"BreadcrumbList\",\"@id\":\"https:\/\/www.sonoraenequipo.com.mx\/muere-el-astronauta-walter-cunningham-el-ultimo-superviviente-del-apolo-7\/#breadcrumb\",\"itemListElement\":[{\"@type\":\"ListItem\",\"position\":1,\"name\":\"Portada\",\"item\":\"https:\/\/www.sonoraenequipo.com.mx\/\"},{\"@type\":\"ListItem\",\"position\":2,\"name\":\"Muere el astronauta Walter Cunningham, el \u00faltimo superviviente del Apolo 7\"}]},{\"@type\":\"WebSite\",\"@id\":\"https:\/\/www.sonoraenequipo.com.mx\/#website\",\"url\":\"https:\/\/www.sonoraenequipo.com.mx\/\",\"name\":\"Sonora en Equipo.\",\"description\":\"Diario en l\u00ednea con Noticias desde Hermosillo, Sonora\",\"publisher\":{\"@id\":\"https:\/\/www.sonoraenequipo.com.mx\/#organization\"},\"potentialAction\":[{\"@type\":\"SearchAction\",\"target\":{\"@type\":\"EntryPoint\",\"urlTemplate\":\"https:\/\/www.sonoraenequipo.com.mx\/?s={search_term_string}\"},\"query-input\":{\"@type\":\"PropertyValueSpecification\",\"valueRequired\":true,\"valueName\":\"search_term_string\"}}],\"inLanguage\":\"es\"},{\"@type\":\"Organization\",\"@id\":\"https:\/\/www.sonoraenequipo.com.mx\/#organization\",\"name\":\"Sonoraenequipo.com.mx\",\"url\":\"https:\/\/www.sonoraenequipo.com.mx\/\",\"logo\":{\"@type\":\"ImageObject\",\"inLanguage\":\"es\",\"@id\":\"https:\/\/www.sonoraenequipo.com.mx\/#\/schema\/logo\/image\/\",\"url\":\"https:\/\/www.sonoraenequipo.com.mx\/storage\/2019\/01\/sonoraenequipo_opt.png\",\"contentUrl\":\"https:\/\/www.sonoraenequipo.com.mx\/storage\/2019\/01\/sonoraenequipo_opt.png\",\"width\":375,\"height\":125,\"caption\":\"Sonoraenequipo.com.mx\"},\"image\":{\"@id\":\"https:\/\/www.sonoraenequipo.com.mx\/#\/schema\/logo\/image\/\"},\"sameAs\":[\"https:\/\/www.facebook.com\/SonoraEE\/\",\"https:\/\/x.com\/sonoraenequipo\",\"https:\/\/www.youtube.com\/channel\/UC338nW-lPEYmJQs4ZABQ1SQ\"]},{\"@type\":\"Person\",\"@id\":\"https:\/\/www.sonoraenequipo.com.mx\/#\/schema\/person\/50102df0fb23a8fa9e8effad8fa81386\",\"name\":\"enequipo\",\"image\":{\"@type\":\"ImageObject\",\"inLanguage\":\"es\",\"@id\":\"https:\/\/www.sonoraenequipo.com.mx\/#\/schema\/person\/image\/\",\"url\":\"https:\/\/secure.gravatar.com\/avatar\/049821681b589dabc0bc20695993ccebb09f5b5d4d790cd9251b97faac7c652b?s=96&d=blank&r=g\",\"contentUrl\":\"https:\/\/secure.gravatar.com\/avatar\/049821681b589dabc0bc20695993ccebb09f5b5d4d790cd9251b97faac7c652b?s=96&d=blank&r=g\",\"caption\":\"enequipo\"},\"sameAs\":[\"https:\/\/www.facebook.com\/SonoraEE\"]}]}<\/script>\n ","yoast_head_json":{"title":"Sonora en Equipo. Muere el astronauta Walter Cunningham, el \u00faltimo superviviente del Apolo 7 MUNDO","description":"ESTADOS UNIDOS. \u2014 El exastronauta de la NASA Walter Cunningham, que fue piloto del m\u00f3dulo lunar Apolo 7, el primer vuelo con tripulaci\u00f3n en el Programa En Sonora en Equipo publicamos toda la informaci\u00f3n de Sonora, M\u00e9xico y el Mundo de manera oportuna y busca que la libertad de expresi\u00f3n sea real. Visita nuestro medio informativo publicado desde Hermosillo, Sonora. %","robots":{"index":"index","follow":"follow","max-snippet":"max-snippet:-1","max-image-preview":"max-image-preview:large","max-video-preview":"max-video-preview:-1"},"canonical":"https:\/\/www.sonoraenequipo.com.mx\/muere-el-astronauta-walter-cunningham-el-ultimo-superviviente-del-apolo-7\/","og_locale":"es_ES","og_type":"article","og_title":"Sonora en Equipo. Muere el astronauta Walter Cunningham, el \u00faltimo superviviente del Apolo 7 MUNDO","og_description":"ESTADOS UNIDOS. \u2014 El exastronauta de la NASA Walter Cunningham, que fue piloto del m\u00f3dulo lunar Apolo 7, el primer vuelo con tripulaci\u00f3n en el Programa En Sonora en Equipo publicamos toda la informaci\u00f3n de Sonora, M\u00e9xico y el Mundo de manera oportuna y busca que la libertad de expresi\u00f3n sea real. Visita nuestro medio informativo publicado desde Hermosillo, Sonora. %","og_url":"https:\/\/www.sonoraenequipo.com.mx\/muere-el-astronauta-walter-cunningham-el-ultimo-superviviente-del-apolo-7\/","og_site_name":"Sonora en Equipo.","article_publisher":"https:\/\/www.facebook.com\/SonoraEE\/","article_author":"https:\/\/www.facebook.com\/SonoraEE","article_published_time":"2023-01-05T05:45:37+00:00","og_image":[{"width":679,"height":492,"url":"https:\/\/www.sonoraenequipo.com.mx\/storage\/2023\/01\/austronauta-muere.jpg","type":"image\/jpeg"}],"author":"enequipo","twitter_card":"summary_large_image","twitter_creator":"@sonoraenequipo","twitter_site":"@sonoraenequipo","twitter_misc":{"Escrito por":"enequipo","Tiempo de lectura":"1 minuto"},"schema":{"@context":"https:\/\/schema.org","@graph":[{"@type":"Article","@id":"https:\/\/www.sonoraenequipo.com.mx\/muere-el-astronauta-walter-cunningham-el-ultimo-superviviente-del-apolo-7\/#article","isPartOf":{"@id":"https:\/\/www.sonoraenequipo.com.mx\/muere-el-astronauta-walter-cunningham-el-ultimo-superviviente-del-apolo-7\/"},"author":{"name":"enequipo","@id":"https:\/\/www.sonoraenequipo.com.mx\/#\/schema\/person\/50102df0fb23a8fa9e8effad8fa81386"},"headline":"Muere el astronauta Walter Cunningham, el \u00faltimo superviviente del Apolo 7","datePublished":"2023-01-05T05:45:37+00:00","mainEntityOfPage":{"@id":"https:\/\/www.sonoraenequipo.com.mx\/muere-el-astronauta-walter-cunningham-el-ultimo-superviviente-del-apolo-7\/"},"wordCount":135,"commentCount":0,"publisher":{"@id":"https:\/\/www.sonoraenequipo.com.mx\/#organization"},"image":{"@id":"https:\/\/www.sonoraenequipo.com.mx\/muere-el-astronauta-walter-cunningham-el-ultimo-superviviente-del-apolo-7\/#primaryimage"},"thumbnailUrl":"https:\/\/www.sonoraenequipo.com.mx\/storage\/2023\/01\/austronauta-muere.jpg","articleSection":["MUNDO"],"inLanguage":"es","potentialAction":[{"@type":"CommentAction","name":"Comment","target":["https:\/\/www.sonoraenequipo.com.mx\/muere-el-astronauta-walter-cunningham-el-ultimo-superviviente-del-apolo-7\/#respond"]}]},{"@type":"WebPage","@id":"https:\/\/www.sonoraenequipo.com.mx\/muere-el-astronauta-walter-cunningham-el-ultimo-superviviente-del-apolo-7\/","url":"https:\/\/www.sonoraenequipo.com.mx\/muere-el-astronauta-walter-cunningham-el-ultimo-superviviente-del-apolo-7\/","name":"Sonora en Equipo. Muere el astronauta Walter Cunningham, el \u00faltimo superviviente del Apolo 7 MUNDO","isPartOf":{"@id":"https:\/\/www.sonoraenequipo.com.mx\/#website"},"primaryImageOfPage":{"@id":"https:\/\/www.sonoraenequipo.com.mx\/muere-el-astronauta-walter-cunningham-el-ultimo-superviviente-del-apolo-7\/#primaryimage"},"image":{"@id":"https:\/\/www.sonoraenequipo.com.mx\/muere-el-astronauta-walter-cunningham-el-ultimo-superviviente-del-apolo-7\/#primaryimage"},"thumbnailUrl":"https:\/\/www.sonoraenequipo.com.mx\/storage\/2023\/01\/austronauta-muere.jpg","datePublished":"2023-01-05T05:45:37+00:00","description":"ESTADOS UNIDOS. \u2014 El exastronauta de la NASA Walter Cunningham, que fue piloto del m\u00f3dulo lunar Apolo 7, el primer vuelo con tripulaci\u00f3n en el Programa En Sonora en Equipo publicamos toda la informaci\u00f3n de Sonora, M\u00e9xico y el Mundo de manera oportuna y busca que la libertad de expresi\u00f3n sea real. Visita nuestro medio informativo publicado desde Hermosillo, Sonora. %","breadcrumb":{"@id":"https:\/\/www.sonoraenequipo.com.mx\/muere-el-astronauta-walter-cunningham-el-ultimo-superviviente-del-apolo-7\/#breadcrumb"},"inLanguage":"es","potentialAction":[{"@type":"ReadAction","target":["https:\/\/www.sonoraenequipo.com.mx\/muere-el-astronauta-walter-cunningham-el-ultimo-superviviente-del-apolo-7\/"]}]},{"@type":"ImageObject","inLanguage":"es","@id":"https:\/\/www.sonoraenequipo.com.mx\/muere-el-astronauta-walter-cunningham-el-ultimo-superviviente-del-apolo-7\/#primaryimage","url":"https:\/\/www.sonoraenequipo.com.mx\/storage\/2023\/01\/austronauta-muere.jpg","contentUrl":"https:\/\/www.sonoraenequipo.com.mx\/storage\/2023\/01\/austronauta-muere.jpg","width":679,"height":492},{"@type":"BreadcrumbList","@id":"https:\/\/www.sonoraenequipo.com.mx\/muere-el-astronauta-walter-cunningham-el-ultimo-superviviente-del-apolo-7\/#breadcrumb","itemListElement":[{"@type":"ListItem","position":1,"name":"Portada","item":"https:\/\/www.sonoraenequipo.com.mx\/"},{"@type":"ListItem","position":2,"name":"Muere el astronauta Walter Cunningham, el \u00faltimo superviviente del Apolo 7"}]},{"@type":"WebSite","@id":"https:\/\/www.sonoraenequipo.com.mx\/#website","url":"https:\/\/www.sonoraenequipo.com.mx\/","name":"Sonora en Equipo.","description":"Diario en l\u00ednea con Noticias desde Hermosillo, Sonora","publisher":{"@id":"https:\/\/www.sonoraenequipo.com.mx\/#organization"},"potentialAction":[{"@type":"SearchAction","target":{"@type":"EntryPoint","urlTemplate":"https:\/\/www.sonoraenequipo.com.mx\/?s={search_term_string}"},"query-input":{"@type":"PropertyValueSpecification","valueRequired":true,"valueName":"search_term_string"}}],"inLanguage":"es"},{"@type":"Organization","@id":"https:\/\/www.sonoraenequipo.com.mx\/#organization","name":"Sonoraenequipo.com.mx","url":"https:\/\/www.sonoraenequipo.com.mx\/","logo":{"@type":"ImageObject","inLanguage":"es","@id":"https:\/\/www.sonoraenequipo.com.mx\/#\/schema\/logo\/image\/","url":"https:\/\/www.sonoraenequipo.com.mx\/storage\/2019\/01\/sonoraenequipo_opt.png","contentUrl":"https:\/\/www.sonoraenequipo.com.mx\/storage\/2019\/01\/sonoraenequipo_opt.png","width":375,"height":125,"caption":"Sonoraenequipo.com.mx"},"image":{"@id":"https:\/\/www.sonoraenequipo.com.mx\/#\/schema\/logo\/image\/"},"sameAs":["https:\/\/www.facebook.com\/SonoraEE\/","https:\/\/x.com\/sonoraenequipo","https:\/\/www.youtube.com\/channel\/UC338nW-lPEYmJQs4ZABQ1SQ"]},{"@type":"Person","@id":"https:\/\/www.sonoraenequipo.com.mx\/#\/schema\/person\/50102df0fb23a8fa9e8effad8fa81386","name":"enequipo","image":{"@type":"ImageObject","inLanguage":"es","@id":"https:\/\/www.sonoraenequipo.com.mx\/#\/schema\/person\/image\/","url":"https:\/\/secure.gravatar.com\/avatar\/049821681b589dabc0bc20695993ccebb09f5b5d4d790cd9251b97faac7c652b?s=96&d=blank&r=g","contentUrl":"https:\/\/secure.gravatar.com\/avatar\/049821681b589dabc0bc20695993ccebb09f5b5d4d790cd9251b97faac7c652b?s=96&d=blank&r=g","caption":"enequipo"},"sameAs":["https:\/\/www.facebook.com\/SonoraEE"]}]}},"jetpack_featured_media_url":"https:\/\/www.sonoraenequipo.com.mx\/storage\/2023\/01\/austronauta-muere.jpg","_links":{"self":[{"href":"https:\/\/www.sonoraenequipo.com.mx\/api\/wp\/v2\/posts\/155856","targetHints":{"allow":["GET"]}}],"collection":[{"href":"https:\/\/www.sonoraenequipo.com.mx\/api\/wp\/v2\/posts"}],"about":[{"href":"https:\/\/www.sonoraenequipo.com.mx\/api\/wp\/v2\/types\/post"}],"author":[{"embeddable":true,"href":"https:\/\/www.sonoraenequipo.com.mx\/api\/wp\/v2\/users\/1"}],"replies":[{"embeddable":true,"href":"https:\/\/www.sonoraenequipo.com.mx\/api\/wp\/v2\/comments?post=155856"}],"version-history":[{"count":1,"href":"https:\/\/www.sonoraenequipo.com.mx\/api\/wp\/v2\/posts\/155856\/revisions"}],"predecessor-version":[{"id":155857,"href":"https:\/\/www.sonoraenequipo.com.mx\/api\/wp\/v2\/posts\/155856\/revisions\/155857"}],"wp:featuredmedia":[{"embeddable":true,"href":"https:\/\/www.sonoraenequipo.com.mx\/api\/wp\/v2\/media\/155810"}],"wp:attachment":[{"href":"https:\/\/www.sonoraenequipo.com.mx\/api\/wp\/v2\/media?parent=155856"}],"wp:term":[{"taxonomy":"category","embeddable":true,"href":"https:\/\/www.sonoraenequipo.com.mx\/api\/wp\/v2\/categories?post=155856"},{"taxonomy":"post_tag","embeddable":true,"href":"https:\/\/www.sonoraenequipo.com.mx\/api\/wp\/v2\/tags?post=155856"}],"curies":[{"name":"wp","href":"https:\/\/api.w.org\/{rel}","templated":true}]}}