{"id":155876,"date":"2023-01-05T12:18:39","date_gmt":"2023-01-05T19:18:39","guid":{"rendered":"https:\/\/www.sonoraenequipo.com.mx\/?p=155876"},"modified":"2023-01-05T12:44:16","modified_gmt":"2023-01-05T19:44:16","slug":"el-euro-cae-tras-los-datos-de-creacion-de-empleo-de-ee-uu","status":"publish","type":"post","link":"https:\/\/www.sonoraenequipo.com.mx\/el-euro-cae-tras-los-datos-de-creacion-de-empleo-de-ee-uu\/","title":{"rendered":"El euro cae tras los datos de creaci\u00f3n de empleo de EE. UU."},"content":{"rendered":"<p><strong>UNI\u00d3N EUROPEA.<\/strong> \u2014 El euro se depreci\u00f3 este jueves por debajo de 1.0550 d\u00f3lares, tras la publicaci\u00f3n de datos de creaci\u00f3n de empleo en EE. UU., cifras que fueron mejores de lo previsto y apoyan la determinaci\u00f3n de la Reserva Federal (Fed) de subir m\u00e1s sus tipos de inter\u00e9s.<\/p>\n<p>&nbsp;<\/p>\n<p> <\/p>\n<p>&nbsp;<\/p>\n<p>&nbsp;<\/p>\n<p>El euro se cambiaba hacia las 16.00 horas GMT a 1.0530 d\u00f3lares, frente a los 1,0589 d\u00f3lares en las \u00faltimas horas de la negociaci\u00f3n europea del mercado de divisas de la jornada anterior.<\/p>\n<p>&nbsp;<\/p>\n<p>El Banco Central Europeo (BCE) fij\u00f3 el cambio de referencia del euro en 1.0601 d\u00f3lares.<\/p>\n<p>&nbsp;<\/p>\n<p>Las solicitudes de subsidio por desempleo bajaron la semana pasada en EEUU en 19 mil, hasta 204 mil, respecto a la semana anterior.<\/p>\n<p>&nbsp;<\/p>\n<p>Adem\u00e1s, el sector privado cre\u00f3 en EE. UU. en diciembre 235 mil nuevos empleos respecto a noviembre, mucho m\u00e1s de lo previsto, seg\u00fan cifras de ADP.<\/p>\n<p>&nbsp;<\/p>\n<p>El mercado laboral estadounidense se muestra muy fuerte pese a las subidas de los tipos de inter\u00e9s; por ello, la Fed seguir\u00e1 subiendo los tipos de inter\u00e9s este a\u00f1o y el hecho de que en su \u00faltima reuni\u00f3n s\u00f3lo los elevara medio punto -tras cuatro alzas consecutivas de 0.75 puntos porcentuales- no es se\u00f1al de que vaya a dejar de hacerlo.<\/p>\n<p>&nbsp;<\/p>\n<p>Las proyecciones de la Fed sobre los tipos de inter\u00e9s superan notablemente las expectativas del mercado.<\/p>\n<p>&nbsp;<\/p>\n<p>La moneda \u00fanica se cambi\u00f3 en una banda de fluctuaci\u00f3n entre 1.0518 y 1.0631 d\u00f3lares.<\/p>\n<p>&nbsp;<\/p>\n<p>&nbsp;<\/p>\n<p>PUBLICADO EL 05\/ENERO\/2023<\/p>\n","protected":false},"excerpt":{"rendered":"<p>UNI\u00d3N EUROPEA. \u2014 El euro se depreci\u00f3 este jueves por debajo de 1.0550 d\u00f3lares, tras&#8230;<\/p>\n","protected":false},"author":1,"featured_media":155877,"comment_status":"open","ping_status":"open","sticky":false,"template":"","format":"standard","meta":{"_monsterinsights_skip_tracking":false,"_monsterinsights_sitenote_active":false,"_monsterinsights_sitenote_note":"","_monsterinsights_sitenote_category":0,"footnotes":""},"categories":[3],"tags":[],"class_list":["post"],"yoast_head":" \n<title>Sonora en Equipo. El euro cae tras los datos de creaci\u00f3n de empleo de EE. UU. MUNDO<\/title>\n<meta name=\"description\" content=\"UNI\u00d3N EUROPEA. \u2014 El euro se depreci\u00f3 este jueves por debajo de 1.0550 d\u00f3lares, tras la publicaci\u00f3n de datos de creaci\u00f3n de empleo en EE. UU., cifras que En Sonora en Equipo publicamos toda la informaci\u00f3n de Sonora, M\u00e9xico y el Mundo de manera oportuna y busca que la libertad de expresi\u00f3n sea real. Visita nuestro medio informativo publicado desde Hermosillo, Sonora. %\" \/>\n<meta name=\"robots\" content=\"index, follow, max-snippet:-1, max-image-preview:large, max-video-preview:-1\" \/>\n<link rel=\"canonical\" href=\"https:\/\/www.sonoraenequipo.com.mx\/el-euro-cae-tras-los-datos-de-creacion-de-empleo-de-ee-uu\/\" \/>\n<meta property=\"og:locale\" content=\"es_ES\" \/>\n<meta property=\"og:type\" content=\"article\" \/>\n<meta property=\"og:title\" content=\"Sonora en Equipo. El euro cae tras los datos de creaci\u00f3n de empleo de EE. UU. MUNDO\" \/>\n<meta property=\"og:description\" content=\"UNI\u00d3N EUROPEA. \u2014 El euro se depreci\u00f3 este jueves por debajo de 1.0550 d\u00f3lares, tras la publicaci\u00f3n de datos de creaci\u00f3n de empleo en EE. UU., cifras que En Sonora en Equipo publicamos toda la informaci\u00f3n de Sonora, M\u00e9xico y el Mundo de manera oportuna y busca que la libertad de expresi\u00f3n sea real. Visita nuestro medio informativo publicado desde Hermosillo, Sonora. %\" \/>\n<meta property=\"og:url\" content=\"https:\/\/www.sonoraenequipo.com.mx\/el-euro-cae-tras-los-datos-de-creacion-de-empleo-de-ee-uu\/\" \/>\n<meta property=\"og:site_name\" content=\"Sonora en Equipo.\" \/>\n<meta property=\"article:publisher\" content=\"https:\/\/www.facebook.com\/SonoraEE\/\" \/>\n<meta property=\"article:author\" content=\"https:\/\/www.facebook.com\/SonoraEE\" \/>\n<meta property=\"article:published_time\" content=\"2023-01-05T19:18:39+00:00\" \/>\n<meta property=\"article:modified_time\" content=\"2023-01-05T19:44:16+00:00\" \/>\n<meta property=\"og:image\" content=\"https:\/\/www.sonoraenequipo.com.mx\/storage\/2023\/01\/euro-dolar.jpg\" \/>\n\t<meta property=\"og:image:width\" content=\"900\" \/>\n\t<meta property=\"og:image:height\" content=\"514\" \/>\n\t<meta property=\"og:image:type\" content=\"image\/jpeg\" \/>\n<meta name=\"author\" content=\"enequipo\" \/>\n<meta name=\"twitter:card\" content=\"summary_large_image\" \/>\n<meta name=\"twitter:creator\" content=\"@sonoraenequipo\" \/>\n<meta name=\"twitter:site\" content=\"@sonoraenequipo\" \/>\n<meta name=\"twitter:label1\" content=\"Escrito por\" \/>\n\t<meta name=\"twitter:data1\" content=\"enequipo\" \/>\n\t<meta name=\"twitter:label2\" content=\"Tiempo de lectura\" \/>\n\t<meta name=\"twitter:data2\" content=\"1 minuto\" \/>\n<script type=\"application\/ld+json\" class=\"yoast-schema-graph\">{\"@context\":\"https:\/\/schema.org\",\"@graph\":[{\"@type\":\"Article\",\"@id\":\"https:\/\/www.sonoraenequipo.com.mx\/el-euro-cae-tras-los-datos-de-creacion-de-empleo-de-ee-uu\/#article\",\"isPartOf\":{\"@id\":\"https:\/\/www.sonoraenequipo.com.mx\/el-euro-cae-tras-los-datos-de-creacion-de-empleo-de-ee-uu\/\"},\"author\":{\"name\":\"enequipo\",\"@id\":\"https:\/\/www.sonoraenequipo.com.mx\/#\/schema\/person\/50102df0fb23a8fa9e8effad8fa81386\"},\"headline\":\"El euro cae tras los datos de creaci\u00f3n de empleo de EE. UU.\",\"datePublished\":\"2023-01-05T19:18:39+00:00\",\"dateModified\":\"2023-01-05T19:44:16+00:00\",\"mainEntityOfPage\":{\"@id\":\"https:\/\/www.sonoraenequipo.com.mx\/el-euro-cae-tras-los-datos-de-creacion-de-empleo-de-ee-uu\/\"},\"wordCount\":277,\"commentCount\":0,\"publisher\":{\"@id\":\"https:\/\/www.sonoraenequipo.com.mx\/#organization\"},\"image\":{\"@id\":\"https:\/\/www.sonoraenequipo.com.mx\/el-euro-cae-tras-los-datos-de-creacion-de-empleo-de-ee-uu\/#primaryimage\"},\"thumbnailUrl\":\"https:\/\/www.sonoraenequipo.com.mx\/storage\/2023\/01\/euro-dolar.jpg\",\"articleSection\":[\"MUNDO\"],\"inLanguage\":\"es\",\"potentialAction\":[{\"@type\":\"CommentAction\",\"name\":\"Comment\",\"target\":[\"https:\/\/www.sonoraenequipo.com.mx\/el-euro-cae-tras-los-datos-de-creacion-de-empleo-de-ee-uu\/#respond\"]}]},{\"@type\":\"WebPage\",\"@id\":\"https:\/\/www.sonoraenequipo.com.mx\/el-euro-cae-tras-los-datos-de-creacion-de-empleo-de-ee-uu\/\",\"url\":\"https:\/\/www.sonoraenequipo.com.mx\/el-euro-cae-tras-los-datos-de-creacion-de-empleo-de-ee-uu\/\",\"name\":\"Sonora en Equipo. El euro cae tras los datos de creaci\u00f3n de empleo de EE. UU. MUNDO\",\"isPartOf\":{\"@id\":\"https:\/\/www.sonoraenequipo.com.mx\/#website\"},\"primaryImageOfPage\":{\"@id\":\"https:\/\/www.sonoraenequipo.com.mx\/el-euro-cae-tras-los-datos-de-creacion-de-empleo-de-ee-uu\/#primaryimage\"},\"image\":{\"@id\":\"https:\/\/www.sonoraenequipo.com.mx\/el-euro-cae-tras-los-datos-de-creacion-de-empleo-de-ee-uu\/#primaryimage\"},\"thumbnailUrl\":\"https:\/\/www.sonoraenequipo.com.mx\/storage\/2023\/01\/euro-dolar.jpg\",\"datePublished\":\"2023-01-05T19:18:39+00:00\",\"dateModified\":\"2023-01-05T19:44:16+00:00\",\"description\":\"UNI\u00d3N EUROPEA. \u2014 El euro se depreci\u00f3 este jueves por debajo de 1.0550 d\u00f3lares, tras la publicaci\u00f3n de datos de creaci\u00f3n de empleo en EE. UU., cifras que En Sonora en Equipo publicamos toda la informaci\u00f3n de Sonora, M\u00e9xico y el Mundo de manera oportuna y busca que la libertad de expresi\u00f3n sea real. Visita nuestro medio informativo publicado desde Hermosillo, Sonora. %\",\"breadcrumb\":{\"@id\":\"https:\/\/www.sonoraenequipo.com.mx\/el-euro-cae-tras-los-datos-de-creacion-de-empleo-de-ee-uu\/#breadcrumb\"},\"inLanguage\":\"es\",\"potentialAction\":[{\"@type\":\"ReadAction\",\"target\":[\"https:\/\/www.sonoraenequipo.com.mx\/el-euro-cae-tras-los-datos-de-creacion-de-empleo-de-ee-uu\/\"]}]},{\"@type\":\"ImageObject\",\"inLanguage\":\"es\",\"@id\":\"https:\/\/www.sonoraenequipo.com.mx\/el-euro-cae-tras-los-datos-de-creacion-de-empleo-de-ee-uu\/#primaryimage\",\"url\":\"https:\/\/www.sonoraenequipo.com.mx\/storage\/2023\/01\/euro-dolar.jpg\",\"contentUrl\":\"https:\/\/www.sonoraenequipo.com.mx\/storage\/2023\/01\/euro-dolar.jpg\",\"width\":900,\"height\":514},{\"@type\":\"BreadcrumbList\",\"@id\":\"https:\/\/www.sonoraenequipo.com.mx\/el-euro-cae-tras-los-datos-de-creacion-de-empleo-de-ee-uu\/#breadcrumb\",\"itemListElement\":[{\"@type\":\"ListItem\",\"position\":1,\"name\":\"Portada\",\"item\":\"https:\/\/www.sonoraenequipo.com.mx\/\"},{\"@type\":\"ListItem\",\"position\":2,\"name\":\"El euro cae tras los datos de creaci\u00f3n de empleo de EE. UU.\"}]},{\"@type\":\"WebSite\",\"@id\":\"https:\/\/www.sonoraenequipo.com.mx\/#website\",\"url\":\"https:\/\/www.sonoraenequipo.com.mx\/\",\"name\":\"Sonora en Equipo.\",\"description\":\"Diario en l\u00ednea con Noticias desde Hermosillo, Sonora\",\"publisher\":{\"@id\":\"https:\/\/www.sonoraenequipo.com.mx\/#organization\"},\"potentialAction\":[{\"@type\":\"SearchAction\",\"target\":{\"@type\":\"EntryPoint\",\"urlTemplate\":\"https:\/\/www.sonoraenequipo.com.mx\/?s={search_term_string}\"},\"query-input\":{\"@type\":\"PropertyValueSpecification\",\"valueRequired\":true,\"valueName\":\"search_term_string\"}}],\"inLanguage\":\"es\"},{\"@type\":\"Organization\",\"@id\":\"https:\/\/www.sonoraenequipo.com.mx\/#organization\",\"name\":\"Sonoraenequipo.com.mx\",\"url\":\"https:\/\/www.sonoraenequipo.com.mx\/\",\"logo\":{\"@type\":\"ImageObject\",\"inLanguage\":\"es\",\"@id\":\"https:\/\/www.sonoraenequipo.com.mx\/#\/schema\/logo\/image\/\",\"url\":\"https:\/\/www.sonoraenequipo.com.mx\/storage\/2019\/01\/sonoraenequipo_opt.png\",\"contentUrl\":\"https:\/\/www.sonoraenequipo.com.mx\/storage\/2019\/01\/sonoraenequipo_opt.png\",\"width\":375,\"height\":125,\"caption\":\"Sonoraenequipo.com.mx\"},\"image\":{\"@id\":\"https:\/\/www.sonoraenequipo.com.mx\/#\/schema\/logo\/image\/\"},\"sameAs\":[\"https:\/\/www.facebook.com\/SonoraEE\/\",\"https:\/\/x.com\/sonoraenequipo\",\"https:\/\/www.youtube.com\/channel\/UC338nW-lPEYmJQs4ZABQ1SQ\"]},{\"@type\":\"Person\",\"@id\":\"https:\/\/www.sonoraenequipo.com.mx\/#\/schema\/person\/50102df0fb23a8fa9e8effad8fa81386\",\"name\":\"enequipo\",\"image\":{\"@type\":\"ImageObject\",\"inLanguage\":\"es\",\"@id\":\"https:\/\/www.sonoraenequipo.com.mx\/#\/schema\/person\/image\/\",\"url\":\"https:\/\/secure.gravatar.com\/avatar\/049821681b589dabc0bc20695993ccebb09f5b5d4d790cd9251b97faac7c652b?s=96&d=blank&r=g\",\"contentUrl\":\"https:\/\/secure.gravatar.com\/avatar\/049821681b589dabc0bc20695993ccebb09f5b5d4d790cd9251b97faac7c652b?s=96&d=blank&r=g\",\"caption\":\"enequipo\"},\"sameAs\":[\"https:\/\/www.facebook.com\/SonoraEE\"]}]}<\/script>\n ","yoast_head_json":{"title":"Sonora en Equipo. El euro cae tras los datos de creaci\u00f3n de empleo de EE. UU. MUNDO","description":"UNI\u00d3N EUROPEA. \u2014 El euro se depreci\u00f3 este jueves por debajo de 1.0550 d\u00f3lares, tras la publicaci\u00f3n de datos de creaci\u00f3n de empleo en EE. UU., cifras que En Sonora en Equipo publicamos toda la informaci\u00f3n de Sonora, M\u00e9xico y el Mundo de manera oportuna y busca que la libertad de expresi\u00f3n sea real. Visita nuestro medio informativo publicado desde Hermosillo, Sonora. %","robots":{"index":"index","follow":"follow","max-snippet":"max-snippet:-1","max-image-preview":"max-image-preview:large","max-video-preview":"max-video-preview:-1"},"canonical":"https:\/\/www.sonoraenequipo.com.mx\/el-euro-cae-tras-los-datos-de-creacion-de-empleo-de-ee-uu\/","og_locale":"es_ES","og_type":"article","og_title":"Sonora en Equipo. El euro cae tras los datos de creaci\u00f3n de empleo de EE. UU. MUNDO","og_description":"UNI\u00d3N EUROPEA. \u2014 El euro se depreci\u00f3 este jueves por debajo de 1.0550 d\u00f3lares, tras la publicaci\u00f3n de datos de creaci\u00f3n de empleo en EE. UU., cifras que En Sonora en Equipo publicamos toda la informaci\u00f3n de Sonora, M\u00e9xico y el Mundo de manera oportuna y busca que la libertad de expresi\u00f3n sea real. Visita nuestro medio informativo publicado desde Hermosillo, Sonora. %","og_url":"https:\/\/www.sonoraenequipo.com.mx\/el-euro-cae-tras-los-datos-de-creacion-de-empleo-de-ee-uu\/","og_site_name":"Sonora en Equipo.","article_publisher":"https:\/\/www.facebook.com\/SonoraEE\/","article_author":"https:\/\/www.facebook.com\/SonoraEE","article_published_time":"2023-01-05T19:18:39+00:00","article_modified_time":"2023-01-05T19:44:16+00:00","og_image":[{"width":900,"height":514,"url":"https:\/\/www.sonoraenequipo.com.mx\/storage\/2023\/01\/euro-dolar.jpg","type":"image\/jpeg"}],"author":"enequipo","twitter_card":"summary_large_image","twitter_creator":"@sonoraenequipo","twitter_site":"@sonoraenequipo","twitter_misc":{"Escrito por":"enequipo","Tiempo de lectura":"1 minuto"},"schema":{"@context":"https:\/\/schema.org","@graph":[{"@type":"Article","@id":"https:\/\/www.sonoraenequipo.com.mx\/el-euro-cae-tras-los-datos-de-creacion-de-empleo-de-ee-uu\/#article","isPartOf":{"@id":"https:\/\/www.sonoraenequipo.com.mx\/el-euro-cae-tras-los-datos-de-creacion-de-empleo-de-ee-uu\/"},"author":{"name":"enequipo","@id":"https:\/\/www.sonoraenequipo.com.mx\/#\/schema\/person\/50102df0fb23a8fa9e8effad8fa81386"},"headline":"El euro cae tras los datos de creaci\u00f3n de empleo de EE. UU.","datePublished":"2023-01-05T19:18:39+00:00","dateModified":"2023-01-05T19:44:16+00:00","mainEntityOfPage":{"@id":"https:\/\/www.sonoraenequipo.com.mx\/el-euro-cae-tras-los-datos-de-creacion-de-empleo-de-ee-uu\/"},"wordCount":277,"commentCount":0,"publisher":{"@id":"https:\/\/www.sonoraenequipo.com.mx\/#organization"},"image":{"@id":"https:\/\/www.sonoraenequipo.com.mx\/el-euro-cae-tras-los-datos-de-creacion-de-empleo-de-ee-uu\/#primaryimage"},"thumbnailUrl":"https:\/\/www.sonoraenequipo.com.mx\/storage\/2023\/01\/euro-dolar.jpg","articleSection":["MUNDO"],"inLanguage":"es","potentialAction":[{"@type":"CommentAction","name":"Comment","target":["https:\/\/www.sonoraenequipo.com.mx\/el-euro-cae-tras-los-datos-de-creacion-de-empleo-de-ee-uu\/#respond"]}]},{"@type":"WebPage","@id":"https:\/\/www.sonoraenequipo.com.mx\/el-euro-cae-tras-los-datos-de-creacion-de-empleo-de-ee-uu\/","url":"https:\/\/www.sonoraenequipo.com.mx\/el-euro-cae-tras-los-datos-de-creacion-de-empleo-de-ee-uu\/","name":"Sonora en Equipo. El euro cae tras los datos de creaci\u00f3n de empleo de EE. UU. MUNDO","isPartOf":{"@id":"https:\/\/www.sonoraenequipo.com.mx\/#website"},"primaryImageOfPage":{"@id":"https:\/\/www.sonoraenequipo.com.mx\/el-euro-cae-tras-los-datos-de-creacion-de-empleo-de-ee-uu\/#primaryimage"},"image":{"@id":"https:\/\/www.sonoraenequipo.com.mx\/el-euro-cae-tras-los-datos-de-creacion-de-empleo-de-ee-uu\/#primaryimage"},"thumbnailUrl":"https:\/\/www.sonoraenequipo.com.mx\/storage\/2023\/01\/euro-dolar.jpg","datePublished":"2023-01-05T19:18:39+00:00","dateModified":"2023-01-05T19:44:16+00:00","description":"UNI\u00d3N EUROPEA. \u2014 El euro se depreci\u00f3 este jueves por debajo de 1.0550 d\u00f3lares, tras la publicaci\u00f3n de datos de creaci\u00f3n de empleo en EE. UU., cifras que En Sonora en Equipo publicamos toda la informaci\u00f3n de Sonora, M\u00e9xico y el Mundo de manera oportuna y busca que la libertad de expresi\u00f3n sea real. Visita nuestro medio informativo publicado desde Hermosillo, Sonora. %","breadcrumb":{"@id":"https:\/\/www.sonoraenequipo.com.mx\/el-euro-cae-tras-los-datos-de-creacion-de-empleo-de-ee-uu\/#breadcrumb"},"inLanguage":"es","potentialAction":[{"@type":"ReadAction","target":["https:\/\/www.sonoraenequipo.com.mx\/el-euro-cae-tras-los-datos-de-creacion-de-empleo-de-ee-uu\/"]}]},{"@type":"ImageObject","inLanguage":"es","@id":"https:\/\/www.sonoraenequipo.com.mx\/el-euro-cae-tras-los-datos-de-creacion-de-empleo-de-ee-uu\/#primaryimage","url":"https:\/\/www.sonoraenequipo.com.mx\/storage\/2023\/01\/euro-dolar.jpg","contentUrl":"https:\/\/www.sonoraenequipo.com.mx\/storage\/2023\/01\/euro-dolar.jpg","width":900,"height":514},{"@type":"BreadcrumbList","@id":"https:\/\/www.sonoraenequipo.com.mx\/el-euro-cae-tras-los-datos-de-creacion-de-empleo-de-ee-uu\/#breadcrumb","itemListElement":[{"@type":"ListItem","position":1,"name":"Portada","item":"https:\/\/www.sonoraenequipo.com.mx\/"},{"@type":"ListItem","position":2,"name":"El euro cae tras los datos de creaci\u00f3n de empleo de EE. UU."}]},{"@type":"WebSite","@id":"https:\/\/www.sonoraenequipo.com.mx\/#website","url":"https:\/\/www.sonoraenequipo.com.mx\/","name":"Sonora en Equipo.","description":"Diario en l\u00ednea con Noticias desde Hermosillo, Sonora","publisher":{"@id":"https:\/\/www.sonoraenequipo.com.mx\/#organization"},"potentialAction":[{"@type":"SearchAction","target":{"@type":"EntryPoint","urlTemplate":"https:\/\/www.sonoraenequipo.com.mx\/?s={search_term_string}"},"query-input":{"@type":"PropertyValueSpecification","valueRequired":true,"valueName":"search_term_string"}}],"inLanguage":"es"},{"@type":"Organization","@id":"https:\/\/www.sonoraenequipo.com.mx\/#organization","name":"Sonoraenequipo.com.mx","url":"https:\/\/www.sonoraenequipo.com.mx\/","logo":{"@type":"ImageObject","inLanguage":"es","@id":"https:\/\/www.sonoraenequipo.com.mx\/#\/schema\/logo\/image\/","url":"https:\/\/www.sonoraenequipo.com.mx\/storage\/2019\/01\/sonoraenequipo_opt.png","contentUrl":"https:\/\/www.sonoraenequipo.com.mx\/storage\/2019\/01\/sonoraenequipo_opt.png","width":375,"height":125,"caption":"Sonoraenequipo.com.mx"},"image":{"@id":"https:\/\/www.sonoraenequipo.com.mx\/#\/schema\/logo\/image\/"},"sameAs":["https:\/\/www.facebook.com\/SonoraEE\/","https:\/\/x.com\/sonoraenequipo","https:\/\/www.youtube.com\/channel\/UC338nW-lPEYmJQs4ZABQ1SQ"]},{"@type":"Person","@id":"https:\/\/www.sonoraenequipo.com.mx\/#\/schema\/person\/50102df0fb23a8fa9e8effad8fa81386","name":"enequipo","image":{"@type":"ImageObject","inLanguage":"es","@id":"https:\/\/www.sonoraenequipo.com.mx\/#\/schema\/person\/image\/","url":"https:\/\/secure.gravatar.com\/avatar\/049821681b589dabc0bc20695993ccebb09f5b5d4d790cd9251b97faac7c652b?s=96&d=blank&r=g","contentUrl":"https:\/\/secure.gravatar.com\/avatar\/049821681b589dabc0bc20695993ccebb09f5b5d4d790cd9251b97faac7c652b?s=96&d=blank&r=g","caption":"enequipo"},"sameAs":["https:\/\/www.facebook.com\/SonoraEE"]}]}},"jetpack_featured_media_url":"https:\/\/www.sonoraenequipo.com.mx\/storage\/2023\/01\/euro-dolar.jpg","_links":{"self":[{"href":"https:\/\/www.sonoraenequipo.com.mx\/api\/wp\/v2\/posts\/155876","targetHints":{"allow":["GET"]}}],"collection":[{"href":"https:\/\/www.sonoraenequipo.com.mx\/api\/wp\/v2\/posts"}],"about":[{"href":"https:\/\/www.sonoraenequipo.com.mx\/api\/wp\/v2\/types\/post"}],"author":[{"embeddable":true,"href":"https:\/\/www.sonoraenequipo.com.mx\/api\/wp\/v2\/users\/1"}],"replies":[{"embeddable":true,"href":"https:\/\/www.sonoraenequipo.com.mx\/api\/wp\/v2\/comments?post=155876"}],"version-history":[{"count":1,"href":"https:\/\/www.sonoraenequipo.com.mx\/api\/wp\/v2\/posts\/155876\/revisions"}],"predecessor-version":[{"id":155878,"href":"https:\/\/www.sonoraenequipo.com.mx\/api\/wp\/v2\/posts\/155876\/revisions\/155878"}],"wp:featuredmedia":[{"embeddable":true,"href":"https:\/\/www.sonoraenequipo.com.mx\/api\/wp\/v2\/media\/155877"}],"wp:attachment":[{"href":"https:\/\/www.sonoraenequipo.com.mx\/api\/wp\/v2\/media?parent=155876"}],"wp:term":[{"taxonomy":"category","embeddable":true,"href":"https:\/\/www.sonoraenequipo.com.mx\/api\/wp\/v2\/categories?post=155876"},{"taxonomy":"post_tag","embeddable":true,"href":"https:\/\/www.sonoraenequipo.com.mx\/api\/wp\/v2\/tags?post=155876"}],"curies":[{"name":"wp","href":"https:\/\/api.w.org\/{rel}","templated":true}]}}