{"id":155879,"date":"2023-01-05T08:20:32","date_gmt":"2023-01-05T15:20:32","guid":{"rendered":"https:\/\/www.sonoraenequipo.com.mx\/?p=155879"},"modified":"2023-01-05T11:31:24","modified_gmt":"2023-01-05T18:31:24","slug":"ataques-armados-incendios-y-narcobloqueos-en-sinaloa-mexico-por-detencion-del-chapito-guzman","status":"publish","type":"post","link":"https:\/\/www.sonoraenequipo.com.mx\/ataques-armados-incendios-y-narcobloqueos-en-sinaloa-mexico-por-detencion-del-chapito-guzman\/","title":{"rendered":"Ataques armados, incendios y narcobloqueos en Sinaloa, M\u00e9xico por detenci\u00f3n del Chapito Guzm\u00e1n"},"content":{"rendered":"<p><strong>CULIAC\u00c1N, SINALOA. MX. \u2014<\/strong> Autoridades de Culiac\u00e1n, en el norte\u00f1o estado mexicano de Sinaloa, recomendaron este jueves a la poblaci\u00f3n de esa ciudad a permanecer en sus casas debido a diversos enfrentamientos armados en los que se reportaron veh\u00edculos incendiados, narcobloqueos, balaceras y despojo de autom\u00f3viles.<\/p>\n<p>&nbsp;<\/p>\n<p> <\/p>\n<p>&nbsp;<\/p>\n<p>&nbsp;<\/p>\n<p><em><strong>\u201cSe est\u00e1n presentando diferentes bloqueos en la ciudad. Ahorita la invitaci\u00f3n a la ciudadan\u00eda es que si no tienen a nada a que salir, no salgan\u201d<\/strong><\/em>, dijo en una entrevista a medios el secretario de Seguridad P\u00fablica de Sinaloa, Crist\u00f3bal Casta\u00f1eda Camarillo.<\/p>\n<blockquote class=\"twitter-tweet\" data-width=\"550\" data-dnt=\"true\">\n<p lang=\"es\" dir=\"ltr\"><a href=\"https:\/\/twitter.com\/hashtag\/CirculaEnRedes?src=hash&amp;ref_src=twsrc%5Etfw\">#CirculaEnRedes<\/a> Balaceras y bloqueos en Culiac\u00e1n, <a href=\"https:\/\/twitter.com\/hashtag\/Sinaloa?src=hash&amp;ref_src=twsrc%5Etfw\">#Sinaloa<\/a>; se cancelaron las clases y recomiendan mantenerse en casa, fuerzas federales ya en el lugar <a href=\"https:\/\/t.co\/IoxF70jZYg\">pic.twitter.com\/IoxF70jZYg<\/a><\/p>\n<p>&mdash; vertienteglobal.com (@VertienteGloba1) <a href=\"https:\/\/twitter.com\/VertienteGloba1\/status\/1611020442600443910?ref_src=twsrc%5Etfw\">January 5, 2023<\/a><\/p><\/blockquote>\n<p><script async src=\"https:\/\/platform.twitter.com\/widgets.js\" charset=\"utf-8\"><\/script><\/p>\n<p>PUBLICADO EL 05\/ENERO\/2023<\/p>\n","protected":false},"excerpt":{"rendered":"<p>CULIAC\u00c1N, SINALOA. MX. \u2014 Autoridades de Culiac\u00e1n, en el norte\u00f1o estado mexicano de Sinaloa, recomendaron&#8230;<\/p>\n","protected":false},"author":1,"featured_media":155872,"comment_status":"open","ping_status":"open","sticky":false,"template":"","format":"standard","meta":{"_monsterinsights_skip_tracking":false,"_monsterinsights_sitenote_active":false,"_monsterinsights_sitenote_note":"","_monsterinsights_sitenote_category":0,"footnotes":""},"categories":[3],"tags":[],"class_list":["post"],"yoast_head":" \n<title>Sonora en Equipo. Ataques armados, incendios y narcobloqueos en Sinaloa, M\u00e9xico por detenci\u00f3n del Chapito Guzm\u00e1n MUNDO<\/title>\n<meta name=\"description\" content=\"CULIAC\u00c1N, SINALOA. MX. \u2014 Autoridades de Culiac\u00e1n, en el norte\u00f1o estado mexicano de Sinaloa, recomendaron este jueves a la poblaci\u00f3n de esa ciudad a En Sonora en Equipo publicamos toda la informaci\u00f3n de Sonora, M\u00e9xico y el Mundo de manera oportuna y busca que la libertad de expresi\u00f3n sea real. Visita nuestro medio informativo publicado desde Hermosillo, Sonora. %\" \/>\n<meta name=\"robots\" content=\"index, follow, max-snippet:-1, max-image-preview:large, max-video-preview:-1\" \/>\n<link rel=\"canonical\" href=\"https:\/\/www.sonoraenequipo.com.mx\/ataques-armados-incendios-y-narcobloqueos-en-sinaloa-mexico-por-detencion-del-chapito-guzman\/\" \/>\n<meta property=\"og:locale\" content=\"es_ES\" \/>\n<meta property=\"og:type\" content=\"article\" \/>\n<meta property=\"og:title\" content=\"Sonora en Equipo. Ataques armados, incendios y narcobloqueos en Sinaloa, M\u00e9xico por detenci\u00f3n del Chapito Guzm\u00e1n MUNDO\" \/>\n<meta property=\"og:description\" content=\"CULIAC\u00c1N, SINALOA. MX. \u2014 Autoridades de Culiac\u00e1n, en el norte\u00f1o estado mexicano de Sinaloa, recomendaron este jueves a la poblaci\u00f3n de esa ciudad a En Sonora en Equipo publicamos toda la informaci\u00f3n de Sonora, M\u00e9xico y el Mundo de manera oportuna y busca que la libertad de expresi\u00f3n sea real. Visita nuestro medio informativo publicado desde Hermosillo, Sonora. %\" \/>\n<meta property=\"og:url\" content=\"https:\/\/www.sonoraenequipo.com.mx\/ataques-armados-incendios-y-narcobloqueos-en-sinaloa-mexico-por-detencion-del-chapito-guzman\/\" \/>\n<meta property=\"og:site_name\" content=\"Sonora en Equipo.\" \/>\n<meta property=\"article:publisher\" content=\"https:\/\/www.facebook.com\/SonoraEE\/\" \/>\n<meta property=\"article:author\" content=\"https:\/\/www.facebook.com\/SonoraEE\" \/>\n<meta property=\"article:published_time\" content=\"2023-01-05T15:20:32+00:00\" \/>\n<meta property=\"article:modified_time\" content=\"2023-01-05T18:31:24+00:00\" \/>\n<meta property=\"og:image\" content=\"https:\/\/www.sonoraenequipo.com.mx\/storage\/2023\/01\/incendios-en-culiacan-y-los-mochis.jpg\" \/>\n\t<meta property=\"og:image:width\" content=\"900\" \/>\n\t<meta property=\"og:image:height\" content=\"506\" \/>\n\t<meta property=\"og:image:type\" content=\"image\/jpeg\" \/>\n<meta name=\"author\" content=\"enequipo\" \/>\n<meta name=\"twitter:card\" content=\"summary_large_image\" \/>\n<meta name=\"twitter:creator\" content=\"@sonoraenequipo\" \/>\n<meta name=\"twitter:site\" content=\"@sonoraenequipo\" \/>\n<meta name=\"twitter:label1\" content=\"Escrito por\" \/>\n\t<meta name=\"twitter:data1\" content=\"enequipo\" \/>\n\t<meta name=\"twitter:label2\" content=\"Tiempo de lectura\" \/>\n\t<meta name=\"twitter:data2\" content=\"1 minuto\" \/>\n<script type=\"application\/ld+json\" class=\"yoast-schema-graph\">{\"@context\":\"https:\/\/schema.org\",\"@graph\":[{\"@type\":\"Article\",\"@id\":\"https:\/\/www.sonoraenequipo.com.mx\/ataques-armados-incendios-y-narcobloqueos-en-sinaloa-mexico-por-detencion-del-chapito-guzman\/#article\",\"isPartOf\":{\"@id\":\"https:\/\/www.sonoraenequipo.com.mx\/ataques-armados-incendios-y-narcobloqueos-en-sinaloa-mexico-por-detencion-del-chapito-guzman\/\"},\"author\":{\"name\":\"enequipo\",\"@id\":\"https:\/\/www.sonoraenequipo.com.mx\/#\/schema\/person\/50102df0fb23a8fa9e8effad8fa81386\"},\"headline\":\"Ataques armados, incendios y narcobloqueos en Sinaloa, M\u00e9xico por detenci\u00f3n del Chapito Guzm\u00e1n\",\"datePublished\":\"2023-01-05T15:20:32+00:00\",\"dateModified\":\"2023-01-05T18:31:24+00:00\",\"mainEntityOfPage\":{\"@id\":\"https:\/\/www.sonoraenequipo.com.mx\/ataques-armados-incendios-y-narcobloqueos-en-sinaloa-mexico-por-detencion-del-chapito-guzman\/\"},\"wordCount\":126,\"commentCount\":0,\"publisher\":{\"@id\":\"https:\/\/www.sonoraenequipo.com.mx\/#organization\"},\"image\":{\"@id\":\"https:\/\/www.sonoraenequipo.com.mx\/ataques-armados-incendios-y-narcobloqueos-en-sinaloa-mexico-por-detencion-del-chapito-guzman\/#primaryimage\"},\"thumbnailUrl\":\"https:\/\/www.sonoraenequipo.com.mx\/storage\/2023\/01\/incendios-en-culiacan-y-los-mochis.jpg\",\"articleSection\":[\"MUNDO\"],\"inLanguage\":\"es\",\"potentialAction\":[{\"@type\":\"CommentAction\",\"name\":\"Comment\",\"target\":[\"https:\/\/www.sonoraenequipo.com.mx\/ataques-armados-incendios-y-narcobloqueos-en-sinaloa-mexico-por-detencion-del-chapito-guzman\/#respond\"]}]},{\"@type\":\"WebPage\",\"@id\":\"https:\/\/www.sonoraenequipo.com.mx\/ataques-armados-incendios-y-narcobloqueos-en-sinaloa-mexico-por-detencion-del-chapito-guzman\/\",\"url\":\"https:\/\/www.sonoraenequipo.com.mx\/ataques-armados-incendios-y-narcobloqueos-en-sinaloa-mexico-por-detencion-del-chapito-guzman\/\",\"name\":\"Sonora en Equipo. Ataques armados, incendios y narcobloqueos en Sinaloa, M\u00e9xico por detenci\u00f3n del Chapito Guzm\u00e1n MUNDO\",\"isPartOf\":{\"@id\":\"https:\/\/www.sonoraenequipo.com.mx\/#website\"},\"primaryImageOfPage\":{\"@id\":\"https:\/\/www.sonoraenequipo.com.mx\/ataques-armados-incendios-y-narcobloqueos-en-sinaloa-mexico-por-detencion-del-chapito-guzman\/#primaryimage\"},\"image\":{\"@id\":\"https:\/\/www.sonoraenequipo.com.mx\/ataques-armados-incendios-y-narcobloqueos-en-sinaloa-mexico-por-detencion-del-chapito-guzman\/#primaryimage\"},\"thumbnailUrl\":\"https:\/\/www.sonoraenequipo.com.mx\/storage\/2023\/01\/incendios-en-culiacan-y-los-mochis.jpg\",\"datePublished\":\"2023-01-05T15:20:32+00:00\",\"dateModified\":\"2023-01-05T18:31:24+00:00\",\"description\":\"CULIAC\u00c1N, SINALOA. MX. \u2014 Autoridades de Culiac\u00e1n, en el norte\u00f1o estado mexicano de Sinaloa, recomendaron este jueves a la poblaci\u00f3n de esa ciudad a En Sonora en Equipo publicamos toda la informaci\u00f3n de Sonora, M\u00e9xico y el Mundo de manera oportuna y busca que la libertad de expresi\u00f3n sea real. Visita nuestro medio informativo publicado desde Hermosillo, Sonora. %\",\"breadcrumb\":{\"@id\":\"https:\/\/www.sonoraenequipo.com.mx\/ataques-armados-incendios-y-narcobloqueos-en-sinaloa-mexico-por-detencion-del-chapito-guzman\/#breadcrumb\"},\"inLanguage\":\"es\",\"potentialAction\":[{\"@type\":\"ReadAction\",\"target\":[\"https:\/\/www.sonoraenequipo.com.mx\/ataques-armados-incendios-y-narcobloqueos-en-sinaloa-mexico-por-detencion-del-chapito-guzman\/\"]}]},{\"@type\":\"ImageObject\",\"inLanguage\":\"es\",\"@id\":\"https:\/\/www.sonoraenequipo.com.mx\/ataques-armados-incendios-y-narcobloqueos-en-sinaloa-mexico-por-detencion-del-chapito-guzman\/#primaryimage\",\"url\":\"https:\/\/www.sonoraenequipo.com.mx\/storage\/2023\/01\/incendios-en-culiacan-y-los-mochis.jpg\",\"contentUrl\":\"https:\/\/www.sonoraenequipo.com.mx\/storage\/2023\/01\/incendios-en-culiacan-y-los-mochis.jpg\",\"width\":900,\"height\":506},{\"@type\":\"BreadcrumbList\",\"@id\":\"https:\/\/www.sonoraenequipo.com.mx\/ataques-armados-incendios-y-narcobloqueos-en-sinaloa-mexico-por-detencion-del-chapito-guzman\/#breadcrumb\",\"itemListElement\":[{\"@type\":\"ListItem\",\"position\":1,\"name\":\"Portada\",\"item\":\"https:\/\/www.sonoraenequipo.com.mx\/\"},{\"@type\":\"ListItem\",\"position\":2,\"name\":\"Ataques armados, incendios y narcobloqueos en Sinaloa, M\u00e9xico por detenci\u00f3n del Chapito Guzm\u00e1n\"}]},{\"@type\":\"WebSite\",\"@id\":\"https:\/\/www.sonoraenequipo.com.mx\/#website\",\"url\":\"https:\/\/www.sonoraenequipo.com.mx\/\",\"name\":\"Sonora en Equipo.\",\"description\":\"Diario en l\u00ednea con Noticias desde Hermosillo, Sonora\",\"publisher\":{\"@id\":\"https:\/\/www.sonoraenequipo.com.mx\/#organization\"},\"potentialAction\":[{\"@type\":\"SearchAction\",\"target\":{\"@type\":\"EntryPoint\",\"urlTemplate\":\"https:\/\/www.sonoraenequipo.com.mx\/?s={search_term_string}\"},\"query-input\":{\"@type\":\"PropertyValueSpecification\",\"valueRequired\":true,\"valueName\":\"search_term_string\"}}],\"inLanguage\":\"es\"},{\"@type\":\"Organization\",\"@id\":\"https:\/\/www.sonoraenequipo.com.mx\/#organization\",\"name\":\"Sonoraenequipo.com.mx\",\"url\":\"https:\/\/www.sonoraenequipo.com.mx\/\",\"logo\":{\"@type\":\"ImageObject\",\"inLanguage\":\"es\",\"@id\":\"https:\/\/www.sonoraenequipo.com.mx\/#\/schema\/logo\/image\/\",\"url\":\"https:\/\/www.sonoraenequipo.com.mx\/storage\/2019\/01\/sonoraenequipo_opt.png\",\"contentUrl\":\"https:\/\/www.sonoraenequipo.com.mx\/storage\/2019\/01\/sonoraenequipo_opt.png\",\"width\":375,\"height\":125,\"caption\":\"Sonoraenequipo.com.mx\"},\"image\":{\"@id\":\"https:\/\/www.sonoraenequipo.com.mx\/#\/schema\/logo\/image\/\"},\"sameAs\":[\"https:\/\/www.facebook.com\/SonoraEE\/\",\"https:\/\/x.com\/sonoraenequipo\",\"https:\/\/www.youtube.com\/channel\/UC338nW-lPEYmJQs4ZABQ1SQ\"]},{\"@type\":\"Person\",\"@id\":\"https:\/\/www.sonoraenequipo.com.mx\/#\/schema\/person\/50102df0fb23a8fa9e8effad8fa81386\",\"name\":\"enequipo\",\"image\":{\"@type\":\"ImageObject\",\"inLanguage\":\"es\",\"@id\":\"https:\/\/www.sonoraenequipo.com.mx\/#\/schema\/person\/image\/\",\"url\":\"https:\/\/secure.gravatar.com\/avatar\/049821681b589dabc0bc20695993ccebb09f5b5d4d790cd9251b97faac7c652b?s=96&d=blank&r=g\",\"contentUrl\":\"https:\/\/secure.gravatar.com\/avatar\/049821681b589dabc0bc20695993ccebb09f5b5d4d790cd9251b97faac7c652b?s=96&d=blank&r=g\",\"caption\":\"enequipo\"},\"sameAs\":[\"https:\/\/www.facebook.com\/SonoraEE\"]}]}<\/script>\n ","yoast_head_json":{"title":"Sonora en Equipo. Ataques armados, incendios y narcobloqueos en Sinaloa, M\u00e9xico por detenci\u00f3n del Chapito Guzm\u00e1n MUNDO","description":"CULIAC\u00c1N, SINALOA. MX. \u2014 Autoridades de Culiac\u00e1n, en el norte\u00f1o estado mexicano de Sinaloa, recomendaron este jueves a la poblaci\u00f3n de esa ciudad a En Sonora en Equipo publicamos toda la informaci\u00f3n de Sonora, M\u00e9xico y el Mundo de manera oportuna y busca que la libertad de expresi\u00f3n sea real. Visita nuestro medio informativo publicado desde Hermosillo, Sonora. %","robots":{"index":"index","follow":"follow","max-snippet":"max-snippet:-1","max-image-preview":"max-image-preview:large","max-video-preview":"max-video-preview:-1"},"canonical":"https:\/\/www.sonoraenequipo.com.mx\/ataques-armados-incendios-y-narcobloqueos-en-sinaloa-mexico-por-detencion-del-chapito-guzman\/","og_locale":"es_ES","og_type":"article","og_title":"Sonora en Equipo. Ataques armados, incendios y narcobloqueos en Sinaloa, M\u00e9xico por detenci\u00f3n del Chapito Guzm\u00e1n MUNDO","og_description":"CULIAC\u00c1N, SINALOA. MX. \u2014 Autoridades de Culiac\u00e1n, en el norte\u00f1o estado mexicano de Sinaloa, recomendaron este jueves a la poblaci\u00f3n de esa ciudad a En Sonora en Equipo publicamos toda la informaci\u00f3n de Sonora, M\u00e9xico y el Mundo de manera oportuna y busca que la libertad de expresi\u00f3n sea real. Visita nuestro medio informativo publicado desde Hermosillo, Sonora. %","og_url":"https:\/\/www.sonoraenequipo.com.mx\/ataques-armados-incendios-y-narcobloqueos-en-sinaloa-mexico-por-detencion-del-chapito-guzman\/","og_site_name":"Sonora en Equipo.","article_publisher":"https:\/\/www.facebook.com\/SonoraEE\/","article_author":"https:\/\/www.facebook.com\/SonoraEE","article_published_time":"2023-01-05T15:20:32+00:00","article_modified_time":"2023-01-05T18:31:24+00:00","og_image":[{"width":900,"height":506,"url":"https:\/\/www.sonoraenequipo.com.mx\/storage\/2023\/01\/incendios-en-culiacan-y-los-mochis.jpg","type":"image\/jpeg"}],"author":"enequipo","twitter_card":"summary_large_image","twitter_creator":"@sonoraenequipo","twitter_site":"@sonoraenequipo","twitter_misc":{"Escrito por":"enequipo","Tiempo de lectura":"1 minuto"},"schema":{"@context":"https:\/\/schema.org","@graph":[{"@type":"Article","@id":"https:\/\/www.sonoraenequipo.com.mx\/ataques-armados-incendios-y-narcobloqueos-en-sinaloa-mexico-por-detencion-del-chapito-guzman\/#article","isPartOf":{"@id":"https:\/\/www.sonoraenequipo.com.mx\/ataques-armados-incendios-y-narcobloqueos-en-sinaloa-mexico-por-detencion-del-chapito-guzman\/"},"author":{"name":"enequipo","@id":"https:\/\/www.sonoraenequipo.com.mx\/#\/schema\/person\/50102df0fb23a8fa9e8effad8fa81386"},"headline":"Ataques armados, incendios y narcobloqueos en Sinaloa, M\u00e9xico por detenci\u00f3n del Chapito Guzm\u00e1n","datePublished":"2023-01-05T15:20:32+00:00","dateModified":"2023-01-05T18:31:24+00:00","mainEntityOfPage":{"@id":"https:\/\/www.sonoraenequipo.com.mx\/ataques-armados-incendios-y-narcobloqueos-en-sinaloa-mexico-por-detencion-del-chapito-guzman\/"},"wordCount":126,"commentCount":0,"publisher":{"@id":"https:\/\/www.sonoraenequipo.com.mx\/#organization"},"image":{"@id":"https:\/\/www.sonoraenequipo.com.mx\/ataques-armados-incendios-y-narcobloqueos-en-sinaloa-mexico-por-detencion-del-chapito-guzman\/#primaryimage"},"thumbnailUrl":"https:\/\/www.sonoraenequipo.com.mx\/storage\/2023\/01\/incendios-en-culiacan-y-los-mochis.jpg","articleSection":["MUNDO"],"inLanguage":"es","potentialAction":[{"@type":"CommentAction","name":"Comment","target":["https:\/\/www.sonoraenequipo.com.mx\/ataques-armados-incendios-y-narcobloqueos-en-sinaloa-mexico-por-detencion-del-chapito-guzman\/#respond"]}]},{"@type":"WebPage","@id":"https:\/\/www.sonoraenequipo.com.mx\/ataques-armados-incendios-y-narcobloqueos-en-sinaloa-mexico-por-detencion-del-chapito-guzman\/","url":"https:\/\/www.sonoraenequipo.com.mx\/ataques-armados-incendios-y-narcobloqueos-en-sinaloa-mexico-por-detencion-del-chapito-guzman\/","name":"Sonora en Equipo. Ataques armados, incendios y narcobloqueos en Sinaloa, M\u00e9xico por detenci\u00f3n del Chapito Guzm\u00e1n MUNDO","isPartOf":{"@id":"https:\/\/www.sonoraenequipo.com.mx\/#website"},"primaryImageOfPage":{"@id":"https:\/\/www.sonoraenequipo.com.mx\/ataques-armados-incendios-y-narcobloqueos-en-sinaloa-mexico-por-detencion-del-chapito-guzman\/#primaryimage"},"image":{"@id":"https:\/\/www.sonoraenequipo.com.mx\/ataques-armados-incendios-y-narcobloqueos-en-sinaloa-mexico-por-detencion-del-chapito-guzman\/#primaryimage"},"thumbnailUrl":"https:\/\/www.sonoraenequipo.com.mx\/storage\/2023\/01\/incendios-en-culiacan-y-los-mochis.jpg","datePublished":"2023-01-05T15:20:32+00:00","dateModified":"2023-01-05T18:31:24+00:00","description":"CULIAC\u00c1N, SINALOA. MX. \u2014 Autoridades de Culiac\u00e1n, en el norte\u00f1o estado mexicano de Sinaloa, recomendaron este jueves a la poblaci\u00f3n de esa ciudad a En Sonora en Equipo publicamos toda la informaci\u00f3n de Sonora, M\u00e9xico y el Mundo de manera oportuna y busca que la libertad de expresi\u00f3n sea real. Visita nuestro medio informativo publicado desde Hermosillo, Sonora. %","breadcrumb":{"@id":"https:\/\/www.sonoraenequipo.com.mx\/ataques-armados-incendios-y-narcobloqueos-en-sinaloa-mexico-por-detencion-del-chapito-guzman\/#breadcrumb"},"inLanguage":"es","potentialAction":[{"@type":"ReadAction","target":["https:\/\/www.sonoraenequipo.com.mx\/ataques-armados-incendios-y-narcobloqueos-en-sinaloa-mexico-por-detencion-del-chapito-guzman\/"]}]},{"@type":"ImageObject","inLanguage":"es","@id":"https:\/\/www.sonoraenequipo.com.mx\/ataques-armados-incendios-y-narcobloqueos-en-sinaloa-mexico-por-detencion-del-chapito-guzman\/#primaryimage","url":"https:\/\/www.sonoraenequipo.com.mx\/storage\/2023\/01\/incendios-en-culiacan-y-los-mochis.jpg","contentUrl":"https:\/\/www.sonoraenequipo.com.mx\/storage\/2023\/01\/incendios-en-culiacan-y-los-mochis.jpg","width":900,"height":506},{"@type":"BreadcrumbList","@id":"https:\/\/www.sonoraenequipo.com.mx\/ataques-armados-incendios-y-narcobloqueos-en-sinaloa-mexico-por-detencion-del-chapito-guzman\/#breadcrumb","itemListElement":[{"@type":"ListItem","position":1,"name":"Portada","item":"https:\/\/www.sonoraenequipo.com.mx\/"},{"@type":"ListItem","position":2,"name":"Ataques armados, incendios y narcobloqueos en Sinaloa, M\u00e9xico por detenci\u00f3n del Chapito Guzm\u00e1n"}]},{"@type":"WebSite","@id":"https:\/\/www.sonoraenequipo.com.mx\/#website","url":"https:\/\/www.sonoraenequipo.com.mx\/","name":"Sonora en Equipo.","description":"Diario en l\u00ednea con Noticias desde Hermosillo, Sonora","publisher":{"@id":"https:\/\/www.sonoraenequipo.com.mx\/#organization"},"potentialAction":[{"@type":"SearchAction","target":{"@type":"EntryPoint","urlTemplate":"https:\/\/www.sonoraenequipo.com.mx\/?s={search_term_string}"},"query-input":{"@type":"PropertyValueSpecification","valueRequired":true,"valueName":"search_term_string"}}],"inLanguage":"es"},{"@type":"Organization","@id":"https:\/\/www.sonoraenequipo.com.mx\/#organization","name":"Sonoraenequipo.com.mx","url":"https:\/\/www.sonoraenequipo.com.mx\/","logo":{"@type":"ImageObject","inLanguage":"es","@id":"https:\/\/www.sonoraenequipo.com.mx\/#\/schema\/logo\/image\/","url":"https:\/\/www.sonoraenequipo.com.mx\/storage\/2019\/01\/sonoraenequipo_opt.png","contentUrl":"https:\/\/www.sonoraenequipo.com.mx\/storage\/2019\/01\/sonoraenequipo_opt.png","width":375,"height":125,"caption":"Sonoraenequipo.com.mx"},"image":{"@id":"https:\/\/www.sonoraenequipo.com.mx\/#\/schema\/logo\/image\/"},"sameAs":["https:\/\/www.facebook.com\/SonoraEE\/","https:\/\/x.com\/sonoraenequipo","https:\/\/www.youtube.com\/channel\/UC338nW-lPEYmJQs4ZABQ1SQ"]},{"@type":"Person","@id":"https:\/\/www.sonoraenequipo.com.mx\/#\/schema\/person\/50102df0fb23a8fa9e8effad8fa81386","name":"enequipo","image":{"@type":"ImageObject","inLanguage":"es","@id":"https:\/\/www.sonoraenequipo.com.mx\/#\/schema\/person\/image\/","url":"https:\/\/secure.gravatar.com\/avatar\/049821681b589dabc0bc20695993ccebb09f5b5d4d790cd9251b97faac7c652b?s=96&d=blank&r=g","contentUrl":"https:\/\/secure.gravatar.com\/avatar\/049821681b589dabc0bc20695993ccebb09f5b5d4d790cd9251b97faac7c652b?s=96&d=blank&r=g","caption":"enequipo"},"sameAs":["https:\/\/www.facebook.com\/SonoraEE"]}]}},"jetpack_featured_media_url":"https:\/\/www.sonoraenequipo.com.mx\/storage\/2023\/01\/incendios-en-culiacan-y-los-mochis.jpg","_links":{"self":[{"href":"https:\/\/www.sonoraenequipo.com.mx\/api\/wp\/v2\/posts\/155879","targetHints":{"allow":["GET"]}}],"collection":[{"href":"https:\/\/www.sonoraenequipo.com.mx\/api\/wp\/v2\/posts"}],"about":[{"href":"https:\/\/www.sonoraenequipo.com.mx\/api\/wp\/v2\/types\/post"}],"author":[{"embeddable":true,"href":"https:\/\/www.sonoraenequipo.com.mx\/api\/wp\/v2\/users\/1"}],"replies":[{"embeddable":true,"href":"https:\/\/www.sonoraenequipo.com.mx\/api\/wp\/v2\/comments?post=155879"}],"version-history":[{"count":1,"href":"https:\/\/www.sonoraenequipo.com.mx\/api\/wp\/v2\/posts\/155879\/revisions"}],"predecessor-version":[{"id":155880,"href":"https:\/\/www.sonoraenequipo.com.mx\/api\/wp\/v2\/posts\/155879\/revisions\/155880"}],"wp:featuredmedia":[{"embeddable":true,"href":"https:\/\/www.sonoraenequipo.com.mx\/api\/wp\/v2\/media\/155872"}],"wp:attachment":[{"href":"https:\/\/www.sonoraenequipo.com.mx\/api\/wp\/v2\/media?parent=155879"}],"wp:term":[{"taxonomy":"category","embeddable":true,"href":"https:\/\/www.sonoraenequipo.com.mx\/api\/wp\/v2\/categories?post=155879"},{"taxonomy":"post_tag","embeddable":true,"href":"https:\/\/www.sonoraenequipo.com.mx\/api\/wp\/v2\/tags?post=155879"}],"curies":[{"name":"wp","href":"https:\/\/api.w.org\/{rel}","templated":true}]}}