{"id":155881,"date":"2023-01-05T09:41:47","date_gmt":"2023-01-05T16:41:47","guid":{"rendered":"https:\/\/www.sonoraenequipo.com.mx\/?p=155881"},"modified":"2023-01-05T13:28:57","modified_gmt":"2023-01-05T20:28:57","slug":"lopez-obrador-tendra-encuentro-con-biden-el-lunes-y-con-trudeau-el-miercoles","status":"publish","type":"post","link":"https:\/\/www.sonoraenequipo.com.mx\/lopez-obrador-tendra-encuentro-con-biden-el-lunes-y-con-trudeau-el-miercoles\/","title":{"rendered":"L\u00f3pez Obrador tendr\u00e1 encuentro con Biden el lunes y con Trudeau el mi\u00e9rcoles"},"content":{"rendered":"<p><strong>CIUDAD DE M\u00c9XICO. MX. \u2014<\/strong> El presidente mexicano, Andr\u00e9s Manuel L\u00f3pez Obrador, tendr\u00e1 un encuentro bilateral con el mandatario estadounidense Joe Biden el pr\u00f3ximo lunes y otro el mi\u00e9rcoles con el primer ministro de Canad\u00e1, Justin Trudeau, en el marco de la Cumbre de L\u00edderes de Am\u00e9rica del Norte que albergar\u00e1 M\u00e9xico.<\/p>\n<p>&nbsp;<\/p>\n<p> <\/p>\n<p>&nbsp;<\/p>\n<p>El canciller, Marcelo Ebrard, expuso este jueves que Biden llegar\u00e1 a la capital mexicana el pr\u00f3ximo lunes 9 de enero a las 13.00 hora local (19.00 GMT), mientras que Trudeau arribar\u00e1 a las 14.30 horas (20.30 GMT).<\/p>\n<p>&nbsp;<\/p>\n<p>L\u00f3pez Obrador y su esposa, Beatriz Guti\u00e9rrez M\u00fcller, recibir\u00e1n en el Palacio Nacional a Biden y la primera dama estadounidense, Jill Biden, a las 16.00 hora local (22.00 GMT) para una charla privada.<\/p>\n<p>&nbsp;<\/p>\n<p>Las primeras damas partir\u00e1n porque traen una agenda propia, mientras que ambos mandatarios tendr\u00e1n un encuentro privado tras el que habr\u00e1 una reuni\u00f3n bilateral con delegaciones de Estados Unidos y M\u00e9xico.<\/p>\n<p>&nbsp;<\/p>\n<p>De parte de EE.UU. tambi\u00e9n estar\u00e1n el secretario de Estado, Antony Blinken; el secretario de Seguridad Nacional, Alejandro Mayorkas; la secretaria de Comercio, Gina Raimondo, y el consejero de Seguridad Nacional, Jake Sullivan, entre otros.<\/p>\n<blockquote class=\"twitter-tweet\" data-width=\"550\" data-dnt=\"true\">\n<p lang=\"es\" dir=\"ltr\">El Tren Maya se construye cuidando el ambiente y las zonas arqueol\u00f3gicas. Conferencia matutina <a href=\"https:\/\/t.co\/uavGUGXKGg\">https:\/\/t.co\/uavGUGXKGg<\/a><\/p>\n<p>&mdash; Andr\u00e9s Manuel (@lopezobrador_) <a href=\"https:\/\/twitter.com\/lopezobrador_\/status\/1610986020870434817?ref_src=twsrc%5Etfw\">January 5, 2023<\/a><\/p><\/blockquote>\n<p><script async src=\"https:\/\/platform.twitter.com\/widgets.js\" charset=\"utf-8\"><\/script><\/p>\n<p>PUBLICADO EL 05\/ENERO\/2023<\/p>\n","protected":false},"excerpt":{"rendered":"<p>CIUDAD DE M\u00c9XICO. MX. \u2014 El presidente mexicano, Andr\u00e9s Manuel L\u00f3pez Obrador, tendr\u00e1 un encuentro&#8230;<\/p>\n","protected":false},"author":1,"featured_media":155883,"comment_status":"open","ping_status":"open","sticky":false,"template":"","format":"standard","meta":{"_monsterinsights_skip_tracking":false,"_monsterinsights_sitenote_active":false,"_monsterinsights_sitenote_note":"","_monsterinsights_sitenote_category":0,"footnotes":""},"categories":[5],"tags":[],"class_list":["post"],"yoast_head":" \n<title>Sonora en Equipo. L\u00f3pez Obrador tendr\u00e1 encuentro con Biden el lunes y con Trudeau el mi\u00e9rcoles Rep\u00fablica<\/title>\n<meta name=\"description\" content=\"CIUDAD DE M\u00c9XICO. MX. \u2014 El presidente mexicano, Andr\u00e9s Manuel L\u00f3pez Obrador, tendr\u00e1 un encuentro bilateral con el mandatario estadounidense Joe Biden el En Sonora en Equipo publicamos toda la informaci\u00f3n de Sonora, M\u00e9xico y el Mundo de manera oportuna y busca que la libertad de expresi\u00f3n sea real. Visita nuestro medio informativo publicado desde Hermosillo, Sonora. %\" \/>\n<meta name=\"robots\" content=\"index, follow, max-snippet:-1, max-image-preview:large, max-video-preview:-1\" \/>\n<link rel=\"canonical\" href=\"https:\/\/www.sonoraenequipo.com.mx\/lopez-obrador-tendra-encuentro-con-biden-el-lunes-y-con-trudeau-el-miercoles\/\" \/>\n<meta property=\"og:locale\" content=\"es_ES\" \/>\n<meta property=\"og:type\" content=\"article\" \/>\n<meta property=\"og:title\" content=\"Sonora en Equipo. L\u00f3pez Obrador tendr\u00e1 encuentro con Biden el lunes y con Trudeau el mi\u00e9rcoles Rep\u00fablica\" \/>\n<meta property=\"og:description\" content=\"CIUDAD DE M\u00c9XICO. MX. \u2014 El presidente mexicano, Andr\u00e9s Manuel L\u00f3pez Obrador, tendr\u00e1 un encuentro bilateral con el mandatario estadounidense Joe Biden el En Sonora en Equipo publicamos toda la informaci\u00f3n de Sonora, M\u00e9xico y el Mundo de manera oportuna y busca que la libertad de expresi\u00f3n sea real. Visita nuestro medio informativo publicado desde Hermosillo, Sonora. %\" \/>\n<meta property=\"og:url\" content=\"https:\/\/www.sonoraenequipo.com.mx\/lopez-obrador-tendra-encuentro-con-biden-el-lunes-y-con-trudeau-el-miercoles\/\" \/>\n<meta property=\"og:site_name\" content=\"Sonora en Equipo.\" \/>\n<meta property=\"article:publisher\" content=\"https:\/\/www.facebook.com\/SonoraEE\/\" \/>\n<meta property=\"article:author\" content=\"https:\/\/www.facebook.com\/SonoraEE\" \/>\n<meta property=\"article:published_time\" content=\"2023-01-05T16:41:47+00:00\" \/>\n<meta property=\"article:modified_time\" content=\"2023-01-05T20:28:57+00:00\" \/>\n<meta property=\"og:image\" content=\"https:\/\/www.sonoraenequipo.com.mx\/storage\/2023\/01\/programa-de-biden-en-mx-marcelo-ebrard.jpg\" \/>\n\t<meta property=\"og:image:width\" content=\"900\" \/>\n\t<meta property=\"og:image:height\" content=\"540\" \/>\n\t<meta property=\"og:image:type\" content=\"image\/jpeg\" \/>\n<meta name=\"author\" content=\"enequipo\" \/>\n<meta name=\"twitter:card\" content=\"summary_large_image\" \/>\n<meta name=\"twitter:creator\" content=\"@sonoraenequipo\" \/>\n<meta name=\"twitter:site\" content=\"@sonoraenequipo\" \/>\n<meta name=\"twitter:label1\" content=\"Escrito por\" \/>\n\t<meta name=\"twitter:data1\" content=\"enequipo\" \/>\n\t<meta name=\"twitter:label2\" content=\"Tiempo de lectura\" \/>\n\t<meta name=\"twitter:data2\" content=\"1 minuto\" \/>\n<script type=\"application\/ld+json\" class=\"yoast-schema-graph\">{\"@context\":\"https:\/\/schema.org\",\"@graph\":[{\"@type\":\"Article\",\"@id\":\"https:\/\/www.sonoraenequipo.com.mx\/lopez-obrador-tendra-encuentro-con-biden-el-lunes-y-con-trudeau-el-miercoles\/#article\",\"isPartOf\":{\"@id\":\"https:\/\/www.sonoraenequipo.com.mx\/lopez-obrador-tendra-encuentro-con-biden-el-lunes-y-con-trudeau-el-miercoles\/\"},\"author\":{\"name\":\"enequipo\",\"@id\":\"https:\/\/www.sonoraenequipo.com.mx\/#\/schema\/person\/50102df0fb23a8fa9e8effad8fa81386\"},\"headline\":\"L\u00f3pez Obrador tendr\u00e1 encuentro con Biden el lunes y con Trudeau el mi\u00e9rcoles\",\"datePublished\":\"2023-01-05T16:41:47+00:00\",\"dateModified\":\"2023-01-05T20:28:57+00:00\",\"mainEntityOfPage\":{\"@id\":\"https:\/\/www.sonoraenequipo.com.mx\/lopez-obrador-tendra-encuentro-con-biden-el-lunes-y-con-trudeau-el-miercoles\/\"},\"wordCount\":228,\"commentCount\":0,\"publisher\":{\"@id\":\"https:\/\/www.sonoraenequipo.com.mx\/#organization\"},\"image\":{\"@id\":\"https:\/\/www.sonoraenequipo.com.mx\/lopez-obrador-tendra-encuentro-con-biden-el-lunes-y-con-trudeau-el-miercoles\/#primaryimage\"},\"thumbnailUrl\":\"https:\/\/www.sonoraenequipo.com.mx\/storage\/2023\/01\/programa-de-biden-en-mx-marcelo-ebrard.jpg\",\"articleSection\":[\"Rep\u00fablica\"],\"inLanguage\":\"es\",\"potentialAction\":[{\"@type\":\"CommentAction\",\"name\":\"Comment\",\"target\":[\"https:\/\/www.sonoraenequipo.com.mx\/lopez-obrador-tendra-encuentro-con-biden-el-lunes-y-con-trudeau-el-miercoles\/#respond\"]}]},{\"@type\":\"WebPage\",\"@id\":\"https:\/\/www.sonoraenequipo.com.mx\/lopez-obrador-tendra-encuentro-con-biden-el-lunes-y-con-trudeau-el-miercoles\/\",\"url\":\"https:\/\/www.sonoraenequipo.com.mx\/lopez-obrador-tendra-encuentro-con-biden-el-lunes-y-con-trudeau-el-miercoles\/\",\"name\":\"Sonora en Equipo. L\u00f3pez Obrador tendr\u00e1 encuentro con Biden el lunes y con Trudeau el mi\u00e9rcoles Rep\u00fablica\",\"isPartOf\":{\"@id\":\"https:\/\/www.sonoraenequipo.com.mx\/#website\"},\"primaryImageOfPage\":{\"@id\":\"https:\/\/www.sonoraenequipo.com.mx\/lopez-obrador-tendra-encuentro-con-biden-el-lunes-y-con-trudeau-el-miercoles\/#primaryimage\"},\"image\":{\"@id\":\"https:\/\/www.sonoraenequipo.com.mx\/lopez-obrador-tendra-encuentro-con-biden-el-lunes-y-con-trudeau-el-miercoles\/#primaryimage\"},\"thumbnailUrl\":\"https:\/\/www.sonoraenequipo.com.mx\/storage\/2023\/01\/programa-de-biden-en-mx-marcelo-ebrard.jpg\",\"datePublished\":\"2023-01-05T16:41:47+00:00\",\"dateModified\":\"2023-01-05T20:28:57+00:00\",\"description\":\"CIUDAD DE M\u00c9XICO. MX. \u2014 El presidente mexicano, Andr\u00e9s Manuel L\u00f3pez Obrador, tendr\u00e1 un encuentro bilateral con el mandatario estadounidense Joe Biden el En Sonora en Equipo publicamos toda la informaci\u00f3n de Sonora, M\u00e9xico y el Mundo de manera oportuna y busca que la libertad de expresi\u00f3n sea real. Visita nuestro medio informativo publicado desde Hermosillo, Sonora. %\",\"breadcrumb\":{\"@id\":\"https:\/\/www.sonoraenequipo.com.mx\/lopez-obrador-tendra-encuentro-con-biden-el-lunes-y-con-trudeau-el-miercoles\/#breadcrumb\"},\"inLanguage\":\"es\",\"potentialAction\":[{\"@type\":\"ReadAction\",\"target\":[\"https:\/\/www.sonoraenequipo.com.mx\/lopez-obrador-tendra-encuentro-con-biden-el-lunes-y-con-trudeau-el-miercoles\/\"]}]},{\"@type\":\"ImageObject\",\"inLanguage\":\"es\",\"@id\":\"https:\/\/www.sonoraenequipo.com.mx\/lopez-obrador-tendra-encuentro-con-biden-el-lunes-y-con-trudeau-el-miercoles\/#primaryimage\",\"url\":\"https:\/\/www.sonoraenequipo.com.mx\/storage\/2023\/01\/programa-de-biden-en-mx-marcelo-ebrard.jpg\",\"contentUrl\":\"https:\/\/www.sonoraenequipo.com.mx\/storage\/2023\/01\/programa-de-biden-en-mx-marcelo-ebrard.jpg\",\"width\":900,\"height\":540},{\"@type\":\"BreadcrumbList\",\"@id\":\"https:\/\/www.sonoraenequipo.com.mx\/lopez-obrador-tendra-encuentro-con-biden-el-lunes-y-con-trudeau-el-miercoles\/#breadcrumb\",\"itemListElement\":[{\"@type\":\"ListItem\",\"position\":1,\"name\":\"Portada\",\"item\":\"https:\/\/www.sonoraenequipo.com.mx\/\"},{\"@type\":\"ListItem\",\"position\":2,\"name\":\"L\u00f3pez Obrador tendr\u00e1 encuentro con Biden el lunes y con Trudeau el mi\u00e9rcoles\"}]},{\"@type\":\"WebSite\",\"@id\":\"https:\/\/www.sonoraenequipo.com.mx\/#website\",\"url\":\"https:\/\/www.sonoraenequipo.com.mx\/\",\"name\":\"Sonora en Equipo.\",\"description\":\"Diario en l\u00ednea con Noticias desde Hermosillo, Sonora\",\"publisher\":{\"@id\":\"https:\/\/www.sonoraenequipo.com.mx\/#organization\"},\"potentialAction\":[{\"@type\":\"SearchAction\",\"target\":{\"@type\":\"EntryPoint\",\"urlTemplate\":\"https:\/\/www.sonoraenequipo.com.mx\/?s={search_term_string}\"},\"query-input\":{\"@type\":\"PropertyValueSpecification\",\"valueRequired\":true,\"valueName\":\"search_term_string\"}}],\"inLanguage\":\"es\"},{\"@type\":\"Organization\",\"@id\":\"https:\/\/www.sonoraenequipo.com.mx\/#organization\",\"name\":\"Sonoraenequipo.com.mx\",\"url\":\"https:\/\/www.sonoraenequipo.com.mx\/\",\"logo\":{\"@type\":\"ImageObject\",\"inLanguage\":\"es\",\"@id\":\"https:\/\/www.sonoraenequipo.com.mx\/#\/schema\/logo\/image\/\",\"url\":\"https:\/\/www.sonoraenequipo.com.mx\/storage\/2019\/01\/sonoraenequipo_opt.png\",\"contentUrl\":\"https:\/\/www.sonoraenequipo.com.mx\/storage\/2019\/01\/sonoraenequipo_opt.png\",\"width\":375,\"height\":125,\"caption\":\"Sonoraenequipo.com.mx\"},\"image\":{\"@id\":\"https:\/\/www.sonoraenequipo.com.mx\/#\/schema\/logo\/image\/\"},\"sameAs\":[\"https:\/\/www.facebook.com\/SonoraEE\/\",\"https:\/\/x.com\/sonoraenequipo\",\"https:\/\/www.youtube.com\/channel\/UC338nW-lPEYmJQs4ZABQ1SQ\"]},{\"@type\":\"Person\",\"@id\":\"https:\/\/www.sonoraenequipo.com.mx\/#\/schema\/person\/50102df0fb23a8fa9e8effad8fa81386\",\"name\":\"enequipo\",\"image\":{\"@type\":\"ImageObject\",\"inLanguage\":\"es\",\"@id\":\"https:\/\/www.sonoraenequipo.com.mx\/#\/schema\/person\/image\/\",\"url\":\"https:\/\/secure.gravatar.com\/avatar\/049821681b589dabc0bc20695993ccebb09f5b5d4d790cd9251b97faac7c652b?s=96&d=blank&r=g\",\"contentUrl\":\"https:\/\/secure.gravatar.com\/avatar\/049821681b589dabc0bc20695993ccebb09f5b5d4d790cd9251b97faac7c652b?s=96&d=blank&r=g\",\"caption\":\"enequipo\"},\"sameAs\":[\"https:\/\/www.facebook.com\/SonoraEE\"]}]}<\/script>\n ","yoast_head_json":{"title":"Sonora en Equipo. L\u00f3pez Obrador tendr\u00e1 encuentro con Biden el lunes y con Trudeau el mi\u00e9rcoles Rep\u00fablica","description":"CIUDAD DE M\u00c9XICO. MX. \u2014 El presidente mexicano, Andr\u00e9s Manuel L\u00f3pez Obrador, tendr\u00e1 un encuentro bilateral con el mandatario estadounidense Joe Biden el En Sonora en Equipo publicamos toda la informaci\u00f3n de Sonora, M\u00e9xico y el Mundo de manera oportuna y busca que la libertad de expresi\u00f3n sea real. Visita nuestro medio informativo publicado desde Hermosillo, Sonora. %","robots":{"index":"index","follow":"follow","max-snippet":"max-snippet:-1","max-image-preview":"max-image-preview:large","max-video-preview":"max-video-preview:-1"},"canonical":"https:\/\/www.sonoraenequipo.com.mx\/lopez-obrador-tendra-encuentro-con-biden-el-lunes-y-con-trudeau-el-miercoles\/","og_locale":"es_ES","og_type":"article","og_title":"Sonora en Equipo. L\u00f3pez Obrador tendr\u00e1 encuentro con Biden el lunes y con Trudeau el mi\u00e9rcoles Rep\u00fablica","og_description":"CIUDAD DE M\u00c9XICO. MX. \u2014 El presidente mexicano, Andr\u00e9s Manuel L\u00f3pez Obrador, tendr\u00e1 un encuentro bilateral con el mandatario estadounidense Joe Biden el En Sonora en Equipo publicamos toda la informaci\u00f3n de Sonora, M\u00e9xico y el Mundo de manera oportuna y busca que la libertad de expresi\u00f3n sea real. Visita nuestro medio informativo publicado desde Hermosillo, Sonora. %","og_url":"https:\/\/www.sonoraenequipo.com.mx\/lopez-obrador-tendra-encuentro-con-biden-el-lunes-y-con-trudeau-el-miercoles\/","og_site_name":"Sonora en Equipo.","article_publisher":"https:\/\/www.facebook.com\/SonoraEE\/","article_author":"https:\/\/www.facebook.com\/SonoraEE","article_published_time":"2023-01-05T16:41:47+00:00","article_modified_time":"2023-01-05T20:28:57+00:00","og_image":[{"width":900,"height":540,"url":"https:\/\/www.sonoraenequipo.com.mx\/storage\/2023\/01\/programa-de-biden-en-mx-marcelo-ebrard.jpg","type":"image\/jpeg"}],"author":"enequipo","twitter_card":"summary_large_image","twitter_creator":"@sonoraenequipo","twitter_site":"@sonoraenequipo","twitter_misc":{"Escrito por":"enequipo","Tiempo de lectura":"1 minuto"},"schema":{"@context":"https:\/\/schema.org","@graph":[{"@type":"Article","@id":"https:\/\/www.sonoraenequipo.com.mx\/lopez-obrador-tendra-encuentro-con-biden-el-lunes-y-con-trudeau-el-miercoles\/#article","isPartOf":{"@id":"https:\/\/www.sonoraenequipo.com.mx\/lopez-obrador-tendra-encuentro-con-biden-el-lunes-y-con-trudeau-el-miercoles\/"},"author":{"name":"enequipo","@id":"https:\/\/www.sonoraenequipo.com.mx\/#\/schema\/person\/50102df0fb23a8fa9e8effad8fa81386"},"headline":"L\u00f3pez Obrador tendr\u00e1 encuentro con Biden el lunes y con Trudeau el mi\u00e9rcoles","datePublished":"2023-01-05T16:41:47+00:00","dateModified":"2023-01-05T20:28:57+00:00","mainEntityOfPage":{"@id":"https:\/\/www.sonoraenequipo.com.mx\/lopez-obrador-tendra-encuentro-con-biden-el-lunes-y-con-trudeau-el-miercoles\/"},"wordCount":228,"commentCount":0,"publisher":{"@id":"https:\/\/www.sonoraenequipo.com.mx\/#organization"},"image":{"@id":"https:\/\/www.sonoraenequipo.com.mx\/lopez-obrador-tendra-encuentro-con-biden-el-lunes-y-con-trudeau-el-miercoles\/#primaryimage"},"thumbnailUrl":"https:\/\/www.sonoraenequipo.com.mx\/storage\/2023\/01\/programa-de-biden-en-mx-marcelo-ebrard.jpg","articleSection":["Rep\u00fablica"],"inLanguage":"es","potentialAction":[{"@type":"CommentAction","name":"Comment","target":["https:\/\/www.sonoraenequipo.com.mx\/lopez-obrador-tendra-encuentro-con-biden-el-lunes-y-con-trudeau-el-miercoles\/#respond"]}]},{"@type":"WebPage","@id":"https:\/\/www.sonoraenequipo.com.mx\/lopez-obrador-tendra-encuentro-con-biden-el-lunes-y-con-trudeau-el-miercoles\/","url":"https:\/\/www.sonoraenequipo.com.mx\/lopez-obrador-tendra-encuentro-con-biden-el-lunes-y-con-trudeau-el-miercoles\/","name":"Sonora en Equipo. L\u00f3pez Obrador tendr\u00e1 encuentro con Biden el lunes y con Trudeau el mi\u00e9rcoles Rep\u00fablica","isPartOf":{"@id":"https:\/\/www.sonoraenequipo.com.mx\/#website"},"primaryImageOfPage":{"@id":"https:\/\/www.sonoraenequipo.com.mx\/lopez-obrador-tendra-encuentro-con-biden-el-lunes-y-con-trudeau-el-miercoles\/#primaryimage"},"image":{"@id":"https:\/\/www.sonoraenequipo.com.mx\/lopez-obrador-tendra-encuentro-con-biden-el-lunes-y-con-trudeau-el-miercoles\/#primaryimage"},"thumbnailUrl":"https:\/\/www.sonoraenequipo.com.mx\/storage\/2023\/01\/programa-de-biden-en-mx-marcelo-ebrard.jpg","datePublished":"2023-01-05T16:41:47+00:00","dateModified":"2023-01-05T20:28:57+00:00","description":"CIUDAD DE M\u00c9XICO. MX. \u2014 El presidente mexicano, Andr\u00e9s Manuel L\u00f3pez Obrador, tendr\u00e1 un encuentro bilateral con el mandatario estadounidense Joe Biden el En Sonora en Equipo publicamos toda la informaci\u00f3n de Sonora, M\u00e9xico y el Mundo de manera oportuna y busca que la libertad de expresi\u00f3n sea real. Visita nuestro medio informativo publicado desde Hermosillo, Sonora. %","breadcrumb":{"@id":"https:\/\/www.sonoraenequipo.com.mx\/lopez-obrador-tendra-encuentro-con-biden-el-lunes-y-con-trudeau-el-miercoles\/#breadcrumb"},"inLanguage":"es","potentialAction":[{"@type":"ReadAction","target":["https:\/\/www.sonoraenequipo.com.mx\/lopez-obrador-tendra-encuentro-con-biden-el-lunes-y-con-trudeau-el-miercoles\/"]}]},{"@type":"ImageObject","inLanguage":"es","@id":"https:\/\/www.sonoraenequipo.com.mx\/lopez-obrador-tendra-encuentro-con-biden-el-lunes-y-con-trudeau-el-miercoles\/#primaryimage","url":"https:\/\/www.sonoraenequipo.com.mx\/storage\/2023\/01\/programa-de-biden-en-mx-marcelo-ebrard.jpg","contentUrl":"https:\/\/www.sonoraenequipo.com.mx\/storage\/2023\/01\/programa-de-biden-en-mx-marcelo-ebrard.jpg","width":900,"height":540},{"@type":"BreadcrumbList","@id":"https:\/\/www.sonoraenequipo.com.mx\/lopez-obrador-tendra-encuentro-con-biden-el-lunes-y-con-trudeau-el-miercoles\/#breadcrumb","itemListElement":[{"@type":"ListItem","position":1,"name":"Portada","item":"https:\/\/www.sonoraenequipo.com.mx\/"},{"@type":"ListItem","position":2,"name":"L\u00f3pez Obrador tendr\u00e1 encuentro con Biden el lunes y con Trudeau el mi\u00e9rcoles"}]},{"@type":"WebSite","@id":"https:\/\/www.sonoraenequipo.com.mx\/#website","url":"https:\/\/www.sonoraenequipo.com.mx\/","name":"Sonora en Equipo.","description":"Diario en l\u00ednea con Noticias desde Hermosillo, Sonora","publisher":{"@id":"https:\/\/www.sonoraenequipo.com.mx\/#organization"},"potentialAction":[{"@type":"SearchAction","target":{"@type":"EntryPoint","urlTemplate":"https:\/\/www.sonoraenequipo.com.mx\/?s={search_term_string}"},"query-input":{"@type":"PropertyValueSpecification","valueRequired":true,"valueName":"search_term_string"}}],"inLanguage":"es"},{"@type":"Organization","@id":"https:\/\/www.sonoraenequipo.com.mx\/#organization","name":"Sonoraenequipo.com.mx","url":"https:\/\/www.sonoraenequipo.com.mx\/","logo":{"@type":"ImageObject","inLanguage":"es","@id":"https:\/\/www.sonoraenequipo.com.mx\/#\/schema\/logo\/image\/","url":"https:\/\/www.sonoraenequipo.com.mx\/storage\/2019\/01\/sonoraenequipo_opt.png","contentUrl":"https:\/\/www.sonoraenequipo.com.mx\/storage\/2019\/01\/sonoraenequipo_opt.png","width":375,"height":125,"caption":"Sonoraenequipo.com.mx"},"image":{"@id":"https:\/\/www.sonoraenequipo.com.mx\/#\/schema\/logo\/image\/"},"sameAs":["https:\/\/www.facebook.com\/SonoraEE\/","https:\/\/x.com\/sonoraenequipo","https:\/\/www.youtube.com\/channel\/UC338nW-lPEYmJQs4ZABQ1SQ"]},{"@type":"Person","@id":"https:\/\/www.sonoraenequipo.com.mx\/#\/schema\/person\/50102df0fb23a8fa9e8effad8fa81386","name":"enequipo","image":{"@type":"ImageObject","inLanguage":"es","@id":"https:\/\/www.sonoraenequipo.com.mx\/#\/schema\/person\/image\/","url":"https:\/\/secure.gravatar.com\/avatar\/049821681b589dabc0bc20695993ccebb09f5b5d4d790cd9251b97faac7c652b?s=96&d=blank&r=g","contentUrl":"https:\/\/secure.gravatar.com\/avatar\/049821681b589dabc0bc20695993ccebb09f5b5d4d790cd9251b97faac7c652b?s=96&d=blank&r=g","caption":"enequipo"},"sameAs":["https:\/\/www.facebook.com\/SonoraEE"]}]}},"jetpack_featured_media_url":"https:\/\/www.sonoraenequipo.com.mx\/storage\/2023\/01\/programa-de-biden-en-mx-marcelo-ebrard.jpg","_links":{"self":[{"href":"https:\/\/www.sonoraenequipo.com.mx\/api\/wp\/v2\/posts\/155881","targetHints":{"allow":["GET"]}}],"collection":[{"href":"https:\/\/www.sonoraenequipo.com.mx\/api\/wp\/v2\/posts"}],"about":[{"href":"https:\/\/www.sonoraenequipo.com.mx\/api\/wp\/v2\/types\/post"}],"author":[{"embeddable":true,"href":"https:\/\/www.sonoraenequipo.com.mx\/api\/wp\/v2\/users\/1"}],"replies":[{"embeddable":true,"href":"https:\/\/www.sonoraenequipo.com.mx\/api\/wp\/v2\/comments?post=155881"}],"version-history":[{"count":1,"href":"https:\/\/www.sonoraenequipo.com.mx\/api\/wp\/v2\/posts\/155881\/revisions"}],"predecessor-version":[{"id":155884,"href":"https:\/\/www.sonoraenequipo.com.mx\/api\/wp\/v2\/posts\/155881\/revisions\/155884"}],"wp:featuredmedia":[{"embeddable":true,"href":"https:\/\/www.sonoraenequipo.com.mx\/api\/wp\/v2\/media\/155883"}],"wp:attachment":[{"href":"https:\/\/www.sonoraenequipo.com.mx\/api\/wp\/v2\/media?parent=155881"}],"wp:term":[{"taxonomy":"category","embeddable":true,"href":"https:\/\/www.sonoraenequipo.com.mx\/api\/wp\/v2\/categories?post=155881"},{"taxonomy":"post_tag","embeddable":true,"href":"https:\/\/www.sonoraenequipo.com.mx\/api\/wp\/v2\/tags?post=155881"}],"curies":[{"name":"wp","href":"https:\/\/api.w.org\/{rel}","templated":true}]}}